{"id":241177,"date":"2022-12-08T17:58:12","date_gmt":"2022-12-08T20:58:12","guid":{"rendered":"https:\/\/franciscanos.org.br\/noticias\/?p=241177"},"modified":"2023-01-03T11:09:36","modified_gmt":"2023-01-03T14:09:36","slug":"provincia-abre-o-ano-vocacional-na-festa-de-sua-padroeira-e-dos-jubileus-dos-seus-frades-idosos","status":"publish","type":"post","link":"https:\/\/franciscanos.org.br\/noticias\/provincia-abre-o-ano-vocacional-na-festa-de-sua-padroeira-e-dos-jubileus-dos-seus-frades-idosos.html","title":{"rendered":"Prov\u00edncia abre o Ano Vocacional na festa de sua Padroeira e dos Jubileus dos seus frades idosos"},"content":{"rendered":"<p><img loading=\"lazy\" class=\"alignnone size-full wp-image-241178\" src=\"https:\/\/franciscanos.org.br\/noticias\/wp-content\/uploads\/2022\/12\/jubileus_06.jpg\" alt=\"\" width=\"1280\" height=\"720\" srcset=\"https:\/\/franciscanos.org.br\/noticias\/wp-content\/uploads\/2022\/12\/jubileus_06.jpg 1280w, https:\/\/franciscanos.org.br\/noticias\/wp-content\/uploads\/2022\/12\/jubileus_06-450x253.jpg 450w, https:\/\/franciscanos.org.br\/noticias\/wp-content\/uploads\/2022\/12\/jubileus_06-1024x576.jpg 1024w, https:\/\/franciscanos.org.br\/noticias\/wp-content\/uploads\/2022\/12\/jubileus_06-768x432.jpg 768w, https:\/\/franciscanos.org.br\/noticias\/wp-content\/uploads\/2022\/12\/jubileus_06-150x84.jpg 150w\" sizes=\"(max-width: 1280px) 100vw, 1280px\" \/><\/p>\n<p><strong>Bragan\u00e7a Paulista (SP)<\/strong> \u2013 Na solenidade da Imaculada Concei\u00e7\u00e3o de Nossa Senhora, a Padroeira da Prov\u00edncia e da Ordem dos Frades Menores, a festa ficou ainda maior com a celebra\u00e7\u00e3o dos Jubileus de vida religiosa e sacerdotal dos frades mais idosos e enfermos da Prov\u00edncia, a abertura do Ano Vocacional e a Renova\u00e7\u00e3o dos Votos de Frei Gabriel Nogueira por mais um ano. Os frades se encontraram para a Celebra\u00e7\u00e3o Eucar\u00edstica, \u00e0s 10 horas, na capela da Fraternidade Acolhedora S\u00e3o Francisco de Assis, em Bragan\u00e7a Paulista (SP), marcando tamb\u00e9m o encerramento festivo das atividades do Regional S\u00e3o Paulo da Prov\u00edncia da Imaculada Concei\u00e7\u00e3o.<\/p>\n<p>Frei Carlos Jos\u00e9 K\u00f6rber, o guardi\u00e3o da Fraternidade, acolheu a todos e falou da alegria de reuni-los na celebra\u00e7\u00e3o encerrando as atividades deste Regional. O Vig\u00e1rio Provincial, Frei Gustavo Wayand Medella, presidiu a Eucaristia, representando o Ministro Provincial, Frei Paulo Roberto Pereira, que acompanha o Ministro Geral, Frei Massimo Fusarelli, na Miss\u00e3o de Angola. Ele teve como concelebrantes Frei Carlos e o di\u00e1cono Frei Gabriel Dellandrea. Entre os presentes, o diretor do escrit\u00f3rio de Justi\u00e7a, Paz e Integridade da Cria\u00e7\u00e3o (JPIC) da Ordem dos Frades Menores, Frei Daniel Blanco, o Definidor e moderador da Forma\u00e7\u00e3o Permanente, Frei Fid\u00eancio Vanboemmel, e o coordenador do Regional, Frei Vitorio Mazzuco Filho.<\/p>\n<p><img loading=\"lazy\" class=\"alignnone size-full wp-image-241179\" src=\"https:\/\/franciscanos.org.br\/noticias\/wp-content\/uploads\/2022\/12\/jubileus_12.jpg\" alt=\"\" width=\"1280\" height=\"1540\" srcset=\"https:\/\/franciscanos.org.br\/noticias\/wp-content\/uploads\/2022\/12\/jubileus_12.jpg 898w, https:\/\/franciscanos.org.br\/noticias\/wp-content\/uploads\/2022\/12\/jubileus_12-374x450.jpg 374w, https:\/\/franciscanos.org.br\/noticias\/wp-content\/uploads\/2022\/12\/jubileus_12-851x1024.jpg 851w, https:\/\/franciscanos.org.br\/noticias\/wp-content\/uploads\/2022\/12\/jubileus_12-768x924.jpg 768w, https:\/\/franciscanos.org.br\/noticias\/wp-content\/uploads\/2022\/12\/jubileus_12-1277x1536.jpg 1277w, https:\/\/franciscanos.org.br\/noticias\/wp-content\/uploads\/2022\/12\/jubileus_12-150x180.jpg 150w\" sizes=\"(max-width: 1280px) 100vw, 1280px\" \/><\/p>\n<p>No centro da capela, estavam os jubilandos de vida religiosa: Frei Floriano Surian, 73 anos; Frei Odorico Decker, 71 anos; Frei Gamaliel Devigili, 70 anos; Frei Raul Budal da Silva, 70 anos; Frei Dalvino Munaretto, 65 anos; Frei Valdemar Matias Schweitzer, 65 anos; Frei Francisco Tomazzi, 60 anos; Frei Jos\u00e9 Lino Zimmermann, 60 anos; e Frei Paulo Back, 60 anos. N\u00e3o estava presente, mas celebra 50 anos, Dom Frei Jo\u00e3o Bosco Barbosa de Souza. De vida sacerdotal, celebraram: Frei Gamaliel Devigili, 65 anos; Frei Raul Budal da Silva, 65 anos; Frei Dalvino Munaretto, 60 anos; e Frei Valdemar Matias Schweitzer, 60 anos. Depois da homilia, todos eles renovaram seus votos com as velas acesas.<\/p>\n<p>Na sua reflex\u00e3o, Frei Gustavo lembrou que no ano que vem, celebram-se os 800 anos da Aprova\u00e7\u00e3o da Regra da Ordem dos Frades Menores, pelo Papa Hon\u00f3rio, cujo texto come\u00e7a de forma clara e direta: \u201cA Regra e a Vida dos Frades Menores \u00e9 esta: observar o santo Evangelho de Nosso Senhor Jesus Cristo, vivendo em obedi\u00eancia, sem nada de pr\u00f3prio e em castidade\u201d.<\/p>\n<p><img loading=\"lazy\" class=\"alignnone size-full wp-image-241180\" src=\"https:\/\/franciscanos.org.br\/noticias\/wp-content\/uploads\/2022\/12\/velas_04.jpg\" alt=\"\" width=\"1280\" height=\"1707\" srcset=\"https:\/\/franciscanos.org.br\/noticias\/wp-content\/uploads\/2022\/12\/velas_04.jpg 810w, https:\/\/franciscanos.org.br\/noticias\/wp-content\/uploads\/2022\/12\/velas_04-337x450.jpg 337w, https:\/\/franciscanos.org.br\/noticias\/wp-content\/uploads\/2022\/12\/velas_04-768x1024.jpg 768w, https:\/\/franciscanos.org.br\/noticias\/wp-content\/uploads\/2022\/12\/velas_04-1152x1536.jpg 1152w, https:\/\/franciscanos.org.br\/noticias\/wp-content\/uploads\/2022\/12\/velas_04-150x200.jpg 150w\" sizes=\"(max-width: 1280px) 100vw, 1280px\" \/><\/p>\n\n\t\t<style type=\"text\/css\">\n\t\t\t#gallery-1 {\n\t\t\t\tmargin: auto;\n\t\t\t}\n\t\t\t#gallery-1 .gallery-item {\n\t\t\t\tfloat: left;\n\t\t\t\tmargin-top: 10px;\n\t\t\t\ttext-align: center;\n\t\t\t\twidth: 20%;\n\t\t\t}\n\t\t\t#gallery-1 img {\n\t\t\t\tborder: 2px solid #cfcfcf;\n\t\t\t}\n\t\t\t#gallery-1 .gallery-caption {\n\t\t\t\tmargin-left: 0;\n\t\t\t}\n\t\t\t\/* see gallery_shortcode() in wp-includes\/media.php *\/\n\t\t<\/style>\n\t\t<div id='gallery-1' class='gallery galleryid-241177 gallery-columns-5 gallery-size-thumbnail'><dl class='gallery-item'>\n\t\t\t<dt class='gallery-icon landscape'>\n\t\t\t\t<a href='https:\/\/franciscanos.org.br\/noticias\/wp-content\/uploads\/2022\/12\/jubileus_08.jpg'><img width=\"300\" height=\"300\" src=\"https:\/\/franciscanos.org.br\/noticias\/wp-content\/uploads\/2022\/12\/jubileus_08-300x300.jpg\" class=\"attachment-thumbnail size-thumbnail\" alt=\"\" loading=\"lazy\" srcset=\"https:\/\/franciscanos.org.br\/noticias\/wp-content\/uploads\/2022\/12\/jubileus_08-300x300.jpg 300w, https:\/\/franciscanos.org.br\/noticias\/wp-content\/uploads\/2022\/12\/jubileus_08-100x100.jpg 100w\" sizes=\"(max-width: 300px) 100vw, 300px\" \/><\/a>\n\t\t\t<\/dt><\/dl><dl class='gallery-item'>\n\t\t\t<dt class='gallery-icon portrait'>\n\t\t\t\t<a href='https:\/\/franciscanos.org.br\/noticias\/wp-content\/uploads\/2022\/12\/velas_01.jpg'><img width=\"300\" height=\"300\" src=\"https:\/\/franciscanos.org.br\/noticias\/wp-content\/uploads\/2022\/12\/velas_01-300x300.jpg\" class=\"attachment-thumbnail size-thumbnail\" alt=\"\" loading=\"lazy\" srcset=\"https:\/\/franciscanos.org.br\/noticias\/wp-content\/uploads\/2022\/12\/velas_01-300x300.jpg 300w, https:\/\/franciscanos.org.br\/noticias\/wp-content\/uploads\/2022\/12\/velas_01-100x100.jpg 100w\" sizes=\"(max-width: 300px) 100vw, 300px\" \/><\/a>\n\t\t\t<\/dt><\/dl><dl class='gallery-item'>\n\t\t\t<dt class='gallery-icon portrait'>\n\t\t\t\t<a href='https:\/\/franciscanos.org.br\/noticias\/wp-content\/uploads\/2022\/12\/velas_02.jpg'><img width=\"300\" height=\"300\" src=\"https:\/\/franciscanos.org.br\/noticias\/wp-content\/uploads\/2022\/12\/velas_02-300x300.jpg\" class=\"attachment-thumbnail size-thumbnail\" alt=\"\" loading=\"lazy\" srcset=\"https:\/\/franciscanos.org.br\/noticias\/wp-content\/uploads\/2022\/12\/velas_02-300x300.jpg 300w, https:\/\/franciscanos.org.br\/noticias\/wp-content\/uploads\/2022\/12\/velas_02-100x100.jpg 100w\" sizes=\"(max-width: 300px) 100vw, 300px\" \/><\/a>\n\t\t\t<\/dt><\/dl><dl class='gallery-item'>\n\t\t\t<dt class='gallery-icon portrait'>\n\t\t\t\t<a href='https:\/\/franciscanos.org.br\/noticias\/wp-content\/uploads\/2022\/12\/velas_03.jpg'><img width=\"300\" height=\"300\" src=\"https:\/\/franciscanos.org.br\/noticias\/wp-content\/uploads\/2022\/12\/velas_03-300x300.jpg\" class=\"attachment-thumbnail size-thumbnail\" alt=\"\" loading=\"lazy\" srcset=\"https:\/\/franciscanos.org.br\/noticias\/wp-content\/uploads\/2022\/12\/velas_03-300x300.jpg 300w, https:\/\/franciscanos.org.br\/noticias\/wp-content\/uploads\/2022\/12\/velas_03-100x100.jpg 100w\" sizes=\"(max-width: 300px) 100vw, 300px\" \/><\/a>\n\t\t\t<\/dt><\/dl><dl class='gallery-item'>\n\t\t\t<dt class='gallery-icon portrait'>\n\t\t\t\t<a href='https:\/\/franciscanos.org.br\/noticias\/wp-content\/uploads\/2022\/12\/velas_05.jpg'><img width=\"300\" height=\"300\" src=\"https:\/\/franciscanos.org.br\/noticias\/wp-content\/uploads\/2022\/12\/velas_05-300x300.jpg\" class=\"attachment-thumbnail size-thumbnail\" alt=\"\" loading=\"lazy\" srcset=\"https:\/\/franciscanos.org.br\/noticias\/wp-content\/uploads\/2022\/12\/velas_05-300x300.jpg 300w, https:\/\/franciscanos.org.br\/noticias\/wp-content\/uploads\/2022\/12\/velas_05-100x100.jpg 100w\" sizes=\"(max-width: 300px) 100vw, 300px\" \/><\/a>\n\t\t\t<\/dt><\/dl><br style=\"clear: both\" \/>\n\t\t<\/div>\n\n<p><em> (toque nas imagens menores para ampli\u00e1-las)<\/em><\/p>\n<p>Segundo o celebrante, a\u00ed est\u00e1 o n\u00facleo da consagra\u00e7\u00e3o do frade menor a partir do qual se organiza sua vida e o dia a dia. &#8220;Com objetivo de celebrar este grande Jubileu da Ordem no mundo todo, nossa Prov\u00edncia est\u00e1 abrindo hoje, dia 8 de dezembro de 2022, o &#8216;Ano Vocacional Franciscano&#8217;, que ter\u00e1 como tema: &#8216;Com Francisco, chamados a viver o Evangelho'&#8221;, explicou o frade.<\/p>\n<p>Segundo ele, trata-se do in\u00edcio de um percurso de louvor e gratid\u00e3o a Deus por tantas b\u00ean\u00e7\u00e3os derramadas atrav\u00e9s de S\u00e3o Francisco na vida da Igreja e da Fam\u00edlia Franciscana: &#8220;At\u00e9 o ano de 2026 teremos a gra\u00e7a de celebrar os 800 s\u00e9culos da Aprova\u00e7\u00e3o da Regra, do Pres\u00e9pio de Greccio, a impress\u00e3o dos estigmas, a composi\u00e7\u00e3o do C\u00e2ntico das Criaturas e o Tr\u00e2nsito de Nosso Pai S\u00e3o Francisco. S\u00e3o datas importantes que devem nos levar a viver ainda mais apaixonadamente o ideal que nos propusemos a abra\u00e7ar. &#8216;Com Francisco, chamados a viver o Evangelho&#8217;\u201d, animou.<\/p>\n\n\t\t<style type=\"text\/css\">\n\t\t\t#gallery-2 {\n\t\t\t\tmargin: auto;\n\t\t\t}\n\t\t\t#gallery-2 .gallery-item {\n\t\t\t\tfloat: left;\n\t\t\t\tmargin-top: 10px;\n\t\t\t\ttext-align: center;\n\t\t\t\twidth: 11%;\n\t\t\t}\n\t\t\t#gallery-2 img {\n\t\t\t\tborder: 2px solid #cfcfcf;\n\t\t\t}\n\t\t\t#gallery-2 .gallery-caption {\n\t\t\t\tmargin-left: 0;\n\t\t\t}\n\t\t\t\/* see gallery_shortcode() in wp-includes\/media.php *\/\n\t\t<\/style>\n\t\t<div id='gallery-2' class='gallery galleryid-241177 gallery-columns-9 gallery-size-thumbnail'><dl class='gallery-item'>\n\t\t\t<dt class='gallery-icon landscape'>\n\t\t\t\t<a href='https:\/\/franciscanos.org.br\/noticias\/wp-content\/uploads\/2022\/12\/jubileus_01.jpg'><img width=\"300\" height=\"300\" src=\"https:\/\/franciscanos.org.br\/noticias\/wp-content\/uploads\/2022\/12\/jubileus_01-300x300.jpg\" class=\"attachment-thumbnail size-thumbnail\" alt=\"\" loading=\"lazy\" srcset=\"https:\/\/franciscanos.org.br\/noticias\/wp-content\/uploads\/2022\/12\/jubileus_01-300x300.jpg 300w, https:\/\/franciscanos.org.br\/noticias\/wp-content\/uploads\/2022\/12\/jubileus_01-100x100.jpg 100w\" sizes=\"(max-width: 300px) 100vw, 300px\" \/><\/a>\n\t\t\t<\/dt><\/dl><dl class='gallery-item'>\n\t\t\t<dt class='gallery-icon landscape'>\n\t\t\t\t<a href='https:\/\/franciscanos.org.br\/noticias\/wp-content\/uploads\/2022\/12\/jubileus_03.jpg'><img width=\"300\" height=\"300\" src=\"https:\/\/franciscanos.org.br\/noticias\/wp-content\/uploads\/2022\/12\/jubileus_03-300x300.jpg\" class=\"attachment-thumbnail size-thumbnail\" alt=\"\" loading=\"lazy\" srcset=\"https:\/\/franciscanos.org.br\/noticias\/wp-content\/uploads\/2022\/12\/jubileus_03-300x300.jpg 300w, https:\/\/franciscanos.org.br\/noticias\/wp-content\/uploads\/2022\/12\/jubileus_03-100x100.jpg 100w\" sizes=\"(max-width: 300px) 100vw, 300px\" \/><\/a>\n\t\t\t<\/dt><\/dl><dl class='gallery-item'>\n\t\t\t<dt class='gallery-icon landscape'>\n\t\t\t\t<a href='https:\/\/franciscanos.org.br\/noticias\/wp-content\/uploads\/2022\/12\/jubileus_04.jpg'><img width=\"300\" height=\"300\" src=\"https:\/\/franciscanos.org.br\/noticias\/wp-content\/uploads\/2022\/12\/jubileus_04-300x300.jpg\" class=\"attachment-thumbnail size-thumbnail\" alt=\"\" loading=\"lazy\" srcset=\"https:\/\/franciscanos.org.br\/noticias\/wp-content\/uploads\/2022\/12\/jubileus_04-300x300.jpg 300w, https:\/\/franciscanos.org.br\/noticias\/wp-content\/uploads\/2022\/12\/jubileus_04-100x100.jpg 100w\" sizes=\"(max-width: 300px) 100vw, 300px\" \/><\/a>\n\t\t\t<\/dt><\/dl><dl class='gallery-item'>\n\t\t\t<dt class='gallery-icon landscape'>\n\t\t\t\t<a href='https:\/\/franciscanos.org.br\/noticias\/wp-content\/uploads\/2022\/12\/jubileus_010.jpg'><img width=\"300\" height=\"300\" src=\"https:\/\/franciscanos.org.br\/noticias\/wp-content\/uploads\/2022\/12\/jubileus_010-300x300.jpg\" class=\"attachment-thumbnail size-thumbnail\" alt=\"\" loading=\"lazy\" srcset=\"https:\/\/franciscanos.org.br\/noticias\/wp-content\/uploads\/2022\/12\/jubileus_010-300x300.jpg 300w, https:\/\/franciscanos.org.br\/noticias\/wp-content\/uploads\/2022\/12\/jubileus_010-100x100.jpg 100w\" sizes=\"(max-width: 300px) 100vw, 300px\" \/><\/a>\n\t\t\t<\/dt><\/dl><dl class='gallery-item'>\n\t\t\t<dt class='gallery-icon landscape'>\n\t\t\t\t<a href='https:\/\/franciscanos.org.br\/noticias\/wp-content\/uploads\/2022\/12\/jubileus_11.jpg'><img width=\"300\" height=\"300\" src=\"https:\/\/franciscanos.org.br\/noticias\/wp-content\/uploads\/2022\/12\/jubileus_11-300x300.jpg\" class=\"attachment-thumbnail size-thumbnail\" alt=\"\" loading=\"lazy\" srcset=\"https:\/\/franciscanos.org.br\/noticias\/wp-content\/uploads\/2022\/12\/jubileus_11-300x300.jpg 300w, https:\/\/franciscanos.org.br\/noticias\/wp-content\/uploads\/2022\/12\/jubileus_11-100x100.jpg 100w\" sizes=\"(max-width: 300px) 100vw, 300px\" \/><\/a>\n\t\t\t<\/dt><\/dl><dl class='gallery-item'>\n\t\t\t<dt class='gallery-icon landscape'>\n\t\t\t\t<a href='https:\/\/franciscanos.org.br\/noticias\/wp-content\/uploads\/2022\/12\/jubileus_13.jpg'><img width=\"300\" height=\"300\" src=\"https:\/\/franciscanos.org.br\/noticias\/wp-content\/uploads\/2022\/12\/jubileus_13-300x300.jpg\" class=\"attachment-thumbnail size-thumbnail\" alt=\"\" loading=\"lazy\" srcset=\"https:\/\/franciscanos.org.br\/noticias\/wp-content\/uploads\/2022\/12\/jubileus_13-300x300.jpg 300w, https:\/\/franciscanos.org.br\/noticias\/wp-content\/uploads\/2022\/12\/jubileus_13-100x100.jpg 100w\" sizes=\"(max-width: 300px) 100vw, 300px\" \/><\/a>\n\t\t\t<\/dt><\/dl><dl class='gallery-item'>\n\t\t\t<dt class='gallery-icon landscape'>\n\t\t\t\t<a href='https:\/\/franciscanos.org.br\/noticias\/wp-content\/uploads\/2022\/12\/jubileus_14.jpg'><img width=\"300\" height=\"300\" src=\"https:\/\/franciscanos.org.br\/noticias\/wp-content\/uploads\/2022\/12\/jubileus_14-300x300.jpg\" class=\"attachment-thumbnail size-thumbnail\" alt=\"\" loading=\"lazy\" srcset=\"https:\/\/franciscanos.org.br\/noticias\/wp-content\/uploads\/2022\/12\/jubileus_14-300x300.jpg 300w, https:\/\/franciscanos.org.br\/noticias\/wp-content\/uploads\/2022\/12\/jubileus_14-100x100.jpg 100w\" sizes=\"(max-width: 300px) 100vw, 300px\" \/><\/a>\n\t\t\t<\/dt><\/dl><dl class='gallery-item'>\n\t\t\t<dt class='gallery-icon landscape'>\n\t\t\t\t<a href='https:\/\/franciscanos.org.br\/noticias\/wp-content\/uploads\/2022\/12\/jubileus_15.jpg'><img width=\"300\" height=\"300\" src=\"https:\/\/franciscanos.org.br\/noticias\/wp-content\/uploads\/2022\/12\/jubileus_15-300x300.jpg\" class=\"attachment-thumbnail size-thumbnail\" alt=\"\" loading=\"lazy\" srcset=\"https:\/\/franciscanos.org.br\/noticias\/wp-content\/uploads\/2022\/12\/jubileus_15-300x300.jpg 300w, https:\/\/franciscanos.org.br\/noticias\/wp-content\/uploads\/2022\/12\/jubileus_15-100x100.jpg 100w\" sizes=\"(max-width: 300px) 100vw, 300px\" \/><\/a>\n\t\t\t<\/dt><\/dl><dl class='gallery-item'>\n\t\t\t<dt class='gallery-icon landscape'>\n\t\t\t\t<a href='https:\/\/franciscanos.org.br\/noticias\/wp-content\/uploads\/2022\/12\/jubileus_16.jpg'><img width=\"300\" height=\"300\" src=\"https:\/\/franciscanos.org.br\/noticias\/wp-content\/uploads\/2022\/12\/jubileus_16-300x300.jpg\" class=\"attachment-thumbnail size-thumbnail\" alt=\"\" loading=\"lazy\" srcset=\"https:\/\/franciscanos.org.br\/noticias\/wp-content\/uploads\/2022\/12\/jubileus_16-300x300.jpg 300w, https:\/\/franciscanos.org.br\/noticias\/wp-content\/uploads\/2022\/12\/jubileus_16-100x100.jpg 100w\" sizes=\"(max-width: 300px) 100vw, 300px\" \/><\/a>\n\t\t\t<\/dt><\/dl><br style=\"clear: both\" \/>\n\t\t<\/div>\n\n<p><em> \u00a0 \u00a0 \u00a0 \u00a0 \u00a0 \u00a0 \u00a0(toque nas imagens acima para ampli\u00e1-las)<\/em><\/p>\n<p>&#8220;Desta maneira, em nome de nosso Ministro e de toda a Fraternidade Provincial, entrego hoje a esta Fraternidade S\u00e3o Francisco de Bragan\u00e7a Paulista uma miss\u00e3o essencial para que este Ano Vocacional transcorra bem e produza muitos frutos. Intensifiquem ainda mais a ora\u00e7\u00e3o pelas voca\u00e7\u00f5es para a Ordem Franciscana e para a nossa Prov\u00edncia. Mesmo que as pernas \u00e0s vezes n\u00e3o sejam t\u00e3o fortes quanto antes, que os ouvidos n\u00e3o possuam mais aquela acuidade apurada, que a mem\u00f3ria sofra com alguns esquecimentos, a for\u00e7a da prece de voc\u00eas mobiliza sensivelmente o cora\u00e7\u00e3o de Deus e por isso se torna elemento indispens\u00e1vel para o bom caminhar da Miss\u00e3o de nossa Prov\u00edncia. A ora\u00e7\u00e3o desta Fraternidade funciona mais ou menos como as m\u00e3os levantadas de Mois\u00e9s sobre o monte durante a batalha dos israelitas contra os amalecitas em Rafidim, narrada no Livro do \u00caxodo. Quando Mois\u00e9s mantinha as m\u00e3os levantas, Israel vencia. Quando a Fraternidade de Bragan\u00e7a reza bem, a Prov\u00edncia caminha&#8221;, pediu Frei Medella.<\/p>\n<p>Segundo Frei Medella, neste dia festivo de abertura do Ano Vocacional e da solenidade da Imaculada Concei\u00e7\u00e3o de Maria, aqui &#8220;nos reunimos para louvar e bendizer a Deus o dom da vida e da voca\u00e7\u00e3o de nossos Jubilandos e a renova\u00e7\u00e3o dos votos do Frei Gabriel Nogueira Alves&#8221;. Ao mesmo tempo, em Angola, oito frades angolanos professaram solenemente nas m\u00e3os do Ministro Geral, Frei Massimo Fusarelli. &#8220;A gra\u00e7a da voca\u00e7\u00e3o do Seguimento de Cristo ao modo de Francisco nos possibilita atravessar o Oceano e entrar em comunh\u00e3o com nossos irm\u00e3os em Angola, filhos de uma mesma Prov\u00edncia sob a prote\u00e7\u00e3o da Imaculada M\u00e3e de Deus. Ela \u00e9 a &#8216;dona da festa&#8217; hoje&#8221;, disse o celebrante.<\/p>\n<div id=\"attachment_241188\" style=\"width: 1290px\" class=\"wp-caption alignnone\"><img aria-describedby=\"caption-attachment-241188\" loading=\"lazy\" class=\"wp-image-241188 size-full\" src=\"https:\/\/franciscanos.org.br\/noticias\/wp-content\/uploads\/2022\/12\/jubileus_17.jpg\" alt=\"\" width=\"1280\" height=\"761\" srcset=\"https:\/\/franciscanos.org.br\/noticias\/wp-content\/uploads\/2022\/12\/jubileus_17.jpg 1280w, https:\/\/franciscanos.org.br\/noticias\/wp-content\/uploads\/2022\/12\/jubileus_17-450x268.jpg 450w, https:\/\/franciscanos.org.br\/noticias\/wp-content\/uploads\/2022\/12\/jubileus_17-1024x609.jpg 1024w, https:\/\/franciscanos.org.br\/noticias\/wp-content\/uploads\/2022\/12\/jubileus_17-768x457.jpg 768w, https:\/\/franciscanos.org.br\/noticias\/wp-content\/uploads\/2022\/12\/jubileus_17-150x89.jpg 150w\" sizes=\"(max-width: 1280px) 100vw, 1280px\" \/><p id=\"caption-attachment-241188\" class=\"wp-caption-text\"><em>Renova\u00e7\u00e3o dos votos de Frei Gabriel Nogueira<\/em><\/p><\/div>\n<p>&#8220;\u00c9 claro que &#8216;dona festa&#8217; \u00e9 uma express\u00e3o bem-humorada para descrever o lugar importante de Maria na Hist\u00f3ria da Salva\u00e7\u00e3o. Isenta da mancha do pecado original por obra da generosidade divina, humanamente ela deu o melhor de si para se colocar a servi\u00e7o de Deus e por isso \u00e9 modelo vocacional para toda e qualquer op\u00e7\u00e3o de vida voltada ao discipulado de nosso Senhor Jesus Cristo. O &#8216;sim&#8217; de Maria ao anjo, na verdade, a Deus, tem parte no SIM que cada um de n\u00f3s vem dizendo dia ap\u00f3s dia. Afinal, a ousadia desta jovem menina serve de impulso para que continuemos reafirmando nossa resposta positiva ao convite que diariamente o Senhor nos faz. Com Maria e Francisco, desejamos cada dia responder: \u00a0&#8216;Eis aqui os teus servos, Senhor. \u00c9 isto que queremos, \u00e9 isto que procuramos, \u00e9 isto que desejamos fazer de todo o cora\u00e7\u00e3o&#8217;\u201d, exortou.<\/p>\n<p>uFrei Medella, em nome de nosso Ministro Provincial e de toda a Prov\u00edncia, agradeceu a cada um dos jubilandos presentes. &#8220;Muit\u00edssimo obrigado, de cora\u00e7\u00e3o, a esta Fraternidade cuidadora, seus trabalhadores e trabalhadoras, profissionais de diferentes \u00e1reas, amigos e benfeitores. A entrega generosa que transparece nas tarefas mais simples, secretas e silenciosas, aqui realizadas, tornam o mundo um lugar melhor e t\u00eam o poder de nos aproximar de Deus. Nossa Senhora da Concei\u00e7\u00e3o, nosso Pai S\u00e3o Francisco, Santa Clara e Santo Ant\u00f4nio de Santana Galv\u00e3o sigam intercedendo por n\u00f3s junto a Deus para que sejamos cada dia mais fi\u00e9is \u00e0 voca\u00e7\u00e3o franciscana que abra\u00e7amos. Paz e Bem!&#8221;, concluiu Frei Medella. O encontro terminou com um almo\u00e7o festivo.<\/p>\n<div id=\"attachment_241187\" style=\"width: 1290px\" class=\"wp-caption alignnone\"><img aria-describedby=\"caption-attachment-241187\" loading=\"lazy\" class=\"wp-image-241187 size-full\" src=\"https:\/\/franciscanos.org.br\/noticias\/wp-content\/uploads\/2022\/12\/jubileus_18.jpg\" alt=\"\" width=\"1280\" height=\"774\" srcset=\"https:\/\/franciscanos.org.br\/noticias\/wp-content\/uploads\/2022\/12\/jubileus_18.jpg 1280w, https:\/\/franciscanos.org.br\/noticias\/wp-content\/uploads\/2022\/12\/jubileus_18-450x272.jpg 450w, https:\/\/franciscanos.org.br\/noticias\/wp-content\/uploads\/2022\/12\/jubileus_18-1024x619.jpg 1024w, https:\/\/franciscanos.org.br\/noticias\/wp-content\/uploads\/2022\/12\/jubileus_18-768x464.jpg 768w, https:\/\/franciscanos.org.br\/noticias\/wp-content\/uploads\/2022\/12\/jubileus_18-150x91.jpg 150w\" sizes=\"(max-width: 1280px) 100vw, 1280px\" \/><p id=\"caption-attachment-241187\" class=\"wp-caption-text\"><em>Da esq. para dir.: Frei Raul, Frei Gabriel, Frei Floriano e Frei Gustavo<\/em><\/p><\/div>\n<p>Frei Gabriel renovou os votos por mais um ano e segue agora para os estudos da Teologia em Petr\u00f3polis. Este rito \u00e9 pr\u00f3prio do religioso que depois de fazer o noviciado, por alguns anos, renova o compromisso de viver os conselhos evang\u00e9licos de sem nada de pr\u00f3prio, castidade e obedi\u00eancia at\u00e9 que fa\u00e7a a profiss\u00e3o perp\u00e9tua dos votos. Este per\u00edodo \u00e9 chamado de Tempo de Profiss\u00e3o Tempor\u00e1ria.<\/p>\n<p>Frei Medella pediu, ent\u00e3o, para que o jovem Frei Gabriel abra\u00e7asse Frei Floriano Surian, o frade com 73 anos de vida religiosa. E perguntou a Frei Floriano o que diria para Frei Gabriel. &#8220;Que ele continue levando Jesus no seu cora\u00e7\u00e3o&#8221;, disse Frei Floriano.<\/p>\n<p><img loading=\"lazy\" class=\"alignnone size-full wp-image-241186\" src=\"https:\/\/franciscanos.org.br\/noticias\/wp-content\/uploads\/2022\/12\/jubileus_02.jpg\" alt=\"\" width=\"1280\" height=\"960\" srcset=\"https:\/\/franciscanos.org.br\/noticias\/wp-content\/uploads\/2022\/12\/jubileus_02.jpg 1280w, https:\/\/franciscanos.org.br\/noticias\/wp-content\/uploads\/2022\/12\/jubileus_02-450x338.jpg 450w, https:\/\/franciscanos.org.br\/noticias\/wp-content\/uploads\/2022\/12\/jubileus_02-1024x768.jpg 1024w, https:\/\/franciscanos.org.br\/noticias\/wp-content\/uploads\/2022\/12\/jubileus_02-768x576.jpg 768w, https:\/\/franciscanos.org.br\/noticias\/wp-content\/uploads\/2022\/12\/jubileus_02-150x113.jpg 150w, https:\/\/franciscanos.org.br\/noticias\/wp-content\/uploads\/2022\/12\/jubileus_02-600x450.jpg 600w\" sizes=\"(max-width: 1280px) 100vw, 1280px\" \/><\/p>\n<p><strong>ORA\u00c7\u00c3O | ANO VOCACIONAL FRANCISCANO<\/strong><\/p>\n<p>\u00d3 Glorioso Deus Alt\u00edssimo, que em vosso Filho e Nosso Senhor Jesus Cristo chamastes nosso Pai Francisco a viver o Evangelho, concedei a n\u00f3s, frades menores, a gra\u00e7a de sermos perseverantes \u00e0 voca\u00e7\u00e3o \u00e0 qual fomos chamados por V\u00f3s e que livremente desejamos abra\u00e7ar.\u00a0 Nossa vida e miss\u00e3o sejam capazes de exprimir a beleza e a profundidade da proposta encarnada por nosso Ser\u00e1\ufb01co Pai e que permanece a cativar homens e mulheres de diferentes culturas, sociedades e religi\u00f5es. Nosso testemunho seja capaz de fazer brotar no cora\u00e7\u00e3o da juventude de nosso tempo as sementes da voca\u00e7\u00e3o franciscana que Deus continua a lan\u00e7ar nos cora\u00e7\u00f5es. Que cada irm\u00e3o cres\u00e7a na consci\u00eancia e na responsabilidade de ser um continuador da vida evang\u00e9lica encarnada por Francisco e um animador vocacional por excel\u00eancia. Concedei-nos criatividade e ousadia para celebramos com entusiasmo o Jubileu dos 800 anos de nossa Regra, e que Maria Sant\u00edssima, M\u00e3e e Rainha da Ordem dos Menores, junto com S\u00e3o Francisco, Santa Clara e Santo Ant\u00f4nio Galv\u00e3o, sejam intercessores junto a V\u00f3s para que possamos viver, celebrar e levar a bom termo este tempo da gra\u00e7a que come\u00e7amos a viver. Am\u00e9m.<\/p>\n<hr \/>\n<p><em>Comunica\u00e7\u00e3o da Prov\u00edncia da Imaculada<\/em><\/p>\n<p>&nbsp;<\/p>\n<p>&nbsp;<\/p>\n","protected":false},"excerpt":{"rendered":"<p>Celebra\u00e7\u00e3o na Prov\u00edncia da Imaculada Concei\u00e7\u00e3o <\/p>\n","protected":false},"author":3,"featured_media":241178,"comment_status":"open","ping_status":"open","sticky":false,"template":"","format":"standard","meta":[],"categories":[1],"tags":[1871,332],"acf":[],"yoast_head":"<!-- This site is optimized with the Yoast SEO plugin v19.2 - https:\/\/yoast.com\/wordpress\/plugins\/seo\/ -->\n<title>Prov\u00edncia abre o Ano Vocacional na festa de sua Padroeira e dos Jubileus dos seus frades idosos - Not\u00edcias - Franciscanos<\/title>\n<meta name=\"robots\" content=\"index, follow, max-snippet:-1, max-image-preview:large, max-video-preview:-1\" \/>\n<link rel=\"canonical\" href=\"https:\/\/franciscanos.org.br\/noticias\/provincia-abre-o-ano-vocacional-na-festa-de-sua-padroeira-e-dos-jubileus-dos-seus-frades-idosos.html\" \/>\n<meta property=\"og:locale\" content=\"pt_BR\" \/>\n<meta property=\"og:type\" content=\"article\" \/>\n<meta property=\"og:title\" content=\"Prov\u00edncia abre o Ano Vocacional na festa de sua Padroeira e dos Jubileus dos seus frades idosos - Not\u00edcias - Franciscanos\" \/>\n<meta property=\"og:description\" content=\"Celebra\u00e7\u00e3o na Prov\u00edncia da Imaculada Concei\u00e7\u00e3o\" \/>\n<meta property=\"og:url\" content=\"https:\/\/franciscanos.org.br\/noticias\/provincia-abre-o-ano-vocacional-na-festa-de-sua-padroeira-e-dos-jubileus-dos-seus-frades-idosos.html\" \/>\n<meta property=\"og:site_name\" content=\"Not\u00edcias - Franciscanos\" \/>\n<meta property=\"article:published_time\" content=\"2022-12-08T20:58:12+00:00\" \/>\n<meta property=\"article:modified_time\" content=\"2023-01-03T14:09:36+00:00\" \/>\n<meta property=\"og:image\" content=\"https:\/\/franciscanos.org.br\/noticias\/wp-content\/uploads\/2022\/12\/jubileus_06.jpg\" \/>\n\t<meta property=\"og:image:width\" content=\"1280\" \/>\n\t<meta property=\"og:image:height\" content=\"720\" \/>\n\t<meta property=\"og:image:type\" content=\"image\/jpeg\" \/>\n<meta name=\"author\" content=\"moacir\" \/>\n<meta name=\"twitter:card\" content=\"summary_large_image\" \/>\n<meta name=\"twitter:label1\" content=\"Escrito por\" \/>\n\t<meta name=\"twitter:data1\" content=\"moacir\" \/>\n\t<meta name=\"twitter:label2\" content=\"Est. tempo de leitura\" \/>\n\t<meta name=\"twitter:data2\" content=\"8 minutos\" \/>\n<script type=\"application\/ld+json\" class=\"yoast-schema-graph\">{\"@context\":\"https:\/\/schema.org\",\"@graph\":[{\"@type\":\"WebSite\",\"@id\":\"https:\/\/franciscanos.org.br\/noticias\/#website\",\"url\":\"https:\/\/franciscanos.org.br\/noticias\/\",\"name\":\"Not\u00edcias - Franciscanos\",\"description\":\"Prov\u00edncia Franciscana da Imaculada Concei\u00e7\u00e3o do Brasil - Ordem dos Frades Menores - OFM\",\"potentialAction\":[{\"@type\":\"SearchAction\",\"target\":{\"@type\":\"EntryPoint\",\"urlTemplate\":\"https:\/\/franciscanos.org.br\/noticias\/?s={search_term_string}\"},\"query-input\":\"required name=search_term_string\"}],\"inLanguage\":\"pt-BR\"},{\"@type\":\"ImageObject\",\"inLanguage\":\"pt-BR\",\"@id\":\"https:\/\/franciscanos.org.br\/noticias\/provincia-abre-o-ano-vocacional-na-festa-de-sua-padroeira-e-dos-jubileus-dos-seus-frades-idosos.html#primaryimage\",\"url\":\"https:\/\/franciscanos.org.br\/noticias\/wp-content\/uploads\/2022\/12\/jubileus_06.jpg\",\"contentUrl\":\"https:\/\/franciscanos.org.br\/noticias\/wp-content\/uploads\/2022\/12\/jubileus_06.jpg\",\"width\":1280,\"height\":720},{\"@type\":\"WebPage\",\"@id\":\"https:\/\/franciscanos.org.br\/noticias\/provincia-abre-o-ano-vocacional-na-festa-de-sua-padroeira-e-dos-jubileus-dos-seus-frades-idosos.html#webpage\",\"url\":\"https:\/\/franciscanos.org.br\/noticias\/provincia-abre-o-ano-vocacional-na-festa-de-sua-padroeira-e-dos-jubileus-dos-seus-frades-idosos.html\",\"name\":\"Prov\u00edncia abre o Ano Vocacional na festa de sua Padroeira e dos Jubileus dos seus frades idosos - Not\u00edcias - Franciscanos\",\"isPartOf\":{\"@id\":\"https:\/\/franciscanos.org.br\/noticias\/#website\"},\"primaryImageOfPage\":{\"@id\":\"https:\/\/franciscanos.org.br\/noticias\/provincia-abre-o-ano-vocacional-na-festa-de-sua-padroeira-e-dos-jubileus-dos-seus-frades-idosos.html#primaryimage\"},\"datePublished\":\"2022-12-08T20:58:12+00:00\",\"dateModified\":\"2023-01-03T14:09:36+00:00\",\"author\":{\"@id\":\"https:\/\/franciscanos.org.br\/noticias\/#\/schema\/person\/b5c8cba458c330ccff548b056e95a5d4\"},\"breadcrumb\":{\"@id\":\"https:\/\/franciscanos.org.br\/noticias\/provincia-abre-o-ano-vocacional-na-festa-de-sua-padroeira-e-dos-jubileus-dos-seus-frades-idosos.html#breadcrumb\"},\"inLanguage\":\"pt-BR\",\"potentialAction\":[{\"@type\":\"ReadAction\",\"target\":[\"https:\/\/franciscanos.org.br\/noticias\/provincia-abre-o-ano-vocacional-na-festa-de-sua-padroeira-e-dos-jubileus-dos-seus-frades-idosos.html\"]}]},{\"@type\":\"BreadcrumbList\",\"@id\":\"https:\/\/franciscanos.org.br\/noticias\/provincia-abre-o-ano-vocacional-na-festa-de-sua-padroeira-e-dos-jubileus-dos-seus-frades-idosos.html#breadcrumb\",\"itemListElement\":[{\"@type\":\"ListItem\",\"position\":1,\"name\":\"Home\",\"item\":\"https:\/\/franciscanos.org.br\/noticias\"},{\"@type\":\"ListItem\",\"position\":2,\"name\":\"Prov\u00edncia abre o Ano Vocacional na festa de sua Padroeira e dos Jubileus dos seus frades idosos\"}]},{\"@type\":\"Person\",\"@id\":\"https:\/\/franciscanos.org.br\/noticias\/#\/schema\/person\/b5c8cba458c330ccff548b056e95a5d4\",\"name\":\"moacir\",\"image\":{\"@type\":\"ImageObject\",\"inLanguage\":\"pt-BR\",\"@id\":\"https:\/\/franciscanos.org.br\/noticias\/#\/schema\/person\/image\/\",\"url\":\"https:\/\/secure.gravatar.com\/avatar\/d08aa2ce4c8dd416d4479aa8536fcf64?s=96&d=mm&r=g\",\"contentUrl\":\"https:\/\/secure.gravatar.com\/avatar\/d08aa2ce4c8dd416d4479aa8536fcf64?s=96&d=mm&r=g\",\"caption\":\"moacir\"},\"url\":\"https:\/\/franciscanos.org.br\/noticias\/author\/moacir\"}]}<\/script>\n<!-- \/ Yoast SEO plugin. -->","yoast_head_json":{"title":"Prov\u00edncia abre o Ano Vocacional na festa de sua Padroeira e dos Jubileus dos seus frades idosos - Not\u00edcias - Franciscanos","robots":{"index":"index","follow":"follow","max-snippet":"max-snippet:-1","max-image-preview":"max-image-preview:large","max-video-preview":"max-video-preview:-1"},"canonical":"https:\/\/franciscanos.org.br\/noticias\/provincia-abre-o-ano-vocacional-na-festa-de-sua-padroeira-e-dos-jubileus-dos-seus-frades-idosos.html","og_locale":"pt_BR","og_type":"article","og_title":"Prov\u00edncia abre o Ano Vocacional na festa de sua Padroeira e dos Jubileus dos seus frades idosos - Not\u00edcias - Franciscanos","og_description":"Celebra\u00e7\u00e3o na Prov\u00edncia da Imaculada Concei\u00e7\u00e3o","og_url":"https:\/\/franciscanos.org.br\/noticias\/provincia-abre-o-ano-vocacional-na-festa-de-sua-padroeira-e-dos-jubileus-dos-seus-frades-idosos.html","og_site_name":"Not\u00edcias - Franciscanos","article_published_time":"2022-12-08T20:58:12+00:00","article_modified_time":"2023-01-03T14:09:36+00:00","og_image":[{"width":1280,"height":720,"url":"https:\/\/franciscanos.org.br\/noticias\/wp-content\/uploads\/2022\/12\/jubileus_06.jpg","type":"image\/jpeg"}],"author":"moacir","twitter_card":"summary_large_image","twitter_misc":{"Escrito por":"moacir","Est. tempo de leitura":"8 minutos"},"schema":{"@context":"https:\/\/schema.org","@graph":[{"@type":"WebSite","@id":"https:\/\/franciscanos.org.br\/noticias\/#website","url":"https:\/\/franciscanos.org.br\/noticias\/","name":"Not\u00edcias - Franciscanos","description":"Prov\u00edncia Franciscana da Imaculada Concei\u00e7\u00e3o do Brasil - Ordem dos Frades Menores - OFM","potentialAction":[{"@type":"SearchAction","target":{"@type":"EntryPoint","urlTemplate":"https:\/\/franciscanos.org.br\/noticias\/?s={search_term_string}"},"query-input":"required name=search_term_string"}],"inLanguage":"pt-BR"},{"@type":"ImageObject","inLanguage":"pt-BR","@id":"https:\/\/franciscanos.org.br\/noticias\/provincia-abre-o-ano-vocacional-na-festa-de-sua-padroeira-e-dos-jubileus-dos-seus-frades-idosos.html#primaryimage","url":"https:\/\/franciscanos.org.br\/noticias\/wp-content\/uploads\/2022\/12\/jubileus_06.jpg","contentUrl":"https:\/\/franciscanos.org.br\/noticias\/wp-content\/uploads\/2022\/12\/jubileus_06.jpg","width":1280,"height":720},{"@type":"WebPage","@id":"https:\/\/franciscanos.org.br\/noticias\/provincia-abre-o-ano-vocacional-na-festa-de-sua-padroeira-e-dos-jubileus-dos-seus-frades-idosos.html#webpage","url":"https:\/\/franciscanos.org.br\/noticias\/provincia-abre-o-ano-vocacional-na-festa-de-sua-padroeira-e-dos-jubileus-dos-seus-frades-idosos.html","name":"Prov\u00edncia abre o Ano Vocacional na festa de sua Padroeira e dos Jubileus dos seus frades idosos - Not\u00edcias - Franciscanos","isPartOf":{"@id":"https:\/\/franciscanos.org.br\/noticias\/#website"},"primaryImageOfPage":{"@id":"https:\/\/franciscanos.org.br\/noticias\/provincia-abre-o-ano-vocacional-na-festa-de-sua-padroeira-e-dos-jubileus-dos-seus-frades-idosos.html#primaryimage"},"datePublished":"2022-12-08T20:58:12+00:00","dateModified":"2023-01-03T14:09:36+00:00","author":{"@id":"https:\/\/franciscanos.org.br\/noticias\/#\/schema\/person\/b5c8cba458c330ccff548b056e95a5d4"},"breadcrumb":{"@id":"https:\/\/franciscanos.org.br\/noticias\/provincia-abre-o-ano-vocacional-na-festa-de-sua-padroeira-e-dos-jubileus-dos-seus-frades-idosos.html#breadcrumb"},"inLanguage":"pt-BR","potentialAction":[{"@type":"ReadAction","target":["https:\/\/franciscanos.org.br\/noticias\/provincia-abre-o-ano-vocacional-na-festa-de-sua-padroeira-e-dos-jubileus-dos-seus-frades-idosos.html"]}]},{"@type":"BreadcrumbList","@id":"https:\/\/franciscanos.org.br\/noticias\/provincia-abre-o-ano-vocacional-na-festa-de-sua-padroeira-e-dos-jubileus-dos-seus-frades-idosos.html#breadcrumb","itemListElement":[{"@type":"ListItem","position":1,"name":"Home","item":"https:\/\/franciscanos.org.br\/noticias"},{"@type":"ListItem","position":2,"name":"Prov\u00edncia abre o Ano Vocacional na festa de sua Padroeira e dos Jubileus dos seus frades idosos"}]},{"@type":"Person","@id":"https:\/\/franciscanos.org.br\/noticias\/#\/schema\/person\/b5c8cba458c330ccff548b056e95a5d4","name":"moacir","image":{"@type":"ImageObject","inLanguage":"pt-BR","@id":"https:\/\/franciscanos.org.br\/noticias\/#\/schema\/person\/image\/","url":"https:\/\/secure.gravatar.com\/avatar\/d08aa2ce4c8dd416d4479aa8536fcf64?s=96&d=mm&r=g","contentUrl":"https:\/\/secure.gravatar.com\/avatar\/d08aa2ce4c8dd416d4479aa8536fcf64?s=96&d=mm&r=g","caption":"moacir"},"url":"https:\/\/franciscanos.org.br\/noticias\/author\/moacir"}]}},"_links":{"self":[{"href":"https:\/\/franciscanos.org.br\/noticias\/wp-json\/wp\/v2\/posts\/241177"}],"collection":[{"href":"https:\/\/franciscanos.org.br\/noticias\/wp-json\/wp\/v2\/posts"}],"about":[{"href":"https:\/\/franciscanos.org.br\/noticias\/wp-json\/wp\/v2\/types\/post"}],"author":[{"embeddable":true,"href":"https:\/\/franciscanos.org.br\/noticias\/wp-json\/wp\/v2\/users\/3"}],"replies":[{"embeddable":true,"href":"https:\/\/franciscanos.org.br\/noticias\/wp-json\/wp\/v2\/comments?post=241177"}],"version-history":[{"count":5,"href":"https:\/\/franciscanos.org.br\/noticias\/wp-json\/wp\/v2\/posts\/241177\/revisions"}],"predecessor-version":[{"id":241490,"href":"https:\/\/franciscanos.org.br\/noticias\/wp-json\/wp\/v2\/posts\/241177\/revisions\/241490"}],"wp:featuredmedia":[{"embeddable":true,"href":"https:\/\/franciscanos.org.br\/noticias\/wp-json\/wp\/v2\/media\/241178"}],"wp:attachment":[{"href":"https:\/\/franciscanos.org.br\/noticias\/wp-json\/wp\/v2\/media?parent=241177"}],"wp:term":[{"taxonomy":"category","embeddable":true,"href":"https:\/\/franciscanos.org.br\/noticias\/wp-json\/wp\/v2\/categories?post=241177"},{"taxonomy":"post_tag","embeddable":true,"href":"https:\/\/franciscanos.org.br\/noticias\/wp-json\/wp\/v2\/tags?post=241177"}],"curies":[{"name":"wp","href":"https:\/\/api.w.org\/{rel}","templated":true}]}}