{"id":241168,"date":"2022-12-11T06:53:55","date_gmt":"2022-12-11T09:53:55","guid":{"rendered":"https:\/\/franciscanos.org.br\/noticias\/?p=241168"},"modified":"2022-12-11T11:47:06","modified_gmt":"2022-12-11T14:47:06","slug":"frei-augusto-e-frei-david-serao-ordenados-diaconos-no-dia-17","status":"publish","type":"post","link":"https:\/\/franciscanos.org.br\/noticias\/frei-augusto-e-frei-david-serao-ordenados-diaconos-no-dia-17.html","title":{"rendered":"Frei Augusto e Frei David ser\u00e3o ordenados di\u00e1conos no dia 17"},"content":{"rendered":"<p><img loading=\"lazy\" src=\"https:\/\/franciscanos.org.br\/noticias\/wp-content\/uploads\/2022\/12\/Orde-diac-1280.jpg\" alt=\"\" width=\"1280\" height=\"720\" \/><\/p>\n<p>Frei Augusto Luiz Gabriel e Frei David Belineli ser\u00e3o ordenados di\u00e1conos pelo Bispo Diocesano de Petr\u00f3polis, Dom Greg\u00f3rio Paix\u00e3o, OSB, no dia 17 de dezembro, \u00e0s 16h15, na Igreja do Sagrado Cora\u00e7\u00e3o de Jesus, em Petr\u00f3polis (RJ). O lema escolhido para a ordena\u00e7\u00e3o foi tirado da Carta aos Romanos 1,5: \u201c\u00c9 por Ele recebemos a gra\u00e7a da voca\u00e7\u00e3o para o apostolado\u201d. Conhe\u00e7a os futuros di\u00e1conos:<\/p>\n<h3><strong>Frei Augusto Luiz Gabriel<\/strong><\/h3>\n<p>Natural de Xaxim (SC), nasceu no dia 9 de julho de 1994. Ingressou no Semin\u00e1rio Santo Ant\u00f4nio de Agudos (SP) em 2009, onde cursou o Ensino M\u00e9dio, concluindo em 2011 no Semin\u00e1rio S\u00e3o Francisco de Assis em Ituporanga (SC). Fez o Noviciado em Rodeio (SC) durante os anos de 2013 at\u00e9 2 de agosto de 2014, data de sua primeira profiss\u00e3o religiosa. Fez uma experi\u00eancia pastoral em Santo Amaro da Imperatriz (SC) antes de cursar Filosofia (2015-2017). Em 2018, viveu o Ano Mission\u00e1rio no Convento S\u00e3o Francisco em S\u00e3o Paulo, onde atuou na Frente de Evangeliza\u00e7\u00e3o da Comunica\u00e7\u00e3o. Cursou Teologia de 2019 a 2022. Em 5 de dezembro de 2020 fez sua Profiss\u00e3o Solene e, em 2023, estar\u00e1 a servi\u00e7o da Evangeliza\u00e7\u00e3o em Colatina (ES), na Fraternidade Santo Ant\u00f4nio de Sant\u2019Anna Galv\u00e3o, e ser\u00e1 tamb\u00e9m animador das Juventudes.<\/p>\n<p style=\"padding-left: 40px;\"><em>Jesus Cristo nos ensina o verdadeiro sentido de ser um disc\u00edpulo servidor, como di\u00e1cono da Igreja, da Prov\u00edncia, da Fraternidade da qual estarei inserido. \u00c9 um tempo prop\u00edcio de servi\u00e7o em que poderemos exercer com maior aten\u00e7\u00e3o o cuidado daqueles que necessitam. Mesmo sendo de passagem, \u00e9 um per\u00edodo tamb\u00e9m de aprendizado na vida pr\u00e1tica e local de um povo. Creio que na viv\u00eancia prof\u00edcua desse tempo de gra\u00e7a e tamb\u00e9m de alegrias e desafios, poderei responder com maior afinco e propriedade o que \u00e9 ser di\u00e1cono. Mas tenho certeza que ser dia\u0301cono e\u0301 estar disponi\u0301vel todos os dias para o convite de lavar os pe\u0301s uns dos outros. Este servic\u0327o e\u0301 o si\u0301mbolo vivo da diaconia do mesmo Cristo, nosso Senhor. Assim, a missa\u0303o do dia\u0301cono e\u0301 ser aquele que serve, com consta\u0302ncia. E tal missa\u0303o expressa-se no cuidado dos pobres, enfermos, doentes e marginalizados, em outras palavras: sua missa\u0303o e\u0301 ser a encarnac\u0327a\u0303o da pro\u0301pria caridade. Deste modo, compete ao dia\u0301cono animar, reavivar, organizar, sempre pensando no bem-estar dos pobres. Ainda cabe ao dia\u0301cono o anu\u0301ncio do Evangelho e a sua prestac\u0327a\u0303o de servic\u0327o na liturgia. E\u0301 diante dessa teologia do servic\u0327o e do servir, do \u201clavar os pe\u0301s\u201d dos mais necessitados, que se expressa a miss\u00e3o teol\u00f3gica do diaconato. Somente se coloca a servic\u0327o, aquele que abriu ma\u0303o do desejo de ser servido. E e\u0301 assim que se justifica minha motivac\u0327a\u0303o para este servi\u00e7o e miss\u00e3o: \u201cEstar no meio de vo\u0301s como aquele que serve\u201d<\/em> (Lc 22,27).<\/p>\n<h3><strong>Frei David Belineli<\/strong><\/h3>\n<p>Natural de S\u00e3o Bernardo do Campo (SP), nasceu no dia 20 de Agosto de 1982. Entrou para a vida religiosa em 2012, na Fraternidade Franciscana S\u00e3o Benedito, em Amparo (SP). Fez a sua primeira profiss\u00e3o no dia 5 de janeiro de 2015, no Noviciado S\u00e3o Jos\u00e9, em Rodeio (SC). Cursou Filosofia (2015-2017) em Curitiba, residindo na Fraternidade Franciscana S\u00e3o Boaventura, em Campo Largo (PR). Fez o Ano Mission\u00e1rio em 2018, na Fraternidade Santo Ant\u00f4nio de Quibala, em Angola. Cursou Teologia de 2019 a 2022, residindo em duas Fraternidades: os dois primeiros anos na Fraternidade Franciscana Sagrado Cora\u00e7\u00e3o de Jesus, em Petr\u00f3polis; e os outros dois anos na Fraternidade Franciscana Nossa Senhora M\u00e3e Terra, em Duque de Caxias (RJ)o. A sua profiss\u00e3o Solene foi no dia 5 de dezembro de 2020, em Petr\u00f3polis. Atualmente, Frei David Belineli reside na Fraternidade Franciscana S\u00e3o Francisco, em Duque de Caxias, a servi\u00e7o da Evangeliza\u00e7\u00e3o.<\/p>\n<p style=\"padding-left: 40px;\"><em>Estar a servi\u00e7o de Deus, da Igreja, da comunidade, da fam\u00edlia, dos amigos, sendo como o Cristo, agir com sua miseric\u00f3rdia e despojamento, levando a mensagem da Boa Nova. Estar atento os sinais dos tempos, ensinar, exortar, no testemunho da simplicidade e humildade, agindo com amor e caridade, com todos os povos e criaturas, sem distin\u00e7\u00e3o. Ser a extens\u00e3o do projeto salv\u00edfico de Deus, sendo o di\u00e1logo, sendo a ponte para o mundo sinodal de paz e bem.<\/em><\/p>\n<p style=\"padding-left: 40px;\"><em>A diaconia revela a miss\u00e3o de servidores e mensageiros do Reino dos C\u00e9us. Para este itiner\u00e1rio, o elemento necess\u00e1rio \u00e9 a\u00e7\u00e3o do Esp\u00edrito Santo, que move, impulsiona, entusiasma, d\u00e1 coragem, nos enriquece com sua sabedoria. Este minist\u00e9rio proporciona a comunh\u00e3o eucar\u00edstica, o lavar os p\u00e9s dos irm\u00e3os. <\/em><\/p>\n<p style=\"padding-left: 40px;\"><em>\u00c9 um instrumento nas m\u00e3os de Deus para edifica\u00e7\u00e3o de toda a humanidade, permanecendo na palavra do Senhor e sendo alicer\u00e7ado na vida crist\u00e3, na busca da viv\u00eancia dos ensinamentos de Jesus. Ter abertura do cora\u00e7\u00e3o, dos gestos e palavras em prol da miss\u00e3o da Igreja. Portanto, a diaconia \u00e9 ser luz, ser alegria, ser fermento, ser sal diante dos desafios que cercam o ser humano e o mundo. O servo fiel que conduz as pessoas a Deus e valoriza os dons recebidos pela gratuidade do Senhor.<\/em><\/p>\n<p>&nbsp;<\/p>\n<p><img loading=\"lazy\" src=\"https:\/\/franciscanos.org.br\/noticias\/wp-content\/uploads\/2022\/12\/Orde-diac-conv-1280.jpg\" alt=\"\" width=\"1280\" height=\"720\" \/><\/p>\n","protected":false},"excerpt":{"rendered":"<p>Ordena\u00e7\u00e3o Diaconal<\/p>\n","protected":false},"author":7,"featured_media":241169,"comment_status":"open","ping_status":"open","sticky":false,"template":"","format":"standard","meta":[],"categories":[1],"tags":[275,190],"acf":[],"yoast_head":"<!-- This site is optimized with the Yoast SEO plugin v19.2 - https:\/\/yoast.com\/wordpress\/plugins\/seo\/ -->\n<title>Frei Augusto e Frei David ser\u00e3o ordenados di\u00e1conos no dia 17 - Not\u00edcias - Franciscanos<\/title>\n<meta name=\"robots\" content=\"index, follow, max-snippet:-1, max-image-preview:large, max-video-preview:-1\" \/>\n<link rel=\"canonical\" href=\"https:\/\/franciscanos.org.br\/noticias\/frei-augusto-e-frei-david-serao-ordenados-diaconos-no-dia-17.html\" \/>\n<meta property=\"og:locale\" content=\"pt_BR\" \/>\n<meta property=\"og:type\" content=\"article\" \/>\n<meta property=\"og:title\" content=\"Frei Augusto e Frei David ser\u00e3o ordenados di\u00e1conos no dia 17 - Not\u00edcias - Franciscanos\" \/>\n<meta property=\"og:description\" content=\"Ordena\u00e7\u00e3o Diaconal\" \/>\n<meta property=\"og:url\" content=\"https:\/\/franciscanos.org.br\/noticias\/frei-augusto-e-frei-david-serao-ordenados-diaconos-no-dia-17.html\" \/>\n<meta property=\"og:site_name\" content=\"Not\u00edcias - Franciscanos\" \/>\n<meta property=\"article:published_time\" content=\"2022-12-11T09:53:55+00:00\" \/>\n<meta property=\"article:modified_time\" content=\"2022-12-11T14:47:06+00:00\" \/>\n<meta property=\"og:image\" content=\"https:\/\/franciscanos.org.br\/noticias\/wp-content\/uploads\/2022\/12\/Orde-diac-800.jpg\" \/>\n\t<meta property=\"og:image:width\" content=\"800\" \/>\n\t<meta property=\"og:image:height\" content=\"550\" \/>\n\t<meta property=\"og:image:type\" content=\"image\/jpeg\" \/>\n<meta name=\"author\" content=\"jovenal\" \/>\n<meta name=\"twitter:card\" content=\"summary_large_image\" \/>\n<meta name=\"twitter:label1\" content=\"Escrito por\" \/>\n\t<meta name=\"twitter:data1\" content=\"jovenal\" \/>\n\t<meta name=\"twitter:label2\" content=\"Est. tempo de leitura\" \/>\n\t<meta name=\"twitter:data2\" content=\"5 minutos\" \/>\n<script type=\"application\/ld+json\" class=\"yoast-schema-graph\">{\"@context\":\"https:\/\/schema.org\",\"@graph\":[{\"@type\":\"WebSite\",\"@id\":\"https:\/\/franciscanos.org.br\/noticias\/#website\",\"url\":\"https:\/\/franciscanos.org.br\/noticias\/\",\"name\":\"Not\u00edcias - Franciscanos\",\"description\":\"Prov\u00edncia Franciscana da Imaculada Concei\u00e7\u00e3o do Brasil - Ordem dos Frades Menores - OFM\",\"potentialAction\":[{\"@type\":\"SearchAction\",\"target\":{\"@type\":\"EntryPoint\",\"urlTemplate\":\"https:\/\/franciscanos.org.br\/noticias\/?s={search_term_string}\"},\"query-input\":\"required name=search_term_string\"}],\"inLanguage\":\"pt-BR\"},{\"@type\":\"ImageObject\",\"inLanguage\":\"pt-BR\",\"@id\":\"https:\/\/franciscanos.org.br\/noticias\/frei-augusto-e-frei-david-serao-ordenados-diaconos-no-dia-17.html#primaryimage\",\"url\":\"https:\/\/franciscanos.org.br\/noticias\/wp-content\/uploads\/2022\/12\/Orde-diac-800.jpg\",\"contentUrl\":\"https:\/\/franciscanos.org.br\/noticias\/wp-content\/uploads\/2022\/12\/Orde-diac-800.jpg\",\"width\":800,\"height\":550},{\"@type\":\"WebPage\",\"@id\":\"https:\/\/franciscanos.org.br\/noticias\/frei-augusto-e-frei-david-serao-ordenados-diaconos-no-dia-17.html#webpage\",\"url\":\"https:\/\/franciscanos.org.br\/noticias\/frei-augusto-e-frei-david-serao-ordenados-diaconos-no-dia-17.html\",\"name\":\"Frei Augusto e Frei David ser\u00e3o ordenados di\u00e1conos no dia 17 - Not\u00edcias - Franciscanos\",\"isPartOf\":{\"@id\":\"https:\/\/franciscanos.org.br\/noticias\/#website\"},\"primaryImageOfPage\":{\"@id\":\"https:\/\/franciscanos.org.br\/noticias\/frei-augusto-e-frei-david-serao-ordenados-diaconos-no-dia-17.html#primaryimage\"},\"datePublished\":\"2022-12-11T09:53:55+00:00\",\"dateModified\":\"2022-12-11T14:47:06+00:00\",\"author\":{\"@id\":\"https:\/\/franciscanos.org.br\/noticias\/#\/schema\/person\/c3a26b08313dd1772495ce300ab257cc\"},\"breadcrumb\":{\"@id\":\"https:\/\/franciscanos.org.br\/noticias\/frei-augusto-e-frei-david-serao-ordenados-diaconos-no-dia-17.html#breadcrumb\"},\"inLanguage\":\"pt-BR\",\"potentialAction\":[{\"@type\":\"ReadAction\",\"target\":[\"https:\/\/franciscanos.org.br\/noticias\/frei-augusto-e-frei-david-serao-ordenados-diaconos-no-dia-17.html\"]}]},{\"@type\":\"BreadcrumbList\",\"@id\":\"https:\/\/franciscanos.org.br\/noticias\/frei-augusto-e-frei-david-serao-ordenados-diaconos-no-dia-17.html#breadcrumb\",\"itemListElement\":[{\"@type\":\"ListItem\",\"position\":1,\"name\":\"Home\",\"item\":\"https:\/\/franciscanos.org.br\/noticias\"},{\"@type\":\"ListItem\",\"position\":2,\"name\":\"Frei Augusto e Frei David ser\u00e3o ordenados di\u00e1conos no dia 17\"}]},{\"@type\":\"Person\",\"@id\":\"https:\/\/franciscanos.org.br\/noticias\/#\/schema\/person\/c3a26b08313dd1772495ce300ab257cc\",\"name\":\"jovenal\",\"image\":{\"@type\":\"ImageObject\",\"inLanguage\":\"pt-BR\",\"@id\":\"https:\/\/franciscanos.org.br\/noticias\/#\/schema\/person\/image\/\",\"url\":\"https:\/\/secure.gravatar.com\/avatar\/e94509f531086e2eaf97e72f29ea00f9?s=96&d=mm&r=g\",\"contentUrl\":\"https:\/\/secure.gravatar.com\/avatar\/e94509f531086e2eaf97e72f29ea00f9?s=96&d=mm&r=g\",\"caption\":\"jovenal\"},\"url\":\"https:\/\/franciscanos.org.br\/noticias\/author\/jovenal\"}]}<\/script>\n<!-- \/ Yoast SEO plugin. -->","yoast_head_json":{"title":"Frei Augusto e Frei David ser\u00e3o ordenados di\u00e1conos no dia 17 - Not\u00edcias - Franciscanos","robots":{"index":"index","follow":"follow","max-snippet":"max-snippet:-1","max-image-preview":"max-image-preview:large","max-video-preview":"max-video-preview:-1"},"canonical":"https:\/\/franciscanos.org.br\/noticias\/frei-augusto-e-frei-david-serao-ordenados-diaconos-no-dia-17.html","og_locale":"pt_BR","og_type":"article","og_title":"Frei Augusto e Frei David ser\u00e3o ordenados di\u00e1conos no dia 17 - Not\u00edcias - Franciscanos","og_description":"Ordena\u00e7\u00e3o Diaconal","og_url":"https:\/\/franciscanos.org.br\/noticias\/frei-augusto-e-frei-david-serao-ordenados-diaconos-no-dia-17.html","og_site_name":"Not\u00edcias - Franciscanos","article_published_time":"2022-12-11T09:53:55+00:00","article_modified_time":"2022-12-11T14:47:06+00:00","og_image":[{"width":800,"height":550,"url":"https:\/\/franciscanos.org.br\/noticias\/wp-content\/uploads\/2022\/12\/Orde-diac-800.jpg","type":"image\/jpeg"}],"author":"jovenal","twitter_card":"summary_large_image","twitter_misc":{"Escrito por":"jovenal","Est. tempo de leitura":"5 minutos"},"schema":{"@context":"https:\/\/schema.org","@graph":[{"@type":"WebSite","@id":"https:\/\/franciscanos.org.br\/noticias\/#website","url":"https:\/\/franciscanos.org.br\/noticias\/","name":"Not\u00edcias - Franciscanos","description":"Prov\u00edncia Franciscana da Imaculada Concei\u00e7\u00e3o do Brasil - Ordem dos Frades Menores - OFM","potentialAction":[{"@type":"SearchAction","target":{"@type":"EntryPoint","urlTemplate":"https:\/\/franciscanos.org.br\/noticias\/?s={search_term_string}"},"query-input":"required name=search_term_string"}],"inLanguage":"pt-BR"},{"@type":"ImageObject","inLanguage":"pt-BR","@id":"https:\/\/franciscanos.org.br\/noticias\/frei-augusto-e-frei-david-serao-ordenados-diaconos-no-dia-17.html#primaryimage","url":"https:\/\/franciscanos.org.br\/noticias\/wp-content\/uploads\/2022\/12\/Orde-diac-800.jpg","contentUrl":"https:\/\/franciscanos.org.br\/noticias\/wp-content\/uploads\/2022\/12\/Orde-diac-800.jpg","width":800,"height":550},{"@type":"WebPage","@id":"https:\/\/franciscanos.org.br\/noticias\/frei-augusto-e-frei-david-serao-ordenados-diaconos-no-dia-17.html#webpage","url":"https:\/\/franciscanos.org.br\/noticias\/frei-augusto-e-frei-david-serao-ordenados-diaconos-no-dia-17.html","name":"Frei Augusto e Frei David ser\u00e3o ordenados di\u00e1conos no dia 17 - Not\u00edcias - Franciscanos","isPartOf":{"@id":"https:\/\/franciscanos.org.br\/noticias\/#website"},"primaryImageOfPage":{"@id":"https:\/\/franciscanos.org.br\/noticias\/frei-augusto-e-frei-david-serao-ordenados-diaconos-no-dia-17.html#primaryimage"},"datePublished":"2022-12-11T09:53:55+00:00","dateModified":"2022-12-11T14:47:06+00:00","author":{"@id":"https:\/\/franciscanos.org.br\/noticias\/#\/schema\/person\/c3a26b08313dd1772495ce300ab257cc"},"breadcrumb":{"@id":"https:\/\/franciscanos.org.br\/noticias\/frei-augusto-e-frei-david-serao-ordenados-diaconos-no-dia-17.html#breadcrumb"},"inLanguage":"pt-BR","potentialAction":[{"@type":"ReadAction","target":["https:\/\/franciscanos.org.br\/noticias\/frei-augusto-e-frei-david-serao-ordenados-diaconos-no-dia-17.html"]}]},{"@type":"BreadcrumbList","@id":"https:\/\/franciscanos.org.br\/noticias\/frei-augusto-e-frei-david-serao-ordenados-diaconos-no-dia-17.html#breadcrumb","itemListElement":[{"@type":"ListItem","position":1,"name":"Home","item":"https:\/\/franciscanos.org.br\/noticias"},{"@type":"ListItem","position":2,"name":"Frei Augusto e Frei David ser\u00e3o ordenados di\u00e1conos no dia 17"}]},{"@type":"Person","@id":"https:\/\/franciscanos.org.br\/noticias\/#\/schema\/person\/c3a26b08313dd1772495ce300ab257cc","name":"jovenal","image":{"@type":"ImageObject","inLanguage":"pt-BR","@id":"https:\/\/franciscanos.org.br\/noticias\/#\/schema\/person\/image\/","url":"https:\/\/secure.gravatar.com\/avatar\/e94509f531086e2eaf97e72f29ea00f9?s=96&d=mm&r=g","contentUrl":"https:\/\/secure.gravatar.com\/avatar\/e94509f531086e2eaf97e72f29ea00f9?s=96&d=mm&r=g","caption":"jovenal"},"url":"https:\/\/franciscanos.org.br\/noticias\/author\/jovenal"}]}},"_links":{"self":[{"href":"https:\/\/franciscanos.org.br\/noticias\/wp-json\/wp\/v2\/posts\/241168"}],"collection":[{"href":"https:\/\/franciscanos.org.br\/noticias\/wp-json\/wp\/v2\/posts"}],"about":[{"href":"https:\/\/franciscanos.org.br\/noticias\/wp-json\/wp\/v2\/types\/post"}],"author":[{"embeddable":true,"href":"https:\/\/franciscanos.org.br\/noticias\/wp-json\/wp\/v2\/users\/7"}],"replies":[{"embeddable":true,"href":"https:\/\/franciscanos.org.br\/noticias\/wp-json\/wp\/v2\/comments?post=241168"}],"version-history":[{"count":8,"href":"https:\/\/franciscanos.org.br\/noticias\/wp-json\/wp\/v2\/posts\/241168\/revisions"}],"predecessor-version":[{"id":241301,"href":"https:\/\/franciscanos.org.br\/noticias\/wp-json\/wp\/v2\/posts\/241168\/revisions\/241301"}],"wp:featuredmedia":[{"embeddable":true,"href":"https:\/\/franciscanos.org.br\/noticias\/wp-json\/wp\/v2\/media\/241169"}],"wp:attachment":[{"href":"https:\/\/franciscanos.org.br\/noticias\/wp-json\/wp\/v2\/media?parent=241168"}],"wp:term":[{"taxonomy":"category","embeddable":true,"href":"https:\/\/franciscanos.org.br\/noticias\/wp-json\/wp\/v2\/categories?post=241168"},{"taxonomy":"post_tag","embeddable":true,"href":"https:\/\/franciscanos.org.br\/noticias\/wp-json\/wp\/v2\/tags?post=241168"}],"curies":[{"name":"wp","href":"https:\/\/api.w.org\/{rel}","templated":true}]}}