{"id":241153,"date":"2022-12-08T00:52:32","date_gmt":"2022-12-08T03:52:32","guid":{"rendered":"https:\/\/franciscanos.org.br\/noticias\/?p=241153"},"modified":"2022-12-08T00:52:32","modified_gmt":"2022-12-08T03:52:32","slug":"itf-acolhe-com-festa-os-novos-bachareis-em-teologia","status":"publish","type":"post","link":"https:\/\/franciscanos.org.br\/noticias\/itf-acolhe-com-festa-os-novos-bachareis-em-teologia.html","title":{"rendered":"ITF acolhe com festa os novos bachar\u00e9is em Teologia"},"content":{"rendered":"<p style=\"font-weight: 400;\"><img loading=\"lazy\" class=\"alignnone wp-image-241154 size-full\" src=\"https:\/\/franciscanos.org.br\/noticias\/wp-content\/uploads\/2022\/12\/formatura_071222_1.jpg\" alt=\"\" width=\"1280\" height=\"720\" srcset=\"https:\/\/franciscanos.org.br\/noticias\/wp-content\/uploads\/2022\/12\/formatura_071222_1.jpg 1280w, https:\/\/franciscanos.org.br\/noticias\/wp-content\/uploads\/2022\/12\/formatura_071222_1-450x253.jpg 450w, https:\/\/franciscanos.org.br\/noticias\/wp-content\/uploads\/2022\/12\/formatura_071222_1-1024x576.jpg 1024w, https:\/\/franciscanos.org.br\/noticias\/wp-content\/uploads\/2022\/12\/formatura_071222_1-768x432.jpg 768w, https:\/\/franciscanos.org.br\/noticias\/wp-content\/uploads\/2022\/12\/formatura_071222_1-150x84.jpg 150w\" sizes=\"(max-width: 1280px) 100vw, 1280px\" \/><\/p>\n<p style=\"font-weight: 400;\"><strong>Petr\u00f3polis (RJ) \u2013 <\/strong>Com alegria e festa o Instituto Teol\u00f3gico Franciscano (ITF) de Petr\u00f3polis (RJ), acolheu na noite desta quarta-feira (7\/12), os novos bachar\u00e9is em Teologia. Os formandos Augusto Luiz Gabriel, David Belineli, Diego Oliveira da Silva e Thereza Cristina Diehl, receberam das m\u00e3os de Frei Sandro Roberto da Costa, diretor do ITF, o grau do bacharelado, em um clima de muita gratid\u00e3o.<\/p>\n<p style=\"font-weight: 400;\">No in\u00edcio da solenidade de Cola\u00e7\u00e3o de Grau, os professores Frei El\u00f3i Dionisio Piva, Frei Gilberto da Silva, Frei James Luiz Girardi, Frei Marcos Antonio de Andrade, Frei Francisco Mor\u00e1s e Frei Ronaldo Fiuza Lima, foram convidados para compor a mesa. Na sequ\u00eancia, os formados foram recepcionados no Sal\u00e3o Acad\u00eamico pelo p\u00fablico presente e por Frei Sandro que acolheu a todos os presentes, os professores e Frei Marcos, Definidor Provincial. \u201cQuero felicitar a todos pela conclus\u00e3o desta etapa formativa, onde quatro estudantes concluem hoje uma etapa importante na vida de cada um deles nesta institui\u00e7\u00e3o franciscana\u201d, disse. \u201cDepois de quatro anos, onde todos reconhecemos que n\u00e3o foram anos f\u00e1ceis, mas podemos dizer que conseguimos concluir esta etapa com \u00eaxito\u201d, acolheu.<\/p>\n<p style=\"font-weight: 400;\"><img loading=\"lazy\" class=\"alignnone wp-image-241156 size-full\" src=\"https:\/\/franciscanos.org.br\/noticias\/wp-content\/uploads\/2022\/12\/formatura_071222_3.jpg\" alt=\"\" width=\"1280\" height=\"720\" srcset=\"https:\/\/franciscanos.org.br\/noticias\/wp-content\/uploads\/2022\/12\/formatura_071222_3.jpg 1280w, https:\/\/franciscanos.org.br\/noticias\/wp-content\/uploads\/2022\/12\/formatura_071222_3-450x253.jpg 450w, https:\/\/franciscanos.org.br\/noticias\/wp-content\/uploads\/2022\/12\/formatura_071222_3-1024x576.jpg 1024w, https:\/\/franciscanos.org.br\/noticias\/wp-content\/uploads\/2022\/12\/formatura_071222_3-768x432.jpg 768w, https:\/\/franciscanos.org.br\/noticias\/wp-content\/uploads\/2022\/12\/formatura_071222_3-150x84.jpg 150w\" sizes=\"(max-width: 1280px) 100vw, 1280px\" \/><\/p>\n<p style=\"font-weight: 400;\">Ap\u00f3s a execu\u00e7\u00e3o do Hino Nacional brasileiro, todos os presentes foram convidados a participar de um momento orante, que foi conduzido por Frei David e pela Theresa. Depois, Frei Augusto, orador da turma, proferiu seu discurso.<\/p>\n<p style=\"font-weight: 400;\">\u201cCome\u00e7o esse discurso agradecendo ao Sumo Bem, nosso Criador, pela d\u00e1diva da intelig\u00eancia, sabedoria, da sa\u00fade e do estudo. Sem sua intercess\u00e3o, nada disso seria poss\u00edvel. Quero cumprimentar meus amigos formandos e agradecer pela oportunidade de represent\u00e1-los neste momento de fala. Ressalto que n\u00e3o foi f\u00e1cil escrever esse discurso, mas em nome de todos desejo expressar o sentimento que emana de dentro de n\u00f3s neste dia: gratid\u00e3o\u201d, disse.<\/p>\n<p style=\"font-weight: 400;\"><img loading=\"lazy\" class=\"alignnone wp-image-241157 size-full\" src=\"https:\/\/franciscanos.org.br\/noticias\/wp-content\/uploads\/2022\/12\/formatura_071222_4.jpg\" alt=\"\" width=\"1280\" height=\"720\" srcset=\"https:\/\/franciscanos.org.br\/noticias\/wp-content\/uploads\/2022\/12\/formatura_071222_4.jpg 1280w, https:\/\/franciscanos.org.br\/noticias\/wp-content\/uploads\/2022\/12\/formatura_071222_4-450x253.jpg 450w, https:\/\/franciscanos.org.br\/noticias\/wp-content\/uploads\/2022\/12\/formatura_071222_4-1024x576.jpg 1024w, https:\/\/franciscanos.org.br\/noticias\/wp-content\/uploads\/2022\/12\/formatura_071222_4-768x432.jpg 768w, https:\/\/franciscanos.org.br\/noticias\/wp-content\/uploads\/2022\/12\/formatura_071222_4-150x84.jpg 150w\" sizes=\"(max-width: 1280px) 100vw, 1280px\" \/><\/p>\n<p style=\"font-weight: 400;\">\u201cAo longo de nossa jornada, criamos la\u00e7os de amizade, de fraternidade, amadurecemos como crist\u00e3os cat\u00f3licos, franciscanos, como pessoas, conhecemos e convivemos com profetas, evangelistas, frades, padres, pais da igreja, papas, autores e professores que com maestria nos indicaram o caminho a ser seguido, o de Jesus Cristo, o profeta do Pai que comunica a todos \u201co caminho, a verdade e a vida\u201d, acrescentou.<\/p>\n<p style=\"font-weight: 400;\">\u201cEnfim, \u201ca gratid\u00e3o \u00e9 a mem\u00f3ria do cora\u00e7\u00e3o\u201d, e \u00e9 a forma mais bonita de demonstrar-se grato por aquilo que foi vivido. Por isso, agradecemos a todos os professores e do Instituto Teol\u00f3gico Franciscano, pelo tempo dispensado para conosco, pelas aulas, pelos ensinamentos, pela compreens\u00e3o de nossos anseios, d\u00favidas, questionamentos, e tamb\u00e9m pela paci\u00eancia. Ao agradecer nossos docentes, estendemos nossa gratid\u00e3o ao Frei Sandro, diretor do ITF, e a todos os docentes da Universidade S\u00e3o Francisco\u201d, destacou.<\/p>\n<p style=\"font-weight: 400;\"><img loading=\"lazy\" class=\"alignnone wp-image-241155 size-full\" src=\"https:\/\/franciscanos.org.br\/noticias\/wp-content\/uploads\/2022\/12\/formatura_071222_2.jpg\" alt=\"\" width=\"1280\" height=\"720\" srcset=\"https:\/\/franciscanos.org.br\/noticias\/wp-content\/uploads\/2022\/12\/formatura_071222_2.jpg 1280w, https:\/\/franciscanos.org.br\/noticias\/wp-content\/uploads\/2022\/12\/formatura_071222_2-450x253.jpg 450w, https:\/\/franciscanos.org.br\/noticias\/wp-content\/uploads\/2022\/12\/formatura_071222_2-1024x576.jpg 1024w, https:\/\/franciscanos.org.br\/noticias\/wp-content\/uploads\/2022\/12\/formatura_071222_2-768x432.jpg 768w, https:\/\/franciscanos.org.br\/noticias\/wp-content\/uploads\/2022\/12\/formatura_071222_2-150x84.jpg 150w\" sizes=\"(max-width: 1280px) 100vw, 1280px\" \/><\/p>\n\n\t\t<style type=\"text\/css\">\n\t\t\t#gallery-1 {\n\t\t\t\tmargin: auto;\n\t\t\t}\n\t\t\t#gallery-1 .gallery-item {\n\t\t\t\tfloat: left;\n\t\t\t\tmargin-top: 10px;\n\t\t\t\ttext-align: center;\n\t\t\t\twidth: 20%;\n\t\t\t}\n\t\t\t#gallery-1 img {\n\t\t\t\tborder: 2px solid #cfcfcf;\n\t\t\t}\n\t\t\t#gallery-1 .gallery-caption {\n\t\t\t\tmargin-left: 0;\n\t\t\t}\n\t\t\t\/* see gallery_shortcode() in wp-includes\/media.php *\/\n\t\t<\/style>\n\t\t<div id='gallery-1' class='gallery galleryid-241153 gallery-columns-5 gallery-size-thumbnail'><dl class='gallery-item'>\n\t\t\t<dt class='gallery-icon landscape'>\n\t\t\t\t<a href='https:\/\/franciscanos.org.br\/noticias\/wp-content\/uploads\/2022\/12\/formatura_07122022_7731-Grande.jpeg'><img width=\"300\" height=\"300\" src=\"https:\/\/franciscanos.org.br\/noticias\/wp-content\/uploads\/2022\/12\/formatura_07122022_7731-Grande-300x300.jpeg\" class=\"attachment-thumbnail size-thumbnail\" alt=\"\" loading=\"lazy\" srcset=\"https:\/\/franciscanos.org.br\/noticias\/wp-content\/uploads\/2022\/12\/formatura_07122022_7731-Grande-300x300.jpeg 300w, https:\/\/franciscanos.org.br\/noticias\/wp-content\/uploads\/2022\/12\/formatura_07122022_7731-Grande-100x100.jpeg 100w\" sizes=\"(max-width: 300px) 100vw, 300px\" \/><\/a>\n\t\t\t<\/dt><\/dl><dl class='gallery-item'>\n\t\t\t<dt class='gallery-icon landscape'>\n\t\t\t\t<a href='https:\/\/franciscanos.org.br\/noticias\/wp-content\/uploads\/2022\/12\/formatura_07122022_7736-Grande.jpeg'><img width=\"300\" height=\"300\" src=\"https:\/\/franciscanos.org.br\/noticias\/wp-content\/uploads\/2022\/12\/formatura_07122022_7736-Grande-300x300.jpeg\" class=\"attachment-thumbnail size-thumbnail\" alt=\"\" loading=\"lazy\" srcset=\"https:\/\/franciscanos.org.br\/noticias\/wp-content\/uploads\/2022\/12\/formatura_07122022_7736-Grande-300x300.jpeg 300w, https:\/\/franciscanos.org.br\/noticias\/wp-content\/uploads\/2022\/12\/formatura_07122022_7736-Grande-100x100.jpeg 100w\" sizes=\"(max-width: 300px) 100vw, 300px\" \/><\/a>\n\t\t\t<\/dt><\/dl><dl class='gallery-item'>\n\t\t\t<dt class='gallery-icon landscape'>\n\t\t\t\t<a href='https:\/\/franciscanos.org.br\/noticias\/wp-content\/uploads\/2022\/12\/formatura_07122022_7746-Grande.jpeg'><img width=\"300\" height=\"300\" src=\"https:\/\/franciscanos.org.br\/noticias\/wp-content\/uploads\/2022\/12\/formatura_07122022_7746-Grande-300x300.jpeg\" class=\"attachment-thumbnail size-thumbnail\" alt=\"\" loading=\"lazy\" srcset=\"https:\/\/franciscanos.org.br\/noticias\/wp-content\/uploads\/2022\/12\/formatura_07122022_7746-Grande-300x300.jpeg 300w, https:\/\/franciscanos.org.br\/noticias\/wp-content\/uploads\/2022\/12\/formatura_07122022_7746-Grande-100x100.jpeg 100w\" sizes=\"(max-width: 300px) 100vw, 300px\" \/><\/a>\n\t\t\t<\/dt><\/dl><dl class='gallery-item'>\n\t\t\t<dt class='gallery-icon landscape'>\n\t\t\t\t<a href='https:\/\/franciscanos.org.br\/noticias\/wp-content\/uploads\/2022\/12\/formatura_07122022_7764-Grande.jpeg'><img width=\"300\" height=\"300\" src=\"https:\/\/franciscanos.org.br\/noticias\/wp-content\/uploads\/2022\/12\/formatura_07122022_7764-Grande-300x300.jpeg\" class=\"attachment-thumbnail size-thumbnail\" alt=\"\" loading=\"lazy\" srcset=\"https:\/\/franciscanos.org.br\/noticias\/wp-content\/uploads\/2022\/12\/formatura_07122022_7764-Grande-300x300.jpeg 300w, https:\/\/franciscanos.org.br\/noticias\/wp-content\/uploads\/2022\/12\/formatura_07122022_7764-Grande-100x100.jpeg 100w\" sizes=\"(max-width: 300px) 100vw, 300px\" \/><\/a>\n\t\t\t<\/dt><\/dl><dl class='gallery-item'>\n\t\t\t<dt class='gallery-icon landscape'>\n\t\t\t\t<a href='https:\/\/franciscanos.org.br\/noticias\/wp-content\/uploads\/2022\/12\/formatura_07122022_7835-Grande.jpeg'><img width=\"300\" height=\"300\" src=\"https:\/\/franciscanos.org.br\/noticias\/wp-content\/uploads\/2022\/12\/formatura_07122022_7835-Grande-300x300.jpeg\" class=\"attachment-thumbnail size-thumbnail\" alt=\"\" loading=\"lazy\" srcset=\"https:\/\/franciscanos.org.br\/noticias\/wp-content\/uploads\/2022\/12\/formatura_07122022_7835-Grande-300x300.jpeg 300w, https:\/\/franciscanos.org.br\/noticias\/wp-content\/uploads\/2022\/12\/formatura_07122022_7835-Grande-100x100.jpeg 100w\" sizes=\"(max-width: 300px) 100vw, 300px\" \/><\/a>\n\t\t\t<\/dt><\/dl><br style=\"clear: both\" \/>\n\t\t<\/div>\n\n<p style=\"font-weight: 400;\">\u201cNestes quatro anos, algu\u00e9m nos acompanhou de perto, auxiliando, ensinando e nos encorajando a sempre mais buscar e questionar. Tornamo-nos pr\u00f3ximos da sabedoria na medida em que submergimos em seus saberes. Por isso, queremos louvar e agradecer a Deus por todo bem dispensado a cada um de n\u00f3s\u201d, disse e concluiu citando Fernando Pessoa: \u201cO valor das coisas n\u00e3o est\u00e1 no tempo que elas duram, mas na intensidade com que acontecem\u201d.<\/p>\n<p style=\"font-weight: 400;\">Logo em seguida, passou-se para o juramento e outorga do Grau do Curso de Teologia. De m\u00e3os estendidas, os formandos leram juntos o juramento que ressalta a import\u00e2ncia de empenhar-se pelo conhecimento da verdade, tendo como instrumento principal, a Sagrada Escritura. E, por fim, o diretor do ITF e coordenador do curso de Teologia, Frei Sandro Roberto da Costa proferiu seu discurso.<\/p>\n<p style=\"font-weight: 400;\"><img loading=\"lazy\" class=\"alignnone wp-image-241158 size-full\" src=\"https:\/\/franciscanos.org.br\/noticias\/wp-content\/uploads\/2022\/12\/formatura_071222_5.jpg\" alt=\"\" width=\"1280\" height=\"720\" srcset=\"https:\/\/franciscanos.org.br\/noticias\/wp-content\/uploads\/2022\/12\/formatura_071222_5.jpg 1280w, https:\/\/franciscanos.org.br\/noticias\/wp-content\/uploads\/2022\/12\/formatura_071222_5-450x253.jpg 450w, https:\/\/franciscanos.org.br\/noticias\/wp-content\/uploads\/2022\/12\/formatura_071222_5-1024x576.jpg 1024w, https:\/\/franciscanos.org.br\/noticias\/wp-content\/uploads\/2022\/12\/formatura_071222_5-768x432.jpg 768w, https:\/\/franciscanos.org.br\/noticias\/wp-content\/uploads\/2022\/12\/formatura_071222_5-150x84.jpg 150w\" sizes=\"(max-width: 1280px) 100vw, 1280px\" \/><\/p>\n<p style=\"font-weight: 400;\">Segundo ele, o labor acad\u00eamico n\u00e3o \u00e9 tarefa f\u00e1cil, exige voca\u00e7\u00e3o ao estudo, disciplina, empenho e dedica\u00e7\u00e3o. \u201cPara n\u00f3s franciscanos, sobretudo, o estudo tem um sentido muito espec\u00edfico que exprime em si mesmo toda uma identidade no modo de fazer e viver a proposta de vida de Francisco de Assis e de seus seguidores\u201d, disse. \u201cO estudo, como todas as outras coisas em nossas vidas de fraternidade deve ser enxertado no vigor espiritual de S\u00e3o Francisco\u201d, destacou.<\/p>\n<p style=\"font-weight: 400;\">\u201cNesse sentido, \u00e9 importante esclarecer que estudo n\u00e3o significa apenas e t\u00e3o somente atividade acad\u00eamica formal nas salas de aula, nos bancos das escolas. A palavra estudo traz em si o sentido de empenho com todas as for\u00e7as, com todas as energias, traduz-se no bem comum, na dedica\u00e7\u00e3o ao pr\u00f3ximo, na abertura a toda fraternidade humana e a todas as criaturas. Para o franciscano, o estudo n\u00e3o significa ter t\u00edtulos, privil\u00e9gios, engrandecimento, estudar, a partir do carisma franciscano significa abrir-se a toda humanidade querida por Deus, a toda cria\u00e7\u00e3o, na busca de conhecer o Alt\u00edssimo, o eterno e Sumo Bem. Assim, o estudo tem a ver com contempla\u00e7\u00e3o, que na boa tradi\u00e7\u00e3o franciscana, une o conhecimento cient\u00edfico \u00e0 sabedoria de vida, que inclui tamb\u00e9m a a\u00e7\u00e3o religiosa\u201d, acrescentou.<\/p>\n<p style=\"font-weight: 400;\">A cerim\u00f4nia terminou com a foto oficial e uma confraterniza\u00e7\u00e3o no refeit\u00f3rio do ITF.<\/p>\n<p style=\"font-weight: 400;\"><strong>APRESENTA\u00c7\u00c3O DO TRABALHO DE CONCLUS\u00c3O DE CURSO<\/strong><\/p>\n<p style=\"font-weight: 400;\">Para obten\u00e7\u00e3o do grau de bacharel pelo Instituto Teol\u00f3gico Franciscano (ITF) e ap\u00f3s quatro anos de gradua\u00e7\u00e3o em Teologia, no dia 1\u00ba de dezembro, Frei Augusto e Frei David apresentaram seus Trabalhos de Conclus\u00e3o de Curso (TCC). Confrades, amigos, professores e colaboradores acompanharam este momento.<\/p>\n<p style=\"font-weight: 400;\"><img loading=\"lazy\" class=\"alignnone wp-image-241159 size-full\" src=\"https:\/\/franciscanos.org.br\/noticias\/wp-content\/uploads\/2022\/12\/formatura_071222_6.jpg\" alt=\"\" width=\"1280\" height=\"720\" srcset=\"https:\/\/franciscanos.org.br\/noticias\/wp-content\/uploads\/2022\/12\/formatura_071222_6.jpg 1280w, https:\/\/franciscanos.org.br\/noticias\/wp-content\/uploads\/2022\/12\/formatura_071222_6-450x253.jpg 450w, https:\/\/franciscanos.org.br\/noticias\/wp-content\/uploads\/2022\/12\/formatura_071222_6-1024x576.jpg 1024w, https:\/\/franciscanos.org.br\/noticias\/wp-content\/uploads\/2022\/12\/formatura_071222_6-768x432.jpg 768w, https:\/\/franciscanos.org.br\/noticias\/wp-content\/uploads\/2022\/12\/formatura_071222_6-150x84.jpg 150w\" sizes=\"(max-width: 1280px) 100vw, 1280px\" \/><\/p>\n<p style=\"font-weight: 400;\">Com o tema \u201cDa experi\u00eancia comunicativa de Jesus Cristo e Francisco de Assis \u00e0 nova evangeliza\u00e7\u00e3o virtual na Igreja e Prov\u00edncia da Imaculada Concei\u00e7\u00e3o do Brasil\u201d, Frei Augusto apresentou aspectos teol\u00f3gicos do modo comunicativo de Jesus Cristo, comunicador por excel\u00eancia do Pai. Com um contexto hist\u00f3rico, mostrou como foi que a Igreja adentrou no universo da comunica\u00e7\u00e3o religiosa moderna, tendo na linha de frente os Sumos Pont\u00edfices.<\/p>\n<p style=\"font-weight: 400;\">Segundo ele, \u00e9 a partir da experi\u00eancia comunicativa de Jesus Cristo e da Santa S\u00e9 que se desenvolveu o estilo comunicacional na Prov\u00edncia da Imaculada, que h\u00e1 d\u00e9cadas, dedica tempo e espa\u00e7o para o cultivo do servi\u00e7o da evangeliza\u00e7\u00e3o, atrav\u00e9s da comunica\u00e7\u00e3o. \u201cO modo comunicativo de Jesus Cristo inspira a postura de se fazer comunica\u00e7\u00e3o na Prov\u00edncia da Imaculada. Assim como a trajet\u00f3ria do verdadeiro Messias nesta terra, h\u00e1 mais de dois mil anos, a comunica\u00e7\u00e3o acontece por obra e condu\u00e7\u00e3o do Esp\u00edrito Santo\u201d, explicou Frei Augusto que teve sua banca composta pelo orientador, Frei James Luiz Girardi e o professor, Frei Jo\u00e3o Fernandes Reinert.<\/p>\n<p style=\"font-weight: 400;\"><img loading=\"lazy\" class=\"alignnone wp-image-241160 size-full\" src=\"https:\/\/franciscanos.org.br\/noticias\/wp-content\/uploads\/2022\/12\/formatura_071222_7.jpg\" alt=\"\" width=\"1280\" height=\"720\" srcset=\"https:\/\/franciscanos.org.br\/noticias\/wp-content\/uploads\/2022\/12\/formatura_071222_7.jpg 1280w, https:\/\/franciscanos.org.br\/noticias\/wp-content\/uploads\/2022\/12\/formatura_071222_7-450x253.jpg 450w, https:\/\/franciscanos.org.br\/noticias\/wp-content\/uploads\/2022\/12\/formatura_071222_7-1024x576.jpg 1024w, https:\/\/franciscanos.org.br\/noticias\/wp-content\/uploads\/2022\/12\/formatura_071222_7-768x432.jpg 768w, https:\/\/franciscanos.org.br\/noticias\/wp-content\/uploads\/2022\/12\/formatura_071222_7-150x84.jpg 150w\" sizes=\"(max-width: 1280px) 100vw, 1280px\" \/><\/p>\n<p style=\"font-weight: 400;\">J\u00e1 Frei David Belineli, discorreu sobre a tem\u00e1tica de 1Jo 3,23-5,4, tendo como tema: \u201cComo crer em Jesus Cristo e praticar o amor ao pr\u00f3ximo. Segundo o frades, os assuntos que permeiam esta per\u00edcope s\u00e3o a f\u00e9 e o amor. \u201cMuito embora tais temas estejam presentes ao longo dos escritos joaninos, este exerc\u00edcio de leitura pretende oferecer elementos que permitam uma compreens\u00e3o da obra no horizonte da espiritualidade e da pastoral\u201d, explicou.<\/p>\n<p style=\"font-weight: 400;\">\u201cPara tanto, o caminho de investiga\u00e7\u00e3o levar\u00e1 em conta as pesquisas realizadas sobre as cartas e o Evangelho. N\u00e3o \u00e9 um trabalho exaustivo, mas uma tentativa de aproximar o mais poss\u00edvel das linhas t\u00e3o fundamentais desta teologia do Novo Testamento. O desenvolvimento desta investiga\u00e7\u00e3o levar\u00e1 em conta um olhar sobre os escritos joaninos como um todo\u201d, frisou o frade. \u201cF\u00e9 e amor s\u00e3o os elementos norteadores de toda a reflex\u00e3o. Eles permitem que seja avaliada a teologia joanina neste fragmento da Primeira Carta\u201d, acrescentou. Compuseram sua banca os docentes professor Altamir Andrade que foi seu orientador e Carlos Frederico Schlaepfer.<\/p>\n<p><img loading=\"lazy\" class=\"alignnone wp-image-241161 size-full\" src=\"https:\/\/franciscanos.org.br\/noticias\/wp-content\/uploads\/2022\/12\/formatura_071222_8.jpg\" alt=\"\" width=\"1280\" height=\"720\" srcset=\"https:\/\/franciscanos.org.br\/noticias\/wp-content\/uploads\/2022\/12\/formatura_071222_8.jpg 1280w, https:\/\/franciscanos.org.br\/noticias\/wp-content\/uploads\/2022\/12\/formatura_071222_8-450x253.jpg 450w, https:\/\/franciscanos.org.br\/noticias\/wp-content\/uploads\/2022\/12\/formatura_071222_8-1024x576.jpg 1024w, https:\/\/franciscanos.org.br\/noticias\/wp-content\/uploads\/2022\/12\/formatura_071222_8-768x432.jpg 768w, https:\/\/franciscanos.org.br\/noticias\/wp-content\/uploads\/2022\/12\/formatura_071222_8-150x84.jpg 150w\" sizes=\"(max-width: 1280px) 100vw, 1280px\" \/><\/p>\n<hr \/>\n<p style=\"font-weight: 400;\"><em>Frei Andrei Nascimento dos Anjos (fotos)<\/em><\/p>\n","protected":false},"excerpt":{"rendered":"<p>Tempo da Teologia<\/p>\n","protected":false},"author":5,"featured_media":241154,"comment_status":"open","ping_status":"open","sticky":false,"template":"","format":"standard","meta":[],"categories":[1],"tags":[189,190,604],"acf":[],"yoast_head":"<!-- This site is optimized with the Yoast SEO plugin v19.2 - https:\/\/yoast.com\/wordpress\/plugins\/seo\/ -->\n<title>ITF acolhe com festa os novos bachar\u00e9is em Teologia - Not\u00edcias - Franciscanos<\/title>\n<meta name=\"robots\" content=\"index, follow, max-snippet:-1, max-image-preview:large, max-video-preview:-1\" \/>\n<link rel=\"canonical\" href=\"https:\/\/franciscanos.org.br\/noticias\/itf-acolhe-com-festa-os-novos-bachareis-em-teologia.html\" \/>\n<meta property=\"og:locale\" content=\"pt_BR\" \/>\n<meta property=\"og:type\" content=\"article\" \/>\n<meta property=\"og:title\" content=\"ITF acolhe com festa os novos bachar\u00e9is em Teologia - Not\u00edcias - Franciscanos\" \/>\n<meta property=\"og:description\" content=\"Tempo da Teologia\" \/>\n<meta property=\"og:url\" content=\"https:\/\/franciscanos.org.br\/noticias\/itf-acolhe-com-festa-os-novos-bachareis-em-teologia.html\" \/>\n<meta property=\"og:site_name\" content=\"Not\u00edcias - Franciscanos\" \/>\n<meta property=\"article:published_time\" content=\"2022-12-08T03:52:32+00:00\" \/>\n<meta property=\"og:image\" content=\"https:\/\/franciscanos.org.br\/noticias\/wp-content\/uploads\/2022\/12\/formatura_071222_1.jpg\" \/>\n\t<meta property=\"og:image:width\" content=\"1280\" \/>\n\t<meta property=\"og:image:height\" content=\"720\" \/>\n\t<meta property=\"og:image:type\" content=\"image\/jpeg\" \/>\n<meta name=\"author\" content=\"freiaugusto\" \/>\n<meta name=\"twitter:card\" content=\"summary_large_image\" \/>\n<meta name=\"twitter:label1\" content=\"Escrito por\" \/>\n\t<meta name=\"twitter:data1\" content=\"freiaugusto\" \/>\n\t<meta name=\"twitter:label2\" content=\"Est. tempo de leitura\" \/>\n\t<meta name=\"twitter:data2\" content=\"6 minutos\" \/>\n<script type=\"application\/ld+json\" class=\"yoast-schema-graph\">{\"@context\":\"https:\/\/schema.org\",\"@graph\":[{\"@type\":\"WebSite\",\"@id\":\"https:\/\/franciscanos.org.br\/noticias\/#website\",\"url\":\"https:\/\/franciscanos.org.br\/noticias\/\",\"name\":\"Not\u00edcias - Franciscanos\",\"description\":\"Prov\u00edncia Franciscana da Imaculada Concei\u00e7\u00e3o do Brasil - Ordem dos Frades Menores - OFM\",\"potentialAction\":[{\"@type\":\"SearchAction\",\"target\":{\"@type\":\"EntryPoint\",\"urlTemplate\":\"https:\/\/franciscanos.org.br\/noticias\/?s={search_term_string}\"},\"query-input\":\"required name=search_term_string\"}],\"inLanguage\":\"pt-BR\"},{\"@type\":\"ImageObject\",\"inLanguage\":\"pt-BR\",\"@id\":\"https:\/\/franciscanos.org.br\/noticias\/itf-acolhe-com-festa-os-novos-bachareis-em-teologia.html#primaryimage\",\"url\":\"https:\/\/franciscanos.org.br\/noticias\/wp-content\/uploads\/2022\/12\/formatura_071222_1.jpg\",\"contentUrl\":\"https:\/\/franciscanos.org.br\/noticias\/wp-content\/uploads\/2022\/12\/formatura_071222_1.jpg\",\"width\":1280,\"height\":720},{\"@type\":\"WebPage\",\"@id\":\"https:\/\/franciscanos.org.br\/noticias\/itf-acolhe-com-festa-os-novos-bachareis-em-teologia.html#webpage\",\"url\":\"https:\/\/franciscanos.org.br\/noticias\/itf-acolhe-com-festa-os-novos-bachareis-em-teologia.html\",\"name\":\"ITF acolhe com festa os novos bachar\u00e9is em Teologia - Not\u00edcias - Franciscanos\",\"isPartOf\":{\"@id\":\"https:\/\/franciscanos.org.br\/noticias\/#website\"},\"primaryImageOfPage\":{\"@id\":\"https:\/\/franciscanos.org.br\/noticias\/itf-acolhe-com-festa-os-novos-bachareis-em-teologia.html#primaryimage\"},\"datePublished\":\"2022-12-08T03:52:32+00:00\",\"dateModified\":\"2022-12-08T03:52:32+00:00\",\"author\":{\"@id\":\"https:\/\/franciscanos.org.br\/noticias\/#\/schema\/person\/37f88f0d111cd5358b12a6556a99eb91\"},\"breadcrumb\":{\"@id\":\"https:\/\/franciscanos.org.br\/noticias\/itf-acolhe-com-festa-os-novos-bachareis-em-teologia.html#breadcrumb\"},\"inLanguage\":\"pt-BR\",\"potentialAction\":[{\"@type\":\"ReadAction\",\"target\":[\"https:\/\/franciscanos.org.br\/noticias\/itf-acolhe-com-festa-os-novos-bachareis-em-teologia.html\"]}]},{\"@type\":\"BreadcrumbList\",\"@id\":\"https:\/\/franciscanos.org.br\/noticias\/itf-acolhe-com-festa-os-novos-bachareis-em-teologia.html#breadcrumb\",\"itemListElement\":[{\"@type\":\"ListItem\",\"position\":1,\"name\":\"Home\",\"item\":\"https:\/\/franciscanos.org.br\/noticias\"},{\"@type\":\"ListItem\",\"position\":2,\"name\":\"ITF acolhe com festa os novos bachar\u00e9is em Teologia\"}]},{\"@type\":\"Person\",\"@id\":\"https:\/\/franciscanos.org.br\/noticias\/#\/schema\/person\/37f88f0d111cd5358b12a6556a99eb91\",\"name\":\"freiaugusto\",\"image\":{\"@type\":\"ImageObject\",\"inLanguage\":\"pt-BR\",\"@id\":\"https:\/\/franciscanos.org.br\/noticias\/#\/schema\/person\/image\/\",\"url\":\"https:\/\/secure.gravatar.com\/avatar\/9840b940e621801b24f3e6b059efb4b7?s=96&d=mm&r=g\",\"contentUrl\":\"https:\/\/secure.gravatar.com\/avatar\/9840b940e621801b24f3e6b059efb4b7?s=96&d=mm&r=g\",\"caption\":\"freiaugusto\"},\"url\":\"https:\/\/franciscanos.org.br\/noticias\/author\/freiaugusto\"}]}<\/script>\n<!-- \/ Yoast SEO plugin. -->","yoast_head_json":{"title":"ITF acolhe com festa os novos bachar\u00e9is em Teologia - Not\u00edcias - Franciscanos","robots":{"index":"index","follow":"follow","max-snippet":"max-snippet:-1","max-image-preview":"max-image-preview:large","max-video-preview":"max-video-preview:-1"},"canonical":"https:\/\/franciscanos.org.br\/noticias\/itf-acolhe-com-festa-os-novos-bachareis-em-teologia.html","og_locale":"pt_BR","og_type":"article","og_title":"ITF acolhe com festa os novos bachar\u00e9is em Teologia - Not\u00edcias - Franciscanos","og_description":"Tempo da Teologia","og_url":"https:\/\/franciscanos.org.br\/noticias\/itf-acolhe-com-festa-os-novos-bachareis-em-teologia.html","og_site_name":"Not\u00edcias - Franciscanos","article_published_time":"2022-12-08T03:52:32+00:00","og_image":[{"width":1280,"height":720,"url":"https:\/\/franciscanos.org.br\/noticias\/wp-content\/uploads\/2022\/12\/formatura_071222_1.jpg","type":"image\/jpeg"}],"author":"freiaugusto","twitter_card":"summary_large_image","twitter_misc":{"Escrito por":"freiaugusto","Est. tempo de leitura":"6 minutos"},"schema":{"@context":"https:\/\/schema.org","@graph":[{"@type":"WebSite","@id":"https:\/\/franciscanos.org.br\/noticias\/#website","url":"https:\/\/franciscanos.org.br\/noticias\/","name":"Not\u00edcias - Franciscanos","description":"Prov\u00edncia Franciscana da Imaculada Concei\u00e7\u00e3o do Brasil - Ordem dos Frades Menores - OFM","potentialAction":[{"@type":"SearchAction","target":{"@type":"EntryPoint","urlTemplate":"https:\/\/franciscanos.org.br\/noticias\/?s={search_term_string}"},"query-input":"required name=search_term_string"}],"inLanguage":"pt-BR"},{"@type":"ImageObject","inLanguage":"pt-BR","@id":"https:\/\/franciscanos.org.br\/noticias\/itf-acolhe-com-festa-os-novos-bachareis-em-teologia.html#primaryimage","url":"https:\/\/franciscanos.org.br\/noticias\/wp-content\/uploads\/2022\/12\/formatura_071222_1.jpg","contentUrl":"https:\/\/franciscanos.org.br\/noticias\/wp-content\/uploads\/2022\/12\/formatura_071222_1.jpg","width":1280,"height":720},{"@type":"WebPage","@id":"https:\/\/franciscanos.org.br\/noticias\/itf-acolhe-com-festa-os-novos-bachareis-em-teologia.html#webpage","url":"https:\/\/franciscanos.org.br\/noticias\/itf-acolhe-com-festa-os-novos-bachareis-em-teologia.html","name":"ITF acolhe com festa os novos bachar\u00e9is em Teologia - Not\u00edcias - Franciscanos","isPartOf":{"@id":"https:\/\/franciscanos.org.br\/noticias\/#website"},"primaryImageOfPage":{"@id":"https:\/\/franciscanos.org.br\/noticias\/itf-acolhe-com-festa-os-novos-bachareis-em-teologia.html#primaryimage"},"datePublished":"2022-12-08T03:52:32+00:00","dateModified":"2022-12-08T03:52:32+00:00","author":{"@id":"https:\/\/franciscanos.org.br\/noticias\/#\/schema\/person\/37f88f0d111cd5358b12a6556a99eb91"},"breadcrumb":{"@id":"https:\/\/franciscanos.org.br\/noticias\/itf-acolhe-com-festa-os-novos-bachareis-em-teologia.html#breadcrumb"},"inLanguage":"pt-BR","potentialAction":[{"@type":"ReadAction","target":["https:\/\/franciscanos.org.br\/noticias\/itf-acolhe-com-festa-os-novos-bachareis-em-teologia.html"]}]},{"@type":"BreadcrumbList","@id":"https:\/\/franciscanos.org.br\/noticias\/itf-acolhe-com-festa-os-novos-bachareis-em-teologia.html#breadcrumb","itemListElement":[{"@type":"ListItem","position":1,"name":"Home","item":"https:\/\/franciscanos.org.br\/noticias"},{"@type":"ListItem","position":2,"name":"ITF acolhe com festa os novos bachar\u00e9is em Teologia"}]},{"@type":"Person","@id":"https:\/\/franciscanos.org.br\/noticias\/#\/schema\/person\/37f88f0d111cd5358b12a6556a99eb91","name":"freiaugusto","image":{"@type":"ImageObject","inLanguage":"pt-BR","@id":"https:\/\/franciscanos.org.br\/noticias\/#\/schema\/person\/image\/","url":"https:\/\/secure.gravatar.com\/avatar\/9840b940e621801b24f3e6b059efb4b7?s=96&d=mm&r=g","contentUrl":"https:\/\/secure.gravatar.com\/avatar\/9840b940e621801b24f3e6b059efb4b7?s=96&d=mm&r=g","caption":"freiaugusto"},"url":"https:\/\/franciscanos.org.br\/noticias\/author\/freiaugusto"}]}},"_links":{"self":[{"href":"https:\/\/franciscanos.org.br\/noticias\/wp-json\/wp\/v2\/posts\/241153"}],"collection":[{"href":"https:\/\/franciscanos.org.br\/noticias\/wp-json\/wp\/v2\/posts"}],"about":[{"href":"https:\/\/franciscanos.org.br\/noticias\/wp-json\/wp\/v2\/types\/post"}],"author":[{"embeddable":true,"href":"https:\/\/franciscanos.org.br\/noticias\/wp-json\/wp\/v2\/users\/5"}],"replies":[{"embeddable":true,"href":"https:\/\/franciscanos.org.br\/noticias\/wp-json\/wp\/v2\/comments?post=241153"}],"version-history":[{"count":1,"href":"https:\/\/franciscanos.org.br\/noticias\/wp-json\/wp\/v2\/posts\/241153\/revisions"}],"predecessor-version":[{"id":241167,"href":"https:\/\/franciscanos.org.br\/noticias\/wp-json\/wp\/v2\/posts\/241153\/revisions\/241167"}],"wp:featuredmedia":[{"embeddable":true,"href":"https:\/\/franciscanos.org.br\/noticias\/wp-json\/wp\/v2\/media\/241154"}],"wp:attachment":[{"href":"https:\/\/franciscanos.org.br\/noticias\/wp-json\/wp\/v2\/media?parent=241153"}],"wp:term":[{"taxonomy":"category","embeddable":true,"href":"https:\/\/franciscanos.org.br\/noticias\/wp-json\/wp\/v2\/categories?post=241153"},{"taxonomy":"post_tag","embeddable":true,"href":"https:\/\/franciscanos.org.br\/noticias\/wp-json\/wp\/v2\/tags?post=241153"}],"curies":[{"name":"wp","href":"https:\/\/api.w.org\/{rel}","templated":true}]}}