{"id":241113,"date":"2022-12-05T11:20:58","date_gmt":"2022-12-05T14:20:58","guid":{"rendered":"https:\/\/franciscanos.org.br\/noticias\/?p=241113"},"modified":"2022-12-05T11:20:58","modified_gmt":"2022-12-05T14:20:58","slug":"frei-franklin-matheus-renova-os-votos-temporarios","status":"publish","type":"post","link":"https:\/\/franciscanos.org.br\/noticias\/frei-franklin-matheus-renova-os-votos-temporarios.html","title":{"rendered":"Frei Franklin Matheus renova os votos tempor\u00e1rios"},"content":{"rendered":"<p><img loading=\"lazy\" class=\"alignnone size-full wp-image-241114\" src=\"https:\/\/franciscanos.org.br\/noticias\/wp-content\/uploads\/2022\/12\/franklin_01.jpg\" alt=\"\" width=\"1280\" height=\"720\" srcset=\"https:\/\/franciscanos.org.br\/noticias\/wp-content\/uploads\/2022\/12\/franklin_01.jpg 1280w, https:\/\/franciscanos.org.br\/noticias\/wp-content\/uploads\/2022\/12\/franklin_01-450x253.jpg 450w, https:\/\/franciscanos.org.br\/noticias\/wp-content\/uploads\/2022\/12\/franklin_01-1024x576.jpg 1024w, https:\/\/franciscanos.org.br\/noticias\/wp-content\/uploads\/2022\/12\/franklin_01-768x432.jpg 768w, https:\/\/franciscanos.org.br\/noticias\/wp-content\/uploads\/2022\/12\/franklin_01-150x84.jpg 150w\" sizes=\"(max-width: 1280px) 100vw, 1280px\" \/><\/p>\n<p>No segundo domingo do Advento (4\/12), Frei Franklin Matheus da Costa, OFM, renovou os votos religiosos, por mais um ano, nas m\u00e3os de Frei Jos\u00e9 Francisco de C\u00e1ssia dos Santos, OFM, delegado de Frei Paulo Roberto Pereira, OFM, Ministro Provincial desta Prov\u00edncia Franciscana da Imaculada Concei\u00e7\u00e3o do Brasil, que se encontra em viagem \u00e0 Miss\u00e3o de Angola.<\/p>\n<p>Frei Jos\u00e9 Francisco, guardi\u00e3o da Fraternidade Santo Ant\u00f4nio do Pari, presidiu a Celebra\u00e7\u00e3o Eucar\u00edstica \u00e0s 19 horas, na Igreja Santo Ant\u00f4nio do Pari, saudando Frei Franklin, o povo e seus confrades, que vieram das quatro Fraternidades de S\u00e3o Paulo, entre eles os Definidores Frei Fid\u00eancio Vanboemmel e Frei Robson Luiz Scudela.<\/p>\n<p>Frei Tiago Gomes Elias, no coment\u00e1rio inicial, saudou as religiosas e o povo de Deus: &#8220;O profeta Isaias escrevendo de forma po\u00e9tica nos fala de um sonho em que, do tronco de Jess\u00e9 surgiria um broto e do broto uma flor \u2013 o messias \u2013 e sobre ele repousaria o Espirito do Senhor. Hoje em torno dessa profecia a Igreja se re\u00fane, nas fraternidades das Irm\u00e3s Franciscanas da Terceira Ordem Ser\u00e1fica, Irm\u00e3s catequistas Franciscanas, Irm\u00e3s Mission\u00e1rias da Imaculada Concei\u00e7\u00e3o da M\u00e3e de Deus, Irm\u00e3s de Cristo Oper\u00e1rio, assim tamb\u00e9m com a presen\u00e7a das Irm\u00e3s Scalabrinianas, Irm\u00e3s de Santa Maria e Ordem Franciscana Secular e todo povo de Deus, para animar e encorajar a Renova\u00e7\u00e3o dos Votos de Frei Franklin Matheus da Costa, na Ordem dos Frades Menores. Pedimos a intercess\u00e3o de S\u00e3o Francisco de Assis para que nosso irm\u00e3o persevere no Seguimento de Cristo Pobre e Crucificado&#8221;.<\/p>\n<p><img loading=\"lazy\" class=\"alignnone wp-image-241115 size-full\" src=\"https:\/\/franciscanos.org.br\/noticias\/wp-content\/uploads\/2022\/12\/franklin_02.jpg\" alt=\"\" width=\"1280\" height=\"739\" srcset=\"https:\/\/franciscanos.org.br\/noticias\/wp-content\/uploads\/2022\/12\/franklin_02.jpg 1280w, https:\/\/franciscanos.org.br\/noticias\/wp-content\/uploads\/2022\/12\/franklin_02-450x260.jpg 450w, https:\/\/franciscanos.org.br\/noticias\/wp-content\/uploads\/2022\/12\/franklin_02-1024x591.jpg 1024w, https:\/\/franciscanos.org.br\/noticias\/wp-content\/uploads\/2022\/12\/franklin_02-768x443.jpg 768w, https:\/\/franciscanos.org.br\/noticias\/wp-content\/uploads\/2022\/12\/franklin_02-150x87.jpg 150w\" sizes=\"(max-width: 1280px) 100vw, 1280px\" \/><\/p>\n<p>Este rito \u00e9 pr\u00f3prio do religioso que depois de fazer o noviciado, por alguns anos, renova o compromisso de viver os conselhos evang\u00e9licos de sem nada de pr\u00f3prio, castidade e obedi\u00eancia at\u00e9 que fa\u00e7a a profiss\u00e3o perp\u00e9tua dos votos. Este per\u00edodo \u00e9 chamado de Tempo de Profiss\u00e3o Tempor\u00e1ria.<\/p>\n<p>Ap\u00f3s a homilia, seguiu-se o rito de renova\u00e7\u00e3o, quando o delegado do Ministro Provincial rezou: &#8220;A exemplo de nosso Pai S\u00e3o Francisco, que costumava repetir: 1Comecemos, irm\u00e3os, a servir o Senhor Deus, porque at\u00e9 agora pouco ou nada fizemos&#8217;, elevemos, irm\u00e3os car\u00edssimos, a nossa ora\u00e7\u00e3o a Deus nosso Pai, de quem procede a perseveran\u00e7a no bem, que conceda o aux\u00edlio de sua gra\u00e7a a este nosso irm\u00e3o que, hoje, quer renovar sua profiss\u00e3o na Ordem Franciscana&#8221;. Frei Franklin, ent\u00e3o, prometeu, durante um ano, a viv\u00eancia dos conselhos evang\u00e9licos ao modo de S\u00e3o Francisco de Assis. Em seguida, ele assinou o documento desta renova\u00e7\u00e3o.<\/p>\n<p><img loading=\"lazy\" class=\"alignnone size-full wp-image-241116\" src=\"https:\/\/franciscanos.org.br\/noticias\/wp-content\/uploads\/2022\/12\/franklin_03.jpg\" alt=\"\" width=\"1200\" height=\"709\" srcset=\"https:\/\/franciscanos.org.br\/noticias\/wp-content\/uploads\/2022\/12\/franklin_03.jpg 1200w, https:\/\/franciscanos.org.br\/noticias\/wp-content\/uploads\/2022\/12\/franklin_03-450x266.jpg 450w, https:\/\/franciscanos.org.br\/noticias\/wp-content\/uploads\/2022\/12\/franklin_03-1024x605.jpg 1024w, https:\/\/franciscanos.org.br\/noticias\/wp-content\/uploads\/2022\/12\/franklin_03-768x454.jpg 768w, https:\/\/franciscanos.org.br\/noticias\/wp-content\/uploads\/2022\/12\/franklin_03-150x89.jpg 150w\" sizes=\"(max-width: 1200px) 100vw, 1200px\" \/><\/p>\n<p>Frei Franklin residiu nesta Fraternidade em 2022 durante o Ano Mission\u00e1rio, etapa formativa depois do tempo de Filosofia, onde esteve a servi\u00e7o da evangeliza\u00e7\u00e3o no Sefras (Servi\u00e7o Franciscano de Solidariedade).<br \/>\nFrei Franklin Matheus da Costa nasceu em Heliodora (MG) no dia 13\/04\/1999. \u00c9 filho de Ana L\u00facia da Costa e irm\u00e3o de P\u00e2mela da Costa Barbosa. Com 13 anos fez o acompanhamento Vocacional na Par\u00f3quia Porci\u00fancula de Santana, em Niter\u00f3i (RJ), e ingressou no Semin\u00e1rio S\u00e3o Francisco em Ituporanga (SC) no dia 2 de fevereiro de 2014, onde cursou e concluiu os estudos do Ensino M\u00e9dio. Em seguida, fez o Postulantado em Guaratinguet\u00e1 em 2017. Ingressou no Noviciado de Rodeio em 2018, quando fez a profiss\u00e3o tempor\u00e1ria na Ordem dos Frades Menores no dia 10 de janeiro de 2019. Cursou Filosofia no instituto S\u00e3o Boaventura, de 2019 a 2021. Em 2022, fez a experi\u00eancia de Ano Mission\u00e1rio e segue agora para Petr\u00f3polis, onde vai residir e cursar Teologia durante quatro anos.<\/p>\n<p><img loading=\"lazy\" class=\"alignnone size-full wp-image-241117\" src=\"https:\/\/franciscanos.org.br\/noticias\/wp-content\/uploads\/2022\/12\/franklin_04.jpg\" alt=\"\" width=\"1280\" height=\"666\" srcset=\"https:\/\/franciscanos.org.br\/noticias\/wp-content\/uploads\/2022\/12\/franklin_04.jpg 1280w, https:\/\/franciscanos.org.br\/noticias\/wp-content\/uploads\/2022\/12\/franklin_04-450x234.jpg 450w, https:\/\/franciscanos.org.br\/noticias\/wp-content\/uploads\/2022\/12\/franklin_04-1024x533.jpg 1024w, https:\/\/franciscanos.org.br\/noticias\/wp-content\/uploads\/2022\/12\/franklin_04-768x400.jpg 768w, https:\/\/franciscanos.org.br\/noticias\/wp-content\/uploads\/2022\/12\/franklin_04-150x78.jpg 150w\" sizes=\"(max-width: 1280px) 100vw, 1280px\" \/><\/p>\n","protected":false},"excerpt":{"rendered":"<p>Renova\u00e7\u00e3o dos Votos<\/p>\n","protected":false},"author":3,"featured_media":241114,"comment_status":"open","ping_status":"open","sticky":false,"template":"","format":"standard","meta":[],"categories":[1],"tags":[1152],"acf":[],"yoast_head":"<!-- This site is optimized with the Yoast SEO plugin v19.2 - https:\/\/yoast.com\/wordpress\/plugins\/seo\/ -->\n<title>Frei Franklin Matheus renova os votos tempor\u00e1rios - Not\u00edcias - Franciscanos<\/title>\n<meta name=\"robots\" content=\"index, follow, max-snippet:-1, max-image-preview:large, max-video-preview:-1\" \/>\n<link rel=\"canonical\" href=\"https:\/\/franciscanos.org.br\/noticias\/frei-franklin-matheus-renova-os-votos-temporarios.html\" \/>\n<meta property=\"og:locale\" content=\"pt_BR\" \/>\n<meta property=\"og:type\" content=\"article\" \/>\n<meta property=\"og:title\" content=\"Frei Franklin Matheus renova os votos tempor\u00e1rios - Not\u00edcias - Franciscanos\" \/>\n<meta property=\"og:description\" content=\"Renova\u00e7\u00e3o dos Votos\" \/>\n<meta property=\"og:url\" content=\"https:\/\/franciscanos.org.br\/noticias\/frei-franklin-matheus-renova-os-votos-temporarios.html\" \/>\n<meta property=\"og:site_name\" content=\"Not\u00edcias - Franciscanos\" \/>\n<meta property=\"article:published_time\" content=\"2022-12-05T14:20:58+00:00\" \/>\n<meta property=\"og:image\" content=\"https:\/\/franciscanos.org.br\/noticias\/wp-content\/uploads\/2022\/12\/franklin_01.jpg\" \/>\n\t<meta property=\"og:image:width\" content=\"1280\" \/>\n\t<meta property=\"og:image:height\" content=\"720\" \/>\n\t<meta property=\"og:image:type\" content=\"image\/jpeg\" \/>\n<meta name=\"author\" content=\"moacir\" \/>\n<meta name=\"twitter:card\" content=\"summary_large_image\" \/>\n<meta name=\"twitter:label1\" content=\"Escrito por\" \/>\n\t<meta name=\"twitter:data1\" content=\"moacir\" \/>\n\t<meta name=\"twitter:label2\" content=\"Est. tempo de leitura\" \/>\n\t<meta name=\"twitter:data2\" content=\"3 minutos\" \/>\n<script type=\"application\/ld+json\" class=\"yoast-schema-graph\">{\"@context\":\"https:\/\/schema.org\",\"@graph\":[{\"@type\":\"WebSite\",\"@id\":\"https:\/\/franciscanos.org.br\/noticias\/#website\",\"url\":\"https:\/\/franciscanos.org.br\/noticias\/\",\"name\":\"Not\u00edcias - Franciscanos\",\"description\":\"Prov\u00edncia Franciscana da Imaculada Concei\u00e7\u00e3o do Brasil - Ordem dos Frades Menores - OFM\",\"potentialAction\":[{\"@type\":\"SearchAction\",\"target\":{\"@type\":\"EntryPoint\",\"urlTemplate\":\"https:\/\/franciscanos.org.br\/noticias\/?s={search_term_string}\"},\"query-input\":\"required name=search_term_string\"}],\"inLanguage\":\"pt-BR\"},{\"@type\":\"ImageObject\",\"inLanguage\":\"pt-BR\",\"@id\":\"https:\/\/franciscanos.org.br\/noticias\/frei-franklin-matheus-renova-os-votos-temporarios.html#primaryimage\",\"url\":\"https:\/\/franciscanos.org.br\/noticias\/wp-content\/uploads\/2022\/12\/franklin_01.jpg\",\"contentUrl\":\"https:\/\/franciscanos.org.br\/noticias\/wp-content\/uploads\/2022\/12\/franklin_01.jpg\",\"width\":1280,\"height\":720},{\"@type\":\"WebPage\",\"@id\":\"https:\/\/franciscanos.org.br\/noticias\/frei-franklin-matheus-renova-os-votos-temporarios.html#webpage\",\"url\":\"https:\/\/franciscanos.org.br\/noticias\/frei-franklin-matheus-renova-os-votos-temporarios.html\",\"name\":\"Frei Franklin Matheus renova os votos tempor\u00e1rios - Not\u00edcias - Franciscanos\",\"isPartOf\":{\"@id\":\"https:\/\/franciscanos.org.br\/noticias\/#website\"},\"primaryImageOfPage\":{\"@id\":\"https:\/\/franciscanos.org.br\/noticias\/frei-franklin-matheus-renova-os-votos-temporarios.html#primaryimage\"},\"datePublished\":\"2022-12-05T14:20:58+00:00\",\"dateModified\":\"2022-12-05T14:20:58+00:00\",\"author\":{\"@id\":\"https:\/\/franciscanos.org.br\/noticias\/#\/schema\/person\/b5c8cba458c330ccff548b056e95a5d4\"},\"breadcrumb\":{\"@id\":\"https:\/\/franciscanos.org.br\/noticias\/frei-franklin-matheus-renova-os-votos-temporarios.html#breadcrumb\"},\"inLanguage\":\"pt-BR\",\"potentialAction\":[{\"@type\":\"ReadAction\",\"target\":[\"https:\/\/franciscanos.org.br\/noticias\/frei-franklin-matheus-renova-os-votos-temporarios.html\"]}]},{\"@type\":\"BreadcrumbList\",\"@id\":\"https:\/\/franciscanos.org.br\/noticias\/frei-franklin-matheus-renova-os-votos-temporarios.html#breadcrumb\",\"itemListElement\":[{\"@type\":\"ListItem\",\"position\":1,\"name\":\"Home\",\"item\":\"https:\/\/franciscanos.org.br\/noticias\"},{\"@type\":\"ListItem\",\"position\":2,\"name\":\"Frei Franklin Matheus renova os votos tempor\u00e1rios\"}]},{\"@type\":\"Person\",\"@id\":\"https:\/\/franciscanos.org.br\/noticias\/#\/schema\/person\/b5c8cba458c330ccff548b056e95a5d4\",\"name\":\"moacir\",\"image\":{\"@type\":\"ImageObject\",\"inLanguage\":\"pt-BR\",\"@id\":\"https:\/\/franciscanos.org.br\/noticias\/#\/schema\/person\/image\/\",\"url\":\"https:\/\/secure.gravatar.com\/avatar\/d08aa2ce4c8dd416d4479aa8536fcf64?s=96&d=mm&r=g\",\"contentUrl\":\"https:\/\/secure.gravatar.com\/avatar\/d08aa2ce4c8dd416d4479aa8536fcf64?s=96&d=mm&r=g\",\"caption\":\"moacir\"},\"url\":\"https:\/\/franciscanos.org.br\/noticias\/author\/moacir\"}]}<\/script>\n<!-- \/ Yoast SEO plugin. -->","yoast_head_json":{"title":"Frei Franklin Matheus renova os votos tempor\u00e1rios - Not\u00edcias - Franciscanos","robots":{"index":"index","follow":"follow","max-snippet":"max-snippet:-1","max-image-preview":"max-image-preview:large","max-video-preview":"max-video-preview:-1"},"canonical":"https:\/\/franciscanos.org.br\/noticias\/frei-franklin-matheus-renova-os-votos-temporarios.html","og_locale":"pt_BR","og_type":"article","og_title":"Frei Franklin Matheus renova os votos tempor\u00e1rios - Not\u00edcias - Franciscanos","og_description":"Renova\u00e7\u00e3o dos Votos","og_url":"https:\/\/franciscanos.org.br\/noticias\/frei-franklin-matheus-renova-os-votos-temporarios.html","og_site_name":"Not\u00edcias - Franciscanos","article_published_time":"2022-12-05T14:20:58+00:00","og_image":[{"width":1280,"height":720,"url":"https:\/\/franciscanos.org.br\/noticias\/wp-content\/uploads\/2022\/12\/franklin_01.jpg","type":"image\/jpeg"}],"author":"moacir","twitter_card":"summary_large_image","twitter_misc":{"Escrito por":"moacir","Est. tempo de leitura":"3 minutos"},"schema":{"@context":"https:\/\/schema.org","@graph":[{"@type":"WebSite","@id":"https:\/\/franciscanos.org.br\/noticias\/#website","url":"https:\/\/franciscanos.org.br\/noticias\/","name":"Not\u00edcias - Franciscanos","description":"Prov\u00edncia Franciscana da Imaculada Concei\u00e7\u00e3o do Brasil - Ordem dos Frades Menores - OFM","potentialAction":[{"@type":"SearchAction","target":{"@type":"EntryPoint","urlTemplate":"https:\/\/franciscanos.org.br\/noticias\/?s={search_term_string}"},"query-input":"required name=search_term_string"}],"inLanguage":"pt-BR"},{"@type":"ImageObject","inLanguage":"pt-BR","@id":"https:\/\/franciscanos.org.br\/noticias\/frei-franklin-matheus-renova-os-votos-temporarios.html#primaryimage","url":"https:\/\/franciscanos.org.br\/noticias\/wp-content\/uploads\/2022\/12\/franklin_01.jpg","contentUrl":"https:\/\/franciscanos.org.br\/noticias\/wp-content\/uploads\/2022\/12\/franklin_01.jpg","width":1280,"height":720},{"@type":"WebPage","@id":"https:\/\/franciscanos.org.br\/noticias\/frei-franklin-matheus-renova-os-votos-temporarios.html#webpage","url":"https:\/\/franciscanos.org.br\/noticias\/frei-franklin-matheus-renova-os-votos-temporarios.html","name":"Frei Franklin Matheus renova os votos tempor\u00e1rios - Not\u00edcias - Franciscanos","isPartOf":{"@id":"https:\/\/franciscanos.org.br\/noticias\/#website"},"primaryImageOfPage":{"@id":"https:\/\/franciscanos.org.br\/noticias\/frei-franklin-matheus-renova-os-votos-temporarios.html#primaryimage"},"datePublished":"2022-12-05T14:20:58+00:00","dateModified":"2022-12-05T14:20:58+00:00","author":{"@id":"https:\/\/franciscanos.org.br\/noticias\/#\/schema\/person\/b5c8cba458c330ccff548b056e95a5d4"},"breadcrumb":{"@id":"https:\/\/franciscanos.org.br\/noticias\/frei-franklin-matheus-renova-os-votos-temporarios.html#breadcrumb"},"inLanguage":"pt-BR","potentialAction":[{"@type":"ReadAction","target":["https:\/\/franciscanos.org.br\/noticias\/frei-franklin-matheus-renova-os-votos-temporarios.html"]}]},{"@type":"BreadcrumbList","@id":"https:\/\/franciscanos.org.br\/noticias\/frei-franklin-matheus-renova-os-votos-temporarios.html#breadcrumb","itemListElement":[{"@type":"ListItem","position":1,"name":"Home","item":"https:\/\/franciscanos.org.br\/noticias"},{"@type":"ListItem","position":2,"name":"Frei Franklin Matheus renova os votos tempor\u00e1rios"}]},{"@type":"Person","@id":"https:\/\/franciscanos.org.br\/noticias\/#\/schema\/person\/b5c8cba458c330ccff548b056e95a5d4","name":"moacir","image":{"@type":"ImageObject","inLanguage":"pt-BR","@id":"https:\/\/franciscanos.org.br\/noticias\/#\/schema\/person\/image\/","url":"https:\/\/secure.gravatar.com\/avatar\/d08aa2ce4c8dd416d4479aa8536fcf64?s=96&d=mm&r=g","contentUrl":"https:\/\/secure.gravatar.com\/avatar\/d08aa2ce4c8dd416d4479aa8536fcf64?s=96&d=mm&r=g","caption":"moacir"},"url":"https:\/\/franciscanos.org.br\/noticias\/author\/moacir"}]}},"_links":{"self":[{"href":"https:\/\/franciscanos.org.br\/noticias\/wp-json\/wp\/v2\/posts\/241113"}],"collection":[{"href":"https:\/\/franciscanos.org.br\/noticias\/wp-json\/wp\/v2\/posts"}],"about":[{"href":"https:\/\/franciscanos.org.br\/noticias\/wp-json\/wp\/v2\/types\/post"}],"author":[{"embeddable":true,"href":"https:\/\/franciscanos.org.br\/noticias\/wp-json\/wp\/v2\/users\/3"}],"replies":[{"embeddable":true,"href":"https:\/\/franciscanos.org.br\/noticias\/wp-json\/wp\/v2\/comments?post=241113"}],"version-history":[{"count":1,"href":"https:\/\/franciscanos.org.br\/noticias\/wp-json\/wp\/v2\/posts\/241113\/revisions"}],"predecessor-version":[{"id":241118,"href":"https:\/\/franciscanos.org.br\/noticias\/wp-json\/wp\/v2\/posts\/241113\/revisions\/241118"}],"wp:featuredmedia":[{"embeddable":true,"href":"https:\/\/franciscanos.org.br\/noticias\/wp-json\/wp\/v2\/media\/241114"}],"wp:attachment":[{"href":"https:\/\/franciscanos.org.br\/noticias\/wp-json\/wp\/v2\/media?parent=241113"}],"wp:term":[{"taxonomy":"category","embeddable":true,"href":"https:\/\/franciscanos.org.br\/noticias\/wp-json\/wp\/v2\/categories?post=241113"},{"taxonomy":"post_tag","embeddable":true,"href":"https:\/\/franciscanos.org.br\/noticias\/wp-json\/wp\/v2\/tags?post=241113"}],"curies":[{"name":"wp","href":"https:\/\/api.w.org\/{rel}","templated":true}]}}