{"id":241107,"date":"2022-12-03T09:27:20","date_gmt":"2022-12-03T12:27:20","guid":{"rendered":"https:\/\/franciscanos.org.br\/noticias\/?p=241107"},"modified":"2022-12-05T09:30:21","modified_gmt":"2022-12-05T12:30:21","slug":"peregrinacao-pelo-vale-de-rieti-frades-franciscanos-inauguraram-o-8o-centenario","status":"publish","type":"post","link":"https:\/\/franciscanos.org.br\/noticias\/peregrinacao-pelo-vale-de-rieti-frades-franciscanos-inauguraram-o-8o-centenario.html","title":{"rendered":"Peregrina\u00e7\u00e3o pelo vale de Rieti. Frades franciscanos inauguraram o 8\u00ba Centen\u00e1rio."},"content":{"rendered":"<p><img loading=\"lazy\" class=\"alignnone size-full wp-image-241108\" src=\"https:\/\/franciscanos.org.br\/noticias\/wp-content\/uploads\/2022\/12\/centenario_01.jpg\" alt=\"\" width=\"1280\" height=\"720\" srcset=\"https:\/\/franciscanos.org.br\/noticias\/wp-content\/uploads\/2022\/12\/centenario_01.jpg 1280w, https:\/\/franciscanos.org.br\/noticias\/wp-content\/uploads\/2022\/12\/centenario_01-450x253.jpg 450w, https:\/\/franciscanos.org.br\/noticias\/wp-content\/uploads\/2022\/12\/centenario_01-1024x576.jpg 1024w, https:\/\/franciscanos.org.br\/noticias\/wp-content\/uploads\/2022\/12\/centenario_01-768x432.jpg 768w, https:\/\/franciscanos.org.br\/noticias\/wp-content\/uploads\/2022\/12\/centenario_01-150x84.jpg 150w\" sizes=\"(max-width: 1280px) 100vw, 1280px\" \/><\/p>\n<p>Um ano ap\u00f3s o 800\u00ba anivers\u00e1rio da aprova\u00e7\u00e3o da Regra de S\u00e3o Francisco pelas m\u00e3os do Papa Hon\u00f3rio III, em 29 de novembro de 2022, a Fam\u00edlia Franciscana reuniu cerca de 200 religiosos para uma peregrina\u00e7\u00e3o a p\u00e9, de Fonte Colombo, santu\u00e1rio da Regra, para a cidade de Rieti.<\/p>\n<p>&#8220;Toda vez que nos colocamos novamente na estrada, sabemos que reaviva a fa\u00edsca que nos levou a seguir o Evangelho&#8221;. Foi assim que Frei Massimo Fusarelli, Ministro geral, abriu a peregrina\u00e7\u00e3o com cerca de duzentos franciscanos (frades, freiras, seculares), que responderam ao convite deste evento, nesta primeira reuni\u00e3o que o mundo franciscano inaugura com os octocenten\u00e1rios em 2023: a Regra Bulada e o que a hist\u00f3ria nos transmitiu como a representa\u00e7\u00e3o de Bel\u00e9m, que teve lugar em Greccio em 1223.<\/p>\n<p><img loading=\"lazy\" class=\"alignnone size-full wp-image-241109\" src=\"https:\/\/franciscanos.org.br\/noticias\/wp-content\/uploads\/2022\/12\/centenario_02.jpg\" alt=\"\" width=\"1280\" height=\"720\" srcset=\"https:\/\/franciscanos.org.br\/noticias\/wp-content\/uploads\/2022\/12\/centenario_02.jpg 1280w, https:\/\/franciscanos.org.br\/noticias\/wp-content\/uploads\/2022\/12\/centenario_02-450x253.jpg 450w, https:\/\/franciscanos.org.br\/noticias\/wp-content\/uploads\/2022\/12\/centenario_02-1024x576.jpg 1024w, https:\/\/franciscanos.org.br\/noticias\/wp-content\/uploads\/2022\/12\/centenario_02-768x432.jpg 768w, https:\/\/franciscanos.org.br\/noticias\/wp-content\/uploads\/2022\/12\/centenario_02-150x84.jpg 150w\" sizes=\"(max-width: 1280px) 100vw, 1280px\" \/><\/p>\n<p>A mobiliza\u00e7\u00e3o tem sido realmente grande. A administra\u00e7\u00e3o municipal, as autoridades locais, os religiosos de v\u00e1rias prov\u00edncias italianas, os frades menores, os capuchinhos e o conventuais, se reuniram na cidade central italiana para caminhar juntos nos vest\u00edgios do <em>Poverello.<\/em><\/p>\n<p>Em Rieti, a Celebra\u00e7\u00e3o Eucar\u00edstica, que teve cerca de oitenta concelebrantes na igreja de Santo Agostinho, repleta de fi\u00e9is, foi presidida pelo Cardeal Jos\u00e9 Tolentino de Mendon\u00e7a, Prefeito do Discaterio da Cultura e Educa\u00e7\u00e3o. Tamb\u00e9m participou da celebra\u00e7\u00e3o Dom Dom\u00e9nico Pompili, bispo em\u00e9rito da Diocese e atual administrador apost\u00f3lico. O cardeal, cada vez mais pr\u00f3ximo afetivamente do mundo franciscano, expressou seu vivo interesse no caminho que acabou de ser empreendido e, em sua homilia, ele ofereceu aos participantes tr\u00eas &#8220;\u00eanfases&#8221; de nosso carisma que devem ser promovidos, come\u00e7ando por obedi\u00eancia apaixonada a o Evangelho:<\/p>\n<p>&#8220;Em rela\u00e7\u00e3o ao Evangelho, S\u00e3o Francisco viveu como se sua verdade fosse realmente certa&#8221;, disse Tolentino. \u00a0&#8220;O Evangelho deve ser vivido ao p\u00e9 da letra. A grande tenta\u00e7\u00e3o \u00e9 deixar o Evangelho na gaveta e viver com outras palavras; n\u00e3o se deve viver como um ideal, mas como uma vida verdadeira\u201d.<\/p>\n<p><img loading=\"lazy\" class=\"alignnone size-full wp-image-241110\" src=\"https:\/\/franciscanos.org.br\/noticias\/wp-content\/uploads\/2022\/12\/centenario_03.jpg\" alt=\"\" width=\"1280\" height=\"852\" srcset=\"https:\/\/franciscanos.org.br\/noticias\/wp-content\/uploads\/2022\/12\/centenario_03.jpg 1280w, https:\/\/franciscanos.org.br\/noticias\/wp-content\/uploads\/2022\/12\/centenario_03-450x300.jpg 450w, https:\/\/franciscanos.org.br\/noticias\/wp-content\/uploads\/2022\/12\/centenario_03-1024x682.jpg 1024w, https:\/\/franciscanos.org.br\/noticias\/wp-content\/uploads\/2022\/12\/centenario_03-768x511.jpg 768w, https:\/\/franciscanos.org.br\/noticias\/wp-content\/uploads\/2022\/12\/centenario_03-150x100.jpg 150w\" sizes=\"(max-width: 1280px) 100vw, 1280px\" \/><\/p>\n<p>O cardeal tamb\u00e9m falou sobre a pobreza: &#8220;Temos que recuperar a liberdade diante dos bens, o que gerar\u00e1 modelos de exist\u00eancia verdadeiramente alternativos na cultura dominante. \u00c9 por isso que n\u00e3o devemos ter medo. N\u00e3o tenha medo de construir minorias. A economia que mata deve ser neutralizada com a cultura do bem comum. O dinheiro \u00e9 uma seguran\u00e7a ilus\u00f3ria que facilmente mata a justi\u00e7a e a beleza. \u00c9 por isso que o mais urgente que o cristianismo deve pregar frente ao dinheiro \u00e9 sua desacraliza\u00e7\u00e3o. Hoje, de fato, a religi\u00e3o \u00e9 facilmente desacralizada, enquanto o dinheiro \u00e9 considerado um \u2018espa\u00e7o sagrado\u2019&#8221;.<\/p>\n<p>A terceira e \u00faltima \u00eanfase \u00e9 o lembrete de que nosso tesouro est\u00e1 no c\u00e9u: \u201cA maneira como Francisco escolheu viver na terra e com as criaturas nos leva a buscar o Criador. \u00c9 interessante que a beleza e o chamado em grego tenham a mesma raiz: a vida \u00e9 a profunda escuta da beleza deste chamado de Deus. Francisco \u00e9 um mestre para n\u00f3s. Hoje, temos muitos especialistas e poucos mestres capazes de criar novas narrativas, mestres do risco da f\u00e9, da poesia do Evangelho. O que d\u00e1 fundamento \u00e0 vida \u00e9 a sabedoria, isto \u00e9, a vis\u00e3o geral de nossa exist\u00eancia, vendo o que fomos e o que seremos&#8221;.<\/p>\n<p><img loading=\"lazy\" class=\"alignnone size-full wp-image-241111\" src=\"https:\/\/franciscanos.org.br\/noticias\/wp-content\/uploads\/2022\/12\/centenario_04.jpg\" alt=\"\" width=\"1280\" height=\"961\" srcset=\"https:\/\/franciscanos.org.br\/noticias\/wp-content\/uploads\/2022\/12\/centenario_04.jpg 1280w, https:\/\/franciscanos.org.br\/noticias\/wp-content\/uploads\/2022\/12\/centenario_04-450x338.jpg 450w, https:\/\/franciscanos.org.br\/noticias\/wp-content\/uploads\/2022\/12\/centenario_04-1024x769.jpg 1024w, https:\/\/franciscanos.org.br\/noticias\/wp-content\/uploads\/2022\/12\/centenario_04-768x577.jpg 768w, https:\/\/franciscanos.org.br\/noticias\/wp-content\/uploads\/2022\/12\/centenario_04-150x113.jpg 150w, https:\/\/franciscanos.org.br\/noticias\/wp-content\/uploads\/2022\/12\/centenario_04-600x450.jpg 600w\" sizes=\"(max-width: 1280px) 100vw, 1280px\" \/><\/p>\n<p>Assim, tudo est\u00e1 preparado para iniciar um tri\u00eanio de celebra\u00e7\u00f5es com a consci\u00eancia e o compromisso que, como disse o Ministro geral diante do Papa na \u00faltima reuni\u00e3o com a coordena\u00e7\u00e3o dos centen\u00e1rios, tudo n\u00e3o ser\u00e1 resolvido em um ato de celebra\u00e7\u00e3o, em algumas placas para inaugurar, mas ser\u00e3o uma ocasi\u00e3o de renova\u00e7\u00e3o evang\u00e9lica e sincera.<\/p>\n<hr \/>\n<p><em>Fonte: https:\/\/www.fratiminorifrancecani.org<\/em><\/p>\n","protected":false},"excerpt":{"rendered":"<p>Centen\u00e1rio Franciscano<\/p>\n","protected":false},"author":3,"featured_media":241108,"comment_status":"open","ping_status":"open","sticky":false,"template":"","format":"standard","meta":[],"categories":[1],"tags":[2070],"acf":[],"yoast_head":"<!-- This site is optimized with the Yoast SEO plugin v19.2 - https:\/\/yoast.com\/wordpress\/plugins\/seo\/ -->\n<title>Peregrina\u00e7\u00e3o pelo vale de Rieti. Frades franciscanos inauguraram o 8\u00ba Centen\u00e1rio. - Not\u00edcias - Franciscanos<\/title>\n<meta name=\"robots\" content=\"index, follow, max-snippet:-1, max-image-preview:large, max-video-preview:-1\" \/>\n<link rel=\"canonical\" href=\"https:\/\/franciscanos.org.br\/noticias\/peregrinacao-pelo-vale-de-rieti-frades-franciscanos-inauguraram-o-8o-centenario.html\" \/>\n<meta property=\"og:locale\" content=\"pt_BR\" \/>\n<meta property=\"og:type\" content=\"article\" \/>\n<meta property=\"og:title\" content=\"Peregrina\u00e7\u00e3o pelo vale de Rieti. Frades franciscanos inauguraram o 8\u00ba Centen\u00e1rio. - Not\u00edcias - Franciscanos\" \/>\n<meta property=\"og:description\" content=\"Centen\u00e1rio Franciscano\" \/>\n<meta property=\"og:url\" content=\"https:\/\/franciscanos.org.br\/noticias\/peregrinacao-pelo-vale-de-rieti-frades-franciscanos-inauguraram-o-8o-centenario.html\" \/>\n<meta property=\"og:site_name\" content=\"Not\u00edcias - Franciscanos\" \/>\n<meta property=\"article:published_time\" content=\"2022-12-03T12:27:20+00:00\" \/>\n<meta property=\"article:modified_time\" content=\"2022-12-05T12:30:21+00:00\" \/>\n<meta property=\"og:image\" content=\"https:\/\/franciscanos.org.br\/noticias\/wp-content\/uploads\/2022\/12\/centenario_01.jpg\" \/>\n\t<meta property=\"og:image:width\" content=\"1280\" \/>\n\t<meta property=\"og:image:height\" content=\"720\" \/>\n\t<meta property=\"og:image:type\" content=\"image\/jpeg\" \/>\n<meta name=\"author\" content=\"moacir\" \/>\n<meta name=\"twitter:card\" content=\"summary_large_image\" \/>\n<meta name=\"twitter:label1\" content=\"Escrito por\" \/>\n\t<meta name=\"twitter:data1\" content=\"moacir\" \/>\n\t<meta name=\"twitter:label2\" content=\"Est. tempo de leitura\" \/>\n\t<meta name=\"twitter:data2\" content=\"3 minutos\" \/>\n<script type=\"application\/ld+json\" class=\"yoast-schema-graph\">{\"@context\":\"https:\/\/schema.org\",\"@graph\":[{\"@type\":\"WebSite\",\"@id\":\"https:\/\/franciscanos.org.br\/noticias\/#website\",\"url\":\"https:\/\/franciscanos.org.br\/noticias\/\",\"name\":\"Not\u00edcias - Franciscanos\",\"description\":\"Prov\u00edncia Franciscana da Imaculada Concei\u00e7\u00e3o do Brasil - Ordem dos Frades Menores - OFM\",\"potentialAction\":[{\"@type\":\"SearchAction\",\"target\":{\"@type\":\"EntryPoint\",\"urlTemplate\":\"https:\/\/franciscanos.org.br\/noticias\/?s={search_term_string}\"},\"query-input\":\"required name=search_term_string\"}],\"inLanguage\":\"pt-BR\"},{\"@type\":\"ImageObject\",\"inLanguage\":\"pt-BR\",\"@id\":\"https:\/\/franciscanos.org.br\/noticias\/peregrinacao-pelo-vale-de-rieti-frades-franciscanos-inauguraram-o-8o-centenario.html#primaryimage\",\"url\":\"https:\/\/franciscanos.org.br\/noticias\/wp-content\/uploads\/2022\/12\/centenario_01.jpg\",\"contentUrl\":\"https:\/\/franciscanos.org.br\/noticias\/wp-content\/uploads\/2022\/12\/centenario_01.jpg\",\"width\":1280,\"height\":720},{\"@type\":\"WebPage\",\"@id\":\"https:\/\/franciscanos.org.br\/noticias\/peregrinacao-pelo-vale-de-rieti-frades-franciscanos-inauguraram-o-8o-centenario.html#webpage\",\"url\":\"https:\/\/franciscanos.org.br\/noticias\/peregrinacao-pelo-vale-de-rieti-frades-franciscanos-inauguraram-o-8o-centenario.html\",\"name\":\"Peregrina\u00e7\u00e3o pelo vale de Rieti. Frades franciscanos inauguraram o 8\u00ba Centen\u00e1rio. - Not\u00edcias - Franciscanos\",\"isPartOf\":{\"@id\":\"https:\/\/franciscanos.org.br\/noticias\/#website\"},\"primaryImageOfPage\":{\"@id\":\"https:\/\/franciscanos.org.br\/noticias\/peregrinacao-pelo-vale-de-rieti-frades-franciscanos-inauguraram-o-8o-centenario.html#primaryimage\"},\"datePublished\":\"2022-12-03T12:27:20+00:00\",\"dateModified\":\"2022-12-05T12:30:21+00:00\",\"author\":{\"@id\":\"https:\/\/franciscanos.org.br\/noticias\/#\/schema\/person\/b5c8cba458c330ccff548b056e95a5d4\"},\"breadcrumb\":{\"@id\":\"https:\/\/franciscanos.org.br\/noticias\/peregrinacao-pelo-vale-de-rieti-frades-franciscanos-inauguraram-o-8o-centenario.html#breadcrumb\"},\"inLanguage\":\"pt-BR\",\"potentialAction\":[{\"@type\":\"ReadAction\",\"target\":[\"https:\/\/franciscanos.org.br\/noticias\/peregrinacao-pelo-vale-de-rieti-frades-franciscanos-inauguraram-o-8o-centenario.html\"]}]},{\"@type\":\"BreadcrumbList\",\"@id\":\"https:\/\/franciscanos.org.br\/noticias\/peregrinacao-pelo-vale-de-rieti-frades-franciscanos-inauguraram-o-8o-centenario.html#breadcrumb\",\"itemListElement\":[{\"@type\":\"ListItem\",\"position\":1,\"name\":\"Home\",\"item\":\"https:\/\/franciscanos.org.br\/noticias\"},{\"@type\":\"ListItem\",\"position\":2,\"name\":\"Peregrina\u00e7\u00e3o pelo vale de Rieti. Frades franciscanos inauguraram o 8\u00ba Centen\u00e1rio.\"}]},{\"@type\":\"Person\",\"@id\":\"https:\/\/franciscanos.org.br\/noticias\/#\/schema\/person\/b5c8cba458c330ccff548b056e95a5d4\",\"name\":\"moacir\",\"image\":{\"@type\":\"ImageObject\",\"inLanguage\":\"pt-BR\",\"@id\":\"https:\/\/franciscanos.org.br\/noticias\/#\/schema\/person\/image\/\",\"url\":\"https:\/\/secure.gravatar.com\/avatar\/d08aa2ce4c8dd416d4479aa8536fcf64?s=96&d=mm&r=g\",\"contentUrl\":\"https:\/\/secure.gravatar.com\/avatar\/d08aa2ce4c8dd416d4479aa8536fcf64?s=96&d=mm&r=g\",\"caption\":\"moacir\"},\"url\":\"https:\/\/franciscanos.org.br\/noticias\/author\/moacir\"}]}<\/script>\n<!-- \/ Yoast SEO plugin. -->","yoast_head_json":{"title":"Peregrina\u00e7\u00e3o pelo vale de Rieti. Frades franciscanos inauguraram o 8\u00ba Centen\u00e1rio. - Not\u00edcias - Franciscanos","robots":{"index":"index","follow":"follow","max-snippet":"max-snippet:-1","max-image-preview":"max-image-preview:large","max-video-preview":"max-video-preview:-1"},"canonical":"https:\/\/franciscanos.org.br\/noticias\/peregrinacao-pelo-vale-de-rieti-frades-franciscanos-inauguraram-o-8o-centenario.html","og_locale":"pt_BR","og_type":"article","og_title":"Peregrina\u00e7\u00e3o pelo vale de Rieti. Frades franciscanos inauguraram o 8\u00ba Centen\u00e1rio. - Not\u00edcias - Franciscanos","og_description":"Centen\u00e1rio Franciscano","og_url":"https:\/\/franciscanos.org.br\/noticias\/peregrinacao-pelo-vale-de-rieti-frades-franciscanos-inauguraram-o-8o-centenario.html","og_site_name":"Not\u00edcias - Franciscanos","article_published_time":"2022-12-03T12:27:20+00:00","article_modified_time":"2022-12-05T12:30:21+00:00","og_image":[{"width":1280,"height":720,"url":"https:\/\/franciscanos.org.br\/noticias\/wp-content\/uploads\/2022\/12\/centenario_01.jpg","type":"image\/jpeg"}],"author":"moacir","twitter_card":"summary_large_image","twitter_misc":{"Escrito por":"moacir","Est. tempo de leitura":"3 minutos"},"schema":{"@context":"https:\/\/schema.org","@graph":[{"@type":"WebSite","@id":"https:\/\/franciscanos.org.br\/noticias\/#website","url":"https:\/\/franciscanos.org.br\/noticias\/","name":"Not\u00edcias - Franciscanos","description":"Prov\u00edncia Franciscana da Imaculada Concei\u00e7\u00e3o do Brasil - Ordem dos Frades Menores - OFM","potentialAction":[{"@type":"SearchAction","target":{"@type":"EntryPoint","urlTemplate":"https:\/\/franciscanos.org.br\/noticias\/?s={search_term_string}"},"query-input":"required name=search_term_string"}],"inLanguage":"pt-BR"},{"@type":"ImageObject","inLanguage":"pt-BR","@id":"https:\/\/franciscanos.org.br\/noticias\/peregrinacao-pelo-vale-de-rieti-frades-franciscanos-inauguraram-o-8o-centenario.html#primaryimage","url":"https:\/\/franciscanos.org.br\/noticias\/wp-content\/uploads\/2022\/12\/centenario_01.jpg","contentUrl":"https:\/\/franciscanos.org.br\/noticias\/wp-content\/uploads\/2022\/12\/centenario_01.jpg","width":1280,"height":720},{"@type":"WebPage","@id":"https:\/\/franciscanos.org.br\/noticias\/peregrinacao-pelo-vale-de-rieti-frades-franciscanos-inauguraram-o-8o-centenario.html#webpage","url":"https:\/\/franciscanos.org.br\/noticias\/peregrinacao-pelo-vale-de-rieti-frades-franciscanos-inauguraram-o-8o-centenario.html","name":"Peregrina\u00e7\u00e3o pelo vale de Rieti. Frades franciscanos inauguraram o 8\u00ba Centen\u00e1rio. - Not\u00edcias - Franciscanos","isPartOf":{"@id":"https:\/\/franciscanos.org.br\/noticias\/#website"},"primaryImageOfPage":{"@id":"https:\/\/franciscanos.org.br\/noticias\/peregrinacao-pelo-vale-de-rieti-frades-franciscanos-inauguraram-o-8o-centenario.html#primaryimage"},"datePublished":"2022-12-03T12:27:20+00:00","dateModified":"2022-12-05T12:30:21+00:00","author":{"@id":"https:\/\/franciscanos.org.br\/noticias\/#\/schema\/person\/b5c8cba458c330ccff548b056e95a5d4"},"breadcrumb":{"@id":"https:\/\/franciscanos.org.br\/noticias\/peregrinacao-pelo-vale-de-rieti-frades-franciscanos-inauguraram-o-8o-centenario.html#breadcrumb"},"inLanguage":"pt-BR","potentialAction":[{"@type":"ReadAction","target":["https:\/\/franciscanos.org.br\/noticias\/peregrinacao-pelo-vale-de-rieti-frades-franciscanos-inauguraram-o-8o-centenario.html"]}]},{"@type":"BreadcrumbList","@id":"https:\/\/franciscanos.org.br\/noticias\/peregrinacao-pelo-vale-de-rieti-frades-franciscanos-inauguraram-o-8o-centenario.html#breadcrumb","itemListElement":[{"@type":"ListItem","position":1,"name":"Home","item":"https:\/\/franciscanos.org.br\/noticias"},{"@type":"ListItem","position":2,"name":"Peregrina\u00e7\u00e3o pelo vale de Rieti. Frades franciscanos inauguraram o 8\u00ba Centen\u00e1rio."}]},{"@type":"Person","@id":"https:\/\/franciscanos.org.br\/noticias\/#\/schema\/person\/b5c8cba458c330ccff548b056e95a5d4","name":"moacir","image":{"@type":"ImageObject","inLanguage":"pt-BR","@id":"https:\/\/franciscanos.org.br\/noticias\/#\/schema\/person\/image\/","url":"https:\/\/secure.gravatar.com\/avatar\/d08aa2ce4c8dd416d4479aa8536fcf64?s=96&d=mm&r=g","contentUrl":"https:\/\/secure.gravatar.com\/avatar\/d08aa2ce4c8dd416d4479aa8536fcf64?s=96&d=mm&r=g","caption":"moacir"},"url":"https:\/\/franciscanos.org.br\/noticias\/author\/moacir"}]}},"_links":{"self":[{"href":"https:\/\/franciscanos.org.br\/noticias\/wp-json\/wp\/v2\/posts\/241107"}],"collection":[{"href":"https:\/\/franciscanos.org.br\/noticias\/wp-json\/wp\/v2\/posts"}],"about":[{"href":"https:\/\/franciscanos.org.br\/noticias\/wp-json\/wp\/v2\/types\/post"}],"author":[{"embeddable":true,"href":"https:\/\/franciscanos.org.br\/noticias\/wp-json\/wp\/v2\/users\/3"}],"replies":[{"embeddable":true,"href":"https:\/\/franciscanos.org.br\/noticias\/wp-json\/wp\/v2\/comments?post=241107"}],"version-history":[{"count":1,"href":"https:\/\/franciscanos.org.br\/noticias\/wp-json\/wp\/v2\/posts\/241107\/revisions"}],"predecessor-version":[{"id":241112,"href":"https:\/\/franciscanos.org.br\/noticias\/wp-json\/wp\/v2\/posts\/241107\/revisions\/241112"}],"wp:featuredmedia":[{"embeddable":true,"href":"https:\/\/franciscanos.org.br\/noticias\/wp-json\/wp\/v2\/media\/241108"}],"wp:attachment":[{"href":"https:\/\/franciscanos.org.br\/noticias\/wp-json\/wp\/v2\/media?parent=241107"}],"wp:term":[{"taxonomy":"category","embeddable":true,"href":"https:\/\/franciscanos.org.br\/noticias\/wp-json\/wp\/v2\/categories?post=241107"},{"taxonomy":"post_tag","embeddable":true,"href":"https:\/\/franciscanos.org.br\/noticias\/wp-json\/wp\/v2\/tags?post=241107"}],"curies":[{"name":"wp","href":"https:\/\/api.w.org\/{rel}","templated":true}]}}