{"id":241099,"date":"2022-12-04T18:54:25","date_gmt":"2022-12-04T21:54:25","guid":{"rendered":"https:\/\/franciscanos.org.br\/noticias\/?p=241099"},"modified":"2022-12-05T09:21:38","modified_gmt":"2022-12-05T12:21:38","slug":"paroquia-do-sagrado-realiza-a-2a-edicao-da-cantata-de-natal","status":"publish","type":"post","link":"https:\/\/franciscanos.org.br\/noticias\/paroquia-do-sagrado-realiza-a-2a-edicao-da-cantata-de-natal.html","title":{"rendered":"Par\u00f3quia do Sagrado realiza a 2\u00aa edi\u00e7\u00e3o da \u201cCantata de Natal\u201d"},"content":{"rendered":"<p><img loading=\"lazy\" class=\"alignnone size-full wp-image-241100\" src=\"https:\/\/franciscanos.org.br\/noticias\/wp-content\/uploads\/2022\/12\/petroplis_02.jpg\" alt=\"\" width=\"1280\" height=\"720\" srcset=\"https:\/\/franciscanos.org.br\/noticias\/wp-content\/uploads\/2022\/12\/petroplis_02.jpg 1280w, https:\/\/franciscanos.org.br\/noticias\/wp-content\/uploads\/2022\/12\/petroplis_02-450x253.jpg 450w, https:\/\/franciscanos.org.br\/noticias\/wp-content\/uploads\/2022\/12\/petroplis_02-1024x576.jpg 1024w, https:\/\/franciscanos.org.br\/noticias\/wp-content\/uploads\/2022\/12\/petroplis_02-768x432.jpg 768w, https:\/\/franciscanos.org.br\/noticias\/wp-content\/uploads\/2022\/12\/petroplis_02-150x84.jpg 150w\" sizes=\"(max-width: 1280px) 100vw, 1280px\" \/><\/p>\n<p><strong>Petr\u00f3polis (RJ) \u2013 <\/strong>O Coral \u201cVozes do Sagrado\u201d promoveu a 2\u00aa edi\u00e7\u00e3o da \u201cCantata de Natal\u201d, na Par\u00f3quia do Sagrado Cora\u00e7\u00e3o de Jesus de Petr\u00f3polis, na noite deste s\u00e1bado, 3 de dezembro, \u00e0s 18 horas. Com m\u00fasicas natalinas, a apresenta\u00e7\u00e3o tamb\u00e9m contou com a participa\u00e7\u00e3o dos catequizandos da Par\u00f3quia, que encenaram o nascimento do Menino Jesus. No final, o tradicional pres\u00e9pio da Igreja do Sagrado foi aben\u00e7oado e inaugurado.<\/p>\n<p>Na acolhida, Frei Jo\u00e3o Manoel Zechinatto, apresentador do especial, explicou que todos os participantes que formam o coral \u201cVozes do Sagrado\u201d s\u00e3o animadores das liturgias da Igreja do Sagrado e das comunidades. \u201cImbu\u00eddos do Esp\u00edrito de uni\u00e3o e cordialidade, despertado nesse tempo de prepara\u00e7\u00e3o ao Natal, eles se unem para que atrav\u00e9s da beleza da m\u00fasica e da arte possamos expressar nossa f\u00e9 e gratid\u00e3o a esse Deus que se faz Homem e vem ao nosso Encontro\u201d, disse.<\/p>\n<p><img loading=\"lazy\" class=\"alignnone size-full wp-image-241101\" src=\"https:\/\/franciscanos.org.br\/noticias\/wp-content\/uploads\/2022\/12\/petropolis_05.jpg\" alt=\"\" width=\"1280\" height=\"1667\" srcset=\"https:\/\/franciscanos.org.br\/noticias\/wp-content\/uploads\/2022\/12\/petropolis_05.jpg 829w, https:\/\/franciscanos.org.br\/noticias\/wp-content\/uploads\/2022\/12\/petropolis_05-346x450.jpg 346w, https:\/\/franciscanos.org.br\/noticias\/wp-content\/uploads\/2022\/12\/petropolis_05-786x1024.jpg 786w, https:\/\/franciscanos.org.br\/noticias\/wp-content\/uploads\/2022\/12\/petropolis_05-768x1000.jpg 768w, https:\/\/franciscanos.org.br\/noticias\/wp-content\/uploads\/2022\/12\/petropolis_05-1179x1536.jpg 1179w, https:\/\/franciscanos.org.br\/noticias\/wp-content\/uploads\/2022\/12\/petropolis_05-150x195.jpg 150w\" sizes=\"(max-width: 1280px) 100vw, 1280px\" \/><\/p>\n<p>Tomando a palavra, o p\u00e1roco Frei Jorge Paulo Schiavini evidenciou a import\u00e2ncia deste evento no Tempo do Advento. \u201cDeus revelou sua proximidade, seu infinito amor, Ele se fez um de n\u00f3s. Essa Cantata de Natal nos coloca em contato com esse grande mist\u00e9rio de amor, de alegria e de f\u00e9. Animados pelas vozes possamos ser tocados pela gra\u00e7a de Deus e descobrir o sonho de Deus para as nossas vidas e para a vida do mundo\u201d, desejou.<\/p>\n<p>O coral entoou, ent\u00e3o, as m\u00fasicas \u201cA noite \u00e9 bela\u201d, \u201cVinde crist\u00e3os\u201d e o \u201cNatal existe\u201d. Segundo Frei Jo\u00e3o, o Tempo do Natal nos lembra do profundo mist\u00e9rio da Encarna\u00e7\u00e3o de Nosso Senhor. \u201cLembra-nos daquilo que S\u00e3o Mateus diz no seu Evangelho. O Emanuel &#8211; Deus Conosco. N\u00e3o um Deus distante, mas um Deus que est\u00e1 no meio de n\u00f3s. Se faz presente em nossas vidas e caminha ao nosso lado, das maneiras mais simples e singelas\u201d, frisou.<\/p>\n<p><img loading=\"lazy\" class=\"alignnone size-full wp-image-241102\" src=\"https:\/\/franciscanos.org.br\/noticias\/wp-content\/uploads\/2022\/12\/petropolis_04.jpg\" alt=\"\" width=\"1280\" height=\"805\" srcset=\"https:\/\/franciscanos.org.br\/noticias\/wp-content\/uploads\/2022\/12\/petropolis_04.jpg 1280w, https:\/\/franciscanos.org.br\/noticias\/wp-content\/uploads\/2022\/12\/petropolis_04-450x283.jpg 450w, https:\/\/franciscanos.org.br\/noticias\/wp-content\/uploads\/2022\/12\/petropolis_04-1024x644.jpg 1024w, https:\/\/franciscanos.org.br\/noticias\/wp-content\/uploads\/2022\/12\/petropolis_04-768x483.jpg 768w, https:\/\/franciscanos.org.br\/noticias\/wp-content\/uploads\/2022\/12\/petropolis_04-150x94.jpg 150w\" sizes=\"(max-width: 1280px) 100vw, 1280px\" \/><\/p>\n<p><img loading=\"lazy\" class=\"alignnone size-full wp-image-241103\" src=\"https:\/\/franciscanos.org.br\/noticias\/wp-content\/uploads\/2022\/12\/petropolis-05.jpg\" alt=\"\" width=\"1280\" height=\"748\" srcset=\"https:\/\/franciscanos.org.br\/noticias\/wp-content\/uploads\/2022\/12\/petropolis-05.jpg 1280w, https:\/\/franciscanos.org.br\/noticias\/wp-content\/uploads\/2022\/12\/petropolis-05-450x263.jpg 450w, https:\/\/franciscanos.org.br\/noticias\/wp-content\/uploads\/2022\/12\/petropolis-05-1024x598.jpg 1024w, https:\/\/franciscanos.org.br\/noticias\/wp-content\/uploads\/2022\/12\/petropolis-05-768x449.jpg 768w, https:\/\/franciscanos.org.br\/noticias\/wp-content\/uploads\/2022\/12\/petropolis-05-150x88.jpg 150w\" sizes=\"(max-width: 1280px) 100vw, 1280px\" \/><\/p>\n<p>Um dos momentos especiais da noite foi tamb\u00e9m a apresenta\u00e7\u00e3o dos frades e irm\u00e3s que h\u00e1 alguns meses tornaram-se aprendizes de viol\u00e3o e que pela primeira vez se apresentaram. Eles tocaram um trecho da nona sinfonia de Beethoven e tamb\u00e9m entoaram a m\u00fasica \u201cSomos Franciscanos\u201d.<\/p>\n<p>No Tempo do Natal, a Solidariedade \u00e9 uma virtude e uma pr\u00e1tica fundamental. \u201cAgradecendo as grandes b\u00ean\u00e7\u00e3os que n\u00f3s e nossas fam\u00edlias recebemos de Deus nosso Pai, possamos retribuir essas b\u00ean\u00e7\u00e3os com aqueles e aquelas, que mais precisam. Por isso, que nesse Natal possamos ajudar as fam\u00edlias que talvez n\u00e3o tenham condi\u00e7\u00f5es de celebrar o Natal como ele merece e possamos levar aconchego e ternura a estes que mais precisam. Nossa Par\u00f3quia tem a Pastoral Social, Pastoral da Crian\u00e7a, aqui em nossa Igreja temos a campanha da \u201c\u00c1rvore Solid\u00e1ria\u201d, mas sabemos que existem in\u00fameros projetos que se empenham por fazer do Natal um tempo de solidariedade e ternura\u201d, motivou o apresentador.<\/p>\n<p><img loading=\"lazy\" class=\"alignnone size-full wp-image-241105\" src=\"https:\/\/franciscanos.org.br\/noticias\/wp-content\/uploads\/2022\/12\/petropolis_06.jpg\" alt=\"\" width=\"1280\" height=\"853\" srcset=\"https:\/\/franciscanos.org.br\/noticias\/wp-content\/uploads\/2022\/12\/petropolis_06.jpg 1280w, https:\/\/franciscanos.org.br\/noticias\/wp-content\/uploads\/2022\/12\/petropolis_06-450x300.jpg 450w, https:\/\/franciscanos.org.br\/noticias\/wp-content\/uploads\/2022\/12\/petropolis_06-1024x682.jpg 1024w, https:\/\/franciscanos.org.br\/noticias\/wp-content\/uploads\/2022\/12\/petropolis_06-768x512.jpg 768w, https:\/\/franciscanos.org.br\/noticias\/wp-content\/uploads\/2022\/12\/petropolis_06-150x100.jpg 150w\" sizes=\"(max-width: 1280px) 100vw, 1280px\" \/><\/p>\n<p>Na sequ\u00eancia, o coral entoou mais algumas can\u00e7\u00f5es: \u201cSimplesmente amar\u201d, \u201c\u00c9 Natal\u201d, \u201cSobe a Jerusal\u00e9m\u201d e \u201cBate o sino\u201d. Seguidamente, os crismandos da Par\u00f3quia\u00a0apresentaram alguns s\u00edmbolos natalinos e seus significados. Por fim, o tradicional canto \u201cNoite Feliz\u201d, encerrou o evento, sendo ovacionado pelo p\u00fablico presente que lotou a centen\u00e1ria Igreja do Sagrado e que acompanhou pelas redes sociais.<\/p>\n<p>\u201cNossa palavra neste momento \u00e9 somente de agradecimento. De modo especial quero agradecer a cada coralista, a cada um que contribuiu, aos m\u00fasicos, aos nossos paroquianos e catequizandos. De modo especial agradecemos o empenho da maestrina Patr\u00edcia Goes\u201d, destacou Frei Jorge. \u201cQue Deus recompense a cada um de voc\u00eas que fez parte desta linda apresenta\u00e7\u00e3o\u201d, encerrou.<\/p>\n<p>Na sequ\u00eancia, Frei Jorge apresentou alguns aspectos da hist\u00f3ria do pres\u00e9pio, ministrou a b\u00ean\u00e7\u00e3o e inaugurou o novo \u201cPres\u00e9pio do Sagrado\u201d, que neste ano foi montado em frente \u00e0 Igreja do Sagrado pelo volunt\u00e1rio Ant\u00f4nio e que, em 2023, completa 800 anos desde a sua primeira representa\u00e7\u00e3o feita por S\u00e3o Francisco de Assis, em Greccio, na It\u00e1lia.<\/p>\n<p><img loading=\"lazy\" class=\"alignnone size-full wp-image-241104\" src=\"https:\/\/franciscanos.org.br\/noticias\/wp-content\/uploads\/2022\/12\/petropolis_01.jpg\" alt=\"\" width=\"904\" height=\"1280\" srcset=\"https:\/\/franciscanos.org.br\/noticias\/wp-content\/uploads\/2022\/12\/petropolis_01.jpg 763w, https:\/\/franciscanos.org.br\/noticias\/wp-content\/uploads\/2022\/12\/petropolis_01-318x450.jpg 318w, https:\/\/franciscanos.org.br\/noticias\/wp-content\/uploads\/2022\/12\/petropolis_01-723x1024.jpg 723w, https:\/\/franciscanos.org.br\/noticias\/wp-content\/uploads\/2022\/12\/petropolis_01-768x1087.jpg 768w, https:\/\/franciscanos.org.br\/noticias\/wp-content\/uploads\/2022\/12\/petropolis_01-150x212.jpg 150w\" sizes=\"(max-width: 904px) 100vw, 904px\" \/><\/p>\n<p><strong>FEIRA DE NATAL<\/strong><\/p>\n<p>No pr\u00f3ximo final de semana, dias 10 e 11 de dezembro, a Par\u00f3quia do Sagrado em parceria com o Instituto dos Meninos Cantores de Petr\u00f3polis, Editora Vozes, Livraria Vozes, Clube 29 de Junho e o Cursinho que deu Certo, promovem a Feira Franciscana de Natal, uma oportunidade de divers\u00e3o e cultura. O evento contar\u00e1 apresenta\u00e7\u00f5es dos Canarinhos, artesanatos, oficinas de confec\u00e7\u00e3o de produtos natalinos, comes e bebes, al\u00e9m do tradicional chopp dos freis, o FreiBier. No s\u00e1bado ser\u00e1 das 14h \u00e0s 22h e no domingo das 8h \u00e0s 21h, no p\u00e1tio da Igreja do Sagrado. Prestigie!<\/p>\n<hr \/>\n<p><em>Frei Augusto Luiz Gabriel<\/em><\/p>\n","protected":false},"excerpt":{"rendered":"<p>Par\u00f3quia do Sagrado Cora\u00e7\u00e3o de Jesus<\/p>\n","protected":false},"author":3,"featured_media":241100,"comment_status":"open","ping_status":"open","sticky":false,"template":"","format":"standard","meta":[],"categories":[1],"tags":[2077,1766,190],"acf":[],"yoast_head":"<!-- This site is optimized with the Yoast SEO plugin v19.2 - https:\/\/yoast.com\/wordpress\/plugins\/seo\/ -->\n<title>Par\u00f3quia do Sagrado realiza a 2\u00aa edi\u00e7\u00e3o da \u201cCantata de Natal\u201d - Not\u00edcias - Franciscanos<\/title>\n<meta name=\"robots\" content=\"index, follow, max-snippet:-1, max-image-preview:large, max-video-preview:-1\" \/>\n<link rel=\"canonical\" href=\"https:\/\/franciscanos.org.br\/noticias\/paroquia-do-sagrado-realiza-a-2a-edicao-da-cantata-de-natal.html\" \/>\n<meta property=\"og:locale\" content=\"pt_BR\" \/>\n<meta property=\"og:type\" content=\"article\" \/>\n<meta property=\"og:title\" content=\"Par\u00f3quia do Sagrado realiza a 2\u00aa edi\u00e7\u00e3o da \u201cCantata de Natal\u201d - Not\u00edcias - Franciscanos\" \/>\n<meta property=\"og:description\" content=\"Par\u00f3quia do Sagrado Cora\u00e7\u00e3o de Jesus\" \/>\n<meta property=\"og:url\" content=\"https:\/\/franciscanos.org.br\/noticias\/paroquia-do-sagrado-realiza-a-2a-edicao-da-cantata-de-natal.html\" \/>\n<meta property=\"og:site_name\" content=\"Not\u00edcias - Franciscanos\" \/>\n<meta property=\"article:published_time\" content=\"2022-12-04T21:54:25+00:00\" \/>\n<meta property=\"article:modified_time\" content=\"2022-12-05T12:21:38+00:00\" \/>\n<meta property=\"og:image\" content=\"https:\/\/franciscanos.org.br\/noticias\/wp-content\/uploads\/2022\/12\/petroplis_02.jpg\" \/>\n\t<meta property=\"og:image:width\" content=\"1280\" \/>\n\t<meta property=\"og:image:height\" content=\"720\" \/>\n\t<meta property=\"og:image:type\" content=\"image\/jpeg\" \/>\n<meta name=\"author\" content=\"moacir\" \/>\n<meta name=\"twitter:card\" content=\"summary_large_image\" \/>\n<meta name=\"twitter:label1\" content=\"Escrito por\" \/>\n\t<meta name=\"twitter:data1\" content=\"moacir\" \/>\n\t<meta name=\"twitter:label2\" content=\"Est. tempo de leitura\" \/>\n\t<meta name=\"twitter:data2\" content=\"4 minutos\" \/>\n<script type=\"application\/ld+json\" class=\"yoast-schema-graph\">{\"@context\":\"https:\/\/schema.org\",\"@graph\":[{\"@type\":\"WebSite\",\"@id\":\"https:\/\/franciscanos.org.br\/noticias\/#website\",\"url\":\"https:\/\/franciscanos.org.br\/noticias\/\",\"name\":\"Not\u00edcias - Franciscanos\",\"description\":\"Prov\u00edncia Franciscana da Imaculada Concei\u00e7\u00e3o do Brasil - Ordem dos Frades Menores - OFM\",\"potentialAction\":[{\"@type\":\"SearchAction\",\"target\":{\"@type\":\"EntryPoint\",\"urlTemplate\":\"https:\/\/franciscanos.org.br\/noticias\/?s={search_term_string}\"},\"query-input\":\"required name=search_term_string\"}],\"inLanguage\":\"pt-BR\"},{\"@type\":\"ImageObject\",\"inLanguage\":\"pt-BR\",\"@id\":\"https:\/\/franciscanos.org.br\/noticias\/paroquia-do-sagrado-realiza-a-2a-edicao-da-cantata-de-natal.html#primaryimage\",\"url\":\"https:\/\/franciscanos.org.br\/noticias\/wp-content\/uploads\/2022\/12\/petroplis_02.jpg\",\"contentUrl\":\"https:\/\/franciscanos.org.br\/noticias\/wp-content\/uploads\/2022\/12\/petroplis_02.jpg\",\"width\":1280,\"height\":720},{\"@type\":\"WebPage\",\"@id\":\"https:\/\/franciscanos.org.br\/noticias\/paroquia-do-sagrado-realiza-a-2a-edicao-da-cantata-de-natal.html#webpage\",\"url\":\"https:\/\/franciscanos.org.br\/noticias\/paroquia-do-sagrado-realiza-a-2a-edicao-da-cantata-de-natal.html\",\"name\":\"Par\u00f3quia do Sagrado realiza a 2\u00aa edi\u00e7\u00e3o da \u201cCantata de Natal\u201d - Not\u00edcias - Franciscanos\",\"isPartOf\":{\"@id\":\"https:\/\/franciscanos.org.br\/noticias\/#website\"},\"primaryImageOfPage\":{\"@id\":\"https:\/\/franciscanos.org.br\/noticias\/paroquia-do-sagrado-realiza-a-2a-edicao-da-cantata-de-natal.html#primaryimage\"},\"datePublished\":\"2022-12-04T21:54:25+00:00\",\"dateModified\":\"2022-12-05T12:21:38+00:00\",\"author\":{\"@id\":\"https:\/\/franciscanos.org.br\/noticias\/#\/schema\/person\/b5c8cba458c330ccff548b056e95a5d4\"},\"breadcrumb\":{\"@id\":\"https:\/\/franciscanos.org.br\/noticias\/paroquia-do-sagrado-realiza-a-2a-edicao-da-cantata-de-natal.html#breadcrumb\"},\"inLanguage\":\"pt-BR\",\"potentialAction\":[{\"@type\":\"ReadAction\",\"target\":[\"https:\/\/franciscanos.org.br\/noticias\/paroquia-do-sagrado-realiza-a-2a-edicao-da-cantata-de-natal.html\"]}]},{\"@type\":\"BreadcrumbList\",\"@id\":\"https:\/\/franciscanos.org.br\/noticias\/paroquia-do-sagrado-realiza-a-2a-edicao-da-cantata-de-natal.html#breadcrumb\",\"itemListElement\":[{\"@type\":\"ListItem\",\"position\":1,\"name\":\"Home\",\"item\":\"https:\/\/franciscanos.org.br\/noticias\"},{\"@type\":\"ListItem\",\"position\":2,\"name\":\"Par\u00f3quia do Sagrado realiza a 2\u00aa edi\u00e7\u00e3o da \u201cCantata de Natal\u201d\"}]},{\"@type\":\"Person\",\"@id\":\"https:\/\/franciscanos.org.br\/noticias\/#\/schema\/person\/b5c8cba458c330ccff548b056e95a5d4\",\"name\":\"moacir\",\"image\":{\"@type\":\"ImageObject\",\"inLanguage\":\"pt-BR\",\"@id\":\"https:\/\/franciscanos.org.br\/noticias\/#\/schema\/person\/image\/\",\"url\":\"https:\/\/secure.gravatar.com\/avatar\/d08aa2ce4c8dd416d4479aa8536fcf64?s=96&d=mm&r=g\",\"contentUrl\":\"https:\/\/secure.gravatar.com\/avatar\/d08aa2ce4c8dd416d4479aa8536fcf64?s=96&d=mm&r=g\",\"caption\":\"moacir\"},\"url\":\"https:\/\/franciscanos.org.br\/noticias\/author\/moacir\"}]}<\/script>\n<!-- \/ Yoast SEO plugin. -->","yoast_head_json":{"title":"Par\u00f3quia do Sagrado realiza a 2\u00aa edi\u00e7\u00e3o da \u201cCantata de Natal\u201d - Not\u00edcias - Franciscanos","robots":{"index":"index","follow":"follow","max-snippet":"max-snippet:-1","max-image-preview":"max-image-preview:large","max-video-preview":"max-video-preview:-1"},"canonical":"https:\/\/franciscanos.org.br\/noticias\/paroquia-do-sagrado-realiza-a-2a-edicao-da-cantata-de-natal.html","og_locale":"pt_BR","og_type":"article","og_title":"Par\u00f3quia do Sagrado realiza a 2\u00aa edi\u00e7\u00e3o da \u201cCantata de Natal\u201d - Not\u00edcias - Franciscanos","og_description":"Par\u00f3quia do Sagrado Cora\u00e7\u00e3o de Jesus","og_url":"https:\/\/franciscanos.org.br\/noticias\/paroquia-do-sagrado-realiza-a-2a-edicao-da-cantata-de-natal.html","og_site_name":"Not\u00edcias - Franciscanos","article_published_time":"2022-12-04T21:54:25+00:00","article_modified_time":"2022-12-05T12:21:38+00:00","og_image":[{"width":1280,"height":720,"url":"https:\/\/franciscanos.org.br\/noticias\/wp-content\/uploads\/2022\/12\/petroplis_02.jpg","type":"image\/jpeg"}],"author":"moacir","twitter_card":"summary_large_image","twitter_misc":{"Escrito por":"moacir","Est. tempo de leitura":"4 minutos"},"schema":{"@context":"https:\/\/schema.org","@graph":[{"@type":"WebSite","@id":"https:\/\/franciscanos.org.br\/noticias\/#website","url":"https:\/\/franciscanos.org.br\/noticias\/","name":"Not\u00edcias - Franciscanos","description":"Prov\u00edncia Franciscana da Imaculada Concei\u00e7\u00e3o do Brasil - Ordem dos Frades Menores - OFM","potentialAction":[{"@type":"SearchAction","target":{"@type":"EntryPoint","urlTemplate":"https:\/\/franciscanos.org.br\/noticias\/?s={search_term_string}"},"query-input":"required name=search_term_string"}],"inLanguage":"pt-BR"},{"@type":"ImageObject","inLanguage":"pt-BR","@id":"https:\/\/franciscanos.org.br\/noticias\/paroquia-do-sagrado-realiza-a-2a-edicao-da-cantata-de-natal.html#primaryimage","url":"https:\/\/franciscanos.org.br\/noticias\/wp-content\/uploads\/2022\/12\/petroplis_02.jpg","contentUrl":"https:\/\/franciscanos.org.br\/noticias\/wp-content\/uploads\/2022\/12\/petroplis_02.jpg","width":1280,"height":720},{"@type":"WebPage","@id":"https:\/\/franciscanos.org.br\/noticias\/paroquia-do-sagrado-realiza-a-2a-edicao-da-cantata-de-natal.html#webpage","url":"https:\/\/franciscanos.org.br\/noticias\/paroquia-do-sagrado-realiza-a-2a-edicao-da-cantata-de-natal.html","name":"Par\u00f3quia do Sagrado realiza a 2\u00aa edi\u00e7\u00e3o da \u201cCantata de Natal\u201d - Not\u00edcias - Franciscanos","isPartOf":{"@id":"https:\/\/franciscanos.org.br\/noticias\/#website"},"primaryImageOfPage":{"@id":"https:\/\/franciscanos.org.br\/noticias\/paroquia-do-sagrado-realiza-a-2a-edicao-da-cantata-de-natal.html#primaryimage"},"datePublished":"2022-12-04T21:54:25+00:00","dateModified":"2022-12-05T12:21:38+00:00","author":{"@id":"https:\/\/franciscanos.org.br\/noticias\/#\/schema\/person\/b5c8cba458c330ccff548b056e95a5d4"},"breadcrumb":{"@id":"https:\/\/franciscanos.org.br\/noticias\/paroquia-do-sagrado-realiza-a-2a-edicao-da-cantata-de-natal.html#breadcrumb"},"inLanguage":"pt-BR","potentialAction":[{"@type":"ReadAction","target":["https:\/\/franciscanos.org.br\/noticias\/paroquia-do-sagrado-realiza-a-2a-edicao-da-cantata-de-natal.html"]}]},{"@type":"BreadcrumbList","@id":"https:\/\/franciscanos.org.br\/noticias\/paroquia-do-sagrado-realiza-a-2a-edicao-da-cantata-de-natal.html#breadcrumb","itemListElement":[{"@type":"ListItem","position":1,"name":"Home","item":"https:\/\/franciscanos.org.br\/noticias"},{"@type":"ListItem","position":2,"name":"Par\u00f3quia do Sagrado realiza a 2\u00aa edi\u00e7\u00e3o da \u201cCantata de Natal\u201d"}]},{"@type":"Person","@id":"https:\/\/franciscanos.org.br\/noticias\/#\/schema\/person\/b5c8cba458c330ccff548b056e95a5d4","name":"moacir","image":{"@type":"ImageObject","inLanguage":"pt-BR","@id":"https:\/\/franciscanos.org.br\/noticias\/#\/schema\/person\/image\/","url":"https:\/\/secure.gravatar.com\/avatar\/d08aa2ce4c8dd416d4479aa8536fcf64?s=96&d=mm&r=g","contentUrl":"https:\/\/secure.gravatar.com\/avatar\/d08aa2ce4c8dd416d4479aa8536fcf64?s=96&d=mm&r=g","caption":"moacir"},"url":"https:\/\/franciscanos.org.br\/noticias\/author\/moacir"}]}},"_links":{"self":[{"href":"https:\/\/franciscanos.org.br\/noticias\/wp-json\/wp\/v2\/posts\/241099"}],"collection":[{"href":"https:\/\/franciscanos.org.br\/noticias\/wp-json\/wp\/v2\/posts"}],"about":[{"href":"https:\/\/franciscanos.org.br\/noticias\/wp-json\/wp\/v2\/types\/post"}],"author":[{"embeddable":true,"href":"https:\/\/franciscanos.org.br\/noticias\/wp-json\/wp\/v2\/users\/3"}],"replies":[{"embeddable":true,"href":"https:\/\/franciscanos.org.br\/noticias\/wp-json\/wp\/v2\/comments?post=241099"}],"version-history":[{"count":1,"href":"https:\/\/franciscanos.org.br\/noticias\/wp-json\/wp\/v2\/posts\/241099\/revisions"}],"predecessor-version":[{"id":241106,"href":"https:\/\/franciscanos.org.br\/noticias\/wp-json\/wp\/v2\/posts\/241099\/revisions\/241106"}],"wp:featuredmedia":[{"embeddable":true,"href":"https:\/\/franciscanos.org.br\/noticias\/wp-json\/wp\/v2\/media\/241100"}],"wp:attachment":[{"href":"https:\/\/franciscanos.org.br\/noticias\/wp-json\/wp\/v2\/media?parent=241099"}],"wp:term":[{"taxonomy":"category","embeddable":true,"href":"https:\/\/franciscanos.org.br\/noticias\/wp-json\/wp\/v2\/categories?post=241099"},{"taxonomy":"post_tag","embeddable":true,"href":"https:\/\/franciscanos.org.br\/noticias\/wp-json\/wp\/v2\/tags?post=241099"}],"curies":[{"name":"wp","href":"https:\/\/api.w.org\/{rel}","templated":true}]}}