{"id":241064,"date":"2022-12-02T15:06:47","date_gmt":"2022-12-02T18:06:47","guid":{"rendered":"https:\/\/franciscanos.org.br\/noticias\/?p=241064"},"modified":"2022-12-05T17:40:50","modified_gmt":"2022-12-05T20:40:50","slug":"premiadocoral","status":"publish","type":"post","link":"https:\/\/franciscanos.org.br\/noticias\/premiadocoral.html","title":{"rendered":"Coral dos Canarinhos \u00e9 premiado pela Academia Petropolitana de Letras"},"content":{"rendered":"<p><img loading=\"lazy\" class=\"alignnone size-full wp-image-241065\" src=\"https:\/\/franciscanos.org.br\/noticias\/wp-content\/uploads\/2022\/12\/canarinhos_01.jpg\" alt=\"\" width=\"1280\" height=\"720\" srcset=\"https:\/\/franciscanos.org.br\/noticias\/wp-content\/uploads\/2022\/12\/canarinhos_01.jpg 1280w, https:\/\/franciscanos.org.br\/noticias\/wp-content\/uploads\/2022\/12\/canarinhos_01-450x253.jpg 450w, https:\/\/franciscanos.org.br\/noticias\/wp-content\/uploads\/2022\/12\/canarinhos_01-1024x576.jpg 1024w, https:\/\/franciscanos.org.br\/noticias\/wp-content\/uploads\/2022\/12\/canarinhos_01-768x432.jpg 768w, https:\/\/franciscanos.org.br\/noticias\/wp-content\/uploads\/2022\/12\/canarinhos_01-150x84.jpg 150w\" sizes=\"(max-width: 1280px) 100vw, 1280px\" \/><\/p>\n<p><strong>\u00a0<\/strong><strong>Petr\u00f3polis (RJ) \u2013<\/strong> A Academia Petropolitana de Letras da Cidade Imperial (RJ), premiou o Coral dos Canarinhos de Petr\u00f3polis pelos 80 de funda\u00e7\u00e3o. O evento aconteceu \u00e0s 19h da \u00faltima quinta-feira, 1\u00ba de dezembro, no audit\u00f3rio Arthur S\u00e1 Earp Neto da Faculdade de Medicina de Petr\u00f3polis (UNIFASE).<\/p>\n<p>Neste ano de 2022, o coro de meninos cantores mais antigo do pa\u00eds completou 80 anos desde sua cria\u00e7\u00e3o em 1942 e a Academia Petropolitana de Letras comemora seu centen\u00e1rio, sendo fundada em 1922. Ambas as hist\u00f3rias s\u00e3o marcadas pelo pioneirismo e ousadia de educar atrav\u00e9s da m\u00fasica e da cultura.<\/p>\n<p>Para Frei Marcos Ant\u00f4nio de Andrade, presidente do Instituto dos Meninos Cantores de Petr\u00f3polis (IMCP), receber esse pr\u00eamio da Academia Petropolitana de Letras \u00e9 um reconhecimento e alegria para todos os franciscanos da Prov\u00edncia da Imaculada Concei\u00e7\u00e3o do Brasil e para todos que trabalham com o Coral dos Canarinhos. \u201cS\u00e3o 80 anos ininterruptos de trabalho levando sempre em conta tr\u00eas elementos que nos \u00faltimos tempos em nosso pa\u00eds n\u00e3o tiveram apoio: a cultura, educa\u00e7\u00e3o e o servi\u00e7o social\u201d, frisou.<\/p>\n<p><img loading=\"lazy\" class=\"alignnone size-full wp-image-241066\" src=\"https:\/\/franciscanos.org.br\/noticias\/wp-content\/uploads\/2022\/12\/canarinhos_02.jpg\" alt=\"\" width=\"1280\" height=\"720\" srcset=\"https:\/\/franciscanos.org.br\/noticias\/wp-content\/uploads\/2022\/12\/canarinhos_02.jpg 1280w, https:\/\/franciscanos.org.br\/noticias\/wp-content\/uploads\/2022\/12\/canarinhos_02-450x253.jpg 450w, https:\/\/franciscanos.org.br\/noticias\/wp-content\/uploads\/2022\/12\/canarinhos_02-1024x576.jpg 1024w, https:\/\/franciscanos.org.br\/noticias\/wp-content\/uploads\/2022\/12\/canarinhos_02-768x432.jpg 768w, https:\/\/franciscanos.org.br\/noticias\/wp-content\/uploads\/2022\/12\/canarinhos_02-150x84.jpg 150w\" sizes=\"(max-width: 1280px) 100vw, 1280px\" \/><\/p>\n<p>\u201cNestes 80 anos, desde quando Frei Leto Bienias come\u00e7ou, enquanto frades e franciscanos que lutam por uma boa forma\u00e7\u00e3o de nossas crian\u00e7as e jovens, n\u00f3s tivemos essa preocupa\u00e7\u00e3o educativa, social e cultural, n\u00e3o s\u00f3 por meio da m\u00fasica, mas atrav\u00e9s tamb\u00e9m da forma\u00e7\u00e3o humana. \u00c9 um projeto franciscano que tem a miss\u00e3o de cantar a liturgia da Missa, mas tamb\u00e9m de anunciar o Evangelho e a paz, independentemente da religi\u00e3o, mas a partir de nossa identidade franciscana\u201d, acrescentou.<\/p>\n<p>\u201c\u00c9 uma alegria receber essa premia\u00e7\u00e3o e reconhecimento de uma institui\u00e7\u00e3o t\u00e3o importante como a Academia que trabalha em prol da preserva\u00e7\u00e3o da cultura, da arte e tamb\u00e9m da ci\u00eancia e de reconhecer que n\u00f3s somos parceiros da resist\u00eancia por acreditar em um projeto de forma\u00e7\u00e3o humana para as nossas crian\u00e7as e jovens\u201d, concluiu Frei Marcos.<\/p>\n<p>Frei Marcos foi convidado para subir ao palco pelo presidente da Academia Petropolitana de Letras, Leandro Garcia Rodrigues, que concedeu ao Coral dos Canarinhos de Petr\u00f3polis o \u201cPr\u00eamio da Academia\u201d para entidades culturais da cidade de Petr\u00f3polis. A indica\u00e7\u00e3o foi feita pela jornalista Carolina Freitas, grande entusiasta e apoiadora do trabalho do IMCP.<\/p>\n<p><img loading=\"lazy\" class=\"alignnone size-full wp-image-241067\" src=\"https:\/\/franciscanos.org.br\/noticias\/wp-content\/uploads\/2022\/12\/canarinhos_03.jpg\" alt=\"\" width=\"1280\" height=\"720\" srcset=\"https:\/\/franciscanos.org.br\/noticias\/wp-content\/uploads\/2022\/12\/canarinhos_03.jpg 1280w, https:\/\/franciscanos.org.br\/noticias\/wp-content\/uploads\/2022\/12\/canarinhos_03-450x253.jpg 450w, https:\/\/franciscanos.org.br\/noticias\/wp-content\/uploads\/2022\/12\/canarinhos_03-1024x576.jpg 1024w, https:\/\/franciscanos.org.br\/noticias\/wp-content\/uploads\/2022\/12\/canarinhos_03-768x432.jpg 768w, https:\/\/franciscanos.org.br\/noticias\/wp-content\/uploads\/2022\/12\/canarinhos_03-150x84.jpg 150w\" sizes=\"(max-width: 1280px) 100vw, 1280px\" \/><\/p>\n<p><strong>PARA SEMPRE CANARINHOS<\/strong><\/p>\n<p>Outro destaque da noite foi a premia\u00e7\u00e3o do coro \u201cBienias &amp; Prim\u201d. O grupo \u00e9 formado por ex-membros dos \u201cCanarinhos de Petr\u00f3polis\u201d, cujo nome faz uma homenagem aos mestres Frei Leto Bienias e Frei Jos\u00e9 Luiz Prim, grandes educadores e respons\u00e1veis pela s\u00f3lida forma\u00e7\u00e3o musical dos componentes do coro e de todos os coralistas do IMCP.<\/p>\n<p>Fundado em 06 de julho de 2019, atua em missas, casamentos, festas e eventos corporativos.\u00a0Dono de um vasto repert\u00f3rio, o coro \u201cBienias &amp; Prim\u201d destaca-se pela excel\u00eancia em suas performances e tem como objetivo propagar m\u00fasica de qualidade, investindo de forma permanente no estudo da t\u00e9cnica vocal, atrav\u00e9s de novas pe\u00e7as de variados estilos e \u00e9pocas. \u201cA m\u00fasica uniu nossas vidas e decidimos devolver aos ouvintes os melhores sons desta jornada\u201d, afirmam os integrantes do coro.<\/p>\n<p><img loading=\"lazy\" class=\"alignnone size-full wp-image-241068\" src=\"https:\/\/franciscanos.org.br\/noticias\/wp-content\/uploads\/2022\/12\/canarinhos_04.jpg\" alt=\"\" width=\"1280\" height=\"720\" srcset=\"https:\/\/franciscanos.org.br\/noticias\/wp-content\/uploads\/2022\/12\/canarinhos_04.jpg 1280w, https:\/\/franciscanos.org.br\/noticias\/wp-content\/uploads\/2022\/12\/canarinhos_04-450x253.jpg 450w, https:\/\/franciscanos.org.br\/noticias\/wp-content\/uploads\/2022\/12\/canarinhos_04-1024x576.jpg 1024w, https:\/\/franciscanos.org.br\/noticias\/wp-content\/uploads\/2022\/12\/canarinhos_04-768x432.jpg 768w, https:\/\/franciscanos.org.br\/noticias\/wp-content\/uploads\/2022\/12\/canarinhos_04-150x84.jpg 150w\" sizes=\"(max-width: 1280px) 100vw, 1280px\" \/><\/p>\n<p><strong>SOBRE A ACADEMIA PETROPOLITANA DE LETRAS<\/strong><\/p>\n<p>A Academia Petropolitana de Letras, outrora chamada de Academia Petropolitana de Ci\u00eancias e Letras, \u00e9 a entidade liter\u00e1ria m\u00e1xima da cidade de Petr\u00f3polis. \u00c9 tida como uma das academias mais antigas do pa\u00eds, em funcionamento ininterrupto desde que foi fundada em 1922.<\/p>\n<p>Segundo informa\u00e7\u00f5es do site da Academia, \u00e9 uma institui\u00e7\u00e3o que congrega os principais escritores e intelectuais da cidade e que promove a literatura petropolitana em seus mais diferentes g\u00eaneros. Seus membros produzem, divulgam e fazem a produ\u00e7\u00e3o circular. Fundamental no resgate e na manuten\u00e7\u00e3o da mem\u00f3ria local, a hist\u00f3ria da Academia Petropolitana de Letras se entrela\u00e7a com a trajet\u00f3ria da cidade de Petr\u00f3polis, seus fatos hist\u00f3ricos e personalidades.<\/p>\n<hr \/>\n<p><em>Frei Augusto Luiz Gabriel<\/em><\/p>\n","protected":false},"excerpt":{"rendered":"<p>Canarinhos de Petr\u00f3polis<\/p>\n","protected":false},"author":3,"featured_media":241065,"comment_status":"open","ping_status":"open","sticky":false,"template":"","format":"standard","meta":[],"categories":[1],"tags":[1378,1788,190],"acf":[],"yoast_head":"<!-- This site is optimized with the Yoast SEO plugin v19.2 - https:\/\/yoast.com\/wordpress\/plugins\/seo\/ -->\n<title>Coral dos Canarinhos \u00e9 premiado pela Academia Petropolitana de Letras - Not\u00edcias - Franciscanos<\/title>\n<meta name=\"robots\" content=\"index, follow, max-snippet:-1, max-image-preview:large, max-video-preview:-1\" \/>\n<link rel=\"canonical\" href=\"https:\/\/franciscanos.org.br\/noticias\/premiadocoral.html\" \/>\n<meta property=\"og:locale\" content=\"pt_BR\" \/>\n<meta property=\"og:type\" content=\"article\" \/>\n<meta property=\"og:title\" content=\"Coral dos Canarinhos \u00e9 premiado pela Academia Petropolitana de Letras - Not\u00edcias - Franciscanos\" \/>\n<meta property=\"og:description\" content=\"Canarinhos de Petr\u00f3polis\" \/>\n<meta property=\"og:url\" content=\"https:\/\/franciscanos.org.br\/noticias\/premiadocoral.html\" \/>\n<meta property=\"og:site_name\" content=\"Not\u00edcias - Franciscanos\" \/>\n<meta property=\"article:published_time\" content=\"2022-12-02T18:06:47+00:00\" \/>\n<meta property=\"article:modified_time\" content=\"2022-12-05T20:40:50+00:00\" \/>\n<meta property=\"og:image\" content=\"https:\/\/franciscanos.org.br\/noticias\/wp-content\/uploads\/2022\/12\/canarinhos_01.jpg\" \/>\n\t<meta property=\"og:image:width\" content=\"1280\" \/>\n\t<meta property=\"og:image:height\" content=\"720\" \/>\n\t<meta property=\"og:image:type\" content=\"image\/jpeg\" \/>\n<meta name=\"author\" content=\"moacir\" \/>\n<meta name=\"twitter:card\" content=\"summary_large_image\" \/>\n<meta name=\"twitter:label1\" content=\"Escrito por\" \/>\n\t<meta name=\"twitter:data1\" content=\"moacir\" \/>\n\t<meta name=\"twitter:label2\" content=\"Est. tempo de leitura\" \/>\n\t<meta name=\"twitter:data2\" content=\"3 minutos\" \/>\n<script type=\"application\/ld+json\" class=\"yoast-schema-graph\">{\"@context\":\"https:\/\/schema.org\",\"@graph\":[{\"@type\":\"WebSite\",\"@id\":\"https:\/\/franciscanos.org.br\/noticias\/#website\",\"url\":\"https:\/\/franciscanos.org.br\/noticias\/\",\"name\":\"Not\u00edcias - Franciscanos\",\"description\":\"Prov\u00edncia Franciscana da Imaculada Concei\u00e7\u00e3o do Brasil - Ordem dos Frades Menores - OFM\",\"potentialAction\":[{\"@type\":\"SearchAction\",\"target\":{\"@type\":\"EntryPoint\",\"urlTemplate\":\"https:\/\/franciscanos.org.br\/noticias\/?s={search_term_string}\"},\"query-input\":\"required name=search_term_string\"}],\"inLanguage\":\"pt-BR\"},{\"@type\":\"ImageObject\",\"inLanguage\":\"pt-BR\",\"@id\":\"https:\/\/franciscanos.org.br\/noticias\/premiadocoral.html#primaryimage\",\"url\":\"https:\/\/franciscanos.org.br\/noticias\/wp-content\/uploads\/2022\/12\/canarinhos_01.jpg\",\"contentUrl\":\"https:\/\/franciscanos.org.br\/noticias\/wp-content\/uploads\/2022\/12\/canarinhos_01.jpg\",\"width\":1280,\"height\":720},{\"@type\":\"WebPage\",\"@id\":\"https:\/\/franciscanos.org.br\/noticias\/premiadocoral.html#webpage\",\"url\":\"https:\/\/franciscanos.org.br\/noticias\/premiadocoral.html\",\"name\":\"Coral dos Canarinhos \u00e9 premiado pela Academia Petropolitana de Letras - Not\u00edcias - Franciscanos\",\"isPartOf\":{\"@id\":\"https:\/\/franciscanos.org.br\/noticias\/#website\"},\"primaryImageOfPage\":{\"@id\":\"https:\/\/franciscanos.org.br\/noticias\/premiadocoral.html#primaryimage\"},\"datePublished\":\"2022-12-02T18:06:47+00:00\",\"dateModified\":\"2022-12-05T20:40:50+00:00\",\"author\":{\"@id\":\"https:\/\/franciscanos.org.br\/noticias\/#\/schema\/person\/b5c8cba458c330ccff548b056e95a5d4\"},\"breadcrumb\":{\"@id\":\"https:\/\/franciscanos.org.br\/noticias\/premiadocoral.html#breadcrumb\"},\"inLanguage\":\"pt-BR\",\"potentialAction\":[{\"@type\":\"ReadAction\",\"target\":[\"https:\/\/franciscanos.org.br\/noticias\/premiadocoral.html\"]}]},{\"@type\":\"BreadcrumbList\",\"@id\":\"https:\/\/franciscanos.org.br\/noticias\/premiadocoral.html#breadcrumb\",\"itemListElement\":[{\"@type\":\"ListItem\",\"position\":1,\"name\":\"Home\",\"item\":\"https:\/\/franciscanos.org.br\/noticias\"},{\"@type\":\"ListItem\",\"position\":2,\"name\":\"Coral dos Canarinhos \u00e9 premiado pela Academia Petropolitana de Letras\"}]},{\"@type\":\"Person\",\"@id\":\"https:\/\/franciscanos.org.br\/noticias\/#\/schema\/person\/b5c8cba458c330ccff548b056e95a5d4\",\"name\":\"moacir\",\"image\":{\"@type\":\"ImageObject\",\"inLanguage\":\"pt-BR\",\"@id\":\"https:\/\/franciscanos.org.br\/noticias\/#\/schema\/person\/image\/\",\"url\":\"https:\/\/secure.gravatar.com\/avatar\/d08aa2ce4c8dd416d4479aa8536fcf64?s=96&d=mm&r=g\",\"contentUrl\":\"https:\/\/secure.gravatar.com\/avatar\/d08aa2ce4c8dd416d4479aa8536fcf64?s=96&d=mm&r=g\",\"caption\":\"moacir\"},\"url\":\"https:\/\/franciscanos.org.br\/noticias\/author\/moacir\"}]}<\/script>\n<!-- \/ Yoast SEO plugin. -->","yoast_head_json":{"title":"Coral dos Canarinhos \u00e9 premiado pela Academia Petropolitana de Letras - Not\u00edcias - Franciscanos","robots":{"index":"index","follow":"follow","max-snippet":"max-snippet:-1","max-image-preview":"max-image-preview:large","max-video-preview":"max-video-preview:-1"},"canonical":"https:\/\/franciscanos.org.br\/noticias\/premiadocoral.html","og_locale":"pt_BR","og_type":"article","og_title":"Coral dos Canarinhos \u00e9 premiado pela Academia Petropolitana de Letras - Not\u00edcias - Franciscanos","og_description":"Canarinhos de Petr\u00f3polis","og_url":"https:\/\/franciscanos.org.br\/noticias\/premiadocoral.html","og_site_name":"Not\u00edcias - Franciscanos","article_published_time":"2022-12-02T18:06:47+00:00","article_modified_time":"2022-12-05T20:40:50+00:00","og_image":[{"width":1280,"height":720,"url":"https:\/\/franciscanos.org.br\/noticias\/wp-content\/uploads\/2022\/12\/canarinhos_01.jpg","type":"image\/jpeg"}],"author":"moacir","twitter_card":"summary_large_image","twitter_misc":{"Escrito por":"moacir","Est. tempo de leitura":"3 minutos"},"schema":{"@context":"https:\/\/schema.org","@graph":[{"@type":"WebSite","@id":"https:\/\/franciscanos.org.br\/noticias\/#website","url":"https:\/\/franciscanos.org.br\/noticias\/","name":"Not\u00edcias - Franciscanos","description":"Prov\u00edncia Franciscana da Imaculada Concei\u00e7\u00e3o do Brasil - Ordem dos Frades Menores - OFM","potentialAction":[{"@type":"SearchAction","target":{"@type":"EntryPoint","urlTemplate":"https:\/\/franciscanos.org.br\/noticias\/?s={search_term_string}"},"query-input":"required name=search_term_string"}],"inLanguage":"pt-BR"},{"@type":"ImageObject","inLanguage":"pt-BR","@id":"https:\/\/franciscanos.org.br\/noticias\/premiadocoral.html#primaryimage","url":"https:\/\/franciscanos.org.br\/noticias\/wp-content\/uploads\/2022\/12\/canarinhos_01.jpg","contentUrl":"https:\/\/franciscanos.org.br\/noticias\/wp-content\/uploads\/2022\/12\/canarinhos_01.jpg","width":1280,"height":720},{"@type":"WebPage","@id":"https:\/\/franciscanos.org.br\/noticias\/premiadocoral.html#webpage","url":"https:\/\/franciscanos.org.br\/noticias\/premiadocoral.html","name":"Coral dos Canarinhos \u00e9 premiado pela Academia Petropolitana de Letras - Not\u00edcias - Franciscanos","isPartOf":{"@id":"https:\/\/franciscanos.org.br\/noticias\/#website"},"primaryImageOfPage":{"@id":"https:\/\/franciscanos.org.br\/noticias\/premiadocoral.html#primaryimage"},"datePublished":"2022-12-02T18:06:47+00:00","dateModified":"2022-12-05T20:40:50+00:00","author":{"@id":"https:\/\/franciscanos.org.br\/noticias\/#\/schema\/person\/b5c8cba458c330ccff548b056e95a5d4"},"breadcrumb":{"@id":"https:\/\/franciscanos.org.br\/noticias\/premiadocoral.html#breadcrumb"},"inLanguage":"pt-BR","potentialAction":[{"@type":"ReadAction","target":["https:\/\/franciscanos.org.br\/noticias\/premiadocoral.html"]}]},{"@type":"BreadcrumbList","@id":"https:\/\/franciscanos.org.br\/noticias\/premiadocoral.html#breadcrumb","itemListElement":[{"@type":"ListItem","position":1,"name":"Home","item":"https:\/\/franciscanos.org.br\/noticias"},{"@type":"ListItem","position":2,"name":"Coral dos Canarinhos \u00e9 premiado pela Academia Petropolitana de Letras"}]},{"@type":"Person","@id":"https:\/\/franciscanos.org.br\/noticias\/#\/schema\/person\/b5c8cba458c330ccff548b056e95a5d4","name":"moacir","image":{"@type":"ImageObject","inLanguage":"pt-BR","@id":"https:\/\/franciscanos.org.br\/noticias\/#\/schema\/person\/image\/","url":"https:\/\/secure.gravatar.com\/avatar\/d08aa2ce4c8dd416d4479aa8536fcf64?s=96&d=mm&r=g","contentUrl":"https:\/\/secure.gravatar.com\/avatar\/d08aa2ce4c8dd416d4479aa8536fcf64?s=96&d=mm&r=g","caption":"moacir"},"url":"https:\/\/franciscanos.org.br\/noticias\/author\/moacir"}]}},"_links":{"self":[{"href":"https:\/\/franciscanos.org.br\/noticias\/wp-json\/wp\/v2\/posts\/241064"}],"collection":[{"href":"https:\/\/franciscanos.org.br\/noticias\/wp-json\/wp\/v2\/posts"}],"about":[{"href":"https:\/\/franciscanos.org.br\/noticias\/wp-json\/wp\/v2\/types\/post"}],"author":[{"embeddable":true,"href":"https:\/\/franciscanos.org.br\/noticias\/wp-json\/wp\/v2\/users\/3"}],"replies":[{"embeddable":true,"href":"https:\/\/franciscanos.org.br\/noticias\/wp-json\/wp\/v2\/comments?post=241064"}],"version-history":[{"count":2,"href":"https:\/\/franciscanos.org.br\/noticias\/wp-json\/wp\/v2\/posts\/241064\/revisions"}],"predecessor-version":[{"id":241070,"href":"https:\/\/franciscanos.org.br\/noticias\/wp-json\/wp\/v2\/posts\/241064\/revisions\/241070"}],"wp:featuredmedia":[{"embeddable":true,"href":"https:\/\/franciscanos.org.br\/noticias\/wp-json\/wp\/v2\/media\/241065"}],"wp:attachment":[{"href":"https:\/\/franciscanos.org.br\/noticias\/wp-json\/wp\/v2\/media?parent=241064"}],"wp:term":[{"taxonomy":"category","embeddable":true,"href":"https:\/\/franciscanos.org.br\/noticias\/wp-json\/wp\/v2\/categories?post=241064"},{"taxonomy":"post_tag","embeddable":true,"href":"https:\/\/franciscanos.org.br\/noticias\/wp-json\/wp\/v2\/tags?post=241064"}],"curies":[{"name":"wp","href":"https:\/\/api.w.org\/{rel}","templated":true}]}}