{"id":241057,"date":"2022-12-07T00:49:30","date_gmt":"2022-12-07T03:49:30","guid":{"rendered":"https:\/\/franciscanos.org.br\/noticias\/?p=241057"},"modified":"2022-12-07T07:05:58","modified_gmt":"2022-12-07T10:05:58","slug":"mensagem-do-ministro-provincial-para-o-ano-vocacional","status":"publish","type":"post","link":"https:\/\/franciscanos.org.br\/noticias\/mensagem-do-ministro-provincial-para-o-ano-vocacional.html","title":{"rendered":"Mensagem do Ministro Provincial para o Ano Vocacional"},"content":{"rendered":"<p>&nbsp;<\/p>\n<p><img loading=\"lazy\" class=\"alignnone wp-image-241061 size-full\" src=\"https:\/\/franciscanos.org.br\/noticias\/wp-content\/uploads\/2022\/12\/tpop_ano-vocacional_1280x720.png\" alt=\"\" width=\"1280\" height=\"720\" srcset=\"https:\/\/franciscanos.org.br\/noticias\/wp-content\/uploads\/2022\/12\/tpop_ano-vocacional_1280x720.png 1280w, https:\/\/franciscanos.org.br\/noticias\/wp-content\/uploads\/2022\/12\/tpop_ano-vocacional_1280x720-450x253.png 450w, https:\/\/franciscanos.org.br\/noticias\/wp-content\/uploads\/2022\/12\/tpop_ano-vocacional_1280x720-1024x576.png 1024w, https:\/\/franciscanos.org.br\/noticias\/wp-content\/uploads\/2022\/12\/tpop_ano-vocacional_1280x720-768x432.png 768w, https:\/\/franciscanos.org.br\/noticias\/wp-content\/uploads\/2022\/12\/tpop_ano-vocacional_1280x720-150x84.png 150w\" sizes=\"(max-width: 1280px) 100vw, 1280px\" \/><\/p>\n<h3>&#8220;COM FRANCISCO, CHAMADOS A VIVER O EVANGELHO\u201d<\/h3>\n<p>H\u00e1 40 anos a Igreja no Brasil prop\u00f4s pela primeira vez a iniciativa de um ano vocacional. Tempo oportuno para a promo\u00e7\u00e3o do discernimento e do convite ao seguimento de Nosso Senhor Jesus Cristo nas diferentes formas de vida na Igreja e na sociedade.<\/p>\n<p>Come\u00e7ou agora em novembro e vai at\u00e9 novembro do ano que vem o Terceiro Ano Vocacional que tem como tema &#8220;Voca\u00e7\u00e3o: Gra\u00e7a e Miss\u00e3o&#8221; e o lema &#8220;Cora\u00e7\u00f5es ardentes, p\u00e9s a caminho&#8221; (cf. Lc 24, 32-33).<\/p>\n<p>A Fam\u00edlia Franciscana, nos pr\u00f3ximos quatro anos, tem a gra\u00e7a de percorrer uma caminhada jubilar que recorda e atualiza momentos centrais da vida de Francisco e da Ordem.<\/p>\n<p><iframe loading=\"lazy\" title=\"YouTube video player\" src=\"https:\/\/www.youtube.com\/embed\/gt4Juc4j4io\" width=\"100%\" height=\"500\" frameborder=\"0\" allowfullscreen=\"allowfullscreen\"><span data-mce-type=\"bookmark\" style=\"display: inline-block; width: 0px; overflow: hidden; line-height: 0;\" class=\"mce_SELRES_start\">\ufeff<\/span><\/iframe><\/p>\n<p>Ano que vem, dois eventos v\u00e3o merecer especial aten\u00e7\u00e3o: os 800 anos de Aprova\u00e7\u00e3o da Regra e tamb\u00e9m 800 anos da cria\u00e7\u00e3o do Pres\u00e9pio. Para bem celebrar este tempo, em comunh\u00e3o com a Ordem e a Fam\u00edlia Franciscana, nossa Prov\u00edncia abre, no pr\u00f3ximo dia 08 de dezembro, o Ano Vocacional Franciscano, que traz como lema: \u201cCom Francisco, chamados a viver o Evangelho\u201d.<\/p>\n<p>Francisco de Assis fez registrar na Regra o resumo da voca\u00e7\u00e3o da Ordem. Ele afirmou: \u201cA Regra e vida dos Frades Menores \u00e9 esta, a saber: observar o santo Evangelho de nosso Senhor Jesus Cristo vivendo em obedi\u00eancia, sem nada de pr\u00f3prio e em castidade\u201d (RB 1,1).<\/p>\n<p>Portanto, esta \u00e9 a voca\u00e7\u00e3o de cada irm\u00e3o; esta \u00e9 a proposta que devemos apresentar a todos os que desejam partilhar a miss\u00e3o franciscana no mundo.<\/p>\n<p>O \u00faltimo Cap\u00edtulo da nossa Prov\u00edncia elegeu entre suas prioridades a Anima\u00e7\u00e3o Vocacional. Por isso, vamos viver este tempo como uma grande convoca\u00e7\u00e3o para que a Prov\u00edncia, em todas as suas express\u00f5es evangelizadoras e formativas, empenhe-se, sob a condu\u00e7\u00e3o da gra\u00e7a de Deus, para que entremos num alegre per\u00edodo de primavera vocacional tanto para os irm\u00e3os que j\u00e1 est\u00e3o na vida franciscana quanto para os jovens que desejem vir a n\u00f3s para viver o sonho do discipulado de Cristo ao modo de Francisco.<\/p>\n<p>Por isso, meu irm\u00e3o e minha irm\u00e3, vamos ouvir o apelo da Igreja no Brasil, vamos tamb\u00e9m viver os jubileus franciscanos e viver o Ano Vocacional Franciscano:<\/p>\n<p><strong>\u201cCOM FRANCISCO, SOMOS CHAMADOS A VIVER O EVANGELHO\u201d<\/strong><\/p>\n<p>A Virgem Maria, concebida sem pecado, padroeira da nossa Prov\u00edncia, nos acompanhe e instrua nesta caminhada.<\/p>\n<p>Paz e Bem!<\/p>\n<p><strong>FREI PAULO ROBERTO PEREIRA, OFM<\/strong><\/p>\n<p><em>Ministro Provincial<\/em><\/p>\n<p><strong>Prov\u00edncia Franciscana da Imaculada Concei\u00e7\u00e3o do Brasil<\/strong><\/p>\n<p>&nbsp;<\/p>\n","protected":false},"excerpt":{"rendered":"<p>Prov\u00edncia Franciscana da Imaculada Concei\u00e7\u00e3o<\/p>\n","protected":false},"author":3,"featured_media":241060,"comment_status":"open","ping_status":"open","sticky":false,"template":"","format":"standard","meta":[],"categories":[1],"tags":[1871],"acf":[],"yoast_head":"<!-- This site is optimized with the Yoast SEO plugin v19.2 - https:\/\/yoast.com\/wordpress\/plugins\/seo\/ -->\n<title>Mensagem do Ministro Provincial para o Ano Vocacional - Not\u00edcias - Franciscanos<\/title>\n<meta name=\"robots\" content=\"index, follow, max-snippet:-1, max-image-preview:large, max-video-preview:-1\" \/>\n<link rel=\"canonical\" href=\"https:\/\/franciscanos.org.br\/noticias\/mensagem-do-ministro-provincial-para-o-ano-vocacional.html\" \/>\n<meta property=\"og:locale\" content=\"pt_BR\" \/>\n<meta property=\"og:type\" content=\"article\" \/>\n<meta property=\"og:title\" content=\"Mensagem do Ministro Provincial para o Ano Vocacional - Not\u00edcias - Franciscanos\" \/>\n<meta property=\"og:description\" content=\"Prov\u00edncia Franciscana da Imaculada Concei\u00e7\u00e3o\" \/>\n<meta property=\"og:url\" content=\"https:\/\/franciscanos.org.br\/noticias\/mensagem-do-ministro-provincial-para-o-ano-vocacional.html\" \/>\n<meta property=\"og:site_name\" content=\"Not\u00edcias - Franciscanos\" \/>\n<meta property=\"article:published_time\" content=\"2022-12-07T03:49:30+00:00\" \/>\n<meta property=\"article:modified_time\" content=\"2022-12-07T10:05:58+00:00\" \/>\n<meta property=\"og:image\" content=\"https:\/\/franciscanos.org.br\/noticias\/wp-content\/uploads\/2022\/12\/imagem-destacada_ano-vocacional_800x550.png\" \/>\n\t<meta property=\"og:image:width\" content=\"800\" \/>\n\t<meta property=\"og:image:height\" content=\"550\" \/>\n\t<meta property=\"og:image:type\" content=\"image\/png\" \/>\n<meta name=\"author\" content=\"moacir\" \/>\n<meta name=\"twitter:card\" content=\"summary_large_image\" \/>\n<meta name=\"twitter:label1\" content=\"Escrito por\" \/>\n\t<meta name=\"twitter:data1\" content=\"moacir\" \/>\n\t<meta name=\"twitter:label2\" content=\"Est. tempo de leitura\" \/>\n\t<meta name=\"twitter:data2\" content=\"2 minutos\" \/>\n<script type=\"application\/ld+json\" class=\"yoast-schema-graph\">{\"@context\":\"https:\/\/schema.org\",\"@graph\":[{\"@type\":\"WebSite\",\"@id\":\"https:\/\/franciscanos.org.br\/noticias\/#website\",\"url\":\"https:\/\/franciscanos.org.br\/noticias\/\",\"name\":\"Not\u00edcias - Franciscanos\",\"description\":\"Prov\u00edncia Franciscana da Imaculada Concei\u00e7\u00e3o do Brasil - Ordem dos Frades Menores - OFM\",\"potentialAction\":[{\"@type\":\"SearchAction\",\"target\":{\"@type\":\"EntryPoint\",\"urlTemplate\":\"https:\/\/franciscanos.org.br\/noticias\/?s={search_term_string}\"},\"query-input\":\"required name=search_term_string\"}],\"inLanguage\":\"pt-BR\"},{\"@type\":\"ImageObject\",\"inLanguage\":\"pt-BR\",\"@id\":\"https:\/\/franciscanos.org.br\/noticias\/mensagem-do-ministro-provincial-para-o-ano-vocacional.html#primaryimage\",\"url\":\"https:\/\/franciscanos.org.br\/noticias\/wp-content\/uploads\/2022\/12\/imagem-destacada_ano-vocacional_800x550.png\",\"contentUrl\":\"https:\/\/franciscanos.org.br\/noticias\/wp-content\/uploads\/2022\/12\/imagem-destacada_ano-vocacional_800x550.png\",\"width\":800,\"height\":550},{\"@type\":\"WebPage\",\"@id\":\"https:\/\/franciscanos.org.br\/noticias\/mensagem-do-ministro-provincial-para-o-ano-vocacional.html#webpage\",\"url\":\"https:\/\/franciscanos.org.br\/noticias\/mensagem-do-ministro-provincial-para-o-ano-vocacional.html\",\"name\":\"Mensagem do Ministro Provincial para o Ano Vocacional - Not\u00edcias - Franciscanos\",\"isPartOf\":{\"@id\":\"https:\/\/franciscanos.org.br\/noticias\/#website\"},\"primaryImageOfPage\":{\"@id\":\"https:\/\/franciscanos.org.br\/noticias\/mensagem-do-ministro-provincial-para-o-ano-vocacional.html#primaryimage\"},\"datePublished\":\"2022-12-07T03:49:30+00:00\",\"dateModified\":\"2022-12-07T10:05:58+00:00\",\"author\":{\"@id\":\"https:\/\/franciscanos.org.br\/noticias\/#\/schema\/person\/b5c8cba458c330ccff548b056e95a5d4\"},\"breadcrumb\":{\"@id\":\"https:\/\/franciscanos.org.br\/noticias\/mensagem-do-ministro-provincial-para-o-ano-vocacional.html#breadcrumb\"},\"inLanguage\":\"pt-BR\",\"potentialAction\":[{\"@type\":\"ReadAction\",\"target\":[\"https:\/\/franciscanos.org.br\/noticias\/mensagem-do-ministro-provincial-para-o-ano-vocacional.html\"]}]},{\"@type\":\"BreadcrumbList\",\"@id\":\"https:\/\/franciscanos.org.br\/noticias\/mensagem-do-ministro-provincial-para-o-ano-vocacional.html#breadcrumb\",\"itemListElement\":[{\"@type\":\"ListItem\",\"position\":1,\"name\":\"Home\",\"item\":\"https:\/\/franciscanos.org.br\/noticias\"},{\"@type\":\"ListItem\",\"position\":2,\"name\":\"Mensagem do Ministro Provincial para o Ano Vocacional\"}]},{\"@type\":\"Person\",\"@id\":\"https:\/\/franciscanos.org.br\/noticias\/#\/schema\/person\/b5c8cba458c330ccff548b056e95a5d4\",\"name\":\"moacir\",\"image\":{\"@type\":\"ImageObject\",\"inLanguage\":\"pt-BR\",\"@id\":\"https:\/\/franciscanos.org.br\/noticias\/#\/schema\/person\/image\/\",\"url\":\"https:\/\/secure.gravatar.com\/avatar\/d08aa2ce4c8dd416d4479aa8536fcf64?s=96&d=mm&r=g\",\"contentUrl\":\"https:\/\/secure.gravatar.com\/avatar\/d08aa2ce4c8dd416d4479aa8536fcf64?s=96&d=mm&r=g\",\"caption\":\"moacir\"},\"url\":\"https:\/\/franciscanos.org.br\/noticias\/author\/moacir\"}]}<\/script>\n<!-- \/ Yoast SEO plugin. -->","yoast_head_json":{"title":"Mensagem do Ministro Provincial para o Ano Vocacional - Not\u00edcias - Franciscanos","robots":{"index":"index","follow":"follow","max-snippet":"max-snippet:-1","max-image-preview":"max-image-preview:large","max-video-preview":"max-video-preview:-1"},"canonical":"https:\/\/franciscanos.org.br\/noticias\/mensagem-do-ministro-provincial-para-o-ano-vocacional.html","og_locale":"pt_BR","og_type":"article","og_title":"Mensagem do Ministro Provincial para o Ano Vocacional - Not\u00edcias - Franciscanos","og_description":"Prov\u00edncia Franciscana da Imaculada Concei\u00e7\u00e3o","og_url":"https:\/\/franciscanos.org.br\/noticias\/mensagem-do-ministro-provincial-para-o-ano-vocacional.html","og_site_name":"Not\u00edcias - Franciscanos","article_published_time":"2022-12-07T03:49:30+00:00","article_modified_time":"2022-12-07T10:05:58+00:00","og_image":[{"width":800,"height":550,"url":"https:\/\/franciscanos.org.br\/noticias\/wp-content\/uploads\/2022\/12\/imagem-destacada_ano-vocacional_800x550.png","type":"image\/png"}],"author":"moacir","twitter_card":"summary_large_image","twitter_misc":{"Escrito por":"moacir","Est. tempo de leitura":"2 minutos"},"schema":{"@context":"https:\/\/schema.org","@graph":[{"@type":"WebSite","@id":"https:\/\/franciscanos.org.br\/noticias\/#website","url":"https:\/\/franciscanos.org.br\/noticias\/","name":"Not\u00edcias - Franciscanos","description":"Prov\u00edncia Franciscana da Imaculada Concei\u00e7\u00e3o do Brasil - Ordem dos Frades Menores - OFM","potentialAction":[{"@type":"SearchAction","target":{"@type":"EntryPoint","urlTemplate":"https:\/\/franciscanos.org.br\/noticias\/?s={search_term_string}"},"query-input":"required name=search_term_string"}],"inLanguage":"pt-BR"},{"@type":"ImageObject","inLanguage":"pt-BR","@id":"https:\/\/franciscanos.org.br\/noticias\/mensagem-do-ministro-provincial-para-o-ano-vocacional.html#primaryimage","url":"https:\/\/franciscanos.org.br\/noticias\/wp-content\/uploads\/2022\/12\/imagem-destacada_ano-vocacional_800x550.png","contentUrl":"https:\/\/franciscanos.org.br\/noticias\/wp-content\/uploads\/2022\/12\/imagem-destacada_ano-vocacional_800x550.png","width":800,"height":550},{"@type":"WebPage","@id":"https:\/\/franciscanos.org.br\/noticias\/mensagem-do-ministro-provincial-para-o-ano-vocacional.html#webpage","url":"https:\/\/franciscanos.org.br\/noticias\/mensagem-do-ministro-provincial-para-o-ano-vocacional.html","name":"Mensagem do Ministro Provincial para o Ano Vocacional - Not\u00edcias - Franciscanos","isPartOf":{"@id":"https:\/\/franciscanos.org.br\/noticias\/#website"},"primaryImageOfPage":{"@id":"https:\/\/franciscanos.org.br\/noticias\/mensagem-do-ministro-provincial-para-o-ano-vocacional.html#primaryimage"},"datePublished":"2022-12-07T03:49:30+00:00","dateModified":"2022-12-07T10:05:58+00:00","author":{"@id":"https:\/\/franciscanos.org.br\/noticias\/#\/schema\/person\/b5c8cba458c330ccff548b056e95a5d4"},"breadcrumb":{"@id":"https:\/\/franciscanos.org.br\/noticias\/mensagem-do-ministro-provincial-para-o-ano-vocacional.html#breadcrumb"},"inLanguage":"pt-BR","potentialAction":[{"@type":"ReadAction","target":["https:\/\/franciscanos.org.br\/noticias\/mensagem-do-ministro-provincial-para-o-ano-vocacional.html"]}]},{"@type":"BreadcrumbList","@id":"https:\/\/franciscanos.org.br\/noticias\/mensagem-do-ministro-provincial-para-o-ano-vocacional.html#breadcrumb","itemListElement":[{"@type":"ListItem","position":1,"name":"Home","item":"https:\/\/franciscanos.org.br\/noticias"},{"@type":"ListItem","position":2,"name":"Mensagem do Ministro Provincial para o Ano Vocacional"}]},{"@type":"Person","@id":"https:\/\/franciscanos.org.br\/noticias\/#\/schema\/person\/b5c8cba458c330ccff548b056e95a5d4","name":"moacir","image":{"@type":"ImageObject","inLanguage":"pt-BR","@id":"https:\/\/franciscanos.org.br\/noticias\/#\/schema\/person\/image\/","url":"https:\/\/secure.gravatar.com\/avatar\/d08aa2ce4c8dd416d4479aa8536fcf64?s=96&d=mm&r=g","contentUrl":"https:\/\/secure.gravatar.com\/avatar\/d08aa2ce4c8dd416d4479aa8536fcf64?s=96&d=mm&r=g","caption":"moacir"},"url":"https:\/\/franciscanos.org.br\/noticias\/author\/moacir"}]}},"_links":{"self":[{"href":"https:\/\/franciscanos.org.br\/noticias\/wp-json\/wp\/v2\/posts\/241057"}],"collection":[{"href":"https:\/\/franciscanos.org.br\/noticias\/wp-json\/wp\/v2\/posts"}],"about":[{"href":"https:\/\/franciscanos.org.br\/noticias\/wp-json\/wp\/v2\/types\/post"}],"author":[{"embeddable":true,"href":"https:\/\/franciscanos.org.br\/noticias\/wp-json\/wp\/v2\/users\/3"}],"replies":[{"embeddable":true,"href":"https:\/\/franciscanos.org.br\/noticias\/wp-json\/wp\/v2\/comments?post=241057"}],"version-history":[{"count":5,"href":"https:\/\/franciscanos.org.br\/noticias\/wp-json\/wp\/v2\/posts\/241057\/revisions"}],"predecessor-version":[{"id":241124,"href":"https:\/\/franciscanos.org.br\/noticias\/wp-json\/wp\/v2\/posts\/241057\/revisions\/241124"}],"wp:featuredmedia":[{"embeddable":true,"href":"https:\/\/franciscanos.org.br\/noticias\/wp-json\/wp\/v2\/media\/241060"}],"wp:attachment":[{"href":"https:\/\/franciscanos.org.br\/noticias\/wp-json\/wp\/v2\/media?parent=241057"}],"wp:term":[{"taxonomy":"category","embeddable":true,"href":"https:\/\/franciscanos.org.br\/noticias\/wp-json\/wp\/v2\/categories?post=241057"},{"taxonomy":"post_tag","embeddable":true,"href":"https:\/\/franciscanos.org.br\/noticias\/wp-json\/wp\/v2\/tags?post=241057"}],"curies":[{"name":"wp","href":"https:\/\/api.w.org\/{rel}","templated":true}]}}