{"id":241047,"date":"2022-12-01T06:47:08","date_gmt":"2022-12-01T09:47:08","guid":{"rendered":"https:\/\/franciscanos.org.br\/noticias\/?p=241047"},"modified":"2022-12-01T06:47:08","modified_gmt":"2022-12-01T09:47:08","slug":"consultoria-solidaria-da-fae-encerra-primeira-etapa","status":"publish","type":"post","link":"https:\/\/franciscanos.org.br\/noticias\/consultoria-solidaria-da-fae-encerra-primeira-etapa.html","title":{"rendered":"Consultoria Solid\u00e1ria da FAE encerra primeira etapa"},"content":{"rendered":"<p><img loading=\"lazy\" class=\"alignnone size-full wp-image-241048\" src=\"https:\/\/franciscanos.org.br\/noticias\/wp-content\/uploads\/2022\/12\/fae_01.jpg\" alt=\"\" width=\"1280\" height=\"720\" srcset=\"https:\/\/franciscanos.org.br\/noticias\/wp-content\/uploads\/2022\/12\/fae_01.jpg 1280w, https:\/\/franciscanos.org.br\/noticias\/wp-content\/uploads\/2022\/12\/fae_01-450x253.jpg 450w, https:\/\/franciscanos.org.br\/noticias\/wp-content\/uploads\/2022\/12\/fae_01-1024x576.jpg 1024w, https:\/\/franciscanos.org.br\/noticias\/wp-content\/uploads\/2022\/12\/fae_01-768x432.jpg 768w, https:\/\/franciscanos.org.br\/noticias\/wp-content\/uploads\/2022\/12\/fae_01-150x84.jpg 150w\" sizes=\"(max-width: 1280px) 100vw, 1280px\" \/><\/p>\n<p>Os cerca de 50 estudantes do 4.\u00ba ano do curso de Administra\u00e7\u00e3o da FAE Centro Universit\u00e1rio que prestaram assessoria volunt\u00e1ria para empresas apresentaram os resultados das a\u00e7\u00f5es do ano de 2022. No total, 15 empreendedores do com\u00e9rcio de Curitiba e regi\u00e3o metropolitana conseguiram melhorar o andamento dos seus neg\u00f3cios depois de aderirem ao projeto Consultoria Solid\u00e1ria, idealizado pela FAE em parceria com a Fecom\u00e9rcio\/PR e o Sebrae\/PR. Eles receberam um certificado em cerim\u00f4nia realizada na FAE de S\u00e3o Jos\u00e9 dos Pinhais.<\/p>\n<p>O Consultoria Solid\u00e1ria alia benef\u00edcios tanto para os estudantes como para os empres\u00e1rios: os alunos t\u00eam a oportunidade de experimentar na pr\u00e1tica o que aprendem na teoria com as consultorias gratuitas; e os empres\u00e1rios melhoram seus neg\u00f3cios com as dicas dos acad\u00eamicos, que s\u00e3o acompanhados pelos professores e pelos consultores do Sebrae\/PR. Os empreendedores que participaram do projeto receberam um diagn\u00f3stico empresarial para identificar pontos fortes e fracos de sua empresa, al\u00e9m de uma sugest\u00e3o de plano de a\u00e7\u00e3o para os pontos priorit\u00e1rios de melhorias. As \u00e1reas em que os alunos, professores e o Sebrae atuaram foram muitas, de gest\u00e3o e planejamento financeiro at\u00e9 marketing.<\/p>\n<p>Durante a cerim\u00f4nia, o professor da FAE e gestor operacional da Consultoria Solid\u00e1ria, Valter Pereira Francisco Filho, afirmou que o projeto faz parte da miss\u00e3o do Grupo Bom Jesus \u2013 auxiliar quem mais precisa \u2013 e que, assim, a parceria n\u00e3o poderia deixar de dar certo. \u201cForam poucos meses, mas andamos muito com o projeto. E isso principalmente devido ao empenho dos nossos alunos\u201d, disse o professor. Durante a cerim\u00f4nia, o vice-presidente da Fecom\u00e9rcio\/PR, Paulo Salesbran, afirmou que os benef\u00edcios s\u00e3o para a sociedade como um todo, e o que \u00e9 ainda melhor: de forma solid\u00e1ria. \u201cSabemos que cada pessoa tem uma habilidade. E, juntando a habilidade de cada um com a solidariedade, essas parcerias se solidificam ainda mais\u201d, salientou Salesbran.<\/p>\n<p>O diretor de Rela\u00e7\u00f5es Corporativas da FAE, Paulo Cruz, disse que a Consultoria Solid\u00e1ria mostrou o quanto as empresas compreendem a import\u00e2ncia da academia para a sociedade. \u201cUm momento importante para os alunos, que puderam colocar em pr\u00e1tica a teoria que aprendem em sala de aula, e para os empres\u00e1rios, que entenderam que, quando se compartilham conhecimentos, potencializam-se os resultados\u201d, disse. O diretor do campus FAE S\u00e3o Jos\u00e9 dos Pinhais, Elcio Douglas Joaquim, reiterou que n\u00e3o h\u00e1 melhor oportunidade de pr\u00e1tica do que numa empresa real. O vice-presidente do Grupo Educacional Bom Jesus, Frei Daniel Dellandrea, falou da import\u00e2ncia da educa\u00e7\u00e3o na constru\u00e7\u00e3o de uma sociedade mais pr\u00f3spera. \u201cN\u00e3o h\u00e1 como preparar alunos sem eles terem a capacidade de serem agentes do bem\u201d, afirmou. O coordenador do FAE Social, Frei Claudino Gilz, realizou a b\u00ean\u00e7\u00e3o final do balan\u00e7o das a\u00e7\u00f5es.<\/p>\n<p>Tamb\u00e9m estiveram presentes no evento o superintendente da Fecom\u00e9rcio\/PR, Eduardo Luiz Gabardo Martins, e o coordenador de Desenvolvimento Empresarial, Rodrigo Schmidt. O Sebrae\/PR foi representado pela gerente da \u00e1rea de Gest\u00e3o de Projetos e Inova\u00e7\u00e3o de Produtos, Joana D\u2019Arc de Melo.<\/p>\n<hr \/>\n<p><em>Assessoria da FAE<\/em><\/p>\n","protected":false},"excerpt":{"rendered":"<p>Frente de Evangeliza\u00e7\u00e3o da Educa\u00e7\u00e3o<\/p>\n","protected":false},"author":3,"featured_media":241048,"comment_status":"open","ping_status":"open","sticky":false,"template":"","format":"standard","meta":[],"categories":[1],"tags":[548],"acf":[],"yoast_head":"<!-- This site is optimized with the Yoast SEO plugin v19.2 - https:\/\/yoast.com\/wordpress\/plugins\/seo\/ -->\n<title>Consultoria Solid\u00e1ria da FAE encerra primeira etapa - Not\u00edcias - Franciscanos<\/title>\n<meta name=\"robots\" content=\"index, follow, max-snippet:-1, max-image-preview:large, max-video-preview:-1\" \/>\n<link rel=\"canonical\" href=\"https:\/\/franciscanos.org.br\/noticias\/consultoria-solidaria-da-fae-encerra-primeira-etapa.html\" \/>\n<meta property=\"og:locale\" content=\"pt_BR\" \/>\n<meta property=\"og:type\" content=\"article\" \/>\n<meta property=\"og:title\" content=\"Consultoria Solid\u00e1ria da FAE encerra primeira etapa - Not\u00edcias - Franciscanos\" \/>\n<meta property=\"og:description\" content=\"Frente de Evangeliza\u00e7\u00e3o da Educa\u00e7\u00e3o\" \/>\n<meta property=\"og:url\" content=\"https:\/\/franciscanos.org.br\/noticias\/consultoria-solidaria-da-fae-encerra-primeira-etapa.html\" \/>\n<meta property=\"og:site_name\" content=\"Not\u00edcias - Franciscanos\" \/>\n<meta property=\"article:published_time\" content=\"2022-12-01T09:47:08+00:00\" \/>\n<meta property=\"og:image\" content=\"https:\/\/franciscanos.org.br\/noticias\/wp-content\/uploads\/2022\/12\/fae_01.jpg\" \/>\n\t<meta property=\"og:image:width\" content=\"1280\" \/>\n\t<meta property=\"og:image:height\" content=\"720\" \/>\n\t<meta property=\"og:image:type\" content=\"image\/jpeg\" \/>\n<meta name=\"author\" content=\"moacir\" \/>\n<meta name=\"twitter:card\" content=\"summary_large_image\" \/>\n<meta name=\"twitter:label1\" content=\"Escrito por\" \/>\n\t<meta name=\"twitter:data1\" content=\"moacir\" \/>\n\t<meta name=\"twitter:label2\" content=\"Est. tempo de leitura\" \/>\n\t<meta name=\"twitter:data2\" content=\"3 minutos\" \/>\n<script type=\"application\/ld+json\" class=\"yoast-schema-graph\">{\"@context\":\"https:\/\/schema.org\",\"@graph\":[{\"@type\":\"WebSite\",\"@id\":\"https:\/\/franciscanos.org.br\/noticias\/#website\",\"url\":\"https:\/\/franciscanos.org.br\/noticias\/\",\"name\":\"Not\u00edcias - Franciscanos\",\"description\":\"Prov\u00edncia Franciscana da Imaculada Concei\u00e7\u00e3o do Brasil - Ordem dos Frades Menores - OFM\",\"potentialAction\":[{\"@type\":\"SearchAction\",\"target\":{\"@type\":\"EntryPoint\",\"urlTemplate\":\"https:\/\/franciscanos.org.br\/noticias\/?s={search_term_string}\"},\"query-input\":\"required name=search_term_string\"}],\"inLanguage\":\"pt-BR\"},{\"@type\":\"ImageObject\",\"inLanguage\":\"pt-BR\",\"@id\":\"https:\/\/franciscanos.org.br\/noticias\/consultoria-solidaria-da-fae-encerra-primeira-etapa.html#primaryimage\",\"url\":\"https:\/\/franciscanos.org.br\/noticias\/wp-content\/uploads\/2022\/12\/fae_01.jpg\",\"contentUrl\":\"https:\/\/franciscanos.org.br\/noticias\/wp-content\/uploads\/2022\/12\/fae_01.jpg\",\"width\":1280,\"height\":720},{\"@type\":\"WebPage\",\"@id\":\"https:\/\/franciscanos.org.br\/noticias\/consultoria-solidaria-da-fae-encerra-primeira-etapa.html#webpage\",\"url\":\"https:\/\/franciscanos.org.br\/noticias\/consultoria-solidaria-da-fae-encerra-primeira-etapa.html\",\"name\":\"Consultoria Solid\u00e1ria da FAE encerra primeira etapa - Not\u00edcias - Franciscanos\",\"isPartOf\":{\"@id\":\"https:\/\/franciscanos.org.br\/noticias\/#website\"},\"primaryImageOfPage\":{\"@id\":\"https:\/\/franciscanos.org.br\/noticias\/consultoria-solidaria-da-fae-encerra-primeira-etapa.html#primaryimage\"},\"datePublished\":\"2022-12-01T09:47:08+00:00\",\"dateModified\":\"2022-12-01T09:47:08+00:00\",\"author\":{\"@id\":\"https:\/\/franciscanos.org.br\/noticias\/#\/schema\/person\/b5c8cba458c330ccff548b056e95a5d4\"},\"breadcrumb\":{\"@id\":\"https:\/\/franciscanos.org.br\/noticias\/consultoria-solidaria-da-fae-encerra-primeira-etapa.html#breadcrumb\"},\"inLanguage\":\"pt-BR\",\"potentialAction\":[{\"@type\":\"ReadAction\",\"target\":[\"https:\/\/franciscanos.org.br\/noticias\/consultoria-solidaria-da-fae-encerra-primeira-etapa.html\"]}]},{\"@type\":\"BreadcrumbList\",\"@id\":\"https:\/\/franciscanos.org.br\/noticias\/consultoria-solidaria-da-fae-encerra-primeira-etapa.html#breadcrumb\",\"itemListElement\":[{\"@type\":\"ListItem\",\"position\":1,\"name\":\"Home\",\"item\":\"https:\/\/franciscanos.org.br\/noticias\"},{\"@type\":\"ListItem\",\"position\":2,\"name\":\"Consultoria Solid\u00e1ria da FAE encerra primeira etapa\"}]},{\"@type\":\"Person\",\"@id\":\"https:\/\/franciscanos.org.br\/noticias\/#\/schema\/person\/b5c8cba458c330ccff548b056e95a5d4\",\"name\":\"moacir\",\"image\":{\"@type\":\"ImageObject\",\"inLanguage\":\"pt-BR\",\"@id\":\"https:\/\/franciscanos.org.br\/noticias\/#\/schema\/person\/image\/\",\"url\":\"https:\/\/secure.gravatar.com\/avatar\/d08aa2ce4c8dd416d4479aa8536fcf64?s=96&d=mm&r=g\",\"contentUrl\":\"https:\/\/secure.gravatar.com\/avatar\/d08aa2ce4c8dd416d4479aa8536fcf64?s=96&d=mm&r=g\",\"caption\":\"moacir\"},\"url\":\"https:\/\/franciscanos.org.br\/noticias\/author\/moacir\"}]}<\/script>\n<!-- \/ Yoast SEO plugin. -->","yoast_head_json":{"title":"Consultoria Solid\u00e1ria da FAE encerra primeira etapa - Not\u00edcias - Franciscanos","robots":{"index":"index","follow":"follow","max-snippet":"max-snippet:-1","max-image-preview":"max-image-preview:large","max-video-preview":"max-video-preview:-1"},"canonical":"https:\/\/franciscanos.org.br\/noticias\/consultoria-solidaria-da-fae-encerra-primeira-etapa.html","og_locale":"pt_BR","og_type":"article","og_title":"Consultoria Solid\u00e1ria da FAE encerra primeira etapa - Not\u00edcias - Franciscanos","og_description":"Frente de Evangeliza\u00e7\u00e3o da Educa\u00e7\u00e3o","og_url":"https:\/\/franciscanos.org.br\/noticias\/consultoria-solidaria-da-fae-encerra-primeira-etapa.html","og_site_name":"Not\u00edcias - Franciscanos","article_published_time":"2022-12-01T09:47:08+00:00","og_image":[{"width":1280,"height":720,"url":"https:\/\/franciscanos.org.br\/noticias\/wp-content\/uploads\/2022\/12\/fae_01.jpg","type":"image\/jpeg"}],"author":"moacir","twitter_card":"summary_large_image","twitter_misc":{"Escrito por":"moacir","Est. tempo de leitura":"3 minutos"},"schema":{"@context":"https:\/\/schema.org","@graph":[{"@type":"WebSite","@id":"https:\/\/franciscanos.org.br\/noticias\/#website","url":"https:\/\/franciscanos.org.br\/noticias\/","name":"Not\u00edcias - Franciscanos","description":"Prov\u00edncia Franciscana da Imaculada Concei\u00e7\u00e3o do Brasil - Ordem dos Frades Menores - OFM","potentialAction":[{"@type":"SearchAction","target":{"@type":"EntryPoint","urlTemplate":"https:\/\/franciscanos.org.br\/noticias\/?s={search_term_string}"},"query-input":"required name=search_term_string"}],"inLanguage":"pt-BR"},{"@type":"ImageObject","inLanguage":"pt-BR","@id":"https:\/\/franciscanos.org.br\/noticias\/consultoria-solidaria-da-fae-encerra-primeira-etapa.html#primaryimage","url":"https:\/\/franciscanos.org.br\/noticias\/wp-content\/uploads\/2022\/12\/fae_01.jpg","contentUrl":"https:\/\/franciscanos.org.br\/noticias\/wp-content\/uploads\/2022\/12\/fae_01.jpg","width":1280,"height":720},{"@type":"WebPage","@id":"https:\/\/franciscanos.org.br\/noticias\/consultoria-solidaria-da-fae-encerra-primeira-etapa.html#webpage","url":"https:\/\/franciscanos.org.br\/noticias\/consultoria-solidaria-da-fae-encerra-primeira-etapa.html","name":"Consultoria Solid\u00e1ria da FAE encerra primeira etapa - Not\u00edcias - Franciscanos","isPartOf":{"@id":"https:\/\/franciscanos.org.br\/noticias\/#website"},"primaryImageOfPage":{"@id":"https:\/\/franciscanos.org.br\/noticias\/consultoria-solidaria-da-fae-encerra-primeira-etapa.html#primaryimage"},"datePublished":"2022-12-01T09:47:08+00:00","dateModified":"2022-12-01T09:47:08+00:00","author":{"@id":"https:\/\/franciscanos.org.br\/noticias\/#\/schema\/person\/b5c8cba458c330ccff548b056e95a5d4"},"breadcrumb":{"@id":"https:\/\/franciscanos.org.br\/noticias\/consultoria-solidaria-da-fae-encerra-primeira-etapa.html#breadcrumb"},"inLanguage":"pt-BR","potentialAction":[{"@type":"ReadAction","target":["https:\/\/franciscanos.org.br\/noticias\/consultoria-solidaria-da-fae-encerra-primeira-etapa.html"]}]},{"@type":"BreadcrumbList","@id":"https:\/\/franciscanos.org.br\/noticias\/consultoria-solidaria-da-fae-encerra-primeira-etapa.html#breadcrumb","itemListElement":[{"@type":"ListItem","position":1,"name":"Home","item":"https:\/\/franciscanos.org.br\/noticias"},{"@type":"ListItem","position":2,"name":"Consultoria Solid\u00e1ria da FAE encerra primeira etapa"}]},{"@type":"Person","@id":"https:\/\/franciscanos.org.br\/noticias\/#\/schema\/person\/b5c8cba458c330ccff548b056e95a5d4","name":"moacir","image":{"@type":"ImageObject","inLanguage":"pt-BR","@id":"https:\/\/franciscanos.org.br\/noticias\/#\/schema\/person\/image\/","url":"https:\/\/secure.gravatar.com\/avatar\/d08aa2ce4c8dd416d4479aa8536fcf64?s=96&d=mm&r=g","contentUrl":"https:\/\/secure.gravatar.com\/avatar\/d08aa2ce4c8dd416d4479aa8536fcf64?s=96&d=mm&r=g","caption":"moacir"},"url":"https:\/\/franciscanos.org.br\/noticias\/author\/moacir"}]}},"_links":{"self":[{"href":"https:\/\/franciscanos.org.br\/noticias\/wp-json\/wp\/v2\/posts\/241047"}],"collection":[{"href":"https:\/\/franciscanos.org.br\/noticias\/wp-json\/wp\/v2\/posts"}],"about":[{"href":"https:\/\/franciscanos.org.br\/noticias\/wp-json\/wp\/v2\/types\/post"}],"author":[{"embeddable":true,"href":"https:\/\/franciscanos.org.br\/noticias\/wp-json\/wp\/v2\/users\/3"}],"replies":[{"embeddable":true,"href":"https:\/\/franciscanos.org.br\/noticias\/wp-json\/wp\/v2\/comments?post=241047"}],"version-history":[{"count":1,"href":"https:\/\/franciscanos.org.br\/noticias\/wp-json\/wp\/v2\/posts\/241047\/revisions"}],"predecessor-version":[{"id":241049,"href":"https:\/\/franciscanos.org.br\/noticias\/wp-json\/wp\/v2\/posts\/241047\/revisions\/241049"}],"wp:featuredmedia":[{"embeddable":true,"href":"https:\/\/franciscanos.org.br\/noticias\/wp-json\/wp\/v2\/media\/241048"}],"wp:attachment":[{"href":"https:\/\/franciscanos.org.br\/noticias\/wp-json\/wp\/v2\/media?parent=241047"}],"wp:term":[{"taxonomy":"category","embeddable":true,"href":"https:\/\/franciscanos.org.br\/noticias\/wp-json\/wp\/v2\/categories?post=241047"},{"taxonomy":"post_tag","embeddable":true,"href":"https:\/\/franciscanos.org.br\/noticias\/wp-json\/wp\/v2\/tags?post=241047"}],"curies":[{"name":"wp","href":"https:\/\/api.w.org\/{rel}","templated":true}]}}