{"id":241040,"date":"2022-11-30T09:41:23","date_gmt":"2022-11-30T12:41:23","guid":{"rendered":"https:\/\/franciscanos.org.br\/noticias\/?p=241040"},"modified":"2022-11-30T12:42:57","modified_gmt":"2022-11-30T15:42:57","slug":"papa-aprender-a-ler-no-livro-do-coracao-para-nao-continuar-repetindo-os-mesmos-erros","status":"publish","type":"post","link":"https:\/\/franciscanos.org.br\/noticias\/papa-aprender-a-ler-no-livro-do-coracao-para-nao-continuar-repetindo-os-mesmos-erros.html","title":{"rendered":"Papa: aprender a ler no livro do cora\u00e7\u00e3o para n\u00e3o continuar repetindo os mesmos erros"},"content":{"rendered":"<div id=\"attachment_241041\" style=\"width: 1290px\" class=\"wp-caption alignnone\"><img aria-describedby=\"caption-attachment-241041\" loading=\"lazy\" class=\"wp-image-241041 size-full\" src=\"https:\/\/franciscanos.org.br\/noticias\/wp-content\/uploads\/2022\/11\/audiencia_3011.jpg\" alt=\"\" width=\"1280\" height=\"720\" srcset=\"https:\/\/franciscanos.org.br\/noticias\/wp-content\/uploads\/2022\/11\/audiencia_3011.jpg 1280w, https:\/\/franciscanos.org.br\/noticias\/wp-content\/uploads\/2022\/11\/audiencia_3011-450x253.jpg 450w, https:\/\/franciscanos.org.br\/noticias\/wp-content\/uploads\/2022\/11\/audiencia_3011-1024x576.jpg 1024w, https:\/\/franciscanos.org.br\/noticias\/wp-content\/uploads\/2022\/11\/audiencia_3011-768x432.jpg 768w, https:\/\/franciscanos.org.br\/noticias\/wp-content\/uploads\/2022\/11\/audiencia_3011-150x84.jpg 150w\" sizes=\"(max-width: 1280px) 100vw, 1280px\" \/><p id=\"caption-attachment-241041\" class=\"wp-caption-text\"><em> \u00a0 \u00a0 \u00a0 \u00a0Imagem: Vatican Media<\/em><\/p><\/div>\n<p>&#8220;A consola\u00e7\u00e3o aut\u00eantica&#8221; foi o tema da catequese do Papa Francisco, na Audi\u00eancia Geral, desta quarta-feira (30\/11), realizada na Pra\u00e7a S\u00e3o Pedro. Continuando a reflex\u00e3o sobre o discernimento, o Papa recordou a seguinte passagem dos Exerc\u00edcios espirituais de Santo In\u00e1cio de Loyola. Reza assim: \u00abSe nos pensamentos tudo \u00e9 bom, o princ\u00edpio, o meio e o fim, e se tudo est\u00e1 orientado para o bem, este \u00e9 um sinal do anjo bom. Por outro lado, pode ser que no decurso dos pensamentos se apresente algo mau, ou que distraia, ou menos bom do que aquilo que antes a alma se propusera fazer, ou algo que debilite a alma, que a torne inquieta, que a ponha em agita\u00e7\u00e3o e lhe tire a paz, a tranquilidade e a calma que antes tinha: ent\u00e3o, este \u00e9 um sinal claro de que tais pensamentos v\u00eam do esp\u00edrito maligno\u00bb.<\/p>\n<p><strong>Estar orientado para o bem<\/strong><br \/>\n&#8220;Existe uma verdadeira consola\u00e7\u00e3o, mas existem consola\u00e7\u00f5es que n\u00e3o s\u00e3o verdadeiras. Por isso, \u00e9 preciso entender bem o percurso da consola\u00e7\u00e3o, para aonde vai, e para aonde me leva, se me leva para algo que n\u00e3o \u00e9 bom, n\u00e3o \u00e9 uma consola\u00e7\u00e3o boa, n\u00e3o \u00e9 uma consola\u00e7\u00e3o verdadeira, \u00e9 falsa&#8221;, sublinhou o Papa.<\/p>\n<p>O que significa que o princ\u00edpio est\u00e1 orientado para o bem? Por exemplo, tenho o pensamento de rezar, e observo que se acompanha ao afeto pelo Senhor e pelo pr\u00f3ximo, convida a realizar gestos de generosidade, de caridade: \u00e9 um bom princ\u00edpio. No entanto, pode acontecer que aquele pensamento surja para evitar um trabalho ou uma tarefa que me foi confiada: sempre que devo lavar a lou\u00e7a ou limpar a casa, vem-me uma grande vontade de come\u00e7ar a rezar! A ora\u00e7\u00e3o n\u00e3o \u00e9 uma fuga dos nossos afazeres; pelo contr\u00e1rio, \u00e9 uma ajuda para realizar o bem que somos chamados a praticar, aqui e agora. Isto a prop\u00f3sito do princ\u00edpio.<\/p>\n<p>&#8220;Santo In\u00e1cio dizia que o principio, o meio e o fim devem ser bons. O principio \u00e9 este: tenho vontade de rezar para n\u00e3o lavar a lou\u00e7a. Ent\u00e3o, primeiro, lava a lou\u00e7a e depois vai rezar&#8221;, frisou o Papa.<\/p>\n<p><strong>Examinar bem o percurso dos pr\u00f3prios sentimentos<\/strong><br \/>\n&#8220;Em seguida h\u00e1 o meio, ou seja, o que vem depois, o que se segue a tal pensamento&#8221;, sublinhou Francisco. &#8220;Permanecendo no exemplo anterior, se eu come\u00e7ar a rezar e, como faz o fariseu da par\u00e1bola tender a agradar a mim mesmo e a desprezar os outros, talvez com um \u00e2nimo ressentido e azedo, ent\u00e3o estes s\u00e3o sinais de que o esp\u00edrito maligno utilizou aquele pensamento como chave de acesso para entrar no meu cora\u00e7\u00e3o e para me transmitir os seus sentimentos.&#8221; Segundo o Papa, esse tipo &#8220;de ora\u00e7\u00e3o termina mal&#8221;, pois \u00e9 &#8220;uma consola\u00e7\u00e3o de rezar para se sentir como um pav\u00e3o diante de Deus. Este \u00e9 um meio que n\u00e3o funciona&#8221;.<\/p>\n<p>&#8220;Depois, h\u00e1 o fim. O fim \u00e9 um aspecto que j\u00e1 encontramos, ou seja: para aonde me leva aquele pensamento?&#8221;, perguntou Francisco, dizendo que &#8220;pode acontecer que eu trabalhe arduamente por uma obra boa e merit\u00f3ria, mas isto impele-me a deixar de rezar, descubro-me cada vez mais agressivo e zangado, considero que tudo depende de mim, a ponto de perder a confian\u00e7a em Deus. Evidentemente, aqui h\u00e1 a a\u00e7\u00e3o do esp\u00edrito maligno. Eu come\u00e7o a rezar e na ora\u00e7\u00e3o me sinto onipotente. Portanto, examinar bem o percurso dos pr\u00f3prios sentimentos, e o percurso dos bons sentimentos, da consola\u00e7\u00e3o a partir do momento que eu quero fazer alguma coisa&#8221;.<\/p>\n<p><strong>Aprender com as experi\u00eancias<\/strong><br \/>\nSegundo o Papa, &#8220;o estilo do inimigo&#8221;, do dem\u00f4nio, \u00e9 o estilo que &#8220;consiste em apresentar-se de maneira sorrateira e disfar\u00e7ada: come\u00e7a a partir daquilo que nos \u00e9 mais querido e depois, pouco a pouco, atrai-nos a si: o mal entra secretamente, sem que a pessoa perceba. E, com o passar do tempo, a suavidade torna-se dureza: aquele pensamento revela-se pelo que realmente \u00e9&#8221;.<\/p>\n<p>\u201cEis a import\u00e2ncia deste paciente, mas indispens\u00e1vel exame sobre a origem e a verdade dos pr\u00f3prios pensamentos; \u00e9 um convite a aprender com as experi\u00eancias, com o que nos acontece, para n\u00e3o continuar repetindo os mesmos erros.\u201d<\/p>\n<p>Quanto mais nos conhecemos, mais sentimos por onde entra o esp\u00edrito maligno, as suas \u201csenhas\u201d, as portas de entrada do nosso cora\u00e7\u00e3o, que s\u00e3o os pontos onde somos mais sens\u00edveis, de modo a prestar-lhes aten\u00e7\u00e3o no futuro. Cada um de n\u00f3s h\u00e1 os pontos mais sens\u00edveis, os pontos mais fr\u00e1geis da pr\u00f3pria personalidade e dali entra o maligno e nos leva para a estrada errada, ou nos tira da estrada certa. Quero rezar, mas me distancia da ora\u00e7\u00e3o.<\/p>\n<p><strong>\u00c9 importante compreender o que aconteceu<\/strong><br \/>\nO Papa frisou que \u00e9 importante fazer &#8220;o exame de consci\u00eancia di\u00e1rio: antes de terminar o dia, parar. Se perguntar, o que aconteceu no meu cora\u00e7\u00e3o? Cresceu ou foi uma estrada na qual passou de tudo? O que aconteceu no meu cora\u00e7\u00e3o. Trata-se do precioso esfor\u00e7o de reler a experi\u00eancia sob um ponto de vista particular. \u00c9 importante compreender o que aconteceu, \u00e9 sinal de que a gra\u00e7a de Deus age em n\u00f3s, ajudando-nos a crescer em liberdade e consci\u00eancia. N\u00e3o estamos sozinhos, o Esp\u00edrito Santo est\u00e1 conosco&#8221;.<\/p>\n<p>A consola\u00e7\u00e3o aut\u00eantica \u00e9 uma esp\u00e9cie de confirma\u00e7\u00e3o de que cumprimos o que Deus quer de n\u00f3s, que percorremos os seus caminhos, ou seja, as estradas da vida, da alegria, da paz. Com efeito, o discernimento n\u00e3o \u00e9 simplesmente sobre o bem, nem sobre o m\u00e1ximo bem poss\u00edvel, mas sobre o que \u00e9 um bem para mim aqui e agora: \u00e9 nisto que sou chamado a crescer, colocando limites a outras propostas, atraentes, mas irreais, para n\u00e3o ser enganado na busca do verdadeiro bem.<\/p>\n<p>\u00c9 preciso &#8220;aprender a ler no livro do cora\u00e7\u00e3o o que aconteceu durante o dia. Fa\u00e7am isso. S\u00e3o apenas dois minutos, mas garanto a voc\u00eas que lhes far\u00e1 bem&#8221;.<\/p>\n<hr \/>\n<p><em>Fonte: Vatican News (texto de Mariangela Jaguraba)<\/em><\/p>\n","protected":false},"excerpt":{"rendered":"<p>Audi\u00eancia Geral<\/p>\n","protected":false},"author":3,"featured_media":241041,"comment_status":"open","ping_status":"open","sticky":false,"template":"","format":"standard","meta":[],"categories":[1428],"tags":[487],"acf":[],"yoast_head":"<!-- This site is optimized with the Yoast SEO plugin v19.2 - https:\/\/yoast.com\/wordpress\/plugins\/seo\/ -->\n<title>Papa: aprender a ler no livro do cora\u00e7\u00e3o para n\u00e3o continuar repetindo os mesmos erros - Not\u00edcias - Franciscanos<\/title>\n<meta name=\"robots\" content=\"index, follow, max-snippet:-1, max-image-preview:large, max-video-preview:-1\" \/>\n<link rel=\"canonical\" href=\"https:\/\/franciscanos.org.br\/noticias\/papa-aprender-a-ler-no-livro-do-coracao-para-nao-continuar-repetindo-os-mesmos-erros.html\" \/>\n<meta property=\"og:locale\" content=\"pt_BR\" \/>\n<meta property=\"og:type\" content=\"article\" \/>\n<meta property=\"og:title\" content=\"Papa: aprender a ler no livro do cora\u00e7\u00e3o para n\u00e3o continuar repetindo os mesmos erros - Not\u00edcias - Franciscanos\" \/>\n<meta property=\"og:description\" content=\"Audi\u00eancia Geral\" \/>\n<meta property=\"og:url\" content=\"https:\/\/franciscanos.org.br\/noticias\/papa-aprender-a-ler-no-livro-do-coracao-para-nao-continuar-repetindo-os-mesmos-erros.html\" \/>\n<meta property=\"og:site_name\" content=\"Not\u00edcias - Franciscanos\" \/>\n<meta property=\"article:published_time\" content=\"2022-11-30T12:41:23+00:00\" \/>\n<meta property=\"article:modified_time\" content=\"2022-11-30T15:42:57+00:00\" \/>\n<meta property=\"og:image\" content=\"https:\/\/franciscanos.org.br\/noticias\/wp-content\/uploads\/2022\/11\/audiencia_3011.jpg\" \/>\n\t<meta property=\"og:image:width\" content=\"1280\" \/>\n\t<meta property=\"og:image:height\" content=\"720\" \/>\n\t<meta property=\"og:image:type\" content=\"image\/jpeg\" \/>\n<meta name=\"author\" content=\"moacir\" \/>\n<meta name=\"twitter:card\" content=\"summary_large_image\" \/>\n<meta name=\"twitter:label1\" content=\"Escrito por\" \/>\n\t<meta name=\"twitter:data1\" content=\"moacir\" \/>\n\t<meta name=\"twitter:label2\" content=\"Est. tempo de leitura\" \/>\n\t<meta name=\"twitter:data2\" content=\"5 minutos\" \/>\n<script type=\"application\/ld+json\" class=\"yoast-schema-graph\">{\"@context\":\"https:\/\/schema.org\",\"@graph\":[{\"@type\":\"WebSite\",\"@id\":\"https:\/\/franciscanos.org.br\/noticias\/#website\",\"url\":\"https:\/\/franciscanos.org.br\/noticias\/\",\"name\":\"Not\u00edcias - Franciscanos\",\"description\":\"Prov\u00edncia Franciscana da Imaculada Concei\u00e7\u00e3o do Brasil - Ordem dos Frades Menores - OFM\",\"potentialAction\":[{\"@type\":\"SearchAction\",\"target\":{\"@type\":\"EntryPoint\",\"urlTemplate\":\"https:\/\/franciscanos.org.br\/noticias\/?s={search_term_string}\"},\"query-input\":\"required name=search_term_string\"}],\"inLanguage\":\"pt-BR\"},{\"@type\":\"ImageObject\",\"inLanguage\":\"pt-BR\",\"@id\":\"https:\/\/franciscanos.org.br\/noticias\/papa-aprender-a-ler-no-livro-do-coracao-para-nao-continuar-repetindo-os-mesmos-erros.html#primaryimage\",\"url\":\"https:\/\/franciscanos.org.br\/noticias\/wp-content\/uploads\/2022\/11\/audiencia_3011.jpg\",\"contentUrl\":\"https:\/\/franciscanos.org.br\/noticias\/wp-content\/uploads\/2022\/11\/audiencia_3011.jpg\",\"width\":1280,\"height\":720},{\"@type\":\"WebPage\",\"@id\":\"https:\/\/franciscanos.org.br\/noticias\/papa-aprender-a-ler-no-livro-do-coracao-para-nao-continuar-repetindo-os-mesmos-erros.html#webpage\",\"url\":\"https:\/\/franciscanos.org.br\/noticias\/papa-aprender-a-ler-no-livro-do-coracao-para-nao-continuar-repetindo-os-mesmos-erros.html\",\"name\":\"Papa: aprender a ler no livro do cora\u00e7\u00e3o para n\u00e3o continuar repetindo os mesmos erros - Not\u00edcias - Franciscanos\",\"isPartOf\":{\"@id\":\"https:\/\/franciscanos.org.br\/noticias\/#website\"},\"primaryImageOfPage\":{\"@id\":\"https:\/\/franciscanos.org.br\/noticias\/papa-aprender-a-ler-no-livro-do-coracao-para-nao-continuar-repetindo-os-mesmos-erros.html#primaryimage\"},\"datePublished\":\"2022-11-30T12:41:23+00:00\",\"dateModified\":\"2022-11-30T15:42:57+00:00\",\"author\":{\"@id\":\"https:\/\/franciscanos.org.br\/noticias\/#\/schema\/person\/b5c8cba458c330ccff548b056e95a5d4\"},\"breadcrumb\":{\"@id\":\"https:\/\/franciscanos.org.br\/noticias\/papa-aprender-a-ler-no-livro-do-coracao-para-nao-continuar-repetindo-os-mesmos-erros.html#breadcrumb\"},\"inLanguage\":\"pt-BR\",\"potentialAction\":[{\"@type\":\"ReadAction\",\"target\":[\"https:\/\/franciscanos.org.br\/noticias\/papa-aprender-a-ler-no-livro-do-coracao-para-nao-continuar-repetindo-os-mesmos-erros.html\"]}]},{\"@type\":\"BreadcrumbList\",\"@id\":\"https:\/\/franciscanos.org.br\/noticias\/papa-aprender-a-ler-no-livro-do-coracao-para-nao-continuar-repetindo-os-mesmos-erros.html#breadcrumb\",\"itemListElement\":[{\"@type\":\"ListItem\",\"position\":1,\"name\":\"Home\",\"item\":\"https:\/\/franciscanos.org.br\/noticias\"},{\"@type\":\"ListItem\",\"position\":2,\"name\":\"Papa: aprender a ler no livro do cora\u00e7\u00e3o para n\u00e3o continuar repetindo os mesmos erros\"}]},{\"@type\":\"Person\",\"@id\":\"https:\/\/franciscanos.org.br\/noticias\/#\/schema\/person\/b5c8cba458c330ccff548b056e95a5d4\",\"name\":\"moacir\",\"image\":{\"@type\":\"ImageObject\",\"inLanguage\":\"pt-BR\",\"@id\":\"https:\/\/franciscanos.org.br\/noticias\/#\/schema\/person\/image\/\",\"url\":\"https:\/\/secure.gravatar.com\/avatar\/d08aa2ce4c8dd416d4479aa8536fcf64?s=96&d=mm&r=g\",\"contentUrl\":\"https:\/\/secure.gravatar.com\/avatar\/d08aa2ce4c8dd416d4479aa8536fcf64?s=96&d=mm&r=g\",\"caption\":\"moacir\"},\"url\":\"https:\/\/franciscanos.org.br\/noticias\/author\/moacir\"}]}<\/script>\n<!-- \/ Yoast SEO plugin. -->","yoast_head_json":{"title":"Papa: aprender a ler no livro do cora\u00e7\u00e3o para n\u00e3o continuar repetindo os mesmos erros - Not\u00edcias - Franciscanos","robots":{"index":"index","follow":"follow","max-snippet":"max-snippet:-1","max-image-preview":"max-image-preview:large","max-video-preview":"max-video-preview:-1"},"canonical":"https:\/\/franciscanos.org.br\/noticias\/papa-aprender-a-ler-no-livro-do-coracao-para-nao-continuar-repetindo-os-mesmos-erros.html","og_locale":"pt_BR","og_type":"article","og_title":"Papa: aprender a ler no livro do cora\u00e7\u00e3o para n\u00e3o continuar repetindo os mesmos erros - Not\u00edcias - Franciscanos","og_description":"Audi\u00eancia Geral","og_url":"https:\/\/franciscanos.org.br\/noticias\/papa-aprender-a-ler-no-livro-do-coracao-para-nao-continuar-repetindo-os-mesmos-erros.html","og_site_name":"Not\u00edcias - Franciscanos","article_published_time":"2022-11-30T12:41:23+00:00","article_modified_time":"2022-11-30T15:42:57+00:00","og_image":[{"width":1280,"height":720,"url":"https:\/\/franciscanos.org.br\/noticias\/wp-content\/uploads\/2022\/11\/audiencia_3011.jpg","type":"image\/jpeg"}],"author":"moacir","twitter_card":"summary_large_image","twitter_misc":{"Escrito por":"moacir","Est. tempo de leitura":"5 minutos"},"schema":{"@context":"https:\/\/schema.org","@graph":[{"@type":"WebSite","@id":"https:\/\/franciscanos.org.br\/noticias\/#website","url":"https:\/\/franciscanos.org.br\/noticias\/","name":"Not\u00edcias - Franciscanos","description":"Prov\u00edncia Franciscana da Imaculada Concei\u00e7\u00e3o do Brasil - Ordem dos Frades Menores - OFM","potentialAction":[{"@type":"SearchAction","target":{"@type":"EntryPoint","urlTemplate":"https:\/\/franciscanos.org.br\/noticias\/?s={search_term_string}"},"query-input":"required name=search_term_string"}],"inLanguage":"pt-BR"},{"@type":"ImageObject","inLanguage":"pt-BR","@id":"https:\/\/franciscanos.org.br\/noticias\/papa-aprender-a-ler-no-livro-do-coracao-para-nao-continuar-repetindo-os-mesmos-erros.html#primaryimage","url":"https:\/\/franciscanos.org.br\/noticias\/wp-content\/uploads\/2022\/11\/audiencia_3011.jpg","contentUrl":"https:\/\/franciscanos.org.br\/noticias\/wp-content\/uploads\/2022\/11\/audiencia_3011.jpg","width":1280,"height":720},{"@type":"WebPage","@id":"https:\/\/franciscanos.org.br\/noticias\/papa-aprender-a-ler-no-livro-do-coracao-para-nao-continuar-repetindo-os-mesmos-erros.html#webpage","url":"https:\/\/franciscanos.org.br\/noticias\/papa-aprender-a-ler-no-livro-do-coracao-para-nao-continuar-repetindo-os-mesmos-erros.html","name":"Papa: aprender a ler no livro do cora\u00e7\u00e3o para n\u00e3o continuar repetindo os mesmos erros - Not\u00edcias - Franciscanos","isPartOf":{"@id":"https:\/\/franciscanos.org.br\/noticias\/#website"},"primaryImageOfPage":{"@id":"https:\/\/franciscanos.org.br\/noticias\/papa-aprender-a-ler-no-livro-do-coracao-para-nao-continuar-repetindo-os-mesmos-erros.html#primaryimage"},"datePublished":"2022-11-30T12:41:23+00:00","dateModified":"2022-11-30T15:42:57+00:00","author":{"@id":"https:\/\/franciscanos.org.br\/noticias\/#\/schema\/person\/b5c8cba458c330ccff548b056e95a5d4"},"breadcrumb":{"@id":"https:\/\/franciscanos.org.br\/noticias\/papa-aprender-a-ler-no-livro-do-coracao-para-nao-continuar-repetindo-os-mesmos-erros.html#breadcrumb"},"inLanguage":"pt-BR","potentialAction":[{"@type":"ReadAction","target":["https:\/\/franciscanos.org.br\/noticias\/papa-aprender-a-ler-no-livro-do-coracao-para-nao-continuar-repetindo-os-mesmos-erros.html"]}]},{"@type":"BreadcrumbList","@id":"https:\/\/franciscanos.org.br\/noticias\/papa-aprender-a-ler-no-livro-do-coracao-para-nao-continuar-repetindo-os-mesmos-erros.html#breadcrumb","itemListElement":[{"@type":"ListItem","position":1,"name":"Home","item":"https:\/\/franciscanos.org.br\/noticias"},{"@type":"ListItem","position":2,"name":"Papa: aprender a ler no livro do cora\u00e7\u00e3o para n\u00e3o continuar repetindo os mesmos erros"}]},{"@type":"Person","@id":"https:\/\/franciscanos.org.br\/noticias\/#\/schema\/person\/b5c8cba458c330ccff548b056e95a5d4","name":"moacir","image":{"@type":"ImageObject","inLanguage":"pt-BR","@id":"https:\/\/franciscanos.org.br\/noticias\/#\/schema\/person\/image\/","url":"https:\/\/secure.gravatar.com\/avatar\/d08aa2ce4c8dd416d4479aa8536fcf64?s=96&d=mm&r=g","contentUrl":"https:\/\/secure.gravatar.com\/avatar\/d08aa2ce4c8dd416d4479aa8536fcf64?s=96&d=mm&r=g","caption":"moacir"},"url":"https:\/\/franciscanos.org.br\/noticias\/author\/moacir"}]}},"_links":{"self":[{"href":"https:\/\/franciscanos.org.br\/noticias\/wp-json\/wp\/v2\/posts\/241040"}],"collection":[{"href":"https:\/\/franciscanos.org.br\/noticias\/wp-json\/wp\/v2\/posts"}],"about":[{"href":"https:\/\/franciscanos.org.br\/noticias\/wp-json\/wp\/v2\/types\/post"}],"author":[{"embeddable":true,"href":"https:\/\/franciscanos.org.br\/noticias\/wp-json\/wp\/v2\/users\/3"}],"replies":[{"embeddable":true,"href":"https:\/\/franciscanos.org.br\/noticias\/wp-json\/wp\/v2\/comments?post=241040"}],"version-history":[{"count":2,"href":"https:\/\/franciscanos.org.br\/noticias\/wp-json\/wp\/v2\/posts\/241040\/revisions"}],"predecessor-version":[{"id":241045,"href":"https:\/\/franciscanos.org.br\/noticias\/wp-json\/wp\/v2\/posts\/241040\/revisions\/241045"}],"wp:featuredmedia":[{"embeddable":true,"href":"https:\/\/franciscanos.org.br\/noticias\/wp-json\/wp\/v2\/media\/241041"}],"wp:attachment":[{"href":"https:\/\/franciscanos.org.br\/noticias\/wp-json\/wp\/v2\/media?parent=241040"}],"wp:term":[{"taxonomy":"category","embeddable":true,"href":"https:\/\/franciscanos.org.br\/noticias\/wp-json\/wp\/v2\/categories?post=241040"},{"taxonomy":"post_tag","embeddable":true,"href":"https:\/\/franciscanos.org.br\/noticias\/wp-json\/wp\/v2\/tags?post=241040"}],"curies":[{"name":"wp","href":"https:\/\/api.w.org\/{rel}","templated":true}]}}