{"id":241035,"date":"2022-11-29T15:20:02","date_gmt":"2022-11-29T18:20:02","guid":{"rendered":"https:\/\/franciscanos.org.br\/noticias\/?p=241035"},"modified":"2022-11-29T15:20:02","modified_gmt":"2022-11-29T18:20:02","slug":"o-centenario-frei-cassio-vieira-de-lima-falece-em-curitiba","status":"publish","type":"post","link":"https:\/\/franciscanos.org.br\/noticias\/o-centenario-frei-cassio-vieira-de-lima-falece-em-curitiba.html","title":{"rendered":"O centen\u00e1rio Frei C\u00e1ssio Vieira de Lima falece em Curitiba"},"content":{"rendered":"<h3><img loading=\"lazy\" class=\"alignnone size-full wp-image-241036\" src=\"https:\/\/franciscanos.org.br\/noticias\/wp-content\/uploads\/2022\/11\/cassio_2911.jpg\" alt=\"\" width=\"1280\" height=\"720\" srcset=\"https:\/\/franciscanos.org.br\/noticias\/wp-content\/uploads\/2022\/11\/cassio_2911.jpg 1280w, https:\/\/franciscanos.org.br\/noticias\/wp-content\/uploads\/2022\/11\/cassio_2911-450x253.jpg 450w, https:\/\/franciscanos.org.br\/noticias\/wp-content\/uploads\/2022\/11\/cassio_2911-1024x576.jpg 1024w, https:\/\/franciscanos.org.br\/noticias\/wp-content\/uploads\/2022\/11\/cassio_2911-768x432.jpg 768w, https:\/\/franciscanos.org.br\/noticias\/wp-content\/uploads\/2022\/11\/cassio_2911-150x84.jpg 150w\" sizes=\"(max-width: 1280px) 100vw, 1280px\" \/><br \/>\n*22\/08\/1921 +29\/11\/2022<\/h3>\n<p>Faleceu nesta tarde, \u00e0s 13h09, no Hospital Marcelino Champagnat, em Curitiba (PR), Frei C\u00e1ssio Vieira de Lima, aos 101 anos de idade. Frei C\u00e1ssio sofrera uma queda no in\u00edcio de novembro, fraturando duas costelas. Internado desde este dia, nas \u00faltimas semanas desenvolveu uma inflama\u00e7\u00e3o no t\u00f3rax e foi descoberto um problema nos rins. Seu quadro de sa\u00fade foi se agravando, deixando-o cada vez mais fraco. Foi deixando de se alimentar e se comunicar at\u00e9 vir a \u00f3bito nesta tarde.<\/p>\n<p>A Fraternidade Senhor Bom Jesus dos Perd\u00f5es comunica que celebrar\u00e1 as missas exequiais \u00e0s 7h e 9h30 de amanh\u00e3, dia 30 de novembro. O enterro ser\u00e1 realizado em seguida, no Cemit\u00e9rio S\u00e3o Francisco, em Curitiba.<\/p>\n<p>Que o nosso confrade falecido, pela miseric\u00f3rdia de Deus, descanse em paz!<\/p>\n<p><strong>DADOS PESSOAIS, FORMA\u00c7\u00c3O E ATIVIDADES<\/strong><\/p>\n<p><strong>Nascimento:<\/strong> 22 de agosto de 1921<br \/>\n<strong>Naturalidade<\/strong>: S\u00e3o Jo\u00e3o da Boa Vista (SP)<br \/>\nSemin\u00e1rio Menor: 1936 &#8211; Fraternidade S\u00e3o Lu\u00eds de Tolossa, de Rio Negro (PR)<br \/>\n<strong>Admiss\u00e3o ao Noviciado:<\/strong> 20 de dezembro de 1941<br \/>\n<strong>Primeira Profiss\u00e3o<\/strong>: 21 de dezembro de 1942 (79 anos de vida religiosa)<br \/>\n<strong>Profiss\u00e3o Solene:<\/strong> 21 de dezembro de 1945<br \/>\n<strong>Ordena\u00e7\u00e3o Presbiteral<\/strong>: 16 de julho de 1949 (73 anos de minist\u00e9rio presbiteral)<\/p>\n<p><strong>1951<\/strong> &#8211; Fraternidade Santo Ant\u00f4nio (Blumenau, SC), como leitor.<br \/>\n<strong>1952<\/strong> &#8211; Fraternidade Santo Ant\u00f4nio (Florian\u00f3polis, SC), como vig\u00e1rio paroquial.<br \/>\n<strong>1953<\/strong> &#8211; Fraternidade de Nil\u00f3polis (RJ).<br \/>\n<strong>1956<\/strong> &#8211; Fraternidade Santa Cruz (Palmas, PR).<br \/>\n<strong>1959<\/strong> &#8211; Fraternidade Bom Jesus dos Perd\u00f5es (Curitiba, PR), como vig\u00e1rio paroquial, vice-diretor da Pia Uni\u00e3o de Santo Ant\u00f4nio.<br \/>\n<strong>1976<\/strong> &#8211; Toma posse como prefeito municipal de Planalto (PR).<br \/>\n<strong>1977<\/strong> &#8211; Fraternidade S\u00e3o Pedro Ap\u00f3stolo (Pato Branco, PR), ainda prefeito municipal de Planalto (PR).<br \/>\n<strong>1980<\/strong> &#8211; Fraternidade Bom Jesus dos Perd\u00f5es (Curitiba, PR), como diretor geral da Col\u00f4nia S\u00e3o Roque (Piraquara, PR), professor e capel\u00e3o do Col\u00e9gio Militar de Curitiba.<br \/>\n<strong>1983<\/strong> &#8211; Passa a viver em Piraquara (PR), atuando como vig\u00e1rio paroquial e, mais tarde p\u00e1roco da Par\u00f3quia Senhor Bom Jesus.<br \/>\n<strong>2006<\/strong> &#8211; Passa a viver em Curitiba (PR), atuando como p\u00e1roco da Par\u00f3quia Santa Madalena Sofia.<br \/>\n<strong>2016 &#8211;<\/strong> Fraternidade Bom Jesus dos Perd\u00f5es (Curitiba, PR), como atendente conventual.<\/p>\n<p><strong>O FRADE MENOR<\/strong><\/p>\n<p>Frei C\u00e1ssio Vieira de Lima nasceu em 22 de agosto de 1921, em Japur\u00e1, estado de S\u00e3o Paulo. Proveniente de uma fam\u00edlia simples e muito pobre \u00e9 o mais velho de cinco irm\u00e3os. Seu pai se chamava Ol\u00edmpio de Paula Vieira e sua m\u00e3e, Rita de Paula Vieira, a quem o frade responsabiliza por seu discernimento vocacional. Segundo Frei C\u00e1ssio, quando tinha mais ou menos sete anos, ouviu sua m\u00e3e dizer: \u201cGostaria que voc\u00ea fosse padre!\u201d. Ele lembrava que ela sempre falava sobre a Igreja e religi\u00e3o. &#8220;Nos momentos de ora\u00e7\u00f5es e do ter\u00e7o, comecei a entender um pouco a religi\u00e3o, Deus\u2026 Mas era um entendimento muito pequenino. O que eu queria mesmo, talvez, fosse primeiramente satisfazer a vontade da minha m\u00e3e. Mais tarde \u00e9 que fui entender que ela tinha o desejo mais sagrado para minha vida, e deu certo!&#8221;, reconheceu.<\/p>\n<p>Frei C\u00e1ssio contava que na sua cidade n\u00e3o havia padre e sequer uma \u00fanica missa. &#8220;Lembro-me de que, numa ocasi\u00e3o, especialmente quando fui crismado, apareceu algu\u00e9m que n\u00e3o sabia se era bispo ou padre, e celebrou minha crisma\u2026 Essa ideia da minha m\u00e3e entrou na minha cabe\u00e7a, e ficou&#8221;, contou em entrevista a Frei Augusto Luiz Gabriel<em>, <\/em>para a s\u00e9rie<em> &#8220;Nossos Frades&#8221;. <\/em>Mas, como frisou, n\u00e3o tinha no\u00e7\u00e3o do que era ser padre religioso ou diocesano. Mais tarde, sua m\u00e3e veio a falecer (3 de abril de 1930) e, em 1935, entrou no semin\u00e1rio, entendendo a diferen\u00e7a de padre secular e religioso. &#8220;Foi um franciscano que apareceu na minha par\u00f3quia e me \u2018conquistou\u2019. Nesse dia, estava acompanhado de minha av\u00f3, uma senhora muito cat\u00f3lica e dedicada, que falou com ele. Era o Ministro Provincial daquele tempo. Ent\u00e3o, fui para Rio Negro (PR) e comecei a minha vida de seminarista&#8221;, recorda.<\/p>\n<p>Ele conta que sua av\u00f3, a exemplo de sua m\u00e3e, era muito religiosa. &#8220;N\u00f3s rez\u00e1vamos o ter\u00e7o todas as noites em casa. Ela me mandava, sozinho, para a Igreja rezar. Eu n\u00e3o sabia admirar isso naquele tempo, e nem explicar, mas de alguma forma j\u00e1 estava embevecido pela capacidade da vida religiosa que ela tinha. Ela queria que eu fosse padre, indiferentemente, se fosse religioso ou secular&#8221;, avaliou.<\/p>\n<p>Frei C\u00e1ssio ingressou na Ordem dos Frades Menores no dia 20 de dezembro de 1941 e fez a profiss\u00e3o solene no dia 21 de dezembro de 1945. Foi ordenado sacerdote no dia 16 de julho de 1949. Para ele, a defini\u00e7\u00e3o de ser franciscano aconteceu vendo os padres franciscanos do Semin\u00e1rio de Rio Negro. &#8220;O que eu vi, especialmente nos primeiros anos do Semin\u00e1rio de Rio Negro, como o esfor\u00e7o dos frades, a seriedade deles e a capacidade que eles tinham de colocar dentro de n\u00f3s a vontade de ser bom, de ser padre\/frade, de ser amigo de Deus, influenciou toda a minha vida&#8221;, homenageou, ressaltando que esse testemunho continuou no noviciado de Curitiba e no tempo da Teologia.<\/p>\n<p>Para ele, a Ordem Franciscana \u00e9 &#8220;a melhor coisa que Deus mandou aqui para terra&#8221; e a melhor escolha que algu\u00e9m pode fazer na vida \u00e9 ser franciscano, tanto os homens que se tornam irm\u00e3os leigos e padres, como as mulheres que se tornam freiras, especialmente as Clarissas. Ser franciscano \u00e9 um grande grau de santidade e uma esp\u00e9cie de garantia para conquistar a vida eterna&#8221;, frisou.<\/p>\n<p>Frei C\u00e1ssio conta que gostava muito de estudar. Tanto que falava latim, grego, franc\u00eas e portugu\u00eas, l\u00ednguas que aprendeu em Rio Negro e alguns idiomas por sua conta, totalizando 11. &#8220;Quando deixo de estudar por um dia, sinto que falta algo dentro de mim. \u00c9 como se eu n\u00e3o tivesse almo\u00e7ado. Gosto e acredito que todo padre deveria estudar, claro que em graus diferentes, mas o estudo faz parte da nossa voca\u00e7\u00e3o. Nele aprendemos a raciocinar, e quem n\u00e3o raciocina n\u00e3o est\u00e1 fazendo a vontade de Deus&#8221;, enfatizava.<\/p>\n<p><strong>LONGEVIDADE<\/strong><\/p>\n<p>Neste ano, Frei C\u00e1ssio celebrou 101 anos, tornando-se o \u00fanico frade centen\u00e1rio da Prov\u00edncia. Para ele, ser um centen\u00e1rio n\u00e3o existe segredo. &#8220;Acredito que deveria existir antes prud\u00eancia. Por exemplo, n\u00e3o sei comer rapidamente. \u00c9 um problema meu aqui na Par\u00f3quia Bom Jesus dos Perd\u00f5es. N\u00e3o consigo almo\u00e7ar em menos de 45 minutos&#8221;, revelou. Segundo ele, nunca pensou em comer bem para viver bastante. &#8220;Nunca pensei nisso. Eu tamb\u00e9m n\u00e3o pensava que iria ficar t\u00e3o velho. No meu tempo, os padres morriam mais cedo. Eu via isso e tamb\u00e9m achava que aconteceria assim comigo. Mas Deus fez o caminho de outro jeito comigo. Fui vivendo, vivendo e, quando percebi, estava com 90 anos. Agora, com 97, espero passar dos 100! E passou!<\/p>\n<p>Nesses 101 anos de vida, chegou a ser prefeito de Planalto nos anos 70, onde ficou at\u00e9 1981. &#8220;Olha, era o tempo do Governo Militar, e esse governo tinha estabelecido que todos os munic\u00edpios do Brasil, com limites com outro pa\u00eds, deveriam ser governados por prefeitos nomeados, ou seja, escolhidos a dedo. Eram 92 munic\u00edpios nesta situa\u00e7\u00e3o. Ent\u00e3o, n\u00e3o sei como foi o princ\u00edpio, mas acredito que algu\u00e9m me indicou pelo fato de ter sido professor do Col\u00e9gio Militar de Curitiba, onde lecionei por 19 anos e era conhecido por alguns militares. Quando me fizeram o an\u00fancio, levei um susto e disse: &#8216;Eu n\u00e3o posso, sou padre&#8217;. Perguntaram, ent\u00e3o, quem deveria resolver isso na minha Prov\u00edncia. Expliquei que era o Ministro Provincial, Frei Ant\u00f4nio Nader. E, de antem\u00e3o, j\u00e1 disse que ele n\u00e3o iria autorizar. Por\u00e9m, n\u00e3o sei os pormenores das tratativas desta hist\u00f3ria com o Ministro. Fiquei sabendo pelo Governador, logo depois, que seria o novo prefeito de Planalto. Ainda desconfiado liguei para o Provincial e perguntei se de fato n\u00e3o haveria nenhum problema em aceitar e ele me disse: &#8216;Estou sabendo e concordo que voc\u00ea seja o novo prefeito. A sua escolha \u00e9 uma coisa muito boa&#8217;. E sabe mais o que ele me disse no telefonema: &#8216;A Prov\u00edncia agradece muita esta escolha do Frei C\u00e1ssio, porque nunca, nestes 500 anos de Brasil, o Governo reconheceu o trabalho dos franciscanos aqui. Os franciscanos foram os primeiros padres e n\u00f3s agradecemos o reconhecimento&#8217;. Eu fiquei espantado. Foram 5 anos de mandato&#8221;, contou. Um outro desafio de Frei C\u00e1ssio foi a constru\u00e7\u00e3o da Igreja Santa Madalena Sofia de Curitiba.<\/p>\n<p>Sobre a situa\u00e7\u00e3o pol\u00edtica do Brasil hoje, ele \u00e9 claro: &#8220;Vejo, leio e escuto que a situa\u00e7\u00e3o est\u00e1 muito ruim. S\u00e3o muitos pobres e ricos, muitas s\u00e3o as injusti\u00e7as. Deus n\u00e3o pode querer uma coisa desta que est\u00e1 acontecendo hoje. Muita injusti\u00e7a, explora\u00e7\u00e3o e roubalheira. Isso n\u00e3o pode continuar assim. Acredito que \u00e9 necess\u00e1rio diminuir a diferen\u00e7a entre pobres e ricos, entre governantes e governados. Aqui no Brasil isso \u00e9 consequ\u00eancia de um grupinho que fica com tudo enquanto um grup\u00e3o fica quase sem nada, morrendo de fome, e isso \u00e9 em grande quantidade&#8221;, lamentou.<\/p>\n<p>Na celebra\u00e7\u00e3o de 101 anos, em agosto \u00faltimo, o aniversariante fez a reflex\u00e3o da celebra\u00e7\u00e3o e escolheu a Mensagem do Papa Francisco para o II Dia Mundial dos Av\u00f3s e Idosos, com o t\u00edtulo. \u201cD\u00e3o fruto mesmo na velhice\u201d (Sl 92,15). &#8220;Gravem no cora\u00e7\u00e3o estas palavras para meditar em casa&#8221;, sugeriu. &#8220;Uma vida longa \u2013 ensina a Sagrada Escritura \u2013 \u00e9 uma b\u00ean\u00e7\u00e3o, e os idosos n\u00e3o s\u00e3o proscritos de quem se deve estar \u00e0 larga, mas sinais vivos da benevol\u00eancia de Deus que efunde a vida em abund\u00e2ncia. Bendita a casa que guarda um anci\u00e3o! Bendita a fam\u00edlia que honra os seus av\u00f3s!&#8221;, destacou Frei C\u00e1ssio desta mensagem.<\/p>\n<p>O guardi\u00e3o Frei Jos\u00e9 Idair Ferreira Augusto fez a seguinte homenagem ao s\u00eanior da Prov\u00edncia: &#8220;Saber viver. N\u00e3o sei se a vida \u00e9 curta ou longa demais para n\u00f3s, mas sei que nada do que vivemos tem sentido se n\u00e3o tocamos o cora\u00e7\u00e3o das pessoas. Muitas vezes basta ser colo que acolhe, bra\u00e7o que envolve, palavra que conforta, sil\u00eancio que respeita, alegria que contagia, l\u00e1grima que corre, olhar que acaricia, desejo que sacia, amor que promove. Isso n\u00e3o \u00e9 coisa do outro mundo, \u00e9 o que d\u00e1 sentido \u00e0 vida, \u00e9 o que faz com que ela n\u00e3o seja nem curta nem longa demais! Mas que seja intensa, verdadeira, pura enquanto durar&#8221;.<\/p>\n<p><strong>`R.I.P<\/strong><\/p>\n","protected":false},"excerpt":{"rendered":"<p>Luto na Prov\u00edncia da Imaculada<\/p>\n","protected":false},"author":3,"featured_media":241036,"comment_status":"open","ping_status":"open","sticky":false,"template":"","format":"standard","meta":[],"categories":[1],"tags":[1888],"acf":[],"yoast_head":"<!-- This site is optimized with the Yoast SEO plugin v19.2 - https:\/\/yoast.com\/wordpress\/plugins\/seo\/ -->\n<title>O centen\u00e1rio Frei C\u00e1ssio Vieira de Lima falece em Curitiba - Not\u00edcias - Franciscanos<\/title>\n<meta name=\"robots\" content=\"index, follow, max-snippet:-1, max-image-preview:large, max-video-preview:-1\" \/>\n<link rel=\"canonical\" href=\"https:\/\/franciscanos.org.br\/noticias\/o-centenario-frei-cassio-vieira-de-lima-falece-em-curitiba.html\" \/>\n<meta property=\"og:locale\" content=\"pt_BR\" \/>\n<meta property=\"og:type\" content=\"article\" \/>\n<meta property=\"og:title\" content=\"O centen\u00e1rio Frei C\u00e1ssio Vieira de Lima falece em Curitiba - Not\u00edcias - Franciscanos\" \/>\n<meta property=\"og:description\" content=\"Luto na Prov\u00edncia da Imaculada\" \/>\n<meta property=\"og:url\" content=\"https:\/\/franciscanos.org.br\/noticias\/o-centenario-frei-cassio-vieira-de-lima-falece-em-curitiba.html\" \/>\n<meta property=\"og:site_name\" content=\"Not\u00edcias - Franciscanos\" \/>\n<meta property=\"article:published_time\" content=\"2022-11-29T18:20:02+00:00\" \/>\n<meta property=\"og:image\" content=\"https:\/\/franciscanos.org.br\/noticias\/wp-content\/uploads\/2022\/11\/cassio_2911.jpg\" \/>\n\t<meta property=\"og:image:width\" content=\"1280\" \/>\n\t<meta property=\"og:image:height\" content=\"720\" \/>\n\t<meta property=\"og:image:type\" content=\"image\/jpeg\" \/>\n<meta name=\"author\" content=\"moacir\" \/>\n<meta name=\"twitter:card\" content=\"summary_large_image\" \/>\n<meta name=\"twitter:label1\" content=\"Escrito por\" \/>\n\t<meta name=\"twitter:data1\" content=\"moacir\" \/>\n\t<meta name=\"twitter:label2\" content=\"Est. tempo de leitura\" \/>\n\t<meta name=\"twitter:data2\" content=\"9 minutos\" \/>\n<script type=\"application\/ld+json\" class=\"yoast-schema-graph\">{\"@context\":\"https:\/\/schema.org\",\"@graph\":[{\"@type\":\"WebSite\",\"@id\":\"https:\/\/franciscanos.org.br\/noticias\/#website\",\"url\":\"https:\/\/franciscanos.org.br\/noticias\/\",\"name\":\"Not\u00edcias - Franciscanos\",\"description\":\"Prov\u00edncia Franciscana da Imaculada Concei\u00e7\u00e3o do Brasil - Ordem dos Frades Menores - OFM\",\"potentialAction\":[{\"@type\":\"SearchAction\",\"target\":{\"@type\":\"EntryPoint\",\"urlTemplate\":\"https:\/\/franciscanos.org.br\/noticias\/?s={search_term_string}\"},\"query-input\":\"required name=search_term_string\"}],\"inLanguage\":\"pt-BR\"},{\"@type\":\"ImageObject\",\"inLanguage\":\"pt-BR\",\"@id\":\"https:\/\/franciscanos.org.br\/noticias\/o-centenario-frei-cassio-vieira-de-lima-falece-em-curitiba.html#primaryimage\",\"url\":\"https:\/\/franciscanos.org.br\/noticias\/wp-content\/uploads\/2022\/11\/cassio_2911.jpg\",\"contentUrl\":\"https:\/\/franciscanos.org.br\/noticias\/wp-content\/uploads\/2022\/11\/cassio_2911.jpg\",\"width\":1280,\"height\":720},{\"@type\":\"WebPage\",\"@id\":\"https:\/\/franciscanos.org.br\/noticias\/o-centenario-frei-cassio-vieira-de-lima-falece-em-curitiba.html#webpage\",\"url\":\"https:\/\/franciscanos.org.br\/noticias\/o-centenario-frei-cassio-vieira-de-lima-falece-em-curitiba.html\",\"name\":\"O centen\u00e1rio Frei C\u00e1ssio Vieira de Lima falece em Curitiba - Not\u00edcias - Franciscanos\",\"isPartOf\":{\"@id\":\"https:\/\/franciscanos.org.br\/noticias\/#website\"},\"primaryImageOfPage\":{\"@id\":\"https:\/\/franciscanos.org.br\/noticias\/o-centenario-frei-cassio-vieira-de-lima-falece-em-curitiba.html#primaryimage\"},\"datePublished\":\"2022-11-29T18:20:02+00:00\",\"dateModified\":\"2022-11-29T18:20:02+00:00\",\"author\":{\"@id\":\"https:\/\/franciscanos.org.br\/noticias\/#\/schema\/person\/b5c8cba458c330ccff548b056e95a5d4\"},\"breadcrumb\":{\"@id\":\"https:\/\/franciscanos.org.br\/noticias\/o-centenario-frei-cassio-vieira-de-lima-falece-em-curitiba.html#breadcrumb\"},\"inLanguage\":\"pt-BR\",\"potentialAction\":[{\"@type\":\"ReadAction\",\"target\":[\"https:\/\/franciscanos.org.br\/noticias\/o-centenario-frei-cassio-vieira-de-lima-falece-em-curitiba.html\"]}]},{\"@type\":\"BreadcrumbList\",\"@id\":\"https:\/\/franciscanos.org.br\/noticias\/o-centenario-frei-cassio-vieira-de-lima-falece-em-curitiba.html#breadcrumb\",\"itemListElement\":[{\"@type\":\"ListItem\",\"position\":1,\"name\":\"Home\",\"item\":\"https:\/\/franciscanos.org.br\/noticias\"},{\"@type\":\"ListItem\",\"position\":2,\"name\":\"O centen\u00e1rio Frei C\u00e1ssio Vieira de Lima falece em Curitiba\"}]},{\"@type\":\"Person\",\"@id\":\"https:\/\/franciscanos.org.br\/noticias\/#\/schema\/person\/b5c8cba458c330ccff548b056e95a5d4\",\"name\":\"moacir\",\"image\":{\"@type\":\"ImageObject\",\"inLanguage\":\"pt-BR\",\"@id\":\"https:\/\/franciscanos.org.br\/noticias\/#\/schema\/person\/image\/\",\"url\":\"https:\/\/secure.gravatar.com\/avatar\/d08aa2ce4c8dd416d4479aa8536fcf64?s=96&d=mm&r=g\",\"contentUrl\":\"https:\/\/secure.gravatar.com\/avatar\/d08aa2ce4c8dd416d4479aa8536fcf64?s=96&d=mm&r=g\",\"caption\":\"moacir\"},\"url\":\"https:\/\/franciscanos.org.br\/noticias\/author\/moacir\"}]}<\/script>\n<!-- \/ Yoast SEO plugin. -->","yoast_head_json":{"title":"O centen\u00e1rio Frei C\u00e1ssio Vieira de Lima falece em Curitiba - Not\u00edcias - Franciscanos","robots":{"index":"index","follow":"follow","max-snippet":"max-snippet:-1","max-image-preview":"max-image-preview:large","max-video-preview":"max-video-preview:-1"},"canonical":"https:\/\/franciscanos.org.br\/noticias\/o-centenario-frei-cassio-vieira-de-lima-falece-em-curitiba.html","og_locale":"pt_BR","og_type":"article","og_title":"O centen\u00e1rio Frei C\u00e1ssio Vieira de Lima falece em Curitiba - Not\u00edcias - Franciscanos","og_description":"Luto na Prov\u00edncia da Imaculada","og_url":"https:\/\/franciscanos.org.br\/noticias\/o-centenario-frei-cassio-vieira-de-lima-falece-em-curitiba.html","og_site_name":"Not\u00edcias - Franciscanos","article_published_time":"2022-11-29T18:20:02+00:00","og_image":[{"width":1280,"height":720,"url":"https:\/\/franciscanos.org.br\/noticias\/wp-content\/uploads\/2022\/11\/cassio_2911.jpg","type":"image\/jpeg"}],"author":"moacir","twitter_card":"summary_large_image","twitter_misc":{"Escrito por":"moacir","Est. tempo de leitura":"9 minutos"},"schema":{"@context":"https:\/\/schema.org","@graph":[{"@type":"WebSite","@id":"https:\/\/franciscanos.org.br\/noticias\/#website","url":"https:\/\/franciscanos.org.br\/noticias\/","name":"Not\u00edcias - Franciscanos","description":"Prov\u00edncia Franciscana da Imaculada Concei\u00e7\u00e3o do Brasil - Ordem dos Frades Menores - OFM","potentialAction":[{"@type":"SearchAction","target":{"@type":"EntryPoint","urlTemplate":"https:\/\/franciscanos.org.br\/noticias\/?s={search_term_string}"},"query-input":"required name=search_term_string"}],"inLanguage":"pt-BR"},{"@type":"ImageObject","inLanguage":"pt-BR","@id":"https:\/\/franciscanos.org.br\/noticias\/o-centenario-frei-cassio-vieira-de-lima-falece-em-curitiba.html#primaryimage","url":"https:\/\/franciscanos.org.br\/noticias\/wp-content\/uploads\/2022\/11\/cassio_2911.jpg","contentUrl":"https:\/\/franciscanos.org.br\/noticias\/wp-content\/uploads\/2022\/11\/cassio_2911.jpg","width":1280,"height":720},{"@type":"WebPage","@id":"https:\/\/franciscanos.org.br\/noticias\/o-centenario-frei-cassio-vieira-de-lima-falece-em-curitiba.html#webpage","url":"https:\/\/franciscanos.org.br\/noticias\/o-centenario-frei-cassio-vieira-de-lima-falece-em-curitiba.html","name":"O centen\u00e1rio Frei C\u00e1ssio Vieira de Lima falece em Curitiba - Not\u00edcias - Franciscanos","isPartOf":{"@id":"https:\/\/franciscanos.org.br\/noticias\/#website"},"primaryImageOfPage":{"@id":"https:\/\/franciscanos.org.br\/noticias\/o-centenario-frei-cassio-vieira-de-lima-falece-em-curitiba.html#primaryimage"},"datePublished":"2022-11-29T18:20:02+00:00","dateModified":"2022-11-29T18:20:02+00:00","author":{"@id":"https:\/\/franciscanos.org.br\/noticias\/#\/schema\/person\/b5c8cba458c330ccff548b056e95a5d4"},"breadcrumb":{"@id":"https:\/\/franciscanos.org.br\/noticias\/o-centenario-frei-cassio-vieira-de-lima-falece-em-curitiba.html#breadcrumb"},"inLanguage":"pt-BR","potentialAction":[{"@type":"ReadAction","target":["https:\/\/franciscanos.org.br\/noticias\/o-centenario-frei-cassio-vieira-de-lima-falece-em-curitiba.html"]}]},{"@type":"BreadcrumbList","@id":"https:\/\/franciscanos.org.br\/noticias\/o-centenario-frei-cassio-vieira-de-lima-falece-em-curitiba.html#breadcrumb","itemListElement":[{"@type":"ListItem","position":1,"name":"Home","item":"https:\/\/franciscanos.org.br\/noticias"},{"@type":"ListItem","position":2,"name":"O centen\u00e1rio Frei C\u00e1ssio Vieira de Lima falece em Curitiba"}]},{"@type":"Person","@id":"https:\/\/franciscanos.org.br\/noticias\/#\/schema\/person\/b5c8cba458c330ccff548b056e95a5d4","name":"moacir","image":{"@type":"ImageObject","inLanguage":"pt-BR","@id":"https:\/\/franciscanos.org.br\/noticias\/#\/schema\/person\/image\/","url":"https:\/\/secure.gravatar.com\/avatar\/d08aa2ce4c8dd416d4479aa8536fcf64?s=96&d=mm&r=g","contentUrl":"https:\/\/secure.gravatar.com\/avatar\/d08aa2ce4c8dd416d4479aa8536fcf64?s=96&d=mm&r=g","caption":"moacir"},"url":"https:\/\/franciscanos.org.br\/noticias\/author\/moacir"}]}},"_links":{"self":[{"href":"https:\/\/franciscanos.org.br\/noticias\/wp-json\/wp\/v2\/posts\/241035"}],"collection":[{"href":"https:\/\/franciscanos.org.br\/noticias\/wp-json\/wp\/v2\/posts"}],"about":[{"href":"https:\/\/franciscanos.org.br\/noticias\/wp-json\/wp\/v2\/types\/post"}],"author":[{"embeddable":true,"href":"https:\/\/franciscanos.org.br\/noticias\/wp-json\/wp\/v2\/users\/3"}],"replies":[{"embeddable":true,"href":"https:\/\/franciscanos.org.br\/noticias\/wp-json\/wp\/v2\/comments?post=241035"}],"version-history":[{"count":1,"href":"https:\/\/franciscanos.org.br\/noticias\/wp-json\/wp\/v2\/posts\/241035\/revisions"}],"predecessor-version":[{"id":241037,"href":"https:\/\/franciscanos.org.br\/noticias\/wp-json\/wp\/v2\/posts\/241035\/revisions\/241037"}],"wp:featuredmedia":[{"embeddable":true,"href":"https:\/\/franciscanos.org.br\/noticias\/wp-json\/wp\/v2\/media\/241036"}],"wp:attachment":[{"href":"https:\/\/franciscanos.org.br\/noticias\/wp-json\/wp\/v2\/media?parent=241035"}],"wp:term":[{"taxonomy":"category","embeddable":true,"href":"https:\/\/franciscanos.org.br\/noticias\/wp-json\/wp\/v2\/categories?post=241035"},{"taxonomy":"post_tag","embeddable":true,"href":"https:\/\/franciscanos.org.br\/noticias\/wp-json\/wp\/v2\/tags?post=241035"}],"curies":[{"name":"wp","href":"https:\/\/api.w.org\/{rel}","templated":true}]}}