{"id":241016,"date":"2022-12-06T07:57:59","date_gmt":"2022-12-06T10:57:59","guid":{"rendered":"https:\/\/franciscanos.org.br\/noticias\/?p=241016"},"modified":"2022-12-07T07:06:27","modified_gmt":"2022-12-07T10:06:27","slug":"oito-jovens-fazem-a-profissao-solene-em-angola","status":"publish","type":"post","link":"https:\/\/franciscanos.org.br\/noticias\/oito-jovens-fazem-a-profissao-solene-em-angola.html","title":{"rendered":"Oito jovens fazem a Profiss\u00e3o Solene em Angola"},"content":{"rendered":"<p><img loading=\"lazy\" class=\"alignnone size-full wp-image-241028\" src=\"https:\/\/franciscanos.org.br\/noticias\/wp-content\/uploads\/2022\/11\/prof-1280.gif\" alt=\"\" width=\"1280\" height=\"720\" \/><\/p>\n<p>A Funda\u00e7\u00e3o Imaculada M\u00e3e de Deus de Angola viver\u00e1 um momento hist\u00f3rico no pr\u00f3ximo dia 8 de dezembro. Na solenidade da Imaculada Concei\u00e7\u00e3o, Padroeira da Ordem dos Frades Menores e da Prov\u00edncia, oito frades far\u00e3o a Profiss\u00e3o Solene nas m\u00e3os do Ministro Geral Frei Massimo Fusarelli, que visitar\u00e1 pela primeira vez a Miss\u00e3o de Angola, em companhia do Definidor Geral Frei C\u00e9sar K\u00fclkamp e do Ministro Provincial Frei Paulo Roberto Pereira.<\/p>\n<p>A profiss\u00e3o solene, o \u00faltimo degrau para um frade ingressar definitivamente na vida religiosa, ser\u00e1 feita pelos jovens: Frei Alberto Capingala Martinho Sambei, Frei Ant\u00f3nio da Silva Manuel, Frei Daniel Kahuvi Tchitumba Tchikeva, Frei Domingos Kakanda Soma, Frei Domingos Makuva Paulo, Frei Evaristo Seque Joaquim, Frei Pedro Domingos Caiungue Mugiba e Frei Silv\u00e9rio Munga Canjonde. Esta turma escolheu como lema da profiss\u00e3o: \u201cEntre outros benef\u00edcios que temos recebido e ainda recebemos diariamente da generosidade do Pai de toda a miseric\u00f3rdia e pelos quais temos que agradecer ao glorioso Pai de Cristo, est\u00e1 a voca\u00e7\u00e3o que, quanto maior e mais perfeita, mais a Ele \u00e9 devida\u201d (Testamento de Santa Clara 2-3)<\/p>\n<p>Cada um dos oito frades far\u00e3o a profiss\u00e3o, comprometendo-se seguir Jesus Cristo e observando os conselhos evang\u00e9licos: \u201cPara louvor e gl\u00f3ria da Sant\u00edssima Trindade, eu, frei\u2026 tendo o Senhor me dado a gra\u00e7a de seguir mais de perto o Evangelho e os passos de Nosso Senhor Jesus Cristo, em tuas m\u00e3os, Frei Massimo Fusarelli, com firme f\u00e9 e vontade, fa\u00e7o voto a Deus, Pai santo e todo-poderoso, de viver por todo o tempo de minha vida, em obedi\u00eancia, sem nada de pr\u00f3prio e em castidade. Ao mesmo tempo, professo a vida e a Regra dos Frades Menores, confirmada pelo Papa Hon\u00f3rio, e prometo observ\u00e1-la fielmente segundo as Constitui\u00e7\u00f5es da Ordem dos Frades Menores. Entrego-me, pois, de todo o cora\u00e7\u00e3o a esta Fraternidade, para que, pela a\u00e7\u00e3o eficaz do Esp\u00edrito Santo, guiado pelo exemplo de Maria Imaculada, por intercess\u00e3o de nosso Pai S\u00e3o Francisco e de todos os santos, e com a ajuda fraterna de todos, eu possa tender constantemente para a perfeita caridade, no servi\u00e7o a Deus, \u00e0 Igreja e aos homens\u201d.<\/p>\n<p>O rito da profiss\u00e3o perp\u00e9tua celebra-se dentro da Missa, com a devida solenidade e a participa\u00e7\u00e3o da comunidade. Depois da leitura do Evangelho, come\u00e7a-se o rito na seguinte ordem: chamado do professando; apresenta\u00e7\u00e3o de sua trajet\u00f3ria vocacional; di\u00e1logo com o celebrante; homilia; prostra\u00e7\u00e3o e Ladainha de Todos os Santos; profiss\u00e3o dos votos e b\u00ean\u00e7\u00e3o aos professandos.<\/p>\n<h3><strong>CONHE\u00c7A OS PROFESSANDOS<\/strong><\/h3>\n<h5><strong><img loading=\"lazy\" class=\" wp-image-241018 alignleft\" src=\"https:\/\/franciscanos.org.br\/noticias\/wp-content\/uploads\/2022\/11\/Alberto-capingala.jpg\" alt=\"\" width=\"95\" height=\"123\" srcset=\"https:\/\/franciscanos.org.br\/noticias\/wp-content\/uploads\/2022\/11\/Alberto-capingala.jpg 400w, https:\/\/franciscanos.org.br\/noticias\/wp-content\/uploads\/2022\/11\/Alberto-capingala-349x450.jpg 349w, https:\/\/franciscanos.org.br\/noticias\/wp-content\/uploads\/2022\/11\/Alberto-capingala-150x194.jpg 150w\" sizes=\"(max-width: 95px) 100vw, 95px\" \/>Frei Alberto Capingala Martinho Sambei<\/strong><\/h5>\n<p>Cursa o 4\u00b0ano de filosofia (5\u00b0ano de profiss\u00e3o tempor\u00e1ria), natural de Lobito (Angola), nasceu no dia 18 de mar\u00e7o de 1992. Vestiu o h\u00e1bito franciscano no dia 6 de Fevereiro de 2017 e fez a sua primeira Profiss\u00e3o no dia 8 de janeiro de 2018 em Rodeio (SC). Atualmente vive na Fraternidade S\u00e3o Francisco de Assis, em Palanca.<\/p>\n<h5><\/h5>\n<p>&nbsp;<\/p>\n<h5><strong><img loading=\"lazy\" class=\"wp-image-241021 alignleft\" src=\"https:\/\/franciscanos.org.br\/noticias\/wp-content\/uploads\/2022\/11\/antonio-silva-manuel.jpg\" alt=\"\" width=\"95\" height=\"126\" srcset=\"https:\/\/franciscanos.org.br\/noticias\/wp-content\/uploads\/2022\/11\/antonio-silva-manuel.jpg 400w, https:\/\/franciscanos.org.br\/noticias\/wp-content\/uploads\/2022\/11\/antonio-silva-manuel-339x450.jpg 339w, https:\/\/franciscanos.org.br\/noticias\/wp-content\/uploads\/2022\/11\/antonio-silva-manuel-150x199.jpg 150w\" sizes=\"(max-width: 95px) 100vw, 95px\" \/>Frei Ant\u00f3nio da Silva Manoel<\/strong><\/h5>\n<p>Cursa o 2\u00ba ano de Teologia e \u00e9 natural de Cacuaco (Angola), nasceu no dia 8 de agosto de 1995. Vestiu o h\u00e1bito franciscano no dia 15 de janeiro de 2016 e fez sua primeira profiss\u00e3o no dia 05 de janeiro de 2017 em Rodeio (SC). Atualmente, Frei Ant\u00f3nio reside na Fraternidade do Sagrado Cora\u00e7\u00e3o de Jesus e estuda no Instituto Teol\u00f3gico Franciscano.<\/p>\n<h5><\/h5>\n<p>&nbsp;<\/p>\n<h5><strong><img loading=\"lazy\" class=\"wp-image-241023 alignleft\" src=\"https:\/\/franciscanos.org.br\/noticias\/wp-content\/uploads\/2022\/11\/Tchitumba.jpg\" alt=\"\" width=\"90\" height=\"119\" srcset=\"https:\/\/franciscanos.org.br\/noticias\/wp-content\/uploads\/2022\/11\/Tchitumba.jpg 488w, https:\/\/franciscanos.org.br\/noticias\/wp-content\/uploads\/2022\/11\/Tchitumba-341x450.jpg 341w, https:\/\/franciscanos.org.br\/noticias\/wp-content\/uploads\/2022\/11\/Tchitumba-150x198.jpg 150w\" sizes=\"(max-width: 90px) 100vw, 90px\" \/>Frei Daniel Kahuvi Tchitumba Tchikeva<\/strong><\/h5>\n<p>Cursa o 2\u00ba ano de Teologia e \u00e9 natural de Lobito (Angola), nasceu no dia 9 de dezembro de 1994. Vestiu o h\u00e1bito franciscano no dia 15 de janeiro de 2016 e fez sua primeira profiss\u00e3o no dia 5 de janeiro de 2017 em Rodeio (SC). Atualmente, reside na Fraternidade do Sagrado e estuda no Teologia no Instituto Teol\u00f3gico Franciscano.<\/p>\n<p>&nbsp;<\/p>\n<h5><strong>\u00a0<img loading=\"lazy\" class=\" wp-image-241033 alignleft\" src=\"https:\/\/franciscanos.org.br\/noticias\/wp-content\/uploads\/2022\/11\/Domingos-Cacanda.jpg\" alt=\"\" width=\"90\" height=\"119\" srcset=\"https:\/\/franciscanos.org.br\/noticias\/wp-content\/uploads\/2022\/11\/Domingos-Cacanda.jpg 400w, https:\/\/franciscanos.org.br\/noticias\/wp-content\/uploads\/2022\/11\/Domingos-Cacanda-339x450.jpg 339w, https:\/\/franciscanos.org.br\/noticias\/wp-content\/uploads\/2022\/11\/Domingos-Cacanda-150x199.jpg 150w\" sizes=\"(max-width: 90px) 100vw, 90px\" \/>Frei Domingos Cacanda Soma<\/strong><\/h5>\n<p>Cursa o 2\u00ba ano de Teologia e \u00e9 natural de Benguela (Angola), nasceu no dia 10 de setembro de 1992. Vestiu o h\u00e1bito franciscano no dia 15 de janeiro de 2016 e fez sua primeira profiss\u00e3o no dia 5 de janeiro de 2017 em Rodeio (SC). Atualmente, reside na Fraternidade do Sagrado e estuda no Instituto Teol\u00f3gico Franciscano.<\/p>\n<p>&nbsp;<\/p>\n<h5><strong><img loading=\"lazy\" class=\" wp-image-241024 alignleft\" src=\"https:\/\/franciscanos.org.br\/noticias\/wp-content\/uploads\/2022\/11\/Domingos-Macuva.jpg\" alt=\"\" width=\"91\" height=\"117\" srcset=\"https:\/\/franciscanos.org.br\/noticias\/wp-content\/uploads\/2022\/11\/Domingos-Macuva.jpg 400w, https:\/\/franciscanos.org.br\/noticias\/wp-content\/uploads\/2022\/11\/Domingos-Macuva-351x450.jpg 351w, https:\/\/franciscanos.org.br\/noticias\/wp-content\/uploads\/2022\/11\/Domingos-Macuva-150x192.jpg 150w\" sizes=\"(max-width: 91px) 100vw, 91px\" \/>Frei Domingos Macuva Paulo<\/strong><\/h5>\n<p>Cursa o 3\u00ba ano de Filosofia e \u00e9 natural da Huila-Kaluquembe (Angola), nasceu no dia 22 de Maio de 1992. Vestiu o h\u00e1bito franciscano no dia 6 de fevereiro de 2017 e fez sua primeira Profiss\u00e3o no dia 14 de mar\u00e7o de 2018 em Rodeio (SC). Atualmente, reside na Fraternidade S\u00e3o Francisco de Assis, Palanca (Angola).<\/p>\n<p>&nbsp;<\/p>\n<h5><\/h5>\n<h5><strong><img loading=\"lazy\" class=\" wp-image-241025 alignleft\" src=\"https:\/\/franciscanos.org.br\/noticias\/wp-content\/uploads\/2022\/11\/Evaristo-seque.jpg\" alt=\"\" width=\"89\" height=\"121\" srcset=\"https:\/\/franciscanos.org.br\/noticias\/wp-content\/uploads\/2022\/11\/Evaristo-seque.jpg 400w, https:\/\/franciscanos.org.br\/noticias\/wp-content\/uploads\/2022\/11\/Evaristo-seque-333x450.jpg 333w, https:\/\/franciscanos.org.br\/noticias\/wp-content\/uploads\/2022\/11\/Evaristo-seque-150x203.jpg 150w\" sizes=\"(max-width: 89px) 100vw, 89px\" \/>Frei Evaristo Seque Joaquim<\/strong><\/h5>\n<p>Cursa o 2\u00ba ano de Teologia e \u00e9 natural de Lobito (Angola), nasceu no dia 12 de janeiro de 1994. Vestiu o h\u00e1bito franciscano no dia 15 de janeiro de 2016 e fez sua primeira profiss\u00e3o no dia 5 de janeiro de 2017 em Rodeio (SC). Atualmente, reside na Fraternidade do Sagrado e estuda no Instituto Teol\u00f3gico Franciscano.<\/p>\n<p>&nbsp;<\/p>\n<h5><img loading=\"lazy\" class=\"wp-image-241026 alignleft\" src=\"https:\/\/franciscanos.org.br\/noticias\/wp-content\/uploads\/2022\/11\/Pedro-Domingos.jpg\" alt=\"\" width=\"91\" height=\"121\" srcset=\"https:\/\/franciscanos.org.br\/noticias\/wp-content\/uploads\/2022\/11\/Pedro-Domingos.jpg 400w, https:\/\/franciscanos.org.br\/noticias\/wp-content\/uploads\/2022\/11\/Pedro-Domingos-336x450.jpg 336w, https:\/\/franciscanos.org.br\/noticias\/wp-content\/uploads\/2022\/11\/Pedro-Domingos-150x201.jpg 150w\" sizes=\"(max-width: 91px) 100vw, 91px\" \/>Frei Pedro Domingos Caiungue Mugiba<\/h5>\n<p>Cursa o 2\u00ba ano de Teologia e \u00e9 natural de Malange (Angola), nasceu no dia 30 de julho de 1993. Vestiu o h\u00e1bito franciscano no dia 15 de janeiro de 2016 e fez sua primeira profiss\u00e3o no dia 5 de janeiro de 2017 em Rodeio (SC). Atualmente, reside na Fraternidade do Sagrado e estuda no Instituto Teol\u00f3gico Franciscano.<\/p>\n<p>&nbsp;<\/p>\n<h5><strong><img loading=\"lazy\" class=\" wp-image-241027 alignleft\" src=\"https:\/\/franciscanos.org.br\/noticias\/wp-content\/uploads\/2022\/11\/Silverio-Munga.jpg\" alt=\"\" width=\"90\" height=\"117\" srcset=\"https:\/\/franciscanos.org.br\/noticias\/wp-content\/uploads\/2022\/11\/Silverio-Munga.jpg 400w, https:\/\/franciscanos.org.br\/noticias\/wp-content\/uploads\/2022\/11\/Silverio-Munga-345x450.jpg 345w, https:\/\/franciscanos.org.br\/noticias\/wp-content\/uploads\/2022\/11\/Silverio-Munga-150x196.jpg 150w\" sizes=\"(max-width: 90px) 100vw, 90px\" \/>Frei Silverio Munga Cajonde<\/strong><\/h5>\n<p>Cursa o 4\u00ba ano de Filosofia \u00e9 natural de Luanda, Viana(Angola), nasceu no dia 1\u00ba de Janeiro de 1993. Vestiu o h\u00e1bito franciscano dia 6 de Fevereiro de 2017 e fez sua primeira Profiss\u00e3o no dia 8 de Janeiro de 2018 em Rodeio (SC). Atualmente, vive na Fraternidade S\u00e3o Francisco de Assis, Palanca (Angola).<\/p>\n<p><img loading=\"lazy\" class=\"alignnone size-full wp-image-241017\" src=\"https:\/\/franciscanos.org.br\/noticias\/wp-content\/uploads\/2022\/11\/convite-1280.jpg\" alt=\"\" width=\"1280\" height=\"781\" srcset=\"https:\/\/franciscanos.org.br\/noticias\/wp-content\/uploads\/2022\/11\/convite-1280.jpg 1280w, https:\/\/franciscanos.org.br\/noticias\/wp-content\/uploads\/2022\/11\/convite-1280-450x275.jpg 450w, https:\/\/franciscanos.org.br\/noticias\/wp-content\/uploads\/2022\/11\/convite-1280-1024x625.jpg 1024w, https:\/\/franciscanos.org.br\/noticias\/wp-content\/uploads\/2022\/11\/convite-1280-768x469.jpg 768w, https:\/\/franciscanos.org.br\/noticias\/wp-content\/uploads\/2022\/11\/convite-1280-150x92.jpg 150w\" sizes=\"(max-width: 1280px) 100vw, 1280px\" \/><\/p>\n","protected":false},"excerpt":{"rendered":"<p>Profiss\u00e3o Solene<\/p>\n","protected":false},"author":7,"featured_media":241029,"comment_status":"open","ping_status":"open","sticky":false,"template":"","format":"standard","meta":[],"categories":[1],"tags":[],"acf":[],"yoast_head":"<!-- This site is optimized with the Yoast SEO plugin v19.2 - https:\/\/yoast.com\/wordpress\/plugins\/seo\/ -->\n<title>Oito jovens fazem a Profiss\u00e3o Solene em Angola - Not\u00edcias - Franciscanos<\/title>\n<meta name=\"robots\" content=\"index, follow, max-snippet:-1, max-image-preview:large, max-video-preview:-1\" \/>\n<link rel=\"canonical\" href=\"https:\/\/franciscanos.org.br\/noticias\/oito-jovens-fazem-a-profissao-solene-em-angola.html\" \/>\n<meta property=\"og:locale\" content=\"pt_BR\" \/>\n<meta property=\"og:type\" content=\"article\" \/>\n<meta property=\"og:title\" content=\"Oito jovens fazem a Profiss\u00e3o Solene em Angola - Not\u00edcias - Franciscanos\" \/>\n<meta property=\"og:description\" content=\"Profiss\u00e3o Solene\" \/>\n<meta property=\"og:url\" content=\"https:\/\/franciscanos.org.br\/noticias\/oito-jovens-fazem-a-profissao-solene-em-angola.html\" \/>\n<meta property=\"og:site_name\" content=\"Not\u00edcias - Franciscanos\" \/>\n<meta property=\"article:published_time\" content=\"2022-12-06T10:57:59+00:00\" \/>\n<meta property=\"article:modified_time\" content=\"2022-12-07T10:06:27+00:00\" \/>\n<meta property=\"og:image\" content=\"https:\/\/franciscanos.org.br\/noticias\/wp-content\/uploads\/2022\/11\/prof-800.gif\" \/>\n\t<meta property=\"og:image:width\" content=\"800\" \/>\n\t<meta property=\"og:image:height\" content=\"550\" \/>\n\t<meta property=\"og:image:type\" content=\"image\/gif\" \/>\n<meta name=\"author\" content=\"jovenal\" \/>\n<meta name=\"twitter:card\" content=\"summary_large_image\" \/>\n<meta name=\"twitter:label1\" content=\"Escrito por\" \/>\n\t<meta name=\"twitter:data1\" content=\"jovenal\" \/>\n\t<meta name=\"twitter:label2\" content=\"Est. tempo de leitura\" \/>\n\t<meta name=\"twitter:data2\" content=\"8 minutos\" \/>\n<script type=\"application\/ld+json\" class=\"yoast-schema-graph\">{\"@context\":\"https:\/\/schema.org\",\"@graph\":[{\"@type\":\"WebSite\",\"@id\":\"https:\/\/franciscanos.org.br\/noticias\/#website\",\"url\":\"https:\/\/franciscanos.org.br\/noticias\/\",\"name\":\"Not\u00edcias - Franciscanos\",\"description\":\"Prov\u00edncia Franciscana da Imaculada Concei\u00e7\u00e3o do Brasil - Ordem dos Frades Menores - OFM\",\"potentialAction\":[{\"@type\":\"SearchAction\",\"target\":{\"@type\":\"EntryPoint\",\"urlTemplate\":\"https:\/\/franciscanos.org.br\/noticias\/?s={search_term_string}\"},\"query-input\":\"required name=search_term_string\"}],\"inLanguage\":\"pt-BR\"},{\"@type\":\"ImageObject\",\"inLanguage\":\"pt-BR\",\"@id\":\"https:\/\/franciscanos.org.br\/noticias\/oito-jovens-fazem-a-profissao-solene-em-angola.html#primaryimage\",\"url\":\"https:\/\/franciscanos.org.br\/noticias\/wp-content\/uploads\/2022\/11\/prof-800.gif\",\"contentUrl\":\"https:\/\/franciscanos.org.br\/noticias\/wp-content\/uploads\/2022\/11\/prof-800.gif\",\"width\":800,\"height\":550},{\"@type\":\"WebPage\",\"@id\":\"https:\/\/franciscanos.org.br\/noticias\/oito-jovens-fazem-a-profissao-solene-em-angola.html#webpage\",\"url\":\"https:\/\/franciscanos.org.br\/noticias\/oito-jovens-fazem-a-profissao-solene-em-angola.html\",\"name\":\"Oito jovens fazem a Profiss\u00e3o Solene em Angola - Not\u00edcias - Franciscanos\",\"isPartOf\":{\"@id\":\"https:\/\/franciscanos.org.br\/noticias\/#website\"},\"primaryImageOfPage\":{\"@id\":\"https:\/\/franciscanos.org.br\/noticias\/oito-jovens-fazem-a-profissao-solene-em-angola.html#primaryimage\"},\"datePublished\":\"2022-12-06T10:57:59+00:00\",\"dateModified\":\"2022-12-07T10:06:27+00:00\",\"author\":{\"@id\":\"https:\/\/franciscanos.org.br\/noticias\/#\/schema\/person\/c3a26b08313dd1772495ce300ab257cc\"},\"breadcrumb\":{\"@id\":\"https:\/\/franciscanos.org.br\/noticias\/oito-jovens-fazem-a-profissao-solene-em-angola.html#breadcrumb\"},\"inLanguage\":\"pt-BR\",\"potentialAction\":[{\"@type\":\"ReadAction\",\"target\":[\"https:\/\/franciscanos.org.br\/noticias\/oito-jovens-fazem-a-profissao-solene-em-angola.html\"]}]},{\"@type\":\"BreadcrumbList\",\"@id\":\"https:\/\/franciscanos.org.br\/noticias\/oito-jovens-fazem-a-profissao-solene-em-angola.html#breadcrumb\",\"itemListElement\":[{\"@type\":\"ListItem\",\"position\":1,\"name\":\"Home\",\"item\":\"https:\/\/franciscanos.org.br\/noticias\"},{\"@type\":\"ListItem\",\"position\":2,\"name\":\"Oito jovens fazem a Profiss\u00e3o Solene em Angola\"}]},{\"@type\":\"Person\",\"@id\":\"https:\/\/franciscanos.org.br\/noticias\/#\/schema\/person\/c3a26b08313dd1772495ce300ab257cc\",\"name\":\"jovenal\",\"image\":{\"@type\":\"ImageObject\",\"inLanguage\":\"pt-BR\",\"@id\":\"https:\/\/franciscanos.org.br\/noticias\/#\/schema\/person\/image\/\",\"url\":\"https:\/\/secure.gravatar.com\/avatar\/e94509f531086e2eaf97e72f29ea00f9?s=96&d=mm&r=g\",\"contentUrl\":\"https:\/\/secure.gravatar.com\/avatar\/e94509f531086e2eaf97e72f29ea00f9?s=96&d=mm&r=g\",\"caption\":\"jovenal\"},\"url\":\"https:\/\/franciscanos.org.br\/noticias\/author\/jovenal\"}]}<\/script>\n<!-- \/ Yoast SEO plugin. -->","yoast_head_json":{"title":"Oito jovens fazem a Profiss\u00e3o Solene em Angola - Not\u00edcias - Franciscanos","robots":{"index":"index","follow":"follow","max-snippet":"max-snippet:-1","max-image-preview":"max-image-preview:large","max-video-preview":"max-video-preview:-1"},"canonical":"https:\/\/franciscanos.org.br\/noticias\/oito-jovens-fazem-a-profissao-solene-em-angola.html","og_locale":"pt_BR","og_type":"article","og_title":"Oito jovens fazem a Profiss\u00e3o Solene em Angola - Not\u00edcias - Franciscanos","og_description":"Profiss\u00e3o Solene","og_url":"https:\/\/franciscanos.org.br\/noticias\/oito-jovens-fazem-a-profissao-solene-em-angola.html","og_site_name":"Not\u00edcias - Franciscanos","article_published_time":"2022-12-06T10:57:59+00:00","article_modified_time":"2022-12-07T10:06:27+00:00","og_image":[{"width":800,"height":550,"url":"https:\/\/franciscanos.org.br\/noticias\/wp-content\/uploads\/2022\/11\/prof-800.gif","type":"image\/gif"}],"author":"jovenal","twitter_card":"summary_large_image","twitter_misc":{"Escrito por":"jovenal","Est. tempo de leitura":"8 minutos"},"schema":{"@context":"https:\/\/schema.org","@graph":[{"@type":"WebSite","@id":"https:\/\/franciscanos.org.br\/noticias\/#website","url":"https:\/\/franciscanos.org.br\/noticias\/","name":"Not\u00edcias - Franciscanos","description":"Prov\u00edncia Franciscana da Imaculada Concei\u00e7\u00e3o do Brasil - Ordem dos Frades Menores - OFM","potentialAction":[{"@type":"SearchAction","target":{"@type":"EntryPoint","urlTemplate":"https:\/\/franciscanos.org.br\/noticias\/?s={search_term_string}"},"query-input":"required name=search_term_string"}],"inLanguage":"pt-BR"},{"@type":"ImageObject","inLanguage":"pt-BR","@id":"https:\/\/franciscanos.org.br\/noticias\/oito-jovens-fazem-a-profissao-solene-em-angola.html#primaryimage","url":"https:\/\/franciscanos.org.br\/noticias\/wp-content\/uploads\/2022\/11\/prof-800.gif","contentUrl":"https:\/\/franciscanos.org.br\/noticias\/wp-content\/uploads\/2022\/11\/prof-800.gif","width":800,"height":550},{"@type":"WebPage","@id":"https:\/\/franciscanos.org.br\/noticias\/oito-jovens-fazem-a-profissao-solene-em-angola.html#webpage","url":"https:\/\/franciscanos.org.br\/noticias\/oito-jovens-fazem-a-profissao-solene-em-angola.html","name":"Oito jovens fazem a Profiss\u00e3o Solene em Angola - Not\u00edcias - Franciscanos","isPartOf":{"@id":"https:\/\/franciscanos.org.br\/noticias\/#website"},"primaryImageOfPage":{"@id":"https:\/\/franciscanos.org.br\/noticias\/oito-jovens-fazem-a-profissao-solene-em-angola.html#primaryimage"},"datePublished":"2022-12-06T10:57:59+00:00","dateModified":"2022-12-07T10:06:27+00:00","author":{"@id":"https:\/\/franciscanos.org.br\/noticias\/#\/schema\/person\/c3a26b08313dd1772495ce300ab257cc"},"breadcrumb":{"@id":"https:\/\/franciscanos.org.br\/noticias\/oito-jovens-fazem-a-profissao-solene-em-angola.html#breadcrumb"},"inLanguage":"pt-BR","potentialAction":[{"@type":"ReadAction","target":["https:\/\/franciscanos.org.br\/noticias\/oito-jovens-fazem-a-profissao-solene-em-angola.html"]}]},{"@type":"BreadcrumbList","@id":"https:\/\/franciscanos.org.br\/noticias\/oito-jovens-fazem-a-profissao-solene-em-angola.html#breadcrumb","itemListElement":[{"@type":"ListItem","position":1,"name":"Home","item":"https:\/\/franciscanos.org.br\/noticias"},{"@type":"ListItem","position":2,"name":"Oito jovens fazem a Profiss\u00e3o Solene em Angola"}]},{"@type":"Person","@id":"https:\/\/franciscanos.org.br\/noticias\/#\/schema\/person\/c3a26b08313dd1772495ce300ab257cc","name":"jovenal","image":{"@type":"ImageObject","inLanguage":"pt-BR","@id":"https:\/\/franciscanos.org.br\/noticias\/#\/schema\/person\/image\/","url":"https:\/\/secure.gravatar.com\/avatar\/e94509f531086e2eaf97e72f29ea00f9?s=96&d=mm&r=g","contentUrl":"https:\/\/secure.gravatar.com\/avatar\/e94509f531086e2eaf97e72f29ea00f9?s=96&d=mm&r=g","caption":"jovenal"},"url":"https:\/\/franciscanos.org.br\/noticias\/author\/jovenal"}]}},"_links":{"self":[{"href":"https:\/\/franciscanos.org.br\/noticias\/wp-json\/wp\/v2\/posts\/241016"}],"collection":[{"href":"https:\/\/franciscanos.org.br\/noticias\/wp-json\/wp\/v2\/posts"}],"about":[{"href":"https:\/\/franciscanos.org.br\/noticias\/wp-json\/wp\/v2\/types\/post"}],"author":[{"embeddable":true,"href":"https:\/\/franciscanos.org.br\/noticias\/wp-json\/wp\/v2\/users\/7"}],"replies":[{"embeddable":true,"href":"https:\/\/franciscanos.org.br\/noticias\/wp-json\/wp\/v2\/comments?post=241016"}],"version-history":[{"count":9,"href":"https:\/\/franciscanos.org.br\/noticias\/wp-json\/wp\/v2\/posts\/241016\/revisions"}],"predecessor-version":[{"id":241044,"href":"https:\/\/franciscanos.org.br\/noticias\/wp-json\/wp\/v2\/posts\/241016\/revisions\/241044"}],"wp:featuredmedia":[{"embeddable":true,"href":"https:\/\/franciscanos.org.br\/noticias\/wp-json\/wp\/v2\/media\/241029"}],"wp:attachment":[{"href":"https:\/\/franciscanos.org.br\/noticias\/wp-json\/wp\/v2\/media?parent=241016"}],"wp:term":[{"taxonomy":"category","embeddable":true,"href":"https:\/\/franciscanos.org.br\/noticias\/wp-json\/wp\/v2\/categories?post=241016"},{"taxonomy":"post_tag","embeddable":true,"href":"https:\/\/franciscanos.org.br\/noticias\/wp-json\/wp\/v2\/tags?post=241016"}],"curies":[{"name":"wp","href":"https:\/\/api.w.org\/{rel}","templated":true}]}}