{"id":24101,"date":"2012-09-18T07:47:32","date_gmt":"2012-09-18T10:47:32","guid":{"rendered":"http:\/\/new.franciscanos.org.br\/?p=24101"},"modified":"2019-01-31T15:13:26","modified_gmt":"2019-01-31T17:13:26","slug":"festa-das-chagas-e-do-convento-sao-francisco","status":"publish","type":"post","link":"https:\/\/franciscanos.org.br\/noticias\/festa-das-chagas-e-do-convento-sao-francisco.html","title":{"rendered":"Festa das Chagas e do Convento S\u00e3o Francisco de SP"},"content":{"rendered":"<p><img loading=\"lazy\" class=\"alignleft size-full wp-image-198721\" src=\"https:\/\/franciscanos.org.br\/noticias\/wp-content\/uploads\/2012\/09\/convento_310119.jpg\" alt=\"\" width=\"890\" height=\"593\" srcset=\"https:\/\/franciscanos.org.br\/noticias\/wp-content\/uploads\/2012\/09\/convento_310119.jpg 890w, https:\/\/franciscanos.org.br\/noticias\/wp-content\/uploads\/2012\/09\/convento_310119-450x300.jpg 450w, https:\/\/franciscanos.org.br\/noticias\/wp-content\/uploads\/2012\/09\/convento_310119-768x512.jpg 768w, https:\/\/franciscanos.org.br\/noticias\/wp-content\/uploads\/2012\/09\/convento_310119-150x100.jpg 150w\" sizes=\"(max-width: 890px) 100vw, 890px\" \/><\/p>\n<p><strong>Por Moacir Beggo<\/strong><\/p>\n<p>O Convento S\u00e3o Francisco, no centro da metr\u00f3pole paulistana, festejou nesta segunda-feira, 17 de setembro, 370 anos de hist\u00f3ria. A Missa de A\u00e7\u00e3o de Gra\u00e7as por esta data tamb\u00e9m foi especial porque neste dia se celebrou a impress\u00e3o das Chagas de S\u00e3o Francisco de Assis.<\/p>\n<p>O Definidor desta Prov\u00edncia, Frei M\u00e1rio Tagliari, representando o Governo Provincial, presidiu a celebra\u00e7\u00e3o ao meio-dia, tendo como concelebrantes o guardi\u00e3o e reitor do Convento e Santu\u00e1rio, Frei Sal\u00e9sio Hillesheim, e Frei Agostinho Piccolo. Tamb\u00e9m estava presente na celebra\u00e7\u00e3o a Conselheira da Presid\u00eancia da Ordem Franciscana Secular para pa\u00edses de L\u00edngua Portuguesa, Maria Aparecida Crepaldi.<\/p>\n<p>Frei M\u00e1rio lembrou na sua homilia que os frades chegaram dois anos antes de come\u00e7ar a constru\u00e7\u00e3o deste importante patrim\u00f4nio religioso e cultural. &#8220;Os frades moravam ali, na Pra\u00e7a do Patriarca, neste in\u00edcio de presen\u00e7a. Quando ganharam este terreno, constru\u00edram o antigo Convento onde hoje fica a a faculdade de Direito da USP. Dos 370 anos, sobraram a Igreja e um pouquinho do convento nos fundos desta igreja. O pr\u00e9dio que os frades moram \u00e9 bem mais recente, pois foi constru\u00eddo em 1940&#8221;, explicou Frei M\u00e1rio, lembrando que a Igreja da OFS, ao lado, tem o nome de S\u00e3o Francisco das Chagas.<\/p>\n<p>Segundo o Definidor da Prov\u00edncia, durante 372 anos os frades viveram e difundiram o carisma de S\u00e3o Francisco, que \u00e9 o seguimento do Cristo, Pobre e Crucificado, como escreveu na Regra de Vida aos Frades Menores.<\/p>\n<p>&#8220;S\u00e3o Francisco de Assis foi marcado pela Cruz de Cristo desde o in\u00edcio de sua convers\u00e3o. Importante que n\u00f3s lembremos que diante do Crucificado, nas ru\u00ednas de S\u00e3o Dami\u00e3o, S\u00e3o Francisco indaga ao Senhor: &#8216;O que queres que fa\u00e7a?&#8217;. Francisco ouve deste Crucificado: &#8216;Francisco, restaura a minha casa, n\u00e3o v\u00eas que est\u00e1 em ru\u00ednas&#8217;. E a\u00ed, ent\u00e3o, come\u00e7a esse processo de convers\u00e3o de Francisco, que, segundo Celano e, depois, Boaventura, foi de conformar-se ao Cristo Crucificado&#8221;, acrescentou Frei M\u00e1rio.<\/p>\n<p>Segundo Frei M\u00e1rio, Francisco pediu duas gra\u00e7as: sentir o quanto poss\u00edvel a dor que Cristo sofreu na cruz e a paix\u00e3o, o amor, que levou a assumir a cruz, a morrer nela para dar a vida a todos, como um gesto definitivo de entrega na vontade do Pai e de entrega aos irm\u00e3os. &#8220;Hoje, faz 788 anos que S\u00e3o Francisco recebeu os estigmas no Monte Alverne. Eles foram a coroa\u00e7\u00e3o de todo um processo de vida para viver conforme diz S\u00e3o Paulo e que ouvimos na primeira leitura: outra coisa n\u00e3o quero, n\u00e3o desejo, n\u00e3o busco a n\u00e3o ser estar com o Cristo crucificado&#8221;, observou.<br \/>\nE concluiu Frei M\u00e1rio: &#8220;Irm\u00e3os e irm\u00e3s, espelhados no nosso Pai S\u00e3o Francisco, mas de modo muito especial no seguimento do Cristo Pobre e Crucificado, tamb\u00e9m saibamos um dia assumir a Cruz e fazermos disc\u00edpulos e mission\u00e1rios de Cristo&#8221;.<\/p>\n<p>Frei Sal\u00e9sio acolheu e agradeceu a todos na celebra\u00e7\u00e3o e lembrou que era momento &#8220;bendizer a Deus por tantos anos e pedir a Ele outros tantos anos para que este lugar, o Convento S\u00e3o Francisco, possa servir como luz, que brilhe no meio desta grande cidade&#8221;, disse o guardi\u00e3o que j\u00e1 se prepara para a festa do Padroeiro, no dia 4 de outubro, e para a festa de Santo Ant\u00f4nio de Sant&#8217;Ana Galv\u00e3o, no dia 25 de outubro.<\/p>\n","protected":false},"excerpt":{"rendered":"<p>Celebra\u00e7\u00e3o dos 370 anos do Convento<\/p>\n","protected":false},"author":1,"featured_media":198722,"comment_status":"closed","ping_status":"open","sticky":false,"template":"","format":"standard","meta":[],"categories":[1],"tags":[312],"acf":[],"yoast_head":"<!-- This site is optimized with the Yoast SEO plugin v19.2 - https:\/\/yoast.com\/wordpress\/plugins\/seo\/ -->\n<title>Festa das Chagas e do Convento S\u00e3o Francisco de SP - Not\u00edcias - Franciscanos<\/title>\n<meta name=\"robots\" content=\"index, follow, max-snippet:-1, max-image-preview:large, max-video-preview:-1\" \/>\n<link rel=\"canonical\" href=\"https:\/\/franciscanos.org.br\/noticias\/festa-das-chagas-e-do-convento-sao-francisco.html\" \/>\n<meta property=\"og:locale\" content=\"pt_BR\" \/>\n<meta property=\"og:type\" content=\"article\" \/>\n<meta property=\"og:title\" content=\"Festa das Chagas e do Convento S\u00e3o Francisco de SP - Not\u00edcias - Franciscanos\" \/>\n<meta property=\"og:description\" content=\"Celebra\u00e7\u00e3o dos 370 anos do Convento\" \/>\n<meta property=\"og:url\" content=\"https:\/\/franciscanos.org.br\/noticias\/festa-das-chagas-e-do-convento-sao-francisco.html\" \/>\n<meta property=\"og:site_name\" content=\"Not\u00edcias - Franciscanos\" \/>\n<meta property=\"article:published_time\" content=\"2012-09-18T10:47:32+00:00\" \/>\n<meta property=\"article:modified_time\" content=\"2019-01-31T17:13:26+00:00\" \/>\n<meta property=\"og:image\" content=\"https:\/\/franciscanos.org.br\/noticias\/wp-content\/uploads\/2012\/09\/convento_310119d.jpg\" \/>\n\t<meta property=\"og:image:width\" content=\"273\" \/>\n\t<meta property=\"og:image:height\" content=\"181\" \/>\n\t<meta property=\"og:image:type\" content=\"image\/jpeg\" \/>\n<meta name=\"author\" content=\"admin\" \/>\n<meta name=\"twitter:card\" content=\"summary_large_image\" \/>\n<meta name=\"twitter:label1\" content=\"Escrito por\" \/>\n\t<meta name=\"twitter:data1\" content=\"admin\" \/>\n\t<meta name=\"twitter:label2\" content=\"Est. tempo de leitura\" \/>\n\t<meta name=\"twitter:data2\" content=\"3 minutos\" \/>\n<script type=\"application\/ld+json\" class=\"yoast-schema-graph\">{\"@context\":\"https:\/\/schema.org\",\"@graph\":[{\"@type\":\"WebSite\",\"@id\":\"https:\/\/franciscanos.org.br\/noticias\/#website\",\"url\":\"https:\/\/franciscanos.org.br\/noticias\/\",\"name\":\"Not\u00edcias - Franciscanos\",\"description\":\"Prov\u00edncia Franciscana da Imaculada Concei\u00e7\u00e3o do Brasil - Ordem dos Frades Menores - OFM\",\"potentialAction\":[{\"@type\":\"SearchAction\",\"target\":{\"@type\":\"EntryPoint\",\"urlTemplate\":\"https:\/\/franciscanos.org.br\/noticias\/?s={search_term_string}\"},\"query-input\":\"required name=search_term_string\"}],\"inLanguage\":\"pt-BR\"},{\"@type\":\"ImageObject\",\"inLanguage\":\"pt-BR\",\"@id\":\"https:\/\/franciscanos.org.br\/noticias\/festa-das-chagas-e-do-convento-sao-francisco.html#primaryimage\",\"url\":\"https:\/\/franciscanos.org.br\/noticias\/wp-content\/uploads\/2012\/09\/convento_310119d.jpg\",\"contentUrl\":\"https:\/\/franciscanos.org.br\/noticias\/wp-content\/uploads\/2012\/09\/convento_310119d.jpg\",\"width\":273,\"height\":181},{\"@type\":\"WebPage\",\"@id\":\"https:\/\/franciscanos.org.br\/noticias\/festa-das-chagas-e-do-convento-sao-francisco.html#webpage\",\"url\":\"https:\/\/franciscanos.org.br\/noticias\/festa-das-chagas-e-do-convento-sao-francisco.html\",\"name\":\"Festa das Chagas e do Convento S\u00e3o Francisco de SP - Not\u00edcias - Franciscanos\",\"isPartOf\":{\"@id\":\"https:\/\/franciscanos.org.br\/noticias\/#website\"},\"primaryImageOfPage\":{\"@id\":\"https:\/\/franciscanos.org.br\/noticias\/festa-das-chagas-e-do-convento-sao-francisco.html#primaryimage\"},\"datePublished\":\"2012-09-18T10:47:32+00:00\",\"dateModified\":\"2019-01-31T17:13:26+00:00\",\"author\":{\"@id\":\"https:\/\/franciscanos.org.br\/noticias\/#\/schema\/person\/b38fbf43118f02820bd932f2e4b14ad3\"},\"breadcrumb\":{\"@id\":\"https:\/\/franciscanos.org.br\/noticias\/festa-das-chagas-e-do-convento-sao-francisco.html#breadcrumb\"},\"inLanguage\":\"pt-BR\",\"potentialAction\":[{\"@type\":\"ReadAction\",\"target\":[\"https:\/\/franciscanos.org.br\/noticias\/festa-das-chagas-e-do-convento-sao-francisco.html\"]}]},{\"@type\":\"BreadcrumbList\",\"@id\":\"https:\/\/franciscanos.org.br\/noticias\/festa-das-chagas-e-do-convento-sao-francisco.html#breadcrumb\",\"itemListElement\":[{\"@type\":\"ListItem\",\"position\":1,\"name\":\"Home\",\"item\":\"https:\/\/franciscanos.org.br\/noticias\"},{\"@type\":\"ListItem\",\"position\":2,\"name\":\"Festa das Chagas e do Convento S\u00e3o Francisco de SP\"}]},{\"@type\":\"Person\",\"@id\":\"https:\/\/franciscanos.org.br\/noticias\/#\/schema\/person\/b38fbf43118f02820bd932f2e4b14ad3\",\"name\":\"admin\",\"image\":{\"@type\":\"ImageObject\",\"inLanguage\":\"pt-BR\",\"@id\":\"https:\/\/franciscanos.org.br\/noticias\/#\/schema\/person\/image\/\",\"url\":\"https:\/\/secure.gravatar.com\/avatar\/e8495742d34d0ba6448ea1c628263b3e?s=96&d=mm&r=g\",\"contentUrl\":\"https:\/\/secure.gravatar.com\/avatar\/e8495742d34d0ba6448ea1c628263b3e?s=96&d=mm&r=g\",\"caption\":\"admin\"},\"url\":\"https:\/\/franciscanos.org.br\/noticias\/author\/admin\"}]}<\/script>\n<!-- \/ Yoast SEO plugin. -->","yoast_head_json":{"title":"Festa das Chagas e do Convento S\u00e3o Francisco de SP - Not\u00edcias - Franciscanos","robots":{"index":"index","follow":"follow","max-snippet":"max-snippet:-1","max-image-preview":"max-image-preview:large","max-video-preview":"max-video-preview:-1"},"canonical":"https:\/\/franciscanos.org.br\/noticias\/festa-das-chagas-e-do-convento-sao-francisco.html","og_locale":"pt_BR","og_type":"article","og_title":"Festa das Chagas e do Convento S\u00e3o Francisco de SP - Not\u00edcias - Franciscanos","og_description":"Celebra\u00e7\u00e3o dos 370 anos do Convento","og_url":"https:\/\/franciscanos.org.br\/noticias\/festa-das-chagas-e-do-convento-sao-francisco.html","og_site_name":"Not\u00edcias - Franciscanos","article_published_time":"2012-09-18T10:47:32+00:00","article_modified_time":"2019-01-31T17:13:26+00:00","og_image":[{"width":273,"height":181,"url":"https:\/\/franciscanos.org.br\/noticias\/wp-content\/uploads\/2012\/09\/convento_310119d.jpg","type":"image\/jpeg"}],"author":"admin","twitter_card":"summary_large_image","twitter_misc":{"Escrito por":"admin","Est. tempo de leitura":"3 minutos"},"schema":{"@context":"https:\/\/schema.org","@graph":[{"@type":"WebSite","@id":"https:\/\/franciscanos.org.br\/noticias\/#website","url":"https:\/\/franciscanos.org.br\/noticias\/","name":"Not\u00edcias - Franciscanos","description":"Prov\u00edncia Franciscana da Imaculada Concei\u00e7\u00e3o do Brasil - Ordem dos Frades Menores - OFM","potentialAction":[{"@type":"SearchAction","target":{"@type":"EntryPoint","urlTemplate":"https:\/\/franciscanos.org.br\/noticias\/?s={search_term_string}"},"query-input":"required name=search_term_string"}],"inLanguage":"pt-BR"},{"@type":"ImageObject","inLanguage":"pt-BR","@id":"https:\/\/franciscanos.org.br\/noticias\/festa-das-chagas-e-do-convento-sao-francisco.html#primaryimage","url":"https:\/\/franciscanos.org.br\/noticias\/wp-content\/uploads\/2012\/09\/convento_310119d.jpg","contentUrl":"https:\/\/franciscanos.org.br\/noticias\/wp-content\/uploads\/2012\/09\/convento_310119d.jpg","width":273,"height":181},{"@type":"WebPage","@id":"https:\/\/franciscanos.org.br\/noticias\/festa-das-chagas-e-do-convento-sao-francisco.html#webpage","url":"https:\/\/franciscanos.org.br\/noticias\/festa-das-chagas-e-do-convento-sao-francisco.html","name":"Festa das Chagas e do Convento S\u00e3o Francisco de SP - Not\u00edcias - Franciscanos","isPartOf":{"@id":"https:\/\/franciscanos.org.br\/noticias\/#website"},"primaryImageOfPage":{"@id":"https:\/\/franciscanos.org.br\/noticias\/festa-das-chagas-e-do-convento-sao-francisco.html#primaryimage"},"datePublished":"2012-09-18T10:47:32+00:00","dateModified":"2019-01-31T17:13:26+00:00","author":{"@id":"https:\/\/franciscanos.org.br\/noticias\/#\/schema\/person\/b38fbf43118f02820bd932f2e4b14ad3"},"breadcrumb":{"@id":"https:\/\/franciscanos.org.br\/noticias\/festa-das-chagas-e-do-convento-sao-francisco.html#breadcrumb"},"inLanguage":"pt-BR","potentialAction":[{"@type":"ReadAction","target":["https:\/\/franciscanos.org.br\/noticias\/festa-das-chagas-e-do-convento-sao-francisco.html"]}]},{"@type":"BreadcrumbList","@id":"https:\/\/franciscanos.org.br\/noticias\/festa-das-chagas-e-do-convento-sao-francisco.html#breadcrumb","itemListElement":[{"@type":"ListItem","position":1,"name":"Home","item":"https:\/\/franciscanos.org.br\/noticias"},{"@type":"ListItem","position":2,"name":"Festa das Chagas e do Convento S\u00e3o Francisco de SP"}]},{"@type":"Person","@id":"https:\/\/franciscanos.org.br\/noticias\/#\/schema\/person\/b38fbf43118f02820bd932f2e4b14ad3","name":"admin","image":{"@type":"ImageObject","inLanguage":"pt-BR","@id":"https:\/\/franciscanos.org.br\/noticias\/#\/schema\/person\/image\/","url":"https:\/\/secure.gravatar.com\/avatar\/e8495742d34d0ba6448ea1c628263b3e?s=96&d=mm&r=g","contentUrl":"https:\/\/secure.gravatar.com\/avatar\/e8495742d34d0ba6448ea1c628263b3e?s=96&d=mm&r=g","caption":"admin"},"url":"https:\/\/franciscanos.org.br\/noticias\/author\/admin"}]}},"_links":{"self":[{"href":"https:\/\/franciscanos.org.br\/noticias\/wp-json\/wp\/v2\/posts\/24101"}],"collection":[{"href":"https:\/\/franciscanos.org.br\/noticias\/wp-json\/wp\/v2\/posts"}],"about":[{"href":"https:\/\/franciscanos.org.br\/noticias\/wp-json\/wp\/v2\/types\/post"}],"author":[{"embeddable":true,"href":"https:\/\/franciscanos.org.br\/noticias\/wp-json\/wp\/v2\/users\/1"}],"replies":[{"embeddable":true,"href":"https:\/\/franciscanos.org.br\/noticias\/wp-json\/wp\/v2\/comments?post=24101"}],"version-history":[{"count":0,"href":"https:\/\/franciscanos.org.br\/noticias\/wp-json\/wp\/v2\/posts\/24101\/revisions"}],"wp:featuredmedia":[{"embeddable":true,"href":"https:\/\/franciscanos.org.br\/noticias\/wp-json\/wp\/v2\/media\/198722"}],"wp:attachment":[{"href":"https:\/\/franciscanos.org.br\/noticias\/wp-json\/wp\/v2\/media?parent=24101"}],"wp:term":[{"taxonomy":"category","embeddable":true,"href":"https:\/\/franciscanos.org.br\/noticias\/wp-json\/wp\/v2\/categories?post=24101"},{"taxonomy":"post_tag","embeddable":true,"href":"https:\/\/franciscanos.org.br\/noticias\/wp-json\/wp\/v2\/tags?post=24101"}],"curies":[{"name":"wp","href":"https:\/\/api.w.org\/{rel}","templated":true}]}}