{"id":241008,"date":"2022-11-25T10:07:36","date_gmt":"2022-11-25T13:07:36","guid":{"rendered":"https:\/\/franciscanos.org.br\/noticias\/?p=241008"},"modified":"2022-11-25T10:19:05","modified_gmt":"2022-11-25T13:19:05","slug":"centenario-franciscano-promover-eventos-e-encontros-para-valorizar-o-nosso-carisma","status":"publish","type":"post","link":"https:\/\/franciscanos.org.br\/noticias\/centenario-franciscano-promover-eventos-e-encontros-para-valorizar-o-nosso-carisma.html","title":{"rendered":"Centen\u00e1rio Franciscano: promover eventos e encontros para valorizar o nosso carisma"},"content":{"rendered":"<div id=\"attachment_241009\" style=\"width: 1090px\" class=\"wp-caption alignnone\"><img aria-describedby=\"caption-attachment-241009\" loading=\"lazy\" class=\"wp-image-241009 size-full\" src=\"https:\/\/franciscanos.org.br\/noticias\/wp-content\/uploads\/2022\/11\/francisco_25.jpg\" alt=\"\" width=\"1080\" height=\"859\" srcset=\"https:\/\/franciscanos.org.br\/noticias\/wp-content\/uploads\/2022\/11\/francisco_25.jpg 1080w, https:\/\/franciscanos.org.br\/noticias\/wp-content\/uploads\/2022\/11\/francisco_25-450x358.jpg 450w, https:\/\/franciscanos.org.br\/noticias\/wp-content\/uploads\/2022\/11\/francisco_25-1024x814.jpg 1024w, https:\/\/franciscanos.org.br\/noticias\/wp-content\/uploads\/2022\/11\/francisco_25-768x611.jpg 768w, https:\/\/franciscanos.org.br\/noticias\/wp-content\/uploads\/2022\/11\/francisco_25-150x119.jpg 150w\" sizes=\"(max-width: 1080px) 100vw, 1080px\" \/><p id=\"caption-attachment-241009\" class=\"wp-caption-text\"><em>\u00a0 \u00a0 \u00a0 \u00a0 \u00a0 \u00a0 \u00a0 \u00a0 \u00a0 \u00a0 \u00a0 \u00a0 \u00a0 \u00a0 \u00a0 \u00a0 \u00a0 \u00a0 \u00a0 \u00a0 \u00a0 \u00a0 \u00a0 \u00a0 \u00a0 \u00a0 \u00a0 \u00a0 \u00a0 \u00a0 \u00a0 \u00a0 \u00a0 \u00a0 \u00a0 \u00a0 \u00a0 \u00a0 \u00a0 \u00a0 \u00a0 \u00a0 \u00a0 \u00a0 \u00a0 \u00a0 \u00a0 \u00a0 \u00a0 \u00a0 \u00a0 \u00a0 \u00a0 \u00a0 \u00a0 \u00a0 \u00a0 \u00a0 \u00a0 \u00a0 \u00a0 \u00a0 \u00a0 \u00a0 \u00a0 \u00a0 \u00a0 \u00a0 \u00a0 \u00a0 Imagem: Piero Casentini<\/em><\/p><\/div>\n<p><strong>Publicamos a carta do Comit\u00ea da Fam\u00edlia Franciscana sobre as celebra\u00e7\u00f5es do Centen\u00e1rio Franciscano:<\/strong><\/p>\n<p>Queridos irm\u00e3os e irm\u00e3s da Fam\u00edlia Franciscana<br \/>\nO Senhor vos d\u00ea a paz!<\/p>\n<p>No in\u00edcio do pr\u00f3ximo ano entraremos nas comemora\u00e7\u00f5es do Centen\u00e1rio Franciscano, que acontecer\u00e1 a partir de 2023, lembrando a aprova\u00e7\u00e3o da Regra Bulada e o Natal em Greccio, passando por 2024 (Estigmas), 2025 (C\u00e2ntico ao Irm\u00e3o Sol) e culminando em 2026 com o centen\u00e1rio do seu \u201cTr\u00e2nsito\u201d da terra ao c\u00e9u.<\/p>\n<p>No in\u00edcio do Centen\u00e1rio, a Fam\u00edlia Franciscana ter\u00e1 um site que apresentar\u00e1 as novidades e a cr\u00f4nica dos acontecimentos do Centen\u00e1rio, ao mesmo tempo com estudos de aprofundamento e subs\u00eddios \u00fateis em diversos idiomas: \u00e9 belo e significativo que, al\u00e9m dos sites j\u00e1 existentes de nossas diferentes realidades, seja lan\u00e7ado nesta ocasi\u00e3o um site comum para a Fam\u00edlia Franciscana. No in\u00edcio do novo ano, voc\u00ea pode encontr\u00e1-lo no seguinte endere\u00e7o: www.centenarifrancescani.org<\/p>\n<p>No in\u00edcio de cada ano, de 2022 a 2026, ser\u00e1 marcada por uma celebra\u00e7\u00e3o comum dos seis Ministros Gerais da Fam\u00edlia Franciscana: no in\u00edcio do pr\u00f3ximo ano, ser\u00e1 realizada em Greccio, no dia 7 de janeiro, \u00e0s 11 horas. Convidamos voc\u00ea a acompanhar esta celebra\u00e7\u00e3o, que ser\u00e1 transmitida ao vivo no novo site e tamb\u00e9m estar\u00e1 dispon\u00edvel em v\u00eddeo.<\/p>\n<p>\u201cA celebra\u00e7\u00e3o dos centen\u00e1rios \u00e9, sem d\u00favida, uma boa oportunidade para tornar vis\u00edvel a Fam\u00edlia Franciscana em sua totalidade. Seria muito conveniente que todas as atividades e iniciativas em n\u00edvel nacional e\/ou regional fossem coordenadas por uma comiss\u00e3o que representasse toda a Fam\u00edlia Franciscana. Ad intra e Ad extra: os centen\u00e1rios n\u00e3o visam apenas impactar positivamente a Fam\u00edlia franciscana como um todo. \u00c9 preciso investir na imagina\u00e7\u00e3o e na criatividade para que tenham impacto tamb\u00e9m em ambientes sociais e culturais n\u00e3o eclesiais\u201d. (Orienta\u00e7\u00f5es para o centen\u00e1rio, p. 2).<\/p>\n<p>Portanto, convidamos voc\u00ea a encontrar, entre as diferentes realidades franciscanas de seu pa\u00eds, regi\u00e3o ou cidade, um tempo (uma semana, ou alguns dias, ou um dia especial) para organizar uma celebra\u00e7\u00e3o\/atividade\/iniciativa da qual podem participar os diversos membros da Fam\u00edlia franciscana. Assim poderemos conhecer e valorizar nosso carisma franciscano comum e, ao mesmo tempo, propor um magn\u00edfico sinal prof\u00e9tico \u00e0 Igreja e \u00e0 sociedade civil em nossos diversos pa\u00edses.<\/p>\n<p>O centen\u00e1rio franciscano est\u00e1 prestes a come\u00e7ar: que seja para todos n\u00f3s uma oportunidade de redescobrir a alegria de viver o carisma que o \u201cnosso\u201d irm\u00e3o S\u00e3o Francisco nos deixou!<\/p>\n<p>Fraternalmente,<\/p>\n<p><strong>Comiss\u00e3o da Fam\u00edlia Franciscana para o Centen\u00e1rio Franciscano<\/strong><\/p>\n<hr \/>\n<p>Observa\u00e7\u00e3o. Recordamos os dois subs\u00eddios para toda a Fam\u00edlia Franciscana, j\u00e1 publicados em nossas p\u00e1ginas web e que voc\u00ea tamb\u00e9m encontrar\u00e1 no novo site:<\/p>\n<p><a href=\"https:\/\/ofm.org\/uploads\/Guidelines_centuries_PT.pdf\">Linhas orientadoras: 2023-2026 Um centen\u00e1rio articulado e celebrado em v\u00e1rios centen\u00e1rios (publicado online em maio de 2022)<\/a><br \/>\n<a href=\"https:\/\/ofm.org\/uploads\/Nu%CC%81cleos%20Tematicos_%20Espan%CC%83ol.pdf\">Tabela s\u00edntese: N\u00facleos carism\u00e1ticos centen\u00e1rios (divulga\u00e7\u00e3o on-line em agosto de 2022)<\/a><\/p>\n<hr \/>\n<p>Fonte: <a href=\"http:\/\/www.ofm.org\">www.ofm.org<\/a><\/p>\n","protected":false},"excerpt":{"rendered":"<p>Centen\u00e1rio Franciscano<\/p>\n","protected":false},"author":3,"featured_media":241009,"comment_status":"open","ping_status":"open","sticky":false,"template":"","format":"standard","meta":[],"categories":[1],"tags":[2070],"acf":[],"yoast_head":"<!-- This site is optimized with the Yoast SEO plugin v19.2 - https:\/\/yoast.com\/wordpress\/plugins\/seo\/ -->\n<title>Centen\u00e1rio Franciscano: promover eventos e encontros para valorizar o nosso carisma - Not\u00edcias - Franciscanos<\/title>\n<meta name=\"robots\" content=\"index, follow, max-snippet:-1, max-image-preview:large, max-video-preview:-1\" \/>\n<link rel=\"canonical\" href=\"https:\/\/franciscanos.org.br\/noticias\/centenario-franciscano-promover-eventos-e-encontros-para-valorizar-o-nosso-carisma.html\" \/>\n<meta property=\"og:locale\" content=\"pt_BR\" \/>\n<meta property=\"og:type\" content=\"article\" \/>\n<meta property=\"og:title\" content=\"Centen\u00e1rio Franciscano: promover eventos e encontros para valorizar o nosso carisma - Not\u00edcias - Franciscanos\" \/>\n<meta property=\"og:description\" content=\"Centen\u00e1rio Franciscano\" \/>\n<meta property=\"og:url\" content=\"https:\/\/franciscanos.org.br\/noticias\/centenario-franciscano-promover-eventos-e-encontros-para-valorizar-o-nosso-carisma.html\" \/>\n<meta property=\"og:site_name\" content=\"Not\u00edcias - Franciscanos\" \/>\n<meta property=\"article:published_time\" content=\"2022-11-25T13:07:36+00:00\" \/>\n<meta property=\"article:modified_time\" content=\"2022-11-25T13:19:05+00:00\" \/>\n<meta property=\"og:image\" content=\"https:\/\/franciscanos.org.br\/noticias\/wp-content\/uploads\/2022\/11\/francisco_25.jpg\" \/>\n\t<meta property=\"og:image:width\" content=\"1080\" \/>\n\t<meta property=\"og:image:height\" content=\"859\" \/>\n\t<meta property=\"og:image:type\" content=\"image\/jpeg\" \/>\n<meta name=\"author\" content=\"moacir\" \/>\n<meta name=\"twitter:card\" content=\"summary_large_image\" \/>\n<meta name=\"twitter:label1\" content=\"Escrito por\" \/>\n\t<meta name=\"twitter:data1\" content=\"moacir\" \/>\n\t<meta name=\"twitter:label2\" content=\"Est. tempo de leitura\" \/>\n\t<meta name=\"twitter:data2\" content=\"3 minutos\" \/>\n<script type=\"application\/ld+json\" class=\"yoast-schema-graph\">{\"@context\":\"https:\/\/schema.org\",\"@graph\":[{\"@type\":\"WebSite\",\"@id\":\"https:\/\/franciscanos.org.br\/noticias\/#website\",\"url\":\"https:\/\/franciscanos.org.br\/noticias\/\",\"name\":\"Not\u00edcias - Franciscanos\",\"description\":\"Prov\u00edncia Franciscana da Imaculada Concei\u00e7\u00e3o do Brasil - Ordem dos Frades Menores - OFM\",\"potentialAction\":[{\"@type\":\"SearchAction\",\"target\":{\"@type\":\"EntryPoint\",\"urlTemplate\":\"https:\/\/franciscanos.org.br\/noticias\/?s={search_term_string}\"},\"query-input\":\"required name=search_term_string\"}],\"inLanguage\":\"pt-BR\"},{\"@type\":\"ImageObject\",\"inLanguage\":\"pt-BR\",\"@id\":\"https:\/\/franciscanos.org.br\/noticias\/centenario-franciscano-promover-eventos-e-encontros-para-valorizar-o-nosso-carisma.html#primaryimage\",\"url\":\"https:\/\/franciscanos.org.br\/noticias\/wp-content\/uploads\/2022\/11\/francisco_25.jpg\",\"contentUrl\":\"https:\/\/franciscanos.org.br\/noticias\/wp-content\/uploads\/2022\/11\/francisco_25.jpg\",\"width\":1080,\"height\":859},{\"@type\":\"WebPage\",\"@id\":\"https:\/\/franciscanos.org.br\/noticias\/centenario-franciscano-promover-eventos-e-encontros-para-valorizar-o-nosso-carisma.html#webpage\",\"url\":\"https:\/\/franciscanos.org.br\/noticias\/centenario-franciscano-promover-eventos-e-encontros-para-valorizar-o-nosso-carisma.html\",\"name\":\"Centen\u00e1rio Franciscano: promover eventos e encontros para valorizar o nosso carisma - Not\u00edcias - Franciscanos\",\"isPartOf\":{\"@id\":\"https:\/\/franciscanos.org.br\/noticias\/#website\"},\"primaryImageOfPage\":{\"@id\":\"https:\/\/franciscanos.org.br\/noticias\/centenario-franciscano-promover-eventos-e-encontros-para-valorizar-o-nosso-carisma.html#primaryimage\"},\"datePublished\":\"2022-11-25T13:07:36+00:00\",\"dateModified\":\"2022-11-25T13:19:05+00:00\",\"author\":{\"@id\":\"https:\/\/franciscanos.org.br\/noticias\/#\/schema\/person\/b5c8cba458c330ccff548b056e95a5d4\"},\"breadcrumb\":{\"@id\":\"https:\/\/franciscanos.org.br\/noticias\/centenario-franciscano-promover-eventos-e-encontros-para-valorizar-o-nosso-carisma.html#breadcrumb\"},\"inLanguage\":\"pt-BR\",\"potentialAction\":[{\"@type\":\"ReadAction\",\"target\":[\"https:\/\/franciscanos.org.br\/noticias\/centenario-franciscano-promover-eventos-e-encontros-para-valorizar-o-nosso-carisma.html\"]}]},{\"@type\":\"BreadcrumbList\",\"@id\":\"https:\/\/franciscanos.org.br\/noticias\/centenario-franciscano-promover-eventos-e-encontros-para-valorizar-o-nosso-carisma.html#breadcrumb\",\"itemListElement\":[{\"@type\":\"ListItem\",\"position\":1,\"name\":\"Home\",\"item\":\"https:\/\/franciscanos.org.br\/noticias\"},{\"@type\":\"ListItem\",\"position\":2,\"name\":\"Centen\u00e1rio Franciscano: promover eventos e encontros para valorizar o nosso carisma\"}]},{\"@type\":\"Person\",\"@id\":\"https:\/\/franciscanos.org.br\/noticias\/#\/schema\/person\/b5c8cba458c330ccff548b056e95a5d4\",\"name\":\"moacir\",\"image\":{\"@type\":\"ImageObject\",\"inLanguage\":\"pt-BR\",\"@id\":\"https:\/\/franciscanos.org.br\/noticias\/#\/schema\/person\/image\/\",\"url\":\"https:\/\/secure.gravatar.com\/avatar\/d08aa2ce4c8dd416d4479aa8536fcf64?s=96&d=mm&r=g\",\"contentUrl\":\"https:\/\/secure.gravatar.com\/avatar\/d08aa2ce4c8dd416d4479aa8536fcf64?s=96&d=mm&r=g\",\"caption\":\"moacir\"},\"url\":\"https:\/\/franciscanos.org.br\/noticias\/author\/moacir\"}]}<\/script>\n<!-- \/ Yoast SEO plugin. -->","yoast_head_json":{"title":"Centen\u00e1rio Franciscano: promover eventos e encontros para valorizar o nosso carisma - Not\u00edcias - Franciscanos","robots":{"index":"index","follow":"follow","max-snippet":"max-snippet:-1","max-image-preview":"max-image-preview:large","max-video-preview":"max-video-preview:-1"},"canonical":"https:\/\/franciscanos.org.br\/noticias\/centenario-franciscano-promover-eventos-e-encontros-para-valorizar-o-nosso-carisma.html","og_locale":"pt_BR","og_type":"article","og_title":"Centen\u00e1rio Franciscano: promover eventos e encontros para valorizar o nosso carisma - Not\u00edcias - Franciscanos","og_description":"Centen\u00e1rio Franciscano","og_url":"https:\/\/franciscanos.org.br\/noticias\/centenario-franciscano-promover-eventos-e-encontros-para-valorizar-o-nosso-carisma.html","og_site_name":"Not\u00edcias - Franciscanos","article_published_time":"2022-11-25T13:07:36+00:00","article_modified_time":"2022-11-25T13:19:05+00:00","og_image":[{"width":1080,"height":859,"url":"https:\/\/franciscanos.org.br\/noticias\/wp-content\/uploads\/2022\/11\/francisco_25.jpg","type":"image\/jpeg"}],"author":"moacir","twitter_card":"summary_large_image","twitter_misc":{"Escrito por":"moacir","Est. tempo de leitura":"3 minutos"},"schema":{"@context":"https:\/\/schema.org","@graph":[{"@type":"WebSite","@id":"https:\/\/franciscanos.org.br\/noticias\/#website","url":"https:\/\/franciscanos.org.br\/noticias\/","name":"Not\u00edcias - Franciscanos","description":"Prov\u00edncia Franciscana da Imaculada Concei\u00e7\u00e3o do Brasil - Ordem dos Frades Menores - OFM","potentialAction":[{"@type":"SearchAction","target":{"@type":"EntryPoint","urlTemplate":"https:\/\/franciscanos.org.br\/noticias\/?s={search_term_string}"},"query-input":"required name=search_term_string"}],"inLanguage":"pt-BR"},{"@type":"ImageObject","inLanguage":"pt-BR","@id":"https:\/\/franciscanos.org.br\/noticias\/centenario-franciscano-promover-eventos-e-encontros-para-valorizar-o-nosso-carisma.html#primaryimage","url":"https:\/\/franciscanos.org.br\/noticias\/wp-content\/uploads\/2022\/11\/francisco_25.jpg","contentUrl":"https:\/\/franciscanos.org.br\/noticias\/wp-content\/uploads\/2022\/11\/francisco_25.jpg","width":1080,"height":859},{"@type":"WebPage","@id":"https:\/\/franciscanos.org.br\/noticias\/centenario-franciscano-promover-eventos-e-encontros-para-valorizar-o-nosso-carisma.html#webpage","url":"https:\/\/franciscanos.org.br\/noticias\/centenario-franciscano-promover-eventos-e-encontros-para-valorizar-o-nosso-carisma.html","name":"Centen\u00e1rio Franciscano: promover eventos e encontros para valorizar o nosso carisma - Not\u00edcias - Franciscanos","isPartOf":{"@id":"https:\/\/franciscanos.org.br\/noticias\/#website"},"primaryImageOfPage":{"@id":"https:\/\/franciscanos.org.br\/noticias\/centenario-franciscano-promover-eventos-e-encontros-para-valorizar-o-nosso-carisma.html#primaryimage"},"datePublished":"2022-11-25T13:07:36+00:00","dateModified":"2022-11-25T13:19:05+00:00","author":{"@id":"https:\/\/franciscanos.org.br\/noticias\/#\/schema\/person\/b5c8cba458c330ccff548b056e95a5d4"},"breadcrumb":{"@id":"https:\/\/franciscanos.org.br\/noticias\/centenario-franciscano-promover-eventos-e-encontros-para-valorizar-o-nosso-carisma.html#breadcrumb"},"inLanguage":"pt-BR","potentialAction":[{"@type":"ReadAction","target":["https:\/\/franciscanos.org.br\/noticias\/centenario-franciscano-promover-eventos-e-encontros-para-valorizar-o-nosso-carisma.html"]}]},{"@type":"BreadcrumbList","@id":"https:\/\/franciscanos.org.br\/noticias\/centenario-franciscano-promover-eventos-e-encontros-para-valorizar-o-nosso-carisma.html#breadcrumb","itemListElement":[{"@type":"ListItem","position":1,"name":"Home","item":"https:\/\/franciscanos.org.br\/noticias"},{"@type":"ListItem","position":2,"name":"Centen\u00e1rio Franciscano: promover eventos e encontros para valorizar o nosso carisma"}]},{"@type":"Person","@id":"https:\/\/franciscanos.org.br\/noticias\/#\/schema\/person\/b5c8cba458c330ccff548b056e95a5d4","name":"moacir","image":{"@type":"ImageObject","inLanguage":"pt-BR","@id":"https:\/\/franciscanos.org.br\/noticias\/#\/schema\/person\/image\/","url":"https:\/\/secure.gravatar.com\/avatar\/d08aa2ce4c8dd416d4479aa8536fcf64?s=96&d=mm&r=g","contentUrl":"https:\/\/secure.gravatar.com\/avatar\/d08aa2ce4c8dd416d4479aa8536fcf64?s=96&d=mm&r=g","caption":"moacir"},"url":"https:\/\/franciscanos.org.br\/noticias\/author\/moacir"}]}},"_links":{"self":[{"href":"https:\/\/franciscanos.org.br\/noticias\/wp-json\/wp\/v2\/posts\/241008"}],"collection":[{"href":"https:\/\/franciscanos.org.br\/noticias\/wp-json\/wp\/v2\/posts"}],"about":[{"href":"https:\/\/franciscanos.org.br\/noticias\/wp-json\/wp\/v2\/types\/post"}],"author":[{"embeddable":true,"href":"https:\/\/franciscanos.org.br\/noticias\/wp-json\/wp\/v2\/users\/3"}],"replies":[{"embeddable":true,"href":"https:\/\/franciscanos.org.br\/noticias\/wp-json\/wp\/v2\/comments?post=241008"}],"version-history":[{"count":3,"href":"https:\/\/franciscanos.org.br\/noticias\/wp-json\/wp\/v2\/posts\/241008\/revisions"}],"predecessor-version":[{"id":241012,"href":"https:\/\/franciscanos.org.br\/noticias\/wp-json\/wp\/v2\/posts\/241008\/revisions\/241012"}],"wp:featuredmedia":[{"embeddable":true,"href":"https:\/\/franciscanos.org.br\/noticias\/wp-json\/wp\/v2\/media\/241009"}],"wp:attachment":[{"href":"https:\/\/franciscanos.org.br\/noticias\/wp-json\/wp\/v2\/media?parent=241008"}],"wp:term":[{"taxonomy":"category","embeddable":true,"href":"https:\/\/franciscanos.org.br\/noticias\/wp-json\/wp\/v2\/categories?post=241008"},{"taxonomy":"post_tag","embeddable":true,"href":"https:\/\/franciscanos.org.br\/noticias\/wp-json\/wp\/v2\/tags?post=241008"}],"curies":[{"name":"wp","href":"https:\/\/api.w.org\/{rel}","templated":true}]}}