{"id":240989,"date":"2022-11-23T23:07:39","date_gmt":"2022-11-24T02:07:39","guid":{"rendered":"https:\/\/franciscanos.org.br\/noticias\/?p=240989"},"modified":"2022-12-31T17:23:03","modified_gmt":"2022-12-31T20:23:03","slug":"conexao-fraterna-aplicativo-dos-jovens-franciscanos-da-provincia-e-premiado-como-o-melhor-do-ano-pela-cnbb","status":"publish","type":"post","link":"https:\/\/franciscanos.org.br\/noticias\/conexao-fraterna-aplicativo-dos-jovens-franciscanos-da-provincia-e-premiado-como-o-melhor-do-ano-pela-cnbb.html","title":{"rendered":"\u201cConex\u00e3o Fraterna\u201d, aplicativo dos jovens franciscanos da Prov\u00edncia, \u00e9 premiado como o melhor do ano pela CNBB"},"content":{"rendered":"<p style=\"font-weight: 400;\"><img loading=\"lazy\" class=\"alignnone wp-image-240990 size-full\" src=\"https:\/\/franciscanos.org.br\/noticias\/wp-content\/uploads\/2022\/11\/premios_231122_1.jpg\" alt=\"\" width=\"1280\" height=\"750\" srcset=\"https:\/\/franciscanos.org.br\/noticias\/wp-content\/uploads\/2022\/11\/premios_231122_1.jpg 1280w, https:\/\/franciscanos.org.br\/noticias\/wp-content\/uploads\/2022\/11\/premios_231122_1-450x264.jpg 450w, https:\/\/franciscanos.org.br\/noticias\/wp-content\/uploads\/2022\/11\/premios_231122_1-1024x600.jpg 1024w, https:\/\/franciscanos.org.br\/noticias\/wp-content\/uploads\/2022\/11\/premios_231122_1-768x450.jpg 768w, https:\/\/franciscanos.org.br\/noticias\/wp-content\/uploads\/2022\/11\/premios_231122_1-150x88.jpg 150w\" sizes=\"(max-width: 1280px) 100vw, 1280px\" \/><\/p>\n<p style=\"font-weight: 400;\"><strong>Curitiba (PR) \u2013<\/strong> O projeto do \u201cConex\u00e3o Fraterna\u201d dos jovens franciscanos da Prov\u00edncia da Imaculada Concei\u00e7\u00e3o do Brasil levou o pr\u00eamio de Melhor Aplicativo para a internet na 54\u00aa edi\u00e7\u00e3o dos Pr\u00eamios de Comunica\u00e7\u00e3o da Confer\u00eancia Nacional dos Bispos do Brasil (CNBB). O an\u00fancio foi feito nesta quarta-feira (23\/11), \u00e0s 21 horas. Com produ\u00e7\u00e3o da CNBB e da TV Evangelizar, pela primeira vez a solenidade ocorreu de forma h\u00edbrida \u2013 os finalistas participaram de maneira remota e os ganhadores, presencialmente, diretamente dos est\u00fadios da TV Evangelizar, em Curitiba (PR).<\/p>\n<p style=\"font-weight: 400;\">Frei Augusto Luiz Gabriel, criador do aplicativo \u201cConex\u00e3o Fraterna\u201d, contou que a not\u00edcia foi celebrada por toda equipe com muita alegria e gratid\u00e3o. O frade representou a equipe em Curitiba e, ao ser chamado ao palco pelo jornalista Guilherme Machado, para receber o trof\u00e9u Dom Luciano Mendes Almeida, categoria internet, traduziu em palavras o sentimento de in\u00fameros jovens que fizeram o projeto do \u201cConex\u00e3o\u201d ser consagrado como o melhor aplicativo do ano de 2021-2022.<\/p>\n<p style=\"font-weight: 400;\">\u201cQue alegria, que emo\u00e7\u00e3o estar aqui! Por v\u00e1rios anos \u2018batemos na trave\u2019, mas hoje estamos aqui testemunhando este dia muito emocionante\u201d, comemorou Frei Augusto. \u201cQuero agradecer a Deus, a CNBB e toda equipe dos Pr\u00eamios de Comunica\u00e7\u00e3o por oportunizar este pr\u00eamio, por acreditar e incentivar nosso trabalho. Agrade\u00e7o tamb\u00e9m a meus confrades da Prov\u00edncia da Imaculada, da qual sou frade franciscano, pelo incentivo e confian\u00e7a. Aqui comigo trago alguns confrades que est\u00e3o testemunhando este dia que \u00e9 hist\u00f3rico. E especialmente manifesto minha gratid\u00e3o ao time do \u2018Conex\u00e3o Fraterna\u2019, projeto feito de forma totalmente volunt\u00e1ria e cuja miss\u00e3o \u00e9 aproximar os jovens do carisma e da espiritualidade franciscana. N\u00f3s ganhamos este pr\u00eamio, mas este pr\u00eamio n\u00e3o \u00e9 nosso. \u00c9 de todos os jovens que fazem que com que o nosso projeto aconte\u00e7a. Muito obrigado. Paz e Bem\u201d, disse o frade emocionado.<\/p>\n<p style=\"font-weight: 400;\"><img loading=\"lazy\" class=\"alignnone wp-image-240994 size-full\" src=\"https:\/\/franciscanos.org.br\/noticias\/wp-content\/uploads\/2022\/11\/premios_231122_5.jpg\" alt=\"\" width=\"1280\" height=\"750\" srcset=\"https:\/\/franciscanos.org.br\/noticias\/wp-content\/uploads\/2022\/11\/premios_231122_5.jpg 1280w, https:\/\/franciscanos.org.br\/noticias\/wp-content\/uploads\/2022\/11\/premios_231122_5-450x264.jpg 450w, https:\/\/franciscanos.org.br\/noticias\/wp-content\/uploads\/2022\/11\/premios_231122_5-1024x600.jpg 1024w, https:\/\/franciscanos.org.br\/noticias\/wp-content\/uploads\/2022\/11\/premios_231122_5-768x450.jpg 768w, https:\/\/franciscanos.org.br\/noticias\/wp-content\/uploads\/2022\/11\/premios_231122_5-150x88.jpg 150w\" sizes=\"(max-width: 1280px) 100vw, 1280px\" \/><\/p>\n<p style=\"font-weight: 400;\">Segundo Frei Augusto, entre os demais finalistas se destacaram ainda trabalhos de grande import\u00e2ncia para toda a Igreja do Brasil. \u201cA evangeliza\u00e7\u00e3o pela internet, sem d\u00favida, teve importante papel durante o per\u00edodo da pandemia e veio para ficar. Isso se comprova pelos milhares de trabalhos inscritos na 54\u00aa edi\u00e7\u00e3o dos Pr\u00eamios de Comunica\u00e7\u00e3o da CNBB\u201d, explicou.<\/p>\n<p style=\"font-weight: 400;\">Em cada categoria, uma equipe de profissionais espalhados pelo Brasil inteiro escolheu tr\u00eas trabalhos de cada ramo comunicacional. Na categoria Dom Luciano, que avaliou o trabalho do \u2018Conex\u00e3o Fraterna\u2019, os professores de comunica\u00e7\u00e3o da PUC-Salvador formaram o j\u00fari t\u00e9cnico e cinco bispos da CNBB compuseram a equipe do j\u00fari pastoral.<\/p>\n<p style=\"font-weight: 400;\">Pelo segundo ano consecutivo, o Instituto dos Meninos Cantores de Petr\u00f3polis, com o Coral dos Canarinhos, foi um dos finalistas. Em 2021, concorreu tamb\u00e9m na categoria Dom Luciano Mendes de Almeida, com o Especial de 78 anos do Coral dos Canarinhos. J\u00e1 em 2022, o curta-metragem \u201cCanarinhos de Petr\u00f3polis \u2013 Tradi\u00e7\u00e3o e Contemporaneidade\u201d, foi um dos finalistas na categoria \u201cCinema \u2013 Margarida de Prata\u201d. No entanto, n\u00e3o ganhou o pr\u00eamio.<\/p>\n<p style=\"font-weight: 400;\"><img loading=\"lazy\" class=\"alignnone wp-image-240993 size-full\" src=\"https:\/\/franciscanos.org.br\/noticias\/wp-content\/uploads\/2022\/11\/premios_231122_4.jpg\" alt=\"\" width=\"1280\" height=\"750\" srcset=\"https:\/\/franciscanos.org.br\/noticias\/wp-content\/uploads\/2022\/11\/premios_231122_4.jpg 1280w, https:\/\/franciscanos.org.br\/noticias\/wp-content\/uploads\/2022\/11\/premios_231122_4-450x264.jpg 450w, https:\/\/franciscanos.org.br\/noticias\/wp-content\/uploads\/2022\/11\/premios_231122_4-1024x600.jpg 1024w, https:\/\/franciscanos.org.br\/noticias\/wp-content\/uploads\/2022\/11\/premios_231122_4-768x450.jpg 768w, https:\/\/franciscanos.org.br\/noticias\/wp-content\/uploads\/2022\/11\/premios_231122_4-150x88.jpg 150w\" sizes=\"(max-width: 1280px) 100vw, 1280px\" \/><\/p>\n<p style=\"font-weight: 400;\">A categoria Dom Luciano, que premia trabalhos na internet, aproveitou o momento para exibir cenas que viralizaram na internet durante a pandemia e divertiram n\u00e3o s\u00f3 os fi\u00e9is cat\u00f3licos, mas o p\u00fablico de forma geral, como aconteceu com um padre que estava rezando e deixou um filtro ativado no Instagram.<\/p>\n<p style=\"font-weight: 400;\">Foi uma noite especial em que a Igreja do Brasil homenageou a comunica\u00e7\u00e3o e a cultura do Brasil. Mais ainda pelo fato que, depois de dois anos de pandemia, o evento voltou a ser presencial e contou com \u00a0plateia e Dom Edilson Soares Nobre, bispo da Diocese de Oeiras (PI) e membro da Comiss\u00e3o Episcopal Pastoral para a Comunica\u00e7\u00e3o da CNBB, Dom Jos\u00e9 Ant\u00f4nio Perruzo, Arcebispo de Curitiba, Rafael Alberto Alves, coordenador dos Pr\u00eamios de Comunica\u00e7\u00e3o da CNBB e os ganhadores de cada categoria.<\/p>\n<p style=\"font-weight: 400;\"><strong>QUEM N\u00c3O SE COMUNICA N\u00c3O EVANGELIZA<\/strong><\/p>\n<p style=\"font-weight: 400;\">Logo no in\u00edcio da premia\u00e7\u00e3o, os participantes acompanharam a Mensagem de Dom Walmor Oliveira de Azevedo, Arcebispo de Belo Horizonte (BH) e presidente da CNBB. \u201cA CNBB, celebrando 70 anos de servi\u00e7o ao povo de Deus, reconhece a import\u00e2ncia da comunica\u00e7\u00e3o cat\u00f3lica. Nossa Confer\u00eancia Episcopal investe para que o estrat\u00e9gico campo da comunica\u00e7\u00e3o seja sempre e cada vez mais instrumento de transforma\u00e7\u00e3o do mundo ao sabor do Evangelho\u201d, disse.<\/p>\n<p style=\"font-weight: 400;\"><img loading=\"lazy\" class=\"alignnone wp-image-240992 size-full\" src=\"https:\/\/franciscanos.org.br\/noticias\/wp-content\/uploads\/2022\/11\/premios_231122_3.jpg\" alt=\"\" width=\"1280\" height=\"750\" srcset=\"https:\/\/franciscanos.org.br\/noticias\/wp-content\/uploads\/2022\/11\/premios_231122_3.jpg 1280w, https:\/\/franciscanos.org.br\/noticias\/wp-content\/uploads\/2022\/11\/premios_231122_3-450x264.jpg 450w, https:\/\/franciscanos.org.br\/noticias\/wp-content\/uploads\/2022\/11\/premios_231122_3-1024x600.jpg 1024w, https:\/\/franciscanos.org.br\/noticias\/wp-content\/uploads\/2022\/11\/premios_231122_3-768x450.jpg 768w, https:\/\/franciscanos.org.br\/noticias\/wp-content\/uploads\/2022\/11\/premios_231122_3-150x88.jpg 150w\" sizes=\"(max-width: 1280px) 100vw, 1280px\" \/><\/p>\n<p style=\"font-weight: 400;\">\u201c\u00c9 por isso mesmo que a CNBB h\u00e1 54 anos reconhece o brilhantismo de profissionais que criativamente sensibilizam cora\u00e7\u00f5es com seus trabalhos, despertando olhares para realidades desconhecidas, cultivando uma sensibilidade muito necess\u00e1ria, para que cada vez mais pessoas promovam o bem e a paz. Nesses 54 anos de hist\u00f3ria, muitas iniciativas foram agraciadas com os Pr\u00eamios de Comunica\u00e7\u00e3o da CNBB. Tantos outros projetos especiais, mesmo que n\u00e3o receberam premia\u00e7\u00e3o, merecem o reconhecimento de todos\u201d, ressaltou e agradeceu a cada profissional que comunica com o cora\u00e7\u00e3o, semeando a esperan\u00e7a. \u201cCom a intercess\u00e3o de Nossa Senhora Aparecida, Rainha e Padroeira do Brasil, Deus aben\u00e7oe a todos os comunicadores\u201d, acrescentou<\/p>\n<p style=\"font-weight: 400;\">Dom Perruzo, tomando a palavra, tamb\u00e9m discorreu sobre a import\u00e2ncia dos Pr\u00eamios de Comunica\u00e7\u00e3o. Segundo ele, a grande miss\u00e3o da Igreja \u00e9 comunicar. \u201cN\u00e3o para propagandear Jesus, mas para anunciar a sua pessoa, a sua palavra e a sua mensagem. Ent\u00e3o, recordo do que escreveram os evangelistas. A palavra evangelho significa Boa-Not\u00edcia. E os evangelhos s\u00e3o, de maneira muito singela, origin\u00e1ria e criativa, um ato comunicativo assinado com a experiencia a cerca da pessoa de jesus. O que significa para n\u00f3s \u00e9 que sen\u00e3o cuidarmos da comunica\u00e7\u00e3o e de uma boa comunica\u00e7\u00e3o, jamais seremos bons evangelizadores\u201d, ensinou.<\/p>\n<div id=\"attachment_240991\" style=\"width: 1290px\" class=\"wp-caption alignnone\"><img aria-describedby=\"caption-attachment-240991\" loading=\"lazy\" class=\"wp-image-240991 size-full\" src=\"https:\/\/franciscanos.org.br\/noticias\/wp-content\/uploads\/2022\/11\/premios_231122_2.jpg\" alt=\"\" width=\"1280\" height=\"750\" srcset=\"https:\/\/franciscanos.org.br\/noticias\/wp-content\/uploads\/2022\/11\/premios_231122_2.jpg 1280w, https:\/\/franciscanos.org.br\/noticias\/wp-content\/uploads\/2022\/11\/premios_231122_2-450x264.jpg 450w, https:\/\/franciscanos.org.br\/noticias\/wp-content\/uploads\/2022\/11\/premios_231122_2-1024x600.jpg 1024w, https:\/\/franciscanos.org.br\/noticias\/wp-content\/uploads\/2022\/11\/premios_231122_2-768x450.jpg 768w, https:\/\/franciscanos.org.br\/noticias\/wp-content\/uploads\/2022\/11\/premios_231122_2-150x88.jpg 150w\" sizes=\"(max-width: 1280px) 100vw, 1280px\" \/><p id=\"caption-attachment-240991\" class=\"wp-caption-text\"><em>Da esq. para dir.: Frei Roger Strapazzon, Frei Augusto Gabriel, Frei Caio Santos da Silva e Frei Leandro Ferreira Silva<\/em><\/p><\/div>\n<p><span style=\"font-size: 16px;\">O Arcebispo de Curitiba recordou que desde garoto ouvia falar dos Pr\u00eamios da CNBB, que hoje premiam profissionais das \u00e1reas de cinema, televis\u00e3o, internet, imprensa, r\u00e1dio, Pesquisas Acad\u00eamicas e da Pastoral da Comunica\u00e7\u00e3o. \u201cQuem n\u00e3o se comunica n\u00e3o evangeliza e n\u00e3o compartilha. Ent\u00e3o, n\u00e3o \u00e9 apenas uma solenidade que reconhece m\u00e9ritos e virtudes e criatividades, tem de certa forma um sentido, linguagem t\u00e9cnica,\u00a0 viv\u00eancia comunicativa de experiencias buscadas, cultivadas, j\u00e1 conhecidas, mas tamb\u00e9m\u00a0 busca de renova\u00e7\u00e3o. Alegro-me, pois, tendo a CNBB vindo at\u00e9 Curitiba, para desde aqui fazer ecoar que a Igreja do Brasil acalenta grandes sonhos com os bons comunicadores, pois precisa deles para que o Evangelho seja som, imagem e voz que traduzam esperan\u00e7as e experi\u00eancias\u201d, frisou.<\/span><\/p>\n<p><strong>DOM PHILLIPS, JORNALISTA BRIT\u00c2NICO ASSASSINADO EM JUNHO DE 2022, \u00c9 HOMENAGEADO EM PREMIA\u00c7\u00c3O DA CNBB<\/strong><\/p>\n<p><img loading=\"lazy\" class=\"alignnone size-full wp-image-241005\" src=\"https:\/\/franciscanos.org.br\/noticias\/wp-content\/uploads\/2022\/11\/dom.jpeg\" alt=\"\" width=\"1280\" height=\"720\" srcset=\"https:\/\/franciscanos.org.br\/noticias\/wp-content\/uploads\/2022\/11\/dom.jpeg 1280w, https:\/\/franciscanos.org.br\/noticias\/wp-content\/uploads\/2022\/11\/dom-450x253.jpeg 450w, https:\/\/franciscanos.org.br\/noticias\/wp-content\/uploads\/2022\/11\/dom-1024x576.jpeg 1024w, https:\/\/franciscanos.org.br\/noticias\/wp-content\/uploads\/2022\/11\/dom-768x432.jpeg 768w, https:\/\/franciscanos.org.br\/noticias\/wp-content\/uploads\/2022\/11\/dom-150x84.jpeg 150w\" sizes=\"(max-width: 1280px) 100vw, 1280px\" \/><\/p>\n<p>Nesta edi\u00e7\u00e3o o contemplado com a men\u00e7\u00e3o honrosa no Pr\u00eamio Irm\u00e3 Dorothy Stang, que homenageia profissionais que se destacam ou se destacaram em sua atua\u00e7\u00e3o na comunica\u00e7\u00e3o, foi o jornalista brit\u00e2nico Dom Phillips, assassinado em junho de 2022, durante uma expedi\u00e7\u00e3o no Amazonas.<\/p>\n<p>O homenageado pela CNBB tamb\u00e9m deu a vida a favor dos povos que sobrevivem na Amaz\u00f4nia brasileira, assim como a irm\u00e3 Doroth Stang, mission\u00e1ria norte-americana, que foi assassinada em Anapu, no Par\u00e1, em 2005.<\/p>\n<p>\u201cDom era uma pessoa simples, gente como a gente\u201d, disse sua esposa Alessandra Sampaio, em um v\u00eddeo gravado especialmente para a ocasi\u00e3o.\u00a0A homenagem destacou que Dom Phillips apresentou ao mundo uma Amaz\u00f4nia desconhecida. Vivendo no Brasil h\u00e1 15 anos e apaixonado pelo bioma, ele trocou a cobertura no mundo da m\u00fasica para se dedicar ao socioambientalismo.<\/p>\n<p style=\"font-weight: 400;\"><strong>SOBRE O APLICATIVO DO CONEX\u00c3O FRATERNA<\/strong><\/p>\n<p style=\"font-weight: 400;\">Atrav\u00e9s de textos, v\u00eddeos e fotos, o objetivo do projeto \u201cConex\u00e3o Fraterna\u201d \u00e9 mostrar como o franciscanismo combina com uma juventude cada vez mais conectada. O aplicativo \u201cConex\u00e3o Fraterna\u201d nasceu com o intuito de ser mais um canal de interatividade com o p\u00fablico. Conta com conte\u00fado exclusivo para os que fizerem <em>download<\/em> do App na loja do Google Play ou no App Store. Os internautas podem acompanhar o \u201cConex\u00e3o Fraterna\u201d diretamente por l\u00e1 e at\u00e9 mesmo <em>offline.<\/em> Com uma apar\u00eancia <em>clean<\/em>, o App traz todas as colunas do blog e muito mais na palma de suas m\u00e3os.<\/p>\n<p>Frei Augusto Luiz Gabriel, natural de Xaxim (SC). graduado em Filosofia pela FAE &#8211; Centro Universit\u00e1rio de Curitiba (PR), atualmente concluindo o 4\u00ba ano de Teologia no Instituto Teol\u00f3gico Franciscano em Petr\u00f3polis (RJ), dedicou-se especialmente neste trabalho e colhe os frutos junto com a equipe. Ele ser\u00e1 ordenado di\u00e1cono no pr\u00f3ximo dia 17 de dezembro, na Igreja do Sagrado Cora\u00e7\u00e3o de Jesus de Petr\u00f3polis.<\/p>\n<p><img loading=\"lazy\" class=\"alignnone wp-image-241000 size-full\" src=\"https:\/\/franciscanos.org.br\/noticias\/wp-content\/uploads\/2022\/11\/premios_231122_6.jpg\" alt=\"\" width=\"1280\" height=\"750\" srcset=\"https:\/\/franciscanos.org.br\/noticias\/wp-content\/uploads\/2022\/11\/premios_231122_6.jpg 1280w, https:\/\/franciscanos.org.br\/noticias\/wp-content\/uploads\/2022\/11\/premios_231122_6-450x264.jpg 450w, https:\/\/franciscanos.org.br\/noticias\/wp-content\/uploads\/2022\/11\/premios_231122_6-1024x600.jpg 1024w, https:\/\/franciscanos.org.br\/noticias\/wp-content\/uploads\/2022\/11\/premios_231122_6-768x450.jpg 768w, https:\/\/franciscanos.org.br\/noticias\/wp-content\/uploads\/2022\/11\/premios_231122_6-150x88.jpg 150w\" sizes=\"(max-width: 1280px) 100vw, 1280px\" \/><\/p>\n<hr \/>\n<p><em>\u00a0Roger Strapazzon (fotos) e Comunica\u00e7\u00e3o da Prov\u00edncia da Imaculada<\/em><\/p>\n","protected":false},"excerpt":{"rendered":"<p>54\u00aa edi\u00e7\u00e3o dos Pr\u00eamios de Comunica\u00e7\u00e3o da CNBB<\/p>\n","protected":false},"author":5,"featured_media":240990,"comment_status":"open","ping_status":"open","sticky":false,"template":"","format":"standard","meta":[],"categories":[1],"tags":[1378,29,1461,716],"acf":[],"yoast_head":"<!-- This site is optimized with the Yoast SEO plugin v19.2 - https:\/\/yoast.com\/wordpress\/plugins\/seo\/ -->\n<title>\u201cConex\u00e3o Fraterna\u201d, aplicativo dos jovens franciscanos da Prov\u00edncia, \u00e9 premiado como o melhor do ano pela CNBB - Not\u00edcias - Franciscanos<\/title>\n<meta name=\"robots\" content=\"index, follow, max-snippet:-1, max-image-preview:large, max-video-preview:-1\" \/>\n<link rel=\"canonical\" href=\"https:\/\/franciscanos.org.br\/noticias\/conexao-fraterna-aplicativo-dos-jovens-franciscanos-da-provincia-e-premiado-como-o-melhor-do-ano-pela-cnbb.html\" \/>\n<meta property=\"og:locale\" content=\"pt_BR\" \/>\n<meta property=\"og:type\" content=\"article\" \/>\n<meta property=\"og:title\" content=\"\u201cConex\u00e3o Fraterna\u201d, aplicativo dos jovens franciscanos da Prov\u00edncia, \u00e9 premiado como o melhor do ano pela CNBB - Not\u00edcias - Franciscanos\" \/>\n<meta property=\"og:description\" content=\"54\u00aa edi\u00e7\u00e3o dos Pr\u00eamios de Comunica\u00e7\u00e3o da CNBB\" \/>\n<meta property=\"og:url\" content=\"https:\/\/franciscanos.org.br\/noticias\/conexao-fraterna-aplicativo-dos-jovens-franciscanos-da-provincia-e-premiado-como-o-melhor-do-ano-pela-cnbb.html\" \/>\n<meta property=\"og:site_name\" content=\"Not\u00edcias - Franciscanos\" \/>\n<meta property=\"article:published_time\" content=\"2022-11-24T02:07:39+00:00\" \/>\n<meta property=\"article:modified_time\" content=\"2022-12-31T20:23:03+00:00\" \/>\n<meta property=\"og:image\" content=\"https:\/\/franciscanos.org.br\/noticias\/wp-content\/uploads\/2022\/11\/premios_231122_1.jpg\" \/>\n\t<meta property=\"og:image:width\" content=\"1280\" \/>\n\t<meta property=\"og:image:height\" content=\"750\" \/>\n\t<meta property=\"og:image:type\" content=\"image\/jpeg\" \/>\n<meta name=\"author\" content=\"freiaugusto\" \/>\n<meta name=\"twitter:card\" content=\"summary_large_image\" \/>\n<meta name=\"twitter:label1\" content=\"Escrito por\" \/>\n\t<meta name=\"twitter:data1\" content=\"freiaugusto\" \/>\n\t<meta name=\"twitter:label2\" content=\"Est. tempo de leitura\" \/>\n\t<meta name=\"twitter:data2\" content=\"8 minutos\" \/>\n<script type=\"application\/ld+json\" class=\"yoast-schema-graph\">{\"@context\":\"https:\/\/schema.org\",\"@graph\":[{\"@type\":\"WebSite\",\"@id\":\"https:\/\/franciscanos.org.br\/noticias\/#website\",\"url\":\"https:\/\/franciscanos.org.br\/noticias\/\",\"name\":\"Not\u00edcias - Franciscanos\",\"description\":\"Prov\u00edncia Franciscana da Imaculada Concei\u00e7\u00e3o do Brasil - Ordem dos Frades Menores - OFM\",\"potentialAction\":[{\"@type\":\"SearchAction\",\"target\":{\"@type\":\"EntryPoint\",\"urlTemplate\":\"https:\/\/franciscanos.org.br\/noticias\/?s={search_term_string}\"},\"query-input\":\"required name=search_term_string\"}],\"inLanguage\":\"pt-BR\"},{\"@type\":\"ImageObject\",\"inLanguage\":\"pt-BR\",\"@id\":\"https:\/\/franciscanos.org.br\/noticias\/conexao-fraterna-aplicativo-dos-jovens-franciscanos-da-provincia-e-premiado-como-o-melhor-do-ano-pela-cnbb.html#primaryimage\",\"url\":\"https:\/\/franciscanos.org.br\/noticias\/wp-content\/uploads\/2022\/11\/premios_231122_1.jpg\",\"contentUrl\":\"https:\/\/franciscanos.org.br\/noticias\/wp-content\/uploads\/2022\/11\/premios_231122_1.jpg\",\"width\":1280,\"height\":750},{\"@type\":\"WebPage\",\"@id\":\"https:\/\/franciscanos.org.br\/noticias\/conexao-fraterna-aplicativo-dos-jovens-franciscanos-da-provincia-e-premiado-como-o-melhor-do-ano-pela-cnbb.html#webpage\",\"url\":\"https:\/\/franciscanos.org.br\/noticias\/conexao-fraterna-aplicativo-dos-jovens-franciscanos-da-provincia-e-premiado-como-o-melhor-do-ano-pela-cnbb.html\",\"name\":\"\u201cConex\u00e3o Fraterna\u201d, aplicativo dos jovens franciscanos da Prov\u00edncia, \u00e9 premiado como o melhor do ano pela CNBB - Not\u00edcias - Franciscanos\",\"isPartOf\":{\"@id\":\"https:\/\/franciscanos.org.br\/noticias\/#website\"},\"primaryImageOfPage\":{\"@id\":\"https:\/\/franciscanos.org.br\/noticias\/conexao-fraterna-aplicativo-dos-jovens-franciscanos-da-provincia-e-premiado-como-o-melhor-do-ano-pela-cnbb.html#primaryimage\"},\"datePublished\":\"2022-11-24T02:07:39+00:00\",\"dateModified\":\"2022-12-31T20:23:03+00:00\",\"author\":{\"@id\":\"https:\/\/franciscanos.org.br\/noticias\/#\/schema\/person\/37f88f0d111cd5358b12a6556a99eb91\"},\"breadcrumb\":{\"@id\":\"https:\/\/franciscanos.org.br\/noticias\/conexao-fraterna-aplicativo-dos-jovens-franciscanos-da-provincia-e-premiado-como-o-melhor-do-ano-pela-cnbb.html#breadcrumb\"},\"inLanguage\":\"pt-BR\",\"potentialAction\":[{\"@type\":\"ReadAction\",\"target\":[\"https:\/\/franciscanos.org.br\/noticias\/conexao-fraterna-aplicativo-dos-jovens-franciscanos-da-provincia-e-premiado-como-o-melhor-do-ano-pela-cnbb.html\"]}]},{\"@type\":\"BreadcrumbList\",\"@id\":\"https:\/\/franciscanos.org.br\/noticias\/conexao-fraterna-aplicativo-dos-jovens-franciscanos-da-provincia-e-premiado-como-o-melhor-do-ano-pela-cnbb.html#breadcrumb\",\"itemListElement\":[{\"@type\":\"ListItem\",\"position\":1,\"name\":\"Home\",\"item\":\"https:\/\/franciscanos.org.br\/noticias\"},{\"@type\":\"ListItem\",\"position\":2,\"name\":\"\u201cConex\u00e3o Fraterna\u201d, aplicativo dos jovens franciscanos da Prov\u00edncia, \u00e9 premiado como o melhor do ano pela CNBB\"}]},{\"@type\":\"Person\",\"@id\":\"https:\/\/franciscanos.org.br\/noticias\/#\/schema\/person\/37f88f0d111cd5358b12a6556a99eb91\",\"name\":\"freiaugusto\",\"image\":{\"@type\":\"ImageObject\",\"inLanguage\":\"pt-BR\",\"@id\":\"https:\/\/franciscanos.org.br\/noticias\/#\/schema\/person\/image\/\",\"url\":\"https:\/\/secure.gravatar.com\/avatar\/9840b940e621801b24f3e6b059efb4b7?s=96&d=mm&r=g\",\"contentUrl\":\"https:\/\/secure.gravatar.com\/avatar\/9840b940e621801b24f3e6b059efb4b7?s=96&d=mm&r=g\",\"caption\":\"freiaugusto\"},\"url\":\"https:\/\/franciscanos.org.br\/noticias\/author\/freiaugusto\"}]}<\/script>\n<!-- \/ Yoast SEO plugin. -->","yoast_head_json":{"title":"\u201cConex\u00e3o Fraterna\u201d, aplicativo dos jovens franciscanos da Prov\u00edncia, \u00e9 premiado como o melhor do ano pela CNBB - Not\u00edcias - Franciscanos","robots":{"index":"index","follow":"follow","max-snippet":"max-snippet:-1","max-image-preview":"max-image-preview:large","max-video-preview":"max-video-preview:-1"},"canonical":"https:\/\/franciscanos.org.br\/noticias\/conexao-fraterna-aplicativo-dos-jovens-franciscanos-da-provincia-e-premiado-como-o-melhor-do-ano-pela-cnbb.html","og_locale":"pt_BR","og_type":"article","og_title":"\u201cConex\u00e3o Fraterna\u201d, aplicativo dos jovens franciscanos da Prov\u00edncia, \u00e9 premiado como o melhor do ano pela CNBB - Not\u00edcias - Franciscanos","og_description":"54\u00aa edi\u00e7\u00e3o dos Pr\u00eamios de Comunica\u00e7\u00e3o da CNBB","og_url":"https:\/\/franciscanos.org.br\/noticias\/conexao-fraterna-aplicativo-dos-jovens-franciscanos-da-provincia-e-premiado-como-o-melhor-do-ano-pela-cnbb.html","og_site_name":"Not\u00edcias - Franciscanos","article_published_time":"2022-11-24T02:07:39+00:00","article_modified_time":"2022-12-31T20:23:03+00:00","og_image":[{"width":1280,"height":750,"url":"https:\/\/franciscanos.org.br\/noticias\/wp-content\/uploads\/2022\/11\/premios_231122_1.jpg","type":"image\/jpeg"}],"author":"freiaugusto","twitter_card":"summary_large_image","twitter_misc":{"Escrito por":"freiaugusto","Est. tempo de leitura":"8 minutos"},"schema":{"@context":"https:\/\/schema.org","@graph":[{"@type":"WebSite","@id":"https:\/\/franciscanos.org.br\/noticias\/#website","url":"https:\/\/franciscanos.org.br\/noticias\/","name":"Not\u00edcias - Franciscanos","description":"Prov\u00edncia Franciscana da Imaculada Concei\u00e7\u00e3o do Brasil - Ordem dos Frades Menores - OFM","potentialAction":[{"@type":"SearchAction","target":{"@type":"EntryPoint","urlTemplate":"https:\/\/franciscanos.org.br\/noticias\/?s={search_term_string}"},"query-input":"required name=search_term_string"}],"inLanguage":"pt-BR"},{"@type":"ImageObject","inLanguage":"pt-BR","@id":"https:\/\/franciscanos.org.br\/noticias\/conexao-fraterna-aplicativo-dos-jovens-franciscanos-da-provincia-e-premiado-como-o-melhor-do-ano-pela-cnbb.html#primaryimage","url":"https:\/\/franciscanos.org.br\/noticias\/wp-content\/uploads\/2022\/11\/premios_231122_1.jpg","contentUrl":"https:\/\/franciscanos.org.br\/noticias\/wp-content\/uploads\/2022\/11\/premios_231122_1.jpg","width":1280,"height":750},{"@type":"WebPage","@id":"https:\/\/franciscanos.org.br\/noticias\/conexao-fraterna-aplicativo-dos-jovens-franciscanos-da-provincia-e-premiado-como-o-melhor-do-ano-pela-cnbb.html#webpage","url":"https:\/\/franciscanos.org.br\/noticias\/conexao-fraterna-aplicativo-dos-jovens-franciscanos-da-provincia-e-premiado-como-o-melhor-do-ano-pela-cnbb.html","name":"\u201cConex\u00e3o Fraterna\u201d, aplicativo dos jovens franciscanos da Prov\u00edncia, \u00e9 premiado como o melhor do ano pela CNBB - Not\u00edcias - Franciscanos","isPartOf":{"@id":"https:\/\/franciscanos.org.br\/noticias\/#website"},"primaryImageOfPage":{"@id":"https:\/\/franciscanos.org.br\/noticias\/conexao-fraterna-aplicativo-dos-jovens-franciscanos-da-provincia-e-premiado-como-o-melhor-do-ano-pela-cnbb.html#primaryimage"},"datePublished":"2022-11-24T02:07:39+00:00","dateModified":"2022-12-31T20:23:03+00:00","author":{"@id":"https:\/\/franciscanos.org.br\/noticias\/#\/schema\/person\/37f88f0d111cd5358b12a6556a99eb91"},"breadcrumb":{"@id":"https:\/\/franciscanos.org.br\/noticias\/conexao-fraterna-aplicativo-dos-jovens-franciscanos-da-provincia-e-premiado-como-o-melhor-do-ano-pela-cnbb.html#breadcrumb"},"inLanguage":"pt-BR","potentialAction":[{"@type":"ReadAction","target":["https:\/\/franciscanos.org.br\/noticias\/conexao-fraterna-aplicativo-dos-jovens-franciscanos-da-provincia-e-premiado-como-o-melhor-do-ano-pela-cnbb.html"]}]},{"@type":"BreadcrumbList","@id":"https:\/\/franciscanos.org.br\/noticias\/conexao-fraterna-aplicativo-dos-jovens-franciscanos-da-provincia-e-premiado-como-o-melhor-do-ano-pela-cnbb.html#breadcrumb","itemListElement":[{"@type":"ListItem","position":1,"name":"Home","item":"https:\/\/franciscanos.org.br\/noticias"},{"@type":"ListItem","position":2,"name":"\u201cConex\u00e3o Fraterna\u201d, aplicativo dos jovens franciscanos da Prov\u00edncia, \u00e9 premiado como o melhor do ano pela CNBB"}]},{"@type":"Person","@id":"https:\/\/franciscanos.org.br\/noticias\/#\/schema\/person\/37f88f0d111cd5358b12a6556a99eb91","name":"freiaugusto","image":{"@type":"ImageObject","inLanguage":"pt-BR","@id":"https:\/\/franciscanos.org.br\/noticias\/#\/schema\/person\/image\/","url":"https:\/\/secure.gravatar.com\/avatar\/9840b940e621801b24f3e6b059efb4b7?s=96&d=mm&r=g","contentUrl":"https:\/\/secure.gravatar.com\/avatar\/9840b940e621801b24f3e6b059efb4b7?s=96&d=mm&r=g","caption":"freiaugusto"},"url":"https:\/\/franciscanos.org.br\/noticias\/author\/freiaugusto"}]}},"_links":{"self":[{"href":"https:\/\/franciscanos.org.br\/noticias\/wp-json\/wp\/v2\/posts\/240989"}],"collection":[{"href":"https:\/\/franciscanos.org.br\/noticias\/wp-json\/wp\/v2\/posts"}],"about":[{"href":"https:\/\/franciscanos.org.br\/noticias\/wp-json\/wp\/v2\/types\/post"}],"author":[{"embeddable":true,"href":"https:\/\/franciscanos.org.br\/noticias\/wp-json\/wp\/v2\/users\/5"}],"replies":[{"embeddable":true,"href":"https:\/\/franciscanos.org.br\/noticias\/wp-json\/wp\/v2\/comments?post=240989"}],"version-history":[{"count":12,"href":"https:\/\/franciscanos.org.br\/noticias\/wp-json\/wp\/v2\/posts\/240989\/revisions"}],"predecessor-version":[{"id":241006,"href":"https:\/\/franciscanos.org.br\/noticias\/wp-json\/wp\/v2\/posts\/240989\/revisions\/241006"}],"wp:featuredmedia":[{"embeddable":true,"href":"https:\/\/franciscanos.org.br\/noticias\/wp-json\/wp\/v2\/media\/240990"}],"wp:attachment":[{"href":"https:\/\/franciscanos.org.br\/noticias\/wp-json\/wp\/v2\/media?parent=240989"}],"wp:term":[{"taxonomy":"category","embeddable":true,"href":"https:\/\/franciscanos.org.br\/noticias\/wp-json\/wp\/v2\/categories?post=240989"},{"taxonomy":"post_tag","embeddable":true,"href":"https:\/\/franciscanos.org.br\/noticias\/wp-json\/wp\/v2\/tags?post=240989"}],"curies":[{"name":"wp","href":"https:\/\/api.w.org\/{rel}","templated":true}]}}