{"id":240971,"date":"2022-11-23T06:52:23","date_gmt":"2022-11-23T09:52:23","guid":{"rendered":"https:\/\/franciscanos.org.br\/noticias\/?p=240971"},"modified":"2022-11-23T06:52:23","modified_gmt":"2022-11-23T09:52:23","slug":"papa-a-consolacao-de-deus-nos-da-paz-e-espontanea","status":"publish","type":"post","link":"https:\/\/franciscanos.org.br\/noticias\/papa-a-consolacao-de-deus-nos-da-paz-e-espontanea.html","title":{"rendered":"Papa: a consola\u00e7\u00e3o de Deus nos d\u00e1 paz, \u00e9 espont\u00e2nea"},"content":{"rendered":"<div id=\"attachment_240972\" style=\"width: 1510px\" class=\"wp-caption alignnone\"><img aria-describedby=\"caption-attachment-240972\" loading=\"lazy\" class=\"wp-image-240972 size-full\" src=\"https:\/\/franciscanos.org.br\/noticias\/wp-content\/uploads\/2022\/11\/audiencia_23.jpeg\" alt=\"\" width=\"1500\" height=\"844\" srcset=\"https:\/\/franciscanos.org.br\/noticias\/wp-content\/uploads\/2022\/11\/audiencia_23.jpeg 1500w, https:\/\/franciscanos.org.br\/noticias\/wp-content\/uploads\/2022\/11\/audiencia_23-450x253.jpeg 450w, https:\/\/franciscanos.org.br\/noticias\/wp-content\/uploads\/2022\/11\/audiencia_23-1024x576.jpeg 1024w, https:\/\/franciscanos.org.br\/noticias\/wp-content\/uploads\/2022\/11\/audiencia_23-768x432.jpeg 768w, https:\/\/franciscanos.org.br\/noticias\/wp-content\/uploads\/2022\/11\/audiencia_23-150x84.jpeg 150w\" sizes=\"(max-width: 1500px) 100vw, 1500px\" \/><p id=\"caption-attachment-240972\" class=\"wp-caption-text\">\u00a0 \u00a0 \u00a0 \u00a0 \u00a0 \u00a0 \u00a0 \u00a0 \u00a0 \u00a0 \u00a0 \u00a0 \u00a0 \u00a0 \u00a0 \u00a0 \u00a0 \u00a0 \u00a0 \u00a0 \u00a0 \u00a0 \u00a0 \u00a0 \u00a0 \u00a0 \u00a0 \u00a0 \u00a0 \u00a0 \u00a0 \u00a0 \u00a0 \u00a0 \u00a0 \u00a0 \u00a0 \u00a0 \u00a0 \u00a0 \u00a0 \u00a0 \u00a0 \u00a0 \u00a0 \u00a0 \u00a0 \u00a0 \u00a0 \u00a0 \u00a0 \u00a0 \u00a0 <em>\u00a0 \u00a0 \u00a0 \u00a0 \u00a0Imagem: Vatican Media<\/em><\/p><\/div>\n<p>&#8220;A consola\u00e7\u00e3o&#8221; foi o tema da catequese do Papa Francisco na Audi\u00eancia Geral, desta quarta-feira, realizada na Pra\u00e7a S\u00e3o Pedro.\u00a0Francisco sublinhou que a consola\u00e7\u00e3o, &#8220;que seria a luz da alma&#8221;, \u00e9 &#8220;outro elemento importante para o discernimento&#8221;, mas &#8220;pode prestar-se a equ\u00edvocos&#8221;.<\/p>\n<p>&#8220;O que \u00e9 a consola\u00e7\u00e3o espiritual? \u00c9 uma profunda experi\u00eancia de alegria interior, que permite ver a presen\u00e7a de Deus em tudo; ela revigora a f\u00e9 e a esperan\u00e7a, assim como a capacidade de fazer o bem. Trata-se de um grande dom para a vida espiritual e para a vida no seu conjunto. \u00c9 viver esta alegria interior&#8221;, disse o Papa, ressalta do que &#8220;a consola\u00e7\u00e3o \u00e9 um movimento \u00edntimo. A pessoa se sente abra\u00e7ada pela presen\u00e7a de Deus, de uma maneira sempre respeitosa da pr\u00f3pria liberdade&#8221;.<\/p>\n<p>&#8220;Pensemos na experi\u00eancia de Santo Agostinho, quando fala com a m\u00e3e M\u00f4nica sobre a beleza da vida eterna; ou na perfeita alegria de S\u00e3o Francisco, pensemos em tantos santos e santas que souberam fazer maravilhas, n\u00e3o porque se julgavam h\u00e1beis e capazes, mas porque foram conquistados pela docilidade pacificadora do amor de Deus&#8221;, sublinhou Francisco, afirmando que &#8220;trata-se da paz, que Santo In\u00e1cio sentia em si com admira\u00e7\u00e3o quando lia a vida dos santos. Ser consolado \u00e9 estar em paz com Deus. Sentir que tudo est\u00e1 organizado, em paz, tudo \u00e9 harm\u00f4nico dentro de n\u00f3s&#8221;. &#8220;Trata-se da paz que Edith Stein experimenta ap\u00f3s a convers\u00e3o; um ano depois de ter recebido o Batismo&#8221;, disse ainda o Papa, &#8220;uma paz genu\u00edna \u00e9 uma paz que faz germinar os bons sentimentos em n\u00f3s&#8221;.<\/p>\n<p>Segundo o Pont\u00edfice, &#8220;a consola\u00e7\u00e3o refere-se, primeiramente, \u00e0 esperan\u00e7a, propende para o futuro, p\u00f5e a caminho, permite tomar iniciativas at\u00e9 \u00e0quele momento adiadas, ou nem sequer imaginadas, como o Batismo para Edith Stein&#8221;.<\/p>\n<p>A consola\u00e7\u00e3o \u00e9 uma paz tal, n\u00e3o para ficar sentados saboreando-a, mas d\u00e1 paz, atrai ao Senhor, p\u00f5e voc\u00ea a caminho para fazer coisas boas. Em tempos de consola\u00e7\u00e3o, quando somos consolados, nos vem a vontade de fazer o bem sempre, e quando tem o momento da desola\u00e7\u00e3o nos vem a vontade de nos fechar em n\u00f3s mesmos e n\u00e3o fazer nada. A consola\u00e7\u00e3o nos leva para frente, a servi\u00e7o dos outros, da sociedade, das pessoas.<\/p>\n<p>Segundo o Papa, &#8220;a consola\u00e7\u00e3o espiritual n\u00e3o \u00e9 \u201cpilot\u00e1vel\u201d, n\u00e3o \u00e9 program\u00e1vel a bel-prazer, \u00e9 uma d\u00e1diva do Esp\u00edrito Santo: permite uma familiaridade com Deus, que parece anular as dist\u00e2ncias. Santa Teresa do Menino Jesus, visitando com 14 anos a Bas\u00edlica de Santa Cruz de Jerusal\u00e9m, em Roma, procura tocar o prego ali venerado, um daqueles com que Jesus foi crucificado. Teresa sente esta sua ousadia como um transporte de amor e de confid\u00eancia&#8221;. A consola\u00e7\u00e3o &#8220;\u00e9 espont\u00e2nea. A consola\u00e7\u00e3o nos leva a fazer tudo espont\u00e2neo, como se fossemos crian\u00e7as. As crian\u00e7as s\u00e3o espont\u00e2neas e a consola\u00e7\u00e3o leva com uma do\u00e7ura com uma paz muito grande&#8221;.<\/p>\n<p>Segundo o Papa, &#8220;a consola\u00e7\u00e3o nos torna audazes&#8221; e vamos adiante porque sentimos &#8220;a for\u00e7a de Deus&#8221;. A consola\u00e7\u00e3o &#8220;nos leva a fazer coisas que no tempo da desola\u00e7\u00e3o n\u00e3o ser\u00edamos capazes de dar o primeiro passo. Este \u00e9 o belo da consola\u00e7\u00e3o&#8221;.<\/p>\n<p>Francisco advertiu que &#8220;h\u00e1 tamb\u00e9m falsas consola\u00e7\u00f5es. Na vida espiritual ocorre algo semelhante ao que acontece nas produ\u00e7\u00f5es humanas: h\u00e1 originais e h\u00e1 imita\u00e7\u00f5es&#8221;.<\/p>\n<p>Se a consola\u00e7\u00e3o aut\u00eantica for como uma gota sobre uma esponja, ser\u00e1 suave e \u00edntima; as suas imita\u00e7\u00f5es ser\u00e3o mais barulhentas e vistosas, ser\u00e3o fogos de palha, sem consist\u00eancia, levar\u00e3o a fechar-se em si mesmas, e a n\u00e3o se preocupar com os outros. No final, a falsa consola\u00e7\u00e3o deixa-nos vazios, distantes do centro da nossa exist\u00eancia. Por isso, quando estamos felizes, em paz, somos capazes de fazer qualquer coisa, mas n\u00e3o confundir aquela paz com um momento passageiro porque o entusiasmo hoje existe e depois passa, e n\u00e3o existe mais.<\/p>\n<p>O Papa disse que &#8220;por isso, \u00e9 necess\u00e1rio fazer discernimento, at\u00e9 quando nos sentimos consolados. Pois a falsa consola\u00e7\u00e3o pode tornar-se um perigo, se o procurarmos como um fim em si mesmo, de modo obsessivo, e esquecermos o Senhor. Como diria S\u00e3o Bernardo, procuram-se as consola\u00e7\u00f5es de Deus, n\u00e3o se procura o Deus das consola\u00e7\u00f5es. Devemos procurar o Senhor que com a sua presen\u00e7a nos consola e nos leva adiante. \u00c9 a din\u00e2mica da crian\u00e7a de que falamos da \u00faltima vez, que s\u00f3 procura os pais para obter algo deles, mas n\u00e3o por eles pr\u00f3prios. Por interesse. As crian\u00e7as sabem fazer isso, e quando a fam\u00edlia \u00e9 dividida, elas t\u00eam o h\u00e1bito de procurar aqui e l\u00e1 e isso n\u00e3o faz bem, isso n\u00e3o \u00e9 consola\u00e7\u00e3o, mas interesse&#8221;.<\/p>\n<p>Segundo o Pont\u00edfice, &#8220;corremos o risco de viver a rela\u00e7\u00e3o com Deus de maneira infantil, de o reduzir a um objeto para o nosso uso e consumo, perdendo o dom mais belo, que \u00e9 Ele mesmo&#8221;. &#8220;Assim, vamos adiante na vida entre a consola\u00e7\u00e3o de Deus e a desola\u00e7\u00e3o do pecado, do mundo, mas sabendo distinguir quando \u00e9 uma consola\u00e7\u00e3o de Deus que lhe d\u00e1 paz at\u00e9 o fundo da alma, e um entusiasmo passageiro, que n\u00e3o \u00e9 ruim, mas n\u00e3o \u00e9 a consola\u00e7\u00e3o de Deus&#8221;, concluiu o Papa.<\/p>\n<hr \/>\n<p><em>Fonte: Vatican News (texto de Mariangela Jaguraba)<\/em><\/p>\n","protected":false},"excerpt":{"rendered":"<p>Audi\u00eancia Geral<\/p>\n","protected":false},"author":3,"featured_media":240972,"comment_status":"open","ping_status":"open","sticky":false,"template":"","format":"standard","meta":[],"categories":[1428],"tags":[487],"acf":[],"yoast_head":"<!-- This site is optimized with the Yoast SEO plugin v19.2 - https:\/\/yoast.com\/wordpress\/plugins\/seo\/ -->\n<title>Papa: a consola\u00e7\u00e3o de Deus nos d\u00e1 paz, \u00e9 espont\u00e2nea - Not\u00edcias - Franciscanos<\/title>\n<meta name=\"robots\" content=\"index, follow, max-snippet:-1, max-image-preview:large, max-video-preview:-1\" \/>\n<link rel=\"canonical\" href=\"https:\/\/franciscanos.org.br\/noticias\/papa-a-consolacao-de-deus-nos-da-paz-e-espontanea.html\" \/>\n<meta property=\"og:locale\" content=\"pt_BR\" \/>\n<meta property=\"og:type\" content=\"article\" \/>\n<meta property=\"og:title\" content=\"Papa: a consola\u00e7\u00e3o de Deus nos d\u00e1 paz, \u00e9 espont\u00e2nea - Not\u00edcias - Franciscanos\" \/>\n<meta property=\"og:description\" content=\"Audi\u00eancia Geral\" \/>\n<meta property=\"og:url\" content=\"https:\/\/franciscanos.org.br\/noticias\/papa-a-consolacao-de-deus-nos-da-paz-e-espontanea.html\" \/>\n<meta property=\"og:site_name\" content=\"Not\u00edcias - Franciscanos\" \/>\n<meta property=\"article:published_time\" content=\"2022-11-23T09:52:23+00:00\" \/>\n<meta property=\"og:image\" content=\"https:\/\/franciscanos.org.br\/noticias\/wp-content\/uploads\/2022\/11\/audiencia_23.jpeg\" \/>\n\t<meta property=\"og:image:width\" content=\"1500\" \/>\n\t<meta property=\"og:image:height\" content=\"844\" \/>\n\t<meta property=\"og:image:type\" content=\"image\/jpeg\" \/>\n<meta name=\"author\" content=\"moacir\" \/>\n<meta name=\"twitter:card\" content=\"summary_large_image\" \/>\n<meta name=\"twitter:label1\" content=\"Escrito por\" \/>\n\t<meta name=\"twitter:data1\" content=\"moacir\" \/>\n\t<meta name=\"twitter:label2\" content=\"Est. tempo de leitura\" \/>\n\t<meta name=\"twitter:data2\" content=\"5 minutos\" \/>\n<script type=\"application\/ld+json\" class=\"yoast-schema-graph\">{\"@context\":\"https:\/\/schema.org\",\"@graph\":[{\"@type\":\"WebSite\",\"@id\":\"https:\/\/franciscanos.org.br\/noticias\/#website\",\"url\":\"https:\/\/franciscanos.org.br\/noticias\/\",\"name\":\"Not\u00edcias - Franciscanos\",\"description\":\"Prov\u00edncia Franciscana da Imaculada Concei\u00e7\u00e3o do Brasil - Ordem dos Frades Menores - OFM\",\"potentialAction\":[{\"@type\":\"SearchAction\",\"target\":{\"@type\":\"EntryPoint\",\"urlTemplate\":\"https:\/\/franciscanos.org.br\/noticias\/?s={search_term_string}\"},\"query-input\":\"required name=search_term_string\"}],\"inLanguage\":\"pt-BR\"},{\"@type\":\"ImageObject\",\"inLanguage\":\"pt-BR\",\"@id\":\"https:\/\/franciscanos.org.br\/noticias\/papa-a-consolacao-de-deus-nos-da-paz-e-espontanea.html#primaryimage\",\"url\":\"https:\/\/franciscanos.org.br\/noticias\/wp-content\/uploads\/2022\/11\/audiencia_23.jpeg\",\"contentUrl\":\"https:\/\/franciscanos.org.br\/noticias\/wp-content\/uploads\/2022\/11\/audiencia_23.jpeg\",\"width\":1500,\"height\":844},{\"@type\":\"WebPage\",\"@id\":\"https:\/\/franciscanos.org.br\/noticias\/papa-a-consolacao-de-deus-nos-da-paz-e-espontanea.html#webpage\",\"url\":\"https:\/\/franciscanos.org.br\/noticias\/papa-a-consolacao-de-deus-nos-da-paz-e-espontanea.html\",\"name\":\"Papa: a consola\u00e7\u00e3o de Deus nos d\u00e1 paz, \u00e9 espont\u00e2nea - Not\u00edcias - Franciscanos\",\"isPartOf\":{\"@id\":\"https:\/\/franciscanos.org.br\/noticias\/#website\"},\"primaryImageOfPage\":{\"@id\":\"https:\/\/franciscanos.org.br\/noticias\/papa-a-consolacao-de-deus-nos-da-paz-e-espontanea.html#primaryimage\"},\"datePublished\":\"2022-11-23T09:52:23+00:00\",\"dateModified\":\"2022-11-23T09:52:23+00:00\",\"author\":{\"@id\":\"https:\/\/franciscanos.org.br\/noticias\/#\/schema\/person\/b5c8cba458c330ccff548b056e95a5d4\"},\"breadcrumb\":{\"@id\":\"https:\/\/franciscanos.org.br\/noticias\/papa-a-consolacao-de-deus-nos-da-paz-e-espontanea.html#breadcrumb\"},\"inLanguage\":\"pt-BR\",\"potentialAction\":[{\"@type\":\"ReadAction\",\"target\":[\"https:\/\/franciscanos.org.br\/noticias\/papa-a-consolacao-de-deus-nos-da-paz-e-espontanea.html\"]}]},{\"@type\":\"BreadcrumbList\",\"@id\":\"https:\/\/franciscanos.org.br\/noticias\/papa-a-consolacao-de-deus-nos-da-paz-e-espontanea.html#breadcrumb\",\"itemListElement\":[{\"@type\":\"ListItem\",\"position\":1,\"name\":\"Home\",\"item\":\"https:\/\/franciscanos.org.br\/noticias\"},{\"@type\":\"ListItem\",\"position\":2,\"name\":\"Papa: a consola\u00e7\u00e3o de Deus nos d\u00e1 paz, \u00e9 espont\u00e2nea\"}]},{\"@type\":\"Person\",\"@id\":\"https:\/\/franciscanos.org.br\/noticias\/#\/schema\/person\/b5c8cba458c330ccff548b056e95a5d4\",\"name\":\"moacir\",\"image\":{\"@type\":\"ImageObject\",\"inLanguage\":\"pt-BR\",\"@id\":\"https:\/\/franciscanos.org.br\/noticias\/#\/schema\/person\/image\/\",\"url\":\"https:\/\/secure.gravatar.com\/avatar\/d08aa2ce4c8dd416d4479aa8536fcf64?s=96&d=mm&r=g\",\"contentUrl\":\"https:\/\/secure.gravatar.com\/avatar\/d08aa2ce4c8dd416d4479aa8536fcf64?s=96&d=mm&r=g\",\"caption\":\"moacir\"},\"url\":\"https:\/\/franciscanos.org.br\/noticias\/author\/moacir\"}]}<\/script>\n<!-- \/ Yoast SEO plugin. -->","yoast_head_json":{"title":"Papa: a consola\u00e7\u00e3o de Deus nos d\u00e1 paz, \u00e9 espont\u00e2nea - Not\u00edcias - Franciscanos","robots":{"index":"index","follow":"follow","max-snippet":"max-snippet:-1","max-image-preview":"max-image-preview:large","max-video-preview":"max-video-preview:-1"},"canonical":"https:\/\/franciscanos.org.br\/noticias\/papa-a-consolacao-de-deus-nos-da-paz-e-espontanea.html","og_locale":"pt_BR","og_type":"article","og_title":"Papa: a consola\u00e7\u00e3o de Deus nos d\u00e1 paz, \u00e9 espont\u00e2nea - Not\u00edcias - Franciscanos","og_description":"Audi\u00eancia Geral","og_url":"https:\/\/franciscanos.org.br\/noticias\/papa-a-consolacao-de-deus-nos-da-paz-e-espontanea.html","og_site_name":"Not\u00edcias - Franciscanos","article_published_time":"2022-11-23T09:52:23+00:00","og_image":[{"width":1500,"height":844,"url":"https:\/\/franciscanos.org.br\/noticias\/wp-content\/uploads\/2022\/11\/audiencia_23.jpeg","type":"image\/jpeg"}],"author":"moacir","twitter_card":"summary_large_image","twitter_misc":{"Escrito por":"moacir","Est. tempo de leitura":"5 minutos"},"schema":{"@context":"https:\/\/schema.org","@graph":[{"@type":"WebSite","@id":"https:\/\/franciscanos.org.br\/noticias\/#website","url":"https:\/\/franciscanos.org.br\/noticias\/","name":"Not\u00edcias - Franciscanos","description":"Prov\u00edncia Franciscana da Imaculada Concei\u00e7\u00e3o do Brasil - Ordem dos Frades Menores - OFM","potentialAction":[{"@type":"SearchAction","target":{"@type":"EntryPoint","urlTemplate":"https:\/\/franciscanos.org.br\/noticias\/?s={search_term_string}"},"query-input":"required name=search_term_string"}],"inLanguage":"pt-BR"},{"@type":"ImageObject","inLanguage":"pt-BR","@id":"https:\/\/franciscanos.org.br\/noticias\/papa-a-consolacao-de-deus-nos-da-paz-e-espontanea.html#primaryimage","url":"https:\/\/franciscanos.org.br\/noticias\/wp-content\/uploads\/2022\/11\/audiencia_23.jpeg","contentUrl":"https:\/\/franciscanos.org.br\/noticias\/wp-content\/uploads\/2022\/11\/audiencia_23.jpeg","width":1500,"height":844},{"@type":"WebPage","@id":"https:\/\/franciscanos.org.br\/noticias\/papa-a-consolacao-de-deus-nos-da-paz-e-espontanea.html#webpage","url":"https:\/\/franciscanos.org.br\/noticias\/papa-a-consolacao-de-deus-nos-da-paz-e-espontanea.html","name":"Papa: a consola\u00e7\u00e3o de Deus nos d\u00e1 paz, \u00e9 espont\u00e2nea - Not\u00edcias - Franciscanos","isPartOf":{"@id":"https:\/\/franciscanos.org.br\/noticias\/#website"},"primaryImageOfPage":{"@id":"https:\/\/franciscanos.org.br\/noticias\/papa-a-consolacao-de-deus-nos-da-paz-e-espontanea.html#primaryimage"},"datePublished":"2022-11-23T09:52:23+00:00","dateModified":"2022-11-23T09:52:23+00:00","author":{"@id":"https:\/\/franciscanos.org.br\/noticias\/#\/schema\/person\/b5c8cba458c330ccff548b056e95a5d4"},"breadcrumb":{"@id":"https:\/\/franciscanos.org.br\/noticias\/papa-a-consolacao-de-deus-nos-da-paz-e-espontanea.html#breadcrumb"},"inLanguage":"pt-BR","potentialAction":[{"@type":"ReadAction","target":["https:\/\/franciscanos.org.br\/noticias\/papa-a-consolacao-de-deus-nos-da-paz-e-espontanea.html"]}]},{"@type":"BreadcrumbList","@id":"https:\/\/franciscanos.org.br\/noticias\/papa-a-consolacao-de-deus-nos-da-paz-e-espontanea.html#breadcrumb","itemListElement":[{"@type":"ListItem","position":1,"name":"Home","item":"https:\/\/franciscanos.org.br\/noticias"},{"@type":"ListItem","position":2,"name":"Papa: a consola\u00e7\u00e3o de Deus nos d\u00e1 paz, \u00e9 espont\u00e2nea"}]},{"@type":"Person","@id":"https:\/\/franciscanos.org.br\/noticias\/#\/schema\/person\/b5c8cba458c330ccff548b056e95a5d4","name":"moacir","image":{"@type":"ImageObject","inLanguage":"pt-BR","@id":"https:\/\/franciscanos.org.br\/noticias\/#\/schema\/person\/image\/","url":"https:\/\/secure.gravatar.com\/avatar\/d08aa2ce4c8dd416d4479aa8536fcf64?s=96&d=mm&r=g","contentUrl":"https:\/\/secure.gravatar.com\/avatar\/d08aa2ce4c8dd416d4479aa8536fcf64?s=96&d=mm&r=g","caption":"moacir"},"url":"https:\/\/franciscanos.org.br\/noticias\/author\/moacir"}]}},"_links":{"self":[{"href":"https:\/\/franciscanos.org.br\/noticias\/wp-json\/wp\/v2\/posts\/240971"}],"collection":[{"href":"https:\/\/franciscanos.org.br\/noticias\/wp-json\/wp\/v2\/posts"}],"about":[{"href":"https:\/\/franciscanos.org.br\/noticias\/wp-json\/wp\/v2\/types\/post"}],"author":[{"embeddable":true,"href":"https:\/\/franciscanos.org.br\/noticias\/wp-json\/wp\/v2\/users\/3"}],"replies":[{"embeddable":true,"href":"https:\/\/franciscanos.org.br\/noticias\/wp-json\/wp\/v2\/comments?post=240971"}],"version-history":[{"count":1,"href":"https:\/\/franciscanos.org.br\/noticias\/wp-json\/wp\/v2\/posts\/240971\/revisions"}],"predecessor-version":[{"id":240973,"href":"https:\/\/franciscanos.org.br\/noticias\/wp-json\/wp\/v2\/posts\/240971\/revisions\/240973"}],"wp:featuredmedia":[{"embeddable":true,"href":"https:\/\/franciscanos.org.br\/noticias\/wp-json\/wp\/v2\/media\/240972"}],"wp:attachment":[{"href":"https:\/\/franciscanos.org.br\/noticias\/wp-json\/wp\/v2\/media?parent=240971"}],"wp:term":[{"taxonomy":"category","embeddable":true,"href":"https:\/\/franciscanos.org.br\/noticias\/wp-json\/wp\/v2\/categories?post=240971"},{"taxonomy":"post_tag","embeddable":true,"href":"https:\/\/franciscanos.org.br\/noticias\/wp-json\/wp\/v2\/tags?post=240971"}],"curies":[{"name":"wp","href":"https:\/\/api.w.org\/{rel}","templated":true}]}}