{"id":240941,"date":"2022-11-22T17:00:59","date_gmt":"2022-11-22T20:00:59","guid":{"rendered":"https:\/\/franciscanos.org.br\/noticias\/?p=240941"},"modified":"2022-11-22T17:49:57","modified_gmt":"2022-11-22T20:49:57","slug":"frei-augusto-fala-sobre-as-chances-dos-canarinhos-e-conexao-fraterna-nos-premios-de-comunicacao-da-cnbb","status":"publish","type":"post","link":"https:\/\/franciscanos.org.br\/noticias\/frei-augusto-fala-sobre-as-chances-dos-canarinhos-e-conexao-fraterna-nos-premios-de-comunicacao-da-cnbb.html","title":{"rendered":"Frei Augusto fala sobre as chances de Canarinhos e Conex\u00e3o Fraterna nos \u201cPr\u00eamios de Comunica\u00e7\u00e3o\u201d da CNBB"},"content":{"rendered":"<p style=\"font-weight: 400;\"><img loading=\"lazy\" class=\"alignnone wp-image-240942 size-full\" src=\"https:\/\/franciscanos.org.br\/noticias\/wp-content\/uploads\/2022\/11\/freiaugusto_221122.jpg\" alt=\"\" width=\"1280\" height=\"720\" srcset=\"https:\/\/franciscanos.org.br\/noticias\/wp-content\/uploads\/2022\/11\/freiaugusto_221122.jpg 1280w, https:\/\/franciscanos.org.br\/noticias\/wp-content\/uploads\/2022\/11\/freiaugusto_221122-450x253.jpg 450w, https:\/\/franciscanos.org.br\/noticias\/wp-content\/uploads\/2022\/11\/freiaugusto_221122-1024x576.jpg 1024w, https:\/\/franciscanos.org.br\/noticias\/wp-content\/uploads\/2022\/11\/freiaugusto_221122-768x432.jpg 768w, https:\/\/franciscanos.org.br\/noticias\/wp-content\/uploads\/2022\/11\/freiaugusto_221122-150x84.jpg 150w\" sizes=\"(max-width: 1280px) 100vw, 1280px\" \/><\/p>\n<p style=\"font-weight: 400;\"><em>A cerim\u00f4nia de entrega dos\u00a0<a href=\"https:\/\/premios.cnbb.org.br\/\">Pr\u00eamios de Comunica\u00e7\u00e3o da CNBB<\/a>, em sua 54\u00aa edi\u00e7\u00e3o, ser\u00e1 exibida nesta quarta-feira, dia\u00a023 de novembro,\u00a0pelas emissoras de inspira\u00e7\u00e3o cat\u00f3lica, a partir das 21 horas. Com produ\u00e7\u00e3o da Confer\u00eancia Nacional dos Bispos do Brasil (CNBB) e da TV Evangelizar, pela primeira vez a solenidade ocorrer\u00e1 de forma h\u00edbrida \u2013 os finalistas participar\u00e3o de maneira remota e os ganhadores, presencialmente, diretamente dos est\u00fadios da TV Evangelizar, em Curitiba (PR).<\/em><\/p>\n<p style=\"font-weight: 400;\"><em>Pelo segundo ano consecutivo o Instituto dos Meninos Cantores de Petr\u00f3polis, com o Coral dos Canarinhos, \u00e9 um dos finalistas. E, pela primeira vez, o projeto do &#8220;Conex\u00e3o Fraterna&#8221;, dos jovens franciscanos da Prov\u00edncia da Imaculada Concei\u00e7\u00e3o do Brasil tamb\u00e9m est\u00e1 entre os indicados com o Aplicativo \u201cConex\u00e3o Fraterna\u201d, na categoria Dom Luciano Mendes de Almeida.<\/em><\/p>\n<p style=\"font-weight: 400;\"><em>Por isso, para conhecer mais sobre o projeto do &#8220;Conex\u00e3o Fraterna&#8221;, acompanhe a entrevista de Frei Augusto Luiz Gabriel concedida a Frei Gustavo Medella, para o programa &#8220;Manh\u00e3 Franciscana&#8221;, em outubro deste ano!<\/em><\/p>\n<p style=\"font-weight: 400;\"><strong>Frei Gustavo Medella: <\/strong><em>Qual a proposta do &#8220;Conex\u00e3o Fraterna&#8221;?<\/em><\/p>\n<p style=\"font-weight: 400;\"><strong>Frei Augusto:<\/strong> A principal proposta do &#8220;Conex\u00e3o Fraterna&#8221; \u00e9 aproximar a juventude do carisma franciscano. Somos uma equipe de volunt\u00e1rios, composta por frades e jovens que, de forma gratuita, produzimos conte\u00fado para internet. Al\u00e9m disso, a proposta do time do &#8220;Conex\u00e3o&#8221; \u00e9 ser presen\u00e7a evangelizadora no lugar em que os jovens mais frequentam: a internet. Neste sentido, temos colunas semanais, quinzenais e mensais que falam sobre o ser jovem na igreja, sobre franciscano, sobre o Evangelho dominical, bem como sobre a realidade social em que nosso Brasil se encontra. Muitas s\u00e3o as pautas, mas com nossos jeitinho franciscano buscamos entregar um conte\u00fado que primeiramente parta de nossas viv\u00eancias e a partir daquilo que como crist\u00e3os e franciscanos acreditamos.<\/p>\n<p style=\"font-weight: 400;\"><strong><img loading=\"lazy\" class=\"size-medium wp-image-240945 alignright\" src=\"https:\/\/franciscanos.org.br\/noticias\/wp-content\/uploads\/2022\/11\/conexao_logo-450x450.png\" alt=\"\" width=\"450\" height=\"450\" srcset=\"https:\/\/franciscanos.org.br\/noticias\/wp-content\/uploads\/2022\/11\/conexao_logo-450x450.png 450w, https:\/\/franciscanos.org.br\/noticias\/wp-content\/uploads\/2022\/11\/conexao_logo-300x300.png 300w, https:\/\/franciscanos.org.br\/noticias\/wp-content\/uploads\/2022\/11\/conexao_logo-150x150.png 150w, https:\/\/franciscanos.org.br\/noticias\/wp-content\/uploads\/2022\/11\/conexao_logo-100x100.png 100w, https:\/\/franciscanos.org.br\/noticias\/wp-content\/uploads\/2022\/11\/conexao_logo.png 500w\" sizes=\"(max-width: 450px) 100vw, 450px\" \/>Frei Gustavo Medella: <\/strong><em>Como surgiu a iniciativa?<\/em><\/p>\n<p style=\"font-weight: 400;\"><strong>Frei Augusto:<\/strong> O &#8220;Conex\u00e3o Fraterna&#8221; nasceu em nossos cora\u00e7\u00f5es durante o 3\u00ba Encontro Nacional Franciscano de Juventudes, que ocorreu em julho de 2018, em Vila Velha \u2013 ES. Lembro que n\u00f3s, inclusive, participamos e foi a partir deste evento que uniu e reuniu jovens dos quatro cantos do pa\u00eds que uma jovem, a Tha\u00eds de Oliveira, de Duque de Caxias, nutriu no seu cora\u00e7\u00e3o o desejo de criar um espa\u00e7o para os jovens, mas que fosse feito pelos pr\u00f3prios os jovens. Assim nasceu o &#8220;Conex\u00e3o Fraterna&#8221; que neste ano j\u00e1 completou quatro anos de trajet\u00f3ria.<\/p>\n<p style=\"font-weight: 400;\">Como uma forma de homenagear o encontro que deu origem a esse projeto e tamb\u00e9m de mantermos vivo na nossa mem\u00f3ria o nosso ponto de partida, nossa identidade visual \u00e9 completamente inspirada na identidade visual do 3\u00ba Encontro Nacional Franciscano de Juventudes, desenvolvida por Leandro Costa, OFM. Nossa logo conserva al\u00e9m das cores, o formato do Tau usado para acolher os jovens nos pontos tur\u00edsticos da cidade sede, Vila Velha (ES). \u200bAl\u00e9m disso, apresenta um dos seus mais caracter\u00edsticos s\u00edmbolos que, com tra\u00e7os arredondados, representa a conectividade, na qual estamos cada vez mais inseridos.<\/p>\n<p style=\"font-weight: 400;\"><strong>Frei Gustavo Medella: <\/strong><em>Qual o sentimento que voc\u00eas tiveram ao saber que estavam entre os finalistas do Pr\u00eamio da CNBB?<\/em><\/p>\n<p style=\"font-weight: 400;\"><strong>Frei Augusto:<\/strong> Primeiramente que n\u00e3o esper\u00e1vamos ser indicados. N\u00f3s nos inscrevemos sem pretens\u00e3o nenhuma e quando vimos nosso aplicativo entre os finalistas um sentimento de gratid\u00e3o tomou conta de nossa equipe. \u00c9 muito importante para n\u00f3s essa oportunidade de estar entre grandes nomes da comunica\u00e7\u00e3o do Brasil. Revela que, com fraternidade, uni\u00e3o e sem apego, conseguimos chegar a uma indica\u00e7\u00e3o que nunca sonh\u00e1vamos. Estamos muito, muito felizes e na expectativa de levar para casa esse pr\u00eamio.<\/p>\n<p><img loading=\"lazy\" class=\"wp-image-240943 size-large aligncenter\" src=\"https:\/\/franciscanos.org.br\/noticias\/wp-content\/uploads\/2022\/11\/PremiosCNBB_2-1024x541.png\" alt=\"\" width=\"1024\" height=\"541\" srcset=\"https:\/\/franciscanos.org.br\/noticias\/wp-content\/uploads\/2022\/11\/PremiosCNBB_2-1024x541.png 1024w, https:\/\/franciscanos.org.br\/noticias\/wp-content\/uploads\/2022\/11\/PremiosCNBB_2-450x238.png 450w, https:\/\/franciscanos.org.br\/noticias\/wp-content\/uploads\/2022\/11\/PremiosCNBB_2-768x406.png 768w, https:\/\/franciscanos.org.br\/noticias\/wp-content\/uploads\/2022\/11\/PremiosCNBB_2-150x79.png 150w, https:\/\/franciscanos.org.br\/noticias\/wp-content\/uploads\/2022\/11\/PremiosCNBB_2.png 1203w\" sizes=\"(max-width: 1024px) 100vw, 1024px\" \/><\/p>\n<p style=\"font-weight: 400;\"><strong>Frei Gustavo Medella: <\/strong><em>Quais s\u00e3o as expectativas para o futuro?<\/em><\/p>\n<p style=\"font-weight: 400;\"><strong>Frei Augusto:<\/strong> Sonhar \u00e9 preciso, mas com os p\u00e9s no ch\u00e3o. Para o futuro, desejamos que nossa equipe seja mais ampliada com jovens comprometidos e engajados com a miss\u00e3o do projeto. Estamos sempre de portas abertas para todos que desejam contribuir, seja como membro da equipe, bem como com pautas e realidades que nos batem \u00e0 porta. Al\u00e9m disso, desejamos que o projeto tenha vida longa e que possa atrair cada vez mais jovens e pessoas que veem em S\u00e3o Francisco de Assis um diferencial para suas vidas. Uma grande expectativa que nutrimos tamb\u00e9m \u00e9 levar o &#8220;Conex\u00e3o Fraterna&#8221; para os rinc\u00f5es do Brasil, como para a Amaz\u00f4nia, por exemplo. Temos o desejo de expandir nosso territ\u00f3rio e ser presen\u00e7a e voz daqueles que n\u00e3o tem por onde manifestar seus anseios, bem como viv\u00eancias.<\/p>\n<p style=\"font-weight: 400;\"><strong>Frei Gustavo Medella:<\/strong> <em>Qual a import\u00e2ncia da presen\u00e7a evangelizadora nos meios digitais? <\/em><\/p>\n<p style=\"font-weight: 400;\"><strong>Frei Augusto:<\/strong> Creio que estar presentes nestes meios \u00e9 ocupar um espa\u00e7o que ainda precisa ser evangelizado e ocupado. N\u00e3o para marcar territ\u00f3rio, mas sim para trazer \u00e0 luz a realidade a partir da viv\u00eancia de Jesus Cristo e de S\u00e3o Francisco. Infelizmente, hoje vemos muita gente falando sobre tudo, \u00e0s vezes de forma err\u00f4nea e at\u00e9 mesmo julgadora. N\u00f3s, como franciscanos e comunicadores crist\u00e3os, precisamos ocupar estes meios digitais como o Papa Francisco nos pede, apresentando sempre a miseric\u00f3rdia de Deus, construindo pontes e n\u00e3o murros, sendo uma Igreja em sa\u00edda. Quem n\u00e3o conhece essas famosas express\u00f5es dele? Ent\u00e3o, enquanto &#8220;Conex\u00e3o Fraterna&#8221; buscamos evangelizar atrav\u00e9s de tudo aquilo que Deus criou e que Ele viu que foi bom, ou seja, por meio de reflex\u00f5es em textos, imagens, \u00e1udio e v\u00eddeo e tamb\u00e9m na medida do poss\u00edvel marcando presen\u00e7a nos eventos da juventude.<\/p>\n<p><strong>OU\u00c7A A ENTREVISTA:<\/strong><br \/>\n<iframe loading=\"lazy\" style=\"border-radius: 12px;\" src=\"https:\/\/open.spotify.com\/embed\/episode\/3XmTGmxpNg7hP6cWxpaHb8?utm_source=generator\" width=\"100%\" height=\"352\" frameborder=\"0\" allowfullscreen=\"allowfullscreen\"><\/iframe><\/p>\n","protected":false},"excerpt":{"rendered":"<p>Entrevista<\/p>\n","protected":false},"author":3,"featured_media":240942,"comment_status":"open","ping_status":"open","sticky":false,"template":"","format":"standard","meta":[],"categories":[758,1],"tags":[1378,29,1461,716],"acf":[],"yoast_head":"<!-- This site is optimized with the Yoast SEO plugin v19.2 - https:\/\/yoast.com\/wordpress\/plugins\/seo\/ -->\n<title>Frei Augusto fala sobre as chances de Canarinhos e Conex\u00e3o Fraterna nos \u201cPr\u00eamios de Comunica\u00e7\u00e3o\u201d da CNBB - Not\u00edcias - Franciscanos<\/title>\n<meta name=\"robots\" content=\"index, follow, max-snippet:-1, max-image-preview:large, max-video-preview:-1\" \/>\n<link rel=\"canonical\" href=\"https:\/\/franciscanos.org.br\/noticias\/frei-augusto-fala-sobre-as-chances-dos-canarinhos-e-conexao-fraterna-nos-premios-de-comunicacao-da-cnbb.html\" \/>\n<meta property=\"og:locale\" content=\"pt_BR\" \/>\n<meta property=\"og:type\" content=\"article\" \/>\n<meta property=\"og:title\" content=\"Frei Augusto fala sobre as chances de Canarinhos e Conex\u00e3o Fraterna nos \u201cPr\u00eamios de Comunica\u00e7\u00e3o\u201d da CNBB - Not\u00edcias - Franciscanos\" \/>\n<meta property=\"og:description\" content=\"Entrevista\" \/>\n<meta property=\"og:url\" content=\"https:\/\/franciscanos.org.br\/noticias\/frei-augusto-fala-sobre-as-chances-dos-canarinhos-e-conexao-fraterna-nos-premios-de-comunicacao-da-cnbb.html\" \/>\n<meta property=\"og:site_name\" content=\"Not\u00edcias - Franciscanos\" \/>\n<meta property=\"article:published_time\" content=\"2022-11-22T20:00:59+00:00\" \/>\n<meta property=\"article:modified_time\" content=\"2022-11-22T20:49:57+00:00\" \/>\n<meta property=\"og:image\" content=\"https:\/\/franciscanos.org.br\/noticias\/wp-content\/uploads\/2022\/11\/freiaugusto_221122.jpg\" \/>\n\t<meta property=\"og:image:width\" content=\"1280\" \/>\n\t<meta property=\"og:image:height\" content=\"720\" \/>\n\t<meta property=\"og:image:type\" content=\"image\/jpeg\" \/>\n<meta name=\"author\" content=\"moacir\" \/>\n<meta name=\"twitter:card\" content=\"summary_large_image\" \/>\n<meta name=\"twitter:label1\" content=\"Escrito por\" \/>\n\t<meta name=\"twitter:data1\" content=\"moacir\" \/>\n\t<meta name=\"twitter:label2\" content=\"Est. tempo de leitura\" \/>\n\t<meta name=\"twitter:data2\" content=\"5 minutos\" \/>\n<script type=\"application\/ld+json\" class=\"yoast-schema-graph\">{\"@context\":\"https:\/\/schema.org\",\"@graph\":[{\"@type\":\"WebSite\",\"@id\":\"https:\/\/franciscanos.org.br\/noticias\/#website\",\"url\":\"https:\/\/franciscanos.org.br\/noticias\/\",\"name\":\"Not\u00edcias - Franciscanos\",\"description\":\"Prov\u00edncia Franciscana da Imaculada Concei\u00e7\u00e3o do Brasil - Ordem dos Frades Menores - OFM\",\"potentialAction\":[{\"@type\":\"SearchAction\",\"target\":{\"@type\":\"EntryPoint\",\"urlTemplate\":\"https:\/\/franciscanos.org.br\/noticias\/?s={search_term_string}\"},\"query-input\":\"required name=search_term_string\"}],\"inLanguage\":\"pt-BR\"},{\"@type\":\"ImageObject\",\"inLanguage\":\"pt-BR\",\"@id\":\"https:\/\/franciscanos.org.br\/noticias\/frei-augusto-fala-sobre-as-chances-dos-canarinhos-e-conexao-fraterna-nos-premios-de-comunicacao-da-cnbb.html#primaryimage\",\"url\":\"https:\/\/franciscanos.org.br\/noticias\/wp-content\/uploads\/2022\/11\/freiaugusto_221122.jpg\",\"contentUrl\":\"https:\/\/franciscanos.org.br\/noticias\/wp-content\/uploads\/2022\/11\/freiaugusto_221122.jpg\",\"width\":1280,\"height\":720},{\"@type\":\"WebPage\",\"@id\":\"https:\/\/franciscanos.org.br\/noticias\/frei-augusto-fala-sobre-as-chances-dos-canarinhos-e-conexao-fraterna-nos-premios-de-comunicacao-da-cnbb.html#webpage\",\"url\":\"https:\/\/franciscanos.org.br\/noticias\/frei-augusto-fala-sobre-as-chances-dos-canarinhos-e-conexao-fraterna-nos-premios-de-comunicacao-da-cnbb.html\",\"name\":\"Frei Augusto fala sobre as chances de Canarinhos e Conex\u00e3o Fraterna nos \u201cPr\u00eamios de Comunica\u00e7\u00e3o\u201d da CNBB - Not\u00edcias - Franciscanos\",\"isPartOf\":{\"@id\":\"https:\/\/franciscanos.org.br\/noticias\/#website\"},\"primaryImageOfPage\":{\"@id\":\"https:\/\/franciscanos.org.br\/noticias\/frei-augusto-fala-sobre-as-chances-dos-canarinhos-e-conexao-fraterna-nos-premios-de-comunicacao-da-cnbb.html#primaryimage\"},\"datePublished\":\"2022-11-22T20:00:59+00:00\",\"dateModified\":\"2022-11-22T20:49:57+00:00\",\"author\":{\"@id\":\"https:\/\/franciscanos.org.br\/noticias\/#\/schema\/person\/b5c8cba458c330ccff548b056e95a5d4\"},\"breadcrumb\":{\"@id\":\"https:\/\/franciscanos.org.br\/noticias\/frei-augusto-fala-sobre-as-chances-dos-canarinhos-e-conexao-fraterna-nos-premios-de-comunicacao-da-cnbb.html#breadcrumb\"},\"inLanguage\":\"pt-BR\",\"potentialAction\":[{\"@type\":\"ReadAction\",\"target\":[\"https:\/\/franciscanos.org.br\/noticias\/frei-augusto-fala-sobre-as-chances-dos-canarinhos-e-conexao-fraterna-nos-premios-de-comunicacao-da-cnbb.html\"]}]},{\"@type\":\"BreadcrumbList\",\"@id\":\"https:\/\/franciscanos.org.br\/noticias\/frei-augusto-fala-sobre-as-chances-dos-canarinhos-e-conexao-fraterna-nos-premios-de-comunicacao-da-cnbb.html#breadcrumb\",\"itemListElement\":[{\"@type\":\"ListItem\",\"position\":1,\"name\":\"Home\",\"item\":\"https:\/\/franciscanos.org.br\/noticias\"},{\"@type\":\"ListItem\",\"position\":2,\"name\":\"Frei Augusto fala sobre as chances de Canarinhos e Conex\u00e3o Fraterna nos \u201cPr\u00eamios de Comunica\u00e7\u00e3o\u201d da CNBB\"}]},{\"@type\":\"Person\",\"@id\":\"https:\/\/franciscanos.org.br\/noticias\/#\/schema\/person\/b5c8cba458c330ccff548b056e95a5d4\",\"name\":\"moacir\",\"image\":{\"@type\":\"ImageObject\",\"inLanguage\":\"pt-BR\",\"@id\":\"https:\/\/franciscanos.org.br\/noticias\/#\/schema\/person\/image\/\",\"url\":\"https:\/\/secure.gravatar.com\/avatar\/d08aa2ce4c8dd416d4479aa8536fcf64?s=96&d=mm&r=g\",\"contentUrl\":\"https:\/\/secure.gravatar.com\/avatar\/d08aa2ce4c8dd416d4479aa8536fcf64?s=96&d=mm&r=g\",\"caption\":\"moacir\"},\"url\":\"https:\/\/franciscanos.org.br\/noticias\/author\/moacir\"}]}<\/script>\n<!-- \/ Yoast SEO plugin. -->","yoast_head_json":{"title":"Frei Augusto fala sobre as chances de Canarinhos e Conex\u00e3o Fraterna nos \u201cPr\u00eamios de Comunica\u00e7\u00e3o\u201d da CNBB - Not\u00edcias - Franciscanos","robots":{"index":"index","follow":"follow","max-snippet":"max-snippet:-1","max-image-preview":"max-image-preview:large","max-video-preview":"max-video-preview:-1"},"canonical":"https:\/\/franciscanos.org.br\/noticias\/frei-augusto-fala-sobre-as-chances-dos-canarinhos-e-conexao-fraterna-nos-premios-de-comunicacao-da-cnbb.html","og_locale":"pt_BR","og_type":"article","og_title":"Frei Augusto fala sobre as chances de Canarinhos e Conex\u00e3o Fraterna nos \u201cPr\u00eamios de Comunica\u00e7\u00e3o\u201d da CNBB - Not\u00edcias - Franciscanos","og_description":"Entrevista","og_url":"https:\/\/franciscanos.org.br\/noticias\/frei-augusto-fala-sobre-as-chances-dos-canarinhos-e-conexao-fraterna-nos-premios-de-comunicacao-da-cnbb.html","og_site_name":"Not\u00edcias - Franciscanos","article_published_time":"2022-11-22T20:00:59+00:00","article_modified_time":"2022-11-22T20:49:57+00:00","og_image":[{"width":1280,"height":720,"url":"https:\/\/franciscanos.org.br\/noticias\/wp-content\/uploads\/2022\/11\/freiaugusto_221122.jpg","type":"image\/jpeg"}],"author":"moacir","twitter_card":"summary_large_image","twitter_misc":{"Escrito por":"moacir","Est. tempo de leitura":"5 minutos"},"schema":{"@context":"https:\/\/schema.org","@graph":[{"@type":"WebSite","@id":"https:\/\/franciscanos.org.br\/noticias\/#website","url":"https:\/\/franciscanos.org.br\/noticias\/","name":"Not\u00edcias - Franciscanos","description":"Prov\u00edncia Franciscana da Imaculada Concei\u00e7\u00e3o do Brasil - Ordem dos Frades Menores - OFM","potentialAction":[{"@type":"SearchAction","target":{"@type":"EntryPoint","urlTemplate":"https:\/\/franciscanos.org.br\/noticias\/?s={search_term_string}"},"query-input":"required name=search_term_string"}],"inLanguage":"pt-BR"},{"@type":"ImageObject","inLanguage":"pt-BR","@id":"https:\/\/franciscanos.org.br\/noticias\/frei-augusto-fala-sobre-as-chances-dos-canarinhos-e-conexao-fraterna-nos-premios-de-comunicacao-da-cnbb.html#primaryimage","url":"https:\/\/franciscanos.org.br\/noticias\/wp-content\/uploads\/2022\/11\/freiaugusto_221122.jpg","contentUrl":"https:\/\/franciscanos.org.br\/noticias\/wp-content\/uploads\/2022\/11\/freiaugusto_221122.jpg","width":1280,"height":720},{"@type":"WebPage","@id":"https:\/\/franciscanos.org.br\/noticias\/frei-augusto-fala-sobre-as-chances-dos-canarinhos-e-conexao-fraterna-nos-premios-de-comunicacao-da-cnbb.html#webpage","url":"https:\/\/franciscanos.org.br\/noticias\/frei-augusto-fala-sobre-as-chances-dos-canarinhos-e-conexao-fraterna-nos-premios-de-comunicacao-da-cnbb.html","name":"Frei Augusto fala sobre as chances de Canarinhos e Conex\u00e3o Fraterna nos \u201cPr\u00eamios de Comunica\u00e7\u00e3o\u201d da CNBB - Not\u00edcias - Franciscanos","isPartOf":{"@id":"https:\/\/franciscanos.org.br\/noticias\/#website"},"primaryImageOfPage":{"@id":"https:\/\/franciscanos.org.br\/noticias\/frei-augusto-fala-sobre-as-chances-dos-canarinhos-e-conexao-fraterna-nos-premios-de-comunicacao-da-cnbb.html#primaryimage"},"datePublished":"2022-11-22T20:00:59+00:00","dateModified":"2022-11-22T20:49:57+00:00","author":{"@id":"https:\/\/franciscanos.org.br\/noticias\/#\/schema\/person\/b5c8cba458c330ccff548b056e95a5d4"},"breadcrumb":{"@id":"https:\/\/franciscanos.org.br\/noticias\/frei-augusto-fala-sobre-as-chances-dos-canarinhos-e-conexao-fraterna-nos-premios-de-comunicacao-da-cnbb.html#breadcrumb"},"inLanguage":"pt-BR","potentialAction":[{"@type":"ReadAction","target":["https:\/\/franciscanos.org.br\/noticias\/frei-augusto-fala-sobre-as-chances-dos-canarinhos-e-conexao-fraterna-nos-premios-de-comunicacao-da-cnbb.html"]}]},{"@type":"BreadcrumbList","@id":"https:\/\/franciscanos.org.br\/noticias\/frei-augusto-fala-sobre-as-chances-dos-canarinhos-e-conexao-fraterna-nos-premios-de-comunicacao-da-cnbb.html#breadcrumb","itemListElement":[{"@type":"ListItem","position":1,"name":"Home","item":"https:\/\/franciscanos.org.br\/noticias"},{"@type":"ListItem","position":2,"name":"Frei Augusto fala sobre as chances de Canarinhos e Conex\u00e3o Fraterna nos \u201cPr\u00eamios de Comunica\u00e7\u00e3o\u201d da CNBB"}]},{"@type":"Person","@id":"https:\/\/franciscanos.org.br\/noticias\/#\/schema\/person\/b5c8cba458c330ccff548b056e95a5d4","name":"moacir","image":{"@type":"ImageObject","inLanguage":"pt-BR","@id":"https:\/\/franciscanos.org.br\/noticias\/#\/schema\/person\/image\/","url":"https:\/\/secure.gravatar.com\/avatar\/d08aa2ce4c8dd416d4479aa8536fcf64?s=96&d=mm&r=g","contentUrl":"https:\/\/secure.gravatar.com\/avatar\/d08aa2ce4c8dd416d4479aa8536fcf64?s=96&d=mm&r=g","caption":"moacir"},"url":"https:\/\/franciscanos.org.br\/noticias\/author\/moacir"}]}},"_links":{"self":[{"href":"https:\/\/franciscanos.org.br\/noticias\/wp-json\/wp\/v2\/posts\/240941"}],"collection":[{"href":"https:\/\/franciscanos.org.br\/noticias\/wp-json\/wp\/v2\/posts"}],"about":[{"href":"https:\/\/franciscanos.org.br\/noticias\/wp-json\/wp\/v2\/types\/post"}],"author":[{"embeddable":true,"href":"https:\/\/franciscanos.org.br\/noticias\/wp-json\/wp\/v2\/users\/3"}],"replies":[{"embeddable":true,"href":"https:\/\/franciscanos.org.br\/noticias\/wp-json\/wp\/v2\/comments?post=240941"}],"version-history":[{"count":6,"href":"https:\/\/franciscanos.org.br\/noticias\/wp-json\/wp\/v2\/posts\/240941\/revisions"}],"predecessor-version":[{"id":240967,"href":"https:\/\/franciscanos.org.br\/noticias\/wp-json\/wp\/v2\/posts\/240941\/revisions\/240967"}],"wp:featuredmedia":[{"embeddable":true,"href":"https:\/\/franciscanos.org.br\/noticias\/wp-json\/wp\/v2\/media\/240942"}],"wp:attachment":[{"href":"https:\/\/franciscanos.org.br\/noticias\/wp-json\/wp\/v2\/media?parent=240941"}],"wp:term":[{"taxonomy":"category","embeddable":true,"href":"https:\/\/franciscanos.org.br\/noticias\/wp-json\/wp\/v2\/categories?post=240941"},{"taxonomy":"post_tag","embeddable":true,"href":"https:\/\/franciscanos.org.br\/noticias\/wp-json\/wp\/v2\/tags?post=240941"}],"curies":[{"name":"wp","href":"https:\/\/api.w.org\/{rel}","templated":true}]}}