{"id":240931,"date":"2022-11-21T15:48:50","date_gmt":"2022-11-21T18:48:50","guid":{"rendered":"https:\/\/franciscanos.org.br\/noticias\/?p=240931"},"modified":"2022-11-21T15:49:28","modified_gmt":"2022-11-21T18:49:28","slug":"paroquia-de-xaxim-celebra-nossa-senhora-da-saude","status":"publish","type":"post","link":"https:\/\/franciscanos.org.br\/noticias\/paroquia-de-xaxim-celebra-nossa-senhora-da-saude.html","title":{"rendered":"Par\u00f3quia de Xaxim celebra Nossa Senhora da Sa\u00fade"},"content":{"rendered":"<p><img loading=\"lazy\" class=\"alignnone size-full wp-image-240932\" src=\"https:\/\/franciscanos.org.br\/noticias\/wp-content\/uploads\/2022\/11\/xaxim_03.jpg\" alt=\"\" width=\"1280\" height=\"720\" srcset=\"https:\/\/franciscanos.org.br\/noticias\/wp-content\/uploads\/2022\/11\/xaxim_03.jpg 1280w, https:\/\/franciscanos.org.br\/noticias\/wp-content\/uploads\/2022\/11\/xaxim_03-450x253.jpg 450w, https:\/\/franciscanos.org.br\/noticias\/wp-content\/uploads\/2022\/11\/xaxim_03-1024x576.jpg 1024w, https:\/\/franciscanos.org.br\/noticias\/wp-content\/uploads\/2022\/11\/xaxim_03-768x432.jpg 768w, https:\/\/franciscanos.org.br\/noticias\/wp-content\/uploads\/2022\/11\/xaxim_03-150x84.jpg 150w\" sizes=\"(max-width: 1280px) 100vw, 1280px\" \/><\/p>\n<p>A Par\u00f3quia S\u00e3o Luiz Gonzaga celebrou neste domingo (20\/11), a Santa Missa em honra Nossa Senhora da Sa\u00fade. A Santa Missa teve in\u00edcio \u00e0s 10h30 e foi presidida por Frei Gilson Kammer e concelebrada por Frei Jacir Zolet, Frei Ludovico Garmus e Frei Alan Maia.<\/p>\n<p>As festividades da Festa de Nossa Senhora da Sa\u00fade tiveram in\u00edcio na quinta-feira (17\/11), com o tr\u00edduo de Nossa Senhora, \u00e0s 18h30. Na sexta-feira (18\/11), a celebra\u00e7\u00e3o tamb\u00e9m aconteceu \u00e0s 18h30. Nos dois dias, os fi\u00e9is receberam a b\u00ean\u00e7\u00e3o de Nossa Senhora da Sa\u00fade e, no final da Missa, foram ungidos com o \u00f3leo Santo na testa e nas m\u00e3os.<\/p>\n<p><img loading=\"lazy\" class=\"alignnone size-full wp-image-240934\" src=\"https:\/\/franciscanos.org.br\/noticias\/wp-content\/uploads\/2022\/11\/xaxim_06.jpg\" alt=\"\" width=\"1280\" height=\"960\" srcset=\"https:\/\/franciscanos.org.br\/noticias\/wp-content\/uploads\/2022\/11\/xaxim_06.jpg 1280w, https:\/\/franciscanos.org.br\/noticias\/wp-content\/uploads\/2022\/11\/xaxim_06-450x338.jpg 450w, https:\/\/franciscanos.org.br\/noticias\/wp-content\/uploads\/2022\/11\/xaxim_06-1024x768.jpg 1024w, https:\/\/franciscanos.org.br\/noticias\/wp-content\/uploads\/2022\/11\/xaxim_06-768x576.jpg 768w, https:\/\/franciscanos.org.br\/noticias\/wp-content\/uploads\/2022\/11\/xaxim_06-150x113.jpg 150w, https:\/\/franciscanos.org.br\/noticias\/wp-content\/uploads\/2022\/11\/xaxim_06-600x450.jpg 600w\" sizes=\"(max-width: 1280px) 100vw, 1280px\" \/><\/p>\n<p><img loading=\"lazy\" class=\"alignnone size-full wp-image-240939\" src=\"https:\/\/franciscanos.org.br\/noticias\/wp-content\/uploads\/2022\/11\/xaxim_2111.jpg\" alt=\"\" width=\"1280\" height=\"720\" srcset=\"https:\/\/franciscanos.org.br\/noticias\/wp-content\/uploads\/2022\/11\/xaxim_2111.jpg 1280w, https:\/\/franciscanos.org.br\/noticias\/wp-content\/uploads\/2022\/11\/xaxim_2111-450x253.jpg 450w, https:\/\/franciscanos.org.br\/noticias\/wp-content\/uploads\/2022\/11\/xaxim_2111-1024x576.jpg 1024w, https:\/\/franciscanos.org.br\/noticias\/wp-content\/uploads\/2022\/11\/xaxim_2111-768x432.jpg 768w, https:\/\/franciscanos.org.br\/noticias\/wp-content\/uploads\/2022\/11\/xaxim_2111-150x84.jpg 150w\" sizes=\"(max-width: 1280px) 100vw, 1280px\" \/><\/p>\n<p>No s\u00e1bado (19\/11) ocorreu a 2\u00aa Missa Italiana na Festa de Nossa Senhora da Sa\u00fade. A celebra\u00e7\u00e3o foi presidida por Frei Ludovico Garmus e concelebrada pelo p\u00e1roco Frei Gilson. A Missa foi toda celebrada em italiano e preparada por descendentes de italiano de diferentes gera\u00e7\u00f5es. Um pequeno memorial foi montado ao lado do altar com objetos que fazem mem\u00f3ria aos nonos e nonas, colonizadores da regi\u00e3o. A \u201cm\u00eascola\u201d da polenta, o tacho, lampi\u00e3o, avental, as tradicionais toalhas xadrez, o r\u00e1dio, entre outros objetos.<\/p>\n<p>O povo de Deus esteve presente no domingo, para bem celebrar a Festa de Nossa Senhora da Sa\u00fade. A Comunidade de Lajeado Grande foi a respons\u00e1vel pela liturgia e cantos da celebra\u00e7\u00e3o.<\/p>\n<p><img loading=\"lazy\" class=\"alignnone size-full wp-image-240935\" src=\"https:\/\/franciscanos.org.br\/noticias\/wp-content\/uploads\/2022\/11\/xaxim_04.jpg\" alt=\"\" width=\"960\" height=\"1180\" srcset=\"https:\/\/franciscanos.org.br\/noticias\/wp-content\/uploads\/2022\/11\/xaxim_04.jpg 879w, https:\/\/franciscanos.org.br\/noticias\/wp-content\/uploads\/2022\/11\/xaxim_04-366x450.jpg 366w, https:\/\/franciscanos.org.br\/noticias\/wp-content\/uploads\/2022\/11\/xaxim_04-833x1024.jpg 833w, https:\/\/franciscanos.org.br\/noticias\/wp-content\/uploads\/2022\/11\/xaxim_04-768x944.jpg 768w, https:\/\/franciscanos.org.br\/noticias\/wp-content\/uploads\/2022\/11\/xaxim_04-150x184.jpg 150w\" sizes=\"(max-width: 960px) 100vw, 960px\" \/><\/p>\n<p>Frei Gilson, em sua homilia, agradeceu aos confrades, aos fi\u00e9is que estavam presentes na Igreja Matriz e aos que acompanhavam pelas redes sociais. \u201cTerminamos esse ano lit\u00fargico celebrando Cristo Rei do universo. Hoje somos convidados a refletir um pouco melhor sobre a realeza de Deus. A realeza de Cristo podemos enxergar atrav\u00e9s do evangelho e que todos n\u00f3s proclamamos aos p\u00e9s da cruz\u201d.<\/p>\n<p>Conforme o sacerdote, podemos ter a certeza de que estamos participando da realeza de Deus no dia a dia, no ambiente em que vivemos e com as pessoas que convivemos. \u201cQue todos n\u00f3s possamos hoje em nossa vida, em todos os ambientes que convivemos, no pessoal e no profissional, ter a certeza de que tamb\u00e9m estamos participando do reinado de Cristo e que assim, consequentemente, possamos viver esse para\u00edso\u201d, afirmou o p\u00e1roco.<\/p>\n<p><img loading=\"lazy\" class=\"alignnone size-full wp-image-240936\" src=\"https:\/\/franciscanos.org.br\/noticias\/wp-content\/uploads\/2022\/11\/xaxim_07.jpg\" alt=\"\" width=\"1280\" height=\"705\" srcset=\"https:\/\/franciscanos.org.br\/noticias\/wp-content\/uploads\/2022\/11\/xaxim_07.jpg 1280w, https:\/\/franciscanos.org.br\/noticias\/wp-content\/uploads\/2022\/11\/xaxim_07-450x248.jpg 450w, https:\/\/franciscanos.org.br\/noticias\/wp-content\/uploads\/2022\/11\/xaxim_07-1024x564.jpg 1024w, https:\/\/franciscanos.org.br\/noticias\/wp-content\/uploads\/2022\/11\/xaxim_07-768x423.jpg 768w, https:\/\/franciscanos.org.br\/noticias\/wp-content\/uploads\/2022\/11\/xaxim_07-150x83.jpg 150w\" sizes=\"(max-width: 1280px) 100vw, 1280px\" \/><\/p>\n<p>\u201cQue possamos hoje, a partir de nossa devo\u00e7\u00e3o e nossa f\u00e9 a Nossa Senhora da Sa\u00fade, que \u00e9 a nossa co-padroeira e que durante tr\u00eas dias do tr\u00edduo a celebramos. Ontem especialmente em italiano\u201d, disse o Frade. E seguiu relembrando a liturgia s\u00e1bado, onde Cristo questionava quem era sua fam\u00edlia, sua m\u00e3e. \u201cSe a liturgia de ontem o Cristo nos questionava quem \u00e9 minha m\u00e3e, quem s\u00e3o os meus irm\u00e3os e ele dizia: \u2018Todo aquele que faz a vontade de Deus\u2019. \u00c9 nessa certeza que queremos tamb\u00e9m participar do reinado de Cristo. \u00c9 necess\u00e1rio tamb\u00e9m que a gente possa fazer a vontade de Deus, e qual \u00e9 a vontade de Deus? \u00c9 a gente viver com sa\u00fade, paz, alegria tendo as condi\u00e7\u00f5es m\u00ednimas para continuar sendo um sinal dessa presen\u00e7a de Deus e assim onde n\u00f3s estivermos estaremos com o Rei dos c\u00e9us\u201d, afirmou Frei Gilson.<\/p>\n<p><img loading=\"lazy\" class=\"alignnone size-full wp-image-240937\" src=\"https:\/\/franciscanos.org.br\/noticias\/wp-content\/uploads\/2022\/11\/xaxim_02.jpg\" alt=\"\" width=\"1280\" height=\"720\" srcset=\"https:\/\/franciscanos.org.br\/noticias\/wp-content\/uploads\/2022\/11\/xaxim_02.jpg 1280w, https:\/\/franciscanos.org.br\/noticias\/wp-content\/uploads\/2022\/11\/xaxim_02-450x253.jpg 450w, https:\/\/franciscanos.org.br\/noticias\/wp-content\/uploads\/2022\/11\/xaxim_02-1024x576.jpg 1024w, https:\/\/franciscanos.org.br\/noticias\/wp-content\/uploads\/2022\/11\/xaxim_02-768x432.jpg 768w, https:\/\/franciscanos.org.br\/noticias\/wp-content\/uploads\/2022\/11\/xaxim_02-150x84.jpg 150w\" sizes=\"(max-width: 1280px) 100vw, 1280px\" \/><\/p>\n<p>Para encerrar sua reflex\u00e3o, o frade pediu pela prote\u00e7\u00e3o e intercess\u00e3o de Nossa Senhora. \u201cQue a partir desse cuidado materno de Nossa Senhora a cada um de n\u00f3s, possamos hoje alcan\u00e7ar essa gra\u00e7a, mesmo diante da dor, diante das doen\u00e7as, do sofrimento e da morte. Das situa\u00e7\u00f5es que, muitas vezes, achamos que n\u00e3o estamos fazendo parte do reinado de Deus, em que a gente n\u00e3o est\u00e1 conseguindo participar do para\u00edso que Cristo nos promete. S\u00e3o esses os momentos que precisamos ter nossa f\u00e9, a nossa ora\u00e7\u00e3o e sobretudo pedindo o cuidado materno de Nossa Senhora com a gente\u201d.<\/p>\n<p>No final da celebra\u00e7\u00e3o, o agradecimento a todos os envolvidos que ajudaram na Festa de Nossa Senhora da Sa\u00fade durante os quatro dias de festa. Seguindo os dias do tr\u00edduo, o povo de Deus que estava presente na igreja recebeu a b\u00ean\u00e7\u00e3o com o \u00f3leo Santo e b\u00ean\u00e7\u00e3o da Sa\u00fade.<\/p>\n<p><img loading=\"lazy\" class=\"alignnone wp-image-240933 size-full\" src=\"https:\/\/franciscanos.org.br\/noticias\/wp-content\/uploads\/2022\/11\/xaxim_05.jpg\" alt=\"\" width=\"1280\" height=\"960\" srcset=\"https:\/\/franciscanos.org.br\/noticias\/wp-content\/uploads\/2022\/11\/xaxim_05.jpg 1280w, https:\/\/franciscanos.org.br\/noticias\/wp-content\/uploads\/2022\/11\/xaxim_05-450x338.jpg 450w, https:\/\/franciscanos.org.br\/noticias\/wp-content\/uploads\/2022\/11\/xaxim_05-1024x768.jpg 1024w, https:\/\/franciscanos.org.br\/noticias\/wp-content\/uploads\/2022\/11\/xaxim_05-768x576.jpg 768w, https:\/\/franciscanos.org.br\/noticias\/wp-content\/uploads\/2022\/11\/xaxim_05-150x113.jpg 150w, https:\/\/franciscanos.org.br\/noticias\/wp-content\/uploads\/2022\/11\/xaxim_05-600x450.jpg 600w\" sizes=\"(max-width: 1280px) 100vw, 1280px\" \/><\/p>\n<p>A Festa de Nossa Senhora da Sa\u00fade deste ano marca o lan\u00e7amento oficial do restauro da Igreja Matriz S\u00e3o Luiz Gonzaga. Ser\u00e3o de dois a tr\u00eas anos de trabalho com uma equipe especializada em restauro de templos religiosos. Um pouco desta hist\u00f3ria de constru\u00e7\u00e3o voc\u00ea pode acompanhar no v\u00eddeo que foi preparado especialmente para a divulga\u00e7\u00e3o nas redes sociais da Par\u00f3quia.<\/p>\n<hr \/>\n<p><em>Camila Mendo, pela Pascom da Par\u00f3quia S\u00e3o Luiz Gonzaga<\/em><\/p>\n<p><iframe loading=\"lazy\" title=\"YouTube video player\" src=\"https:\/\/www.youtube.com\/embed\/NDeARNCR5XE\" width=\"100%\" height=\"500\" frameborder=\"0\" allowfullscreen=\"allowfullscreen\"><span data-mce-type=\"bookmark\" style=\"display: inline-block; width: 0px; overflow: hidden; line-height: 0;\" class=\"mce_SELRES_start\">\ufeff<\/span><\/iframe><\/p>\n","protected":false},"excerpt":{"rendered":"<p>Par\u00f3quia S\u00e3o Luiz Gonzaga de Xaxim<\/p>\n","protected":false},"author":3,"featured_media":240932,"comment_status":"open","ping_status":"open","sticky":false,"template":"","format":"standard","meta":[],"categories":[1],"tags":[1591],"acf":[],"yoast_head":"<!-- This site is optimized with the Yoast SEO plugin v19.2 - https:\/\/yoast.com\/wordpress\/plugins\/seo\/ -->\n<title>Par\u00f3quia de Xaxim celebra Nossa Senhora da Sa\u00fade - Not\u00edcias - Franciscanos<\/title>\n<meta name=\"robots\" content=\"index, follow, max-snippet:-1, max-image-preview:large, max-video-preview:-1\" \/>\n<link rel=\"canonical\" href=\"https:\/\/franciscanos.org.br\/noticias\/paroquia-de-xaxim-celebra-nossa-senhora-da-saude.html\" \/>\n<meta property=\"og:locale\" content=\"pt_BR\" \/>\n<meta property=\"og:type\" content=\"article\" \/>\n<meta property=\"og:title\" content=\"Par\u00f3quia de Xaxim celebra Nossa Senhora da Sa\u00fade - Not\u00edcias - Franciscanos\" \/>\n<meta property=\"og:description\" content=\"Par\u00f3quia S\u00e3o Luiz Gonzaga de Xaxim\" \/>\n<meta property=\"og:url\" content=\"https:\/\/franciscanos.org.br\/noticias\/paroquia-de-xaxim-celebra-nossa-senhora-da-saude.html\" \/>\n<meta property=\"og:site_name\" content=\"Not\u00edcias - Franciscanos\" \/>\n<meta property=\"article:published_time\" content=\"2022-11-21T18:48:50+00:00\" \/>\n<meta property=\"article:modified_time\" content=\"2022-11-21T18:49:28+00:00\" \/>\n<meta property=\"og:image\" content=\"https:\/\/franciscanos.org.br\/noticias\/wp-content\/uploads\/2022\/11\/xaxim_03.jpg\" \/>\n\t<meta property=\"og:image:width\" content=\"1280\" \/>\n\t<meta property=\"og:image:height\" content=\"720\" \/>\n\t<meta property=\"og:image:type\" content=\"image\/jpeg\" \/>\n<meta name=\"author\" content=\"moacir\" \/>\n<meta name=\"twitter:card\" content=\"summary_large_image\" \/>\n<meta name=\"twitter:label1\" content=\"Escrito por\" \/>\n\t<meta name=\"twitter:data1\" content=\"moacir\" \/>\n\t<meta name=\"twitter:label2\" content=\"Est. tempo de leitura\" \/>\n\t<meta name=\"twitter:data2\" content=\"4 minutos\" \/>\n<script type=\"application\/ld+json\" class=\"yoast-schema-graph\">{\"@context\":\"https:\/\/schema.org\",\"@graph\":[{\"@type\":\"WebSite\",\"@id\":\"https:\/\/franciscanos.org.br\/noticias\/#website\",\"url\":\"https:\/\/franciscanos.org.br\/noticias\/\",\"name\":\"Not\u00edcias - Franciscanos\",\"description\":\"Prov\u00edncia Franciscana da Imaculada Concei\u00e7\u00e3o do Brasil - Ordem dos Frades Menores - OFM\",\"potentialAction\":[{\"@type\":\"SearchAction\",\"target\":{\"@type\":\"EntryPoint\",\"urlTemplate\":\"https:\/\/franciscanos.org.br\/noticias\/?s={search_term_string}\"},\"query-input\":\"required name=search_term_string\"}],\"inLanguage\":\"pt-BR\"},{\"@type\":\"ImageObject\",\"inLanguage\":\"pt-BR\",\"@id\":\"https:\/\/franciscanos.org.br\/noticias\/paroquia-de-xaxim-celebra-nossa-senhora-da-saude.html#primaryimage\",\"url\":\"https:\/\/franciscanos.org.br\/noticias\/wp-content\/uploads\/2022\/11\/xaxim_03.jpg\",\"contentUrl\":\"https:\/\/franciscanos.org.br\/noticias\/wp-content\/uploads\/2022\/11\/xaxim_03.jpg\",\"width\":1280,\"height\":720},{\"@type\":\"WebPage\",\"@id\":\"https:\/\/franciscanos.org.br\/noticias\/paroquia-de-xaxim-celebra-nossa-senhora-da-saude.html#webpage\",\"url\":\"https:\/\/franciscanos.org.br\/noticias\/paroquia-de-xaxim-celebra-nossa-senhora-da-saude.html\",\"name\":\"Par\u00f3quia de Xaxim celebra Nossa Senhora da Sa\u00fade - Not\u00edcias - Franciscanos\",\"isPartOf\":{\"@id\":\"https:\/\/franciscanos.org.br\/noticias\/#website\"},\"primaryImageOfPage\":{\"@id\":\"https:\/\/franciscanos.org.br\/noticias\/paroquia-de-xaxim-celebra-nossa-senhora-da-saude.html#primaryimage\"},\"datePublished\":\"2022-11-21T18:48:50+00:00\",\"dateModified\":\"2022-11-21T18:49:28+00:00\",\"author\":{\"@id\":\"https:\/\/franciscanos.org.br\/noticias\/#\/schema\/person\/b5c8cba458c330ccff548b056e95a5d4\"},\"breadcrumb\":{\"@id\":\"https:\/\/franciscanos.org.br\/noticias\/paroquia-de-xaxim-celebra-nossa-senhora-da-saude.html#breadcrumb\"},\"inLanguage\":\"pt-BR\",\"potentialAction\":[{\"@type\":\"ReadAction\",\"target\":[\"https:\/\/franciscanos.org.br\/noticias\/paroquia-de-xaxim-celebra-nossa-senhora-da-saude.html\"]}]},{\"@type\":\"BreadcrumbList\",\"@id\":\"https:\/\/franciscanos.org.br\/noticias\/paroquia-de-xaxim-celebra-nossa-senhora-da-saude.html#breadcrumb\",\"itemListElement\":[{\"@type\":\"ListItem\",\"position\":1,\"name\":\"Home\",\"item\":\"https:\/\/franciscanos.org.br\/noticias\"},{\"@type\":\"ListItem\",\"position\":2,\"name\":\"Par\u00f3quia de Xaxim celebra Nossa Senhora da Sa\u00fade\"}]},{\"@type\":\"Person\",\"@id\":\"https:\/\/franciscanos.org.br\/noticias\/#\/schema\/person\/b5c8cba458c330ccff548b056e95a5d4\",\"name\":\"moacir\",\"image\":{\"@type\":\"ImageObject\",\"inLanguage\":\"pt-BR\",\"@id\":\"https:\/\/franciscanos.org.br\/noticias\/#\/schema\/person\/image\/\",\"url\":\"https:\/\/secure.gravatar.com\/avatar\/d08aa2ce4c8dd416d4479aa8536fcf64?s=96&d=mm&r=g\",\"contentUrl\":\"https:\/\/secure.gravatar.com\/avatar\/d08aa2ce4c8dd416d4479aa8536fcf64?s=96&d=mm&r=g\",\"caption\":\"moacir\"},\"url\":\"https:\/\/franciscanos.org.br\/noticias\/author\/moacir\"}]}<\/script>\n<!-- \/ Yoast SEO plugin. -->","yoast_head_json":{"title":"Par\u00f3quia de Xaxim celebra Nossa Senhora da Sa\u00fade - Not\u00edcias - Franciscanos","robots":{"index":"index","follow":"follow","max-snippet":"max-snippet:-1","max-image-preview":"max-image-preview:large","max-video-preview":"max-video-preview:-1"},"canonical":"https:\/\/franciscanos.org.br\/noticias\/paroquia-de-xaxim-celebra-nossa-senhora-da-saude.html","og_locale":"pt_BR","og_type":"article","og_title":"Par\u00f3quia de Xaxim celebra Nossa Senhora da Sa\u00fade - Not\u00edcias - Franciscanos","og_description":"Par\u00f3quia S\u00e3o Luiz Gonzaga de Xaxim","og_url":"https:\/\/franciscanos.org.br\/noticias\/paroquia-de-xaxim-celebra-nossa-senhora-da-saude.html","og_site_name":"Not\u00edcias - Franciscanos","article_published_time":"2022-11-21T18:48:50+00:00","article_modified_time":"2022-11-21T18:49:28+00:00","og_image":[{"width":1280,"height":720,"url":"https:\/\/franciscanos.org.br\/noticias\/wp-content\/uploads\/2022\/11\/xaxim_03.jpg","type":"image\/jpeg"}],"author":"moacir","twitter_card":"summary_large_image","twitter_misc":{"Escrito por":"moacir","Est. tempo de leitura":"4 minutos"},"schema":{"@context":"https:\/\/schema.org","@graph":[{"@type":"WebSite","@id":"https:\/\/franciscanos.org.br\/noticias\/#website","url":"https:\/\/franciscanos.org.br\/noticias\/","name":"Not\u00edcias - Franciscanos","description":"Prov\u00edncia Franciscana da Imaculada Concei\u00e7\u00e3o do Brasil - Ordem dos Frades Menores - OFM","potentialAction":[{"@type":"SearchAction","target":{"@type":"EntryPoint","urlTemplate":"https:\/\/franciscanos.org.br\/noticias\/?s={search_term_string}"},"query-input":"required name=search_term_string"}],"inLanguage":"pt-BR"},{"@type":"ImageObject","inLanguage":"pt-BR","@id":"https:\/\/franciscanos.org.br\/noticias\/paroquia-de-xaxim-celebra-nossa-senhora-da-saude.html#primaryimage","url":"https:\/\/franciscanos.org.br\/noticias\/wp-content\/uploads\/2022\/11\/xaxim_03.jpg","contentUrl":"https:\/\/franciscanos.org.br\/noticias\/wp-content\/uploads\/2022\/11\/xaxim_03.jpg","width":1280,"height":720},{"@type":"WebPage","@id":"https:\/\/franciscanos.org.br\/noticias\/paroquia-de-xaxim-celebra-nossa-senhora-da-saude.html#webpage","url":"https:\/\/franciscanos.org.br\/noticias\/paroquia-de-xaxim-celebra-nossa-senhora-da-saude.html","name":"Par\u00f3quia de Xaxim celebra Nossa Senhora da Sa\u00fade - Not\u00edcias - Franciscanos","isPartOf":{"@id":"https:\/\/franciscanos.org.br\/noticias\/#website"},"primaryImageOfPage":{"@id":"https:\/\/franciscanos.org.br\/noticias\/paroquia-de-xaxim-celebra-nossa-senhora-da-saude.html#primaryimage"},"datePublished":"2022-11-21T18:48:50+00:00","dateModified":"2022-11-21T18:49:28+00:00","author":{"@id":"https:\/\/franciscanos.org.br\/noticias\/#\/schema\/person\/b5c8cba458c330ccff548b056e95a5d4"},"breadcrumb":{"@id":"https:\/\/franciscanos.org.br\/noticias\/paroquia-de-xaxim-celebra-nossa-senhora-da-saude.html#breadcrumb"},"inLanguage":"pt-BR","potentialAction":[{"@type":"ReadAction","target":["https:\/\/franciscanos.org.br\/noticias\/paroquia-de-xaxim-celebra-nossa-senhora-da-saude.html"]}]},{"@type":"BreadcrumbList","@id":"https:\/\/franciscanos.org.br\/noticias\/paroquia-de-xaxim-celebra-nossa-senhora-da-saude.html#breadcrumb","itemListElement":[{"@type":"ListItem","position":1,"name":"Home","item":"https:\/\/franciscanos.org.br\/noticias"},{"@type":"ListItem","position":2,"name":"Par\u00f3quia de Xaxim celebra Nossa Senhora da Sa\u00fade"}]},{"@type":"Person","@id":"https:\/\/franciscanos.org.br\/noticias\/#\/schema\/person\/b5c8cba458c330ccff548b056e95a5d4","name":"moacir","image":{"@type":"ImageObject","inLanguage":"pt-BR","@id":"https:\/\/franciscanos.org.br\/noticias\/#\/schema\/person\/image\/","url":"https:\/\/secure.gravatar.com\/avatar\/d08aa2ce4c8dd416d4479aa8536fcf64?s=96&d=mm&r=g","contentUrl":"https:\/\/secure.gravatar.com\/avatar\/d08aa2ce4c8dd416d4479aa8536fcf64?s=96&d=mm&r=g","caption":"moacir"},"url":"https:\/\/franciscanos.org.br\/noticias\/author\/moacir"}]}},"_links":{"self":[{"href":"https:\/\/franciscanos.org.br\/noticias\/wp-json\/wp\/v2\/posts\/240931"}],"collection":[{"href":"https:\/\/franciscanos.org.br\/noticias\/wp-json\/wp\/v2\/posts"}],"about":[{"href":"https:\/\/franciscanos.org.br\/noticias\/wp-json\/wp\/v2\/types\/post"}],"author":[{"embeddable":true,"href":"https:\/\/franciscanos.org.br\/noticias\/wp-json\/wp\/v2\/users\/3"}],"replies":[{"embeddable":true,"href":"https:\/\/franciscanos.org.br\/noticias\/wp-json\/wp\/v2\/comments?post=240931"}],"version-history":[{"count":2,"href":"https:\/\/franciscanos.org.br\/noticias\/wp-json\/wp\/v2\/posts\/240931\/revisions"}],"predecessor-version":[{"id":240940,"href":"https:\/\/franciscanos.org.br\/noticias\/wp-json\/wp\/v2\/posts\/240931\/revisions\/240940"}],"wp:featuredmedia":[{"embeddable":true,"href":"https:\/\/franciscanos.org.br\/noticias\/wp-json\/wp\/v2\/media\/240932"}],"wp:attachment":[{"href":"https:\/\/franciscanos.org.br\/noticias\/wp-json\/wp\/v2\/media?parent=240931"}],"wp:term":[{"taxonomy":"category","embeddable":true,"href":"https:\/\/franciscanos.org.br\/noticias\/wp-json\/wp\/v2\/categories?post=240931"},{"taxonomy":"post_tag","embeddable":true,"href":"https:\/\/franciscanos.org.br\/noticias\/wp-json\/wp\/v2\/tags?post=240931"}],"curies":[{"name":"wp","href":"https:\/\/api.w.org\/{rel}","templated":true}]}}