{"id":240924,"date":"2022-11-21T08:49:38","date_gmt":"2022-11-21T11:49:38","guid":{"rendered":"https:\/\/franciscanos.org.br\/noticias\/?p=240924"},"modified":"2022-11-21T08:49:38","modified_gmt":"2022-11-21T11:49:38","slug":"estagios-vocacionais-mergulham-a-provincia-no-ano-vocacional","status":"publish","type":"post","link":"https:\/\/franciscanos.org.br\/noticias\/estagios-vocacionais-mergulham-a-provincia-no-ano-vocacional.html","title":{"rendered":"Est\u00e1gios Vocacionais \u201cmergulham\u201d a Prov\u00edncia no Ano Vocacional"},"content":{"rendered":"<p><img loading=\"lazy\" class=\"alignnone wp-image-240925 size-full\" src=\"https:\/\/franciscanos.org.br\/noticias\/wp-content\/uploads\/2022\/11\/sav_01.jpg\" alt=\"\" width=\"1280\" height=\"720\" srcset=\"https:\/\/franciscanos.org.br\/noticias\/wp-content\/uploads\/2022\/11\/sav_01.jpg 1280w, https:\/\/franciscanos.org.br\/noticias\/wp-content\/uploads\/2022\/11\/sav_01-450x253.jpg 450w, https:\/\/franciscanos.org.br\/noticias\/wp-content\/uploads\/2022\/11\/sav_01-1024x576.jpg 1024w, https:\/\/franciscanos.org.br\/noticias\/wp-content\/uploads\/2022\/11\/sav_01-768x432.jpg 768w, https:\/\/franciscanos.org.br\/noticias\/wp-content\/uploads\/2022\/11\/sav_01-150x84.jpg 150w\" sizes=\"(max-width: 1280px) 100vw, 1280px\" \/><br \/>\nQuando assistimos competi\u00e7\u00f5es ol\u00edmpicas, na modalidade de nata\u00e7\u00e3o, logo ficamos admirados com a rapidez com que os atletas, por meio de bra\u00e7adas, cumprem um percurso. O mergulho \u00e9 um \u201cflash\u201d. Por\u00e9m, para aquele que se projeta na \u00e1gua, esses gestos s\u00e3o bem mais prolongados. Isso porque ele precisa realizar esse mergulho v\u00e1rias vezes, por muito tempo, para aprimorar as melhores t\u00e9cnicas. No mergulho da competi\u00e7\u00e3o est\u00e1 contida a infinidade de vezes que o atleta se dedicou em treinar.<\/p>\n<p>E mesmo sem ter dado uma bra\u00e7ada sequer, 24 jovens fizeram uma experi\u00eancia de \u201cmergulho\u201d no carisma franciscano. Por meio dos Est\u00e1gios Vocacionais que aconteceram em Guaratinguet\u00e1\/SP (11 \u2013 15\/11) e em Ituporanga\/SC (17-20\/11), os participantes puderam se projetar para \u201c\u00e1guas mais profundas\u201d do chamado do Senhor e buscar a gra\u00e7a do discernimento e da reflex\u00e3o sobre o modo de vida franciscano. Esta ocasi\u00e3o, para muitos, \u00e9 uma das primeiras bra\u00e7adas no \u201cmar\u201d do ser frade menor, que aos poucos, no cotidiano, vai sendo cada vez mais assimilado pela pessoa que se coloca \u00e0 disposi\u00e7\u00e3o do chamado do Senhor.<\/p>\n<p><img loading=\"lazy\" class=\"alignnone size-full wp-image-240928\" src=\"https:\/\/franciscanos.org.br\/noticias\/wp-content\/uploads\/2022\/11\/sav_05.jpg\" alt=\"\" width=\"1280\" height=\"615\" srcset=\"https:\/\/franciscanos.org.br\/noticias\/wp-content\/uploads\/2022\/11\/sav_05.jpg 1280w, https:\/\/franciscanos.org.br\/noticias\/wp-content\/uploads\/2022\/11\/sav_05-450x216.jpg 450w, https:\/\/franciscanos.org.br\/noticias\/wp-content\/uploads\/2022\/11\/sav_05-1024x492.jpg 1024w, https:\/\/franciscanos.org.br\/noticias\/wp-content\/uploads\/2022\/11\/sav_05-768x369.jpg 768w, https:\/\/franciscanos.org.br\/noticias\/wp-content\/uploads\/2022\/11\/sav_05-150x72.jpg 150w\" sizes=\"(max-width: 1280px) 100vw, 1280px\" \/><\/p>\n<p>E esse mergulho se deu por meio da imers\u00e3o completa naquilo que h\u00e1 de muito sagrado: a rotina. Experimentando um pouco do dia a dia de uma casa de forma\u00e7\u00e3o, eles puderam observar o modo franciscano de rezar, de conviver, de trabalhar, de evangelizar e formar. E por mais que tenha sido um mergulho r\u00e1pido, puderam aprofundar ainda mais o que significa abra\u00e7ar a vida religiosa consagrada, refletindo sobre a voca\u00e7\u00e3o de S\u00e3o Francisco, os votos religiosos e a organiza\u00e7\u00e3o da Prov\u00edncia e da Ordem.<\/p>\n<p>Al\u00e9m disso, os corajosos que se lan\u00e7aram tiveram oportunidade de se refletir sobre uma realidade vasta, bela e misteriosa: a pr\u00f3pria hist\u00f3ria. Durante o per\u00edodo de est\u00e1gio, portanto, tiveram ocasi\u00e3o para revisitar a sua vida, escrev\u00ea-la, identificando o que j\u00e1 vivenciado. Por meio de din\u00e2micas puderam evidenciar tra\u00e7os de sua personalidade, partilhar potencialidades da sua caminhada, bem como medos e dificuldades, inclusive com a ajuda de profissionais da \u00e1rea da sa\u00fade mental.<\/p>\n<p><img loading=\"lazy\" class=\"alignnone size-full wp-image-240929\" src=\"https:\/\/franciscanos.org.br\/noticias\/wp-content\/uploads\/2022\/11\/sav_02.jpg\" alt=\"\" width=\"1280\" height=\"710\" srcset=\"https:\/\/franciscanos.org.br\/noticias\/wp-content\/uploads\/2022\/11\/sav_02.jpg 1280w, https:\/\/franciscanos.org.br\/noticias\/wp-content\/uploads\/2022\/11\/sav_02-450x250.jpg 450w, https:\/\/franciscanos.org.br\/noticias\/wp-content\/uploads\/2022\/11\/sav_02-1024x568.jpg 1024w, https:\/\/franciscanos.org.br\/noticias\/wp-content\/uploads\/2022\/11\/sav_02-768x426.jpg 768w, https:\/\/franciscanos.org.br\/noticias\/wp-content\/uploads\/2022\/11\/sav_02-150x83.jpg 150w\" sizes=\"(max-width: 1280px) 100vw, 1280px\" \/><\/p>\n<p>E esta experi\u00eancia de est\u00e1gio mergulha a nossa Prov\u00edncia Franciscana no Ano Vocacional, que em 2023, quer refletir sobre o tema \u201cVoca\u00e7\u00e3o: Gra\u00e7a e Miss\u00e3o\u201d e o lema \u201cCora\u00e7\u00f5es ardentes, p\u00e9s a caminho\u201d (Lc 24, 32-33). Por isso, nas duas ocasi\u00f5es, durante as celebra\u00e7\u00f5es, foi recordada a import\u00e2ncia de valorizar, apoiar e rezar pelas voca\u00e7\u00f5es. Em Guaratinguet\u00e1 tal motiva\u00e7\u00e3o se deu na celebra\u00e7\u00e3o dominical com o povo que costumeiramente participa das atividades do Semin\u00e1rio Frei Galv\u00e3o. Em Ituporanga esta ocasi\u00e3o foi acrescida com uma bonita celebra\u00e7\u00e3o com expressiva presen\u00e7a de jovens, que aceitaram o desafio de participar da missa e depois subir os mais de 400 degraus que levam at\u00e9 uma imagem de Nossa Senhora de Lourdes, Santu\u00e1rio rec\u00e9m-constru\u00eddo pr\u00f3ximo da Igreja Matriz Santo Estev\u00e3o, onde foi a Celebra\u00e7\u00e3o Eucar\u00edstica.<\/p>\n<p><img loading=\"lazy\" class=\"alignnone size-full wp-image-240926\" src=\"https:\/\/franciscanos.org.br\/noticias\/wp-content\/uploads\/2022\/11\/sav_03.jpg\" alt=\"\" width=\"1280\" height=\"875\" srcset=\"https:\/\/franciscanos.org.br\/noticias\/wp-content\/uploads\/2022\/11\/sav_03.jpg 1280w, https:\/\/franciscanos.org.br\/noticias\/wp-content\/uploads\/2022\/11\/sav_03-450x308.jpg 450w, https:\/\/franciscanos.org.br\/noticias\/wp-content\/uploads\/2022\/11\/sav_03-1024x700.jpg 1024w, https:\/\/franciscanos.org.br\/noticias\/wp-content\/uploads\/2022\/11\/sav_03-768x525.jpg 768w, https:\/\/franciscanos.org.br\/noticias\/wp-content\/uploads\/2022\/11\/sav_03-150x103.jpg 150w, https:\/\/franciscanos.org.br\/noticias\/wp-content\/uploads\/2022\/11\/sav_03-320x220.jpg 320w\" sizes=\"(max-width: 1280px) 100vw, 1280px\" \/><\/p>\n<p><img loading=\"lazy\" class=\"alignnone size-full wp-image-240927\" src=\"https:\/\/franciscanos.org.br\/noticias\/wp-content\/uploads\/2022\/11\/sav_04.jpg\" alt=\"\" width=\"1280\" height=\"838\" srcset=\"https:\/\/franciscanos.org.br\/noticias\/wp-content\/uploads\/2022\/11\/sav_04.jpg 1280w, https:\/\/franciscanos.org.br\/noticias\/wp-content\/uploads\/2022\/11\/sav_04-450x295.jpg 450w, https:\/\/franciscanos.org.br\/noticias\/wp-content\/uploads\/2022\/11\/sav_04-1024x670.jpg 1024w, https:\/\/franciscanos.org.br\/noticias\/wp-content\/uploads\/2022\/11\/sav_04-768x503.jpg 768w, https:\/\/franciscanos.org.br\/noticias\/wp-content\/uploads\/2022\/11\/sav_04-150x98.jpg 150w\" sizes=\"(max-width: 1280px) 100vw, 1280px\" \/><\/p>\n<p>Portanto, com esta motiva\u00e7\u00e3o de rezar pelas voca\u00e7\u00f5es, pe\u00e7amos ao Senhor da messe que conduza bem os nossos irm\u00e3os que deram esse primeiro mergulho na vida religiosa franciscana. Que saibam discernir bem o seu chamado, aprimorem suas bra\u00e7adas, para atingir com ainda mais rapidez e perfei\u00e7\u00e3o a meta que \u00e9 Cristo. E que este ano vocacional possa impulsionar na Igreja a coragem de mais e mais irm\u00e3os que irm\u00e3s que se projetem nesse mergulho, \u201cavan\u00e7ando para \u00e1guas mais profundas\u201d do chamado do Senhor.<\/p>\n<hr \/>\n<p><em>Frei Gabriel Dellandrea<\/em><\/p>\n","protected":false},"excerpt":{"rendered":"<p>Servi\u00e7o de Anima\u00e7\u00e3o Vocacional<\/p>\n","protected":false},"author":3,"featured_media":240925,"comment_status":"open","ping_status":"open","sticky":false,"template":"","format":"standard","meta":[],"categories":[1],"tags":[552],"acf":[],"yoast_head":"<!-- This site is optimized with the Yoast SEO plugin v19.2 - https:\/\/yoast.com\/wordpress\/plugins\/seo\/ -->\n<title>Est\u00e1gios Vocacionais \u201cmergulham\u201d a Prov\u00edncia no Ano Vocacional - Not\u00edcias - Franciscanos<\/title>\n<meta name=\"robots\" content=\"index, follow, max-snippet:-1, max-image-preview:large, max-video-preview:-1\" \/>\n<link rel=\"canonical\" href=\"https:\/\/franciscanos.org.br\/noticias\/estagios-vocacionais-mergulham-a-provincia-no-ano-vocacional.html\" \/>\n<meta property=\"og:locale\" content=\"pt_BR\" \/>\n<meta property=\"og:type\" content=\"article\" \/>\n<meta property=\"og:title\" content=\"Est\u00e1gios Vocacionais \u201cmergulham\u201d a Prov\u00edncia no Ano Vocacional - Not\u00edcias - Franciscanos\" \/>\n<meta property=\"og:description\" content=\"Servi\u00e7o de Anima\u00e7\u00e3o Vocacional\" \/>\n<meta property=\"og:url\" content=\"https:\/\/franciscanos.org.br\/noticias\/estagios-vocacionais-mergulham-a-provincia-no-ano-vocacional.html\" \/>\n<meta property=\"og:site_name\" content=\"Not\u00edcias - Franciscanos\" \/>\n<meta property=\"article:published_time\" content=\"2022-11-21T11:49:38+00:00\" \/>\n<meta property=\"og:image\" content=\"https:\/\/franciscanos.org.br\/noticias\/wp-content\/uploads\/2022\/11\/sav_01.jpg\" \/>\n\t<meta property=\"og:image:width\" content=\"1280\" \/>\n\t<meta property=\"og:image:height\" content=\"720\" \/>\n\t<meta property=\"og:image:type\" content=\"image\/jpeg\" \/>\n<meta name=\"author\" content=\"moacir\" \/>\n<meta name=\"twitter:card\" content=\"summary_large_image\" \/>\n<meta name=\"twitter:label1\" content=\"Escrito por\" \/>\n\t<meta name=\"twitter:data1\" content=\"moacir\" \/>\n\t<meta name=\"twitter:label2\" content=\"Est. tempo de leitura\" \/>\n\t<meta name=\"twitter:data2\" content=\"3 minutos\" \/>\n<script type=\"application\/ld+json\" class=\"yoast-schema-graph\">{\"@context\":\"https:\/\/schema.org\",\"@graph\":[{\"@type\":\"WebSite\",\"@id\":\"https:\/\/franciscanos.org.br\/noticias\/#website\",\"url\":\"https:\/\/franciscanos.org.br\/noticias\/\",\"name\":\"Not\u00edcias - Franciscanos\",\"description\":\"Prov\u00edncia Franciscana da Imaculada Concei\u00e7\u00e3o do Brasil - Ordem dos Frades Menores - OFM\",\"potentialAction\":[{\"@type\":\"SearchAction\",\"target\":{\"@type\":\"EntryPoint\",\"urlTemplate\":\"https:\/\/franciscanos.org.br\/noticias\/?s={search_term_string}\"},\"query-input\":\"required name=search_term_string\"}],\"inLanguage\":\"pt-BR\"},{\"@type\":\"ImageObject\",\"inLanguage\":\"pt-BR\",\"@id\":\"https:\/\/franciscanos.org.br\/noticias\/estagios-vocacionais-mergulham-a-provincia-no-ano-vocacional.html#primaryimage\",\"url\":\"https:\/\/franciscanos.org.br\/noticias\/wp-content\/uploads\/2022\/11\/sav_01.jpg\",\"contentUrl\":\"https:\/\/franciscanos.org.br\/noticias\/wp-content\/uploads\/2022\/11\/sav_01.jpg\",\"width\":1280,\"height\":720},{\"@type\":\"WebPage\",\"@id\":\"https:\/\/franciscanos.org.br\/noticias\/estagios-vocacionais-mergulham-a-provincia-no-ano-vocacional.html#webpage\",\"url\":\"https:\/\/franciscanos.org.br\/noticias\/estagios-vocacionais-mergulham-a-provincia-no-ano-vocacional.html\",\"name\":\"Est\u00e1gios Vocacionais \u201cmergulham\u201d a Prov\u00edncia no Ano Vocacional - Not\u00edcias - Franciscanos\",\"isPartOf\":{\"@id\":\"https:\/\/franciscanos.org.br\/noticias\/#website\"},\"primaryImageOfPage\":{\"@id\":\"https:\/\/franciscanos.org.br\/noticias\/estagios-vocacionais-mergulham-a-provincia-no-ano-vocacional.html#primaryimage\"},\"datePublished\":\"2022-11-21T11:49:38+00:00\",\"dateModified\":\"2022-11-21T11:49:38+00:00\",\"author\":{\"@id\":\"https:\/\/franciscanos.org.br\/noticias\/#\/schema\/person\/b5c8cba458c330ccff548b056e95a5d4\"},\"breadcrumb\":{\"@id\":\"https:\/\/franciscanos.org.br\/noticias\/estagios-vocacionais-mergulham-a-provincia-no-ano-vocacional.html#breadcrumb\"},\"inLanguage\":\"pt-BR\",\"potentialAction\":[{\"@type\":\"ReadAction\",\"target\":[\"https:\/\/franciscanos.org.br\/noticias\/estagios-vocacionais-mergulham-a-provincia-no-ano-vocacional.html\"]}]},{\"@type\":\"BreadcrumbList\",\"@id\":\"https:\/\/franciscanos.org.br\/noticias\/estagios-vocacionais-mergulham-a-provincia-no-ano-vocacional.html#breadcrumb\",\"itemListElement\":[{\"@type\":\"ListItem\",\"position\":1,\"name\":\"Home\",\"item\":\"https:\/\/franciscanos.org.br\/noticias\"},{\"@type\":\"ListItem\",\"position\":2,\"name\":\"Est\u00e1gios Vocacionais \u201cmergulham\u201d a Prov\u00edncia no Ano Vocacional\"}]},{\"@type\":\"Person\",\"@id\":\"https:\/\/franciscanos.org.br\/noticias\/#\/schema\/person\/b5c8cba458c330ccff548b056e95a5d4\",\"name\":\"moacir\",\"image\":{\"@type\":\"ImageObject\",\"inLanguage\":\"pt-BR\",\"@id\":\"https:\/\/franciscanos.org.br\/noticias\/#\/schema\/person\/image\/\",\"url\":\"https:\/\/secure.gravatar.com\/avatar\/d08aa2ce4c8dd416d4479aa8536fcf64?s=96&d=mm&r=g\",\"contentUrl\":\"https:\/\/secure.gravatar.com\/avatar\/d08aa2ce4c8dd416d4479aa8536fcf64?s=96&d=mm&r=g\",\"caption\":\"moacir\"},\"url\":\"https:\/\/franciscanos.org.br\/noticias\/author\/moacir\"}]}<\/script>\n<!-- \/ Yoast SEO plugin. -->","yoast_head_json":{"title":"Est\u00e1gios Vocacionais \u201cmergulham\u201d a Prov\u00edncia no Ano Vocacional - Not\u00edcias - Franciscanos","robots":{"index":"index","follow":"follow","max-snippet":"max-snippet:-1","max-image-preview":"max-image-preview:large","max-video-preview":"max-video-preview:-1"},"canonical":"https:\/\/franciscanos.org.br\/noticias\/estagios-vocacionais-mergulham-a-provincia-no-ano-vocacional.html","og_locale":"pt_BR","og_type":"article","og_title":"Est\u00e1gios Vocacionais \u201cmergulham\u201d a Prov\u00edncia no Ano Vocacional - Not\u00edcias - Franciscanos","og_description":"Servi\u00e7o de Anima\u00e7\u00e3o Vocacional","og_url":"https:\/\/franciscanos.org.br\/noticias\/estagios-vocacionais-mergulham-a-provincia-no-ano-vocacional.html","og_site_name":"Not\u00edcias - Franciscanos","article_published_time":"2022-11-21T11:49:38+00:00","og_image":[{"width":1280,"height":720,"url":"https:\/\/franciscanos.org.br\/noticias\/wp-content\/uploads\/2022\/11\/sav_01.jpg","type":"image\/jpeg"}],"author":"moacir","twitter_card":"summary_large_image","twitter_misc":{"Escrito por":"moacir","Est. tempo de leitura":"3 minutos"},"schema":{"@context":"https:\/\/schema.org","@graph":[{"@type":"WebSite","@id":"https:\/\/franciscanos.org.br\/noticias\/#website","url":"https:\/\/franciscanos.org.br\/noticias\/","name":"Not\u00edcias - Franciscanos","description":"Prov\u00edncia Franciscana da Imaculada Concei\u00e7\u00e3o do Brasil - Ordem dos Frades Menores - OFM","potentialAction":[{"@type":"SearchAction","target":{"@type":"EntryPoint","urlTemplate":"https:\/\/franciscanos.org.br\/noticias\/?s={search_term_string}"},"query-input":"required name=search_term_string"}],"inLanguage":"pt-BR"},{"@type":"ImageObject","inLanguage":"pt-BR","@id":"https:\/\/franciscanos.org.br\/noticias\/estagios-vocacionais-mergulham-a-provincia-no-ano-vocacional.html#primaryimage","url":"https:\/\/franciscanos.org.br\/noticias\/wp-content\/uploads\/2022\/11\/sav_01.jpg","contentUrl":"https:\/\/franciscanos.org.br\/noticias\/wp-content\/uploads\/2022\/11\/sav_01.jpg","width":1280,"height":720},{"@type":"WebPage","@id":"https:\/\/franciscanos.org.br\/noticias\/estagios-vocacionais-mergulham-a-provincia-no-ano-vocacional.html#webpage","url":"https:\/\/franciscanos.org.br\/noticias\/estagios-vocacionais-mergulham-a-provincia-no-ano-vocacional.html","name":"Est\u00e1gios Vocacionais \u201cmergulham\u201d a Prov\u00edncia no Ano Vocacional - Not\u00edcias - Franciscanos","isPartOf":{"@id":"https:\/\/franciscanos.org.br\/noticias\/#website"},"primaryImageOfPage":{"@id":"https:\/\/franciscanos.org.br\/noticias\/estagios-vocacionais-mergulham-a-provincia-no-ano-vocacional.html#primaryimage"},"datePublished":"2022-11-21T11:49:38+00:00","dateModified":"2022-11-21T11:49:38+00:00","author":{"@id":"https:\/\/franciscanos.org.br\/noticias\/#\/schema\/person\/b5c8cba458c330ccff548b056e95a5d4"},"breadcrumb":{"@id":"https:\/\/franciscanos.org.br\/noticias\/estagios-vocacionais-mergulham-a-provincia-no-ano-vocacional.html#breadcrumb"},"inLanguage":"pt-BR","potentialAction":[{"@type":"ReadAction","target":["https:\/\/franciscanos.org.br\/noticias\/estagios-vocacionais-mergulham-a-provincia-no-ano-vocacional.html"]}]},{"@type":"BreadcrumbList","@id":"https:\/\/franciscanos.org.br\/noticias\/estagios-vocacionais-mergulham-a-provincia-no-ano-vocacional.html#breadcrumb","itemListElement":[{"@type":"ListItem","position":1,"name":"Home","item":"https:\/\/franciscanos.org.br\/noticias"},{"@type":"ListItem","position":2,"name":"Est\u00e1gios Vocacionais \u201cmergulham\u201d a Prov\u00edncia no Ano Vocacional"}]},{"@type":"Person","@id":"https:\/\/franciscanos.org.br\/noticias\/#\/schema\/person\/b5c8cba458c330ccff548b056e95a5d4","name":"moacir","image":{"@type":"ImageObject","inLanguage":"pt-BR","@id":"https:\/\/franciscanos.org.br\/noticias\/#\/schema\/person\/image\/","url":"https:\/\/secure.gravatar.com\/avatar\/d08aa2ce4c8dd416d4479aa8536fcf64?s=96&d=mm&r=g","contentUrl":"https:\/\/secure.gravatar.com\/avatar\/d08aa2ce4c8dd416d4479aa8536fcf64?s=96&d=mm&r=g","caption":"moacir"},"url":"https:\/\/franciscanos.org.br\/noticias\/author\/moacir"}]}},"_links":{"self":[{"href":"https:\/\/franciscanos.org.br\/noticias\/wp-json\/wp\/v2\/posts\/240924"}],"collection":[{"href":"https:\/\/franciscanos.org.br\/noticias\/wp-json\/wp\/v2\/posts"}],"about":[{"href":"https:\/\/franciscanos.org.br\/noticias\/wp-json\/wp\/v2\/types\/post"}],"author":[{"embeddable":true,"href":"https:\/\/franciscanos.org.br\/noticias\/wp-json\/wp\/v2\/users\/3"}],"replies":[{"embeddable":true,"href":"https:\/\/franciscanos.org.br\/noticias\/wp-json\/wp\/v2\/comments?post=240924"}],"version-history":[{"count":1,"href":"https:\/\/franciscanos.org.br\/noticias\/wp-json\/wp\/v2\/posts\/240924\/revisions"}],"predecessor-version":[{"id":240930,"href":"https:\/\/franciscanos.org.br\/noticias\/wp-json\/wp\/v2\/posts\/240924\/revisions\/240930"}],"wp:featuredmedia":[{"embeddable":true,"href":"https:\/\/franciscanos.org.br\/noticias\/wp-json\/wp\/v2\/media\/240925"}],"wp:attachment":[{"href":"https:\/\/franciscanos.org.br\/noticias\/wp-json\/wp\/v2\/media?parent=240924"}],"wp:term":[{"taxonomy":"category","embeddable":true,"href":"https:\/\/franciscanos.org.br\/noticias\/wp-json\/wp\/v2\/categories?post=240924"},{"taxonomy":"post_tag","embeddable":true,"href":"https:\/\/franciscanos.org.br\/noticias\/wp-json\/wp\/v2\/tags?post=240924"}],"curies":[{"name":"wp","href":"https:\/\/api.w.org\/{rel}","templated":true}]}}