{"id":240899,"date":"2022-11-16T13:53:04","date_gmt":"2022-11-16T16:53:04","guid":{"rendered":"https:\/\/franciscanos.org.br\/noticias\/?p=240899"},"modified":"2022-11-16T13:53:04","modified_gmt":"2022-11-16T16:53:04","slug":"papa-nao-ter-medo-da-desolacao-mas-nela-encontrar-o-coracao-de-cristo","status":"publish","type":"post","link":"https:\/\/franciscanos.org.br\/noticias\/papa-nao-ter-medo-da-desolacao-mas-nela-encontrar-o-coracao-de-cristo.html","title":{"rendered":"Papa: n\u00e3o ter medo da desola\u00e7\u00e3o, mas nela encontrar o cora\u00e7\u00e3o de Cristo"},"content":{"rendered":"<div id=\"attachment_240900\" style=\"width: 1290px\" class=\"wp-caption alignnone\"><img aria-describedby=\"caption-attachment-240900\" loading=\"lazy\" class=\"wp-image-240900 size-full\" src=\"https:\/\/franciscanos.org.br\/noticias\/wp-content\/uploads\/2022\/11\/audiencia_1611.jpg\" alt=\"\" width=\"1280\" height=\"720\" srcset=\"https:\/\/franciscanos.org.br\/noticias\/wp-content\/uploads\/2022\/11\/audiencia_1611.jpg 1280w, https:\/\/franciscanos.org.br\/noticias\/wp-content\/uploads\/2022\/11\/audiencia_1611-450x253.jpg 450w, https:\/\/franciscanos.org.br\/noticias\/wp-content\/uploads\/2022\/11\/audiencia_1611-1024x576.jpg 1024w, https:\/\/franciscanos.org.br\/noticias\/wp-content\/uploads\/2022\/11\/audiencia_1611-768x432.jpg 768w, https:\/\/franciscanos.org.br\/noticias\/wp-content\/uploads\/2022\/11\/audiencia_1611-150x84.jpg 150w\" sizes=\"(max-width: 1280px) 100vw, 1280px\" \/><p id=\"caption-attachment-240900\" class=\"wp-caption-text\">\u00a0 \u00a0 \u00a0 \u00a0 \u00a0 \u00a0 \u00a0 \u00a0 \u00a0 \u00a0 \u00a0 \u00a0 \u00a0 \u00a0 \u00a0 \u00a0 \u00a0 \u00a0 \u00a0 \u00a0 \u00a0 \u00a0 \u00a0 \u00a0 \u00a0 \u00a0 \u00a0 \u00a0 \u00a0 \u00a0 \u00a0 \u00a0 \u00a0 \u00a0 \u00a0 \u00a0 \u00a0 \u00a0 \u00a0 \u00a0 \u00a0 \u00a0 \u00a0 \u00a0 \u00a0 \u00a0 \u00a0 \u00a0 \u00a0 \u00a0 \u00a0 \u00a0 \u00a0 \u00a0 \u00a0 \u00a0 \u00a0 \u00a0 \u00a0 \u00a0 \u00a0 \u00a0 \u00a0 \u00a0 \u00a0 <em>\u00a0 \u00a0Imagem: Vatican Media<\/em><\/p><\/div>\n<p>O Papa Francisco retomou as catequeses sobre o discernimento na Audi\u00eancia Geral, desta quarta-feira (16\/11), realizada na Pra\u00e7a S\u00e3o Pedro. &#8220;Por que estamos desolados&#8221; foi o tema deste encontro semanal do Pont\u00edfice com os fi\u00e9is.<\/p>\n<p>O Santo Padre recordou a import\u00e2ncia de &#8220;ler o que se move dentro de n\u00f3s, para n\u00e3o tomar decis\u00f5es apressadas, na onda da emo\u00e7\u00e3o do momento, para depois se arrepender, quando j\u00e1 \u00e9 demasiado tarde. Neste sentido, o estado espiritual a que chamamos desola\u00e7\u00e3o, quando no cora\u00e7\u00e3o tudo est\u00e1 escuro, triste, pode ser ocasi\u00e3o de crescimento&#8221;.<\/p>\n<p>Segundo o Papa, &#8220;a desola\u00e7\u00e3o provoca uma \u201ctrepida\u00e7\u00e3o da alma\u201d, mant\u00e9m-nos alertas, favorece a vigil\u00e2ncia e a humildade, protegendo-nos contra os ventos do capricho. S\u00e3o condi\u00e7\u00f5es indispens\u00e1veis para o progresso na vida e, portanto, inclusive na vida espiritual&#8221;.<\/p>\n<p><strong>Inquieta\u00e7\u00e3o, \u00edmpeto para dar uma reviravolta na pr\u00f3pria vida<\/strong><br \/>\n&#8220;Uma serenidade perfeita, mas \u201cass\u00e9ptica\u201d, sem sentimento, quando se torna o crit\u00e9rio de escolhas e comportamentos, torna-nos desumanos&#8221;, disse Francisco, acrescentando:<\/p>\n<p>N\u00e3o podemos deixar de prestar aten\u00e7\u00e3o aos sentimentos, somos humanos e o sentimento \u00e9 uma parte da nossa humanidade, e sem entender os sentimentos seremos desumanos, sem viver os sentimentos, seremos indiferentes ao sofrimento dos outros e incapazes de aceitar o nosso. Sem considerar que esta \u201cserenidade perfeita\u201d n\u00e3o se alcan\u00e7a por este caminho da indiferen\u00e7a.<\/p>\n<p>\u201cDist\u00e2ncia ass\u00e9ptica: eu n\u00e3o me misturo nas coisas, tomo dist\u00e2ncia. Isso n\u00e3o \u00e9 vida, isso \u00e9 como se viv\u00eassemos num laborat\u00f3rio, fechados para n\u00e3o pegar um micr\u00f3bio, uma doen\u00e7a. Para muitos santos e santas, a inquieta\u00e7\u00e3o foi um \u00edmpeto decisivo para dar uma reviravolta na pr\u00f3pria vida. Esta serenidade artificial n\u00e3o \u00e9 boa, mas sim uma inquieta\u00e7\u00e3o saud\u00e1vel. Um cora\u00e7\u00e3o inquieto, que busca o caminho.\u201d<\/p>\n<p>Como &#8220;\u00e9 o caso, por exemplo, de Agostinho de Hipona, Edith Stein, Jos\u00e9 Benedito Cottolengo e Charles de Foucauld&#8221;, frisou o Papa, afirmando que &#8220;as escolhas importantes t\u00eam um pre\u00e7o que a vida apresenta, um pre\u00e7o acess\u00edvel a todos. As escolhas importantes n\u00e3o v\u00eam da loteria, elas t\u00eam um pre\u00e7o e voc\u00ea tem de pagar aquele pre\u00e7o. \u00c9 um pre\u00e7o que voc\u00ea paga com o cora\u00e7\u00e3o, um pre\u00e7o da decis\u00e3o, um pre\u00e7o a ser levado adiante, com um pouco de esfor\u00e7o, mas n\u00e3o \u00e9 gr\u00e1tis. \u00c9 um pre\u00e7o que est\u00e1 ao alcance de todos. Todos temos que pagar esta decis\u00e3o para sair do estado de indiferen\u00e7a que nos p\u00f5e pra baixo&#8221;.<\/p>\n<p><strong>A desola\u00e7\u00e3o \u00e9 tamb\u00e9m um convite \u00e0 gratuidade<\/strong><br \/>\nA desola\u00e7\u00e3o \u00e9 tamb\u00e9m um convite \u00e0 gratuidade, a n\u00e3o agir sempre e unicamente em vista de uma gratifica\u00e7\u00e3o emocional. Estar desolados oferece-nos a possibilidade de crescer, de come\u00e7ar uma rela\u00e7\u00e3o mais madura, mais bela, com o Senhor e com os entes queridos, uma rela\u00e7\u00e3o que n\u00e3o se reduza a uma mera troca de dar e receber. Pensemos na nossa inf\u00e2ncia. Quando se \u00e9 crian\u00e7a, procura-se com frequ\u00eancia os pais para obter algo deles, um brinquedo, dinheiro para comprar um sorvete, uma autoriza\u00e7\u00e3o. E assim os procuramos n\u00e3o por eles mesmos, mas por um interesse. No entanto, o maior dom s\u00e3o eles, os pais, e compreendemos isso na medida em que crescemos.<\/p>\n<p>Segundo o Papa, &#8220;at\u00e9 muitas das nossas ora\u00e7\u00f5es s\u00e3o um pouco desse tipo, s\u00e3o pedidos de favores dirigidos ao Senhor, sem um verdadeiro interesse por Ele. O Evangelho observa que Jesus vivia frequentemente circundado por muitas pessoas que o procuravam para obter algo, curas, ajudas materiais, mas n\u00e3o simplesmente para estar com Ele. Era pressionado pelas multid\u00f5es e, contudo, estava sozinho. Alguns santos, e at\u00e9 certos artistas, meditaram sobre esta condi\u00e7\u00e3o de Jesus. Poderia parecer estranho, irreal, perguntar ao Senhor: \u201cComo est\u00e1s?\u201d No entanto, \u00e9 um modo muito bonito de entrar numa rela\u00e7\u00e3o verdadeira, sincera, com a sua humanidade, com o seu sofrimento, at\u00e9 com a sua singular solid\u00e3o. Com Ele, que quis partilhar at\u00e9 ao fundo a sua vida conosco&#8221;.<\/p>\n<p><strong>Levar adiante a desola\u00e7\u00e3o com perseveran\u00e7a<\/strong><br \/>\nSegundo o Papa, nos faz bem &#8220;aprender a estar com Ele, estar com o Senhor, aprender a estar com Senhor sem outro objetivo, exatamente como nos acontece com as pessoas de quem gostamos: desejamos conhec\u00ea-las cada vez mais, porque \u00e9 bom estar com elas&#8221;.<\/p>\n<p>Francisco disse que &#8220;a vida espiritual n\u00e3o \u00e9 uma t\u00e9cnica \u00e0 nossa disposi\u00e7\u00e3o, n\u00e3o \u00e9 um programa de \u201cbem-estar\u201d interior que nos compete planificar. N\u00e3o! A vida espiritual \u00e9 a rela\u00e7\u00e3o com o Vivente, com Deus, o Vivente, irredut\u00edvel \u00e0s nossas categorias&#8221;. &#8220;Quem reza observa que os resultados s\u00e3o imprevis\u00edveis&#8221;, frisou o Pont\u00edfice, convidando &#8220;a n\u00e3o ter medo da desola\u00e7\u00e3o, mas lev\u00e1-la adiante com perseveran\u00e7a, n\u00e3o fugir, e na desola\u00e7\u00e3o procurar encontrar o cora\u00e7\u00e3o de Cristo, encontrar o Senhor, e a resposta chega sempre&#8221;.<\/p>\n<p>&#8220;Portanto, diante das dificuldades nunca devemos desanimar, mas enfrentar a prova\u00e7\u00e3o com decis\u00e3o, com a ajuda da gra\u00e7a de Deus que nunca nos falta. E se ouvirmos dentro de n\u00f3s uma voz insistente, que nos quer distrair da ora\u00e7\u00e3o, aprendamos a desmascar\u00e1-la como a voz do tentador; e n\u00e3o nos deixemos impressionar: fa\u00e7amos simplesmente o contr\u00e1rio do que ela nos diz&#8221;, concluiu o Papa.<\/p>\n<hr \/>\n<p>\u00cdNTEGRA<\/p>\n<p><b>Catequeses sobre o discernimento 8.\u00a0<i>Por que estamos desolados?<\/i><\/b><\/p>\n<p><i>Estimados irm\u00e3os e irm\u00e3s, bom dia, bem-vindos!<\/i><\/p>\n<p>Retomemos hoje as catequeses sobre o tema do\u00a0<i>discernimento<\/i>. Vimos como \u00e9 importante\u00a0<i>ler\u00a0<\/i>o que se move dentro de n\u00f3s, para n\u00e3o tomar decis\u00f5es apressadas, na onda da emo\u00e7\u00e3o do momento, para depois nos arrependermos, quando j\u00e1 \u00e9 demasiado tarde. Isto \u00e9, ler o que acontece e depois tomar as decis\u00f5es.<\/p>\n<p>Neste sentido, tamb\u00e9m o estado espiritual a que chamamos\u00a0<i>desola\u00e7\u00e3o,\u00a0<\/i>quando no cora\u00e7\u00e3o \u00e9 tudo escuro, triste, este estado de\u00a0<i>desola\u00e7\u00e3o\u00a0<\/i>pode ser ocasi\u00e3o de crescimento. Com efeito, se n\u00e3o houver um pouco de insatisfa\u00e7\u00e3o, um pouco de tristeza saud\u00e1vel, uma capacidade salutar de habitar na solid\u00e3o, de estar connosco pr\u00f3prios sem fugir, corremos o risco de permanecer sempre na superf\u00edcie das coisas, sem nunca entrar em contacto com o centro da nossa exist\u00eancia. A desola\u00e7\u00e3o provoca uma \u201ctrepida\u00e7\u00e3o da alma\u201d, quando algu\u00e9m est\u00e1 triste \u00e9 como se a alma tremesse; mant\u00e9m-nos alerta, favorece a vigil\u00e2ncia e a humildade, protegendo-nos contra os ventos do capricho. S\u00e3o condi\u00e7\u00f5es indispens\u00e1veis para o progresso na vida e, portanto, inclusive na vida espiritual. Uma serenidade perfeita mas \u201cass\u00e9tica\u201d, sem sentimentos, quando \u00e9 o crit\u00e9rio de escolhas e comportamentos, torna-nos desumanos. N\u00f3s n\u00e3o podemos deixar de fazer caso aos sentimentos: somos humanos e o sentimento \u00e9 uma parte da nossa humanidade; sem entender os sentimentos ser\u00edamos desumanos, sem viver os sentimentos ser\u00edamos tamb\u00e9m indiferentes ao sofrimento dos outros e incapazes de aceitar o nosso. Sem considerar que esta \u201cserenidade perfeita\u201d n\u00e3o se alcan\u00e7a por este caminho da indiferen\u00e7a. Esta dist\u00e2ncia ass\u00e9tica: \u201cN\u00e3o me intrometo nas coisas, afasto-me\u201d: esta n\u00e3o \u00e9 vida, \u00e9 como se viv\u00eassemos num laborat\u00f3rio, fechados, para n\u00e3o apanhar micr\u00f3bios, doen\u00e7as.\u00a0 Para muitos santos e santas, a inquieta\u00e7\u00e3o foi um \u00edmpeto decisivo para fazer uma mudan\u00e7a na pr\u00f3pria vida. N\u00e3o \u00e9 boa esta serenidade artificial, mas \u00e9 boa a saud\u00e1vel inquietude, o cora\u00e7\u00e3o inquieto, o cora\u00e7\u00e3o que procura encontrar caminhos. \u00c9 o caso, por exemplo, de Agostinho de Hipona, ou de Edith Stein, ou de Jos\u00e9 Benedito Cottolengo ou de Charles de Foucauld. As escolhas importantes t\u00eam um pre\u00e7o que a vida apresenta, um pre\u00e7o acess\u00edvel a todos: ou seja, as escolhas importantes n\u00e3o se vencem com a lotaria, n\u00e3o; t\u00eam um pre\u00e7o e deves pagar aquele pre\u00e7o. \u00c9 um pre\u00e7o que deves pagar com o teu cora\u00e7\u00e3o, \u00e9 um pre\u00e7o da decis\u00e3o, um pre\u00e7o de levar adiante um pouco de esfor\u00e7o. N\u00e3o \u00e9 gr\u00e1tis, mas \u00e9 um pre\u00e7o ao alcance de todos. Todos n\u00f3s devemos pagar esta decis\u00e3o para sair do estado de indiferen\u00e7a, que nos entristece, sempre.<\/p>\n<p>A desola\u00e7\u00e3o \u00e9 tamb\u00e9m um convite \u00e0\u00a0<i>gratuidade<\/i>, a n\u00e3o agir sempre e unicamente em vista de uma gratifica\u00e7\u00e3o emocional. Estar desolados oferece-nos a possibilidade de crescer, de come\u00e7ar uma rela\u00e7\u00e3o mais madura, mais bela, com o Senhor e com os entes queridos, uma rela\u00e7\u00e3o que n\u00e3o se reduza a uma mera troca de dar e receber. Pensemos na nossa inf\u00e2ncia, por exemplo, pensemos: quando se \u00e9 crian\u00e7a, procura-se com frequ\u00eancia os pais para obter algo deles, um brinquedo, dinheiro para comprar um gelado, uma autoriza\u00e7\u00e3o&#8230; E assim procuramo-los n\u00e3o por eles pr\u00f3prios, mas por um interesse. E no entanto, o maior dom s\u00e3o eles, os pais, e compreendemo-lo na medida em que crescemos.<\/p>\n<p>At\u00e9 muitas das nossas ora\u00e7\u00f5es s\u00e3o um pouco deste tipo, s\u00e3o pedidos de favores dirigidos ao Senhor, sem um verdadeiro interesse por Ele. Vamos pedir, pedir, pedir ao Senhor. O Evangelho observa que Jesus vivia frequentemente circundado por muitas pessoas que o procuravam para obter algo, curas, ajudas materiais, mas n\u00e3o simplesmente para estar com Ele. Era pressionado pelas multid\u00f5es, e, contudo, estava sozinho. Alguns santos, e at\u00e9 certos artistas, meditaram sobre esta condi\u00e7\u00e3o de Jesus. Poderia parecer estranho, irreal, perguntar ao Senhor: \u201cComo est\u00e1s?\u201d. E, no entanto, \u00e9 um modo muito bonito de entrar numa rela\u00e7\u00e3o verdadeira, sincera, com a sua humanidade, com o seu sofrimento, at\u00e9 com a sua singular solid\u00e3o. Com Ele, com o Senhor, que quis partilhar at\u00e9 ao fim a sua vida conosco.<\/p>\n<p>Faz-nos muito bem aprender a\u00a0<i>estar com Ele,\u00a0<\/i>a estar com o Senhor\u00a0<i>sem outro objetivo<\/i>, exatamente como nos acontece com as pessoas de quem gostamos: desejamos conhec\u00ea-las cada vez mais, porque \u00e9 bom estar com elas.<\/p>\n<p>Caros irm\u00e3os e irm\u00e3s, a vida espiritual n\u00e3o \u00e9 uma t\u00e9cnica \u00e0 nossa disposi\u00e7\u00e3o, n\u00e3o \u00e9 um programa de \u201cbem-estar\u201d interior que nos compete planificar. N\u00e3o! A vida espiritual \u00e9 a\u00a0<i>rela\u00e7\u00e3o com o Vivente<\/i>, com Deus, o Vivente, irredut\u00edvel \u00e0s nossas categorias. Ent\u00e3o, a desola\u00e7\u00e3o \u00e9 a resposta mais clara \u00e0 obje\u00e7\u00e3o de que a experi\u00eancia de Deus constitui uma forma de sugest\u00e3o, uma simples proje\u00e7\u00e3o dos nossos desejos. A desola\u00e7\u00e3o consiste em n\u00e3o sentir nada, tudo escuro: mas tu procuras Deus na desola\u00e7\u00e3o. \u00a0Em tal caso, se pensarmos que \u00e9 uma proje\u00e7\u00e3o dos nossos desejos, ser\u00edamos sempre n\u00f3s a program\u00e1-la, estar\u00edamos sempre felizes e satisfeitos, como um disco que repete a mesma m\u00fasica. Ao contr\u00e1rio, quem reza observa que os resultados s\u00e3o\u00a0<i>imprevis\u00edveis:<\/i>\u00a0experi\u00eancias e passagens da B\u00edblia que muitas vezes nos entusiasmaram, hoje, estranhamente, n\u00e3o suscitam emo\u00e7\u00e3o alguma. E, igualmente de modo inesperado, experi\u00eancias, encontros e leituras a que nunca se prestara aten\u00e7\u00e3o ou que se preferiria evitar &#8211; como a experi\u00eancia da Cruz &#8211; trazem uma paz imensa. N\u00e3o temais a desola\u00e7\u00e3o, levai-a avante com perseveran\u00e7a, n\u00e3o escapeis. E na desola\u00e7\u00e3o procurai encontrar o cora\u00e7\u00e3o de Cristo, encontrar o Senhor. E a resposta chega, sempre.<\/p>\n<p>Portanto, diante das dificuldades nunca devemos desanimar, por favor, mas enfrentar a prova\u00e7\u00e3o com decis\u00e3o, com a ajuda da gra\u00e7a de Deus que nunca nos falta. E se ouvirmos dentro de n\u00f3s uma voz insistente, que nos quer distrair da ora\u00e7\u00e3o, aprendamos a desmascar\u00e1-la como a voz do tentador; e n\u00e3o nos deixemos impressionar: fa\u00e7amos simplesmente o contr\u00e1rio do que ela nos diz! Obrigado.<\/p>\n<hr size=\"1\" width=\"75%\" \/>\n<p><b>Sauda\u00e7\u00f5es:<\/b><\/p>\n<p>Sa\u00fado os v\u00e1rios grupos de peregrinos de l\u00edngua portuguesa, em particular o Instituto Mission\u00e1rio Servos de Jesus Salvador, os fi\u00e9is de Curitiba e de Umuarama, os rapresentantes da R\u00e1dio Renascen\u00e7a de Portugal. Nunca deixeis que eventuais nuvens sobre o vosso caminho vos impe\u00e7am de irradiar a gl\u00f3ria e a esperan\u00e7a depositadas em v\u00f3s, louvando sempre ao Senhor em vossos cora\u00e7\u00f5es, dando gra\u00e7as por tudo a Deus Pai. Deus vos aben\u00e7oe!<\/p>\n<hr size=\"1\" width=\"75%\" \/>\n<p>&nbsp;<\/p>\n<p><b>APELO<\/b><\/p>\n<p>Com dor e preocupa\u00e7\u00e3o tomei conhecimento da not\u00edcia de um novo e ainda mais forte ataque missil\u00edstico sobre a Ucr\u00e2nia que causou mortes e danos a muitas infraestruturas civis. Rezemos a fim de que o Senhor converta os cora\u00e7\u00f5es de quem ainda aposta na guerra e fa\u00e7a prevalecer o desejo de paz para a martirizada Ucr\u00e2nia, para evitar qualquer agravamento e para abrir o caminho ao cessar-fogo e ao di\u00e1logo.<\/p>\n<hr \/>\n<p><em>Fonte: Vatican News (texto de Mariangela Jaguraba)<\/em><\/p>\n","protected":false},"excerpt":{"rendered":"<p>Audi\u00eancia geral<\/p>\n","protected":false},"author":3,"featured_media":0,"comment_status":"open","ping_status":"open","sticky":false,"template":"","format":"standard","meta":[],"categories":[1428],"tags":[487],"acf":[],"yoast_head":"<!-- This site is optimized with the Yoast SEO plugin v19.2 - https:\/\/yoast.com\/wordpress\/plugins\/seo\/ -->\n<title>Papa: n\u00e3o ter medo da desola\u00e7\u00e3o, mas nela encontrar o cora\u00e7\u00e3o de Cristo - Not\u00edcias - Franciscanos<\/title>\n<meta name=\"robots\" content=\"index, follow, max-snippet:-1, max-image-preview:large, max-video-preview:-1\" \/>\n<link rel=\"canonical\" href=\"https:\/\/franciscanos.org.br\/noticias\/papa-nao-ter-medo-da-desolacao-mas-nela-encontrar-o-coracao-de-cristo.html\" \/>\n<meta property=\"og:locale\" content=\"pt_BR\" \/>\n<meta property=\"og:type\" content=\"article\" \/>\n<meta property=\"og:title\" content=\"Papa: n\u00e3o ter medo da desola\u00e7\u00e3o, mas nela encontrar o cora\u00e7\u00e3o de Cristo - Not\u00edcias - Franciscanos\" \/>\n<meta property=\"og:description\" content=\"Audi\u00eancia geral\" \/>\n<meta property=\"og:url\" content=\"https:\/\/franciscanos.org.br\/noticias\/papa-nao-ter-medo-da-desolacao-mas-nela-encontrar-o-coracao-de-cristo.html\" \/>\n<meta property=\"og:site_name\" content=\"Not\u00edcias - Franciscanos\" \/>\n<meta property=\"article:published_time\" content=\"2022-11-16T16:53:04+00:00\" \/>\n<meta property=\"og:image\" content=\"https:\/\/franciscanos.org.br\/noticias\/wp-content\/uploads\/2022\/11\/audiencia_1611.jpg\" \/>\n<meta name=\"author\" content=\"moacir\" \/>\n<meta name=\"twitter:card\" content=\"summary_large_image\" \/>\n<meta name=\"twitter:label1\" content=\"Escrito por\" \/>\n\t<meta name=\"twitter:data1\" content=\"moacir\" \/>\n\t<meta name=\"twitter:label2\" content=\"Est. tempo de leitura\" \/>\n\t<meta name=\"twitter:data2\" content=\"11 minutos\" \/>\n<script type=\"application\/ld+json\" class=\"yoast-schema-graph\">{\"@context\":\"https:\/\/schema.org\",\"@graph\":[{\"@type\":\"WebSite\",\"@id\":\"https:\/\/franciscanos.org.br\/noticias\/#website\",\"url\":\"https:\/\/franciscanos.org.br\/noticias\/\",\"name\":\"Not\u00edcias - Franciscanos\",\"description\":\"Prov\u00edncia Franciscana da Imaculada Concei\u00e7\u00e3o do Brasil - Ordem dos Frades Menores - OFM\",\"potentialAction\":[{\"@type\":\"SearchAction\",\"target\":{\"@type\":\"EntryPoint\",\"urlTemplate\":\"https:\/\/franciscanos.org.br\/noticias\/?s={search_term_string}\"},\"query-input\":\"required name=search_term_string\"}],\"inLanguage\":\"pt-BR\"},{\"@type\":\"ImageObject\",\"inLanguage\":\"pt-BR\",\"@id\":\"https:\/\/franciscanos.org.br\/noticias\/papa-nao-ter-medo-da-desolacao-mas-nela-encontrar-o-coracao-de-cristo.html#primaryimage\",\"url\":\"https:\/\/franciscanos.org.br\/noticias\/wp-content\/uploads\/2022\/11\/audiencia_1611.jpg\",\"contentUrl\":\"https:\/\/franciscanos.org.br\/noticias\/wp-content\/uploads\/2022\/11\/audiencia_1611.jpg\",\"width\":1280,\"height\":720},{\"@type\":\"WebPage\",\"@id\":\"https:\/\/franciscanos.org.br\/noticias\/papa-nao-ter-medo-da-desolacao-mas-nela-encontrar-o-coracao-de-cristo.html#webpage\",\"url\":\"https:\/\/franciscanos.org.br\/noticias\/papa-nao-ter-medo-da-desolacao-mas-nela-encontrar-o-coracao-de-cristo.html\",\"name\":\"Papa: n\u00e3o ter medo da desola\u00e7\u00e3o, mas nela encontrar o cora\u00e7\u00e3o de Cristo - Not\u00edcias - Franciscanos\",\"isPartOf\":{\"@id\":\"https:\/\/franciscanos.org.br\/noticias\/#website\"},\"primaryImageOfPage\":{\"@id\":\"https:\/\/franciscanos.org.br\/noticias\/papa-nao-ter-medo-da-desolacao-mas-nela-encontrar-o-coracao-de-cristo.html#primaryimage\"},\"datePublished\":\"2022-11-16T16:53:04+00:00\",\"dateModified\":\"2022-11-16T16:53:04+00:00\",\"author\":{\"@id\":\"https:\/\/franciscanos.org.br\/noticias\/#\/schema\/person\/b5c8cba458c330ccff548b056e95a5d4\"},\"breadcrumb\":{\"@id\":\"https:\/\/franciscanos.org.br\/noticias\/papa-nao-ter-medo-da-desolacao-mas-nela-encontrar-o-coracao-de-cristo.html#breadcrumb\"},\"inLanguage\":\"pt-BR\",\"potentialAction\":[{\"@type\":\"ReadAction\",\"target\":[\"https:\/\/franciscanos.org.br\/noticias\/papa-nao-ter-medo-da-desolacao-mas-nela-encontrar-o-coracao-de-cristo.html\"]}]},{\"@type\":\"BreadcrumbList\",\"@id\":\"https:\/\/franciscanos.org.br\/noticias\/papa-nao-ter-medo-da-desolacao-mas-nela-encontrar-o-coracao-de-cristo.html#breadcrumb\",\"itemListElement\":[{\"@type\":\"ListItem\",\"position\":1,\"name\":\"Home\",\"item\":\"https:\/\/franciscanos.org.br\/noticias\"},{\"@type\":\"ListItem\",\"position\":2,\"name\":\"Papa: n\u00e3o ter medo da desola\u00e7\u00e3o, mas nela encontrar o cora\u00e7\u00e3o de Cristo\"}]},{\"@type\":\"Person\",\"@id\":\"https:\/\/franciscanos.org.br\/noticias\/#\/schema\/person\/b5c8cba458c330ccff548b056e95a5d4\",\"name\":\"moacir\",\"image\":{\"@type\":\"ImageObject\",\"inLanguage\":\"pt-BR\",\"@id\":\"https:\/\/franciscanos.org.br\/noticias\/#\/schema\/person\/image\/\",\"url\":\"https:\/\/secure.gravatar.com\/avatar\/d08aa2ce4c8dd416d4479aa8536fcf64?s=96&d=mm&r=g\",\"contentUrl\":\"https:\/\/secure.gravatar.com\/avatar\/d08aa2ce4c8dd416d4479aa8536fcf64?s=96&d=mm&r=g\",\"caption\":\"moacir\"},\"url\":\"https:\/\/franciscanos.org.br\/noticias\/author\/moacir\"}]}<\/script>\n<!-- \/ Yoast SEO plugin. -->","yoast_head_json":{"title":"Papa: n\u00e3o ter medo da desola\u00e7\u00e3o, mas nela encontrar o cora\u00e7\u00e3o de Cristo - Not\u00edcias - Franciscanos","robots":{"index":"index","follow":"follow","max-snippet":"max-snippet:-1","max-image-preview":"max-image-preview:large","max-video-preview":"max-video-preview:-1"},"canonical":"https:\/\/franciscanos.org.br\/noticias\/papa-nao-ter-medo-da-desolacao-mas-nela-encontrar-o-coracao-de-cristo.html","og_locale":"pt_BR","og_type":"article","og_title":"Papa: n\u00e3o ter medo da desola\u00e7\u00e3o, mas nela encontrar o cora\u00e7\u00e3o de Cristo - Not\u00edcias - Franciscanos","og_description":"Audi\u00eancia geral","og_url":"https:\/\/franciscanos.org.br\/noticias\/papa-nao-ter-medo-da-desolacao-mas-nela-encontrar-o-coracao-de-cristo.html","og_site_name":"Not\u00edcias - Franciscanos","article_published_time":"2022-11-16T16:53:04+00:00","og_image":[{"url":"https:\/\/franciscanos.org.br\/noticias\/wp-content\/uploads\/2022\/11\/audiencia_1611.jpg"}],"author":"moacir","twitter_card":"summary_large_image","twitter_misc":{"Escrito por":"moacir","Est. tempo de leitura":"11 minutos"},"schema":{"@context":"https:\/\/schema.org","@graph":[{"@type":"WebSite","@id":"https:\/\/franciscanos.org.br\/noticias\/#website","url":"https:\/\/franciscanos.org.br\/noticias\/","name":"Not\u00edcias - Franciscanos","description":"Prov\u00edncia Franciscana da Imaculada Concei\u00e7\u00e3o do Brasil - Ordem dos Frades Menores - OFM","potentialAction":[{"@type":"SearchAction","target":{"@type":"EntryPoint","urlTemplate":"https:\/\/franciscanos.org.br\/noticias\/?s={search_term_string}"},"query-input":"required name=search_term_string"}],"inLanguage":"pt-BR"},{"@type":"ImageObject","inLanguage":"pt-BR","@id":"https:\/\/franciscanos.org.br\/noticias\/papa-nao-ter-medo-da-desolacao-mas-nela-encontrar-o-coracao-de-cristo.html#primaryimage","url":"https:\/\/franciscanos.org.br\/noticias\/wp-content\/uploads\/2022\/11\/audiencia_1611.jpg","contentUrl":"https:\/\/franciscanos.org.br\/noticias\/wp-content\/uploads\/2022\/11\/audiencia_1611.jpg","width":1280,"height":720},{"@type":"WebPage","@id":"https:\/\/franciscanos.org.br\/noticias\/papa-nao-ter-medo-da-desolacao-mas-nela-encontrar-o-coracao-de-cristo.html#webpage","url":"https:\/\/franciscanos.org.br\/noticias\/papa-nao-ter-medo-da-desolacao-mas-nela-encontrar-o-coracao-de-cristo.html","name":"Papa: n\u00e3o ter medo da desola\u00e7\u00e3o, mas nela encontrar o cora\u00e7\u00e3o de Cristo - Not\u00edcias - Franciscanos","isPartOf":{"@id":"https:\/\/franciscanos.org.br\/noticias\/#website"},"primaryImageOfPage":{"@id":"https:\/\/franciscanos.org.br\/noticias\/papa-nao-ter-medo-da-desolacao-mas-nela-encontrar-o-coracao-de-cristo.html#primaryimage"},"datePublished":"2022-11-16T16:53:04+00:00","dateModified":"2022-11-16T16:53:04+00:00","author":{"@id":"https:\/\/franciscanos.org.br\/noticias\/#\/schema\/person\/b5c8cba458c330ccff548b056e95a5d4"},"breadcrumb":{"@id":"https:\/\/franciscanos.org.br\/noticias\/papa-nao-ter-medo-da-desolacao-mas-nela-encontrar-o-coracao-de-cristo.html#breadcrumb"},"inLanguage":"pt-BR","potentialAction":[{"@type":"ReadAction","target":["https:\/\/franciscanos.org.br\/noticias\/papa-nao-ter-medo-da-desolacao-mas-nela-encontrar-o-coracao-de-cristo.html"]}]},{"@type":"BreadcrumbList","@id":"https:\/\/franciscanos.org.br\/noticias\/papa-nao-ter-medo-da-desolacao-mas-nela-encontrar-o-coracao-de-cristo.html#breadcrumb","itemListElement":[{"@type":"ListItem","position":1,"name":"Home","item":"https:\/\/franciscanos.org.br\/noticias"},{"@type":"ListItem","position":2,"name":"Papa: n\u00e3o ter medo da desola\u00e7\u00e3o, mas nela encontrar o cora\u00e7\u00e3o de Cristo"}]},{"@type":"Person","@id":"https:\/\/franciscanos.org.br\/noticias\/#\/schema\/person\/b5c8cba458c330ccff548b056e95a5d4","name":"moacir","image":{"@type":"ImageObject","inLanguage":"pt-BR","@id":"https:\/\/franciscanos.org.br\/noticias\/#\/schema\/person\/image\/","url":"https:\/\/secure.gravatar.com\/avatar\/d08aa2ce4c8dd416d4479aa8536fcf64?s=96&d=mm&r=g","contentUrl":"https:\/\/secure.gravatar.com\/avatar\/d08aa2ce4c8dd416d4479aa8536fcf64?s=96&d=mm&r=g","caption":"moacir"},"url":"https:\/\/franciscanos.org.br\/noticias\/author\/moacir"}]}},"_links":{"self":[{"href":"https:\/\/franciscanos.org.br\/noticias\/wp-json\/wp\/v2\/posts\/240899"}],"collection":[{"href":"https:\/\/franciscanos.org.br\/noticias\/wp-json\/wp\/v2\/posts"}],"about":[{"href":"https:\/\/franciscanos.org.br\/noticias\/wp-json\/wp\/v2\/types\/post"}],"author":[{"embeddable":true,"href":"https:\/\/franciscanos.org.br\/noticias\/wp-json\/wp\/v2\/users\/3"}],"replies":[{"embeddable":true,"href":"https:\/\/franciscanos.org.br\/noticias\/wp-json\/wp\/v2\/comments?post=240899"}],"version-history":[{"count":1,"href":"https:\/\/franciscanos.org.br\/noticias\/wp-json\/wp\/v2\/posts\/240899\/revisions"}],"predecessor-version":[{"id":240901,"href":"https:\/\/franciscanos.org.br\/noticias\/wp-json\/wp\/v2\/posts\/240899\/revisions\/240901"}],"wp:attachment":[{"href":"https:\/\/franciscanos.org.br\/noticias\/wp-json\/wp\/v2\/media?parent=240899"}],"wp:term":[{"taxonomy":"category","embeddable":true,"href":"https:\/\/franciscanos.org.br\/noticias\/wp-json\/wp\/v2\/categories?post=240899"},{"taxonomy":"post_tag","embeddable":true,"href":"https:\/\/franciscanos.org.br\/noticias\/wp-json\/wp\/v2\/tags?post=240899"}],"curies":[{"name":"wp","href":"https:\/\/api.w.org\/{rel}","templated":true}]}}