{"id":240893,"date":"2022-11-16T13:37:10","date_gmt":"2022-11-16T16:37:10","guid":{"rendered":"https:\/\/franciscanos.org.br\/noticias\/?p=240893"},"modified":"2022-11-16T13:37:10","modified_gmt":"2022-11-16T16:37:10","slug":"colatina-uma-experiencia-de-contemplacao-e-fraternidade-ate-o-cruzeiro-de-marilandia","status":"publish","type":"post","link":"https:\/\/franciscanos.org.br\/noticias\/colatina-uma-experiencia-de-contemplacao-e-fraternidade-ate-o-cruzeiro-de-marilandia.html","title":{"rendered":"Colatina: uma experi\u00eancia de contempla\u00e7\u00e3o e fraternidade at\u00e9 o Cruzeiro de Maril\u00e2ndia"},"content":{"rendered":"<p><img loading=\"lazy\" class=\"alignnone size-full wp-image-240894\" src=\"https:\/\/franciscanos.org.br\/noticias\/wp-content\/uploads\/2022\/11\/cruzeiro_01.jpg\" alt=\"\" width=\"1280\" height=\"720\" srcset=\"https:\/\/franciscanos.org.br\/noticias\/wp-content\/uploads\/2022\/11\/cruzeiro_01.jpg 1280w, https:\/\/franciscanos.org.br\/noticias\/wp-content\/uploads\/2022\/11\/cruzeiro_01-450x253.jpg 450w, https:\/\/franciscanos.org.br\/noticias\/wp-content\/uploads\/2022\/11\/cruzeiro_01-1024x576.jpg 1024w, https:\/\/franciscanos.org.br\/noticias\/wp-content\/uploads\/2022\/11\/cruzeiro_01-768x432.jpg 768w, https:\/\/franciscanos.org.br\/noticias\/wp-content\/uploads\/2022\/11\/cruzeiro_01-150x84.jpg 150w\" sizes=\"(max-width: 1280px) 100vw, 1280px\" \/><\/p>\n<p>No \u00faltimo dia 15, feriado da Proclama\u00e7\u00e3o da Rep\u00fablica, a Par\u00f3quia Santa Clara de Assis, em Colatina, com integrantes de algumas Comunidades do Setor Urbano (e participa\u00e7\u00e3o de pessoas de outras comunidades e cidades vizinhas!), organizou um momento de descontra\u00e7\u00e3o e comunh\u00e3o. Sa\u00edmos em peregrina\u00e7\u00e3o at\u00e9 a cidade vizinha de Maril\u00e2ndia, com o intuito de subirmos o Cruzeiro no alto do morro. Uma aventura que em dias normais j\u00e1 se torna desafiante, neste dia, com um tempo chuvoso, tornou-se ainda mais, ao caminhar por entre a mata, com trechos de pedras irregulares, lamas, tombos e muitos risos em um percurso que durou em torno de duas horas de subida, com 2.166 degraus at\u00e9 o Cruzeiro, nosso destino final. Entre jovens e adultos, destacamos a presen\u00e7a de D\u00aa Maria Eva, que, com mais de setenta anos, seguiu at\u00e9 o fim do percurso, numa alegria f\u00e9 contagiantes.<\/p>\n<p><img loading=\"lazy\" class=\"alignnone size-full wp-image-240895\" src=\"https:\/\/franciscanos.org.br\/noticias\/wp-content\/uploads\/2022\/11\/cruzeiro_02.jpg\" alt=\"\" width=\"1280\" height=\"960\" srcset=\"https:\/\/franciscanos.org.br\/noticias\/wp-content\/uploads\/2022\/11\/cruzeiro_02.jpg 1280w, https:\/\/franciscanos.org.br\/noticias\/wp-content\/uploads\/2022\/11\/cruzeiro_02-450x338.jpg 450w, https:\/\/franciscanos.org.br\/noticias\/wp-content\/uploads\/2022\/11\/cruzeiro_02-1024x768.jpg 1024w, https:\/\/franciscanos.org.br\/noticias\/wp-content\/uploads\/2022\/11\/cruzeiro_02-768x576.jpg 768w, https:\/\/franciscanos.org.br\/noticias\/wp-content\/uploads\/2022\/11\/cruzeiro_02-150x113.jpg 150w, https:\/\/franciscanos.org.br\/noticias\/wp-content\/uploads\/2022\/11\/cruzeiro_02-600x450.jpg 600w\" sizes=\"(max-width: 1280px) 100vw, 1280px\" \/><\/p>\n<p>A sensa\u00e7\u00e3o de partilha de vida, senso fraterno e da alegria, t\u00e3o pr\u00f3prios dessa comunidade de f\u00e9 e do carisma franciscano, foram marcas a todo momento e, mesmo diante das dificuldades, dos trechos mais complexos, n\u00e3o faltou a acolhida e ajuda m\u00fatua entre todos. O Evangelho se tornou viv\u00eancia concreta na disposi\u00e7\u00e3o e nos diversos \u201ccliques\u201d que em meio \u00e0 chuva e a natureza, eram feitos! O que podemos destacar de todo esse momento, planejado com muito carinho e zelo pela Fraternidade e pelo povo, foram a alegria e disposi\u00e7\u00e3o de seguir at\u00e9 o fim sem desanimar, mesmo com a chuva que n\u00e3o dava tr\u00e9gua.<\/p>\n<p><img loading=\"lazy\" class=\"alignnone size-full wp-image-240896\" src=\"https:\/\/franciscanos.org.br\/noticias\/wp-content\/uploads\/2022\/11\/cruzeiro_03.jpg\" alt=\"\" width=\"900\" height=\"840\" srcset=\"https:\/\/franciscanos.org.br\/noticias\/wp-content\/uploads\/2022\/11\/cruzeiro_03.jpg 900w, https:\/\/franciscanos.org.br\/noticias\/wp-content\/uploads\/2022\/11\/cruzeiro_03-450x420.jpg 450w, https:\/\/franciscanos.org.br\/noticias\/wp-content\/uploads\/2022\/11\/cruzeiro_03-768x717.jpg 768w, https:\/\/franciscanos.org.br\/noticias\/wp-content\/uploads\/2022\/11\/cruzeiro_03-150x140.jpg 150w\" sizes=\"(max-width: 900px) 100vw, 900px\" \/><\/p>\n<p>Ao final da caminhada, fizemos um caf\u00e9 partilhado e continuamos nossa viagem de volta para nossas casas, cansados, mas com o cora\u00e7\u00e3o cheio de gratid\u00e3o por contemplamos as maravilhas e o cuidado de Deus por seus filhos, em suas criaturas! Francisco cantou as maravilhas da Irm\u00e3 \u00c1gua em seu C\u00e2ntico do Irm\u00e3o Sol, dizendo que ela <em>\u201c\u00e9 mui \u00fatil e humilde e preciosa e casta\u201d<\/em> e realmente pareceu que todo o cansa\u00e7o era lavado cada vez que \u00edamos nos aproximando do topo do morro, assim como na descida.<\/p>\n<p><img loading=\"lazy\" class=\"alignnone size-full wp-image-240897\" src=\"https:\/\/franciscanos.org.br\/noticias\/wp-content\/uploads\/2022\/11\/cruzeiro_04.jpg\" alt=\"\" width=\"1280\" height=\"845\" srcset=\"https:\/\/franciscanos.org.br\/noticias\/wp-content\/uploads\/2022\/11\/cruzeiro_04.jpg 1280w, https:\/\/franciscanos.org.br\/noticias\/wp-content\/uploads\/2022\/11\/cruzeiro_04-450x297.jpg 450w, https:\/\/franciscanos.org.br\/noticias\/wp-content\/uploads\/2022\/11\/cruzeiro_04-1024x676.jpg 1024w, https:\/\/franciscanos.org.br\/noticias\/wp-content\/uploads\/2022\/11\/cruzeiro_04-768x507.jpg 768w, https:\/\/franciscanos.org.br\/noticias\/wp-content\/uploads\/2022\/11\/cruzeiro_04-150x99.jpg 150w\" sizes=\"(max-width: 1280px) 100vw, 1280px\" \/><\/p>\n<p>Podemos dizer que nesse momento t\u00e3o especial, a presen\u00e7a franciscana se tornou palp\u00e1vel em cada rosto e em cada sorriso de gratid\u00e3o ao fim do percurso. Em tudo pudemos dar gra\u00e7as a Deus por este dia t\u00e3o rico, que, sem sombra de d\u00favidas, ficar\u00e1 marcado na mente e no cora\u00e7\u00e3o de todos que estiveram conosco em um momento t\u00e3o grandioso e especial! Deus \u00e9 Bom o tempo todo. A todo tempo Deus \u00e9 Bom!<\/p>\n<hr \/>\n<p><em>Frei Josielio Oliveira, OFM.<\/em><\/p>\n","protected":false},"excerpt":{"rendered":"<p>Par\u00f3quia Santa Clara de Assis <\/p>\n","protected":false},"author":3,"featured_media":240894,"comment_status":"open","ping_status":"open","sticky":false,"template":"","format":"standard","meta":[],"categories":[1],"tags":[1896],"acf":[],"yoast_head":"<!-- This site is optimized with the Yoast SEO plugin v19.2 - https:\/\/yoast.com\/wordpress\/plugins\/seo\/ -->\n<title>Colatina: uma experi\u00eancia de contempla\u00e7\u00e3o e fraternidade at\u00e9 o Cruzeiro de Maril\u00e2ndia - Not\u00edcias - Franciscanos<\/title>\n<meta name=\"robots\" content=\"index, follow, max-snippet:-1, max-image-preview:large, max-video-preview:-1\" \/>\n<link rel=\"canonical\" href=\"https:\/\/franciscanos.org.br\/noticias\/colatina-uma-experiencia-de-contemplacao-e-fraternidade-ate-o-cruzeiro-de-marilandia.html\" \/>\n<meta property=\"og:locale\" content=\"pt_BR\" \/>\n<meta property=\"og:type\" content=\"article\" \/>\n<meta property=\"og:title\" content=\"Colatina: uma experi\u00eancia de contempla\u00e7\u00e3o e fraternidade at\u00e9 o Cruzeiro de Maril\u00e2ndia - Not\u00edcias - Franciscanos\" \/>\n<meta property=\"og:description\" content=\"Par\u00f3quia Santa Clara de Assis\" \/>\n<meta property=\"og:url\" content=\"https:\/\/franciscanos.org.br\/noticias\/colatina-uma-experiencia-de-contemplacao-e-fraternidade-ate-o-cruzeiro-de-marilandia.html\" \/>\n<meta property=\"og:site_name\" content=\"Not\u00edcias - Franciscanos\" \/>\n<meta property=\"article:published_time\" content=\"2022-11-16T16:37:10+00:00\" \/>\n<meta property=\"og:image\" content=\"https:\/\/franciscanos.org.br\/noticias\/wp-content\/uploads\/2022\/11\/cruzeiro_01.jpg\" \/>\n\t<meta property=\"og:image:width\" content=\"1280\" \/>\n\t<meta property=\"og:image:height\" content=\"720\" \/>\n\t<meta property=\"og:image:type\" content=\"image\/jpeg\" \/>\n<meta name=\"author\" content=\"moacir\" \/>\n<meta name=\"twitter:card\" content=\"summary_large_image\" \/>\n<meta name=\"twitter:label1\" content=\"Escrito por\" \/>\n\t<meta name=\"twitter:data1\" content=\"moacir\" \/>\n\t<meta name=\"twitter:label2\" content=\"Est. tempo de leitura\" \/>\n\t<meta name=\"twitter:data2\" content=\"2 minutos\" \/>\n<script type=\"application\/ld+json\" class=\"yoast-schema-graph\">{\"@context\":\"https:\/\/schema.org\",\"@graph\":[{\"@type\":\"WebSite\",\"@id\":\"https:\/\/franciscanos.org.br\/noticias\/#website\",\"url\":\"https:\/\/franciscanos.org.br\/noticias\/\",\"name\":\"Not\u00edcias - Franciscanos\",\"description\":\"Prov\u00edncia Franciscana da Imaculada Concei\u00e7\u00e3o do Brasil - Ordem dos Frades Menores - OFM\",\"potentialAction\":[{\"@type\":\"SearchAction\",\"target\":{\"@type\":\"EntryPoint\",\"urlTemplate\":\"https:\/\/franciscanos.org.br\/noticias\/?s={search_term_string}\"},\"query-input\":\"required name=search_term_string\"}],\"inLanguage\":\"pt-BR\"},{\"@type\":\"ImageObject\",\"inLanguage\":\"pt-BR\",\"@id\":\"https:\/\/franciscanos.org.br\/noticias\/colatina-uma-experiencia-de-contemplacao-e-fraternidade-ate-o-cruzeiro-de-marilandia.html#primaryimage\",\"url\":\"https:\/\/franciscanos.org.br\/noticias\/wp-content\/uploads\/2022\/11\/cruzeiro_01.jpg\",\"contentUrl\":\"https:\/\/franciscanos.org.br\/noticias\/wp-content\/uploads\/2022\/11\/cruzeiro_01.jpg\",\"width\":1280,\"height\":720},{\"@type\":\"WebPage\",\"@id\":\"https:\/\/franciscanos.org.br\/noticias\/colatina-uma-experiencia-de-contemplacao-e-fraternidade-ate-o-cruzeiro-de-marilandia.html#webpage\",\"url\":\"https:\/\/franciscanos.org.br\/noticias\/colatina-uma-experiencia-de-contemplacao-e-fraternidade-ate-o-cruzeiro-de-marilandia.html\",\"name\":\"Colatina: uma experi\u00eancia de contempla\u00e7\u00e3o e fraternidade at\u00e9 o Cruzeiro de Maril\u00e2ndia - Not\u00edcias - Franciscanos\",\"isPartOf\":{\"@id\":\"https:\/\/franciscanos.org.br\/noticias\/#website\"},\"primaryImageOfPage\":{\"@id\":\"https:\/\/franciscanos.org.br\/noticias\/colatina-uma-experiencia-de-contemplacao-e-fraternidade-ate-o-cruzeiro-de-marilandia.html#primaryimage\"},\"datePublished\":\"2022-11-16T16:37:10+00:00\",\"dateModified\":\"2022-11-16T16:37:10+00:00\",\"author\":{\"@id\":\"https:\/\/franciscanos.org.br\/noticias\/#\/schema\/person\/b5c8cba458c330ccff548b056e95a5d4\"},\"breadcrumb\":{\"@id\":\"https:\/\/franciscanos.org.br\/noticias\/colatina-uma-experiencia-de-contemplacao-e-fraternidade-ate-o-cruzeiro-de-marilandia.html#breadcrumb\"},\"inLanguage\":\"pt-BR\",\"potentialAction\":[{\"@type\":\"ReadAction\",\"target\":[\"https:\/\/franciscanos.org.br\/noticias\/colatina-uma-experiencia-de-contemplacao-e-fraternidade-ate-o-cruzeiro-de-marilandia.html\"]}]},{\"@type\":\"BreadcrumbList\",\"@id\":\"https:\/\/franciscanos.org.br\/noticias\/colatina-uma-experiencia-de-contemplacao-e-fraternidade-ate-o-cruzeiro-de-marilandia.html#breadcrumb\",\"itemListElement\":[{\"@type\":\"ListItem\",\"position\":1,\"name\":\"Home\",\"item\":\"https:\/\/franciscanos.org.br\/noticias\"},{\"@type\":\"ListItem\",\"position\":2,\"name\":\"Colatina: uma experi\u00eancia de contempla\u00e7\u00e3o e fraternidade at\u00e9 o Cruzeiro de Maril\u00e2ndia\"}]},{\"@type\":\"Person\",\"@id\":\"https:\/\/franciscanos.org.br\/noticias\/#\/schema\/person\/b5c8cba458c330ccff548b056e95a5d4\",\"name\":\"moacir\",\"image\":{\"@type\":\"ImageObject\",\"inLanguage\":\"pt-BR\",\"@id\":\"https:\/\/franciscanos.org.br\/noticias\/#\/schema\/person\/image\/\",\"url\":\"https:\/\/secure.gravatar.com\/avatar\/d08aa2ce4c8dd416d4479aa8536fcf64?s=96&d=mm&r=g\",\"contentUrl\":\"https:\/\/secure.gravatar.com\/avatar\/d08aa2ce4c8dd416d4479aa8536fcf64?s=96&d=mm&r=g\",\"caption\":\"moacir\"},\"url\":\"https:\/\/franciscanos.org.br\/noticias\/author\/moacir\"}]}<\/script>\n<!-- \/ Yoast SEO plugin. -->","yoast_head_json":{"title":"Colatina: uma experi\u00eancia de contempla\u00e7\u00e3o e fraternidade at\u00e9 o Cruzeiro de Maril\u00e2ndia - Not\u00edcias - Franciscanos","robots":{"index":"index","follow":"follow","max-snippet":"max-snippet:-1","max-image-preview":"max-image-preview:large","max-video-preview":"max-video-preview:-1"},"canonical":"https:\/\/franciscanos.org.br\/noticias\/colatina-uma-experiencia-de-contemplacao-e-fraternidade-ate-o-cruzeiro-de-marilandia.html","og_locale":"pt_BR","og_type":"article","og_title":"Colatina: uma experi\u00eancia de contempla\u00e7\u00e3o e fraternidade at\u00e9 o Cruzeiro de Maril\u00e2ndia - Not\u00edcias - Franciscanos","og_description":"Par\u00f3quia Santa Clara de Assis","og_url":"https:\/\/franciscanos.org.br\/noticias\/colatina-uma-experiencia-de-contemplacao-e-fraternidade-ate-o-cruzeiro-de-marilandia.html","og_site_name":"Not\u00edcias - Franciscanos","article_published_time":"2022-11-16T16:37:10+00:00","og_image":[{"width":1280,"height":720,"url":"https:\/\/franciscanos.org.br\/noticias\/wp-content\/uploads\/2022\/11\/cruzeiro_01.jpg","type":"image\/jpeg"}],"author":"moacir","twitter_card":"summary_large_image","twitter_misc":{"Escrito por":"moacir","Est. tempo de leitura":"2 minutos"},"schema":{"@context":"https:\/\/schema.org","@graph":[{"@type":"WebSite","@id":"https:\/\/franciscanos.org.br\/noticias\/#website","url":"https:\/\/franciscanos.org.br\/noticias\/","name":"Not\u00edcias - Franciscanos","description":"Prov\u00edncia Franciscana da Imaculada Concei\u00e7\u00e3o do Brasil - Ordem dos Frades Menores - OFM","potentialAction":[{"@type":"SearchAction","target":{"@type":"EntryPoint","urlTemplate":"https:\/\/franciscanos.org.br\/noticias\/?s={search_term_string}"},"query-input":"required name=search_term_string"}],"inLanguage":"pt-BR"},{"@type":"ImageObject","inLanguage":"pt-BR","@id":"https:\/\/franciscanos.org.br\/noticias\/colatina-uma-experiencia-de-contemplacao-e-fraternidade-ate-o-cruzeiro-de-marilandia.html#primaryimage","url":"https:\/\/franciscanos.org.br\/noticias\/wp-content\/uploads\/2022\/11\/cruzeiro_01.jpg","contentUrl":"https:\/\/franciscanos.org.br\/noticias\/wp-content\/uploads\/2022\/11\/cruzeiro_01.jpg","width":1280,"height":720},{"@type":"WebPage","@id":"https:\/\/franciscanos.org.br\/noticias\/colatina-uma-experiencia-de-contemplacao-e-fraternidade-ate-o-cruzeiro-de-marilandia.html#webpage","url":"https:\/\/franciscanos.org.br\/noticias\/colatina-uma-experiencia-de-contemplacao-e-fraternidade-ate-o-cruzeiro-de-marilandia.html","name":"Colatina: uma experi\u00eancia de contempla\u00e7\u00e3o e fraternidade at\u00e9 o Cruzeiro de Maril\u00e2ndia - Not\u00edcias - Franciscanos","isPartOf":{"@id":"https:\/\/franciscanos.org.br\/noticias\/#website"},"primaryImageOfPage":{"@id":"https:\/\/franciscanos.org.br\/noticias\/colatina-uma-experiencia-de-contemplacao-e-fraternidade-ate-o-cruzeiro-de-marilandia.html#primaryimage"},"datePublished":"2022-11-16T16:37:10+00:00","dateModified":"2022-11-16T16:37:10+00:00","author":{"@id":"https:\/\/franciscanos.org.br\/noticias\/#\/schema\/person\/b5c8cba458c330ccff548b056e95a5d4"},"breadcrumb":{"@id":"https:\/\/franciscanos.org.br\/noticias\/colatina-uma-experiencia-de-contemplacao-e-fraternidade-ate-o-cruzeiro-de-marilandia.html#breadcrumb"},"inLanguage":"pt-BR","potentialAction":[{"@type":"ReadAction","target":["https:\/\/franciscanos.org.br\/noticias\/colatina-uma-experiencia-de-contemplacao-e-fraternidade-ate-o-cruzeiro-de-marilandia.html"]}]},{"@type":"BreadcrumbList","@id":"https:\/\/franciscanos.org.br\/noticias\/colatina-uma-experiencia-de-contemplacao-e-fraternidade-ate-o-cruzeiro-de-marilandia.html#breadcrumb","itemListElement":[{"@type":"ListItem","position":1,"name":"Home","item":"https:\/\/franciscanos.org.br\/noticias"},{"@type":"ListItem","position":2,"name":"Colatina: uma experi\u00eancia de contempla\u00e7\u00e3o e fraternidade at\u00e9 o Cruzeiro de Maril\u00e2ndia"}]},{"@type":"Person","@id":"https:\/\/franciscanos.org.br\/noticias\/#\/schema\/person\/b5c8cba458c330ccff548b056e95a5d4","name":"moacir","image":{"@type":"ImageObject","inLanguage":"pt-BR","@id":"https:\/\/franciscanos.org.br\/noticias\/#\/schema\/person\/image\/","url":"https:\/\/secure.gravatar.com\/avatar\/d08aa2ce4c8dd416d4479aa8536fcf64?s=96&d=mm&r=g","contentUrl":"https:\/\/secure.gravatar.com\/avatar\/d08aa2ce4c8dd416d4479aa8536fcf64?s=96&d=mm&r=g","caption":"moacir"},"url":"https:\/\/franciscanos.org.br\/noticias\/author\/moacir"}]}},"_links":{"self":[{"href":"https:\/\/franciscanos.org.br\/noticias\/wp-json\/wp\/v2\/posts\/240893"}],"collection":[{"href":"https:\/\/franciscanos.org.br\/noticias\/wp-json\/wp\/v2\/posts"}],"about":[{"href":"https:\/\/franciscanos.org.br\/noticias\/wp-json\/wp\/v2\/types\/post"}],"author":[{"embeddable":true,"href":"https:\/\/franciscanos.org.br\/noticias\/wp-json\/wp\/v2\/users\/3"}],"replies":[{"embeddable":true,"href":"https:\/\/franciscanos.org.br\/noticias\/wp-json\/wp\/v2\/comments?post=240893"}],"version-history":[{"count":1,"href":"https:\/\/franciscanos.org.br\/noticias\/wp-json\/wp\/v2\/posts\/240893\/revisions"}],"predecessor-version":[{"id":240898,"href":"https:\/\/franciscanos.org.br\/noticias\/wp-json\/wp\/v2\/posts\/240893\/revisions\/240898"}],"wp:featuredmedia":[{"embeddable":true,"href":"https:\/\/franciscanos.org.br\/noticias\/wp-json\/wp\/v2\/media\/240894"}],"wp:attachment":[{"href":"https:\/\/franciscanos.org.br\/noticias\/wp-json\/wp\/v2\/media?parent=240893"}],"wp:term":[{"taxonomy":"category","embeddable":true,"href":"https:\/\/franciscanos.org.br\/noticias\/wp-json\/wp\/v2\/categories?post=240893"},{"taxonomy":"post_tag","embeddable":true,"href":"https:\/\/franciscanos.org.br\/noticias\/wp-json\/wp\/v2\/tags?post=240893"}],"curies":[{"name":"wp","href":"https:\/\/api.w.org\/{rel}","templated":true}]}}