{"id":240888,"date":"2022-11-16T13:18:40","date_gmt":"2022-11-16T16:18:40","guid":{"rendered":"https:\/\/franciscanos.org.br\/noticias\/?p=240888"},"modified":"2022-11-16T13:18:40","modified_gmt":"2022-11-16T16:18:40","slug":"novicos-participam-do-dia-mundial-dos-pobres-em-rio-do-sul","status":"publish","type":"post","link":"https:\/\/franciscanos.org.br\/noticias\/novicos-participam-do-dia-mundial-dos-pobres-em-rio-do-sul.html","title":{"rendered":"Novi\u00e7os participam do Dia Mundial dos Pobres em Rio do Sul"},"content":{"rendered":"<p><img loading=\"lazy\" class=\"alignnone size-full wp-image-240889\" src=\"https:\/\/franciscanos.org.br\/noticias\/wp-content\/uploads\/2022\/11\/novicos_16_2.jpg\" alt=\"\" width=\"1280\" height=\"720\" srcset=\"https:\/\/franciscanos.org.br\/noticias\/wp-content\/uploads\/2022\/11\/novicos_16_2.jpg 1280w, https:\/\/franciscanos.org.br\/noticias\/wp-content\/uploads\/2022\/11\/novicos_16_2-450x253.jpg 450w, https:\/\/franciscanos.org.br\/noticias\/wp-content\/uploads\/2022\/11\/novicos_16_2-1024x576.jpg 1024w, https:\/\/franciscanos.org.br\/noticias\/wp-content\/uploads\/2022\/11\/novicos_16_2-768x432.jpg 768w, https:\/\/franciscanos.org.br\/noticias\/wp-content\/uploads\/2022\/11\/novicos_16_2-150x84.jpg 150w\" sizes=\"(max-width: 1280px) 100vw, 1280px\" \/><\/p>\n<p>No \u00faltimo domingo, dia 13 de novembro, o grupo dos novi\u00e7os de Rodeio foi a Rio do Sul (SC) para conhecer o projeto Casa de Assis, que acolhe moradores em situa\u00e7\u00e3o de rua da mesma cidade. O dia come\u00e7ou com um belo caf\u00e9 da manh\u00e3 preparados pelos pr\u00f3prios moradores que ali vivem enquanto n\u00e3o conseguem um trabalho ou uma resid\u00eancia digna. Em seguida, todos se encaminharam ao sal\u00e3o da Par\u00f3quia Divino Esp\u00edrito Santo em frente \u00e0 institui\u00e7\u00e3o e l\u00e1 foram apresentados os trabalhos desenvolvidos pela associa\u00e7\u00e3o Casa de Assis, bem como sua hist\u00f3ria e o aux\u00edlio das coordenadoras do projeto. Foi um momento de partilha em que os assistidos puderam falar um pouco de suas hist\u00f3rias de vida e de como a pastoral do Povo de Rua os ajudou e ajuda, atrav\u00e9s de a\u00e7\u00f5es concretas, transformar a situa\u00e7\u00e3o de exclus\u00e3o em projeto de vida.<\/p>\n<p>Na parte da tarde, que ficou \u00a0sob responsabilidade dos novi\u00e7os, foi passado um pequeno curta de anima\u00e7\u00e3o contando a vida e a convers\u00e3o de S\u00e3o Francisco e. A partir de uma conversa, refletiu-se as diversas formas de fome que todos os dias s\u00e3o confrontados, como a fome material, fome espiritual, fome de cidadania, fome de ser vistos entre tantas e, em seguida, todos foram convidados a tirarem os seus sapatos, pois como foi dito no momento de espiritualidade: \u201cNossa boca fala a partir de onde nossos p\u00e9s pisam e que aquele lugar era terra santa\u201d. Lembrou-se tamb\u00e9m que esse trabalho foi desenvolvido por S\u00e3o Francisco de Assis, um construtor da Igreja de Cristo, amando o \u201cAmor n\u00e3o amado\u201d, num gesto que simbolizava, ao mesmo tempo, reconhecimento de nossa pequenez perante as mazelas do mundo, que muitas vezes \u00e9 indiferente aos pobres.<\/p>\n<p><img loading=\"lazy\" class=\"alignnone size-full wp-image-240890\" src=\"https:\/\/franciscanos.org.br\/noticias\/wp-content\/uploads\/2022\/11\/novicos_16_3.jpg\" alt=\"\" width=\"1200\" height=\"804\" srcset=\"https:\/\/franciscanos.org.br\/noticias\/wp-content\/uploads\/2022\/11\/novicos_16_3.jpg 1200w, https:\/\/franciscanos.org.br\/noticias\/wp-content\/uploads\/2022\/11\/novicos_16_3-450x302.jpg 450w, https:\/\/franciscanos.org.br\/noticias\/wp-content\/uploads\/2022\/11\/novicos_16_3-1024x686.jpg 1024w, https:\/\/franciscanos.org.br\/noticias\/wp-content\/uploads\/2022\/11\/novicos_16_3-768x515.jpg 768w, https:\/\/franciscanos.org.br\/noticias\/wp-content\/uploads\/2022\/11\/novicos_16_3-150x101.jpg 150w\" sizes=\"(max-width: 1200px) 100vw, 1200px\" \/><\/p>\n<p>Numa atitude franciscana de servi\u00e7o, os novi\u00e7os lavaram os p\u00e9s de todos os presentes e, ap\u00f3s esse momento com todos da Casa de Assis, bem como as irm\u00e3s Catequistas Franciscanas, \u00a0foi dada a b\u00ean\u00e7\u00e3o de S\u00e3o Francisco. O Noviciado foi presenteado com uma placa de jardim que dizia: \u201cPlante Amor para colher felicidade\u201d e, ap\u00f3s o caf\u00e9 da tarde, os novi\u00e7os retornaram a Rodeio com a certeza que servir aos irm\u00e3os que mais necessitam \u00e9 uma das formas que os ajudam a se tornarem a cada dia frades menores melhores.<\/p>\n<p>A Casa de Assis funciona na rua Jorge Schultz, 299, no bairro Canoas na cidade de Rio do Sul e tem como respons\u00e1vel a pela coordena\u00e7\u00e3o da equipe a assistente social Patr\u00edcia de Souza e sua auxiliar Lucimara Koch, a psic\u00f3loga Marilene Fuchter, os educadores Herbert Lopes, Roseli Batista e Thiago Cunha, a t\u00e9cnica administrativa Roseli Mayer e os seguran\u00e7as Daniel Santos e Reginaldo Ces\u00e1rio. Somente no m\u00eas de setembro o projeto atendeu diariamente mais de 20 pessoas, sendo que 16 foram inseridas no mercado de trabalho, 12 superaram a condi\u00e7\u00e3o de rua, 5 conseguiram acesso ao BPC e 42 foram internadas para desintoxica\u00e7\u00e3o.<\/p>\n<p><img loading=\"lazy\" class=\"alignnone size-full wp-image-240891\" src=\"https:\/\/franciscanos.org.br\/noticias\/wp-content\/uploads\/2022\/11\/novicos_16.jpg\" alt=\"\" width=\"1280\" height=\"876\" srcset=\"https:\/\/franciscanos.org.br\/noticias\/wp-content\/uploads\/2022\/11\/novicos_16.jpg 1280w, https:\/\/franciscanos.org.br\/noticias\/wp-content\/uploads\/2022\/11\/novicos_16-450x308.jpg 450w, https:\/\/franciscanos.org.br\/noticias\/wp-content\/uploads\/2022\/11\/novicos_16-1024x701.jpg 1024w, https:\/\/franciscanos.org.br\/noticias\/wp-content\/uploads\/2022\/11\/novicos_16-768x526.jpg 768w, https:\/\/franciscanos.org.br\/noticias\/wp-content\/uploads\/2022\/11\/novicos_16-150x103.jpg 150w, https:\/\/franciscanos.org.br\/noticias\/wp-content\/uploads\/2022\/11\/novicos_16-320x220.jpg 320w\" sizes=\"(max-width: 1280px) 100vw, 1280px\" \/><\/p>\n<hr \/>\n<p><em>Frei Samuel Cavalcanti do Amara, Novi\u00e7o<\/em><\/p>\n","protected":false},"excerpt":{"rendered":"<p>6\u00ba Dia Mundial dos Pobres<\/p>\n","protected":false},"author":3,"featured_media":240889,"comment_status":"open","ping_status":"open","sticky":false,"template":"","format":"standard","meta":[],"categories":[1],"tags":[135],"acf":[],"yoast_head":"<!-- This site is optimized with the Yoast SEO plugin v19.2 - https:\/\/yoast.com\/wordpress\/plugins\/seo\/ -->\n<title>Novi\u00e7os participam do Dia Mundial dos Pobres em Rio do Sul - Not\u00edcias - Franciscanos<\/title>\n<meta name=\"robots\" content=\"index, follow, max-snippet:-1, max-image-preview:large, max-video-preview:-1\" \/>\n<link rel=\"canonical\" href=\"https:\/\/franciscanos.org.br\/noticias\/novicos-participam-do-dia-mundial-dos-pobres-em-rio-do-sul.html\" \/>\n<meta property=\"og:locale\" content=\"pt_BR\" \/>\n<meta property=\"og:type\" content=\"article\" \/>\n<meta property=\"og:title\" content=\"Novi\u00e7os participam do Dia Mundial dos Pobres em Rio do Sul - Not\u00edcias - Franciscanos\" \/>\n<meta property=\"og:description\" content=\"6\u00ba Dia Mundial dos Pobres\" \/>\n<meta property=\"og:url\" content=\"https:\/\/franciscanos.org.br\/noticias\/novicos-participam-do-dia-mundial-dos-pobres-em-rio-do-sul.html\" \/>\n<meta property=\"og:site_name\" content=\"Not\u00edcias - Franciscanos\" \/>\n<meta property=\"article:published_time\" content=\"2022-11-16T16:18:40+00:00\" \/>\n<meta property=\"og:image\" content=\"https:\/\/franciscanos.org.br\/noticias\/wp-content\/uploads\/2022\/11\/novicos_16_2.jpg\" \/>\n\t<meta property=\"og:image:width\" content=\"1280\" \/>\n\t<meta property=\"og:image:height\" content=\"720\" \/>\n\t<meta property=\"og:image:type\" content=\"image\/jpeg\" \/>\n<meta name=\"author\" content=\"moacir\" \/>\n<meta name=\"twitter:card\" content=\"summary_large_image\" \/>\n<meta name=\"twitter:label1\" content=\"Escrito por\" \/>\n\t<meta name=\"twitter:data1\" content=\"moacir\" \/>\n\t<meta name=\"twitter:label2\" content=\"Est. tempo de leitura\" \/>\n\t<meta name=\"twitter:data2\" content=\"3 minutos\" \/>\n<script type=\"application\/ld+json\" class=\"yoast-schema-graph\">{\"@context\":\"https:\/\/schema.org\",\"@graph\":[{\"@type\":\"WebSite\",\"@id\":\"https:\/\/franciscanos.org.br\/noticias\/#website\",\"url\":\"https:\/\/franciscanos.org.br\/noticias\/\",\"name\":\"Not\u00edcias - Franciscanos\",\"description\":\"Prov\u00edncia Franciscana da Imaculada Concei\u00e7\u00e3o do Brasil - Ordem dos Frades Menores - OFM\",\"potentialAction\":[{\"@type\":\"SearchAction\",\"target\":{\"@type\":\"EntryPoint\",\"urlTemplate\":\"https:\/\/franciscanos.org.br\/noticias\/?s={search_term_string}\"},\"query-input\":\"required name=search_term_string\"}],\"inLanguage\":\"pt-BR\"},{\"@type\":\"ImageObject\",\"inLanguage\":\"pt-BR\",\"@id\":\"https:\/\/franciscanos.org.br\/noticias\/novicos-participam-do-dia-mundial-dos-pobres-em-rio-do-sul.html#primaryimage\",\"url\":\"https:\/\/franciscanos.org.br\/noticias\/wp-content\/uploads\/2022\/11\/novicos_16_2.jpg\",\"contentUrl\":\"https:\/\/franciscanos.org.br\/noticias\/wp-content\/uploads\/2022\/11\/novicos_16_2.jpg\",\"width\":1280,\"height\":720},{\"@type\":\"WebPage\",\"@id\":\"https:\/\/franciscanos.org.br\/noticias\/novicos-participam-do-dia-mundial-dos-pobres-em-rio-do-sul.html#webpage\",\"url\":\"https:\/\/franciscanos.org.br\/noticias\/novicos-participam-do-dia-mundial-dos-pobres-em-rio-do-sul.html\",\"name\":\"Novi\u00e7os participam do Dia Mundial dos Pobres em Rio do Sul - Not\u00edcias - Franciscanos\",\"isPartOf\":{\"@id\":\"https:\/\/franciscanos.org.br\/noticias\/#website\"},\"primaryImageOfPage\":{\"@id\":\"https:\/\/franciscanos.org.br\/noticias\/novicos-participam-do-dia-mundial-dos-pobres-em-rio-do-sul.html#primaryimage\"},\"datePublished\":\"2022-11-16T16:18:40+00:00\",\"dateModified\":\"2022-11-16T16:18:40+00:00\",\"author\":{\"@id\":\"https:\/\/franciscanos.org.br\/noticias\/#\/schema\/person\/b5c8cba458c330ccff548b056e95a5d4\"},\"breadcrumb\":{\"@id\":\"https:\/\/franciscanos.org.br\/noticias\/novicos-participam-do-dia-mundial-dos-pobres-em-rio-do-sul.html#breadcrumb\"},\"inLanguage\":\"pt-BR\",\"potentialAction\":[{\"@type\":\"ReadAction\",\"target\":[\"https:\/\/franciscanos.org.br\/noticias\/novicos-participam-do-dia-mundial-dos-pobres-em-rio-do-sul.html\"]}]},{\"@type\":\"BreadcrumbList\",\"@id\":\"https:\/\/franciscanos.org.br\/noticias\/novicos-participam-do-dia-mundial-dos-pobres-em-rio-do-sul.html#breadcrumb\",\"itemListElement\":[{\"@type\":\"ListItem\",\"position\":1,\"name\":\"Home\",\"item\":\"https:\/\/franciscanos.org.br\/noticias\"},{\"@type\":\"ListItem\",\"position\":2,\"name\":\"Novi\u00e7os participam do Dia Mundial dos Pobres em Rio do Sul\"}]},{\"@type\":\"Person\",\"@id\":\"https:\/\/franciscanos.org.br\/noticias\/#\/schema\/person\/b5c8cba458c330ccff548b056e95a5d4\",\"name\":\"moacir\",\"image\":{\"@type\":\"ImageObject\",\"inLanguage\":\"pt-BR\",\"@id\":\"https:\/\/franciscanos.org.br\/noticias\/#\/schema\/person\/image\/\",\"url\":\"https:\/\/secure.gravatar.com\/avatar\/d08aa2ce4c8dd416d4479aa8536fcf64?s=96&d=mm&r=g\",\"contentUrl\":\"https:\/\/secure.gravatar.com\/avatar\/d08aa2ce4c8dd416d4479aa8536fcf64?s=96&d=mm&r=g\",\"caption\":\"moacir\"},\"url\":\"https:\/\/franciscanos.org.br\/noticias\/author\/moacir\"}]}<\/script>\n<!-- \/ Yoast SEO plugin. -->","yoast_head_json":{"title":"Novi\u00e7os participam do Dia Mundial dos Pobres em Rio do Sul - Not\u00edcias - Franciscanos","robots":{"index":"index","follow":"follow","max-snippet":"max-snippet:-1","max-image-preview":"max-image-preview:large","max-video-preview":"max-video-preview:-1"},"canonical":"https:\/\/franciscanos.org.br\/noticias\/novicos-participam-do-dia-mundial-dos-pobres-em-rio-do-sul.html","og_locale":"pt_BR","og_type":"article","og_title":"Novi\u00e7os participam do Dia Mundial dos Pobres em Rio do Sul - Not\u00edcias - Franciscanos","og_description":"6\u00ba Dia Mundial dos Pobres","og_url":"https:\/\/franciscanos.org.br\/noticias\/novicos-participam-do-dia-mundial-dos-pobres-em-rio-do-sul.html","og_site_name":"Not\u00edcias - Franciscanos","article_published_time":"2022-11-16T16:18:40+00:00","og_image":[{"width":1280,"height":720,"url":"https:\/\/franciscanos.org.br\/noticias\/wp-content\/uploads\/2022\/11\/novicos_16_2.jpg","type":"image\/jpeg"}],"author":"moacir","twitter_card":"summary_large_image","twitter_misc":{"Escrito por":"moacir","Est. tempo de leitura":"3 minutos"},"schema":{"@context":"https:\/\/schema.org","@graph":[{"@type":"WebSite","@id":"https:\/\/franciscanos.org.br\/noticias\/#website","url":"https:\/\/franciscanos.org.br\/noticias\/","name":"Not\u00edcias - Franciscanos","description":"Prov\u00edncia Franciscana da Imaculada Concei\u00e7\u00e3o do Brasil - Ordem dos Frades Menores - OFM","potentialAction":[{"@type":"SearchAction","target":{"@type":"EntryPoint","urlTemplate":"https:\/\/franciscanos.org.br\/noticias\/?s={search_term_string}"},"query-input":"required name=search_term_string"}],"inLanguage":"pt-BR"},{"@type":"ImageObject","inLanguage":"pt-BR","@id":"https:\/\/franciscanos.org.br\/noticias\/novicos-participam-do-dia-mundial-dos-pobres-em-rio-do-sul.html#primaryimage","url":"https:\/\/franciscanos.org.br\/noticias\/wp-content\/uploads\/2022\/11\/novicos_16_2.jpg","contentUrl":"https:\/\/franciscanos.org.br\/noticias\/wp-content\/uploads\/2022\/11\/novicos_16_2.jpg","width":1280,"height":720},{"@type":"WebPage","@id":"https:\/\/franciscanos.org.br\/noticias\/novicos-participam-do-dia-mundial-dos-pobres-em-rio-do-sul.html#webpage","url":"https:\/\/franciscanos.org.br\/noticias\/novicos-participam-do-dia-mundial-dos-pobres-em-rio-do-sul.html","name":"Novi\u00e7os participam do Dia Mundial dos Pobres em Rio do Sul - Not\u00edcias - Franciscanos","isPartOf":{"@id":"https:\/\/franciscanos.org.br\/noticias\/#website"},"primaryImageOfPage":{"@id":"https:\/\/franciscanos.org.br\/noticias\/novicos-participam-do-dia-mundial-dos-pobres-em-rio-do-sul.html#primaryimage"},"datePublished":"2022-11-16T16:18:40+00:00","dateModified":"2022-11-16T16:18:40+00:00","author":{"@id":"https:\/\/franciscanos.org.br\/noticias\/#\/schema\/person\/b5c8cba458c330ccff548b056e95a5d4"},"breadcrumb":{"@id":"https:\/\/franciscanos.org.br\/noticias\/novicos-participam-do-dia-mundial-dos-pobres-em-rio-do-sul.html#breadcrumb"},"inLanguage":"pt-BR","potentialAction":[{"@type":"ReadAction","target":["https:\/\/franciscanos.org.br\/noticias\/novicos-participam-do-dia-mundial-dos-pobres-em-rio-do-sul.html"]}]},{"@type":"BreadcrumbList","@id":"https:\/\/franciscanos.org.br\/noticias\/novicos-participam-do-dia-mundial-dos-pobres-em-rio-do-sul.html#breadcrumb","itemListElement":[{"@type":"ListItem","position":1,"name":"Home","item":"https:\/\/franciscanos.org.br\/noticias"},{"@type":"ListItem","position":2,"name":"Novi\u00e7os participam do Dia Mundial dos Pobres em Rio do Sul"}]},{"@type":"Person","@id":"https:\/\/franciscanos.org.br\/noticias\/#\/schema\/person\/b5c8cba458c330ccff548b056e95a5d4","name":"moacir","image":{"@type":"ImageObject","inLanguage":"pt-BR","@id":"https:\/\/franciscanos.org.br\/noticias\/#\/schema\/person\/image\/","url":"https:\/\/secure.gravatar.com\/avatar\/d08aa2ce4c8dd416d4479aa8536fcf64?s=96&d=mm&r=g","contentUrl":"https:\/\/secure.gravatar.com\/avatar\/d08aa2ce4c8dd416d4479aa8536fcf64?s=96&d=mm&r=g","caption":"moacir"},"url":"https:\/\/franciscanos.org.br\/noticias\/author\/moacir"}]}},"_links":{"self":[{"href":"https:\/\/franciscanos.org.br\/noticias\/wp-json\/wp\/v2\/posts\/240888"}],"collection":[{"href":"https:\/\/franciscanos.org.br\/noticias\/wp-json\/wp\/v2\/posts"}],"about":[{"href":"https:\/\/franciscanos.org.br\/noticias\/wp-json\/wp\/v2\/types\/post"}],"author":[{"embeddable":true,"href":"https:\/\/franciscanos.org.br\/noticias\/wp-json\/wp\/v2\/users\/3"}],"replies":[{"embeddable":true,"href":"https:\/\/franciscanos.org.br\/noticias\/wp-json\/wp\/v2\/comments?post=240888"}],"version-history":[{"count":1,"href":"https:\/\/franciscanos.org.br\/noticias\/wp-json\/wp\/v2\/posts\/240888\/revisions"}],"predecessor-version":[{"id":240892,"href":"https:\/\/franciscanos.org.br\/noticias\/wp-json\/wp\/v2\/posts\/240888\/revisions\/240892"}],"wp:featuredmedia":[{"embeddable":true,"href":"https:\/\/franciscanos.org.br\/noticias\/wp-json\/wp\/v2\/media\/240889"}],"wp:attachment":[{"href":"https:\/\/franciscanos.org.br\/noticias\/wp-json\/wp\/v2\/media?parent=240888"}],"wp:term":[{"taxonomy":"category","embeddable":true,"href":"https:\/\/franciscanos.org.br\/noticias\/wp-json\/wp\/v2\/categories?post=240888"},{"taxonomy":"post_tag","embeddable":true,"href":"https:\/\/franciscanos.org.br\/noticias\/wp-json\/wp\/v2\/tags?post=240888"}],"curies":[{"name":"wp","href":"https:\/\/api.w.org\/{rel}","templated":true}]}}