{"id":240872,"date":"2022-11-16T06:16:58","date_gmt":"2022-11-16T09:16:58","guid":{"rendered":"https:\/\/franciscanos.org.br\/noticias\/?p=240872"},"modified":"2022-11-17T10:03:22","modified_gmt":"2022-11-17T13:03:22","slug":"paroquia-santo-antonio-de-sorocaba-celebra-o-dia-mundial-dos-pobres","status":"publish","type":"post","link":"https:\/\/franciscanos.org.br\/noticias\/paroquia-santo-antonio-de-sorocaba-celebra-o-dia-mundial-dos-pobres.html","title":{"rendered":"Par\u00f3quia Santo Ant\u00f4nio de Sorocaba celebra o Dia Mundial dos Pobres"},"content":{"rendered":"<p><img loading=\"lazy\" class=\"alignnone size-full wp-image-240873\" src=\"https:\/\/franciscanos.org.br\/noticias\/wp-content\/uploads\/2022\/11\/pobres_02.jpg\" alt=\"\" width=\"1280\" height=\"733\" srcset=\"https:\/\/franciscanos.org.br\/noticias\/wp-content\/uploads\/2022\/11\/pobres_02.jpg 1280w, https:\/\/franciscanos.org.br\/noticias\/wp-content\/uploads\/2022\/11\/pobres_02-450x258.jpg 450w, https:\/\/franciscanos.org.br\/noticias\/wp-content\/uploads\/2022\/11\/pobres_02-1024x586.jpg 1024w, https:\/\/franciscanos.org.br\/noticias\/wp-content\/uploads\/2022\/11\/pobres_02-768x440.jpg 768w, https:\/\/franciscanos.org.br\/noticias\/wp-content\/uploads\/2022\/11\/pobres_02-150x86.jpg 150w\" sizes=\"(max-width: 1280px) 100vw, 1280px\" \/><\/p>\n<p>Neste \u00faltimo domingo, 13 de novembro, aconteceu na Par\u00f3quia Santo Ant\u00f4nio, em Sorocaba (SP), o 6\u00ba Dia Mundial dos Pobres, que teve como tema principal a passagem \u201cDai-lhes v\u00f3s mesmos de comer\u201d (MC 6,37).<\/p>\n<p>&#8220;Na realidade, os pobres, antes de ser objeto da nossa esmola, s\u00e3o sujeitos que ajudam a libertar-nos das armadilhas da inquieta\u00e7\u00e3o e da superficialidade [&#8230;]. A pobreza que mata \u00e9 a mis\u00e9ria, filha da injusti\u00e7a, da explora\u00e7\u00e3o, da viol\u00eancia e da in\u00edqua distribui\u00e7\u00e3o dos recursos.&#8221;. Essas s\u00e3o as palavras que Papa Francisco nos deixa da reflex\u00e3o para este ano.<\/p>\n<p><img loading=\"lazy\" class=\"alignnone size-full wp-image-240874\" src=\"https:\/\/franciscanos.org.br\/noticias\/wp-content\/uploads\/2022\/11\/pobres_01.jpg\" alt=\"\" width=\"1280\" height=\"756\" srcset=\"https:\/\/franciscanos.org.br\/noticias\/wp-content\/uploads\/2022\/11\/pobres_01.jpg 1280w, https:\/\/franciscanos.org.br\/noticias\/wp-content\/uploads\/2022\/11\/pobres_01-450x266.jpg 450w, https:\/\/franciscanos.org.br\/noticias\/wp-content\/uploads\/2022\/11\/pobres_01-1024x605.jpg 1024w, https:\/\/franciscanos.org.br\/noticias\/wp-content\/uploads\/2022\/11\/pobres_01-768x454.jpg 768w, https:\/\/franciscanos.org.br\/noticias\/wp-content\/uploads\/2022\/11\/pobres_01-150x89.jpg 150w\" sizes=\"(max-width: 1280px) 100vw, 1280px\" \/><\/p>\n<p>Esse dia foi dedicado \u00e0s pessoas em situa\u00e7\u00e3o de rua, e lhes foram oferecidos banho, trocas de roupas e sapatos, corte de cabelo e barba e manicure e pedicure. Tamb\u00e9m foi oferecido caf\u00e9 da manh\u00e3 e almo\u00e7o \u00e0queles que participaram.<\/p>\n<p>O trabalho iniciou-se \u00e0s 7h30 com uma reflex\u00e3o sobre o dia e a b\u00ean\u00e7\u00e3o pelo p\u00e1roco Frei Gilberto Piscitelli aos volunt\u00e1rios e aos atendidos.\u00a0Compareceram 180 pessoas em situa\u00e7\u00e3o de rua, as quais passaram uma manh\u00e3 especial na Par\u00f3quia, inclusive compartilhando um pouco de suas vidas. Contamos com o apoio de aproximadamente 60 volunt\u00e1rios, os quais foram distribu\u00eddos nas seguintes equipes: organiza\u00e7\u00e3o, cabelo e barba, cozinha e caf\u00e9.<\/p>\n\n\t\t<style type=\"text\/css\">\n\t\t\t#gallery-1 {\n\t\t\t\tmargin: auto;\n\t\t\t}\n\t\t\t#gallery-1 .gallery-item {\n\t\t\t\tfloat: left;\n\t\t\t\tmargin-top: 10px;\n\t\t\t\ttext-align: center;\n\t\t\t\twidth: 50%;\n\t\t\t}\n\t\t\t#gallery-1 img {\n\t\t\t\tborder: 2px solid #cfcfcf;\n\t\t\t}\n\t\t\t#gallery-1 .gallery-caption {\n\t\t\t\tmargin-left: 0;\n\t\t\t}\n\t\t\t\/* see gallery_shortcode() in wp-includes\/media.php *\/\n\t\t<\/style>\n\t\t<div id='gallery-1' class='gallery galleryid-240872 gallery-columns-2 gallery-size-thumbnail'><dl class='gallery-item'>\n\t\t\t<dt class='gallery-icon landscape'>\n\t\t\t\t<a href='https:\/\/franciscanos.org.br\/noticias\/wp-content\/uploads\/2022\/11\/pobres_03.jpg'><img width=\"300\" height=\"300\" src=\"https:\/\/franciscanos.org.br\/noticias\/wp-content\/uploads\/2022\/11\/pobres_03-300x300.jpg\" class=\"attachment-thumbnail size-thumbnail\" alt=\"\" loading=\"lazy\" srcset=\"https:\/\/franciscanos.org.br\/noticias\/wp-content\/uploads\/2022\/11\/pobres_03-300x300.jpg 300w, https:\/\/franciscanos.org.br\/noticias\/wp-content\/uploads\/2022\/11\/pobres_03-100x100.jpg 100w\" sizes=\"(max-width: 300px) 100vw, 300px\" \/><\/a>\n\t\t\t<\/dt><\/dl><dl class='gallery-item'>\n\t\t\t<dt class='gallery-icon landscape'>\n\t\t\t\t<a href='https:\/\/franciscanos.org.br\/noticias\/wp-content\/uploads\/2022\/11\/pobres_04.jpg'><img width=\"300\" height=\"300\" src=\"https:\/\/franciscanos.org.br\/noticias\/wp-content\/uploads\/2022\/11\/pobres_04-300x300.jpg\" class=\"attachment-thumbnail size-thumbnail\" alt=\"\" loading=\"lazy\" srcset=\"https:\/\/franciscanos.org.br\/noticias\/wp-content\/uploads\/2022\/11\/pobres_04-300x300.jpg 300w, https:\/\/franciscanos.org.br\/noticias\/wp-content\/uploads\/2022\/11\/pobres_04-100x100.jpg 100w\" sizes=\"(max-width: 300px) 100vw, 300px\" \/><\/a>\n\t\t\t<\/dt><\/dl><br style=\"clear: both\" \/>\n\t\t<\/div>\n\n<p>&nbsp;<\/p>\n<hr \/>\n<p><em>Texto e Fotos: Pascom Par\u00f3quia Santo Ant\u00f4nio em Sorocaba<\/em><\/p>\n","protected":false},"excerpt":{"rendered":"<p>6\u00ba Dia Mundial dos Pobres<\/p>\n","protected":false},"author":3,"featured_media":240873,"comment_status":"open","ping_status":"open","sticky":false,"template":"","format":"standard","meta":[],"categories":[1],"tags":[2034],"acf":[],"yoast_head":"<!-- This site is optimized with the Yoast SEO plugin v19.2 - https:\/\/yoast.com\/wordpress\/plugins\/seo\/ -->\n<title>Par\u00f3quia Santo Ant\u00f4nio de Sorocaba celebra o Dia Mundial dos Pobres - Not\u00edcias - Franciscanos<\/title>\n<meta name=\"robots\" content=\"index, follow, max-snippet:-1, max-image-preview:large, max-video-preview:-1\" \/>\n<link rel=\"canonical\" href=\"https:\/\/franciscanos.org.br\/noticias\/paroquia-santo-antonio-de-sorocaba-celebra-o-dia-mundial-dos-pobres.html\" \/>\n<meta property=\"og:locale\" content=\"pt_BR\" \/>\n<meta property=\"og:type\" content=\"article\" \/>\n<meta property=\"og:title\" content=\"Par\u00f3quia Santo Ant\u00f4nio de Sorocaba celebra o Dia Mundial dos Pobres - Not\u00edcias - Franciscanos\" \/>\n<meta property=\"og:description\" content=\"6\u00ba Dia Mundial dos Pobres\" \/>\n<meta property=\"og:url\" content=\"https:\/\/franciscanos.org.br\/noticias\/paroquia-santo-antonio-de-sorocaba-celebra-o-dia-mundial-dos-pobres.html\" \/>\n<meta property=\"og:site_name\" content=\"Not\u00edcias - Franciscanos\" \/>\n<meta property=\"article:published_time\" content=\"2022-11-16T09:16:58+00:00\" \/>\n<meta property=\"article:modified_time\" content=\"2022-11-17T13:03:22+00:00\" \/>\n<meta property=\"og:image\" content=\"https:\/\/franciscanos.org.br\/noticias\/wp-content\/uploads\/2022\/11\/pobres_02.jpg\" \/>\n\t<meta property=\"og:image:width\" content=\"1280\" \/>\n\t<meta property=\"og:image:height\" content=\"733\" \/>\n\t<meta property=\"og:image:type\" content=\"image\/jpeg\" \/>\n<meta name=\"author\" content=\"moacir\" \/>\n<meta name=\"twitter:card\" content=\"summary_large_image\" \/>\n<meta name=\"twitter:label1\" content=\"Escrito por\" \/>\n\t<meta name=\"twitter:data1\" content=\"moacir\" \/>\n\t<meta name=\"twitter:label2\" content=\"Est. tempo de leitura\" \/>\n\t<meta name=\"twitter:data2\" content=\"1 minuto\" \/>\n<script type=\"application\/ld+json\" class=\"yoast-schema-graph\">{\"@context\":\"https:\/\/schema.org\",\"@graph\":[{\"@type\":\"WebSite\",\"@id\":\"https:\/\/franciscanos.org.br\/noticias\/#website\",\"url\":\"https:\/\/franciscanos.org.br\/noticias\/\",\"name\":\"Not\u00edcias - Franciscanos\",\"description\":\"Prov\u00edncia Franciscana da Imaculada Concei\u00e7\u00e3o do Brasil - Ordem dos Frades Menores - OFM\",\"potentialAction\":[{\"@type\":\"SearchAction\",\"target\":{\"@type\":\"EntryPoint\",\"urlTemplate\":\"https:\/\/franciscanos.org.br\/noticias\/?s={search_term_string}\"},\"query-input\":\"required name=search_term_string\"}],\"inLanguage\":\"pt-BR\"},{\"@type\":\"ImageObject\",\"inLanguage\":\"pt-BR\",\"@id\":\"https:\/\/franciscanos.org.br\/noticias\/paroquia-santo-antonio-de-sorocaba-celebra-o-dia-mundial-dos-pobres.html#primaryimage\",\"url\":\"https:\/\/franciscanos.org.br\/noticias\/wp-content\/uploads\/2022\/11\/pobres_02.jpg\",\"contentUrl\":\"https:\/\/franciscanos.org.br\/noticias\/wp-content\/uploads\/2022\/11\/pobres_02.jpg\",\"width\":1280,\"height\":733},{\"@type\":\"WebPage\",\"@id\":\"https:\/\/franciscanos.org.br\/noticias\/paroquia-santo-antonio-de-sorocaba-celebra-o-dia-mundial-dos-pobres.html#webpage\",\"url\":\"https:\/\/franciscanos.org.br\/noticias\/paroquia-santo-antonio-de-sorocaba-celebra-o-dia-mundial-dos-pobres.html\",\"name\":\"Par\u00f3quia Santo Ant\u00f4nio de Sorocaba celebra o Dia Mundial dos Pobres - Not\u00edcias - Franciscanos\",\"isPartOf\":{\"@id\":\"https:\/\/franciscanos.org.br\/noticias\/#website\"},\"primaryImageOfPage\":{\"@id\":\"https:\/\/franciscanos.org.br\/noticias\/paroquia-santo-antonio-de-sorocaba-celebra-o-dia-mundial-dos-pobres.html#primaryimage\"},\"datePublished\":\"2022-11-16T09:16:58+00:00\",\"dateModified\":\"2022-11-17T13:03:22+00:00\",\"author\":{\"@id\":\"https:\/\/franciscanos.org.br\/noticias\/#\/schema\/person\/b5c8cba458c330ccff548b056e95a5d4\"},\"breadcrumb\":{\"@id\":\"https:\/\/franciscanos.org.br\/noticias\/paroquia-santo-antonio-de-sorocaba-celebra-o-dia-mundial-dos-pobres.html#breadcrumb\"},\"inLanguage\":\"pt-BR\",\"potentialAction\":[{\"@type\":\"ReadAction\",\"target\":[\"https:\/\/franciscanos.org.br\/noticias\/paroquia-santo-antonio-de-sorocaba-celebra-o-dia-mundial-dos-pobres.html\"]}]},{\"@type\":\"BreadcrumbList\",\"@id\":\"https:\/\/franciscanos.org.br\/noticias\/paroquia-santo-antonio-de-sorocaba-celebra-o-dia-mundial-dos-pobres.html#breadcrumb\",\"itemListElement\":[{\"@type\":\"ListItem\",\"position\":1,\"name\":\"Home\",\"item\":\"https:\/\/franciscanos.org.br\/noticias\"},{\"@type\":\"ListItem\",\"position\":2,\"name\":\"Par\u00f3quia Santo Ant\u00f4nio de Sorocaba celebra o Dia Mundial dos Pobres\"}]},{\"@type\":\"Person\",\"@id\":\"https:\/\/franciscanos.org.br\/noticias\/#\/schema\/person\/b5c8cba458c330ccff548b056e95a5d4\",\"name\":\"moacir\",\"image\":{\"@type\":\"ImageObject\",\"inLanguage\":\"pt-BR\",\"@id\":\"https:\/\/franciscanos.org.br\/noticias\/#\/schema\/person\/image\/\",\"url\":\"https:\/\/secure.gravatar.com\/avatar\/d08aa2ce4c8dd416d4479aa8536fcf64?s=96&d=mm&r=g\",\"contentUrl\":\"https:\/\/secure.gravatar.com\/avatar\/d08aa2ce4c8dd416d4479aa8536fcf64?s=96&d=mm&r=g\",\"caption\":\"moacir\"},\"url\":\"https:\/\/franciscanos.org.br\/noticias\/author\/moacir\"}]}<\/script>\n<!-- \/ Yoast SEO plugin. -->","yoast_head_json":{"title":"Par\u00f3quia Santo Ant\u00f4nio de Sorocaba celebra o Dia Mundial dos Pobres - Not\u00edcias - Franciscanos","robots":{"index":"index","follow":"follow","max-snippet":"max-snippet:-1","max-image-preview":"max-image-preview:large","max-video-preview":"max-video-preview:-1"},"canonical":"https:\/\/franciscanos.org.br\/noticias\/paroquia-santo-antonio-de-sorocaba-celebra-o-dia-mundial-dos-pobres.html","og_locale":"pt_BR","og_type":"article","og_title":"Par\u00f3quia Santo Ant\u00f4nio de Sorocaba celebra o Dia Mundial dos Pobres - Not\u00edcias - Franciscanos","og_description":"6\u00ba Dia Mundial dos Pobres","og_url":"https:\/\/franciscanos.org.br\/noticias\/paroquia-santo-antonio-de-sorocaba-celebra-o-dia-mundial-dos-pobres.html","og_site_name":"Not\u00edcias - Franciscanos","article_published_time":"2022-11-16T09:16:58+00:00","article_modified_time":"2022-11-17T13:03:22+00:00","og_image":[{"width":1280,"height":733,"url":"https:\/\/franciscanos.org.br\/noticias\/wp-content\/uploads\/2022\/11\/pobres_02.jpg","type":"image\/jpeg"}],"author":"moacir","twitter_card":"summary_large_image","twitter_misc":{"Escrito por":"moacir","Est. tempo de leitura":"1 minuto"},"schema":{"@context":"https:\/\/schema.org","@graph":[{"@type":"WebSite","@id":"https:\/\/franciscanos.org.br\/noticias\/#website","url":"https:\/\/franciscanos.org.br\/noticias\/","name":"Not\u00edcias - Franciscanos","description":"Prov\u00edncia Franciscana da Imaculada Concei\u00e7\u00e3o do Brasil - Ordem dos Frades Menores - OFM","potentialAction":[{"@type":"SearchAction","target":{"@type":"EntryPoint","urlTemplate":"https:\/\/franciscanos.org.br\/noticias\/?s={search_term_string}"},"query-input":"required name=search_term_string"}],"inLanguage":"pt-BR"},{"@type":"ImageObject","inLanguage":"pt-BR","@id":"https:\/\/franciscanos.org.br\/noticias\/paroquia-santo-antonio-de-sorocaba-celebra-o-dia-mundial-dos-pobres.html#primaryimage","url":"https:\/\/franciscanos.org.br\/noticias\/wp-content\/uploads\/2022\/11\/pobres_02.jpg","contentUrl":"https:\/\/franciscanos.org.br\/noticias\/wp-content\/uploads\/2022\/11\/pobres_02.jpg","width":1280,"height":733},{"@type":"WebPage","@id":"https:\/\/franciscanos.org.br\/noticias\/paroquia-santo-antonio-de-sorocaba-celebra-o-dia-mundial-dos-pobres.html#webpage","url":"https:\/\/franciscanos.org.br\/noticias\/paroquia-santo-antonio-de-sorocaba-celebra-o-dia-mundial-dos-pobres.html","name":"Par\u00f3quia Santo Ant\u00f4nio de Sorocaba celebra o Dia Mundial dos Pobres - Not\u00edcias - Franciscanos","isPartOf":{"@id":"https:\/\/franciscanos.org.br\/noticias\/#website"},"primaryImageOfPage":{"@id":"https:\/\/franciscanos.org.br\/noticias\/paroquia-santo-antonio-de-sorocaba-celebra-o-dia-mundial-dos-pobres.html#primaryimage"},"datePublished":"2022-11-16T09:16:58+00:00","dateModified":"2022-11-17T13:03:22+00:00","author":{"@id":"https:\/\/franciscanos.org.br\/noticias\/#\/schema\/person\/b5c8cba458c330ccff548b056e95a5d4"},"breadcrumb":{"@id":"https:\/\/franciscanos.org.br\/noticias\/paroquia-santo-antonio-de-sorocaba-celebra-o-dia-mundial-dos-pobres.html#breadcrumb"},"inLanguage":"pt-BR","potentialAction":[{"@type":"ReadAction","target":["https:\/\/franciscanos.org.br\/noticias\/paroquia-santo-antonio-de-sorocaba-celebra-o-dia-mundial-dos-pobres.html"]}]},{"@type":"BreadcrumbList","@id":"https:\/\/franciscanos.org.br\/noticias\/paroquia-santo-antonio-de-sorocaba-celebra-o-dia-mundial-dos-pobres.html#breadcrumb","itemListElement":[{"@type":"ListItem","position":1,"name":"Home","item":"https:\/\/franciscanos.org.br\/noticias"},{"@type":"ListItem","position":2,"name":"Par\u00f3quia Santo Ant\u00f4nio de Sorocaba celebra o Dia Mundial dos Pobres"}]},{"@type":"Person","@id":"https:\/\/franciscanos.org.br\/noticias\/#\/schema\/person\/b5c8cba458c330ccff548b056e95a5d4","name":"moacir","image":{"@type":"ImageObject","inLanguage":"pt-BR","@id":"https:\/\/franciscanos.org.br\/noticias\/#\/schema\/person\/image\/","url":"https:\/\/secure.gravatar.com\/avatar\/d08aa2ce4c8dd416d4479aa8536fcf64?s=96&d=mm&r=g","contentUrl":"https:\/\/secure.gravatar.com\/avatar\/d08aa2ce4c8dd416d4479aa8536fcf64?s=96&d=mm&r=g","caption":"moacir"},"url":"https:\/\/franciscanos.org.br\/noticias\/author\/moacir"}]}},"_links":{"self":[{"href":"https:\/\/franciscanos.org.br\/noticias\/wp-json\/wp\/v2\/posts\/240872"}],"collection":[{"href":"https:\/\/franciscanos.org.br\/noticias\/wp-json\/wp\/v2\/posts"}],"about":[{"href":"https:\/\/franciscanos.org.br\/noticias\/wp-json\/wp\/v2\/types\/post"}],"author":[{"embeddable":true,"href":"https:\/\/franciscanos.org.br\/noticias\/wp-json\/wp\/v2\/users\/3"}],"replies":[{"embeddable":true,"href":"https:\/\/franciscanos.org.br\/noticias\/wp-json\/wp\/v2\/comments?post=240872"}],"version-history":[{"count":2,"href":"https:\/\/franciscanos.org.br\/noticias\/wp-json\/wp\/v2\/posts\/240872\/revisions"}],"predecessor-version":[{"id":240902,"href":"https:\/\/franciscanos.org.br\/noticias\/wp-json\/wp\/v2\/posts\/240872\/revisions\/240902"}],"wp:featuredmedia":[{"embeddable":true,"href":"https:\/\/franciscanos.org.br\/noticias\/wp-json\/wp\/v2\/media\/240873"}],"wp:attachment":[{"href":"https:\/\/franciscanos.org.br\/noticias\/wp-json\/wp\/v2\/media?parent=240872"}],"wp:term":[{"taxonomy":"category","embeddable":true,"href":"https:\/\/franciscanos.org.br\/noticias\/wp-json\/wp\/v2\/categories?post=240872"},{"taxonomy":"post_tag","embeddable":true,"href":"https:\/\/franciscanos.org.br\/noticias\/wp-json\/wp\/v2\/tags?post=240872"}],"curies":[{"name":"wp","href":"https:\/\/api.w.org\/{rel}","templated":true}]}}