{"id":240864,"date":"2022-11-13T07:36:29","date_gmt":"2022-11-13T10:36:29","guid":{"rendered":"https:\/\/franciscanos.org.br\/noticias\/?p=240864"},"modified":"2022-11-14T06:48:49","modified_gmt":"2022-11-14T09:48:49","slug":"diapobres","status":"publish","type":"post","link":"https:\/\/franciscanos.org.br\/noticias\/diapobres.html","title":{"rendered":"Papa: cuidado com os falsos &#8220;messias&#8221;, o ser humano \u00e9 o verdadeiro templo de Deus"},"content":{"rendered":"<div id=\"attachment_240865\" style=\"width: 1510px\" class=\"wp-caption alignnone\"><img aria-describedby=\"caption-attachment-240865\" loading=\"lazy\" class=\"wp-image-240865 size-full\" src=\"https:\/\/franciscanos.org.br\/noticias\/wp-content\/uploads\/2022\/11\/pobres_13.jpeg\" alt=\"\" width=\"1500\" height=\"844\" srcset=\"https:\/\/franciscanos.org.br\/noticias\/wp-content\/uploads\/2022\/11\/pobres_13.jpeg 1500w, https:\/\/franciscanos.org.br\/noticias\/wp-content\/uploads\/2022\/11\/pobres_13-450x253.jpeg 450w, https:\/\/franciscanos.org.br\/noticias\/wp-content\/uploads\/2022\/11\/pobres_13-1024x576.jpeg 1024w, https:\/\/franciscanos.org.br\/noticias\/wp-content\/uploads\/2022\/11\/pobres_13-768x432.jpeg 768w, https:\/\/franciscanos.org.br\/noticias\/wp-content\/uploads\/2022\/11\/pobres_13-150x84.jpeg 150w\" sizes=\"(max-width: 1500px) 100vw, 1500px\" \/><p id=\"caption-attachment-240865\" class=\"wp-caption-text\"><em>\u00a0 \u00a0 \u00a0 \u00a0 \u00a0 \u00a0 \u00a0 \u00a0 \u00a0 \u00a0 \u00a0 \u00a0 \u00a0 \u00a0 \u00a0 \u00a0 \u00a0 \u00a0 \u00a0 \u00a0 \u00a0 \u00a0 \u00a0 \u00a0 \u00a0 \u00a0 \u00a0 \u00a0 \u00a0 \u00a0 \u00a0 \u00a0 \u00a0 \u00a0 \u00a0 \u00a0 \u00a0 \u00a0 \u00a0 \u00a0 \u00a0 \u00a0 \u00a0 \u00a0 \u00a0 \u00a0 \u00a0 \u00a0 \u00a0 \u00a0 \u00a0 \u00a0 \u00a0 \u00a0 \u00a0 \u00a0 \u00a0 \u00a0 \u00a0 \u00a0 \u00a0 \u00a0 \u00a0 \u00a0 \u00a0 \u00a0 \u00a0 Imagem: Vatican Media<\/em><\/p><\/div>\n<p>O ser humano \u00e9 o verdadeiro templo de Deus: foi o que recordou o Papa Francisco ao celebrar a missa na Bas\u00edlica de S\u00e3o Pedro neste Dia Mundial dos Pobres. O Pont\u00edfice inspirou a sua homilia no Evangelho deste XXXIII Domingo do Tempo Comum, em que Jesus faz duas exorta\u00e7\u00f5es: n\u00e3o vos deixeis enganar e dai testemunho.<\/p>\n<p>Jesus quer nos livrar da tenta\u00e7\u00e3o de ler os fatos mais dram\u00e1ticos de modo supersticioso ou catastr\u00f3fico, como se estiv\u00e9ssemos j\u00e1 perto do fim do mundo n\u00e3o valendo a pena empenhar-nos em algo de bom. Durante as crises, nunca faltam magos, gurus, hor\u00f3scopos e teorias fantasiosas propostas por qualquer \u201cmessias\u201d da \u00faltima hora. &#8220;E muitos crist\u00e3os buscam o hor\u00f3scopo como se fosse a voz de Deus&#8221;, lamentou. Por sua vez, o disc\u00edpulo do Senhor n\u00e3o cede ao des\u00e2nimo nem mesmo nas situa\u00e7\u00f5es mais dif\u00edceis, porque o seu Deus \u00e9 o Deus da ressurrei\u00e7\u00e3o e da esperan\u00e7a.<\/p>\n<p><strong>A arte tipicamente crist\u00e3: reagir ao mal com o bem<\/strong><br \/>\nAssim, a segunda exorta\u00e7\u00e3o \u00e9 justamente esta: Tereis ocasi\u00e3o de dar testemunho. E Francisco acentuou a palavra \u201cocasi\u00e3o\u201d, ressaltando que \u00e9 uma \u201carte tipicamente crist\u00e3\u201d n\u00e3o ficar ref\u00e9m daquilo que acontece, mas aproveitar a oportunidade de construir mesmo a partir de situa\u00e7\u00f5es negativas. &#8220;O crist\u00e3o n\u00e3o permanece v\u00edtima daquilo que acontece&#8221;, recordou o Papa. Portanto, situa\u00e7\u00f5es de prova, de perda de controle, de inseguran\u00e7a s\u00e3o ocasi\u00f5es para testemunhar o Evangelho. &#8220;Tamb\u00e9m eu me fa\u00e7o esta pergunta hoje: o que est\u00e1 nos dizendo o Senhor diante desta III Guerra Mundial?&#8221;<\/p>\n<p>A crise, explicou ainda Francisco, \u00e9 abertura, enquanto o mau esp\u00edrito trabalha para que a crise se torne conflito. &#8220;O conflito \u00e9 sempre fechamento, sem horizonte e sem sa\u00edda. N\u00e3o! Vivamos a crise como pessoas humanas, como crist\u00e3os, sem as transformar em conflito porque toda crise \u00e9 uma possibilidade e oferece ocasi\u00e3o de crescimento.&#8221;<\/p>\n<p>O Papa conviou cada um deve se interrogar: &#8220;Diante desta III Guerra Mundial t\u00e3o cruel, diante da fome de tantas crian\u00e7as, de tantas pessoas: eu posso desperdi\u00e7ar, desperdi\u00e7ar dinheiro, desperdi\u00e7ar a minha vida, desperdi\u00e7ar o sentido da minha vida sem tomar coragem e ir avante?&#8221;<\/p>\n<p><strong>O sofrimento do povo ucraniano<\/strong><br \/>\nE este \u00e9 o convite que ressoa neste Dia Mundial dos Pobres, para romper esta surdez interior que nos impede de ouvir o grito de sofrimento, sufocado, dos mais fr\u00e1geis.<\/p>\n<p>Tamb\u00e9m hoje vivemos em sociedades feridas e assistimos, tal como nos disse o Evangelho, a cen\u00e1rios de viol\u00eancia, &#8220;\u00e9 s\u00f3 pensar na crueldade que est\u00e1 sofrendo o povo ucraniano&#8221;, de injusti\u00e7a e de persegui\u00e7\u00e3o; h\u00e1 a crise gerada pelas altera\u00e7\u00f5es clim\u00e1ticas e pela pandemia; ampliam-se os conflitos, estamos diante da \u201ccalamidade da guerra\u201d; h\u00e1 desemprego e migra\u00e7\u00e3o for\u00e7ada. E os pobres s\u00e3o os mais penalizados.<\/p>\n<p>\u201cMas, se o nosso cora\u00e7\u00e3o estiver blindado e indiferente, n\u00e3o conseguiremos ouvir o seu fl\u00e9bil grito de dor, chorar com eles e por eles, ver quanta solid\u00e3o e ang\u00fastia se escondem mesmo nos cantos esquecidos das nossas cidades, v\u00ea-se ali tanta mis\u00e9ria, tanta dor e tanta pobreza descartada.\u201d<\/p>\n<p><strong>N\u00e3o dar ouvidos aos falsos &#8220;messias&#8221;.<\/strong><\/p>\n<p>Portanto, convidou o Papa, fa\u00e7amos nosso o convite forte e claro do Evangelho a n\u00e3o nos deixarmos enganar. N\u00e3o vamos dar ouvidos aos profetas da desgra\u00e7a, \u00e0s sirenes do populismo, aos falsos &#8220;messias&#8221; que, em nome do lucro, proclamam receitas \u00fateis apenas para aumentar a riqueza de poucos.<\/p>\n<p>Ao contr\u00e1rio, vamos dar testemunho: aproveitar a ocasi\u00e3o para testemunhar o Evangelho da alegria e construir um mundo mais fraterno; empenhando-nos em prol da justi\u00e7a, da legalidade e da paz, permanecendo ao lado dos mais fr\u00e1geis. \u201cN\u00e3o fujamos para nos defender da hist\u00f3ria, mas lutemos para dar a esta hist\u00f3ria que estamos vivendo um rosto diferente.\u201d<\/p>\n<p>A for\u00e7a vem da confian\u00e7a em Deus. Abrindo o nosso cora\u00e7\u00e3o a Ele, aumetar\u00e1 em nos a capacidade de amar e &#8220;este \u00e9 o caminho: crescer no amor&#8221;. Deixemo-nos interregar: como crist\u00e3os, que atitude tomar diante desta civiliza\u00e7\u00e3o que descar os pobres, os velhos e os nascituros? Francisco recordou uma tradi\u00e7\u00e3o italiana de, na ceia de Natal, reservar um lugar vazio \u00e0 mesa para o Senhor que poder\u00e1 bater \u00e0 porta. E questionou: &#8220;O seu cora\u00e7\u00e3o tem sempre um lugar vazio para aquela gente, ou estamos t\u00e3o atarefados com os amigos, os eventos sociais, as obriga\u00e7\u00f5es? Nunca temos um lugar vazio para aquelas pessoas. Amados por Ele, decidamo-nos amar os filhos mais descartados. Ele se identifica com o pobre.&#8221;<\/p>\n<p>\u201cN\u00e3o podemos ficar \u2013 como aqueles de quem fala o Evangelho \u2013 a admirar as belas pedras do templo, sem reconhecer o verdadeiro templo de Deus, o ser humano, o homem e a mulher, especialmente o pobre, em cujo rosto, em cuja hist\u00f3ria, em cujas feridas est\u00e1 Jesus. Foi Ele que o disse\u2026 Nunca o esque\u00e7amos!\u201d<\/p>\n<div id=\"attachment_240869\" style=\"width: 1510px\" class=\"wp-caption alignnone\"><img aria-describedby=\"caption-attachment-240869\" loading=\"lazy\" class=\"wp-image-240869 size-full\" src=\"https:\/\/franciscanos.org.br\/noticias\/wp-content\/uploads\/2022\/11\/pobres_01.jpeg\" alt=\"\" width=\"1500\" height=\"844\" srcset=\"https:\/\/franciscanos.org.br\/noticias\/wp-content\/uploads\/2022\/11\/pobres_01.jpeg 1500w, https:\/\/franciscanos.org.br\/noticias\/wp-content\/uploads\/2022\/11\/pobres_01-450x253.jpeg 450w, https:\/\/franciscanos.org.br\/noticias\/wp-content\/uploads\/2022\/11\/pobres_01-1024x576.jpeg 1024w, https:\/\/franciscanos.org.br\/noticias\/wp-content\/uploads\/2022\/11\/pobres_01-768x432.jpeg 768w, https:\/\/franciscanos.org.br\/noticias\/wp-content\/uploads\/2022\/11\/pobres_01-150x84.jpeg 150w\" sizes=\"(max-width: 1500px) 100vw, 1500px\" \/><p id=\"caption-attachment-240869\" class=\"wp-caption-text\">\u00a0 \u00a0 \u00a0 \u00a0 \u00a0 \u00a0 \u00a0 \u00a0 \u00a0 \u00a0 \u00a0 \u00a0 \u00a0 \u00a0 \u00a0 \u00a0 \u00a0 \u00a0 \u00a0 \u00a0 \u00a0 \u00a0 \u00a0 \u00a0 \u00a0 \u00a0 \u00a0 \u00a0 \u00a0 \u00a0 \u00a0 \u00a0 \u00a0 \u00a0 \u00a0 \u00a0 \u00a0 \u00a0 \u00a0 \u00a0 \u00a0 \u00a0 \u00a0 \u00a0 \u00a0 \u00a0 \u00a0 \u00a0 \u00a0 \u00a0 \u00a0 \u00a0 \u00a0 \u00a0 \u00a0 \u00a0 \u00a0 \u00a0 \u00a0 \u00a0 \u00a0 \u00a0 \u00a0<em> \u00a0 \u00a0 \u00a0 \u00a0 Imagem: Vatican Media<\/em><\/p><\/div>\n<p><strong>O almo\u00e7o especial do Papa no Dia Mundial dos Pobres<\/strong><br \/>\nA Sala Paulo VI se tornou um grande refeit\u00f3rio para acolher cerca de 1300 pessoas que recebem assist\u00eancia de institui\u00e7\u00f5s cat\u00f3licas, como a Caritas de Roma, Comunidade de Santo Eg\u00eddio e Associa\u00e7\u00f5es Crist\u00e3s de Trabalhadores Italianos (Acli). Trata-se de uma tradi\u00e7\u00e3o do Dia Mundial dos Pobres, cancelada nos \u00faltimos dois anos devido \u00e0 pandemia e retomada neste ano de 2022.<\/p>\n<hr \/>\n<p><em>Fonte: Vatican News (texto de Bianca Fraccalvieri)<\/em><\/p>\n","protected":false},"excerpt":{"rendered":"<p>Santa Missa no Dia Mundial dos Pobres<\/p>\n","protected":false},"author":3,"featured_media":240865,"comment_status":"open","ping_status":"open","sticky":false,"template":"","format":"standard","meta":[],"categories":[1428],"tags":[1114,1935],"acf":[],"yoast_head":"<!-- This site is optimized with the Yoast SEO plugin v19.2 - https:\/\/yoast.com\/wordpress\/plugins\/seo\/ -->\n<title>Papa: cuidado com os falsos &quot;messias&quot;, o ser humano \u00e9 o verdadeiro templo de Deus - Not\u00edcias - Franciscanos<\/title>\n<meta name=\"robots\" content=\"index, follow, max-snippet:-1, max-image-preview:large, max-video-preview:-1\" \/>\n<link rel=\"canonical\" href=\"https:\/\/franciscanos.org.br\/noticias\/diapobres.html\" \/>\n<meta property=\"og:locale\" content=\"pt_BR\" \/>\n<meta property=\"og:type\" content=\"article\" \/>\n<meta property=\"og:title\" content=\"Papa: cuidado com os falsos &quot;messias&quot;, o ser humano \u00e9 o verdadeiro templo de Deus - Not\u00edcias - Franciscanos\" \/>\n<meta property=\"og:description\" content=\"Santa Missa no Dia Mundial dos Pobres\" \/>\n<meta property=\"og:url\" content=\"https:\/\/franciscanos.org.br\/noticias\/diapobres.html\" \/>\n<meta property=\"og:site_name\" content=\"Not\u00edcias - Franciscanos\" \/>\n<meta property=\"article:published_time\" content=\"2022-11-13T10:36:29+00:00\" \/>\n<meta property=\"article:modified_time\" content=\"2022-11-14T09:48:49+00:00\" \/>\n<meta property=\"og:image\" content=\"https:\/\/franciscanos.org.br\/noticias\/wp-content\/uploads\/2022\/11\/pobres_13.jpeg\" \/>\n\t<meta property=\"og:image:width\" content=\"1500\" \/>\n\t<meta property=\"og:image:height\" content=\"844\" \/>\n\t<meta property=\"og:image:type\" content=\"image\/jpeg\" \/>\n<meta name=\"author\" content=\"moacir\" \/>\n<meta name=\"twitter:card\" content=\"summary_large_image\" \/>\n<meta name=\"twitter:label1\" content=\"Escrito por\" \/>\n\t<meta name=\"twitter:data1\" content=\"moacir\" \/>\n\t<meta name=\"twitter:label2\" content=\"Est. tempo de leitura\" \/>\n\t<meta name=\"twitter:data2\" content=\"5 minutos\" \/>\n<script type=\"application\/ld+json\" class=\"yoast-schema-graph\">{\"@context\":\"https:\/\/schema.org\",\"@graph\":[{\"@type\":\"WebSite\",\"@id\":\"https:\/\/franciscanos.org.br\/noticias\/#website\",\"url\":\"https:\/\/franciscanos.org.br\/noticias\/\",\"name\":\"Not\u00edcias - Franciscanos\",\"description\":\"Prov\u00edncia Franciscana da Imaculada Concei\u00e7\u00e3o do Brasil - Ordem dos Frades Menores - OFM\",\"potentialAction\":[{\"@type\":\"SearchAction\",\"target\":{\"@type\":\"EntryPoint\",\"urlTemplate\":\"https:\/\/franciscanos.org.br\/noticias\/?s={search_term_string}\"},\"query-input\":\"required name=search_term_string\"}],\"inLanguage\":\"pt-BR\"},{\"@type\":\"ImageObject\",\"inLanguage\":\"pt-BR\",\"@id\":\"https:\/\/franciscanos.org.br\/noticias\/diapobres.html#primaryimage\",\"url\":\"https:\/\/franciscanos.org.br\/noticias\/wp-content\/uploads\/2022\/11\/pobres_13.jpeg\",\"contentUrl\":\"https:\/\/franciscanos.org.br\/noticias\/wp-content\/uploads\/2022\/11\/pobres_13.jpeg\",\"width\":1500,\"height\":844},{\"@type\":\"WebPage\",\"@id\":\"https:\/\/franciscanos.org.br\/noticias\/diapobres.html#webpage\",\"url\":\"https:\/\/franciscanos.org.br\/noticias\/diapobres.html\",\"name\":\"Papa: cuidado com os falsos \\\"messias\\\", o ser humano \u00e9 o verdadeiro templo de Deus - Not\u00edcias - Franciscanos\",\"isPartOf\":{\"@id\":\"https:\/\/franciscanos.org.br\/noticias\/#website\"},\"primaryImageOfPage\":{\"@id\":\"https:\/\/franciscanos.org.br\/noticias\/diapobres.html#primaryimage\"},\"datePublished\":\"2022-11-13T10:36:29+00:00\",\"dateModified\":\"2022-11-14T09:48:49+00:00\",\"author\":{\"@id\":\"https:\/\/franciscanos.org.br\/noticias\/#\/schema\/person\/b5c8cba458c330ccff548b056e95a5d4\"},\"breadcrumb\":{\"@id\":\"https:\/\/franciscanos.org.br\/noticias\/diapobres.html#breadcrumb\"},\"inLanguage\":\"pt-BR\",\"potentialAction\":[{\"@type\":\"ReadAction\",\"target\":[\"https:\/\/franciscanos.org.br\/noticias\/diapobres.html\"]}]},{\"@type\":\"BreadcrumbList\",\"@id\":\"https:\/\/franciscanos.org.br\/noticias\/diapobres.html#breadcrumb\",\"itemListElement\":[{\"@type\":\"ListItem\",\"position\":1,\"name\":\"Home\",\"item\":\"https:\/\/franciscanos.org.br\/noticias\"},{\"@type\":\"ListItem\",\"position\":2,\"name\":\"Papa: cuidado com os falsos &#8220;messias&#8221;, o ser humano \u00e9 o verdadeiro templo de Deus\"}]},{\"@type\":\"Person\",\"@id\":\"https:\/\/franciscanos.org.br\/noticias\/#\/schema\/person\/b5c8cba458c330ccff548b056e95a5d4\",\"name\":\"moacir\",\"image\":{\"@type\":\"ImageObject\",\"inLanguage\":\"pt-BR\",\"@id\":\"https:\/\/franciscanos.org.br\/noticias\/#\/schema\/person\/image\/\",\"url\":\"https:\/\/secure.gravatar.com\/avatar\/d08aa2ce4c8dd416d4479aa8536fcf64?s=96&d=mm&r=g\",\"contentUrl\":\"https:\/\/secure.gravatar.com\/avatar\/d08aa2ce4c8dd416d4479aa8536fcf64?s=96&d=mm&r=g\",\"caption\":\"moacir\"},\"url\":\"https:\/\/franciscanos.org.br\/noticias\/author\/moacir\"}]}<\/script>\n<!-- \/ Yoast SEO plugin. -->","yoast_head_json":{"title":"Papa: cuidado com os falsos \"messias\", o ser humano \u00e9 o verdadeiro templo de Deus - Not\u00edcias - Franciscanos","robots":{"index":"index","follow":"follow","max-snippet":"max-snippet:-1","max-image-preview":"max-image-preview:large","max-video-preview":"max-video-preview:-1"},"canonical":"https:\/\/franciscanos.org.br\/noticias\/diapobres.html","og_locale":"pt_BR","og_type":"article","og_title":"Papa: cuidado com os falsos \"messias\", o ser humano \u00e9 o verdadeiro templo de Deus - Not\u00edcias - Franciscanos","og_description":"Santa Missa no Dia Mundial dos Pobres","og_url":"https:\/\/franciscanos.org.br\/noticias\/diapobres.html","og_site_name":"Not\u00edcias - Franciscanos","article_published_time":"2022-11-13T10:36:29+00:00","article_modified_time":"2022-11-14T09:48:49+00:00","og_image":[{"width":1500,"height":844,"url":"https:\/\/franciscanos.org.br\/noticias\/wp-content\/uploads\/2022\/11\/pobres_13.jpeg","type":"image\/jpeg"}],"author":"moacir","twitter_card":"summary_large_image","twitter_misc":{"Escrito por":"moacir","Est. tempo de leitura":"5 minutos"},"schema":{"@context":"https:\/\/schema.org","@graph":[{"@type":"WebSite","@id":"https:\/\/franciscanos.org.br\/noticias\/#website","url":"https:\/\/franciscanos.org.br\/noticias\/","name":"Not\u00edcias - Franciscanos","description":"Prov\u00edncia Franciscana da Imaculada Concei\u00e7\u00e3o do Brasil - Ordem dos Frades Menores - OFM","potentialAction":[{"@type":"SearchAction","target":{"@type":"EntryPoint","urlTemplate":"https:\/\/franciscanos.org.br\/noticias\/?s={search_term_string}"},"query-input":"required name=search_term_string"}],"inLanguage":"pt-BR"},{"@type":"ImageObject","inLanguage":"pt-BR","@id":"https:\/\/franciscanos.org.br\/noticias\/diapobres.html#primaryimage","url":"https:\/\/franciscanos.org.br\/noticias\/wp-content\/uploads\/2022\/11\/pobres_13.jpeg","contentUrl":"https:\/\/franciscanos.org.br\/noticias\/wp-content\/uploads\/2022\/11\/pobres_13.jpeg","width":1500,"height":844},{"@type":"WebPage","@id":"https:\/\/franciscanos.org.br\/noticias\/diapobres.html#webpage","url":"https:\/\/franciscanos.org.br\/noticias\/diapobres.html","name":"Papa: cuidado com os falsos \"messias\", o ser humano \u00e9 o verdadeiro templo de Deus - Not\u00edcias - Franciscanos","isPartOf":{"@id":"https:\/\/franciscanos.org.br\/noticias\/#website"},"primaryImageOfPage":{"@id":"https:\/\/franciscanos.org.br\/noticias\/diapobres.html#primaryimage"},"datePublished":"2022-11-13T10:36:29+00:00","dateModified":"2022-11-14T09:48:49+00:00","author":{"@id":"https:\/\/franciscanos.org.br\/noticias\/#\/schema\/person\/b5c8cba458c330ccff548b056e95a5d4"},"breadcrumb":{"@id":"https:\/\/franciscanos.org.br\/noticias\/diapobres.html#breadcrumb"},"inLanguage":"pt-BR","potentialAction":[{"@type":"ReadAction","target":["https:\/\/franciscanos.org.br\/noticias\/diapobres.html"]}]},{"@type":"BreadcrumbList","@id":"https:\/\/franciscanos.org.br\/noticias\/diapobres.html#breadcrumb","itemListElement":[{"@type":"ListItem","position":1,"name":"Home","item":"https:\/\/franciscanos.org.br\/noticias"},{"@type":"ListItem","position":2,"name":"Papa: cuidado com os falsos &#8220;messias&#8221;, o ser humano \u00e9 o verdadeiro templo de Deus"}]},{"@type":"Person","@id":"https:\/\/franciscanos.org.br\/noticias\/#\/schema\/person\/b5c8cba458c330ccff548b056e95a5d4","name":"moacir","image":{"@type":"ImageObject","inLanguage":"pt-BR","@id":"https:\/\/franciscanos.org.br\/noticias\/#\/schema\/person\/image\/","url":"https:\/\/secure.gravatar.com\/avatar\/d08aa2ce4c8dd416d4479aa8536fcf64?s=96&d=mm&r=g","contentUrl":"https:\/\/secure.gravatar.com\/avatar\/d08aa2ce4c8dd416d4479aa8536fcf64?s=96&d=mm&r=g","caption":"moacir"},"url":"https:\/\/franciscanos.org.br\/noticias\/author\/moacir"}]}},"_links":{"self":[{"href":"https:\/\/franciscanos.org.br\/noticias\/wp-json\/wp\/v2\/posts\/240864"}],"collection":[{"href":"https:\/\/franciscanos.org.br\/noticias\/wp-json\/wp\/v2\/posts"}],"about":[{"href":"https:\/\/franciscanos.org.br\/noticias\/wp-json\/wp\/v2\/types\/post"}],"author":[{"embeddable":true,"href":"https:\/\/franciscanos.org.br\/noticias\/wp-json\/wp\/v2\/users\/3"}],"replies":[{"embeddable":true,"href":"https:\/\/franciscanos.org.br\/noticias\/wp-json\/wp\/v2\/comments?post=240864"}],"version-history":[{"count":5,"href":"https:\/\/franciscanos.org.br\/noticias\/wp-json\/wp\/v2\/posts\/240864\/revisions"}],"predecessor-version":[{"id":240871,"href":"https:\/\/franciscanos.org.br\/noticias\/wp-json\/wp\/v2\/posts\/240864\/revisions\/240871"}],"wp:featuredmedia":[{"embeddable":true,"href":"https:\/\/franciscanos.org.br\/noticias\/wp-json\/wp\/v2\/media\/240865"}],"wp:attachment":[{"href":"https:\/\/franciscanos.org.br\/noticias\/wp-json\/wp\/v2\/media?parent=240864"}],"wp:term":[{"taxonomy":"category","embeddable":true,"href":"https:\/\/franciscanos.org.br\/noticias\/wp-json\/wp\/v2\/categories?post=240864"},{"taxonomy":"post_tag","embeddable":true,"href":"https:\/\/franciscanos.org.br\/noticias\/wp-json\/wp\/v2\/tags?post=240864"}],"curies":[{"name":"wp","href":"https:\/\/api.w.org\/{rel}","templated":true}]}}