{"id":240814,"date":"2022-11-10T16:44:26","date_gmt":"2022-11-10T19:44:26","guid":{"rendered":"https:\/\/franciscanos.org.br\/noticias\/?p=240814"},"modified":"2022-12-31T12:54:58","modified_gmt":"2022-12-31T15:54:58","slug":"papa-os-formadores-educam-com-suas-vidas-mais-do-que-com-suas-palavras","status":"publish","type":"post","link":"https:\/\/franciscanos.org.br\/noticias\/papa-os-formadores-educam-com-suas-vidas-mais-do-que-com-suas-palavras.html","title":{"rendered":"Papa: &#8220;Os formadores educam com suas vidas, mais do que com suas palavras&#8221;"},"content":{"rendered":"<div id=\"attachment_240815\" style=\"width: 1510px\" class=\"wp-caption alignnone\"><img aria-describedby=\"caption-attachment-240815\" loading=\"lazy\" class=\"wp-image-240815 size-full\" src=\"https:\/\/franciscanos.org.br\/noticias\/wp-content\/uploads\/2022\/11\/formadores.jpeg\" alt=\"\" width=\"1500\" height=\"844\" srcset=\"https:\/\/franciscanos.org.br\/noticias\/wp-content\/uploads\/2022\/11\/formadores.jpeg 1500w, https:\/\/franciscanos.org.br\/noticias\/wp-content\/uploads\/2022\/11\/formadores-450x253.jpeg 450w, https:\/\/franciscanos.org.br\/noticias\/wp-content\/uploads\/2022\/11\/formadores-1024x576.jpeg 1024w, https:\/\/franciscanos.org.br\/noticias\/wp-content\/uploads\/2022\/11\/formadores-768x432.jpeg 768w, https:\/\/franciscanos.org.br\/noticias\/wp-content\/uploads\/2022\/11\/formadores-150x84.jpeg 150w\" sizes=\"(max-width: 1500px) 100vw, 1500px\" \/><p id=\"caption-attachment-240815\" class=\"wp-caption-text\"><em>\u00a0 \u00a0 \u00a0 \u00a0 \u00a0 \u00a0 \u00a0 \u00a0 \u00a0 \u00a0 \u00a0 \u00a0 \u00a0 \u00a0 \u00a0 \u00a0 \u00a0 \u00a0 \u00a0 \u00a0 \u00a0 \u00a0 \u00a0 \u00a0 \u00a0 \u00a0 \u00a0 \u00a0 \u00a0 \u00a0 \u00a0 \u00a0 \u00a0 \u00a0 \u00a0 \u00a0 \u00a0 \u00a0 \u00a0 \u00a0 \u00a0 \u00a0 \u00a0 \u00a0 \u00a0 \u00a0 \u00a0 \u00a0 \u00a0 \u00a0 \u00a0 \u00a0 \u00a0 \u00a0 \u00a0 \u00a0 \u00a0 \u00a0 \u00a0 \u00a0 \u00a0 \u00a0 \u00a0Imagem: Vatican Media<\/em><\/p><\/div>\n<p>O Papa Francisco recebeu em audi\u00eancia, nesta quinta-feira (10\/11), na Sala Clementina, no Vaticano, os participantes do Curso para Reitores e Formadores de Semin\u00e1rios da Am\u00e9rica Latina.<\/p>\n<p>Segundo o Pont\u00edfice, &#8220;toda forma\u00e7\u00e3o sacerdotal, especialmente a dos futuros pastores, est\u00e1 no centro da evangeliza\u00e7\u00e3o, uma vez que nas pr\u00f3ximas d\u00e9cadas ser\u00e3o eles que animar\u00e3o e guiar\u00e3o o santo Povo de Deus, para que possa ser em Cristo sacramento ou sinal e instrumento de uni\u00e3o \u00edntima com Deus e da unidade de todo o g\u00eanero humano&#8221;.<\/p>\n<p><strong>\u00c9 necess\u00e1ria uma forma\u00e7\u00e3o de qualidade<\/strong><br \/>\nO Papa disse que \u00e9 &#8220;necess\u00e1ria uma forma\u00e7\u00e3o de qualidade para aqueles que ser\u00e3o a presen\u00e7a sacramental do Senhor no meio de seu rebanho, alimentando-o e cuidando dele com a Palavra e com os Sacramentos&#8221;. A esse prop\u00f3sito, Francisco sublinhou que a<em> Ratio fundamentalis institutionis sacerdotalis,<\/em> &#8220;O dom da voca\u00e7\u00e3o presbiteral&#8221;, preserva a grande contribui\u00e7\u00e3o dada pela Exorta\u00e7\u00e3o Apost\u00f3lica <em>Pastores dabo vobis<\/em> &#8220;depois da 8\u00aa Assembleia Geral Ordin\u00e1ria dos Bispos que abordou o tema: &#8220;A forma\u00e7\u00e3o dos sacerdotes nas circunst\u00e2ncias atuais&#8221;. Este ano, celebra-se o 30\u00b0 anivers\u00e1rio de publica\u00e7\u00e3o por S\u00e3o Jo\u00e3o Paulo II da Exorta\u00e7\u00e3o apost\u00f3lica Pastores dabo vobis.<\/p>\n<p>Segundo o Pont\u00edfice, &#8220;essa exorta\u00e7\u00e3o oferece explicitamente uma vis\u00e3o antropol\u00f3gica integral, que leva em conta, de forma simult\u00e2nea e equilibrada, as quatro dimens\u00f5es presentes na pessoa do seminarista: humana, intelectual, espiritual e pastoral&#8221;. Por outro lado, a <em>Ratio fundamentalis<\/em> reafirma a perspectiva do Papa Bento XVI, que com o <em>motu proprio Ministrorum<\/em> institutio &#8220;destacou que a forma\u00e7\u00e3o dos seminaristas continua, de forma natural, na forma\u00e7\u00e3o permanente de sacerdotes, ambos constituindo uma \u00fanica realidade&#8221;.<\/p>\n<p><strong>A forma\u00e7\u00e3o sacerdotal tem um car\u00e1ter comunit\u00e1rio<\/strong><br \/>\nO Papa disse ainda que a atual <em>Ratio fundamentalis<\/em> descreve o processo de forma\u00e7\u00e3o dos sacerdotes, desde os anos de semin\u00e1rio, como \u00fanica, integral, comunit\u00e1ria e mission\u00e1ria.<\/p>\n<p>A este respeito, enfatizou que a forma\u00e7\u00e3o sacerdotal &#8220;tem um car\u00e1ter eminentemente comunit\u00e1rio desde sua origem; a voca\u00e7\u00e3o para ao sacerd\u00f3cio \u00e9 um dom que Deus d\u00e1 \u00e0 Igreja e ao mundo, um caminho para santificar-se e santificar os outros que n\u00e3o deve ser seguido de maneira individualista, mas sempre tendo como refer\u00eancia uma por\u00e7\u00e3o concreta do Povo de Deus&#8221;.<\/p>\n<p>Segundo o Papa, um dos desafios mais importantes que as casas de forma\u00e7\u00e3o sacerdotal enfrentam hoje &#8220;\u00e9 o de serem verdadeiras comunidades crist\u00e3s, o que implica n\u00e3o s\u00f3 um projeto formativo coerente, mas tamb\u00e9m um n\u00famero adequado de seminaristas e formadores que garantem uma experi\u00eancia realmente comunit\u00e1ria em todas as dimens\u00f5es da forma\u00e7\u00e3o. Uma tarefa que os bispos devem assumir sinodalmente, em particular no n\u00edvel de confer\u00eancias episcopais regionais ou nacionais, tarefa para a qual voc\u00eas s\u00e3o chamados a colaborar com lealdade e proatividade&#8221;.<\/p>\n<p>\u201cPara isso, queridos sacerdotes formadores, \u00e9 necess\u00e1rio renunciar \u00e0 in\u00e9rcia e ao protagonismo e come\u00e7ar a sonhar juntos, n\u00e3o lamentando o passado, n\u00e3o sozinhos, mas unidos e abertos ao que o Senhor deseja hoje como forma\u00e7\u00e3o para as pr\u00f3ximas gera\u00e7\u00f5es de presb\u00edteros inspirados pelas diretrizes atuais da Igreja.\u201d<\/p>\n<p>Francisco disse ainda que a miss\u00e3o dos reitores e formadores de semin\u00e1rios &#8220;n\u00e3o \u00e9 de formar &#8220;super-homens&#8221; que pretendem saber e controlar tudo e ser autossuficientes; pelo contr\u00e1rio, \u00e9 formar homens que sigam humildemente o processo escolhido pelo Filho de Deus, que \u00e9 o caminho da Encarna\u00e7\u00e3o&#8221;.<\/p>\n<p>A dimens\u00e3o humana da forma\u00e7\u00e3o sacerdotal n\u00e3o \u00e9, portanto, uma mera escola de virtudes, de crescimento da personalidade ou de desenvolvimento pessoal, mas implica tamb\u00e9m e sobretudo um amadurecimento integral da pessoa fortalecida pela gra\u00e7a de Deus que, levando em conta os condicionamentos biol\u00f3gicos, psicol\u00f3gicos e sociais de cada um, \u00e9 capaz de transform\u00e1-los e elev\u00e1-los, especialmente quando a pessoa e as comunidades se esfor\u00e7am para colaborar com ela de forma transparente e verdadeira. Em \u00faltima an\u00e1lise, as motiva\u00e7\u00f5es vocacionais aut\u00eanticas, ou seja, o seguimento do Senhor e a instaura\u00e7\u00e3o do Reino de Deus, s\u00e3o a base de um processo humano e espiritual.<\/p>\n<p><strong>Os formadores educam com suas vidas<\/strong><br \/>\nSegundo o Papa, &#8220;uma das tarefas mais importantes no processo de forma\u00e7\u00e3o de um sacerdote \u00e9 a leitura gradual e religiosa de sua pr\u00f3pria hist\u00f3ria&#8221;. De acordo com Francisco, &#8220;\u00e9 preciso estar conscientes do impacto formativo que a vida e o minist\u00e9rio dos formadores exercem sobre os seminaristas. Os formadores educam com suas vidas, mais do que com suas palavras&#8221;.<\/p>\n<p>De acordo com Francisco, &#8220;um dos indicadores de maturidade humana e espiritual \u00e9 o desenvolvimento e a consolida\u00e7\u00e3o da capacidade de escuta e da arte do di\u00e1logo, que est\u00e3o naturalmente ancorados a uma vida de ora\u00e7\u00e3o, onde o sacerdote dialoga com o Senhor todos os dias, mesmo nos momentos de aridez e confus\u00e3o&#8221;.<\/p>\n<p>Por fim, o Papa ressaltou que a forma\u00e7\u00e3o sacerdotal tem como instrumento privilegiado o acompanhamento formativo e espiritual dos seminaristas, a fim de lhes assegurar uma vasta e variada ajuda da comunidade de formadores, apoiada por sacerdotes de diferentes idades e diferentes sensibilidades, segundo as compet\u00eancias espec\u00edficas de cada um deles. Tamb\u00e9m contribuem no acompanhamento formativo outras pessoas que ajudem os seminaristas em seu crescimento humano e espiritual.<\/p>\n<hr \/>\n<p><em>Fonte: Vatican News (texto de Mariangela Jaguraba)<\/em><\/p>\n","protected":false},"excerpt":{"rendered":"<p>Audi\u00eancia do Papa <\/p>\n","protected":false},"author":3,"featured_media":240815,"comment_status":"open","ping_status":"open","sticky":false,"template":"","format":"standard","meta":[],"categories":[1428],"tags":[487],"acf":[],"yoast_head":"<!-- This site is optimized with the Yoast SEO plugin v19.2 - https:\/\/yoast.com\/wordpress\/plugins\/seo\/ -->\n<title>Papa: &quot;Os formadores educam com suas vidas, mais do que com suas palavras&quot; - Not\u00edcias - Franciscanos<\/title>\n<meta name=\"robots\" content=\"index, follow, max-snippet:-1, max-image-preview:large, max-video-preview:-1\" \/>\n<link rel=\"canonical\" href=\"https:\/\/franciscanos.org.br\/noticias\/papa-os-formadores-educam-com-suas-vidas-mais-do-que-com-suas-palavras.html\" \/>\n<meta property=\"og:locale\" content=\"pt_BR\" \/>\n<meta property=\"og:type\" content=\"article\" \/>\n<meta property=\"og:title\" content=\"Papa: &quot;Os formadores educam com suas vidas, mais do que com suas palavras&quot; - Not\u00edcias - Franciscanos\" \/>\n<meta property=\"og:description\" content=\"Audi\u00eancia do Papa\" \/>\n<meta property=\"og:url\" content=\"https:\/\/franciscanos.org.br\/noticias\/papa-os-formadores-educam-com-suas-vidas-mais-do-que-com-suas-palavras.html\" \/>\n<meta property=\"og:site_name\" content=\"Not\u00edcias - Franciscanos\" \/>\n<meta property=\"article:published_time\" content=\"2022-11-10T19:44:26+00:00\" \/>\n<meta property=\"article:modified_time\" content=\"2022-12-31T15:54:58+00:00\" \/>\n<meta property=\"og:image\" content=\"https:\/\/franciscanos.org.br\/noticias\/wp-content\/uploads\/2022\/11\/formadores.jpeg\" \/>\n\t<meta property=\"og:image:width\" content=\"1500\" \/>\n\t<meta property=\"og:image:height\" content=\"844\" \/>\n\t<meta property=\"og:image:type\" content=\"image\/jpeg\" \/>\n<meta name=\"author\" content=\"moacir\" \/>\n<meta name=\"twitter:card\" content=\"summary_large_image\" \/>\n<meta name=\"twitter:label1\" content=\"Escrito por\" \/>\n\t<meta name=\"twitter:data1\" content=\"moacir\" \/>\n\t<meta name=\"twitter:label2\" content=\"Est. tempo de leitura\" \/>\n\t<meta name=\"twitter:data2\" content=\"5 minutos\" \/>\n<script type=\"application\/ld+json\" class=\"yoast-schema-graph\">{\"@context\":\"https:\/\/schema.org\",\"@graph\":[{\"@type\":\"WebSite\",\"@id\":\"https:\/\/franciscanos.org.br\/noticias\/#website\",\"url\":\"https:\/\/franciscanos.org.br\/noticias\/\",\"name\":\"Not\u00edcias - Franciscanos\",\"description\":\"Prov\u00edncia Franciscana da Imaculada Concei\u00e7\u00e3o do Brasil - Ordem dos Frades Menores - OFM\",\"potentialAction\":[{\"@type\":\"SearchAction\",\"target\":{\"@type\":\"EntryPoint\",\"urlTemplate\":\"https:\/\/franciscanos.org.br\/noticias\/?s={search_term_string}\"},\"query-input\":\"required name=search_term_string\"}],\"inLanguage\":\"pt-BR\"},{\"@type\":\"ImageObject\",\"inLanguage\":\"pt-BR\",\"@id\":\"https:\/\/franciscanos.org.br\/noticias\/papa-os-formadores-educam-com-suas-vidas-mais-do-que-com-suas-palavras.html#primaryimage\",\"url\":\"https:\/\/franciscanos.org.br\/noticias\/wp-content\/uploads\/2022\/11\/formadores.jpeg\",\"contentUrl\":\"https:\/\/franciscanos.org.br\/noticias\/wp-content\/uploads\/2022\/11\/formadores.jpeg\",\"width\":1500,\"height\":844},{\"@type\":\"WebPage\",\"@id\":\"https:\/\/franciscanos.org.br\/noticias\/papa-os-formadores-educam-com-suas-vidas-mais-do-que-com-suas-palavras.html#webpage\",\"url\":\"https:\/\/franciscanos.org.br\/noticias\/papa-os-formadores-educam-com-suas-vidas-mais-do-que-com-suas-palavras.html\",\"name\":\"Papa: \\\"Os formadores educam com suas vidas, mais do que com suas palavras\\\" - Not\u00edcias - Franciscanos\",\"isPartOf\":{\"@id\":\"https:\/\/franciscanos.org.br\/noticias\/#website\"},\"primaryImageOfPage\":{\"@id\":\"https:\/\/franciscanos.org.br\/noticias\/papa-os-formadores-educam-com-suas-vidas-mais-do-que-com-suas-palavras.html#primaryimage\"},\"datePublished\":\"2022-11-10T19:44:26+00:00\",\"dateModified\":\"2022-12-31T15:54:58+00:00\",\"author\":{\"@id\":\"https:\/\/franciscanos.org.br\/noticias\/#\/schema\/person\/b5c8cba458c330ccff548b056e95a5d4\"},\"breadcrumb\":{\"@id\":\"https:\/\/franciscanos.org.br\/noticias\/papa-os-formadores-educam-com-suas-vidas-mais-do-que-com-suas-palavras.html#breadcrumb\"},\"inLanguage\":\"pt-BR\",\"potentialAction\":[{\"@type\":\"ReadAction\",\"target\":[\"https:\/\/franciscanos.org.br\/noticias\/papa-os-formadores-educam-com-suas-vidas-mais-do-que-com-suas-palavras.html\"]}]},{\"@type\":\"BreadcrumbList\",\"@id\":\"https:\/\/franciscanos.org.br\/noticias\/papa-os-formadores-educam-com-suas-vidas-mais-do-que-com-suas-palavras.html#breadcrumb\",\"itemListElement\":[{\"@type\":\"ListItem\",\"position\":1,\"name\":\"Home\",\"item\":\"https:\/\/franciscanos.org.br\/noticias\"},{\"@type\":\"ListItem\",\"position\":2,\"name\":\"Papa: &#8220;Os formadores educam com suas vidas, mais do que com suas palavras&#8221;\"}]},{\"@type\":\"Person\",\"@id\":\"https:\/\/franciscanos.org.br\/noticias\/#\/schema\/person\/b5c8cba458c330ccff548b056e95a5d4\",\"name\":\"moacir\",\"image\":{\"@type\":\"ImageObject\",\"inLanguage\":\"pt-BR\",\"@id\":\"https:\/\/franciscanos.org.br\/noticias\/#\/schema\/person\/image\/\",\"url\":\"https:\/\/secure.gravatar.com\/avatar\/d08aa2ce4c8dd416d4479aa8536fcf64?s=96&d=mm&r=g\",\"contentUrl\":\"https:\/\/secure.gravatar.com\/avatar\/d08aa2ce4c8dd416d4479aa8536fcf64?s=96&d=mm&r=g\",\"caption\":\"moacir\"},\"url\":\"https:\/\/franciscanos.org.br\/noticias\/author\/moacir\"}]}<\/script>\n<!-- \/ Yoast SEO plugin. -->","yoast_head_json":{"title":"Papa: \"Os formadores educam com suas vidas, mais do que com suas palavras\" - Not\u00edcias - Franciscanos","robots":{"index":"index","follow":"follow","max-snippet":"max-snippet:-1","max-image-preview":"max-image-preview:large","max-video-preview":"max-video-preview:-1"},"canonical":"https:\/\/franciscanos.org.br\/noticias\/papa-os-formadores-educam-com-suas-vidas-mais-do-que-com-suas-palavras.html","og_locale":"pt_BR","og_type":"article","og_title":"Papa: \"Os formadores educam com suas vidas, mais do que com suas palavras\" - Not\u00edcias - Franciscanos","og_description":"Audi\u00eancia do Papa","og_url":"https:\/\/franciscanos.org.br\/noticias\/papa-os-formadores-educam-com-suas-vidas-mais-do-que-com-suas-palavras.html","og_site_name":"Not\u00edcias - Franciscanos","article_published_time":"2022-11-10T19:44:26+00:00","article_modified_time":"2022-12-31T15:54:58+00:00","og_image":[{"width":1500,"height":844,"url":"https:\/\/franciscanos.org.br\/noticias\/wp-content\/uploads\/2022\/11\/formadores.jpeg","type":"image\/jpeg"}],"author":"moacir","twitter_card":"summary_large_image","twitter_misc":{"Escrito por":"moacir","Est. tempo de leitura":"5 minutos"},"schema":{"@context":"https:\/\/schema.org","@graph":[{"@type":"WebSite","@id":"https:\/\/franciscanos.org.br\/noticias\/#website","url":"https:\/\/franciscanos.org.br\/noticias\/","name":"Not\u00edcias - Franciscanos","description":"Prov\u00edncia Franciscana da Imaculada Concei\u00e7\u00e3o do Brasil - Ordem dos Frades Menores - OFM","potentialAction":[{"@type":"SearchAction","target":{"@type":"EntryPoint","urlTemplate":"https:\/\/franciscanos.org.br\/noticias\/?s={search_term_string}"},"query-input":"required name=search_term_string"}],"inLanguage":"pt-BR"},{"@type":"ImageObject","inLanguage":"pt-BR","@id":"https:\/\/franciscanos.org.br\/noticias\/papa-os-formadores-educam-com-suas-vidas-mais-do-que-com-suas-palavras.html#primaryimage","url":"https:\/\/franciscanos.org.br\/noticias\/wp-content\/uploads\/2022\/11\/formadores.jpeg","contentUrl":"https:\/\/franciscanos.org.br\/noticias\/wp-content\/uploads\/2022\/11\/formadores.jpeg","width":1500,"height":844},{"@type":"WebPage","@id":"https:\/\/franciscanos.org.br\/noticias\/papa-os-formadores-educam-com-suas-vidas-mais-do-que-com-suas-palavras.html#webpage","url":"https:\/\/franciscanos.org.br\/noticias\/papa-os-formadores-educam-com-suas-vidas-mais-do-que-com-suas-palavras.html","name":"Papa: \"Os formadores educam com suas vidas, mais do que com suas palavras\" - Not\u00edcias - Franciscanos","isPartOf":{"@id":"https:\/\/franciscanos.org.br\/noticias\/#website"},"primaryImageOfPage":{"@id":"https:\/\/franciscanos.org.br\/noticias\/papa-os-formadores-educam-com-suas-vidas-mais-do-que-com-suas-palavras.html#primaryimage"},"datePublished":"2022-11-10T19:44:26+00:00","dateModified":"2022-12-31T15:54:58+00:00","author":{"@id":"https:\/\/franciscanos.org.br\/noticias\/#\/schema\/person\/b5c8cba458c330ccff548b056e95a5d4"},"breadcrumb":{"@id":"https:\/\/franciscanos.org.br\/noticias\/papa-os-formadores-educam-com-suas-vidas-mais-do-que-com-suas-palavras.html#breadcrumb"},"inLanguage":"pt-BR","potentialAction":[{"@type":"ReadAction","target":["https:\/\/franciscanos.org.br\/noticias\/papa-os-formadores-educam-com-suas-vidas-mais-do-que-com-suas-palavras.html"]}]},{"@type":"BreadcrumbList","@id":"https:\/\/franciscanos.org.br\/noticias\/papa-os-formadores-educam-com-suas-vidas-mais-do-que-com-suas-palavras.html#breadcrumb","itemListElement":[{"@type":"ListItem","position":1,"name":"Home","item":"https:\/\/franciscanos.org.br\/noticias"},{"@type":"ListItem","position":2,"name":"Papa: &#8220;Os formadores educam com suas vidas, mais do que com suas palavras&#8221;"}]},{"@type":"Person","@id":"https:\/\/franciscanos.org.br\/noticias\/#\/schema\/person\/b5c8cba458c330ccff548b056e95a5d4","name":"moacir","image":{"@type":"ImageObject","inLanguage":"pt-BR","@id":"https:\/\/franciscanos.org.br\/noticias\/#\/schema\/person\/image\/","url":"https:\/\/secure.gravatar.com\/avatar\/d08aa2ce4c8dd416d4479aa8536fcf64?s=96&d=mm&r=g","contentUrl":"https:\/\/secure.gravatar.com\/avatar\/d08aa2ce4c8dd416d4479aa8536fcf64?s=96&d=mm&r=g","caption":"moacir"},"url":"https:\/\/franciscanos.org.br\/noticias\/author\/moacir"}]}},"_links":{"self":[{"href":"https:\/\/franciscanos.org.br\/noticias\/wp-json\/wp\/v2\/posts\/240814"}],"collection":[{"href":"https:\/\/franciscanos.org.br\/noticias\/wp-json\/wp\/v2\/posts"}],"about":[{"href":"https:\/\/franciscanos.org.br\/noticias\/wp-json\/wp\/v2\/types\/post"}],"author":[{"embeddable":true,"href":"https:\/\/franciscanos.org.br\/noticias\/wp-json\/wp\/v2\/users\/3"}],"replies":[{"embeddable":true,"href":"https:\/\/franciscanos.org.br\/noticias\/wp-json\/wp\/v2\/comments?post=240814"}],"version-history":[{"count":2,"href":"https:\/\/franciscanos.org.br\/noticias\/wp-json\/wp\/v2\/posts\/240814\/revisions"}],"predecessor-version":[{"id":240818,"href":"https:\/\/franciscanos.org.br\/noticias\/wp-json\/wp\/v2\/posts\/240814\/revisions\/240818"}],"wp:featuredmedia":[{"embeddable":true,"href":"https:\/\/franciscanos.org.br\/noticias\/wp-json\/wp\/v2\/media\/240815"}],"wp:attachment":[{"href":"https:\/\/franciscanos.org.br\/noticias\/wp-json\/wp\/v2\/media?parent=240814"}],"wp:term":[{"taxonomy":"category","embeddable":true,"href":"https:\/\/franciscanos.org.br\/noticias\/wp-json\/wp\/v2\/categories?post=240814"},{"taxonomy":"post_tag","embeddable":true,"href":"https:\/\/franciscanos.org.br\/noticias\/wp-json\/wp\/v2\/tags?post=240814"}],"curies":[{"name":"wp","href":"https:\/\/api.w.org\/{rel}","templated":true}]}}