{"id":240803,"date":"2022-11-09T10:58:12","date_gmt":"2022-11-09T13:58:12","guid":{"rendered":"https:\/\/franciscanos.org.br\/noticias\/?p=240803"},"modified":"2022-11-09T10:58:12","modified_gmt":"2022-11-09T13:58:12","slug":"usf-recebe-leonardo-boff-para-palestra-qual-e-o-caminho-para-a-fraternidade-universal","status":"publish","type":"post","link":"https:\/\/franciscanos.org.br\/noticias\/usf-recebe-leonardo-boff-para-palestra-qual-e-o-caminho-para-a-fraternidade-universal.html","title":{"rendered":"USF recebe Leonardo Boff para palestra \u201cQual \u00e9 o caminho para a fraternidade universal\u201d"},"content":{"rendered":"<p><img loading=\"lazy\" class=\"alignnone size-full wp-image-240804\" src=\"https:\/\/franciscanos.org.br\/noticias\/wp-content\/uploads\/2022\/11\/BOFF_01.jpg\" alt=\"\" width=\"1280\" height=\"720\" srcset=\"https:\/\/franciscanos.org.br\/noticias\/wp-content\/uploads\/2022\/11\/BOFF_01.jpg 1280w, https:\/\/franciscanos.org.br\/noticias\/wp-content\/uploads\/2022\/11\/BOFF_01-450x253.jpg 450w, https:\/\/franciscanos.org.br\/noticias\/wp-content\/uploads\/2022\/11\/BOFF_01-1024x576.jpg 1024w, https:\/\/franciscanos.org.br\/noticias\/wp-content\/uploads\/2022\/11\/BOFF_01-768x432.jpg 768w, https:\/\/franciscanos.org.br\/noticias\/wp-content\/uploads\/2022\/11\/BOFF_01-150x84.jpg 150w\" sizes=\"(max-width: 1280px) 100vw, 1280px\" \/><\/p>\n<p>A Universidade S\u00e3o Francisco (USF), Editora Vozes e a Arquidiocese de Campinas\u00a0promoveram, no dia 07 de novembro a palestra <em>&#8220;Qual \u00e9 o caminho para a fraternidade universal&#8221;<\/em>, com Leonardo Boff,\u00a0no anfiteatro do C\u00e2mpus Campinas (Swift).<\/p>\n<p>O autor abordou o caminho para fraternidade universal poss\u00edvel, por meio da Enc\u00edclica\u00a0Fratellli Tutti\u00a0e a revolu\u00e7\u00e3o paradigm\u00e1tica do\u00a0dominus\u00a0(dono) ao\u00a0frater\u00a0(irm\u00e3os). De forma realista, Leonardo Boff apresenta as\u00a0possibilidades de realiza\u00e7\u00e3o da fraternidade universal, proposta por Francisco de Assis e por Francisco de Roma, e considera os entraves que a nossa cultura atual apresenta; que, mantida, a torna imposs\u00edvel. \u201cO Papa est\u00e1 na ponta da discuss\u00e3o ecol\u00f3gica Mundial, efetivamente \u00e9 ent\u00e3o a Fratelli Tutti tem uma import\u00e2ncia enorme porque ele enfrenta as crises pelas quais est\u00e1 passando a humanidade\u201d, explicou durante o evento.<\/p>\n<p><img loading=\"lazy\" class=\"alignnone size-full wp-image-240805\" src=\"https:\/\/franciscanos.org.br\/noticias\/wp-content\/uploads\/2022\/11\/boff_02.jpg\" alt=\"\" width=\"1280\" height=\"623\" srcset=\"https:\/\/franciscanos.org.br\/noticias\/wp-content\/uploads\/2022\/11\/boff_02.jpg 1280w, https:\/\/franciscanos.org.br\/noticias\/wp-content\/uploads\/2022\/11\/boff_02-450x219.jpg 450w, https:\/\/franciscanos.org.br\/noticias\/wp-content\/uploads\/2022\/11\/boff_02-1024x498.jpg 1024w, https:\/\/franciscanos.org.br\/noticias\/wp-content\/uploads\/2022\/11\/boff_02-768x374.jpg 768w, https:\/\/franciscanos.org.br\/noticias\/wp-content\/uploads\/2022\/11\/boff_02-150x73.jpg 150w\" sizes=\"(max-width: 1280px) 100vw, 1280px\" \/><\/p>\n<p>Leonardo Boff (1938) foi por mais de 20 anos professor de Teologia Sistem\u00e1tica no Instituto Franciscano de Petr\u00f3polis e, posteriormente, professor de \u00c9tica, Filosofia da Religi\u00e3o e de Ecologia Filos\u00f3fica na Universidade Estadual do Rio de Janeiro. Foi tamb\u00e9m professor-visitante em v\u00e1rias universidades estrangeiras. \u00c9 membro da Iniciativa Internacional da Carta da Terra, da qual \u00e9 um dos corredatores. Em 2002 foi galardoado pelo Parlamento Sueco com o Pr\u00eamio Nobel Alternativo da Paz por associar ecologia com justi\u00e7a social e espiritualidade. \u00c9 autor de mais de cem livros, em sua maioria publicados pela Editora Vozes.<\/p>\n<p><img loading=\"lazy\" class=\"alignnone size-full wp-image-240806\" src=\"https:\/\/franciscanos.org.br\/noticias\/wp-content\/uploads\/2022\/11\/boff_03.jpg\" alt=\"\" width=\"1280\" height=\"603\" srcset=\"https:\/\/franciscanos.org.br\/noticias\/wp-content\/uploads\/2022\/11\/boff_03.jpg 1280w, https:\/\/franciscanos.org.br\/noticias\/wp-content\/uploads\/2022\/11\/boff_03-450x212.jpg 450w, https:\/\/franciscanos.org.br\/noticias\/wp-content\/uploads\/2022\/11\/boff_03-1024x482.jpg 1024w, https:\/\/franciscanos.org.br\/noticias\/wp-content\/uploads\/2022\/11\/boff_03-768x362.jpg 768w, https:\/\/franciscanos.org.br\/noticias\/wp-content\/uploads\/2022\/11\/boff_03-150x71.jpg 150w\" sizes=\"(max-width: 1280px) 100vw, 1280px\" \/><\/p>\n<p>Estiveram presente no evento o Reitor da USF, Frei Gilberto Garcia, o vice-reitor da USF, Thiago Alexandre Hayakawa, o Arcebispo Metropolitano de Campinas, Dom Jo\u00e3o In\u00e1cio M\u00fcller, o Pr\u00f3-Reitor de Ensino, Pesquisa e Extens\u00e3o, professor Dilnei Lorenzi, o coordenador do N\u00facleo de Pastoral Universit\u00e1ria, Frei Vitorio Mazzuco Filho, o diretor do C\u00e2mpus Campinas, professor Paulo Silveira, a Diretora do C\u00e2mpus Bragan\u00e7a Paulista, professora Patr\u00edcia Teixeira Costa, o diretor do C\u00e2mpus Itatiba, professor Renato Adriano Pezenti, al\u00e9m de coordenadores de curso, docentes, estudantes e p\u00fablico externo.<\/p>\n<hr \/>\n<p>Ao fim da palestra o autor promoveu uma sess\u00e3o de aut\u00f3grafos. O evento foi transmitido tamb\u00e9m no canal oficial da USF no Youtube. <a href=\"https:\/\/www.youtube.com\/watch?v=wVEsUOE-uQU\"><strong>Clique aqui<\/strong><\/a> para assistir.<\/p>\n","protected":false},"excerpt":{"rendered":"<p>Universidade S\u00e3o Francisco<\/p>\n","protected":false},"author":3,"featured_media":240804,"comment_status":"open","ping_status":"open","sticky":false,"template":"","format":"standard","meta":[],"categories":[1],"tags":[354],"acf":[],"yoast_head":"<!-- This site is optimized with the Yoast SEO plugin v19.2 - https:\/\/yoast.com\/wordpress\/plugins\/seo\/ -->\n<title>USF recebe Leonardo Boff para palestra \u201cQual \u00e9 o caminho para a fraternidade universal\u201d - Not\u00edcias - Franciscanos<\/title>\n<meta name=\"robots\" content=\"index, follow, max-snippet:-1, max-image-preview:large, max-video-preview:-1\" \/>\n<link rel=\"canonical\" href=\"https:\/\/franciscanos.org.br\/noticias\/usf-recebe-leonardo-boff-para-palestra-qual-e-o-caminho-para-a-fraternidade-universal.html\" \/>\n<meta property=\"og:locale\" content=\"pt_BR\" \/>\n<meta property=\"og:type\" content=\"article\" \/>\n<meta property=\"og:title\" content=\"USF recebe Leonardo Boff para palestra \u201cQual \u00e9 o caminho para a fraternidade universal\u201d - Not\u00edcias - Franciscanos\" \/>\n<meta property=\"og:description\" content=\"Universidade S\u00e3o Francisco\" \/>\n<meta property=\"og:url\" content=\"https:\/\/franciscanos.org.br\/noticias\/usf-recebe-leonardo-boff-para-palestra-qual-e-o-caminho-para-a-fraternidade-universal.html\" \/>\n<meta property=\"og:site_name\" content=\"Not\u00edcias - Franciscanos\" \/>\n<meta property=\"article:published_time\" content=\"2022-11-09T13:58:12+00:00\" \/>\n<meta property=\"og:image\" content=\"https:\/\/franciscanos.org.br\/noticias\/wp-content\/uploads\/2022\/11\/BOFF_01.jpg\" \/>\n\t<meta property=\"og:image:width\" content=\"1280\" \/>\n\t<meta property=\"og:image:height\" content=\"720\" \/>\n\t<meta property=\"og:image:type\" content=\"image\/jpeg\" \/>\n<meta name=\"author\" content=\"moacir\" \/>\n<meta name=\"twitter:card\" content=\"summary_large_image\" \/>\n<meta name=\"twitter:label1\" content=\"Escrito por\" \/>\n\t<meta name=\"twitter:data1\" content=\"moacir\" \/>\n\t<meta name=\"twitter:label2\" content=\"Est. tempo de leitura\" \/>\n\t<meta name=\"twitter:data2\" content=\"2 minutos\" \/>\n<script type=\"application\/ld+json\" class=\"yoast-schema-graph\">{\"@context\":\"https:\/\/schema.org\",\"@graph\":[{\"@type\":\"WebSite\",\"@id\":\"https:\/\/franciscanos.org.br\/noticias\/#website\",\"url\":\"https:\/\/franciscanos.org.br\/noticias\/\",\"name\":\"Not\u00edcias - Franciscanos\",\"description\":\"Prov\u00edncia Franciscana da Imaculada Concei\u00e7\u00e3o do Brasil - Ordem dos Frades Menores - OFM\",\"potentialAction\":[{\"@type\":\"SearchAction\",\"target\":{\"@type\":\"EntryPoint\",\"urlTemplate\":\"https:\/\/franciscanos.org.br\/noticias\/?s={search_term_string}\"},\"query-input\":\"required name=search_term_string\"}],\"inLanguage\":\"pt-BR\"},{\"@type\":\"ImageObject\",\"inLanguage\":\"pt-BR\",\"@id\":\"https:\/\/franciscanos.org.br\/noticias\/usf-recebe-leonardo-boff-para-palestra-qual-e-o-caminho-para-a-fraternidade-universal.html#primaryimage\",\"url\":\"https:\/\/franciscanos.org.br\/noticias\/wp-content\/uploads\/2022\/11\/BOFF_01.jpg\",\"contentUrl\":\"https:\/\/franciscanos.org.br\/noticias\/wp-content\/uploads\/2022\/11\/BOFF_01.jpg\",\"width\":1280,\"height\":720},{\"@type\":\"WebPage\",\"@id\":\"https:\/\/franciscanos.org.br\/noticias\/usf-recebe-leonardo-boff-para-palestra-qual-e-o-caminho-para-a-fraternidade-universal.html#webpage\",\"url\":\"https:\/\/franciscanos.org.br\/noticias\/usf-recebe-leonardo-boff-para-palestra-qual-e-o-caminho-para-a-fraternidade-universal.html\",\"name\":\"USF recebe Leonardo Boff para palestra \u201cQual \u00e9 o caminho para a fraternidade universal\u201d - Not\u00edcias - Franciscanos\",\"isPartOf\":{\"@id\":\"https:\/\/franciscanos.org.br\/noticias\/#website\"},\"primaryImageOfPage\":{\"@id\":\"https:\/\/franciscanos.org.br\/noticias\/usf-recebe-leonardo-boff-para-palestra-qual-e-o-caminho-para-a-fraternidade-universal.html#primaryimage\"},\"datePublished\":\"2022-11-09T13:58:12+00:00\",\"dateModified\":\"2022-11-09T13:58:12+00:00\",\"author\":{\"@id\":\"https:\/\/franciscanos.org.br\/noticias\/#\/schema\/person\/b5c8cba458c330ccff548b056e95a5d4\"},\"breadcrumb\":{\"@id\":\"https:\/\/franciscanos.org.br\/noticias\/usf-recebe-leonardo-boff-para-palestra-qual-e-o-caminho-para-a-fraternidade-universal.html#breadcrumb\"},\"inLanguage\":\"pt-BR\",\"potentialAction\":[{\"@type\":\"ReadAction\",\"target\":[\"https:\/\/franciscanos.org.br\/noticias\/usf-recebe-leonardo-boff-para-palestra-qual-e-o-caminho-para-a-fraternidade-universal.html\"]}]},{\"@type\":\"BreadcrumbList\",\"@id\":\"https:\/\/franciscanos.org.br\/noticias\/usf-recebe-leonardo-boff-para-palestra-qual-e-o-caminho-para-a-fraternidade-universal.html#breadcrumb\",\"itemListElement\":[{\"@type\":\"ListItem\",\"position\":1,\"name\":\"Home\",\"item\":\"https:\/\/franciscanos.org.br\/noticias\"},{\"@type\":\"ListItem\",\"position\":2,\"name\":\"USF recebe Leonardo Boff para palestra \u201cQual \u00e9 o caminho para a fraternidade universal\u201d\"}]},{\"@type\":\"Person\",\"@id\":\"https:\/\/franciscanos.org.br\/noticias\/#\/schema\/person\/b5c8cba458c330ccff548b056e95a5d4\",\"name\":\"moacir\",\"image\":{\"@type\":\"ImageObject\",\"inLanguage\":\"pt-BR\",\"@id\":\"https:\/\/franciscanos.org.br\/noticias\/#\/schema\/person\/image\/\",\"url\":\"https:\/\/secure.gravatar.com\/avatar\/d08aa2ce4c8dd416d4479aa8536fcf64?s=96&d=mm&r=g\",\"contentUrl\":\"https:\/\/secure.gravatar.com\/avatar\/d08aa2ce4c8dd416d4479aa8536fcf64?s=96&d=mm&r=g\",\"caption\":\"moacir\"},\"url\":\"https:\/\/franciscanos.org.br\/noticias\/author\/moacir\"}]}<\/script>\n<!-- \/ Yoast SEO plugin. -->","yoast_head_json":{"title":"USF recebe Leonardo Boff para palestra \u201cQual \u00e9 o caminho para a fraternidade universal\u201d - Not\u00edcias - Franciscanos","robots":{"index":"index","follow":"follow","max-snippet":"max-snippet:-1","max-image-preview":"max-image-preview:large","max-video-preview":"max-video-preview:-1"},"canonical":"https:\/\/franciscanos.org.br\/noticias\/usf-recebe-leonardo-boff-para-palestra-qual-e-o-caminho-para-a-fraternidade-universal.html","og_locale":"pt_BR","og_type":"article","og_title":"USF recebe Leonardo Boff para palestra \u201cQual \u00e9 o caminho para a fraternidade universal\u201d - Not\u00edcias - Franciscanos","og_description":"Universidade S\u00e3o Francisco","og_url":"https:\/\/franciscanos.org.br\/noticias\/usf-recebe-leonardo-boff-para-palestra-qual-e-o-caminho-para-a-fraternidade-universal.html","og_site_name":"Not\u00edcias - Franciscanos","article_published_time":"2022-11-09T13:58:12+00:00","og_image":[{"width":1280,"height":720,"url":"https:\/\/franciscanos.org.br\/noticias\/wp-content\/uploads\/2022\/11\/BOFF_01.jpg","type":"image\/jpeg"}],"author":"moacir","twitter_card":"summary_large_image","twitter_misc":{"Escrito por":"moacir","Est. tempo de leitura":"2 minutos"},"schema":{"@context":"https:\/\/schema.org","@graph":[{"@type":"WebSite","@id":"https:\/\/franciscanos.org.br\/noticias\/#website","url":"https:\/\/franciscanos.org.br\/noticias\/","name":"Not\u00edcias - Franciscanos","description":"Prov\u00edncia Franciscana da Imaculada Concei\u00e7\u00e3o do Brasil - Ordem dos Frades Menores - OFM","potentialAction":[{"@type":"SearchAction","target":{"@type":"EntryPoint","urlTemplate":"https:\/\/franciscanos.org.br\/noticias\/?s={search_term_string}"},"query-input":"required name=search_term_string"}],"inLanguage":"pt-BR"},{"@type":"ImageObject","inLanguage":"pt-BR","@id":"https:\/\/franciscanos.org.br\/noticias\/usf-recebe-leonardo-boff-para-palestra-qual-e-o-caminho-para-a-fraternidade-universal.html#primaryimage","url":"https:\/\/franciscanos.org.br\/noticias\/wp-content\/uploads\/2022\/11\/BOFF_01.jpg","contentUrl":"https:\/\/franciscanos.org.br\/noticias\/wp-content\/uploads\/2022\/11\/BOFF_01.jpg","width":1280,"height":720},{"@type":"WebPage","@id":"https:\/\/franciscanos.org.br\/noticias\/usf-recebe-leonardo-boff-para-palestra-qual-e-o-caminho-para-a-fraternidade-universal.html#webpage","url":"https:\/\/franciscanos.org.br\/noticias\/usf-recebe-leonardo-boff-para-palestra-qual-e-o-caminho-para-a-fraternidade-universal.html","name":"USF recebe Leonardo Boff para palestra \u201cQual \u00e9 o caminho para a fraternidade universal\u201d - Not\u00edcias - Franciscanos","isPartOf":{"@id":"https:\/\/franciscanos.org.br\/noticias\/#website"},"primaryImageOfPage":{"@id":"https:\/\/franciscanos.org.br\/noticias\/usf-recebe-leonardo-boff-para-palestra-qual-e-o-caminho-para-a-fraternidade-universal.html#primaryimage"},"datePublished":"2022-11-09T13:58:12+00:00","dateModified":"2022-11-09T13:58:12+00:00","author":{"@id":"https:\/\/franciscanos.org.br\/noticias\/#\/schema\/person\/b5c8cba458c330ccff548b056e95a5d4"},"breadcrumb":{"@id":"https:\/\/franciscanos.org.br\/noticias\/usf-recebe-leonardo-boff-para-palestra-qual-e-o-caminho-para-a-fraternidade-universal.html#breadcrumb"},"inLanguage":"pt-BR","potentialAction":[{"@type":"ReadAction","target":["https:\/\/franciscanos.org.br\/noticias\/usf-recebe-leonardo-boff-para-palestra-qual-e-o-caminho-para-a-fraternidade-universal.html"]}]},{"@type":"BreadcrumbList","@id":"https:\/\/franciscanos.org.br\/noticias\/usf-recebe-leonardo-boff-para-palestra-qual-e-o-caminho-para-a-fraternidade-universal.html#breadcrumb","itemListElement":[{"@type":"ListItem","position":1,"name":"Home","item":"https:\/\/franciscanos.org.br\/noticias"},{"@type":"ListItem","position":2,"name":"USF recebe Leonardo Boff para palestra \u201cQual \u00e9 o caminho para a fraternidade universal\u201d"}]},{"@type":"Person","@id":"https:\/\/franciscanos.org.br\/noticias\/#\/schema\/person\/b5c8cba458c330ccff548b056e95a5d4","name":"moacir","image":{"@type":"ImageObject","inLanguage":"pt-BR","@id":"https:\/\/franciscanos.org.br\/noticias\/#\/schema\/person\/image\/","url":"https:\/\/secure.gravatar.com\/avatar\/d08aa2ce4c8dd416d4479aa8536fcf64?s=96&d=mm&r=g","contentUrl":"https:\/\/secure.gravatar.com\/avatar\/d08aa2ce4c8dd416d4479aa8536fcf64?s=96&d=mm&r=g","caption":"moacir"},"url":"https:\/\/franciscanos.org.br\/noticias\/author\/moacir"}]}},"_links":{"self":[{"href":"https:\/\/franciscanos.org.br\/noticias\/wp-json\/wp\/v2\/posts\/240803"}],"collection":[{"href":"https:\/\/franciscanos.org.br\/noticias\/wp-json\/wp\/v2\/posts"}],"about":[{"href":"https:\/\/franciscanos.org.br\/noticias\/wp-json\/wp\/v2\/types\/post"}],"author":[{"embeddable":true,"href":"https:\/\/franciscanos.org.br\/noticias\/wp-json\/wp\/v2\/users\/3"}],"replies":[{"embeddable":true,"href":"https:\/\/franciscanos.org.br\/noticias\/wp-json\/wp\/v2\/comments?post=240803"}],"version-history":[{"count":1,"href":"https:\/\/franciscanos.org.br\/noticias\/wp-json\/wp\/v2\/posts\/240803\/revisions"}],"predecessor-version":[{"id":240807,"href":"https:\/\/franciscanos.org.br\/noticias\/wp-json\/wp\/v2\/posts\/240803\/revisions\/240807"}],"wp:featuredmedia":[{"embeddable":true,"href":"https:\/\/franciscanos.org.br\/noticias\/wp-json\/wp\/v2\/media\/240804"}],"wp:attachment":[{"href":"https:\/\/franciscanos.org.br\/noticias\/wp-json\/wp\/v2\/media?parent=240803"}],"wp:term":[{"taxonomy":"category","embeddable":true,"href":"https:\/\/franciscanos.org.br\/noticias\/wp-json\/wp\/v2\/categories?post=240803"},{"taxonomy":"post_tag","embeddable":true,"href":"https:\/\/franciscanos.org.br\/noticias\/wp-json\/wp\/v2\/tags?post=240803"}],"curies":[{"name":"wp","href":"https:\/\/api.w.org\/{rel}","templated":true}]}}