{"id":240800,"date":"2022-11-09T07:18:40","date_gmt":"2022-11-09T10:18:40","guid":{"rendered":"https:\/\/franciscanos.org.br\/noticias\/?p=240800"},"modified":"2022-11-09T07:18:40","modified_gmt":"2022-11-09T10:18:40","slug":"francisco-na-audiencia-geral-o-dialogo-e-o-oxigenio-da-paz","status":"publish","type":"post","link":"https:\/\/franciscanos.org.br\/noticias\/francisco-na-audiencia-geral-o-dialogo-e-o-oxigenio-da-paz.html","title":{"rendered":"Francisco na Audi\u00eancia Geral: o di\u00e1logo \u00e9 o oxig\u00eanio da paz"},"content":{"rendered":"<div id=\"attachment_240801\" style=\"width: 1510px\" class=\"wp-caption alignnone\"><img aria-describedby=\"caption-attachment-240801\" loading=\"lazy\" class=\"wp-image-240801 size-full\" src=\"https:\/\/franciscanos.org.br\/noticias\/wp-content\/uploads\/2022\/11\/audiencia_09.jpeg\" alt=\"\" width=\"1500\" height=\"844\" srcset=\"https:\/\/franciscanos.org.br\/noticias\/wp-content\/uploads\/2022\/11\/audiencia_09.jpeg 1500w, https:\/\/franciscanos.org.br\/noticias\/wp-content\/uploads\/2022\/11\/audiencia_09-450x253.jpeg 450w, https:\/\/franciscanos.org.br\/noticias\/wp-content\/uploads\/2022\/11\/audiencia_09-1024x576.jpeg 1024w, https:\/\/franciscanos.org.br\/noticias\/wp-content\/uploads\/2022\/11\/audiencia_09-768x432.jpeg 768w, https:\/\/franciscanos.org.br\/noticias\/wp-content\/uploads\/2022\/11\/audiencia_09-150x84.jpeg 150w\" sizes=\"(max-width: 1500px) 100vw, 1500px\" \/><p id=\"caption-attachment-240801\" class=\"wp-caption-text\">\u00a0 \u00a0 \u00a0 \u00a0 \u00a0 \u00a0 \u00a0 \u00a0 \u00a0 \u00a0 \u00a0 \u00a0 \u00a0 \u00a0 \u00a0 \u00a0 \u00a0 \u00a0 \u00a0 \u00a0 \u00a0 \u00a0 \u00a0 \u00a0 \u00a0 \u00a0 \u00a0 \u00a0 \u00a0 \u00a0 \u00a0 \u00a0 \u00a0 \u00a0 \u00a0 \u00a0 \u00a0 \u00a0 \u00a0 \u00a0 \u00a0 \u00a0 \u00a0 \u00a0 \u00a0 \u00a0 \u00a0 \u00a0 \u00a0 \u00a0 \u00a0 \u00a0 \u00a0 \u00a0 \u00a0 \u00a0 \u00a0 \u00a0 \u00a0 \u00a0 \u00a0 \u00a0 \u00a0 \u00a0<em>Imagem: VATICAN MEDIA <\/em><\/p><\/div>\n<p>A viagem apost\u00f3lica do Papa ao Bahrein foi o tema da catequese do Papa Francisco na Audi\u00eancia Geral, desta quarta-feira (09\/11), realizada na Pra\u00e7a S\u00e3o Pedro.<\/p>\n<p>Antes de iniciar o seu discurso, Papa chamou a aten\u00e7\u00e3o para o comportamento de duas crian\u00e7as que se aproximaram dele, dizendo que elas foram at\u00e9 ele sem medo, diretamente, &#8220;e assim, n\u00f3s devemos ser com Deus. Diretamente. Elas nos deram o exemplo de como devemos nos comportar com Deus, com o Senhor. Ir adiante. Ele nos espera sempre. Meme fez bem ver a confian\u00e7a dessas duas crian\u00e7as. Foi um exemplo para todos n\u00f3s. Assim, devemos nos aproximar do Senhor, com liberdade&#8221;. A seguir, agradeceu publicamente a todos que trabalharam para que a viagem do Papa tivesse bom \u00eaxito. Agradeceu tamb\u00e9m a todos aqueles que acompanharam esta visita com o sustento da ora\u00e7\u00e3o e renovou sua gratid\u00e3o ao Rei do Bahrein, \u00e0s outras Autoridades, \u00e0 Igreja local e \u00e0 popula\u00e7\u00e3o pela calorosa hospitalidade.<\/p>\n<p>\u00c9 natural perguntar-se: por que o Papa quis visitar esse pequeno pa\u00eds com uma grande maioria isl\u00e2mica? Francisco respondeu essa pergunta com tr\u00eas palavras: di\u00e1logo, encontro e caminho.<\/p>\n<p>Di\u00e1logo. Esta viagem foi feita a convite do Rei do Bahrein, Hamad bin Isa bin Salman Al Khalifa, &#8220;para um F\u00f3rum sobre o di\u00e1logo entre Oriente e Ocidente. Di\u00e1logo que serve para descobrir a riqueza de quantos pertencem a outros povos, outras tradi\u00e7\u00f5es, a outras cren\u00e7as&#8221;. &#8220;O Bahrein, um arquip\u00e9lago formado por muitas ilhas, ajudou-nos a compreender que n\u00e3o se deve viver isolando-se, mas aproximando-se. Exige-o a causa da paz, e o di\u00e1logo \u00e9 \u201co oxig\u00eanio da paz\u201d. N\u00e3o se esquecem disso: o di\u00e1logo \u00e9 o oxig\u00eanio da paz. Tamb\u00e9m a paz dom\u00e9stica. Se h\u00e1 uma guerra entre marido e mulher, depois com o di\u00e1logo se segue adiante com a paz. Dialogar tamb\u00e9m na fam\u00edlia&#8221;, reiterou.<\/p>\n<p>O Papa recordou que h\u00e1 quase sessenta anos, o Conc\u00edlio Vaticano II, falando sobre a constru\u00e7\u00e3o do edif\u00edcio da paz, declarou que \u00abela exige certamente que [os homens] dilatem o esp\u00edrito mais al\u00e9m das fronteiras da pr\u00f3pria na\u00e7\u00e3o, deponham o ego\u00edsmo nacional e a ambi\u00e7\u00e3o de dominar sobre os outros pa\u00edses, e fomentem um grande respeito por toda a humanidade, que j\u00e1 avan\u00e7a t\u00e3o laboriosamente para uma maior unidade\u00bb.<\/p>\n<p>Francisco destacou que no Bahrein, ele sentiu esta exig\u00eancia e desejou que, &#8220;no mundo inteiro, os respons\u00e1veis religiosos e civis saibam olhar al\u00e9m das pr\u00f3prias fronteiras, das suas comunidades, para cuidar de todo o conjunto. Somente assim podem ser enfrentadas certos temas universais, como o esquecimento de Deus, a trag\u00e9dia da fome, a tutela da cria\u00e7\u00e3o, a paz&#8221;.<\/p>\n<p><i>Neste sentido, o F\u00f3rum de di\u00e1logo, intitulado \u201cOriente e Ocidente pela conviv\u00eancia humana\u201d, exortou a escolher o caminho do encontro e a rejeitar o do desencontro. Quanto precisamos disto! Penso na guerra insensata de que a martirizada Ucr\u00e2nia \u00e9 v\u00edtima, e em muitos outros conflitos, que nunca ser\u00e3o resolvidos atrav\u00e9s da l\u00f3gica infantil das armas, mas unicamente com a for\u00e7a suave do di\u00e1logo. A Ucr\u00e2nia \u00e9 martirizada, mas pensemos em pa\u00edses que est\u00e1 em guerra h\u00e1 anos, pensemos na S\u00edria, mais de dez anos. Pensemos nas crian\u00e7as do I\u00eamen, pensemos em Mianmar. Em todo lugar, agora \u00e9 mais pr\u00f3xima a Ucr\u00e2nia. Mas o que fazem as guerras? Destroem. Destroem a humanidade, destroem tudo.<\/i><\/p>\n<p>A seguir, o Papa se deteve na segunda palavra: encontro. Francisco disse que no Bahrein ele sentiu &#8220;v\u00e1rias vezes o desejo de que haja mais encontros entre crist\u00e3os e mu\u00e7ulmanos, que se estreitem rela\u00e7\u00f5es mais s\u00f3lidas, que nos interessemos mais uns pelos outros&#8221;. Recordou que &#8220;no Bahrein, como se faz no Oriente, as pessoas levam a m\u00e3o ao cora\u00e7\u00e3o quando cumprimentam algu\u00e9m&#8221;. &#8220;Tamb\u00e9m eu o fiz&#8221;, disse ele, &#8220;a fim de criar espa\u00e7o dentro de mim para quantos eu encontrava. Pois sem hospitalidade, o di\u00e1logo resta vazio, aparente, permanece uma quest\u00e3o de ideias, n\u00e3o de realidade&#8221;.<\/p>\n<p>O Pont\u00edfice recordou o seu encontro com o Gr\u00e3o-Imame de Al-Azhar, com os jovens da Escola do Sagrado Cora\u00e7\u00e3o, &#8220;estudantes que nos deram uma grande li\u00e7\u00e3o, pois estudam juntos, crist\u00e3os e mu\u00e7ulmanos&#8221;. Os idosos deram &#8220;um testemunho de sabedoria fraterna&#8221;, disse o Papa, recordando o encontro com os membros do Conselho Mu\u00e7ulmano de Anci\u00e3os, &#8220;uma organiza\u00e7\u00e3o internacional fundada h\u00e1 poucos anos, que promove boas rela\u00e7\u00f5es entre as comunidades isl\u00e2micas, no sinal do respeito, da modera\u00e7\u00e3o e da paz, opondo-se ao integralismo e \u00e0 viol\u00eancia&#8221;.<\/p>\n<p>Por fim, a terceira palavra: caminho. A viagem ao Bahrein n\u00e3o deve ser vista como um epis\u00f3dio isolado, faz parte de um percurso inaugurado por S\u00e3o Jo\u00e3o Paulo II, quando foi a Marrocos.<\/p>\n<p><i>Deste modo, a primeira visita de um Papa ao Bahrein representou um novo passo no caminho entre fi\u00e9is crist\u00e3os e mu\u00e7ulmanos: n\u00e3o para nos confundirmos nem para diluir a f\u00e9, mas para construir alian\u00e7as fraternas em nome do Pai Abra\u00e3o, que foi peregrino na terra sob o olhar misericordioso do \u00fanico Deus do C\u00e9u, Deus da Paz. Por isso, o lema da viagem foi: \u201cPaz na terra aos homens de boa vontade\u201d.<\/i><\/p>\n<p>&#8220;Di\u00e1logo, encontro e caminho no Bahrein tiveram lugar inclusive entre os crist\u00e3os&#8221;, sublinhou Francisco, recordando o encontro ecum\u00eanico, de ora\u00e7\u00e3o pela paz, com o amado Patriarca Bartolomeu, e com pessoas de v\u00e1rias confiss\u00f5es e ritos.<\/p>\n<p><i>Os irm\u00e3os e irm\u00e3s na f\u00e9, que encontrei no Bahrein, vivem verdadeiramente \u201ca caminho\u201d: s\u00e3o na maioria trabalhadores imigrantes que, longe de casa, encontram as suas ra\u00edzes no Povo de Deus e a sua fam\u00edlia na grande fam\u00edlia da Igreja. E v\u00e3o em frente com alegria, na certeza de que a esperan\u00e7a de Deus n\u00e3o desilude.<\/i><\/p>\n<p>A seguir, recordou o encontro com os pastores, os consagrados, as consagradas, os agentes pastorais e, na missa festiva, celebrada no est\u00e1dio, os numerosos fi\u00e9is vindos at\u00e9 de outros pa\u00edses do Golfo.<\/p>\n<p>O Papa convidou a nos sentirmos chamados &#8220;a dilatar os horizontes, cora\u00e7\u00f5es dilatados, n\u00e3o fechados, duros&#8221;, mas abertos, &#8220;porque somos todos irm\u00e3os e para que essa fraternidade humana cres\u00e7a. Dilatar os horizontes, alargar os interesses e nos dedicar ao conhecimento dos outros&#8221;. &#8220;Se voc\u00ea se dedicar a conhecer os outros, voc\u00ea nunca ser\u00e1 amea\u00e7ado. Para prosseguir, o caminho da fraternidade e da paz tem necessidade de todos e de cada um&#8221;, concluiu.<\/p>\n<hr \/>\n<p>Fonte: Vatican News<\/p>\n","protected":false},"excerpt":{"rendered":"<p>Audi\u00eancia Geral<\/p>\n","protected":false},"author":3,"featured_media":240801,"comment_status":"open","ping_status":"open","sticky":false,"template":"","format":"standard","meta":[],"categories":[1428],"tags":[487],"acf":[],"yoast_head":"<!-- This site is optimized with the Yoast SEO plugin v19.2 - https:\/\/yoast.com\/wordpress\/plugins\/seo\/ -->\n<title>Francisco na Audi\u00eancia Geral: o di\u00e1logo \u00e9 o oxig\u00eanio da paz - Not\u00edcias - Franciscanos<\/title>\n<meta name=\"robots\" content=\"index, follow, max-snippet:-1, max-image-preview:large, max-video-preview:-1\" \/>\n<link rel=\"canonical\" href=\"https:\/\/franciscanos.org.br\/noticias\/francisco-na-audiencia-geral-o-dialogo-e-o-oxigenio-da-paz.html\" \/>\n<meta property=\"og:locale\" content=\"pt_BR\" \/>\n<meta property=\"og:type\" content=\"article\" \/>\n<meta property=\"og:title\" content=\"Francisco na Audi\u00eancia Geral: o di\u00e1logo \u00e9 o oxig\u00eanio da paz - Not\u00edcias - Franciscanos\" \/>\n<meta property=\"og:description\" content=\"Audi\u00eancia Geral\" \/>\n<meta property=\"og:url\" content=\"https:\/\/franciscanos.org.br\/noticias\/francisco-na-audiencia-geral-o-dialogo-e-o-oxigenio-da-paz.html\" \/>\n<meta property=\"og:site_name\" content=\"Not\u00edcias - Franciscanos\" \/>\n<meta property=\"article:published_time\" content=\"2022-11-09T10:18:40+00:00\" \/>\n<meta property=\"og:image\" content=\"https:\/\/franciscanos.org.br\/noticias\/wp-content\/uploads\/2022\/11\/audiencia_09.jpeg\" \/>\n\t<meta property=\"og:image:width\" content=\"1500\" \/>\n\t<meta property=\"og:image:height\" content=\"844\" \/>\n\t<meta property=\"og:image:type\" content=\"image\/jpeg\" \/>\n<meta name=\"author\" content=\"moacir\" \/>\n<meta name=\"twitter:card\" content=\"summary_large_image\" \/>\n<meta name=\"twitter:label1\" content=\"Escrito por\" \/>\n\t<meta name=\"twitter:data1\" content=\"moacir\" \/>\n\t<meta name=\"twitter:label2\" content=\"Est. tempo de leitura\" \/>\n\t<meta name=\"twitter:data2\" content=\"6 minutos\" \/>\n<script type=\"application\/ld+json\" class=\"yoast-schema-graph\">{\"@context\":\"https:\/\/schema.org\",\"@graph\":[{\"@type\":\"WebSite\",\"@id\":\"https:\/\/franciscanos.org.br\/noticias\/#website\",\"url\":\"https:\/\/franciscanos.org.br\/noticias\/\",\"name\":\"Not\u00edcias - Franciscanos\",\"description\":\"Prov\u00edncia Franciscana da Imaculada Concei\u00e7\u00e3o do Brasil - Ordem dos Frades Menores - OFM\",\"potentialAction\":[{\"@type\":\"SearchAction\",\"target\":{\"@type\":\"EntryPoint\",\"urlTemplate\":\"https:\/\/franciscanos.org.br\/noticias\/?s={search_term_string}\"},\"query-input\":\"required name=search_term_string\"}],\"inLanguage\":\"pt-BR\"},{\"@type\":\"ImageObject\",\"inLanguage\":\"pt-BR\",\"@id\":\"https:\/\/franciscanos.org.br\/noticias\/francisco-na-audiencia-geral-o-dialogo-e-o-oxigenio-da-paz.html#primaryimage\",\"url\":\"https:\/\/franciscanos.org.br\/noticias\/wp-content\/uploads\/2022\/11\/audiencia_09.jpeg\",\"contentUrl\":\"https:\/\/franciscanos.org.br\/noticias\/wp-content\/uploads\/2022\/11\/audiencia_09.jpeg\",\"width\":1500,\"height\":844},{\"@type\":\"WebPage\",\"@id\":\"https:\/\/franciscanos.org.br\/noticias\/francisco-na-audiencia-geral-o-dialogo-e-o-oxigenio-da-paz.html#webpage\",\"url\":\"https:\/\/franciscanos.org.br\/noticias\/francisco-na-audiencia-geral-o-dialogo-e-o-oxigenio-da-paz.html\",\"name\":\"Francisco na Audi\u00eancia Geral: o di\u00e1logo \u00e9 o oxig\u00eanio da paz - Not\u00edcias - Franciscanos\",\"isPartOf\":{\"@id\":\"https:\/\/franciscanos.org.br\/noticias\/#website\"},\"primaryImageOfPage\":{\"@id\":\"https:\/\/franciscanos.org.br\/noticias\/francisco-na-audiencia-geral-o-dialogo-e-o-oxigenio-da-paz.html#primaryimage\"},\"datePublished\":\"2022-11-09T10:18:40+00:00\",\"dateModified\":\"2022-11-09T10:18:40+00:00\",\"author\":{\"@id\":\"https:\/\/franciscanos.org.br\/noticias\/#\/schema\/person\/b5c8cba458c330ccff548b056e95a5d4\"},\"breadcrumb\":{\"@id\":\"https:\/\/franciscanos.org.br\/noticias\/francisco-na-audiencia-geral-o-dialogo-e-o-oxigenio-da-paz.html#breadcrumb\"},\"inLanguage\":\"pt-BR\",\"potentialAction\":[{\"@type\":\"ReadAction\",\"target\":[\"https:\/\/franciscanos.org.br\/noticias\/francisco-na-audiencia-geral-o-dialogo-e-o-oxigenio-da-paz.html\"]}]},{\"@type\":\"BreadcrumbList\",\"@id\":\"https:\/\/franciscanos.org.br\/noticias\/francisco-na-audiencia-geral-o-dialogo-e-o-oxigenio-da-paz.html#breadcrumb\",\"itemListElement\":[{\"@type\":\"ListItem\",\"position\":1,\"name\":\"Home\",\"item\":\"https:\/\/franciscanos.org.br\/noticias\"},{\"@type\":\"ListItem\",\"position\":2,\"name\":\"Francisco na Audi\u00eancia Geral: o di\u00e1logo \u00e9 o oxig\u00eanio da paz\"}]},{\"@type\":\"Person\",\"@id\":\"https:\/\/franciscanos.org.br\/noticias\/#\/schema\/person\/b5c8cba458c330ccff548b056e95a5d4\",\"name\":\"moacir\",\"image\":{\"@type\":\"ImageObject\",\"inLanguage\":\"pt-BR\",\"@id\":\"https:\/\/franciscanos.org.br\/noticias\/#\/schema\/person\/image\/\",\"url\":\"https:\/\/secure.gravatar.com\/avatar\/d08aa2ce4c8dd416d4479aa8536fcf64?s=96&d=mm&r=g\",\"contentUrl\":\"https:\/\/secure.gravatar.com\/avatar\/d08aa2ce4c8dd416d4479aa8536fcf64?s=96&d=mm&r=g\",\"caption\":\"moacir\"},\"url\":\"https:\/\/franciscanos.org.br\/noticias\/author\/moacir\"}]}<\/script>\n<!-- \/ Yoast SEO plugin. -->","yoast_head_json":{"title":"Francisco na Audi\u00eancia Geral: o di\u00e1logo \u00e9 o oxig\u00eanio da paz - Not\u00edcias - Franciscanos","robots":{"index":"index","follow":"follow","max-snippet":"max-snippet:-1","max-image-preview":"max-image-preview:large","max-video-preview":"max-video-preview:-1"},"canonical":"https:\/\/franciscanos.org.br\/noticias\/francisco-na-audiencia-geral-o-dialogo-e-o-oxigenio-da-paz.html","og_locale":"pt_BR","og_type":"article","og_title":"Francisco na Audi\u00eancia Geral: o di\u00e1logo \u00e9 o oxig\u00eanio da paz - Not\u00edcias - Franciscanos","og_description":"Audi\u00eancia Geral","og_url":"https:\/\/franciscanos.org.br\/noticias\/francisco-na-audiencia-geral-o-dialogo-e-o-oxigenio-da-paz.html","og_site_name":"Not\u00edcias - Franciscanos","article_published_time":"2022-11-09T10:18:40+00:00","og_image":[{"width":1500,"height":844,"url":"https:\/\/franciscanos.org.br\/noticias\/wp-content\/uploads\/2022\/11\/audiencia_09.jpeg","type":"image\/jpeg"}],"author":"moacir","twitter_card":"summary_large_image","twitter_misc":{"Escrito por":"moacir","Est. tempo de leitura":"6 minutos"},"schema":{"@context":"https:\/\/schema.org","@graph":[{"@type":"WebSite","@id":"https:\/\/franciscanos.org.br\/noticias\/#website","url":"https:\/\/franciscanos.org.br\/noticias\/","name":"Not\u00edcias - Franciscanos","description":"Prov\u00edncia Franciscana da Imaculada Concei\u00e7\u00e3o do Brasil - Ordem dos Frades Menores - OFM","potentialAction":[{"@type":"SearchAction","target":{"@type":"EntryPoint","urlTemplate":"https:\/\/franciscanos.org.br\/noticias\/?s={search_term_string}"},"query-input":"required name=search_term_string"}],"inLanguage":"pt-BR"},{"@type":"ImageObject","inLanguage":"pt-BR","@id":"https:\/\/franciscanos.org.br\/noticias\/francisco-na-audiencia-geral-o-dialogo-e-o-oxigenio-da-paz.html#primaryimage","url":"https:\/\/franciscanos.org.br\/noticias\/wp-content\/uploads\/2022\/11\/audiencia_09.jpeg","contentUrl":"https:\/\/franciscanos.org.br\/noticias\/wp-content\/uploads\/2022\/11\/audiencia_09.jpeg","width":1500,"height":844},{"@type":"WebPage","@id":"https:\/\/franciscanos.org.br\/noticias\/francisco-na-audiencia-geral-o-dialogo-e-o-oxigenio-da-paz.html#webpage","url":"https:\/\/franciscanos.org.br\/noticias\/francisco-na-audiencia-geral-o-dialogo-e-o-oxigenio-da-paz.html","name":"Francisco na Audi\u00eancia Geral: o di\u00e1logo \u00e9 o oxig\u00eanio da paz - Not\u00edcias - Franciscanos","isPartOf":{"@id":"https:\/\/franciscanos.org.br\/noticias\/#website"},"primaryImageOfPage":{"@id":"https:\/\/franciscanos.org.br\/noticias\/francisco-na-audiencia-geral-o-dialogo-e-o-oxigenio-da-paz.html#primaryimage"},"datePublished":"2022-11-09T10:18:40+00:00","dateModified":"2022-11-09T10:18:40+00:00","author":{"@id":"https:\/\/franciscanos.org.br\/noticias\/#\/schema\/person\/b5c8cba458c330ccff548b056e95a5d4"},"breadcrumb":{"@id":"https:\/\/franciscanos.org.br\/noticias\/francisco-na-audiencia-geral-o-dialogo-e-o-oxigenio-da-paz.html#breadcrumb"},"inLanguage":"pt-BR","potentialAction":[{"@type":"ReadAction","target":["https:\/\/franciscanos.org.br\/noticias\/francisco-na-audiencia-geral-o-dialogo-e-o-oxigenio-da-paz.html"]}]},{"@type":"BreadcrumbList","@id":"https:\/\/franciscanos.org.br\/noticias\/francisco-na-audiencia-geral-o-dialogo-e-o-oxigenio-da-paz.html#breadcrumb","itemListElement":[{"@type":"ListItem","position":1,"name":"Home","item":"https:\/\/franciscanos.org.br\/noticias"},{"@type":"ListItem","position":2,"name":"Francisco na Audi\u00eancia Geral: o di\u00e1logo \u00e9 o oxig\u00eanio da paz"}]},{"@type":"Person","@id":"https:\/\/franciscanos.org.br\/noticias\/#\/schema\/person\/b5c8cba458c330ccff548b056e95a5d4","name":"moacir","image":{"@type":"ImageObject","inLanguage":"pt-BR","@id":"https:\/\/franciscanos.org.br\/noticias\/#\/schema\/person\/image\/","url":"https:\/\/secure.gravatar.com\/avatar\/d08aa2ce4c8dd416d4479aa8536fcf64?s=96&d=mm&r=g","contentUrl":"https:\/\/secure.gravatar.com\/avatar\/d08aa2ce4c8dd416d4479aa8536fcf64?s=96&d=mm&r=g","caption":"moacir"},"url":"https:\/\/franciscanos.org.br\/noticias\/author\/moacir"}]}},"_links":{"self":[{"href":"https:\/\/franciscanos.org.br\/noticias\/wp-json\/wp\/v2\/posts\/240800"}],"collection":[{"href":"https:\/\/franciscanos.org.br\/noticias\/wp-json\/wp\/v2\/posts"}],"about":[{"href":"https:\/\/franciscanos.org.br\/noticias\/wp-json\/wp\/v2\/types\/post"}],"author":[{"embeddable":true,"href":"https:\/\/franciscanos.org.br\/noticias\/wp-json\/wp\/v2\/users\/3"}],"replies":[{"embeddable":true,"href":"https:\/\/franciscanos.org.br\/noticias\/wp-json\/wp\/v2\/comments?post=240800"}],"version-history":[{"count":1,"href":"https:\/\/franciscanos.org.br\/noticias\/wp-json\/wp\/v2\/posts\/240800\/revisions"}],"predecessor-version":[{"id":240802,"href":"https:\/\/franciscanos.org.br\/noticias\/wp-json\/wp\/v2\/posts\/240800\/revisions\/240802"}],"wp:featuredmedia":[{"embeddable":true,"href":"https:\/\/franciscanos.org.br\/noticias\/wp-json\/wp\/v2\/media\/240801"}],"wp:attachment":[{"href":"https:\/\/franciscanos.org.br\/noticias\/wp-json\/wp\/v2\/media?parent=240800"}],"wp:term":[{"taxonomy":"category","embeddable":true,"href":"https:\/\/franciscanos.org.br\/noticias\/wp-json\/wp\/v2\/categories?post=240800"},{"taxonomy":"post_tag","embeddable":true,"href":"https:\/\/franciscanos.org.br\/noticias\/wp-json\/wp\/v2\/tags?post=240800"}],"curies":[{"name":"wp","href":"https:\/\/api.w.org\/{rel}","templated":true}]}}