{"id":240787,"date":"2022-11-07T11:37:47","date_gmt":"2022-11-07T14:37:47","guid":{"rendered":"https:\/\/franciscanos.org.br\/noticias\/?p=240787"},"modified":"2022-11-07T11:37:47","modified_gmt":"2022-11-07T14:37:47","slug":"quando-o-amor-se-faz-reconciliacao-e-tema-do-10o-retiro-universitario-da-usf","status":"publish","type":"post","link":"https:\/\/franciscanos.org.br\/noticias\/quando-o-amor-se-faz-reconciliacao-e-tema-do-10o-retiro-universitario-da-usf.html","title":{"rendered":"\u201cQuando o Amor se faz reconcilia\u00e7\u00e3o\u201d \u00e9 tema do 10\u00ba Retiro Universit\u00e1rio da USF"},"content":{"rendered":"<p><img loading=\"lazy\" class=\"alignnone size-full wp-image-240788\" src=\"https:\/\/franciscanos.org.br\/noticias\/wp-content\/uploads\/2022\/11\/retiro_03.jpg\" alt=\"\" width=\"1280\" height=\"720\" srcset=\"https:\/\/franciscanos.org.br\/noticias\/wp-content\/uploads\/2022\/11\/retiro_03.jpg 1280w, https:\/\/franciscanos.org.br\/noticias\/wp-content\/uploads\/2022\/11\/retiro_03-450x253.jpg 450w, https:\/\/franciscanos.org.br\/noticias\/wp-content\/uploads\/2022\/11\/retiro_03-1024x576.jpg 1024w, https:\/\/franciscanos.org.br\/noticias\/wp-content\/uploads\/2022\/11\/retiro_03-768x432.jpg 768w, https:\/\/franciscanos.org.br\/noticias\/wp-content\/uploads\/2022\/11\/retiro_03-150x84.jpg 150w\" sizes=\"(max-width: 1280px) 100vw, 1280px\" \/><\/p>\n<p>No s\u00e1bado, dia 5 de novembro, a Pastoral Universit\u00e1ria e o N\u00facleo de Extens\u00e3o organizaram o 10\u00ba Retiro Universit\u00e1rio que teve como tema \u201cQuando o Amor se faz reconcilia\u00e7\u00e3o\u201d, totalmente baseado na Par\u00e1bola do Filho Pr\u00f3digo (Lc 15, 11-32). Os Retiros da USF sempre s\u00e3o fundamentados em temas b\u00edblicos para que as abordagens n\u00e3o sejam apenas voltadas para os cat\u00f3licos, possam abranger os evang\u00e9licos e esp\u00edritas \u00a0que tamb\u00e9m participam deste momento. A dura\u00e7\u00e3o do Retiro \u00e9 de apenas um dia, das 08h \u00e0s 17h. Neste ano, mais uma vez, o Retiro foi no Espa\u00e7o da Moenda, em Itatiba.<\/p>\n<p>Oitenta pessoas, entre colaboradores, professores e alunos e alguns familiares estiveram presentes. \u00c0s 8h, todos foram recebidos com um caf\u00e9 da manh\u00e3 e, ap\u00f3s o caf\u00e9, cada um recebeu uma esp\u00e9cie de kit, uma pasta com subs\u00eddios para a reflex\u00e3o comum e individual. \u00c0s 8h45 teve a Ora\u00e7\u00e3o da Manh\u00e3, que aprofundou a import\u00e2ncia do Evangelho de Lucas,\u00a0 destacando o vers\u00edculo: \u201dO pai o avistou, e teve compaix\u00e3o. Saiu correndo, o abra\u00e7ou e o cobriu de beijos\u201d. Logo em seguida, todos sa\u00edram para 01h e meia de reflex\u00e3o individual, ora\u00e7\u00e3o e adora\u00e7\u00e3o. \u00c0s 11h, teve uma reflex\u00e3o de aprofundamento do tema e, \u00e0s 12h30, o almo\u00e7o. Ap\u00f3s o almo\u00e7o, a conviv\u00eancia dos participantes se estendeu at\u00e9 \u00e0s 14h30.<\/p>\n<p><img loading=\"lazy\" class=\"alignnone size-full wp-image-240789\" src=\"https:\/\/franciscanos.org.br\/noticias\/wp-content\/uploads\/2022\/11\/retiro_06.jpg\" alt=\"\" width=\"1280\" height=\"720\" srcset=\"https:\/\/franciscanos.org.br\/noticias\/wp-content\/uploads\/2022\/11\/retiro_06.jpg 1280w, https:\/\/franciscanos.org.br\/noticias\/wp-content\/uploads\/2022\/11\/retiro_06-450x253.jpg 450w, https:\/\/franciscanos.org.br\/noticias\/wp-content\/uploads\/2022\/11\/retiro_06-1024x576.jpg 1024w, https:\/\/franciscanos.org.br\/noticias\/wp-content\/uploads\/2022\/11\/retiro_06-768x432.jpg 768w, https:\/\/franciscanos.org.br\/noticias\/wp-content\/uploads\/2022\/11\/retiro_06-150x84.jpg 150w\" sizes=\"(max-width: 1280px) 100vw, 1280px\" \/><\/p>\n<p>\u00c0s 14h30, a Ora\u00e7\u00e3o da Tarde focou o tema da Miseric\u00f3rdia e o Exame de Consci\u00eancia. \u00c0s 15h30, o encerramento do Retiro com a Celebra\u00e7\u00e3o da Eucaristia. Ap\u00f3s um lanche que foi servido \u00e0s 16h40, \u00a0os participantes retornaram em \u00f4nibus, sprinter e carros da USF e condu\u00e7\u00f5es particulares. Todos aproveitaram bem o dia e havia muita serenidade e alegria.<\/p>\n<p><img loading=\"lazy\" class=\"alignnone size-full wp-image-240790\" src=\"https:\/\/franciscanos.org.br\/noticias\/wp-content\/uploads\/2022\/11\/retiro_04.jpg\" alt=\"\" width=\"1280\" height=\"720\" srcset=\"https:\/\/franciscanos.org.br\/noticias\/wp-content\/uploads\/2022\/11\/retiro_04.jpg 1280w, https:\/\/franciscanos.org.br\/noticias\/wp-content\/uploads\/2022\/11\/retiro_04-450x253.jpg 450w, https:\/\/franciscanos.org.br\/noticias\/wp-content\/uploads\/2022\/11\/retiro_04-1024x576.jpg 1024w, https:\/\/franciscanos.org.br\/noticias\/wp-content\/uploads\/2022\/11\/retiro_04-768x432.jpg 768w, https:\/\/franciscanos.org.br\/noticias\/wp-content\/uploads\/2022\/11\/retiro_04-150x84.jpg 150w\" sizes=\"(max-width: 1280px) 100vw, 1280px\" \/><\/p>\n<p>O tema escolhido foi em vista dos tempos que passamos de rupturas, \u00f3dio e intoler\u00e2ncia. Nesta Par\u00e1bola que conduziu o Retiro, em que lugar estamos? Como o filho mais novo, partimos e voltamos com uma bagagem de envolvimentos. Andamos por estradas, experi\u00eancias, estilos de vida, relacionamentos e escolhas bem ou mal feitas. E quando sentimos necessidade de voltar ao lugar seguro ficamos na expectativa do acolhimento. Como filho mais velho amamos a disciplina da perman\u00eancia e as tradi\u00e7\u00f5es e o estar em casa. Como o pai, vamos entender que tudo cabe num abra\u00e7o misericordioso e amoroso.<\/p>\n<p><img loading=\"lazy\" class=\"alignnone size-full wp-image-240791\" src=\"https:\/\/franciscanos.org.br\/noticias\/wp-content\/uploads\/2022\/11\/retiro_02.jpg\" alt=\"\" width=\"1101\" height=\"520\" srcset=\"https:\/\/franciscanos.org.br\/noticias\/wp-content\/uploads\/2022\/11\/retiro_02.jpg 1101w, https:\/\/franciscanos.org.br\/noticias\/wp-content\/uploads\/2022\/11\/retiro_02-450x213.jpg 450w, https:\/\/franciscanos.org.br\/noticias\/wp-content\/uploads\/2022\/11\/retiro_02-1024x484.jpg 1024w, https:\/\/franciscanos.org.br\/noticias\/wp-content\/uploads\/2022\/11\/retiro_02-768x363.jpg 768w, https:\/\/franciscanos.org.br\/noticias\/wp-content\/uploads\/2022\/11\/retiro_02-150x71.jpg 150w\" sizes=\"(max-width: 1101px) 100vw, 1101px\" \/><\/p>\n<hr \/>\n<p><em>\u00a0Pastoral Universit\u00e1ria da USF<\/em><\/p>\n","protected":false},"excerpt":{"rendered":"<p>Universidade S\u00e3o Francisco<\/p>\n","protected":false},"author":3,"featured_media":240788,"comment_status":"open","ping_status":"open","sticky":false,"template":"","format":"standard","meta":[],"categories":[1],"tags":[354],"acf":[],"yoast_head":"<!-- This site is optimized with the Yoast SEO plugin v19.2 - https:\/\/yoast.com\/wordpress\/plugins\/seo\/ -->\n<title>\u201cQuando o Amor se faz reconcilia\u00e7\u00e3o\u201d \u00e9 tema do 10\u00ba Retiro Universit\u00e1rio da USF - Not\u00edcias - Franciscanos<\/title>\n<meta name=\"robots\" content=\"index, follow, max-snippet:-1, max-image-preview:large, max-video-preview:-1\" \/>\n<link rel=\"canonical\" href=\"https:\/\/franciscanos.org.br\/noticias\/quando-o-amor-se-faz-reconciliacao-e-tema-do-10o-retiro-universitario-da-usf.html\" \/>\n<meta property=\"og:locale\" content=\"pt_BR\" \/>\n<meta property=\"og:type\" content=\"article\" \/>\n<meta property=\"og:title\" content=\"\u201cQuando o Amor se faz reconcilia\u00e7\u00e3o\u201d \u00e9 tema do 10\u00ba Retiro Universit\u00e1rio da USF - Not\u00edcias - Franciscanos\" \/>\n<meta property=\"og:description\" content=\"Universidade S\u00e3o Francisco\" \/>\n<meta property=\"og:url\" content=\"https:\/\/franciscanos.org.br\/noticias\/quando-o-amor-se-faz-reconciliacao-e-tema-do-10o-retiro-universitario-da-usf.html\" \/>\n<meta property=\"og:site_name\" content=\"Not\u00edcias - Franciscanos\" \/>\n<meta property=\"article:published_time\" content=\"2022-11-07T14:37:47+00:00\" \/>\n<meta property=\"og:image\" content=\"https:\/\/franciscanos.org.br\/noticias\/wp-content\/uploads\/2022\/11\/retiro_03.jpg\" \/>\n\t<meta property=\"og:image:width\" content=\"1280\" \/>\n\t<meta property=\"og:image:height\" content=\"720\" \/>\n\t<meta property=\"og:image:type\" content=\"image\/jpeg\" \/>\n<meta name=\"author\" content=\"moacir\" \/>\n<meta name=\"twitter:card\" content=\"summary_large_image\" \/>\n<meta name=\"twitter:label1\" content=\"Escrito por\" \/>\n\t<meta name=\"twitter:data1\" content=\"moacir\" \/>\n\t<meta name=\"twitter:label2\" content=\"Est. tempo de leitura\" \/>\n\t<meta name=\"twitter:data2\" content=\"2 minutos\" \/>\n<script type=\"application\/ld+json\" class=\"yoast-schema-graph\">{\"@context\":\"https:\/\/schema.org\",\"@graph\":[{\"@type\":\"WebSite\",\"@id\":\"https:\/\/franciscanos.org.br\/noticias\/#website\",\"url\":\"https:\/\/franciscanos.org.br\/noticias\/\",\"name\":\"Not\u00edcias - Franciscanos\",\"description\":\"Prov\u00edncia Franciscana da Imaculada Concei\u00e7\u00e3o do Brasil - Ordem dos Frades Menores - OFM\",\"potentialAction\":[{\"@type\":\"SearchAction\",\"target\":{\"@type\":\"EntryPoint\",\"urlTemplate\":\"https:\/\/franciscanos.org.br\/noticias\/?s={search_term_string}\"},\"query-input\":\"required name=search_term_string\"}],\"inLanguage\":\"pt-BR\"},{\"@type\":\"ImageObject\",\"inLanguage\":\"pt-BR\",\"@id\":\"https:\/\/franciscanos.org.br\/noticias\/quando-o-amor-se-faz-reconciliacao-e-tema-do-10o-retiro-universitario-da-usf.html#primaryimage\",\"url\":\"https:\/\/franciscanos.org.br\/noticias\/wp-content\/uploads\/2022\/11\/retiro_03.jpg\",\"contentUrl\":\"https:\/\/franciscanos.org.br\/noticias\/wp-content\/uploads\/2022\/11\/retiro_03.jpg\",\"width\":1280,\"height\":720},{\"@type\":\"WebPage\",\"@id\":\"https:\/\/franciscanos.org.br\/noticias\/quando-o-amor-se-faz-reconciliacao-e-tema-do-10o-retiro-universitario-da-usf.html#webpage\",\"url\":\"https:\/\/franciscanos.org.br\/noticias\/quando-o-amor-se-faz-reconciliacao-e-tema-do-10o-retiro-universitario-da-usf.html\",\"name\":\"\u201cQuando o Amor se faz reconcilia\u00e7\u00e3o\u201d \u00e9 tema do 10\u00ba Retiro Universit\u00e1rio da USF - Not\u00edcias - Franciscanos\",\"isPartOf\":{\"@id\":\"https:\/\/franciscanos.org.br\/noticias\/#website\"},\"primaryImageOfPage\":{\"@id\":\"https:\/\/franciscanos.org.br\/noticias\/quando-o-amor-se-faz-reconciliacao-e-tema-do-10o-retiro-universitario-da-usf.html#primaryimage\"},\"datePublished\":\"2022-11-07T14:37:47+00:00\",\"dateModified\":\"2022-11-07T14:37:47+00:00\",\"author\":{\"@id\":\"https:\/\/franciscanos.org.br\/noticias\/#\/schema\/person\/b5c8cba458c330ccff548b056e95a5d4\"},\"breadcrumb\":{\"@id\":\"https:\/\/franciscanos.org.br\/noticias\/quando-o-amor-se-faz-reconciliacao-e-tema-do-10o-retiro-universitario-da-usf.html#breadcrumb\"},\"inLanguage\":\"pt-BR\",\"potentialAction\":[{\"@type\":\"ReadAction\",\"target\":[\"https:\/\/franciscanos.org.br\/noticias\/quando-o-amor-se-faz-reconciliacao-e-tema-do-10o-retiro-universitario-da-usf.html\"]}]},{\"@type\":\"BreadcrumbList\",\"@id\":\"https:\/\/franciscanos.org.br\/noticias\/quando-o-amor-se-faz-reconciliacao-e-tema-do-10o-retiro-universitario-da-usf.html#breadcrumb\",\"itemListElement\":[{\"@type\":\"ListItem\",\"position\":1,\"name\":\"Home\",\"item\":\"https:\/\/franciscanos.org.br\/noticias\"},{\"@type\":\"ListItem\",\"position\":2,\"name\":\"\u201cQuando o Amor se faz reconcilia\u00e7\u00e3o\u201d \u00e9 tema do 10\u00ba Retiro Universit\u00e1rio da USF\"}]},{\"@type\":\"Person\",\"@id\":\"https:\/\/franciscanos.org.br\/noticias\/#\/schema\/person\/b5c8cba458c330ccff548b056e95a5d4\",\"name\":\"moacir\",\"image\":{\"@type\":\"ImageObject\",\"inLanguage\":\"pt-BR\",\"@id\":\"https:\/\/franciscanos.org.br\/noticias\/#\/schema\/person\/image\/\",\"url\":\"https:\/\/secure.gravatar.com\/avatar\/d08aa2ce4c8dd416d4479aa8536fcf64?s=96&d=mm&r=g\",\"contentUrl\":\"https:\/\/secure.gravatar.com\/avatar\/d08aa2ce4c8dd416d4479aa8536fcf64?s=96&d=mm&r=g\",\"caption\":\"moacir\"},\"url\":\"https:\/\/franciscanos.org.br\/noticias\/author\/moacir\"}]}<\/script>\n<!-- \/ Yoast SEO plugin. -->","yoast_head_json":{"title":"\u201cQuando o Amor se faz reconcilia\u00e7\u00e3o\u201d \u00e9 tema do 10\u00ba Retiro Universit\u00e1rio da USF - Not\u00edcias - Franciscanos","robots":{"index":"index","follow":"follow","max-snippet":"max-snippet:-1","max-image-preview":"max-image-preview:large","max-video-preview":"max-video-preview:-1"},"canonical":"https:\/\/franciscanos.org.br\/noticias\/quando-o-amor-se-faz-reconciliacao-e-tema-do-10o-retiro-universitario-da-usf.html","og_locale":"pt_BR","og_type":"article","og_title":"\u201cQuando o Amor se faz reconcilia\u00e7\u00e3o\u201d \u00e9 tema do 10\u00ba Retiro Universit\u00e1rio da USF - Not\u00edcias - Franciscanos","og_description":"Universidade S\u00e3o Francisco","og_url":"https:\/\/franciscanos.org.br\/noticias\/quando-o-amor-se-faz-reconciliacao-e-tema-do-10o-retiro-universitario-da-usf.html","og_site_name":"Not\u00edcias - Franciscanos","article_published_time":"2022-11-07T14:37:47+00:00","og_image":[{"width":1280,"height":720,"url":"https:\/\/franciscanos.org.br\/noticias\/wp-content\/uploads\/2022\/11\/retiro_03.jpg","type":"image\/jpeg"}],"author":"moacir","twitter_card":"summary_large_image","twitter_misc":{"Escrito por":"moacir","Est. tempo de leitura":"2 minutos"},"schema":{"@context":"https:\/\/schema.org","@graph":[{"@type":"WebSite","@id":"https:\/\/franciscanos.org.br\/noticias\/#website","url":"https:\/\/franciscanos.org.br\/noticias\/","name":"Not\u00edcias - Franciscanos","description":"Prov\u00edncia Franciscana da Imaculada Concei\u00e7\u00e3o do Brasil - Ordem dos Frades Menores - OFM","potentialAction":[{"@type":"SearchAction","target":{"@type":"EntryPoint","urlTemplate":"https:\/\/franciscanos.org.br\/noticias\/?s={search_term_string}"},"query-input":"required name=search_term_string"}],"inLanguage":"pt-BR"},{"@type":"ImageObject","inLanguage":"pt-BR","@id":"https:\/\/franciscanos.org.br\/noticias\/quando-o-amor-se-faz-reconciliacao-e-tema-do-10o-retiro-universitario-da-usf.html#primaryimage","url":"https:\/\/franciscanos.org.br\/noticias\/wp-content\/uploads\/2022\/11\/retiro_03.jpg","contentUrl":"https:\/\/franciscanos.org.br\/noticias\/wp-content\/uploads\/2022\/11\/retiro_03.jpg","width":1280,"height":720},{"@type":"WebPage","@id":"https:\/\/franciscanos.org.br\/noticias\/quando-o-amor-se-faz-reconciliacao-e-tema-do-10o-retiro-universitario-da-usf.html#webpage","url":"https:\/\/franciscanos.org.br\/noticias\/quando-o-amor-se-faz-reconciliacao-e-tema-do-10o-retiro-universitario-da-usf.html","name":"\u201cQuando o Amor se faz reconcilia\u00e7\u00e3o\u201d \u00e9 tema do 10\u00ba Retiro Universit\u00e1rio da USF - Not\u00edcias - Franciscanos","isPartOf":{"@id":"https:\/\/franciscanos.org.br\/noticias\/#website"},"primaryImageOfPage":{"@id":"https:\/\/franciscanos.org.br\/noticias\/quando-o-amor-se-faz-reconciliacao-e-tema-do-10o-retiro-universitario-da-usf.html#primaryimage"},"datePublished":"2022-11-07T14:37:47+00:00","dateModified":"2022-11-07T14:37:47+00:00","author":{"@id":"https:\/\/franciscanos.org.br\/noticias\/#\/schema\/person\/b5c8cba458c330ccff548b056e95a5d4"},"breadcrumb":{"@id":"https:\/\/franciscanos.org.br\/noticias\/quando-o-amor-se-faz-reconciliacao-e-tema-do-10o-retiro-universitario-da-usf.html#breadcrumb"},"inLanguage":"pt-BR","potentialAction":[{"@type":"ReadAction","target":["https:\/\/franciscanos.org.br\/noticias\/quando-o-amor-se-faz-reconciliacao-e-tema-do-10o-retiro-universitario-da-usf.html"]}]},{"@type":"BreadcrumbList","@id":"https:\/\/franciscanos.org.br\/noticias\/quando-o-amor-se-faz-reconciliacao-e-tema-do-10o-retiro-universitario-da-usf.html#breadcrumb","itemListElement":[{"@type":"ListItem","position":1,"name":"Home","item":"https:\/\/franciscanos.org.br\/noticias"},{"@type":"ListItem","position":2,"name":"\u201cQuando o Amor se faz reconcilia\u00e7\u00e3o\u201d \u00e9 tema do 10\u00ba Retiro Universit\u00e1rio da USF"}]},{"@type":"Person","@id":"https:\/\/franciscanos.org.br\/noticias\/#\/schema\/person\/b5c8cba458c330ccff548b056e95a5d4","name":"moacir","image":{"@type":"ImageObject","inLanguage":"pt-BR","@id":"https:\/\/franciscanos.org.br\/noticias\/#\/schema\/person\/image\/","url":"https:\/\/secure.gravatar.com\/avatar\/d08aa2ce4c8dd416d4479aa8536fcf64?s=96&d=mm&r=g","contentUrl":"https:\/\/secure.gravatar.com\/avatar\/d08aa2ce4c8dd416d4479aa8536fcf64?s=96&d=mm&r=g","caption":"moacir"},"url":"https:\/\/franciscanos.org.br\/noticias\/author\/moacir"}]}},"_links":{"self":[{"href":"https:\/\/franciscanos.org.br\/noticias\/wp-json\/wp\/v2\/posts\/240787"}],"collection":[{"href":"https:\/\/franciscanos.org.br\/noticias\/wp-json\/wp\/v2\/posts"}],"about":[{"href":"https:\/\/franciscanos.org.br\/noticias\/wp-json\/wp\/v2\/types\/post"}],"author":[{"embeddable":true,"href":"https:\/\/franciscanos.org.br\/noticias\/wp-json\/wp\/v2\/users\/3"}],"replies":[{"embeddable":true,"href":"https:\/\/franciscanos.org.br\/noticias\/wp-json\/wp\/v2\/comments?post=240787"}],"version-history":[{"count":1,"href":"https:\/\/franciscanos.org.br\/noticias\/wp-json\/wp\/v2\/posts\/240787\/revisions"}],"predecessor-version":[{"id":240792,"href":"https:\/\/franciscanos.org.br\/noticias\/wp-json\/wp\/v2\/posts\/240787\/revisions\/240792"}],"wp:featuredmedia":[{"embeddable":true,"href":"https:\/\/franciscanos.org.br\/noticias\/wp-json\/wp\/v2\/media\/240788"}],"wp:attachment":[{"href":"https:\/\/franciscanos.org.br\/noticias\/wp-json\/wp\/v2\/media?parent=240787"}],"wp:term":[{"taxonomy":"category","embeddable":true,"href":"https:\/\/franciscanos.org.br\/noticias\/wp-json\/wp\/v2\/categories?post=240787"},{"taxonomy":"post_tag","embeddable":true,"href":"https:\/\/franciscanos.org.br\/noticias\/wp-json\/wp\/v2\/tags?post=240787"}],"curies":[{"name":"wp","href":"https:\/\/api.w.org\/{rel}","templated":true}]}}