{"id":240774,"date":"2022-11-06T07:59:18","date_gmt":"2022-11-06T10:59:18","guid":{"rendered":"https:\/\/franciscanos.org.br\/noticias\/?p=240774"},"modified":"2022-11-06T08:04:41","modified_gmt":"2022-11-06T11:04:41","slug":"papa-aos-jovens-do-bahrein-semeiem-a-fraternidade-e-recolherao-futuro","status":"publish","type":"post","link":"https:\/\/franciscanos.org.br\/noticias\/papa-aos-jovens-do-bahrein-semeiem-a-fraternidade-e-recolherao-futuro.html","title":{"rendered":"Papa aos jovens do Bahrein: semeiem a fraternidade e recolher\u00e3o futuro"},"content":{"rendered":"<div id=\"attachment_240775\" style=\"width: 1010px\" class=\"wp-caption alignnone\"><img aria-describedby=\"caption-attachment-240775\" loading=\"lazy\" class=\"wp-image-240775 size-full\" src=\"https:\/\/franciscanos.org.br\/noticias\/wp-content\/uploads\/2022\/11\/bahrein_06.jpeg\" alt=\"\" width=\"1000\" height=\"563\" srcset=\"https:\/\/franciscanos.org.br\/noticias\/wp-content\/uploads\/2022\/11\/bahrein_06.jpeg 1000w, https:\/\/franciscanos.org.br\/noticias\/wp-content\/uploads\/2022\/11\/bahrein_06-450x253.jpeg 450w, https:\/\/franciscanos.org.br\/noticias\/wp-content\/uploads\/2022\/11\/bahrein_06-768x432.jpeg 768w, https:\/\/franciscanos.org.br\/noticias\/wp-content\/uploads\/2022\/11\/bahrein_06-150x84.jpeg 150w\" sizes=\"(max-width: 1000px) 100vw, 1000px\" \/><p id=\"caption-attachment-240775\" class=\"wp-caption-text\"><em> \u00a0 \u00a0Imagem: Vatican Media<\/em><\/p><\/div>\n<p>Na tarde deste s\u00e1bado (05\/11), o Papa Francisco visitou a Escola do Sagrado Cora\u00e7\u00e3o na cidade de Awali para um encontro com cerca de 800 jovens. No seu discurso Francisco disse que estava contente por ter visto o Reino do Bahrein, como um pa\u00eds de encontro e di\u00e1logo entre diferentes culturas e credos\u201d. Em seguida dirigindo-se aos jovens presentes disse: \u201cE agora tendo-vos diante dos olhos \u2013 v\u00f3s, que n\u00e3o sois da mesma religi\u00e3o e n\u00e3o tendes medo de estar juntos \u2013, penso que uma tal conviv\u00eancia das diferen\u00e7as n\u00e3o seria poss\u00edvel sem v\u00f3s; nem teria futuro!\u201d. Ainda elogiando os jovens disse: \u201cComo se f\u00f4sseis inquietos viajantes abertos ao in\u00e9dito, v\u00f3s, jovens, n\u00e3o temeis confrontar-vos, dialogar, \u2018fazer barulho\u2019 e misturar-vos com os outros, tornando-vos a base duma sociedade amiga e solid\u00e1ria\u201d<\/p>\n<p>&#8220;Isto \u00e9 fundamental nos contextos complexos e plurais em que vivemos: derrubar determinadas barreiras a fim de se inaugurar um mundo que seja mais \u00e0 medida do homem, mais fraterno, ainda que isso signifique enfrentar numerosos desafios\u201d. A partir dos testemunhos dos jovens que ocorreram antes de seu discurso Francisco disse que faria tr\u00eas convites: \u201cn\u00e3o tanto para vos ensinar, mas sobretudo para vos encorajar\u201d.<\/p>\n<p><strong>Tr\u00eas convites \u2013 a cultura do cuidado<\/strong><br \/>\nO primeiro convite que o Papa fez aos jovens foi o de abra\u00e7ar a cultura do cuidado. \u201cCuidar\u201d, disse, \u201csignifica desenvolver uma atitude interior de empatia, um olhar atento que nos leva para fora de n\u00f3s mesmos, uma presen\u00e7a gentil que vence a indiferen\u00e7a e nos impele a interessar-nos pelos outros\u201d.<\/p>\n<p>\u201cEste \u00e9 o ponto de virada, o in\u00edcio da novidade, o ant\u00eddoto contra um mundo fechado que, impregnado de individualismo, devora os seus filhos; contra um mundo enclausurado pela tristeza, que gera indiferen\u00e7a e solid\u00e3o\u201d.<\/p>\n<p>Disse ainda que como crist\u00e3o, \u201cpenso em Jesus e vejo que a sua a\u00e7\u00e3o sempre esteve animada pelo cuidado. Cuidou as rela\u00e7\u00f5es com quantos encontrava nas casas, nas cidades e pelo caminho: fixou as pessoas nos olhos, prestou aten\u00e7\u00e3o aos seus pedidos de ajuda, aproximou-se e tocou com a m\u00e3o as suas feridas\u201d. Reiterando mais uma vez a todos: \u201cAmigos, como \u00e9 bom tornar-se cultores do cuidado, artistas das rela\u00e7\u00f5es!\u201d. Advertindo que isso, como tudo na vida, \u201crequer um treino constante&#8221;. &#8220;Ent\u00e3o&#8221;, continuou, &#8220;n\u00e3o vos esque\u00e7ais de cuidar primariamente de v\u00f3s mesmos: n\u00e3o tanto do exterior, como sobretudo do interior, da vossa parte mais escondida e preciosa. Qual \u00e9?&#8221; perguntou: \u201cA vossa alma, o vosso cora\u00e7\u00e3o! Tentai escut\u00e1-lo em sil\u00eancio, criar espa\u00e7os para estar em contacto com a vossa interioridade, para sentir o dom que sois, para acolher a vossa exist\u00eancia e n\u00e3o a deixar fugir de m\u00e3o\u201d<\/p>\n<p>Ponderando em seguida para que n\u00e3o se tornem \u201cturistas da vida\u201d o Papa aconselha: \u201cFalai com Deus. Falai-Lhe de v\u00f3s mesmos e tamb\u00e9m daqueles que encontrais diariamente e que Ele vos d\u00e1 como companheiros de viagem\u201d. \u201cAmigos, por favor, nunca vos esque\u00e7ais duma coisa: sois todos \u2013 sem exce\u00e7\u00e3o \u2013 um tesouro, um tesouro \u00fanico e precioso. Por isso, n\u00e3o mantenhais a vida num cofre, pensando que \u00e9 melhor poupar-se e que o momento de a gastar ainda n\u00e3o chegou!\u201d. \u201cMuitos de v\u00f3s est\u00e3o aqui de passagem, por motivos de trabalho e, frequentemente, por um prazo limitado. Mas, se vivermos com a mentalidade do turista, n\u00e3o agarramos o momento presente e corremos o risco de deixar de lado partes inteiras de vida\u201d.<\/p>\n<p>\u201cComo \u00e9 bom deixar um bom rasto no caminho, cuidando da comunidade, dos companheiros de escola, dos colegas de trabalho, da cria\u00e7\u00e3o&#8230;\u201d<\/p>\n<p><strong>Semente da fraternidade<\/strong><br \/>\nFrancisco continuou suas palavras afirmando que se abra\u00e7armos a cultura do cuidado contribu\u00edmos para fazer crescer a semente da fraternidade. E aqui est\u00e1 o segundo convite que vos quero dirigir: semear fraternidade.<\/p>\n<p>\u201cSede campe\u00f5es de fraternidade. Este \u00e9 o desafio de hoje para vencer amanh\u00e3, o desafio das nossas sociedades cada vez mais globalizadas e multiculturais\u201d.<\/p>\n<p>Depois de advertir que se n\u00e3o trabalha com o cora\u00e7\u00e3o, pode-se ampliar \u201cas dist\u00e2ncias em rela\u00e7\u00e3o aos outros e, assim, as diferen\u00e7as \u00e9tnicas, culturais, religiosas e outras tornam-se problemas e temores que isolam, em vez de ser oportunidades para crescer juntos. E, quando se mostram mais fortes do que a fraternidade que nos une, corre-se o risco do conflito\u201d. &#8220;A v\u00f3s, jovens, que sois mais diretos e mais capazes de gerar contactos e amizades, superando os preconceitos e as barreiras ideol\u00f3gicas, quero dizer: sede semeadores de fraternidade e recolhereis futuro, porque o mundo s\u00f3 ter\u00e1 futuro na fraternidade! \u00c9 um convite que encontro no cora\u00e7\u00e3o da minha f\u00e9&#8221;.<\/p>\n<p><strong>Desafio de fazer op\u00f5es na vida<\/strong><br \/>\nAo fazer o terceiro convite, relacionado com o desafio de fazer op\u00e7\u00f5es na vida, Francisco disse: \u201cComo bem sabeis pela experi\u00eancia de cada dia, n\u00e3o existe uma vida sem desafios a enfrentar. E perante um desafio, como numa encruzilhada, sempre \u00e9 preciso escolher, entrar no jogo, arriscar, decidir. Mas isto requer uma boa estrat\u00e9gia: n\u00e3o se pode improvisar, vivendo s\u00f3 por instinto ou circunscrito a cada instante!\u201d. E como fazer? \u201cTrata-se de crescer na arte de se orientar nas escolhas, de tomar as justas dire\u00e7\u00f5es\u201d, acrescentou. Concluindo este ponto disse: \u201cO meu conselho \u00e9 este: avan\u00e7ar sem medo, e nunca sozinhos! Deus n\u00e3o vos deixa sozinhos, mas, para vos dar uma m\u00e3o, espera que Lha pe\u00e7ais. Acompanha-nos e guia-nos, n\u00e3o com prod\u00edgios e milagres, mas falando delicadamente atrav\u00e9s dos nossos pensamentos e sentimentos\u201d<\/p>\n<p>Mas para que isso aconte\u00e7a \u201c\u00e9 preciso aprender a distinguir a Sua voz. Como? Atrav\u00e9s da ora\u00e7\u00e3o silenciosa, do di\u00e1logo \u00edntimo com Ele, guardando no cora\u00e7\u00e3o aquilo que nos faz bem e d\u00e1 paz. Por fim o Papa concluiu seu encontro com os jovens afirmando: \u201cAmigos, esta aventura das op\u00e7\u00f5es, n\u00e3o a devemos realizar sozinhos. Por isso deixai que vos diga uma \u00faltima coisa: procurai sempre \u2013 antes das sugest\u00f5es da Internet \u2013 bons conselheiros na vida, pessoas s\u00e1bias e fi\u00e1veis que vos possam orientar, ajudar. Penso nos pais e professores, mas tamb\u00e9m nos idosos, nos av\u00f3s e num bom acompanhante espiritual. Cada um de n\u00f3s precisa de ser acompanhado no caminho da vida!\u201d.<\/p>\n<p>E exortando: \u201cQueridos jovens, precisamos de v\u00f3s, da vossa criatividade, dos vossos sonhos e da vossa coragem, da vossa simpatia e dos vossos sorrisos, da vossa alegria contagiante e tamb\u00e9m daquele m\u00ednimo de turbul\u00eancia que sabeis trazer a cada situa\u00e7\u00e3o e que ajuda a sair do torpor de h\u00e1bitos e esquemas repetitivos em que \u00e0s vezes encaixilhamos a vida. Como Papa, quero dizer-vos: a Igreja est\u00e1 convosco e tem tanta necessidade de v\u00f3s, de cada um de v\u00f3s, para rejuvenescer, explorar novas sendas, experimentar novas linguagens, tornar-se mais jubilosa e hospitaleira.<\/p>\n<h2><strong>ENCONTRO COM BISPOS E RELIGIOSOS<\/strong><\/h2>\n<p>No seu \u00faltimo dia de viagem, (06\/11) o Papa Francisco iniciou a sua jornada com um encontro com os bispos, sacerdotes, consagrados, seminaristas e agentes pastorais na igreja do Sagrado Cora\u00e7\u00e3o em Manama, a capital do Bahrein. O Papa iniciou o encontro manifestando sua satisfa\u00e7\u00e3o por se encontrar \u201cnesta comunidade crist\u00e3 que manifesta claramente o seu rosto \u2018cat\u00f3lico\u2019, isto \u00e9, universal: uma Igreja habitada por pessoas provenientes de muitas partes do mundo, que se re\u00fanem para confessar a \u00fanica f\u00e9 em Cristo\u201d. E continuou afirmando que \u201c\u00e9 bom pertencer a uma Igreja formada por hist\u00f3rias e rostos diferentes, que encontram harmonia no \u00fanico rosto de Jesus. E tal variedade \u2013 vi-o nos \u00faltimos dias \u2013 \u00e9 o espelho deste pa\u00eds, das pessoas que o povoam mas tamb\u00e9m da paisagem que o carateriza e que, embora dominada pelo deserto, goza duma rica e variegada presen\u00e7a de plantas e seres vivos\u201d.<\/p>\n<h3><b>\u00c1gua viva<\/b><\/h3>\n<p>Ao falar sobre as Leituras disse que as palavras de Jesus, falam da \u00e1gua viva que jorra de Cristo e dos crentes (cf. Jo 7, 37-39). Francisco disse que isso o fez lembrar desta terra, o Bahrein. \u201c\u00c9 verdade\u201d, disse, \u201cque h\u00e1 muito deserto, mas existem tamb\u00e9m fontes de \u00e1gua doce que correm silenciosamente no subsolo, irrigando-o. \u00c9 uma boa imagem do que v\u00f3s sois e sobretudo daquilo que a f\u00e9 realiza na vida: \u00e0 superf\u00edcie emerge a nossa humanidade, ressequida por tantas fragilidades, medos, desafios\u201d que deve enfrentar, males pessoais e sociais de v\u00e1rio g\u00eanero; \u201cmas no mais fundo da alma\u201d, afirmou, \u201cno \u00edntimo do cora\u00e7\u00e3o, corre calma e silenciosa a \u00e1gua doce do Esp\u00edrito, que irriga os nossos desertos, restitui vigor ao que corre o risco de secar, lava aquilo que nos embrutece, sacia a nossa sede de felicidade. E n\u00e3o cessa de renovar a vida\u201d.<\/p>\n<div>\n<div class=\"article__embed article__embed--border embed_style\">\n<blockquote><p>\u201c\u00c9 desta \u00e1gua viva que fala Jesus; esta \u00e9 a fonte de vida nova que Ele nos promete: o dom do Esp\u00edrito Santo, a presen\u00e7a terna, amorosa e regeneradora de Deus em n\u00f3s\u201d<\/p><\/blockquote>\n<\/div>\n<\/div>\n<p>E disse a todos para recordarem sempre que \u201ca Igreja nasce do lado aberto de Cristo, de um banho de regenera\u00e7\u00e3o no Esp\u00edrito Santo. N\u00e3o somos crist\u00e3os por m\u00e9rito nosso ou apenas porque aderimos a um credo, mas porque, no Batismo, nos foi dada a \u00e1gua viva do Esp\u00edrito, que nos torna filhos amados de Deus e irm\u00e3os uns dos outros, fazendo-nos novas criaturas\u201d.\u00a0Em seguida Francisco disse que iria se deter brevemente sobre tr\u00eas grandes dons que o Esp\u00edrito Santo nos entrega, pedindo para os acolhermos e vivermos: a\u00a0<i>alegria<\/i>, a\u00a0<i>unidade<\/i>, a\u00a0<i>profecia<\/i>.<\/p>\n<div>\n<div class=\"article__embed article__embed--unwrap article__embed--photo\">\n<div class=\"photo_embed--Title\"><b>Esp\u00edrito Santo fonte de alegria<\/b><\/div>\n<\/div>\n<\/div>\n<p>\u201cAntes de mais nada\u201d, disse, \u201co Esp\u00edrito \u00e9\u00a0<i>fonte de alegria<\/i>. A \u00e1gua doce que o Senhor quer fazer correr nos desertos da nossa humanidade, feita de terra e fragilidade, \u00e9 a certeza de nunca estarmos sozinhos no caminho da vida\u201d. Completando que \u201ca alegria do Esp\u00edrito n\u00e3o \u00e9 um estado ocasional nem uma emo\u00e7\u00e3o do momento; e muito menos aquela esp\u00e9cie de \u2018alegria consumista e individualista t\u00e3o presente nalgumas experi\u00eancias culturais de hoje\u2019\u201d. Pelo contr\u00e1rio, disse, \u201c\u00e9 a alegria que nasce da rela\u00e7\u00e3o com Deus, de saber que, mesmo nas dificuldades e noites obscuras que por vezes atravessamos, n\u00e3o estamos sozinhos, perdidos ou derrotados, porque Ele est\u00e1 conosco. E, com Ele, podemos enfrentar e superar tudo, at\u00e9 os abismos do sofrimento e da morte&#8221;.<\/p>\n<div>\n<div class=\"article__embed article__embed--border embed_style\">\n<blockquote><p>\u201cA v\u00f3s, que descobristes esta alegria e a viveis em comunidade, gostaria de dizer: conservai-a; mais ainda, multiplicai-a\u201d<\/p><\/blockquote>\n<\/div>\n<\/div>\n<p>Concluindo este ponto acrescentou ainda que \u201c\u00e9 importante fazer circular a alegria do Evangelho n\u00e3o s\u00f3 na Liturgia, em particular na celebra\u00e7\u00e3o da Missa, fonte e \u00e1pice da vida crist\u00e3, mas tamb\u00e9m numa a\u00e7\u00e3o pastoral vivaz, especialmente a favor dos jovens, das fam\u00edlias e das voca\u00e7\u00f5es para a vida sacerdotal e religiosa. A alegria crist\u00e3 n\u00e3o a podemos guardar para n\u00f3s mesmos e, quando a colocamos em circula\u00e7\u00e3o, multiplica-se&#8221;, animou o Papa.<\/p>\n<h3><b>Esp\u00edrito Santo fonte de unidade<\/b><\/h3>\n<p>Ao falar sobre o segundo dom que o Esp\u00edrito Santo nos entrega, que \u00e9 a\u00a0<i>fonte de unidade<\/i>, o Papa disse que \u201ctodos aqueles que O acolhem, recebem o amor do Pai e tornam-se seus filhos. \u201cO seu fogo\u201d, explicou, \u201cqueima os desejos mundanos e incendeia a nossa vida com aquele amor acolhedor e compassivo com que Jesus nos ama, para podermos, por nossa vez, amar-nos assim entre n\u00f3s&#8221;.<\/p>\n<div>\n<div class=\"article__embed article__embed--border embed_style\">\n<blockquote><p>\u201cPor isso, quando o Esp\u00edrito do Ressuscitado desce sobre os disc\u00edpulos, torna-se fonte de unidade e fraternidade contra todo o ego\u00edsmo\u201d<\/p><\/blockquote>\n<\/div>\n<\/div>\n<p>Aprofundando este tema Francisco acrescentou ainda que assim, o Esp\u00edrito Santo molda a Igreja desde as suas origens. \u201cA partir de Pentecostes, as diferentes proveni\u00eancias, sensibilidades e perspetivas s\u00e3o harmonizadas na comunh\u00e3o, forjadas numa unidade que n\u00e3o \u00e9 uniformidade. Se recebemos o Esp\u00edrito, a nossa voca\u00e7\u00e3o eclesial \u00e9, antes de mais nada, a de guardar a unidade e promover o todo\u201d. Recordando o testemunho de um jovem que disse ter ficado fascinado pela Igreja Cat\u00f3lica por causa da \u2018a devo\u00e7\u00e3o comum de todos os fi\u00e9is\u2019, independentemente da cor da pele, da proveni\u00eancia geogr\u00e1fica, da l\u00edngua, o Papa destacou que \u201cesta \u00e9 a for\u00e7a da comunidade crist\u00e3, o primeiro testemunho que podemos dar ao mundo\u201d.<\/p>\n<div>\n<div class=\"article__embed article__embed--border embed_style\">\n<blockquote><p>\u201cProcuremos ser guardi\u00f5es e construtores de unidade! Para ser cred\u00edveis no di\u00e1logo com os outros, vivamos a fraternidade e a comunh\u00e3o entre n\u00f3s\u201d<\/p><\/blockquote>\n<\/div>\n<\/div>\n<p>Dirigindo ainda aos presentes disse: \u201cSei que j\u00e1 dais um bom exemplo neste caminho, mas a fraternidade e a comunh\u00e3o s\u00e3o dons que n\u00e3o nos devemos cansar de pedir ao Esp\u00edrito, para repelir as tenta\u00e7\u00f5es do inimigo que n\u00e3o cessa de semear ciz\u00e2nia\u201d.<\/p>\n<div>\n<div class=\"article__embed article__embed--unwrap article__embed--photo\">\n<div class=\"photo_embed--Title\"><b>Esp\u00edrito fonte de profecia<\/b><\/div>\n<\/div>\n<\/div>\n<p>Por fim o Papa falou sobre o Esp\u00edrito como\u00a0<i>fonte de profecia<\/i>. \u201cComo sabemos, a hist\u00f3ria da salva\u00e7\u00e3o est\u00e1 constelada por numerosos profetas que Deus chama, consagra e envia ao meio do povo para falar em nome d\u2019Ele. Os profetas recebem do Esp\u00edrito Santo a luz interior que os torna int\u00e9rpretes atentos da realidade, capazes de captar, nas tramas por vezes obscuras da hist\u00f3ria, a presen\u00e7a de Deus e de a indicar ao povo\u201d. E Francisco esclareceu a todos que \u201ctamb\u00e9m n\u00f3s temos esta voca\u00e7\u00e3o prof\u00e9tica\u201d.<\/p>\n<div>\n<div class=\"article__embed article__embed--border embed_style\">\n<blockquote><p>\u201cTodos os batizados receberam o Esp\u00edrito e s\u00e3o profetas. E, como tal, n\u00e3o podemos fingir que n\u00e3o vemos as obras do mal, deixar-nos estar tranquilos na vida para n\u00e3o sujarmos as m\u00e3os\u201d<\/p><\/blockquote>\n<\/div>\n<\/div>\n<p>\u201cPelo contr\u00e1rio, recebemos um Esp\u00edrito de profecia para trazer \u00e0 luz o Evangelho com o nosso testemunho de vida\u201d. E concluiu dizendo que a profecia \u201ctorna-nos capazes de praticar as Bem-aventuran\u00e7as evang\u00e9licas nas situa\u00e7\u00f5es quotidianas, isto \u00e9, construir com firme mansid\u00e3o aquele Reino de Deus onde o amor, a justi\u00e7a e a paz se op\u00f5em a toda a forma de ego\u00edsmo, viol\u00eancia e degrada\u00e7\u00e3o\u201d.<\/p>\n<div>\n<div class=\"article__embed article__embed--unwrap article__embed--photo\">\n<div class=\"photo_embed--Title\"><strong>Rezar pela Eti\u00f3pia e Ucr\u00e2nia<\/strong><\/div>\n<\/div>\n<\/div>\n<div>\n<div class=\"article__embed article__embed--border embed_style\">\n<blockquote><p>\u201cQueridos irm\u00e3os e irm\u00e3s, nestes meses estamos rezando muito pela paz. Neste contexto, o acordo assinado e que diz respeito \u00e0 situa\u00e7\u00e3o na Eti\u00f3pia \u00e9 uma esperan\u00e7a. Encorajo a todos a manter este compromisso com a paz duradoura, para que, com a ajuda de Deus, se continue a trilhar os caminhos do di\u00e1logo e o povo possa em breve reencontrar uma vida serena e digna. E tamb\u00e9m n\u00e3o quero esquecer de rezar e dizer a voc\u00eas para rezar pela Ucr\u00e2nia martirizada, para que essa guerra termine.\u201d<\/p><\/blockquote>\n<\/div>\n<\/div>\n<p>Francisco concluiu seu discurso com agradecimentos por ser a \u00faltima ocasi\u00e3o nesta viagem apost\u00f3lica: \u201cGostaria enfim de vos dizer \u2018obrigado\u2019 por estes dias que vivemos juntos. Com \u00e2nimo repleto de gratid\u00e3o, aben\u00e7oo a todos v\u00f3s, especialmente a quantos trabalharam para esta viagem. E, uma vez que ser\u00e3o estas as \u00faltimas palavras p\u00fablicas que pronuncio, permiti-me agradecer a Sua Majestade o Rei e \u00e0s Autoridades deste pa\u00eds a requintada hospitalidade. Encorajo-vos a continuar, com const\u00e2ncia e alegria, o vosso caminho espiritual e eclesial\u201d.<\/p>\n<h3><strong>RETORNO AO VATICANO<\/strong><\/h3>\n<p>O Papa Francisco deixou o Reino do Bahrein, neste domingo (06\/11), concluindo sua 39\u00aa Viagem Apost\u00f3lica Internacional. O avi\u00e3o papal decolou \u00e0s 13h16, hora local, 7h16 no hor\u00e1rio de Bras\u00edlia.<\/p>\n<p>A cerim\u00f4nia de despedida realizou-se na Base A\u00e9rea de Sakhir, em Awali, onde o Pont\u00edfice foi acolhido pelo rei do Bahrein, Sua Majestade Hamad bin Isa bin Salman Al Khalifa, pelo rei herdeiro e pelo primeiro-ministro, por outros tr\u00eas filhos do rei e por um neto, na Sala Real onde houve um breve encontro. Estava tamb\u00e9m presente na cerim\u00f4nia de despedida o Gr\u00e3o Imame de Al-Azhar, Muhammad Ahmad Al-Tayyeb.<\/p>\n<p>A chegada o Papa Francisco ao Aeroporto Internacional de Roma\/Fiumicino est\u00e1 prevista para \u00e0s 16h locais, meio-dia em Bras\u00edlia.<\/p>\n<p><strong>Foi a 39\u00aa viagem apost\u00f3lica<\/strong><br \/>\nEsta foi a 39\u00aa Viagem do Papa Francisco que j\u00e1 visitou 54 pa\u00edses diferentes nestes quase 10 anos de pontificado. Dentro da It\u00e1lia, o Papa fez 31 visitas pastorais a 41 cidades ou vilarejos. Sua \u00faltima viagem ao exterior foi ao Cazaquist\u00e3o de 13 a 15 de setembro deste ano por ocasi\u00e3o do VII Congresso de L\u00edderes das Religi\u00f5es Mundiais e Tradicionais.<\/p>\n<hr \/>\n<p><em>Fonte: Vatican News (texto de Jane Nogara)<\/em><\/p>\n","protected":false},"excerpt":{"rendered":"<p>Viagem Apost\u00f3lica ao Bahrein<\/p>\n","protected":false},"author":3,"featured_media":240775,"comment_status":"open","ping_status":"open","sticky":false,"template":"","format":"standard","meta":[],"categories":[1428],"tags":[1140],"acf":[],"yoast_head":"<!-- This site is optimized with the Yoast SEO plugin v19.2 - https:\/\/yoast.com\/wordpress\/plugins\/seo\/ -->\n<title>Papa aos jovens do Bahrein: semeiem a fraternidade e recolher\u00e3o futuro - Not\u00edcias - Franciscanos<\/title>\n<meta name=\"robots\" content=\"index, follow, max-snippet:-1, max-image-preview:large, max-video-preview:-1\" \/>\n<link rel=\"canonical\" href=\"https:\/\/franciscanos.org.br\/noticias\/papa-aos-jovens-do-bahrein-semeiem-a-fraternidade-e-recolherao-futuro.html\" \/>\n<meta property=\"og:locale\" content=\"pt_BR\" \/>\n<meta property=\"og:type\" content=\"article\" \/>\n<meta property=\"og:title\" content=\"Papa aos jovens do Bahrein: semeiem a fraternidade e recolher\u00e3o futuro - Not\u00edcias - Franciscanos\" \/>\n<meta property=\"og:description\" content=\"Viagem Apost\u00f3lica ao Bahrein\" \/>\n<meta property=\"og:url\" content=\"https:\/\/franciscanos.org.br\/noticias\/papa-aos-jovens-do-bahrein-semeiem-a-fraternidade-e-recolherao-futuro.html\" \/>\n<meta property=\"og:site_name\" content=\"Not\u00edcias - Franciscanos\" \/>\n<meta property=\"article:published_time\" content=\"2022-11-06T10:59:18+00:00\" \/>\n<meta property=\"article:modified_time\" content=\"2022-11-06T11:04:41+00:00\" \/>\n<meta property=\"og:image\" content=\"https:\/\/franciscanos.org.br\/noticias\/wp-content\/uploads\/2022\/11\/bahrein_06.jpeg\" \/>\n\t<meta property=\"og:image:width\" content=\"1000\" \/>\n\t<meta property=\"og:image:height\" content=\"563\" \/>\n\t<meta property=\"og:image:type\" content=\"image\/jpeg\" \/>\n<meta name=\"author\" content=\"moacir\" \/>\n<meta name=\"twitter:card\" content=\"summary_large_image\" \/>\n<meta name=\"twitter:label1\" content=\"Escrito por\" \/>\n\t<meta name=\"twitter:data1\" content=\"moacir\" \/>\n\t<meta name=\"twitter:label2\" content=\"Est. tempo de leitura\" \/>\n\t<meta name=\"twitter:data2\" content=\"14 minutos\" \/>\n<script type=\"application\/ld+json\" class=\"yoast-schema-graph\">{\"@context\":\"https:\/\/schema.org\",\"@graph\":[{\"@type\":\"WebSite\",\"@id\":\"https:\/\/franciscanos.org.br\/noticias\/#website\",\"url\":\"https:\/\/franciscanos.org.br\/noticias\/\",\"name\":\"Not\u00edcias - Franciscanos\",\"description\":\"Prov\u00edncia Franciscana da Imaculada Concei\u00e7\u00e3o do Brasil - Ordem dos Frades Menores - OFM\",\"potentialAction\":[{\"@type\":\"SearchAction\",\"target\":{\"@type\":\"EntryPoint\",\"urlTemplate\":\"https:\/\/franciscanos.org.br\/noticias\/?s={search_term_string}\"},\"query-input\":\"required name=search_term_string\"}],\"inLanguage\":\"pt-BR\"},{\"@type\":\"ImageObject\",\"inLanguage\":\"pt-BR\",\"@id\":\"https:\/\/franciscanos.org.br\/noticias\/papa-aos-jovens-do-bahrein-semeiem-a-fraternidade-e-recolherao-futuro.html#primaryimage\",\"url\":\"https:\/\/franciscanos.org.br\/noticias\/wp-content\/uploads\/2022\/11\/bahrein_06.jpeg\",\"contentUrl\":\"https:\/\/franciscanos.org.br\/noticias\/wp-content\/uploads\/2022\/11\/bahrein_06.jpeg\",\"width\":1000,\"height\":563},{\"@type\":\"WebPage\",\"@id\":\"https:\/\/franciscanos.org.br\/noticias\/papa-aos-jovens-do-bahrein-semeiem-a-fraternidade-e-recolherao-futuro.html#webpage\",\"url\":\"https:\/\/franciscanos.org.br\/noticias\/papa-aos-jovens-do-bahrein-semeiem-a-fraternidade-e-recolherao-futuro.html\",\"name\":\"Papa aos jovens do Bahrein: semeiem a fraternidade e recolher\u00e3o futuro - Not\u00edcias - Franciscanos\",\"isPartOf\":{\"@id\":\"https:\/\/franciscanos.org.br\/noticias\/#website\"},\"primaryImageOfPage\":{\"@id\":\"https:\/\/franciscanos.org.br\/noticias\/papa-aos-jovens-do-bahrein-semeiem-a-fraternidade-e-recolherao-futuro.html#primaryimage\"},\"datePublished\":\"2022-11-06T10:59:18+00:00\",\"dateModified\":\"2022-11-06T11:04:41+00:00\",\"author\":{\"@id\":\"https:\/\/franciscanos.org.br\/noticias\/#\/schema\/person\/b5c8cba458c330ccff548b056e95a5d4\"},\"breadcrumb\":{\"@id\":\"https:\/\/franciscanos.org.br\/noticias\/papa-aos-jovens-do-bahrein-semeiem-a-fraternidade-e-recolherao-futuro.html#breadcrumb\"},\"inLanguage\":\"pt-BR\",\"potentialAction\":[{\"@type\":\"ReadAction\",\"target\":[\"https:\/\/franciscanos.org.br\/noticias\/papa-aos-jovens-do-bahrein-semeiem-a-fraternidade-e-recolherao-futuro.html\"]}]},{\"@type\":\"BreadcrumbList\",\"@id\":\"https:\/\/franciscanos.org.br\/noticias\/papa-aos-jovens-do-bahrein-semeiem-a-fraternidade-e-recolherao-futuro.html#breadcrumb\",\"itemListElement\":[{\"@type\":\"ListItem\",\"position\":1,\"name\":\"Home\",\"item\":\"https:\/\/franciscanos.org.br\/noticias\"},{\"@type\":\"ListItem\",\"position\":2,\"name\":\"Papa aos jovens do Bahrein: semeiem a fraternidade e recolher\u00e3o futuro\"}]},{\"@type\":\"Person\",\"@id\":\"https:\/\/franciscanos.org.br\/noticias\/#\/schema\/person\/b5c8cba458c330ccff548b056e95a5d4\",\"name\":\"moacir\",\"image\":{\"@type\":\"ImageObject\",\"inLanguage\":\"pt-BR\",\"@id\":\"https:\/\/franciscanos.org.br\/noticias\/#\/schema\/person\/image\/\",\"url\":\"https:\/\/secure.gravatar.com\/avatar\/d08aa2ce4c8dd416d4479aa8536fcf64?s=96&d=mm&r=g\",\"contentUrl\":\"https:\/\/secure.gravatar.com\/avatar\/d08aa2ce4c8dd416d4479aa8536fcf64?s=96&d=mm&r=g\",\"caption\":\"moacir\"},\"url\":\"https:\/\/franciscanos.org.br\/noticias\/author\/moacir\"}]}<\/script>\n<!-- \/ Yoast SEO plugin. -->","yoast_head_json":{"title":"Papa aos jovens do Bahrein: semeiem a fraternidade e recolher\u00e3o futuro - Not\u00edcias - Franciscanos","robots":{"index":"index","follow":"follow","max-snippet":"max-snippet:-1","max-image-preview":"max-image-preview:large","max-video-preview":"max-video-preview:-1"},"canonical":"https:\/\/franciscanos.org.br\/noticias\/papa-aos-jovens-do-bahrein-semeiem-a-fraternidade-e-recolherao-futuro.html","og_locale":"pt_BR","og_type":"article","og_title":"Papa aos jovens do Bahrein: semeiem a fraternidade e recolher\u00e3o futuro - Not\u00edcias - Franciscanos","og_description":"Viagem Apost\u00f3lica ao Bahrein","og_url":"https:\/\/franciscanos.org.br\/noticias\/papa-aos-jovens-do-bahrein-semeiem-a-fraternidade-e-recolherao-futuro.html","og_site_name":"Not\u00edcias - Franciscanos","article_published_time":"2022-11-06T10:59:18+00:00","article_modified_time":"2022-11-06T11:04:41+00:00","og_image":[{"width":1000,"height":563,"url":"https:\/\/franciscanos.org.br\/noticias\/wp-content\/uploads\/2022\/11\/bahrein_06.jpeg","type":"image\/jpeg"}],"author":"moacir","twitter_card":"summary_large_image","twitter_misc":{"Escrito por":"moacir","Est. tempo de leitura":"14 minutos"},"schema":{"@context":"https:\/\/schema.org","@graph":[{"@type":"WebSite","@id":"https:\/\/franciscanos.org.br\/noticias\/#website","url":"https:\/\/franciscanos.org.br\/noticias\/","name":"Not\u00edcias - Franciscanos","description":"Prov\u00edncia Franciscana da Imaculada Concei\u00e7\u00e3o do Brasil - Ordem dos Frades Menores - OFM","potentialAction":[{"@type":"SearchAction","target":{"@type":"EntryPoint","urlTemplate":"https:\/\/franciscanos.org.br\/noticias\/?s={search_term_string}"},"query-input":"required name=search_term_string"}],"inLanguage":"pt-BR"},{"@type":"ImageObject","inLanguage":"pt-BR","@id":"https:\/\/franciscanos.org.br\/noticias\/papa-aos-jovens-do-bahrein-semeiem-a-fraternidade-e-recolherao-futuro.html#primaryimage","url":"https:\/\/franciscanos.org.br\/noticias\/wp-content\/uploads\/2022\/11\/bahrein_06.jpeg","contentUrl":"https:\/\/franciscanos.org.br\/noticias\/wp-content\/uploads\/2022\/11\/bahrein_06.jpeg","width":1000,"height":563},{"@type":"WebPage","@id":"https:\/\/franciscanos.org.br\/noticias\/papa-aos-jovens-do-bahrein-semeiem-a-fraternidade-e-recolherao-futuro.html#webpage","url":"https:\/\/franciscanos.org.br\/noticias\/papa-aos-jovens-do-bahrein-semeiem-a-fraternidade-e-recolherao-futuro.html","name":"Papa aos jovens do Bahrein: semeiem a fraternidade e recolher\u00e3o futuro - Not\u00edcias - Franciscanos","isPartOf":{"@id":"https:\/\/franciscanos.org.br\/noticias\/#website"},"primaryImageOfPage":{"@id":"https:\/\/franciscanos.org.br\/noticias\/papa-aos-jovens-do-bahrein-semeiem-a-fraternidade-e-recolherao-futuro.html#primaryimage"},"datePublished":"2022-11-06T10:59:18+00:00","dateModified":"2022-11-06T11:04:41+00:00","author":{"@id":"https:\/\/franciscanos.org.br\/noticias\/#\/schema\/person\/b5c8cba458c330ccff548b056e95a5d4"},"breadcrumb":{"@id":"https:\/\/franciscanos.org.br\/noticias\/papa-aos-jovens-do-bahrein-semeiem-a-fraternidade-e-recolherao-futuro.html#breadcrumb"},"inLanguage":"pt-BR","potentialAction":[{"@type":"ReadAction","target":["https:\/\/franciscanos.org.br\/noticias\/papa-aos-jovens-do-bahrein-semeiem-a-fraternidade-e-recolherao-futuro.html"]}]},{"@type":"BreadcrumbList","@id":"https:\/\/franciscanos.org.br\/noticias\/papa-aos-jovens-do-bahrein-semeiem-a-fraternidade-e-recolherao-futuro.html#breadcrumb","itemListElement":[{"@type":"ListItem","position":1,"name":"Home","item":"https:\/\/franciscanos.org.br\/noticias"},{"@type":"ListItem","position":2,"name":"Papa aos jovens do Bahrein: semeiem a fraternidade e recolher\u00e3o futuro"}]},{"@type":"Person","@id":"https:\/\/franciscanos.org.br\/noticias\/#\/schema\/person\/b5c8cba458c330ccff548b056e95a5d4","name":"moacir","image":{"@type":"ImageObject","inLanguage":"pt-BR","@id":"https:\/\/franciscanos.org.br\/noticias\/#\/schema\/person\/image\/","url":"https:\/\/secure.gravatar.com\/avatar\/d08aa2ce4c8dd416d4479aa8536fcf64?s=96&d=mm&r=g","contentUrl":"https:\/\/secure.gravatar.com\/avatar\/d08aa2ce4c8dd416d4479aa8536fcf64?s=96&d=mm&r=g","caption":"moacir"},"url":"https:\/\/franciscanos.org.br\/noticias\/author\/moacir"}]}},"_links":{"self":[{"href":"https:\/\/franciscanos.org.br\/noticias\/wp-json\/wp\/v2\/posts\/240774"}],"collection":[{"href":"https:\/\/franciscanos.org.br\/noticias\/wp-json\/wp\/v2\/posts"}],"about":[{"href":"https:\/\/franciscanos.org.br\/noticias\/wp-json\/wp\/v2\/types\/post"}],"author":[{"embeddable":true,"href":"https:\/\/franciscanos.org.br\/noticias\/wp-json\/wp\/v2\/users\/3"}],"replies":[{"embeddable":true,"href":"https:\/\/franciscanos.org.br\/noticias\/wp-json\/wp\/v2\/comments?post=240774"}],"version-history":[{"count":4,"href":"https:\/\/franciscanos.org.br\/noticias\/wp-json\/wp\/v2\/posts\/240774\/revisions"}],"predecessor-version":[{"id":240779,"href":"https:\/\/franciscanos.org.br\/noticias\/wp-json\/wp\/v2\/posts\/240774\/revisions\/240779"}],"wp:featuredmedia":[{"embeddable":true,"href":"https:\/\/franciscanos.org.br\/noticias\/wp-json\/wp\/v2\/media\/240775"}],"wp:attachment":[{"href":"https:\/\/franciscanos.org.br\/noticias\/wp-json\/wp\/v2\/media?parent=240774"}],"wp:term":[{"taxonomy":"category","embeddable":true,"href":"https:\/\/franciscanos.org.br\/noticias\/wp-json\/wp\/v2\/categories?post=240774"},{"taxonomy":"post_tag","embeddable":true,"href":"https:\/\/franciscanos.org.br\/noticias\/wp-json\/wp\/v2\/tags?post=240774"}],"curies":[{"name":"wp","href":"https:\/\/api.w.org\/{rel}","templated":true}]}}