{"id":240750,"date":"2022-11-05T21:45:36","date_gmt":"2022-11-06T00:45:36","guid":{"rendered":"https:\/\/franciscanos.org.br\/noticias\/?p=240750"},"modified":"2023-02-07T11:03:45","modified_gmt":"2023-02-07T14:03:45","slug":"canarinhos-concerto-de-aniversario-das-meninas-toca-as-cordas-da-alma-e-do-coracao","status":"publish","type":"post","link":"https:\/\/franciscanos.org.br\/noticias\/canarinhos-concerto-de-aniversario-das-meninas-toca-as-cordas-da-alma-e-do-coracao.html","title":{"rendered":"Canarinhos: Concerto de anivers\u00e1rio das Meninas toca as cordas da alma e do cora\u00e7\u00e3o"},"content":{"rendered":"<p><img loading=\"lazy\" class=\"alignnone wp-image-240755 size-full\" src=\"https:\/\/franciscanos.org.br\/noticias\/wp-content\/uploads\/2022\/11\/concerto_041122_1.jpg\" alt=\"\" width=\"1280\" height=\"720\" srcset=\"https:\/\/franciscanos.org.br\/noticias\/wp-content\/uploads\/2022\/11\/concerto_041122_1.jpg 1280w, https:\/\/franciscanos.org.br\/noticias\/wp-content\/uploads\/2022\/11\/concerto_041122_1-450x253.jpg 450w, https:\/\/franciscanos.org.br\/noticias\/wp-content\/uploads\/2022\/11\/concerto_041122_1-1024x576.jpg 1024w, https:\/\/franciscanos.org.br\/noticias\/wp-content\/uploads\/2022\/11\/concerto_041122_1-768x432.jpg 768w, https:\/\/franciscanos.org.br\/noticias\/wp-content\/uploads\/2022\/11\/concerto_041122_1-150x84.jpg 150w\" sizes=\"(max-width: 1280px) 100vw, 1280px\" \/><\/p>\n<p style=\"font-weight: 400;\"><strong>Petr\u00f3polis (RJ) \u2013<\/strong> O anivers\u00e1rio de 34 anos do Coral das Meninas dos Canarinhos de Petr\u00f3polis foi celebrado em grande estilo na \u00faltima sexta-feira (4\/11), com um Concerto de cl\u00e1ssicos do rock e m\u00fasicas populares, no Instituto Teol\u00f3gico Franciscano (ITF), \u00e0s 20 horas. O repert\u00f3rio contou com doze apresenta\u00e7\u00f5es, al\u00e9m do bis e com a presen\u00e7a de uma banda no acompanhamento.<\/p>\n<p style=\"font-weight: 400;\">Depois de dois anos com festividades remotas, a emo\u00e7\u00e3o tomou conta das coralistas que n\u00e3o esconderam a satisfa\u00e7\u00e3o de estarem celebrando presencialmente a passagem desta importante data para todo o coro. O p\u00fablico que lotou o Sal\u00e3o Acad\u00eamico do ITF pode prestigiar uma noite envolvente. Na plateia, destaca-se a presen\u00e7a de ex-coralistas, pais e simpatizantes do canto coral.<\/p>\n<p style=\"font-weight: 400;\"><img loading=\"lazy\" class=\"alignnone wp-image-240756 size-full\" src=\"https:\/\/franciscanos.org.br\/noticias\/wp-content\/uploads\/2022\/11\/concerto_041122.jpg\" alt=\"\" width=\"1280\" height=\"720\" srcset=\"https:\/\/franciscanos.org.br\/noticias\/wp-content\/uploads\/2022\/11\/concerto_041122.jpg 1280w, https:\/\/franciscanos.org.br\/noticias\/wp-content\/uploads\/2022\/11\/concerto_041122-450x253.jpg 450w, https:\/\/franciscanos.org.br\/noticias\/wp-content\/uploads\/2022\/11\/concerto_041122-1024x576.jpg 1024w, https:\/\/franciscanos.org.br\/noticias\/wp-content\/uploads\/2022\/11\/concerto_041122-768x432.jpg 768w, https:\/\/franciscanos.org.br\/noticias\/wp-content\/uploads\/2022\/11\/concerto_041122-150x84.jpg 150w\" sizes=\"(max-width: 1280px) 100vw, 1280px\" \/><\/p>\n<p style=\"font-weight: 400;\">\u201cCom muita alegria n\u00f3s nos reunimos nessa Casa Franciscana do Instituto Teol\u00f3gico Franciscano\u201d, disse o presidente do Instituto dos Meninos Cantores de Petr\u00f3polis (IMCP), Frei Marcos Antonio de Andrade, na abertura do evento. \u201cPrimeiramente, gostaria de agradecer a presen\u00e7a de todos. Na pessoa de Frei Sandro Roberto, agrade\u00e7o por abrir as portas do Instituto ao nosso coro das Meninas dos Canarinhos para juntos celebrarmos esta festa de anivers\u00e1rio\u201d, disse.<\/p>\n<p style=\"font-weight: 400;\">Frei Marcos explicou que o coro das meninas faz parte do IMCP, da Prov\u00edncia da Imaculada Concei\u00e7\u00e3o do Brasil. \u201cEnt\u00e3o, n\u00f3s frades do ITF, do IMCP, fazemos parte dessa grande fam\u00edlia franciscana, que tem S\u00e3o Francisco como modelo, como um homem de Paz e de Bem\u201d, frisou. \u201cCelebrar estes 34 anos do coro das Meninas dos Canarinhos \u00e9 celebrar aquilo que a m\u00fasica pode fazer e que os nossos coros no IMCP t\u00eam por miss\u00e3o: levar a Boa-Nova do Evangelho que \u00e9 o amor e a paz para todos. Isso tudo, atrav\u00e9s do canto e da m\u00fasica. Este \u00e9 o grande objetivo de toda a forma\u00e7\u00e3o do nosso instituto. Atrav\u00e9s da m\u00fasica, da boa m\u00fasica, queremos levar alegria para todos os que nos ouvem\u201d, acrescentou.<\/p>\n<p style=\"font-weight: 400;\"><img loading=\"lazy\" class=\"alignnone wp-image-240752 size-full\" src=\"https:\/\/franciscanos.org.br\/noticias\/wp-content\/uploads\/2022\/11\/concerto_041122_4.jpg\" alt=\"\" width=\"1280\" height=\"720\" srcset=\"https:\/\/franciscanos.org.br\/noticias\/wp-content\/uploads\/2022\/11\/concerto_041122_4.jpg 1280w, https:\/\/franciscanos.org.br\/noticias\/wp-content\/uploads\/2022\/11\/concerto_041122_4-450x253.jpg 450w, https:\/\/franciscanos.org.br\/noticias\/wp-content\/uploads\/2022\/11\/concerto_041122_4-1024x576.jpg 1024w, https:\/\/franciscanos.org.br\/noticias\/wp-content\/uploads\/2022\/11\/concerto_041122_4-768x432.jpg 768w, https:\/\/franciscanos.org.br\/noticias\/wp-content\/uploads\/2022\/11\/concerto_041122_4-150x84.jpg 150w\" sizes=\"(max-width: 1280px) 100vw, 1280px\" \/><\/p>\n\n\t\t<style type=\"text\/css\">\n\t\t\t#gallery-1 {\n\t\t\t\tmargin: auto;\n\t\t\t}\n\t\t\t#gallery-1 .gallery-item {\n\t\t\t\tfloat: left;\n\t\t\t\tmargin-top: 10px;\n\t\t\t\ttext-align: center;\n\t\t\t\twidth: 20%;\n\t\t\t}\n\t\t\t#gallery-1 img {\n\t\t\t\tborder: 2px solid #cfcfcf;\n\t\t\t}\n\t\t\t#gallery-1 .gallery-caption {\n\t\t\t\tmargin-left: 0;\n\t\t\t}\n\t\t\t\/* see gallery_shortcode() in wp-includes\/media.php *\/\n\t\t<\/style>\n\t\t<div id='gallery-1' class='gallery galleryid-240750 gallery-columns-5 gallery-size-thumbnail'><dl class='gallery-item'>\n\t\t\t<dt class='gallery-icon landscape'>\n\t\t\t\t<a href='https:\/\/franciscanos.org.br\/noticias\/wp-content\/uploads\/2022\/11\/concerto_04112022.jpeg'><img width=\"300\" height=\"300\" src=\"https:\/\/franciscanos.org.br\/noticias\/wp-content\/uploads\/2022\/11\/concerto_04112022-300x300.jpeg\" class=\"attachment-thumbnail size-thumbnail\" alt=\"\" loading=\"lazy\" srcset=\"https:\/\/franciscanos.org.br\/noticias\/wp-content\/uploads\/2022\/11\/concerto_04112022-300x300.jpeg 300w, https:\/\/franciscanos.org.br\/noticias\/wp-content\/uploads\/2022\/11\/concerto_04112022-100x100.jpeg 100w\" sizes=\"(max-width: 300px) 100vw, 300px\" \/><\/a>\n\t\t\t<\/dt><\/dl><dl class='gallery-item'>\n\t\t\t<dt class='gallery-icon landscape'>\n\t\t\t\t<a href='https:\/\/franciscanos.org.br\/noticias\/wp-content\/uploads\/2022\/11\/concerto_04112022_1.jpeg'><img width=\"300\" height=\"300\" src=\"https:\/\/franciscanos.org.br\/noticias\/wp-content\/uploads\/2022\/11\/concerto_04112022_1-300x300.jpeg\" class=\"attachment-thumbnail size-thumbnail\" alt=\"\" loading=\"lazy\" srcset=\"https:\/\/franciscanos.org.br\/noticias\/wp-content\/uploads\/2022\/11\/concerto_04112022_1-300x300.jpeg 300w, https:\/\/franciscanos.org.br\/noticias\/wp-content\/uploads\/2022\/11\/concerto_04112022_1-100x100.jpeg 100w\" sizes=\"(max-width: 300px) 100vw, 300px\" \/><\/a>\n\t\t\t<\/dt><\/dl><dl class='gallery-item'>\n\t\t\t<dt class='gallery-icon landscape'>\n\t\t\t\t<a href='https:\/\/franciscanos.org.br\/noticias\/wp-content\/uploads\/2022\/11\/concerto_04112022_2.jpeg'><img width=\"300\" height=\"300\" src=\"https:\/\/franciscanos.org.br\/noticias\/wp-content\/uploads\/2022\/11\/concerto_04112022_2-300x300.jpeg\" class=\"attachment-thumbnail size-thumbnail\" alt=\"\" loading=\"lazy\" srcset=\"https:\/\/franciscanos.org.br\/noticias\/wp-content\/uploads\/2022\/11\/concerto_04112022_2-300x300.jpeg 300w, https:\/\/franciscanos.org.br\/noticias\/wp-content\/uploads\/2022\/11\/concerto_04112022_2-100x100.jpeg 100w\" sizes=\"(max-width: 300px) 100vw, 300px\" \/><\/a>\n\t\t\t<\/dt><\/dl><dl class='gallery-item'>\n\t\t\t<dt class='gallery-icon landscape'>\n\t\t\t\t<a href='https:\/\/franciscanos.org.br\/noticias\/wp-content\/uploads\/2022\/11\/concerto_04112022_3.jpeg'><img width=\"300\" height=\"300\" src=\"https:\/\/franciscanos.org.br\/noticias\/wp-content\/uploads\/2022\/11\/concerto_04112022_3-300x300.jpeg\" class=\"attachment-thumbnail size-thumbnail\" alt=\"\" loading=\"lazy\" srcset=\"https:\/\/franciscanos.org.br\/noticias\/wp-content\/uploads\/2022\/11\/concerto_04112022_3-300x300.jpeg 300w, https:\/\/franciscanos.org.br\/noticias\/wp-content\/uploads\/2022\/11\/concerto_04112022_3-100x100.jpeg 100w\" sizes=\"(max-width: 300px) 100vw, 300px\" \/><\/a>\n\t\t\t<\/dt><\/dl><dl class='gallery-item'>\n\t\t\t<dt class='gallery-icon landscape'>\n\t\t\t\t<a href='https:\/\/franciscanos.org.br\/noticias\/wp-content\/uploads\/2022\/11\/concerto_04112022_5.jpeg'><img width=\"300\" height=\"300\" src=\"https:\/\/franciscanos.org.br\/noticias\/wp-content\/uploads\/2022\/11\/concerto_04112022_5-300x300.jpeg\" class=\"attachment-thumbnail size-thumbnail\" alt=\"\" loading=\"lazy\" srcset=\"https:\/\/franciscanos.org.br\/noticias\/wp-content\/uploads\/2022\/11\/concerto_04112022_5-300x300.jpeg 300w, https:\/\/franciscanos.org.br\/noticias\/wp-content\/uploads\/2022\/11\/concerto_04112022_5-100x100.jpeg 100w\" sizes=\"(max-width: 300px) 100vw, 300px\" \/><\/a>\n\t\t\t<\/dt><\/dl><br style=\"clear: both\" \/>\n\t\t<\/div>\n\n<p style=\"font-weight: 400;\">O diretor art\u00edstico do IMCP, Marco Aur\u00e9lio Lischt, tamb\u00e9m dirigiu algumas palavras aos presentes e manifestou sua gratid\u00e3o a todas as pessoas presentes no evento. Lembrou que no ano de 1988, data de funda\u00e7\u00e3o do Coral das Meninas, o coro teve a reg\u00eancia da professora Silvia Muniz e que naquela \u00e9poca o coro se chamava \u2018Andorinhas da Serra\u2019, talvez, fazendo um contraponto com os Canarinhos de Petr\u00f3polis.<\/p>\n<p style=\"font-weight: 400;\">\u201cO coro surgiu de uma necessidade na qual as meninas pudessem tamb\u00e9m cantar. At\u00e9 ent\u00e3o, havia apenas o coro dos Canarinhos, que neste ano completou 80 anos\u201d, disse. \u201cEu quero parabenizar a todas as meninas e ao maestro Marcelo Vizani por esse belo trabalho que vem exercendo h\u00e1 mais de 24 anos como mentor do coro\u201d. E, terminou com uma frase: \u2018A m\u00fasica talvez seja de todas as artes, aquela que, sem dizer nenhuma palavra tange as cordas sentimentais da alma e do cora\u00e7\u00e3o\u2019. &#8220;Com essa frase eu desejo que a m\u00fasica tamb\u00e9m toque o cora\u00e7\u00e3o e a alma de todos voc\u00eas\u201d, disse.<\/p>\n<p style=\"font-weight: 400;\"><img loading=\"lazy\" class=\"alignnone wp-image-240753 size-full\" src=\"https:\/\/franciscanos.org.br\/noticias\/wp-content\/uploads\/2022\/11\/concerto_041122_3.jpg\" alt=\"\" width=\"1280\" height=\"720\" srcset=\"https:\/\/franciscanos.org.br\/noticias\/wp-content\/uploads\/2022\/11\/concerto_041122_3.jpg 1280w, https:\/\/franciscanos.org.br\/noticias\/wp-content\/uploads\/2022\/11\/concerto_041122_3-450x253.jpg 450w, https:\/\/franciscanos.org.br\/noticias\/wp-content\/uploads\/2022\/11\/concerto_041122_3-1024x576.jpg 1024w, https:\/\/franciscanos.org.br\/noticias\/wp-content\/uploads\/2022\/11\/concerto_041122_3-768x432.jpg 768w, https:\/\/franciscanos.org.br\/noticias\/wp-content\/uploads\/2022\/11\/concerto_041122_3-150x84.jpg 150w\" sizes=\"(max-width: 1280px) 100vw, 1280px\" \/><\/p>\n<p style=\"font-weight: 400;\">Na sequ\u00eancia, o Coral das Meninas dos Canarinhos foi recepcionado pelos presentes com uma calorosa salva de palmas. Dirigindo-se aos presentes, o maestro Marcelo Vizani, tamb\u00e9m agradeceu a presen\u00e7a de todos. \u201c\u00c9 uma alegria estar aqui, a frente deste coro, e celebrar 34 anos de exist\u00eancia. Quero dividir com voc\u00eas a alegria de estarmos juntos atrav\u00e9s da nossa m\u00fasica\u201d, adiantou.<\/p>\n<p style=\"font-weight: 400;\">A apresenta\u00e7\u00e3o de todo o repert\u00f3rio contou com a participa\u00e7\u00e3o das coralistas. Elas come\u00e7aram o Concerto com a can\u00e7\u00e3o tradicional \u201cDany Boy\u201d, escrita em 1913 por Frederick Weatherly. Seguidamente, entoaram \u201cLove of my life\u201d, de Freddie Mercury, composta em 1975. A m\u00fasica se tornou uma das preferidas do p\u00fablico nos shows da Am\u00e9rica do Sul no anos 80, principalmente no Brasil e Argentina. Ap\u00f3s a morte de Freddie Mercury, se tornou um tributo ao cantor durante as apresenta\u00e7\u00f5es do Queen.<\/p>\n<p style=\"font-weight: 400;\"><img loading=\"lazy\" class=\"alignnone wp-image-240754 size-full\" src=\"https:\/\/franciscanos.org.br\/noticias\/wp-content\/uploads\/2022\/11\/concerto_041122_2.jpg\" alt=\"\" width=\"1280\" height=\"720\" srcset=\"https:\/\/franciscanos.org.br\/noticias\/wp-content\/uploads\/2022\/11\/concerto_041122_2.jpg 1280w, https:\/\/franciscanos.org.br\/noticias\/wp-content\/uploads\/2022\/11\/concerto_041122_2-450x253.jpg 450w, https:\/\/franciscanos.org.br\/noticias\/wp-content\/uploads\/2022\/11\/concerto_041122_2-1024x576.jpg 1024w, https:\/\/franciscanos.org.br\/noticias\/wp-content\/uploads\/2022\/11\/concerto_041122_2-768x432.jpg 768w, https:\/\/franciscanos.org.br\/noticias\/wp-content\/uploads\/2022\/11\/concerto_041122_2-150x84.jpg 150w\" sizes=\"(max-width: 1280px) 100vw, 1280px\" \/><\/p>\n<p style=\"font-weight: 400;\">Na sequ\u00eancia vieram \u201cDays of Beaty\u201d de Ola Gjeilo e Emily Bront\u00eb e \u201cYesterday\u201d de John Lenno e Paul McCartney. Est\u00e1 \u00faltima foi lan\u00e7ada em 1965 e \u00e9 considerada a primeira grava\u00e7\u00e3o oficial da banda The Beatles, acompanhada por um quarteto de quatro cordas. Seguidamente, entoaram \u201cSamba do Avi\u00e3o\u201d de Tom Jobim, can\u00e7\u00e3o composta em 1962. O autor escreveu para um filme italiano e trata da paix\u00e3o do compositor pelo Rio de Janeiro e ao mesmo tempo, revela seu medo de andar de avi\u00e3o.<\/p>\n<p style=\"font-weight: 400;\">\u201cCan\u00e7\u00e3o da Am\u00e9rica\u201d, de Milton Nascimento e \u201cOver the rainbow\u201d, de Harold Arlen e Yip Harburg foram as pr\u00f3ximas execu\u00e7\u00f5es. Depois vieram \u201cCant help falling in love\u201d, de Hugo Peretti, Luigi Creatore e George Weiss, can\u00e7\u00e3o imortalizada na voz de Elvis Presley.<\/p>\n<p style=\"font-weight: 400;\">A faixa de maior sucesso dos anos 60 \u201cO Cupido\u201d, de Neil Sedaka, arrancou aplausos do p\u00fablico que cantou juntamente com o Coral das Meninas. Sendo o primeiro \u00e1lbum lan\u00e7ado pela cantora brasileira, Celly Campello, no ano de 1959, \u00e9 considerado tamb\u00e9m como o primeiro LP de rock brasileiro. Ap\u00f3s 17 anos de grava\u00e7\u00e3o, a m\u00fasica voltou a fazer sucesso, ao se tornar tema de abertura de uma telenovela da televis\u00e3o nacional.<\/p>\n<p style=\"font-weight: 400;\"><img loading=\"lazy\" class=\"alignnone wp-image-240751 size-full\" src=\"https:\/\/franciscanos.org.br\/noticias\/wp-content\/uploads\/2022\/11\/concerto_041122_5.jpg\" alt=\"\" width=\"1280\" height=\"720\" srcset=\"https:\/\/franciscanos.org.br\/noticias\/wp-content\/uploads\/2022\/11\/concerto_041122_5.jpg 1280w, https:\/\/franciscanos.org.br\/noticias\/wp-content\/uploads\/2022\/11\/concerto_041122_5-450x253.jpg 450w, https:\/\/franciscanos.org.br\/noticias\/wp-content\/uploads\/2022\/11\/concerto_041122_5-1024x576.jpg 1024w, https:\/\/franciscanos.org.br\/noticias\/wp-content\/uploads\/2022\/11\/concerto_041122_5-768x432.jpg 768w, https:\/\/franciscanos.org.br\/noticias\/wp-content\/uploads\/2022\/11\/concerto_041122_5-150x84.jpg 150w\" sizes=\"(max-width: 1280px) 100vw, 1280px\" \/><\/p>\n\n\t\t<style type=\"text\/css\">\n\t\t\t#gallery-2 {\n\t\t\t\tmargin: auto;\n\t\t\t}\n\t\t\t#gallery-2 .gallery-item {\n\t\t\t\tfloat: left;\n\t\t\t\tmargin-top: 10px;\n\t\t\t\ttext-align: center;\n\t\t\t\twidth: 20%;\n\t\t\t}\n\t\t\t#gallery-2 img {\n\t\t\t\tborder: 2px solid #cfcfcf;\n\t\t\t}\n\t\t\t#gallery-2 .gallery-caption {\n\t\t\t\tmargin-left: 0;\n\t\t\t}\n\t\t\t\/* see gallery_shortcode() in wp-includes\/media.php *\/\n\t\t<\/style>\n\t\t<div id='gallery-2' class='gallery galleryid-240750 gallery-columns-5 gallery-size-thumbnail'><dl class='gallery-item'>\n\t\t\t<dt class='gallery-icon landscape'>\n\t\t\t\t<a href='https:\/\/franciscanos.org.br\/noticias\/wp-content\/uploads\/2022\/11\/concerto_04112022_6.jpeg'><img width=\"300\" height=\"300\" src=\"https:\/\/franciscanos.org.br\/noticias\/wp-content\/uploads\/2022\/11\/concerto_04112022_6-300x300.jpeg\" class=\"attachment-thumbnail size-thumbnail\" alt=\"\" loading=\"lazy\" srcset=\"https:\/\/franciscanos.org.br\/noticias\/wp-content\/uploads\/2022\/11\/concerto_04112022_6-300x300.jpeg 300w, https:\/\/franciscanos.org.br\/noticias\/wp-content\/uploads\/2022\/11\/concerto_04112022_6-100x100.jpeg 100w\" sizes=\"(max-width: 300px) 100vw, 300px\" \/><\/a>\n\t\t\t<\/dt><\/dl><dl class='gallery-item'>\n\t\t\t<dt class='gallery-icon landscape'>\n\t\t\t\t<a href='https:\/\/franciscanos.org.br\/noticias\/wp-content\/uploads\/2022\/11\/concerto_04112022_8.jpeg'><img width=\"300\" height=\"300\" src=\"https:\/\/franciscanos.org.br\/noticias\/wp-content\/uploads\/2022\/11\/concerto_04112022_8-300x300.jpeg\" class=\"attachment-thumbnail size-thumbnail\" alt=\"\" loading=\"lazy\" srcset=\"https:\/\/franciscanos.org.br\/noticias\/wp-content\/uploads\/2022\/11\/concerto_04112022_8-300x300.jpeg 300w, https:\/\/franciscanos.org.br\/noticias\/wp-content\/uploads\/2022\/11\/concerto_04112022_8-100x100.jpeg 100w\" sizes=\"(max-width: 300px) 100vw, 300px\" \/><\/a>\n\t\t\t<\/dt><\/dl><dl class='gallery-item'>\n\t\t\t<dt class='gallery-icon landscape'>\n\t\t\t\t<a href='https:\/\/franciscanos.org.br\/noticias\/wp-content\/uploads\/2022\/11\/concerto_04112022_7.jpeg'><img width=\"300\" height=\"300\" src=\"https:\/\/franciscanos.org.br\/noticias\/wp-content\/uploads\/2022\/11\/concerto_04112022_7-300x300.jpeg\" class=\"attachment-thumbnail size-thumbnail\" alt=\"\" loading=\"lazy\" srcset=\"https:\/\/franciscanos.org.br\/noticias\/wp-content\/uploads\/2022\/11\/concerto_04112022_7-300x300.jpeg 300w, https:\/\/franciscanos.org.br\/noticias\/wp-content\/uploads\/2022\/11\/concerto_04112022_7-100x100.jpeg 100w\" sizes=\"(max-width: 300px) 100vw, 300px\" \/><\/a>\n\t\t\t<\/dt><\/dl><dl class='gallery-item'>\n\t\t\t<dt class='gallery-icon landscape'>\n\t\t\t\t<a href='https:\/\/franciscanos.org.br\/noticias\/wp-content\/uploads\/2022\/11\/concerto_04112022_9.jpeg'><img width=\"300\" height=\"300\" src=\"https:\/\/franciscanos.org.br\/noticias\/wp-content\/uploads\/2022\/11\/concerto_04112022_9-300x300.jpeg\" class=\"attachment-thumbnail size-thumbnail\" alt=\"\" loading=\"lazy\" srcset=\"https:\/\/franciscanos.org.br\/noticias\/wp-content\/uploads\/2022\/11\/concerto_04112022_9-300x300.jpeg 300w, https:\/\/franciscanos.org.br\/noticias\/wp-content\/uploads\/2022\/11\/concerto_04112022_9-100x100.jpeg 100w\" sizes=\"(max-width: 300px) 100vw, 300px\" \/><\/a>\n\t\t\t<\/dt><\/dl><dl class='gallery-item'>\n\t\t\t<dt class='gallery-icon landscape'>\n\t\t\t\t<a href='https:\/\/franciscanos.org.br\/noticias\/wp-content\/uploads\/2022\/11\/concerto_04112022_10.jpeg'><img width=\"300\" height=\"300\" src=\"https:\/\/franciscanos.org.br\/noticias\/wp-content\/uploads\/2022\/11\/concerto_04112022_10-300x300.jpeg\" class=\"attachment-thumbnail size-thumbnail\" alt=\"\" loading=\"lazy\" srcset=\"https:\/\/franciscanos.org.br\/noticias\/wp-content\/uploads\/2022\/11\/concerto_04112022_10-300x300.jpeg 300w, https:\/\/franciscanos.org.br\/noticias\/wp-content\/uploads\/2022\/11\/concerto_04112022_10-100x100.jpeg 100w\" sizes=\"(max-width: 300px) 100vw, 300px\" \/><\/a>\n\t\t\t<\/dt><\/dl><br style=\"clear: both\" \/>\n\t\t<\/div>\n\n<p style=\"font-weight: 400;\">\u201cI say a little prayer for you\u201d, de Burt Bacharach e Hal David, \u00e9 de 1967 e foi a pr\u00f3xima apresenta\u00e7\u00e3o das meninas. E, na sequ\u00eancia, entoaram \u201cBohemian Rhapsody\u201d, de Freddie Mercury, que \u00e9 considerada a obra prima da banda de rock brit\u00e2nica Queen. A m\u00fasica, que tem em m\u00e9dia seis minutos, quebrou paradigmas e vem encantando f\u00e3s ao longo de d\u00e9cadas.<\/p>\n<p style=\"font-weight: 400;\">Uma das can\u00e7\u00f5es mais conhecidas da banda brit\u00e2nica The Beatles \u201cEleonor Rigby\u201d, marcou o encerramento do concerto. Originalmente lan\u00e7ada em 1966 tem como autores de composi\u00e7\u00e3o John Lennon e Paul McCartney. A m\u00fasica \u00e9 um cl\u00e1ssico! E por fim, \u201cAquarela do Brasil\u201d, de Ary Barroso atendeu ao pedido de bis do p\u00fablico presente.<\/p>\n<p style=\"text-align: center;\"><strong>VEJA OS V\u00cdDEOS DO CONCERTO<\/strong><\/p>\n<p><iframe loading=\"lazy\" title=\"YouTube video player\" src=\"https:\/\/www.youtube.com\/embed\/videoseries?list=PL1tPx1zzloxxcyKzabmQ3R1TGqxnGw6JJ\" width=\"100%\" height=\"480\" frameborder=\"0\" allowfullscreen=\"allowfullscreen\"><span data-mce-type=\"bookmark\" style=\"display: inline-block; width: 0px; overflow: hidden; line-height: 0;\" class=\"mce_SELRES_start\">\ufeff<\/span><\/iframe><\/p>\n<hr \/>\n<p><em>Frei Augusto Luiz Gabriel<\/em><\/p>\n","protected":false},"excerpt":{"rendered":"<p>34 anos do Coral das Meninas dos Canarinhos de Petr\u00f3polis<\/p>\n","protected":false},"author":5,"featured_media":240755,"comment_status":"open","ping_status":"open","sticky":false,"template":"","format":"standard","meta":[],"categories":[1],"tags":[1378,1531,1788,189],"acf":[],"yoast_head":"<!-- This site is optimized with the Yoast SEO plugin v19.2 - https:\/\/yoast.com\/wordpress\/plugins\/seo\/ -->\n<title>Canarinhos: Concerto de anivers\u00e1rio das Meninas toca as cordas da alma e do cora\u00e7\u00e3o - Not\u00edcias - Franciscanos<\/title>\n<meta name=\"robots\" content=\"index, follow, max-snippet:-1, max-image-preview:large, max-video-preview:-1\" \/>\n<link rel=\"canonical\" href=\"https:\/\/franciscanos.org.br\/noticias\/canarinhos-concerto-de-aniversario-das-meninas-toca-as-cordas-da-alma-e-do-coracao.html\" \/>\n<meta property=\"og:locale\" content=\"pt_BR\" \/>\n<meta property=\"og:type\" content=\"article\" \/>\n<meta property=\"og:title\" content=\"Canarinhos: Concerto de anivers\u00e1rio das Meninas toca as cordas da alma e do cora\u00e7\u00e3o - Not\u00edcias - Franciscanos\" \/>\n<meta property=\"og:description\" content=\"34 anos do Coral das Meninas dos Canarinhos de Petr\u00f3polis\" \/>\n<meta property=\"og:url\" content=\"https:\/\/franciscanos.org.br\/noticias\/canarinhos-concerto-de-aniversario-das-meninas-toca-as-cordas-da-alma-e-do-coracao.html\" \/>\n<meta property=\"og:site_name\" content=\"Not\u00edcias - Franciscanos\" \/>\n<meta property=\"article:published_time\" content=\"2022-11-06T00:45:36+00:00\" \/>\n<meta property=\"article:modified_time\" content=\"2023-02-07T14:03:45+00:00\" \/>\n<meta property=\"og:image\" content=\"https:\/\/franciscanos.org.br\/noticias\/wp-content\/uploads\/2022\/11\/concerto_041122_1.jpg\" \/>\n\t<meta property=\"og:image:width\" content=\"1280\" \/>\n\t<meta property=\"og:image:height\" content=\"720\" \/>\n\t<meta property=\"og:image:type\" content=\"image\/jpeg\" \/>\n<meta name=\"author\" content=\"freiaugusto\" \/>\n<meta name=\"twitter:card\" content=\"summary_large_image\" \/>\n<meta name=\"twitter:label1\" content=\"Escrito por\" \/>\n\t<meta name=\"twitter:data1\" content=\"freiaugusto\" \/>\n\t<meta name=\"twitter:label2\" content=\"Est. tempo de leitura\" \/>\n\t<meta name=\"twitter:data2\" content=\"7 minutos\" \/>\n<script type=\"application\/ld+json\" class=\"yoast-schema-graph\">{\"@context\":\"https:\/\/schema.org\",\"@graph\":[{\"@type\":\"WebSite\",\"@id\":\"https:\/\/franciscanos.org.br\/noticias\/#website\",\"url\":\"https:\/\/franciscanos.org.br\/noticias\/\",\"name\":\"Not\u00edcias - Franciscanos\",\"description\":\"Prov\u00edncia Franciscana da Imaculada Concei\u00e7\u00e3o do Brasil - Ordem dos Frades Menores - OFM\",\"potentialAction\":[{\"@type\":\"SearchAction\",\"target\":{\"@type\":\"EntryPoint\",\"urlTemplate\":\"https:\/\/franciscanos.org.br\/noticias\/?s={search_term_string}\"},\"query-input\":\"required name=search_term_string\"}],\"inLanguage\":\"pt-BR\"},{\"@type\":\"ImageObject\",\"inLanguage\":\"pt-BR\",\"@id\":\"https:\/\/franciscanos.org.br\/noticias\/canarinhos-concerto-de-aniversario-das-meninas-toca-as-cordas-da-alma-e-do-coracao.html#primaryimage\",\"url\":\"https:\/\/franciscanos.org.br\/noticias\/wp-content\/uploads\/2022\/11\/concerto_041122_1.jpg\",\"contentUrl\":\"https:\/\/franciscanos.org.br\/noticias\/wp-content\/uploads\/2022\/11\/concerto_041122_1.jpg\",\"width\":1280,\"height\":720},{\"@type\":\"WebPage\",\"@id\":\"https:\/\/franciscanos.org.br\/noticias\/canarinhos-concerto-de-aniversario-das-meninas-toca-as-cordas-da-alma-e-do-coracao.html#webpage\",\"url\":\"https:\/\/franciscanos.org.br\/noticias\/canarinhos-concerto-de-aniversario-das-meninas-toca-as-cordas-da-alma-e-do-coracao.html\",\"name\":\"Canarinhos: Concerto de anivers\u00e1rio das Meninas toca as cordas da alma e do cora\u00e7\u00e3o - Not\u00edcias - Franciscanos\",\"isPartOf\":{\"@id\":\"https:\/\/franciscanos.org.br\/noticias\/#website\"},\"primaryImageOfPage\":{\"@id\":\"https:\/\/franciscanos.org.br\/noticias\/canarinhos-concerto-de-aniversario-das-meninas-toca-as-cordas-da-alma-e-do-coracao.html#primaryimage\"},\"datePublished\":\"2022-11-06T00:45:36+00:00\",\"dateModified\":\"2023-02-07T14:03:45+00:00\",\"author\":{\"@id\":\"https:\/\/franciscanos.org.br\/noticias\/#\/schema\/person\/37f88f0d111cd5358b12a6556a99eb91\"},\"breadcrumb\":{\"@id\":\"https:\/\/franciscanos.org.br\/noticias\/canarinhos-concerto-de-aniversario-das-meninas-toca-as-cordas-da-alma-e-do-coracao.html#breadcrumb\"},\"inLanguage\":\"pt-BR\",\"potentialAction\":[{\"@type\":\"ReadAction\",\"target\":[\"https:\/\/franciscanos.org.br\/noticias\/canarinhos-concerto-de-aniversario-das-meninas-toca-as-cordas-da-alma-e-do-coracao.html\"]}]},{\"@type\":\"BreadcrumbList\",\"@id\":\"https:\/\/franciscanos.org.br\/noticias\/canarinhos-concerto-de-aniversario-das-meninas-toca-as-cordas-da-alma-e-do-coracao.html#breadcrumb\",\"itemListElement\":[{\"@type\":\"ListItem\",\"position\":1,\"name\":\"Home\",\"item\":\"https:\/\/franciscanos.org.br\/noticias\"},{\"@type\":\"ListItem\",\"position\":2,\"name\":\"Canarinhos: Concerto de anivers\u00e1rio das Meninas toca as cordas da alma e do cora\u00e7\u00e3o\"}]},{\"@type\":\"Person\",\"@id\":\"https:\/\/franciscanos.org.br\/noticias\/#\/schema\/person\/37f88f0d111cd5358b12a6556a99eb91\",\"name\":\"freiaugusto\",\"image\":{\"@type\":\"ImageObject\",\"inLanguage\":\"pt-BR\",\"@id\":\"https:\/\/franciscanos.org.br\/noticias\/#\/schema\/person\/image\/\",\"url\":\"https:\/\/secure.gravatar.com\/avatar\/9840b940e621801b24f3e6b059efb4b7?s=96&d=mm&r=g\",\"contentUrl\":\"https:\/\/secure.gravatar.com\/avatar\/9840b940e621801b24f3e6b059efb4b7?s=96&d=mm&r=g\",\"caption\":\"freiaugusto\"},\"url\":\"https:\/\/franciscanos.org.br\/noticias\/author\/freiaugusto\"}]}<\/script>\n<!-- \/ Yoast SEO plugin. -->","yoast_head_json":{"title":"Canarinhos: Concerto de anivers\u00e1rio das Meninas toca as cordas da alma e do cora\u00e7\u00e3o - Not\u00edcias - Franciscanos","robots":{"index":"index","follow":"follow","max-snippet":"max-snippet:-1","max-image-preview":"max-image-preview:large","max-video-preview":"max-video-preview:-1"},"canonical":"https:\/\/franciscanos.org.br\/noticias\/canarinhos-concerto-de-aniversario-das-meninas-toca-as-cordas-da-alma-e-do-coracao.html","og_locale":"pt_BR","og_type":"article","og_title":"Canarinhos: Concerto de anivers\u00e1rio das Meninas toca as cordas da alma e do cora\u00e7\u00e3o - Not\u00edcias - Franciscanos","og_description":"34 anos do Coral das Meninas dos Canarinhos de Petr\u00f3polis","og_url":"https:\/\/franciscanos.org.br\/noticias\/canarinhos-concerto-de-aniversario-das-meninas-toca-as-cordas-da-alma-e-do-coracao.html","og_site_name":"Not\u00edcias - Franciscanos","article_published_time":"2022-11-06T00:45:36+00:00","article_modified_time":"2023-02-07T14:03:45+00:00","og_image":[{"width":1280,"height":720,"url":"https:\/\/franciscanos.org.br\/noticias\/wp-content\/uploads\/2022\/11\/concerto_041122_1.jpg","type":"image\/jpeg"}],"author":"freiaugusto","twitter_card":"summary_large_image","twitter_misc":{"Escrito por":"freiaugusto","Est. tempo de leitura":"7 minutos"},"schema":{"@context":"https:\/\/schema.org","@graph":[{"@type":"WebSite","@id":"https:\/\/franciscanos.org.br\/noticias\/#website","url":"https:\/\/franciscanos.org.br\/noticias\/","name":"Not\u00edcias - Franciscanos","description":"Prov\u00edncia Franciscana da Imaculada Concei\u00e7\u00e3o do Brasil - Ordem dos Frades Menores - OFM","potentialAction":[{"@type":"SearchAction","target":{"@type":"EntryPoint","urlTemplate":"https:\/\/franciscanos.org.br\/noticias\/?s={search_term_string}"},"query-input":"required name=search_term_string"}],"inLanguage":"pt-BR"},{"@type":"ImageObject","inLanguage":"pt-BR","@id":"https:\/\/franciscanos.org.br\/noticias\/canarinhos-concerto-de-aniversario-das-meninas-toca-as-cordas-da-alma-e-do-coracao.html#primaryimage","url":"https:\/\/franciscanos.org.br\/noticias\/wp-content\/uploads\/2022\/11\/concerto_041122_1.jpg","contentUrl":"https:\/\/franciscanos.org.br\/noticias\/wp-content\/uploads\/2022\/11\/concerto_041122_1.jpg","width":1280,"height":720},{"@type":"WebPage","@id":"https:\/\/franciscanos.org.br\/noticias\/canarinhos-concerto-de-aniversario-das-meninas-toca-as-cordas-da-alma-e-do-coracao.html#webpage","url":"https:\/\/franciscanos.org.br\/noticias\/canarinhos-concerto-de-aniversario-das-meninas-toca-as-cordas-da-alma-e-do-coracao.html","name":"Canarinhos: Concerto de anivers\u00e1rio das Meninas toca as cordas da alma e do cora\u00e7\u00e3o - Not\u00edcias - Franciscanos","isPartOf":{"@id":"https:\/\/franciscanos.org.br\/noticias\/#website"},"primaryImageOfPage":{"@id":"https:\/\/franciscanos.org.br\/noticias\/canarinhos-concerto-de-aniversario-das-meninas-toca-as-cordas-da-alma-e-do-coracao.html#primaryimage"},"datePublished":"2022-11-06T00:45:36+00:00","dateModified":"2023-02-07T14:03:45+00:00","author":{"@id":"https:\/\/franciscanos.org.br\/noticias\/#\/schema\/person\/37f88f0d111cd5358b12a6556a99eb91"},"breadcrumb":{"@id":"https:\/\/franciscanos.org.br\/noticias\/canarinhos-concerto-de-aniversario-das-meninas-toca-as-cordas-da-alma-e-do-coracao.html#breadcrumb"},"inLanguage":"pt-BR","potentialAction":[{"@type":"ReadAction","target":["https:\/\/franciscanos.org.br\/noticias\/canarinhos-concerto-de-aniversario-das-meninas-toca-as-cordas-da-alma-e-do-coracao.html"]}]},{"@type":"BreadcrumbList","@id":"https:\/\/franciscanos.org.br\/noticias\/canarinhos-concerto-de-aniversario-das-meninas-toca-as-cordas-da-alma-e-do-coracao.html#breadcrumb","itemListElement":[{"@type":"ListItem","position":1,"name":"Home","item":"https:\/\/franciscanos.org.br\/noticias"},{"@type":"ListItem","position":2,"name":"Canarinhos: Concerto de anivers\u00e1rio das Meninas toca as cordas da alma e do cora\u00e7\u00e3o"}]},{"@type":"Person","@id":"https:\/\/franciscanos.org.br\/noticias\/#\/schema\/person\/37f88f0d111cd5358b12a6556a99eb91","name":"freiaugusto","image":{"@type":"ImageObject","inLanguage":"pt-BR","@id":"https:\/\/franciscanos.org.br\/noticias\/#\/schema\/person\/image\/","url":"https:\/\/secure.gravatar.com\/avatar\/9840b940e621801b24f3e6b059efb4b7?s=96&d=mm&r=g","contentUrl":"https:\/\/secure.gravatar.com\/avatar\/9840b940e621801b24f3e6b059efb4b7?s=96&d=mm&r=g","caption":"freiaugusto"},"url":"https:\/\/franciscanos.org.br\/noticias\/author\/freiaugusto"}]}},"_links":{"self":[{"href":"https:\/\/franciscanos.org.br\/noticias\/wp-json\/wp\/v2\/posts\/240750"}],"collection":[{"href":"https:\/\/franciscanos.org.br\/noticias\/wp-json\/wp\/v2\/posts"}],"about":[{"href":"https:\/\/franciscanos.org.br\/noticias\/wp-json\/wp\/v2\/types\/post"}],"author":[{"embeddable":true,"href":"https:\/\/franciscanos.org.br\/noticias\/wp-json\/wp\/v2\/users\/5"}],"replies":[{"embeddable":true,"href":"https:\/\/franciscanos.org.br\/noticias\/wp-json\/wp\/v2\/comments?post=240750"}],"version-history":[{"count":8,"href":"https:\/\/franciscanos.org.br\/noticias\/wp-json\/wp\/v2\/posts\/240750\/revisions"}],"predecessor-version":[{"id":242190,"href":"https:\/\/franciscanos.org.br\/noticias\/wp-json\/wp\/v2\/posts\/240750\/revisions\/242190"}],"wp:featuredmedia":[{"embeddable":true,"href":"https:\/\/franciscanos.org.br\/noticias\/wp-json\/wp\/v2\/media\/240755"}],"wp:attachment":[{"href":"https:\/\/franciscanos.org.br\/noticias\/wp-json\/wp\/v2\/media?parent=240750"}],"wp:term":[{"taxonomy":"category","embeddable":true,"href":"https:\/\/franciscanos.org.br\/noticias\/wp-json\/wp\/v2\/categories?post=240750"},{"taxonomy":"post_tag","embeddable":true,"href":"https:\/\/franciscanos.org.br\/noticias\/wp-json\/wp\/v2\/tags?post=240750"}],"curies":[{"name":"wp","href":"https:\/\/api.w.org\/{rel}","templated":true}]}}