{"id":240743,"date":"2022-11-05T12:18:33","date_gmt":"2022-11-05T15:18:33","guid":{"rendered":"https:\/\/franciscanos.org.br\/noticias\/?p=240743"},"modified":"2022-11-05T12:18:33","modified_gmt":"2022-11-05T15:18:33","slug":"em-meio-a-guerra-frei-massimo-volta-a-ucrania-para-rever-seus-confrades-e-o-povo","status":"publish","type":"post","link":"https:\/\/franciscanos.org.br\/noticias\/em-meio-a-guerra-frei-massimo-volta-a-ucrania-para-rever-seus-confrades-e-o-povo.html","title":{"rendered":"Em meio \u00e0 guerra, Frei Massimo volta \u00e0 Ucr\u00e2nia para rever seus confrades e o povo"},"content":{"rendered":"<p><img loading=\"lazy\" class=\"alignnone size-full wp-image-240744\" src=\"https:\/\/franciscanos.org.br\/noticias\/wp-content\/uploads\/2022\/11\/visita_03-scaled.jpg\" alt=\"\" width=\"1920\" height=\"1280\" srcset=\"https:\/\/franciscanos.org.br\/noticias\/wp-content\/uploads\/2022\/11\/visita_03-scaled.jpg 1620w, https:\/\/franciscanos.org.br\/noticias\/wp-content\/uploads\/2022\/11\/visita_03-450x300.jpg 450w, https:\/\/franciscanos.org.br\/noticias\/wp-content\/uploads\/2022\/11\/visita_03-1024x683.jpg 1024w, https:\/\/franciscanos.org.br\/noticias\/wp-content\/uploads\/2022\/11\/visita_03-768x512.jpg 768w, https:\/\/franciscanos.org.br\/noticias\/wp-content\/uploads\/2022\/11\/visita_03-1536x1024.jpg 1536w, https:\/\/franciscanos.org.br\/noticias\/wp-content\/uploads\/2022\/11\/visita_03-150x100.jpg 150w\" sizes=\"(max-width: 1920px) 100vw, 1920px\" \/><\/p>\n<p>De 27 a 30 de outubro, o Ministro geral Frei Massimo Fusarelli, acompanhado por Frei Konrad Cholewa, Definidor geral para a Confer\u00eancia Eslava do Norte, visitou a Ucr\u00e2nia como forte sinal de solidariedade fraterna, encontrando-se com os frades da Prov\u00edncia Arcanjo Miguel e como testemunho de proximidade com o povo ucraniano, submetido durante meses ao horror da guerra. Esta \u00e9 a segunda visita do Ministro geral depois da Semana Santa.<\/p>\n<p>Durante o primeiro dia, Frei Massimo e Frei Konrad visitaram a C\u00faria Provincial dos Frades Menores em Zhytomyr, onde tiveram a oportunidade de ver com seus pr\u00f3prios olhos a destrui\u00e7\u00e3o causada pela guerra: uma escola destru\u00edda por m\u00edsseis russos e um dormit\u00f3rio civil atingido por bombas a\u00e9reas. \u00c0 noite, o Ministro encontrou-se com os frades da Fraternidade local, incentivando-os a permanecerem pr\u00f3ximos das pessoas em dificuldade. O Ministro provincial, Frei Daniel Botvina, mostrou os espa\u00e7os que podem ser utilizados pelos refugiados que fogem da guerra que afeta especialmente o Leste da Ucr\u00e2nia.<\/p>\n<p><img loading=\"lazy\" class=\"alignnone size-full wp-image-240745\" src=\"https:\/\/franciscanos.org.br\/noticias\/wp-content\/uploads\/2022\/11\/visita_01.jpg\" alt=\"\" width=\"1024\" height=\"768\" srcset=\"https:\/\/franciscanos.org.br\/noticias\/wp-content\/uploads\/2022\/11\/visita_01.jpg 1024w, https:\/\/franciscanos.org.br\/noticias\/wp-content\/uploads\/2022\/11\/visita_01-450x338.jpg 450w, https:\/\/franciscanos.org.br\/noticias\/wp-content\/uploads\/2022\/11\/visita_01-768x576.jpg 768w, https:\/\/franciscanos.org.br\/noticias\/wp-content\/uploads\/2022\/11\/visita_01-150x113.jpg 150w, https:\/\/franciscanos.org.br\/noticias\/wp-content\/uploads\/2022\/11\/visita_01-600x450.jpg 600w\" sizes=\"(max-width: 1024px) 100vw, 1024px\" \/><\/p>\n<p>No dia seguinte, a visita foi em Shargorod, onde Frei Massimo teve a oportunidade de ver a maioria dos frades da Prov\u00edncia, a quem dirigiu sua mensagem de paz e aben\u00e7oou solenemente o Convento que os frades v\u00eam construindo h\u00e1 v\u00e1rios anos. Durante a Santa Missa, presidida na par\u00f3quia local dos Frades, o Ministro expressou sua admira\u00e7\u00e3o pela coragem do povo ucraniano e pediu ora\u00e7\u00f5es pela paz, dizendo, entre outras coisas: \u201cA for\u00e7a que nos d\u00e1 Jesus sustente a todos, queridos irm\u00e3os e irm\u00e3s, que vivem nesta terra atormentada e agredida: que os ajude a caminhar em comunh\u00e3o\u00a0 e em profunda uni\u00e3o com o vosso povo, evitando tudo o que vos possa afastar das condi\u00e7\u00f5es de vida de todos e dispostos a partilhar as alegrias e as esperan\u00e7as, as ansiedades e as incertezas, as quest\u00f5es de todos\u201d.<\/p>\n<p><img loading=\"lazy\" class=\"alignnone size-full wp-image-240746\" src=\"https:\/\/franciscanos.org.br\/noticias\/wp-content\/uploads\/2022\/11\/visita_04-scaled.jpg\" alt=\"\" width=\"1920\" height=\"1280\" srcset=\"https:\/\/franciscanos.org.br\/noticias\/wp-content\/uploads\/2022\/11\/visita_04-scaled.jpg 1620w, https:\/\/franciscanos.org.br\/noticias\/wp-content\/uploads\/2022\/11\/visita_04-450x300.jpg 450w, https:\/\/franciscanos.org.br\/noticias\/wp-content\/uploads\/2022\/11\/visita_04-1024x683.jpg 1024w, https:\/\/franciscanos.org.br\/noticias\/wp-content\/uploads\/2022\/11\/visita_04-768x512.jpg 768w, https:\/\/franciscanos.org.br\/noticias\/wp-content\/uploads\/2022\/11\/visita_04-1536x1024.jpg 1536w, https:\/\/franciscanos.org.br\/noticias\/wp-content\/uploads\/2022\/11\/visita_04-150x100.jpg 150w\" sizes=\"(max-width: 1920px) 100vw, 1920px\" \/><\/p>\n<p>Os frades, juntamente com o prefeito de Shargorod, tamb\u00e9m mostraram aos convidados da C\u00faria Geral a Via Sacra, \u00fanica na Ucr\u00e2nia, que eles est\u00e3o construindo gra\u00e7as aos benfeitores cat\u00f3licos ucranianos. Depois de visitar as capelas da Via Crucis, Frei Massimo e Frei Konrad visitaram o cemit\u00e9rio para rezar junto aos t\u00famulos dos soldados ucranianos mortos na guerra que ainda faz tantas v\u00edtimas. O encontro com aqueles que perderam seus filhos e netos jovens foi muito emocionante.<\/p>\n<p>No dia seguinte, o Ministro e o Definidor Geral foram ao convento de Rava Ruska, onde, depois da Santa Missa celebrada com os paroquianos, aben\u00e7oou o convento e se encontrou com outros frades da Prov\u00edncia, ouvindo suas experi\u00eancias de ajuda aos refugiados de guerra e exortando-os a serem testemunhas de paz e miseric\u00f3rdia com aqueles que n\u00e3o t\u00eam nada para viver com dignidade. Durante a homilia em Rava Ruska, acrescentou: \u201cO momento dif\u00edcil que estamos vivendo n\u00e3o nos impede de ver Jesus, al\u00e9m disso, pode ser uma grande oportunidade para encontr\u00e1-Lo e crescer na f\u00e9. Com humildade e confian\u00e7a\u201d.<\/p>\n<p><img loading=\"lazy\" class=\"alignnone size-full wp-image-240748\" src=\"https:\/\/franciscanos.org.br\/noticias\/wp-content\/uploads\/2022\/11\/vista_10-scaled.jpeg\" alt=\"\" width=\"1920\" height=\"1440\" srcset=\"https:\/\/franciscanos.org.br\/noticias\/wp-content\/uploads\/2022\/11\/vista_10-scaled.jpeg 1440w, https:\/\/franciscanos.org.br\/noticias\/wp-content\/uploads\/2022\/11\/vista_10-450x338.jpeg 450w, https:\/\/franciscanos.org.br\/noticias\/wp-content\/uploads\/2022\/11\/vista_10-1024x768.jpeg 1024w, https:\/\/franciscanos.org.br\/noticias\/wp-content\/uploads\/2022\/11\/vista_10-768x576.jpeg 768w, https:\/\/franciscanos.org.br\/noticias\/wp-content\/uploads\/2022\/11\/vista_10-1536x1152.jpeg 1536w, https:\/\/franciscanos.org.br\/noticias\/wp-content\/uploads\/2022\/11\/vista_10-2048x1536.jpeg 2048w, https:\/\/franciscanos.org.br\/noticias\/wp-content\/uploads\/2022\/11\/vista_10-150x113.jpeg 150w, https:\/\/franciscanos.org.br\/noticias\/wp-content\/uploads\/2022\/11\/vista_10-600x450.jpeg 600w\" sizes=\"(max-width: 1920px) 100vw, 1920px\" \/><\/p>\n<p>Ao final de cada homilia, Frei Massimo assegurou aos paroquianos que levaria suas sauda\u00e7\u00f5es ao Santo Padre, Papa Francisco, com quem teria uma audi\u00eancia no\u00a0 31 de outubro.<\/p>\n<p>No \u00faltimo dia, de volta \u00e0 fronteira com a Pol\u00f4nia, Frei Massimo e Frei Konrad tamb\u00e9m passaram por Lviv para almo\u00e7ar com Dom Mieczys\u0142aw Mokrzycki, Arcebispo Latino de Lviv, e ouvir seu testemunho sobre o tempo que viveram na guerra.<\/p>\n<p><img loading=\"lazy\" class=\"alignnone size-full wp-image-240747\" src=\"https:\/\/franciscanos.org.br\/noticias\/wp-content\/uploads\/2022\/11\/visita_07-scaled.jpg\" alt=\"\" width=\"1920\" height=\"1280\" srcset=\"https:\/\/franciscanos.org.br\/noticias\/wp-content\/uploads\/2022\/11\/visita_07-scaled.jpg 1620w, https:\/\/franciscanos.org.br\/noticias\/wp-content\/uploads\/2022\/11\/visita_07-450x300.jpg 450w, https:\/\/franciscanos.org.br\/noticias\/wp-content\/uploads\/2022\/11\/visita_07-1024x683.jpg 1024w, https:\/\/franciscanos.org.br\/noticias\/wp-content\/uploads\/2022\/11\/visita_07-768x512.jpg 768w, https:\/\/franciscanos.org.br\/noticias\/wp-content\/uploads\/2022\/11\/visita_07-1536x1024.jpg 1536w, https:\/\/franciscanos.org.br\/noticias\/wp-content\/uploads\/2022\/11\/visita_07-150x100.jpg 150w\" sizes=\"(max-width: 1920px) 100vw, 1920px\" \/><\/p>\n<p>Os Frades Menores da Prov\u00edncia Ucraniana de S\u00e3o Miguel Arcanjo agradeceram sinceramente ao Ministro e ao Definidor Geral da Ordem a coragem e a solidariedade com o povo ucraniano e expressaram sua alegria por poder receb\u00ea-los na Ucr\u00e2nia apesar das dif\u00edceis condi\u00e7\u00f5es da guerra.<\/p>\n<hr \/>\n<p><em>Fonte: www.ofm.org<\/em><\/p>\n","protected":false},"excerpt":{"rendered":"<p>OFM<\/p>\n","protected":false},"author":3,"featured_media":240744,"comment_status":"open","ping_status":"open","sticky":false,"template":"","format":"standard","meta":[],"categories":[1],"tags":[2013],"acf":[],"yoast_head":"<!-- This site is optimized with the Yoast SEO plugin v19.2 - https:\/\/yoast.com\/wordpress\/plugins\/seo\/ -->\n<title>Em meio \u00e0 guerra, Frei Massimo volta \u00e0 Ucr\u00e2nia para rever seus confrades e o povo - Not\u00edcias - Franciscanos<\/title>\n<meta name=\"robots\" content=\"index, follow, max-snippet:-1, max-image-preview:large, max-video-preview:-1\" \/>\n<link rel=\"canonical\" href=\"https:\/\/franciscanos.org.br\/noticias\/em-meio-a-guerra-frei-massimo-volta-a-ucrania-para-rever-seus-confrades-e-o-povo.html\" \/>\n<meta property=\"og:locale\" content=\"pt_BR\" \/>\n<meta property=\"og:type\" content=\"article\" \/>\n<meta property=\"og:title\" content=\"Em meio \u00e0 guerra, Frei Massimo volta \u00e0 Ucr\u00e2nia para rever seus confrades e o povo - Not\u00edcias - Franciscanos\" \/>\n<meta property=\"og:description\" content=\"OFM\" \/>\n<meta property=\"og:url\" content=\"https:\/\/franciscanos.org.br\/noticias\/em-meio-a-guerra-frei-massimo-volta-a-ucrania-para-rever-seus-confrades-e-o-povo.html\" \/>\n<meta property=\"og:site_name\" content=\"Not\u00edcias - Franciscanos\" \/>\n<meta property=\"article:published_time\" content=\"2022-11-05T15:18:33+00:00\" \/>\n<meta property=\"og:image\" content=\"https:\/\/franciscanos.org.br\/noticias\/wp-content\/uploads\/2022\/11\/visita_03-scaled.jpg\" \/>\n\t<meta property=\"og:image:width\" content=\"1620\" \/>\n\t<meta property=\"og:image:height\" content=\"1080\" \/>\n\t<meta property=\"og:image:type\" content=\"image\/jpeg\" \/>\n<meta name=\"author\" content=\"moacir\" \/>\n<meta name=\"twitter:card\" content=\"summary_large_image\" \/>\n<meta name=\"twitter:label1\" content=\"Escrito por\" \/>\n\t<meta name=\"twitter:data1\" content=\"moacir\" \/>\n\t<meta name=\"twitter:label2\" content=\"Est. tempo de leitura\" \/>\n\t<meta name=\"twitter:data2\" content=\"5 minutos\" \/>\n<script type=\"application\/ld+json\" class=\"yoast-schema-graph\">{\"@context\":\"https:\/\/schema.org\",\"@graph\":[{\"@type\":\"WebSite\",\"@id\":\"https:\/\/franciscanos.org.br\/noticias\/#website\",\"url\":\"https:\/\/franciscanos.org.br\/noticias\/\",\"name\":\"Not\u00edcias - Franciscanos\",\"description\":\"Prov\u00edncia Franciscana da Imaculada Concei\u00e7\u00e3o do Brasil - Ordem dos Frades Menores - OFM\",\"potentialAction\":[{\"@type\":\"SearchAction\",\"target\":{\"@type\":\"EntryPoint\",\"urlTemplate\":\"https:\/\/franciscanos.org.br\/noticias\/?s={search_term_string}\"},\"query-input\":\"required name=search_term_string\"}],\"inLanguage\":\"pt-BR\"},{\"@type\":\"ImageObject\",\"inLanguage\":\"pt-BR\",\"@id\":\"https:\/\/franciscanos.org.br\/noticias\/em-meio-a-guerra-frei-massimo-volta-a-ucrania-para-rever-seus-confrades-e-o-povo.html#primaryimage\",\"url\":\"https:\/\/franciscanos.org.br\/noticias\/wp-content\/uploads\/2022\/11\/visita_03-scaled.jpg\",\"contentUrl\":\"https:\/\/franciscanos.org.br\/noticias\/wp-content\/uploads\/2022\/11\/visita_03-scaled.jpg\",\"width\":1620,\"height\":1080},{\"@type\":\"WebPage\",\"@id\":\"https:\/\/franciscanos.org.br\/noticias\/em-meio-a-guerra-frei-massimo-volta-a-ucrania-para-rever-seus-confrades-e-o-povo.html#webpage\",\"url\":\"https:\/\/franciscanos.org.br\/noticias\/em-meio-a-guerra-frei-massimo-volta-a-ucrania-para-rever-seus-confrades-e-o-povo.html\",\"name\":\"Em meio \u00e0 guerra, Frei Massimo volta \u00e0 Ucr\u00e2nia para rever seus confrades e o povo - Not\u00edcias - Franciscanos\",\"isPartOf\":{\"@id\":\"https:\/\/franciscanos.org.br\/noticias\/#website\"},\"primaryImageOfPage\":{\"@id\":\"https:\/\/franciscanos.org.br\/noticias\/em-meio-a-guerra-frei-massimo-volta-a-ucrania-para-rever-seus-confrades-e-o-povo.html#primaryimage\"},\"datePublished\":\"2022-11-05T15:18:33+00:00\",\"dateModified\":\"2022-11-05T15:18:33+00:00\",\"author\":{\"@id\":\"https:\/\/franciscanos.org.br\/noticias\/#\/schema\/person\/b5c8cba458c330ccff548b056e95a5d4\"},\"breadcrumb\":{\"@id\":\"https:\/\/franciscanos.org.br\/noticias\/em-meio-a-guerra-frei-massimo-volta-a-ucrania-para-rever-seus-confrades-e-o-povo.html#breadcrumb\"},\"inLanguage\":\"pt-BR\",\"potentialAction\":[{\"@type\":\"ReadAction\",\"target\":[\"https:\/\/franciscanos.org.br\/noticias\/em-meio-a-guerra-frei-massimo-volta-a-ucrania-para-rever-seus-confrades-e-o-povo.html\"]}]},{\"@type\":\"BreadcrumbList\",\"@id\":\"https:\/\/franciscanos.org.br\/noticias\/em-meio-a-guerra-frei-massimo-volta-a-ucrania-para-rever-seus-confrades-e-o-povo.html#breadcrumb\",\"itemListElement\":[{\"@type\":\"ListItem\",\"position\":1,\"name\":\"Home\",\"item\":\"https:\/\/franciscanos.org.br\/noticias\"},{\"@type\":\"ListItem\",\"position\":2,\"name\":\"Em meio \u00e0 guerra, Frei Massimo volta \u00e0 Ucr\u00e2nia para rever seus confrades e o povo\"}]},{\"@type\":\"Person\",\"@id\":\"https:\/\/franciscanos.org.br\/noticias\/#\/schema\/person\/b5c8cba458c330ccff548b056e95a5d4\",\"name\":\"moacir\",\"image\":{\"@type\":\"ImageObject\",\"inLanguage\":\"pt-BR\",\"@id\":\"https:\/\/franciscanos.org.br\/noticias\/#\/schema\/person\/image\/\",\"url\":\"https:\/\/secure.gravatar.com\/avatar\/d08aa2ce4c8dd416d4479aa8536fcf64?s=96&d=mm&r=g\",\"contentUrl\":\"https:\/\/secure.gravatar.com\/avatar\/d08aa2ce4c8dd416d4479aa8536fcf64?s=96&d=mm&r=g\",\"caption\":\"moacir\"},\"url\":\"https:\/\/franciscanos.org.br\/noticias\/author\/moacir\"}]}<\/script>\n<!-- \/ Yoast SEO plugin. -->","yoast_head_json":{"title":"Em meio \u00e0 guerra, Frei Massimo volta \u00e0 Ucr\u00e2nia para rever seus confrades e o povo - Not\u00edcias - Franciscanos","robots":{"index":"index","follow":"follow","max-snippet":"max-snippet:-1","max-image-preview":"max-image-preview:large","max-video-preview":"max-video-preview:-1"},"canonical":"https:\/\/franciscanos.org.br\/noticias\/em-meio-a-guerra-frei-massimo-volta-a-ucrania-para-rever-seus-confrades-e-o-povo.html","og_locale":"pt_BR","og_type":"article","og_title":"Em meio \u00e0 guerra, Frei Massimo volta \u00e0 Ucr\u00e2nia para rever seus confrades e o povo - Not\u00edcias - Franciscanos","og_description":"OFM","og_url":"https:\/\/franciscanos.org.br\/noticias\/em-meio-a-guerra-frei-massimo-volta-a-ucrania-para-rever-seus-confrades-e-o-povo.html","og_site_name":"Not\u00edcias - Franciscanos","article_published_time":"2022-11-05T15:18:33+00:00","og_image":[{"width":1620,"height":1080,"url":"https:\/\/franciscanos.org.br\/noticias\/wp-content\/uploads\/2022\/11\/visita_03-scaled.jpg","type":"image\/jpeg"}],"author":"moacir","twitter_card":"summary_large_image","twitter_misc":{"Escrito por":"moacir","Est. tempo de leitura":"5 minutos"},"schema":{"@context":"https:\/\/schema.org","@graph":[{"@type":"WebSite","@id":"https:\/\/franciscanos.org.br\/noticias\/#website","url":"https:\/\/franciscanos.org.br\/noticias\/","name":"Not\u00edcias - Franciscanos","description":"Prov\u00edncia Franciscana da Imaculada Concei\u00e7\u00e3o do Brasil - Ordem dos Frades Menores - OFM","potentialAction":[{"@type":"SearchAction","target":{"@type":"EntryPoint","urlTemplate":"https:\/\/franciscanos.org.br\/noticias\/?s={search_term_string}"},"query-input":"required name=search_term_string"}],"inLanguage":"pt-BR"},{"@type":"ImageObject","inLanguage":"pt-BR","@id":"https:\/\/franciscanos.org.br\/noticias\/em-meio-a-guerra-frei-massimo-volta-a-ucrania-para-rever-seus-confrades-e-o-povo.html#primaryimage","url":"https:\/\/franciscanos.org.br\/noticias\/wp-content\/uploads\/2022\/11\/visita_03-scaled.jpg","contentUrl":"https:\/\/franciscanos.org.br\/noticias\/wp-content\/uploads\/2022\/11\/visita_03-scaled.jpg","width":1620,"height":1080},{"@type":"WebPage","@id":"https:\/\/franciscanos.org.br\/noticias\/em-meio-a-guerra-frei-massimo-volta-a-ucrania-para-rever-seus-confrades-e-o-povo.html#webpage","url":"https:\/\/franciscanos.org.br\/noticias\/em-meio-a-guerra-frei-massimo-volta-a-ucrania-para-rever-seus-confrades-e-o-povo.html","name":"Em meio \u00e0 guerra, Frei Massimo volta \u00e0 Ucr\u00e2nia para rever seus confrades e o povo - Not\u00edcias - Franciscanos","isPartOf":{"@id":"https:\/\/franciscanos.org.br\/noticias\/#website"},"primaryImageOfPage":{"@id":"https:\/\/franciscanos.org.br\/noticias\/em-meio-a-guerra-frei-massimo-volta-a-ucrania-para-rever-seus-confrades-e-o-povo.html#primaryimage"},"datePublished":"2022-11-05T15:18:33+00:00","dateModified":"2022-11-05T15:18:33+00:00","author":{"@id":"https:\/\/franciscanos.org.br\/noticias\/#\/schema\/person\/b5c8cba458c330ccff548b056e95a5d4"},"breadcrumb":{"@id":"https:\/\/franciscanos.org.br\/noticias\/em-meio-a-guerra-frei-massimo-volta-a-ucrania-para-rever-seus-confrades-e-o-povo.html#breadcrumb"},"inLanguage":"pt-BR","potentialAction":[{"@type":"ReadAction","target":["https:\/\/franciscanos.org.br\/noticias\/em-meio-a-guerra-frei-massimo-volta-a-ucrania-para-rever-seus-confrades-e-o-povo.html"]}]},{"@type":"BreadcrumbList","@id":"https:\/\/franciscanos.org.br\/noticias\/em-meio-a-guerra-frei-massimo-volta-a-ucrania-para-rever-seus-confrades-e-o-povo.html#breadcrumb","itemListElement":[{"@type":"ListItem","position":1,"name":"Home","item":"https:\/\/franciscanos.org.br\/noticias"},{"@type":"ListItem","position":2,"name":"Em meio \u00e0 guerra, Frei Massimo volta \u00e0 Ucr\u00e2nia para rever seus confrades e o povo"}]},{"@type":"Person","@id":"https:\/\/franciscanos.org.br\/noticias\/#\/schema\/person\/b5c8cba458c330ccff548b056e95a5d4","name":"moacir","image":{"@type":"ImageObject","inLanguage":"pt-BR","@id":"https:\/\/franciscanos.org.br\/noticias\/#\/schema\/person\/image\/","url":"https:\/\/secure.gravatar.com\/avatar\/d08aa2ce4c8dd416d4479aa8536fcf64?s=96&d=mm&r=g","contentUrl":"https:\/\/secure.gravatar.com\/avatar\/d08aa2ce4c8dd416d4479aa8536fcf64?s=96&d=mm&r=g","caption":"moacir"},"url":"https:\/\/franciscanos.org.br\/noticias\/author\/moacir"}]}},"_links":{"self":[{"href":"https:\/\/franciscanos.org.br\/noticias\/wp-json\/wp\/v2\/posts\/240743"}],"collection":[{"href":"https:\/\/franciscanos.org.br\/noticias\/wp-json\/wp\/v2\/posts"}],"about":[{"href":"https:\/\/franciscanos.org.br\/noticias\/wp-json\/wp\/v2\/types\/post"}],"author":[{"embeddable":true,"href":"https:\/\/franciscanos.org.br\/noticias\/wp-json\/wp\/v2\/users\/3"}],"replies":[{"embeddable":true,"href":"https:\/\/franciscanos.org.br\/noticias\/wp-json\/wp\/v2\/comments?post=240743"}],"version-history":[{"count":1,"href":"https:\/\/franciscanos.org.br\/noticias\/wp-json\/wp\/v2\/posts\/240743\/revisions"}],"predecessor-version":[{"id":240749,"href":"https:\/\/franciscanos.org.br\/noticias\/wp-json\/wp\/v2\/posts\/240743\/revisions\/240749"}],"wp:featuredmedia":[{"embeddable":true,"href":"https:\/\/franciscanos.org.br\/noticias\/wp-json\/wp\/v2\/media\/240744"}],"wp:attachment":[{"href":"https:\/\/franciscanos.org.br\/noticias\/wp-json\/wp\/v2\/media?parent=240743"}],"wp:term":[{"taxonomy":"category","embeddable":true,"href":"https:\/\/franciscanos.org.br\/noticias\/wp-json\/wp\/v2\/categories?post=240743"},{"taxonomy":"post_tag","embeddable":true,"href":"https:\/\/franciscanos.org.br\/noticias\/wp-json\/wp\/v2\/tags?post=240743"}],"curies":[{"name":"wp","href":"https:\/\/api.w.org\/{rel}","templated":true}]}}