{"id":240738,"date":"2022-11-05T09:18:09","date_gmt":"2022-11-05T12:18:09","guid":{"rendered":"https:\/\/franciscanos.org.br\/noticias\/?p=240738"},"modified":"2022-11-05T09:19:32","modified_gmt":"2022-11-05T12:19:32","slug":"missanobahrein","status":"publish","type":"post","link":"https:\/\/franciscanos.org.br\/noticias\/missanobahrein.html","title":{"rendered":"Papa: devemos nos comprometer a viver corajosamente a fraternidade universal"},"content":{"rendered":"<div id=\"attachment_240739\" style=\"width: 1510px\" class=\"wp-caption alignnone\"><img aria-describedby=\"caption-attachment-240739\" loading=\"lazy\" class=\"wp-image-240739 size-full\" src=\"https:\/\/franciscanos.org.br\/noticias\/wp-content\/uploads\/2022\/11\/bahrein_05.jpeg\" alt=\"\" width=\"1500\" height=\"844\" srcset=\"https:\/\/franciscanos.org.br\/noticias\/wp-content\/uploads\/2022\/11\/bahrein_05.jpeg 1500w, https:\/\/franciscanos.org.br\/noticias\/wp-content\/uploads\/2022\/11\/bahrein_05-450x253.jpeg 450w, https:\/\/franciscanos.org.br\/noticias\/wp-content\/uploads\/2022\/11\/bahrein_05-1024x576.jpeg 1024w, https:\/\/franciscanos.org.br\/noticias\/wp-content\/uploads\/2022\/11\/bahrein_05-768x432.jpeg 768w, https:\/\/franciscanos.org.br\/noticias\/wp-content\/uploads\/2022\/11\/bahrein_05-150x84.jpeg 150w\" sizes=\"(max-width: 1500px) 100vw, 1500px\" \/><p id=\"caption-attachment-240739\" class=\"wp-caption-text\"><em>\u00a0 \u00a0 \u00a0 \u00a0 \u00a0 \u00a0Imagem: Vatican Media<\/em><\/p><\/div>\n<p>O primeiro compromisso do Papa Francisco neste s\u00e1bado (05\/11) foi a Santa Missa pela Paz e Justi\u00e7a, celebrada no Est\u00e1dio Nacional do Bahrein, em Awali. Francisco iniciou sua homilia citando Isa\u00edas que afirmou que o Messias que vem \u00e9 verdadeiramente poderoso, mas \u201cn\u00e3o como um l\u00edder que guerreia e domina sobre os outros, mas como \u2018Pr\u00edncipe da paz\u2019 (9, 5), como Aquele que reconcilia os homens com Deus e entre si. A grandeza do seu poder n\u00e3o se serve da for\u00e7a da viol\u00eancia, mas da debilidade do amor\u201d.<\/p>\n<p>\u201cEste \u00e9 o poder de Cristo: o amor. E confere tamb\u00e9m a n\u00f3s o mesmo poder, o poder de amar, de amar em seu nome, de amar como Ele amou. Como? De modo incondicional: n\u00e3o s\u00f3 quando as coisas correm bem e temos vontade de amar, mas sempre; n\u00e3o apenas aos nossos amigos e vizinhos, mas a todos, mesmo inimigos\u201d<\/p>\n<p><strong>Amar sempre<\/strong><br \/>\nEm seguida convidou a refletir sobre estes dois temas: \u201camar sempre e amar a todos\u201d. Ao falar sobre amar sempre recordou as palavras de Jesus que nos convidam a fazer isso, isto \u00e9, \u201ca permanecer sempre no seu amor, a cultiv\u00e1-lo e pratic\u00e1-lo qualquer que seja a situa\u00e7\u00e3o onde vivermos\u201d. Advertindo em seguida: \u201cMas aten\u00e7\u00e3o! O olhar de Jesus \u00e9 realista; n\u00e3o diz que ser\u00e1 f\u00e1cil nem prop\u00f5e um amor sentimental e rom\u00e2ntico\u201d, esclarecendo, \u201cJesus n\u00e3o \u00e9 ut\u00f3pico, mas realista: fala explicitamente de \u2018maus\u2019 e de \u2018inimigos\u2019 (cf. 5, 39.43). Sabe que acontece uma luta di\u00e1ria entre amor e \u00f3dio, no \u00e2mbito dos nossos relacionamentos\u201d, disse acrescentando em seguida, \u201cEle v\u00ea e sofre ao contemplar, nos nossos dias e em muitas partes do mundo, exerc\u00edcios do poder que se nutrem de opress\u00e3o e viol\u00eancia, procuram aumentar o espa\u00e7o pr\u00f3prio restringindo o dos outros, impondo o pr\u00f3prio dom\u00ednio, limitando as liberdades fundamentais, oprimindo os mais fr\u00e1geis. Concluindo, Jesus bem sabe que h\u00e1 conflitos, opress\u00f5es, inimizades&#8221;.<\/p>\n<p><strong>Permanecer fiel no amor<\/strong><br \/>\nColocando a quest\u00e3o na pr\u00e1tica o Papa se pergunta: \u201cQue havemos de fazer quando nos encontramos em situa\u00e7\u00f5es do g\u00eanero? A proposta de Jesus \u00e9 surpreendente, intr\u00e9pida, audaz. Pede aos seus a coragem de arriscar por algo que, na apar\u00eancia, \u00e9 perdedor; pede-lhes para permanecerem sempre, fielmente, no amor, apesar de tudo, mesmo perante o mal e o inimigo\u201d.<\/p>\n<p>\u201cAqui est\u00e1 o que nos pede o Senhor: que n\u00e3o sonhemos idealisticamente com um mundo animado pela fraternidade, mas que nos comprometamos \u2013 principiando n\u00f3s mesmos \u2013 a viver concreta e corajosamente a fraternidade universal, perseverando no bem mesmo quando recebemos o mal, quebrando a espiral da vingan\u00e7a, desarmando a viol\u00eancia, desmilitarizando o cora\u00e7\u00e3o\u201d<\/p>\n<p>Observando em seguida que o convite de Jesus n\u00e3o tem a ver primariamente com as grandes quest\u00f5es da humanidade, \u201cmas com as situa\u00e7\u00f5es concretas da nossa vida: os nossos la\u00e7os familiares\u201d. \u201cHaver\u00e1 atritos, momentos de tens\u00e3o, conflitos, diversidade de perspetivas, mas quem segue o Pr\u00edncipe da paz deve procurar sempre a paz. Exortando em seguida: \u201c\u00c9 preciso \u2018desativar\u2019, quebrar a cadeia do mal, romper a espiral da viol\u00eancia\u201d. \u201cDevemos permanecer no amor, sempre: \u00e9 o caminho de Jesus para dar gl\u00f3ria ao Deus do c\u00e9u e construir a paz na terra. Amar sempre\u201d.<\/p>\n<p><strong>Amar a todos<\/strong><br \/>\nAo falar sobre o segundo aspecto \u201camar a todos\u201d, Francisco disse que \u201cpodemos empenhar-nos no amor, mas n\u00e3o basta se o circunscrevermos \u00e0 esfera restrita das pessoas de quem recebemos igualmente amor\u201d. \u201cTamb\u00e9m neste caso\u201d, esclarece o Papa, \u201co convite de Jesus \u00e9 surpreendente, porque amplia os confins da lei e do bom senso: j\u00e1 \u00e9 dif\u00edcil, embora razo\u00e1vel, amar o pr\u00f3ximo, quem \u00e9 nosso vizinho\u201d. \u201cMas que sucede se, quem estava distante, vem para perto de n\u00f3s, se quem \u00e9 estrangeiro, diferente ou de outro credo se torna nosso vizinho de casa?\u201d E referindo ao Bahrein disse: \u201cprecisamente esta na\u00e7\u00e3o \u00e9 uma imagem viva da conviv\u00eancia na diversidade, do nosso mundo marcado sempre mais pela migra\u00e7\u00e3o permanente dos povos e pelo pluralismo de ideias, usos e tradi\u00e7\u00f5es\u201d.<\/p>\n<p>\u201cO verdadeiro desafio, para ser filhos do Pai e construir um mundo de irm\u00e3os, \u00e9 aprender a amar a todos, mesmo o inimigo\u201d<\/p>\n<p>\u201cNa realidade\u201d, disse ainda, \u201cisto significa escolher n\u00e3o ter inimigos: ver no outro, n\u00e3o um obst\u00e1culo a superar, mas um irm\u00e3o e uma irm\u00e3 a amar. Amar o inimigo \u00e9 trazer \u00e0 terra um reflexo do C\u00e9u, \u00e9 fazer descer sobre o mundo o olhar e o cora\u00e7\u00e3o do Pai, que n\u00e3o faz distin\u00e7\u00f5es nem discrimina, mas \u2018faz com que o sol se levante sobre os bons e os maus e faz cair a chuva sobre os justos e os pecadores\u2019&#8221;.<\/p>\n<p><strong>Gra\u00e7a<\/strong><br \/>\nReiterando Francisco disse ainda que o poder de Jesus \u00e9 o amor, e Jesus d\u00e1-nos o poder de amar desta maneira, de uma forma que nos parece sobre-humana. Na verdade, uma tal capacidade n\u00e3o pode ser fruto apenas dos nossos esfor\u00e7os; \u00e9, antes de mais nada, uma gra\u00e7a; uma gra\u00e7a que deve ser pedida com insist\u00eancia. Sugerindo em seguida: \u201cFrequentemente confiamos \u00e0 aten\u00e7\u00e3o do Senhor muitos pedidos, mas o pedido essencial para o crist\u00e3o \u00e9 este: saber amar como Cristo\u201d. Deste modo disse, \u201clentamente, v\u00e3o caindo os muros que nos endurecem o cora\u00e7\u00e3o e encontramos a alegria de praticar obras de miseric\u00f3rdia para com todos. Ent\u00e3o compreendemos que uma vida feliz passa atrav\u00e9s das Bem-aventuran\u00e7as e consiste em sermos construtores de paz (cf. Mt 5, 9).<\/p>\n<hr \/>\n<p><em>Fonte: Vatican News (texto de Jane Nogara)<\/em><\/p>\n","protected":false},"excerpt":{"rendered":"<p>Santa Missa pela Paz e Justi\u00e7a na Viagem Apost\u00f3lica ao Bahrein<\/p>\n","protected":false},"author":3,"featured_media":240739,"comment_status":"open","ping_status":"open","sticky":false,"template":"","format":"standard","meta":[],"categories":[1428],"tags":[1140],"acf":[],"yoast_head":"<!-- This site is optimized with the Yoast SEO plugin v19.2 - https:\/\/yoast.com\/wordpress\/plugins\/seo\/ -->\n<title>Papa: devemos nos comprometer a viver corajosamente a fraternidade universal - Not\u00edcias - Franciscanos<\/title>\n<meta name=\"robots\" content=\"index, follow, max-snippet:-1, max-image-preview:large, max-video-preview:-1\" \/>\n<link rel=\"canonical\" href=\"https:\/\/franciscanos.org.br\/noticias\/missanobahrein.html\" \/>\n<meta property=\"og:locale\" content=\"pt_BR\" \/>\n<meta property=\"og:type\" content=\"article\" \/>\n<meta property=\"og:title\" content=\"Papa: devemos nos comprometer a viver corajosamente a fraternidade universal - Not\u00edcias - Franciscanos\" \/>\n<meta property=\"og:description\" content=\"Santa Missa pela Paz e Justi\u00e7a na Viagem Apost\u00f3lica ao Bahrein\" \/>\n<meta property=\"og:url\" content=\"https:\/\/franciscanos.org.br\/noticias\/missanobahrein.html\" \/>\n<meta property=\"og:site_name\" content=\"Not\u00edcias - Franciscanos\" \/>\n<meta property=\"article:published_time\" content=\"2022-11-05T12:18:09+00:00\" \/>\n<meta property=\"article:modified_time\" content=\"2022-11-05T12:19:32+00:00\" \/>\n<meta property=\"og:image\" content=\"https:\/\/franciscanos.org.br\/noticias\/wp-content\/uploads\/2022\/11\/bahrein_05.jpeg\" \/>\n\t<meta property=\"og:image:width\" content=\"1500\" \/>\n\t<meta property=\"og:image:height\" content=\"844\" \/>\n\t<meta property=\"og:image:type\" content=\"image\/jpeg\" \/>\n<meta name=\"author\" content=\"moacir\" \/>\n<meta name=\"twitter:card\" content=\"summary_large_image\" \/>\n<meta name=\"twitter:label1\" content=\"Escrito por\" \/>\n\t<meta name=\"twitter:data1\" content=\"moacir\" \/>\n\t<meta name=\"twitter:label2\" content=\"Est. tempo de leitura\" \/>\n\t<meta name=\"twitter:data2\" content=\"5 minutos\" \/>\n<script type=\"application\/ld+json\" class=\"yoast-schema-graph\">{\"@context\":\"https:\/\/schema.org\",\"@graph\":[{\"@type\":\"WebSite\",\"@id\":\"https:\/\/franciscanos.org.br\/noticias\/#website\",\"url\":\"https:\/\/franciscanos.org.br\/noticias\/\",\"name\":\"Not\u00edcias - Franciscanos\",\"description\":\"Prov\u00edncia Franciscana da Imaculada Concei\u00e7\u00e3o do Brasil - Ordem dos Frades Menores - OFM\",\"potentialAction\":[{\"@type\":\"SearchAction\",\"target\":{\"@type\":\"EntryPoint\",\"urlTemplate\":\"https:\/\/franciscanos.org.br\/noticias\/?s={search_term_string}\"},\"query-input\":\"required name=search_term_string\"}],\"inLanguage\":\"pt-BR\"},{\"@type\":\"ImageObject\",\"inLanguage\":\"pt-BR\",\"@id\":\"https:\/\/franciscanos.org.br\/noticias\/missanobahrein.html#primaryimage\",\"url\":\"https:\/\/franciscanos.org.br\/noticias\/wp-content\/uploads\/2022\/11\/bahrein_05.jpeg\",\"contentUrl\":\"https:\/\/franciscanos.org.br\/noticias\/wp-content\/uploads\/2022\/11\/bahrein_05.jpeg\",\"width\":1500,\"height\":844},{\"@type\":\"WebPage\",\"@id\":\"https:\/\/franciscanos.org.br\/noticias\/missanobahrein.html#webpage\",\"url\":\"https:\/\/franciscanos.org.br\/noticias\/missanobahrein.html\",\"name\":\"Papa: devemos nos comprometer a viver corajosamente a fraternidade universal - Not\u00edcias - Franciscanos\",\"isPartOf\":{\"@id\":\"https:\/\/franciscanos.org.br\/noticias\/#website\"},\"primaryImageOfPage\":{\"@id\":\"https:\/\/franciscanos.org.br\/noticias\/missanobahrein.html#primaryimage\"},\"datePublished\":\"2022-11-05T12:18:09+00:00\",\"dateModified\":\"2022-11-05T12:19:32+00:00\",\"author\":{\"@id\":\"https:\/\/franciscanos.org.br\/noticias\/#\/schema\/person\/b5c8cba458c330ccff548b056e95a5d4\"},\"breadcrumb\":{\"@id\":\"https:\/\/franciscanos.org.br\/noticias\/missanobahrein.html#breadcrumb\"},\"inLanguage\":\"pt-BR\",\"potentialAction\":[{\"@type\":\"ReadAction\",\"target\":[\"https:\/\/franciscanos.org.br\/noticias\/missanobahrein.html\"]}]},{\"@type\":\"BreadcrumbList\",\"@id\":\"https:\/\/franciscanos.org.br\/noticias\/missanobahrein.html#breadcrumb\",\"itemListElement\":[{\"@type\":\"ListItem\",\"position\":1,\"name\":\"Home\",\"item\":\"https:\/\/franciscanos.org.br\/noticias\"},{\"@type\":\"ListItem\",\"position\":2,\"name\":\"Papa: devemos nos comprometer a viver corajosamente a fraternidade universal\"}]},{\"@type\":\"Person\",\"@id\":\"https:\/\/franciscanos.org.br\/noticias\/#\/schema\/person\/b5c8cba458c330ccff548b056e95a5d4\",\"name\":\"moacir\",\"image\":{\"@type\":\"ImageObject\",\"inLanguage\":\"pt-BR\",\"@id\":\"https:\/\/franciscanos.org.br\/noticias\/#\/schema\/person\/image\/\",\"url\":\"https:\/\/secure.gravatar.com\/avatar\/d08aa2ce4c8dd416d4479aa8536fcf64?s=96&d=mm&r=g\",\"contentUrl\":\"https:\/\/secure.gravatar.com\/avatar\/d08aa2ce4c8dd416d4479aa8536fcf64?s=96&d=mm&r=g\",\"caption\":\"moacir\"},\"url\":\"https:\/\/franciscanos.org.br\/noticias\/author\/moacir\"}]}<\/script>\n<!-- \/ Yoast SEO plugin. -->","yoast_head_json":{"title":"Papa: devemos nos comprometer a viver corajosamente a fraternidade universal - Not\u00edcias - Franciscanos","robots":{"index":"index","follow":"follow","max-snippet":"max-snippet:-1","max-image-preview":"max-image-preview:large","max-video-preview":"max-video-preview:-1"},"canonical":"https:\/\/franciscanos.org.br\/noticias\/missanobahrein.html","og_locale":"pt_BR","og_type":"article","og_title":"Papa: devemos nos comprometer a viver corajosamente a fraternidade universal - Not\u00edcias - Franciscanos","og_description":"Santa Missa pela Paz e Justi\u00e7a na Viagem Apost\u00f3lica ao Bahrein","og_url":"https:\/\/franciscanos.org.br\/noticias\/missanobahrein.html","og_site_name":"Not\u00edcias - Franciscanos","article_published_time":"2022-11-05T12:18:09+00:00","article_modified_time":"2022-11-05T12:19:32+00:00","og_image":[{"width":1500,"height":844,"url":"https:\/\/franciscanos.org.br\/noticias\/wp-content\/uploads\/2022\/11\/bahrein_05.jpeg","type":"image\/jpeg"}],"author":"moacir","twitter_card":"summary_large_image","twitter_misc":{"Escrito por":"moacir","Est. tempo de leitura":"5 minutos"},"schema":{"@context":"https:\/\/schema.org","@graph":[{"@type":"WebSite","@id":"https:\/\/franciscanos.org.br\/noticias\/#website","url":"https:\/\/franciscanos.org.br\/noticias\/","name":"Not\u00edcias - Franciscanos","description":"Prov\u00edncia Franciscana da Imaculada Concei\u00e7\u00e3o do Brasil - Ordem dos Frades Menores - OFM","potentialAction":[{"@type":"SearchAction","target":{"@type":"EntryPoint","urlTemplate":"https:\/\/franciscanos.org.br\/noticias\/?s={search_term_string}"},"query-input":"required name=search_term_string"}],"inLanguage":"pt-BR"},{"@type":"ImageObject","inLanguage":"pt-BR","@id":"https:\/\/franciscanos.org.br\/noticias\/missanobahrein.html#primaryimage","url":"https:\/\/franciscanos.org.br\/noticias\/wp-content\/uploads\/2022\/11\/bahrein_05.jpeg","contentUrl":"https:\/\/franciscanos.org.br\/noticias\/wp-content\/uploads\/2022\/11\/bahrein_05.jpeg","width":1500,"height":844},{"@type":"WebPage","@id":"https:\/\/franciscanos.org.br\/noticias\/missanobahrein.html#webpage","url":"https:\/\/franciscanos.org.br\/noticias\/missanobahrein.html","name":"Papa: devemos nos comprometer a viver corajosamente a fraternidade universal - Not\u00edcias - Franciscanos","isPartOf":{"@id":"https:\/\/franciscanos.org.br\/noticias\/#website"},"primaryImageOfPage":{"@id":"https:\/\/franciscanos.org.br\/noticias\/missanobahrein.html#primaryimage"},"datePublished":"2022-11-05T12:18:09+00:00","dateModified":"2022-11-05T12:19:32+00:00","author":{"@id":"https:\/\/franciscanos.org.br\/noticias\/#\/schema\/person\/b5c8cba458c330ccff548b056e95a5d4"},"breadcrumb":{"@id":"https:\/\/franciscanos.org.br\/noticias\/missanobahrein.html#breadcrumb"},"inLanguage":"pt-BR","potentialAction":[{"@type":"ReadAction","target":["https:\/\/franciscanos.org.br\/noticias\/missanobahrein.html"]}]},{"@type":"BreadcrumbList","@id":"https:\/\/franciscanos.org.br\/noticias\/missanobahrein.html#breadcrumb","itemListElement":[{"@type":"ListItem","position":1,"name":"Home","item":"https:\/\/franciscanos.org.br\/noticias"},{"@type":"ListItem","position":2,"name":"Papa: devemos nos comprometer a viver corajosamente a fraternidade universal"}]},{"@type":"Person","@id":"https:\/\/franciscanos.org.br\/noticias\/#\/schema\/person\/b5c8cba458c330ccff548b056e95a5d4","name":"moacir","image":{"@type":"ImageObject","inLanguage":"pt-BR","@id":"https:\/\/franciscanos.org.br\/noticias\/#\/schema\/person\/image\/","url":"https:\/\/secure.gravatar.com\/avatar\/d08aa2ce4c8dd416d4479aa8536fcf64?s=96&d=mm&r=g","contentUrl":"https:\/\/secure.gravatar.com\/avatar\/d08aa2ce4c8dd416d4479aa8536fcf64?s=96&d=mm&r=g","caption":"moacir"},"url":"https:\/\/franciscanos.org.br\/noticias\/author\/moacir"}]}},"_links":{"self":[{"href":"https:\/\/franciscanos.org.br\/noticias\/wp-json\/wp\/v2\/posts\/240738"}],"collection":[{"href":"https:\/\/franciscanos.org.br\/noticias\/wp-json\/wp\/v2\/posts"}],"about":[{"href":"https:\/\/franciscanos.org.br\/noticias\/wp-json\/wp\/v2\/types\/post"}],"author":[{"embeddable":true,"href":"https:\/\/franciscanos.org.br\/noticias\/wp-json\/wp\/v2\/users\/3"}],"replies":[{"embeddable":true,"href":"https:\/\/franciscanos.org.br\/noticias\/wp-json\/wp\/v2\/comments?post=240738"}],"version-history":[{"count":3,"href":"https:\/\/franciscanos.org.br\/noticias\/wp-json\/wp\/v2\/posts\/240738\/revisions"}],"predecessor-version":[{"id":240742,"href":"https:\/\/franciscanos.org.br\/noticias\/wp-json\/wp\/v2\/posts\/240738\/revisions\/240742"}],"wp:featuredmedia":[{"embeddable":true,"href":"https:\/\/franciscanos.org.br\/noticias\/wp-json\/wp\/v2\/media\/240739"}],"wp:attachment":[{"href":"https:\/\/franciscanos.org.br\/noticias\/wp-json\/wp\/v2\/media?parent=240738"}],"wp:term":[{"taxonomy":"category","embeddable":true,"href":"https:\/\/franciscanos.org.br\/noticias\/wp-json\/wp\/v2\/categories?post=240738"},{"taxonomy":"post_tag","embeddable":true,"href":"https:\/\/franciscanos.org.br\/noticias\/wp-json\/wp\/v2\/tags?post=240738"}],"curies":[{"name":"wp","href":"https:\/\/api.w.org\/{rel}","templated":true}]}}