{"id":240731,"date":"2022-11-04T06:45:14","date_gmt":"2022-11-04T09:45:14","guid":{"rendered":"https:\/\/franciscanos.org.br\/noticias\/?p=240731"},"modified":"2022-11-04T06:57:33","modified_gmt":"2022-11-04T09:57:33","slug":"papa-os-lideres-religiosos-nao-podem-deixar-de-se-comprometer-e-dar-bom-exemplo","status":"publish","type":"post","link":"https:\/\/franciscanos.org.br\/noticias\/papa-os-lideres-religiosos-nao-podem-deixar-de-se-comprometer-e-dar-bom-exemplo.html","title":{"rendered":"Papa: os l\u00edderes religiosos n\u00e3o podem deixar de se comprometer e dar bom exemplo"},"content":{"rendered":"<div id=\"attachment_240733\" style=\"width: 1510px\" class=\"wp-caption alignnone\"><img aria-describedby=\"caption-attachment-240733\" loading=\"lazy\" class=\"wp-image-240733 size-full\" src=\"https:\/\/franciscanos.org.br\/noticias\/wp-content\/uploads\/2022\/11\/oriente.jpeg\" alt=\"\" width=\"1500\" height=\"844\" srcset=\"https:\/\/franciscanos.org.br\/noticias\/wp-content\/uploads\/2022\/11\/oriente.jpeg 1500w, https:\/\/franciscanos.org.br\/noticias\/wp-content\/uploads\/2022\/11\/oriente-450x253.jpeg 450w, https:\/\/franciscanos.org.br\/noticias\/wp-content\/uploads\/2022\/11\/oriente-1024x576.jpeg 1024w, https:\/\/franciscanos.org.br\/noticias\/wp-content\/uploads\/2022\/11\/oriente-768x432.jpeg 768w, https:\/\/franciscanos.org.br\/noticias\/wp-content\/uploads\/2022\/11\/oriente-150x84.jpeg 150w\" sizes=\"(max-width: 1500px) 100vw, 1500px\" \/><p id=\"caption-attachment-240733\" class=\"wp-caption-text\"><em> \u00a0 \u00a0Imagem: Vatican Media<\/em><\/p><\/div>\n<p>O primeiro compromisso da manh\u00e3 desta sexta-feira (04\/11) do Papa Francisco no Bahrein foi a participa\u00e7\u00e3o no Encerramento do F\u00f3rum \u201cOriente e Ocidente em prol da Coexist\u00eancia Humana\u201d. Francisco iniciou seu discurso recordando que a terra vista do alto apresenta-se como um vasto mar azul, que liga margens distintas. \u201cDo c\u00e9u\u201d, disse o Papa, \u201cparece recordar-nos que somos uma fam\u00edlia: n\u00e3o ilhas, mas um \u00fanico grande arquip\u00e9lago. \u00c9 assim que o Alt\u00edssimo nos quer, e bem pode simbolizar o seu anseio este pa\u00eds, um arquip\u00e9lago de mais de trinta ilhas\u201d.<\/p>\n<p><strong>Entre dois mares de sabores opostos<\/strong><br \/>\nEm seguida recordou que contudo, vivemos tempos em que uma humanidade, interligada como nunca, se apresenta bem mais dividida do que unida. \u201cE o nome do \u2018Bahrein\u2019 pode ajudar-nos a ir mais longe na nossa reflex\u00e3o: os \u2018dois mares\u2019, que evoca, referem-se \u00e0s \u00e1guas doces das suas nascentes submarinas e \u00e0s \u00e1guas salobras do Golfo. De modo semelhante, encontramo-nos hoje perante dois mares de sabor oposto: por um lado, o mar calmo e doce da conviv\u00eancia comum, por outro, o mar amargo da indiferen\u00e7a, afligido por confrontos e agitado por ventos de guerra, com as suas devastadoras ondas sempre mais tumultuosas, com o risco de nos arrastar a todos\u201d. E Francisco lamentou que Oriente e Ocidente assemelham-se cada vez mais a dois mares contrapostos. \u201cEntretanto\u201d, encorajou, \u201cn\u00f3s estamos aqui juntos, porque pretendemos navegar no mesmo mar, escolhendo a rota do encontro em vez da do confronto, o caminho do di\u00e1logo indicado por este F\u00f3rum: &#8216;Oriente e Ocidente em prol da coexist\u00eancia humana'&#8221;.<\/p>\n<p><strong>O paradoxo mundial<\/strong><br \/>\nPonderando a quest\u00e3o disse ainda: \u201cImpressiona este paradoxo: enquanto a maior parte da popula\u00e7\u00e3o mundial se encontra unida pelas mesmas dificuldades, atormentada por graves crises alimentares, ecol\u00f3gicas e pand\u00eamicas, bem como por uma injusti\u00e7a planet\u00e1ria cada vez mais escandalosa, uns poucos poderosos concentram-se decididamente numa luta por interesses de parte, desenterrando linguagens obsoletas, redesenhando \u00e1reas de influ\u00eancia e blocos contrapostos\u201d. Alertando em seguida que \u201cveremos multiplicar-se estas amargas consequ\u00eancias, se continuarmos a acentuar as oposi\u00e7\u00f5es sem redescobrir a compreens\u00e3o\u201d, \u201cse n\u00e3o deixarmos de distinguir de forma manique\u00edsta quem \u00e9 bom e quem \u00e9 mau, se n\u00e3o nos esfor\u00e7armos por compreender e colaborar para o bem de todos\u201d. Concluindo este ponto disse:<br \/>\n\u201cEstas op\u00e7\u00f5es est\u00e3o diante de n\u00f3s, porque, num mundo globalizado, s\u00f3 se avan\u00e7a remando juntos; ao passo que, navegando sozinho, vai-se \u00e0 deriva\u201d<\/p>\n<p><strong>Documento da Fraternidade Humana<\/strong><br \/>\nEnt\u00e3o Francisco convida a considerar o Documento sobre a Fraternidade Humana em prol da Paz Mundial e da Conviv\u00eancia Comum, onde se almeja um encontro fecundo entre Ocidente e Oriente. \u201cEncontramo-nos aqui, crentes em Deus e nos irm\u00e3os, para rejeitar \u2018o pensamento isolante\u2019, aquele modo de ver a realidade que ignora o mar \u00fanico da humanidade para se concentrar apenas nas suas pr\u00f3prias correntes\u201d. Ao falar sobre os temas debatidos durante o F\u00f3rum o Papa disse que os l\u00edderes religiosos \u201cn\u00e3o podem deixar de se comprometer e dar bom exemplo\u201d.<br \/>\n\u201cAssim, continuou Francisco, \u201cqueria delinear tr\u00eas desafios, que sobressaem do Documento sobre a Fraternidade Humana e da Declara\u00e7\u00e3o do Reino do Bahrein e sobre os quais se refletiu nestes dias. Dizem respeito \u00e0 ora\u00e7\u00e3o, \u00e0 educa\u00e7\u00e3o e \u00e0 a\u00e7\u00e3o.<\/p>\n<p><strong>Ora\u00e7\u00e3o e Cora\u00e7\u00e3o<\/strong><br \/>\n\u201cEm primeiro lugar, a ora\u00e7\u00e3o, que toca o cora\u00e7\u00e3o do homem. Na realidade, os dramas que sofremos e as perigosas dilacera\u00e7\u00f5es que experimentamos, \u2018os desequil\u00edbrios de que sofre o mundo atual est\u00e3o ligados com aquele desequil\u00edbrio fundamental que se radica no cora\u00e7\u00e3o do homem\u2019\u201d (Gaudium et spes, 10).<br \/>\n\u201cPor isso mesmo a ora\u00e7\u00e3o, a abertura do cora\u00e7\u00e3o ao Alt\u00edssimo, \u00e9 fundamental para nos purificar do ego\u00edsmo, do isolamento, da autorreferencialidade, das falsidades e da injusti\u00e7a.<\/p>\n<p>\u201cQuem reza, recebe no cora\u00e7\u00e3o a paz, n\u00e3o podendo deixar de se fazer sua testemunha e mensageiro, convidando os seus semelhantes para n\u00e3o se tornarem ref\u00e9ns de um paganismo que reduz o ser humano \u00e0quilo que vende, compra ou com que se diverte, mas redescobrirem a dignidade infinita que cada um traz impressa\u201d<\/p>\n<p><strong>Liberdade religiosa<\/strong><br \/>\nPor\u00e9m afirma ainda o Papa \u201cpara que isso possa acontecer, h\u00e1 uma premissa indispens\u00e1vel: a liberdade religiosa. A Declara\u00e7\u00e3o do Reino do Bahrein explica que \u2018Deus nos orientou para o dom divino da liberdade de op\u00e7\u00e3o\u2019 e, por conseguinte, \u2018qualquer forma de coer\u00e7\u00e3o religiosa n\u00e3o pode levar a pessoa a uma rela\u00e7\u00e3o significativa com Deus\u2019\u201d.<\/p>\n<p>\u201cToda a coer\u00e7\u00e3o \u00e9 indigna do Omnipotente, pois Ele n\u00e3o entregou o mundo a escravos, mas a criaturas livres, a quem respeita profundamente\u201d<\/p>\n<p><strong>Educa\u00e7\u00e3o e mente<\/strong><br \/>\n\u201cSe o desafio da ora\u00e7\u00e3o tem a ver com o cora\u00e7\u00e3o, o segundo desafio \u2013 a educa\u00e7\u00e3o \u2013 diz respeito essencialmente \u00e0 mente do homem\u201d afirmou o Papa. \u201cA Declara\u00e7\u00e3o do Reino do Bahrein afirma que \u2018a ignor\u00e2ncia \u00e9 inimiga da paz\u2019. \u00c9 verdade que, onde faltam oportunidades de instru\u00e7\u00e3o, aumentam os extremismos e radicam-se os fundamentalismos\u201d. \u201cDe facto, \u00e9 indigno da mente humana crer que as raz\u00f5es da for\u00e7a prevalecem sobre a for\u00e7a da raz\u00e3o, usar m\u00e9todos do passado para as quest\u00f5es presentes, aplicar os esquemas da t\u00e9cnica e da conveni\u00eancia \u00e0 hist\u00f3ria e \u00e0 cultura do homem\u201d. Explicando este ponto Francisco afirma: \u201cIsto requer questionar-se, entrar em crise e saber dialogar com paci\u00eancia, respeito e esp\u00edrito de escuta; aprender a hist\u00f3ria e a cultura alheia. Assim se educa a mente do homem, alimentando a compreens\u00e3o rec\u00edproca. Porque n\u00e3o basta dizer que somos tolerantes, \u00e9 preciso abrir verdadeiramente espa\u00e7o ao outro, dar-lhe direitos e oportunidades\u201d.<\/p>\n<p><strong>Urg\u00eancias educativas<\/strong><br \/>\nO Papa descreveu em seguida tr\u00eas urg\u00eancias educativas: \u201cEm primeiro lugar, o reconhecimento da mulher na esfera p\u00fablica: reconhecer o seu direito \u2018\u00e0 instru\u00e7\u00e3o, ao trabalho, ao exerc\u00edcio dos seus direitos pol\u00edticos\u2019. Em segundo lugar, \u201c\u2018a tutela dos direitos fundamentais das crian\u00e7as\u2019, para que cres\u00e7am instru\u00eddas, assistidas, acompanhadas, n\u00e3o condenadas a viver nos mordimentos da fome e nos remordimentos da viol\u00eancia\u201d. Por fim em terceiro lugar, \u201ca educa\u00e7\u00e3o para a cidadania, para viver juntos, no respeito e na legalidade. E, em particular, a import\u00e2ncia do \u2018conceito de cidadania\u2019, que \u2018se baseia na igualdade dos direitos e dos deveres\u2019\u201d.<\/p>\n<p><strong>A\u00e7\u00e3o e as for\u00e7as do homem<\/strong><br \/>\nPor fim falou sobre o \u00faltimo dos tr\u00eas desafios: \u201caquele que diz respeito \u00e0 a\u00e7\u00e3o \u2013 poder-se-ia dizer \u2013, \u00e0s for\u00e7as do homem. A Declara\u00e7\u00e3o do Reino do Bahrein ensina que, \u2018quando se prega \u00f3dio, viol\u00eancia e disc\u00f3rdia, profana-se o nome de Deus\u2019\u201d. \u201cCom efeito\u201d, concluiu o Papa, \u201cn\u00e3o basta dizer que uma religi\u00e3o \u00e9 pac\u00edfica, \u00e9 preciso condenar e isolar os violentos que abusam do seu nome. E n\u00e3o basta sequer distanciar-se da intoler\u00e2ncia e do extremismo, \u00e9 preciso agir em sentido contr\u00e1rio\u201d. E disse com firmeza:<\/p>\n<p>\u201cPor isso, \u00e9 necess\u00e1rio interromper o apoio aos movimentos terroristas atrav\u00e9s do fornecimento de dinheiro, de armas, de planos ou justifica\u00e7\u00f5es e tamb\u00e9m da cobertura medi\u00e1tica, e considerar tudo isto como crimes internacionais que amea\u00e7am a seguran\u00e7a e a paz mundial. \u00c9 preciso condenar tal terrorismo em todas as suas formas e manifesta\u00e7\u00f5es\u201d<\/p>\n<p>Concluindo este ponto disse: \u201cO homem religioso, o homem de paz, op\u00f5e-se tamb\u00e9m \u00e0 corrida ao rearmamento, aos neg\u00f3cios da guerra, ao mercado da morte. N\u00e3o sustenta \u2018alian\u00e7as contra ningu\u00e9m\u2019, mas caminhos de encontro com todos: sem ceder a relativismos ou sincretismos de qualquer esp\u00e9cie, segue apenas uma estrada, a da fraternidade, do di\u00e1logo, da paz. Estes s\u00e3o os seus \u2018sins\u2019\u201d. Da Pra\u00e7a Al-Fida&#8217; no Pal\u00e1cio Real de Sakhir em Awali, Bahrein, a voz do Papa sobe aos c\u00e9us ao lan\u00e7ar um novo e sentido apelo &#8216;pelo fim da guerra na Ucr\u00e2nia e por s\u00e9rias negocia\u00e7\u00f5es de paz'&#8221;.<\/p>\n<p><strong>OS CAT\u00d3LICOS NO BAHREIN<\/strong><\/p>\n<p>Segundo dados de 2020, o Bahrein tem uma superf\u00edcie de 678 km\u00b2 e uma popula\u00e7\u00e3o de cerca 1.472.000 habitantes. Os cat\u00f3licos s\u00e3o cerca de 161 mil, ou seja, 10,93 a cada 100 habitantes. H\u00e1 1 Circunscri\u00e7\u00e3o Eclesi\u00e1stica e duas par\u00f3quias.<\/p>\n<p>O rebanho cat\u00f3lico \u00e9 pastoreado e acompanhado por um bispo, 13 sacerdotes diocesanos, 7 sacerdotes religiosos, 1 religioso n\u00e3o sacerdote, 7 religiosas professas e 89 catequistas. Atualmente h\u00e1 1 seminarista maior.<\/p>\n<p>Igreja \u00e9 respons\u00e1vel por 2 escolas prim\u00e1rias, que atendem 987 estudantes, e uma escola m\u00e9dia inferior e secund\u00e1ria, que atendem 328. estudantes.<\/p>\n<hr \/>\n<p><em>Fonte: Vatican News (texto de Jane Nogara)<\/em><\/p>\n","protected":false},"excerpt":{"rendered":"<p>Papa Francisco no Bahrein<\/p>\n","protected":false},"author":3,"featured_media":240733,"comment_status":"open","ping_status":"open","sticky":false,"template":"","format":"standard","meta":[],"categories":[1428],"tags":[1140],"acf":[],"yoast_head":"<!-- This site is optimized with the Yoast SEO plugin v19.2 - https:\/\/yoast.com\/wordpress\/plugins\/seo\/ -->\n<title>Papa: os l\u00edderes religiosos n\u00e3o podem deixar de se comprometer e dar bom exemplo - Not\u00edcias - Franciscanos<\/title>\n<meta name=\"robots\" content=\"index, follow, max-snippet:-1, max-image-preview:large, max-video-preview:-1\" \/>\n<link rel=\"canonical\" href=\"https:\/\/franciscanos.org.br\/noticias\/papa-os-lideres-religiosos-nao-podem-deixar-de-se-comprometer-e-dar-bom-exemplo.html\" \/>\n<meta property=\"og:locale\" content=\"pt_BR\" \/>\n<meta property=\"og:type\" content=\"article\" \/>\n<meta property=\"og:title\" content=\"Papa: os l\u00edderes religiosos n\u00e3o podem deixar de se comprometer e dar bom exemplo - Not\u00edcias - Franciscanos\" \/>\n<meta property=\"og:description\" content=\"Papa Francisco no Bahrein\" \/>\n<meta property=\"og:url\" content=\"https:\/\/franciscanos.org.br\/noticias\/papa-os-lideres-religiosos-nao-podem-deixar-de-se-comprometer-e-dar-bom-exemplo.html\" \/>\n<meta property=\"og:site_name\" content=\"Not\u00edcias - Franciscanos\" \/>\n<meta property=\"article:published_time\" content=\"2022-11-04T09:45:14+00:00\" \/>\n<meta property=\"article:modified_time\" content=\"2022-11-04T09:57:33+00:00\" \/>\n<meta property=\"og:image\" content=\"https:\/\/franciscanos.org.br\/noticias\/wp-content\/uploads\/2022\/11\/oriente.jpeg\" \/>\n\t<meta property=\"og:image:width\" content=\"1500\" \/>\n\t<meta property=\"og:image:height\" content=\"844\" \/>\n\t<meta property=\"og:image:type\" content=\"image\/jpeg\" \/>\n<meta name=\"author\" content=\"moacir\" \/>\n<meta name=\"twitter:card\" content=\"summary_large_image\" \/>\n<meta name=\"twitter:label1\" content=\"Escrito por\" \/>\n\t<meta name=\"twitter:data1\" content=\"moacir\" \/>\n\t<meta name=\"twitter:label2\" content=\"Est. tempo de leitura\" \/>\n\t<meta name=\"twitter:data2\" content=\"7 minutos\" \/>\n<script type=\"application\/ld+json\" class=\"yoast-schema-graph\">{\"@context\":\"https:\/\/schema.org\",\"@graph\":[{\"@type\":\"WebSite\",\"@id\":\"https:\/\/franciscanos.org.br\/noticias\/#website\",\"url\":\"https:\/\/franciscanos.org.br\/noticias\/\",\"name\":\"Not\u00edcias - Franciscanos\",\"description\":\"Prov\u00edncia Franciscana da Imaculada Concei\u00e7\u00e3o do Brasil - Ordem dos Frades Menores - OFM\",\"potentialAction\":[{\"@type\":\"SearchAction\",\"target\":{\"@type\":\"EntryPoint\",\"urlTemplate\":\"https:\/\/franciscanos.org.br\/noticias\/?s={search_term_string}\"},\"query-input\":\"required name=search_term_string\"}],\"inLanguage\":\"pt-BR\"},{\"@type\":\"ImageObject\",\"inLanguage\":\"pt-BR\",\"@id\":\"https:\/\/franciscanos.org.br\/noticias\/papa-os-lideres-religiosos-nao-podem-deixar-de-se-comprometer-e-dar-bom-exemplo.html#primaryimage\",\"url\":\"https:\/\/franciscanos.org.br\/noticias\/wp-content\/uploads\/2022\/11\/oriente.jpeg\",\"contentUrl\":\"https:\/\/franciscanos.org.br\/noticias\/wp-content\/uploads\/2022\/11\/oriente.jpeg\",\"width\":1500,\"height\":844},{\"@type\":\"WebPage\",\"@id\":\"https:\/\/franciscanos.org.br\/noticias\/papa-os-lideres-religiosos-nao-podem-deixar-de-se-comprometer-e-dar-bom-exemplo.html#webpage\",\"url\":\"https:\/\/franciscanos.org.br\/noticias\/papa-os-lideres-religiosos-nao-podem-deixar-de-se-comprometer-e-dar-bom-exemplo.html\",\"name\":\"Papa: os l\u00edderes religiosos n\u00e3o podem deixar de se comprometer e dar bom exemplo - Not\u00edcias - Franciscanos\",\"isPartOf\":{\"@id\":\"https:\/\/franciscanos.org.br\/noticias\/#website\"},\"primaryImageOfPage\":{\"@id\":\"https:\/\/franciscanos.org.br\/noticias\/papa-os-lideres-religiosos-nao-podem-deixar-de-se-comprometer-e-dar-bom-exemplo.html#primaryimage\"},\"datePublished\":\"2022-11-04T09:45:14+00:00\",\"dateModified\":\"2022-11-04T09:57:33+00:00\",\"author\":{\"@id\":\"https:\/\/franciscanos.org.br\/noticias\/#\/schema\/person\/b5c8cba458c330ccff548b056e95a5d4\"},\"breadcrumb\":{\"@id\":\"https:\/\/franciscanos.org.br\/noticias\/papa-os-lideres-religiosos-nao-podem-deixar-de-se-comprometer-e-dar-bom-exemplo.html#breadcrumb\"},\"inLanguage\":\"pt-BR\",\"potentialAction\":[{\"@type\":\"ReadAction\",\"target\":[\"https:\/\/franciscanos.org.br\/noticias\/papa-os-lideres-religiosos-nao-podem-deixar-de-se-comprometer-e-dar-bom-exemplo.html\"]}]},{\"@type\":\"BreadcrumbList\",\"@id\":\"https:\/\/franciscanos.org.br\/noticias\/papa-os-lideres-religiosos-nao-podem-deixar-de-se-comprometer-e-dar-bom-exemplo.html#breadcrumb\",\"itemListElement\":[{\"@type\":\"ListItem\",\"position\":1,\"name\":\"Home\",\"item\":\"https:\/\/franciscanos.org.br\/noticias\"},{\"@type\":\"ListItem\",\"position\":2,\"name\":\"Papa: os l\u00edderes religiosos n\u00e3o podem deixar de se comprometer e dar bom exemplo\"}]},{\"@type\":\"Person\",\"@id\":\"https:\/\/franciscanos.org.br\/noticias\/#\/schema\/person\/b5c8cba458c330ccff548b056e95a5d4\",\"name\":\"moacir\",\"image\":{\"@type\":\"ImageObject\",\"inLanguage\":\"pt-BR\",\"@id\":\"https:\/\/franciscanos.org.br\/noticias\/#\/schema\/person\/image\/\",\"url\":\"https:\/\/secure.gravatar.com\/avatar\/d08aa2ce4c8dd416d4479aa8536fcf64?s=96&d=mm&r=g\",\"contentUrl\":\"https:\/\/secure.gravatar.com\/avatar\/d08aa2ce4c8dd416d4479aa8536fcf64?s=96&d=mm&r=g\",\"caption\":\"moacir\"},\"url\":\"https:\/\/franciscanos.org.br\/noticias\/author\/moacir\"}]}<\/script>\n<!-- \/ Yoast SEO plugin. -->","yoast_head_json":{"title":"Papa: os l\u00edderes religiosos n\u00e3o podem deixar de se comprometer e dar bom exemplo - Not\u00edcias - Franciscanos","robots":{"index":"index","follow":"follow","max-snippet":"max-snippet:-1","max-image-preview":"max-image-preview:large","max-video-preview":"max-video-preview:-1"},"canonical":"https:\/\/franciscanos.org.br\/noticias\/papa-os-lideres-religiosos-nao-podem-deixar-de-se-comprometer-e-dar-bom-exemplo.html","og_locale":"pt_BR","og_type":"article","og_title":"Papa: os l\u00edderes religiosos n\u00e3o podem deixar de se comprometer e dar bom exemplo - Not\u00edcias - Franciscanos","og_description":"Papa Francisco no Bahrein","og_url":"https:\/\/franciscanos.org.br\/noticias\/papa-os-lideres-religiosos-nao-podem-deixar-de-se-comprometer-e-dar-bom-exemplo.html","og_site_name":"Not\u00edcias - Franciscanos","article_published_time":"2022-11-04T09:45:14+00:00","article_modified_time":"2022-11-04T09:57:33+00:00","og_image":[{"width":1500,"height":844,"url":"https:\/\/franciscanos.org.br\/noticias\/wp-content\/uploads\/2022\/11\/oriente.jpeg","type":"image\/jpeg"}],"author":"moacir","twitter_card":"summary_large_image","twitter_misc":{"Escrito por":"moacir","Est. tempo de leitura":"7 minutos"},"schema":{"@context":"https:\/\/schema.org","@graph":[{"@type":"WebSite","@id":"https:\/\/franciscanos.org.br\/noticias\/#website","url":"https:\/\/franciscanos.org.br\/noticias\/","name":"Not\u00edcias - Franciscanos","description":"Prov\u00edncia Franciscana da Imaculada Concei\u00e7\u00e3o do Brasil - Ordem dos Frades Menores - OFM","potentialAction":[{"@type":"SearchAction","target":{"@type":"EntryPoint","urlTemplate":"https:\/\/franciscanos.org.br\/noticias\/?s={search_term_string}"},"query-input":"required name=search_term_string"}],"inLanguage":"pt-BR"},{"@type":"ImageObject","inLanguage":"pt-BR","@id":"https:\/\/franciscanos.org.br\/noticias\/papa-os-lideres-religiosos-nao-podem-deixar-de-se-comprometer-e-dar-bom-exemplo.html#primaryimage","url":"https:\/\/franciscanos.org.br\/noticias\/wp-content\/uploads\/2022\/11\/oriente.jpeg","contentUrl":"https:\/\/franciscanos.org.br\/noticias\/wp-content\/uploads\/2022\/11\/oriente.jpeg","width":1500,"height":844},{"@type":"WebPage","@id":"https:\/\/franciscanos.org.br\/noticias\/papa-os-lideres-religiosos-nao-podem-deixar-de-se-comprometer-e-dar-bom-exemplo.html#webpage","url":"https:\/\/franciscanos.org.br\/noticias\/papa-os-lideres-religiosos-nao-podem-deixar-de-se-comprometer-e-dar-bom-exemplo.html","name":"Papa: os l\u00edderes religiosos n\u00e3o podem deixar de se comprometer e dar bom exemplo - Not\u00edcias - Franciscanos","isPartOf":{"@id":"https:\/\/franciscanos.org.br\/noticias\/#website"},"primaryImageOfPage":{"@id":"https:\/\/franciscanos.org.br\/noticias\/papa-os-lideres-religiosos-nao-podem-deixar-de-se-comprometer-e-dar-bom-exemplo.html#primaryimage"},"datePublished":"2022-11-04T09:45:14+00:00","dateModified":"2022-11-04T09:57:33+00:00","author":{"@id":"https:\/\/franciscanos.org.br\/noticias\/#\/schema\/person\/b5c8cba458c330ccff548b056e95a5d4"},"breadcrumb":{"@id":"https:\/\/franciscanos.org.br\/noticias\/papa-os-lideres-religiosos-nao-podem-deixar-de-se-comprometer-e-dar-bom-exemplo.html#breadcrumb"},"inLanguage":"pt-BR","potentialAction":[{"@type":"ReadAction","target":["https:\/\/franciscanos.org.br\/noticias\/papa-os-lideres-religiosos-nao-podem-deixar-de-se-comprometer-e-dar-bom-exemplo.html"]}]},{"@type":"BreadcrumbList","@id":"https:\/\/franciscanos.org.br\/noticias\/papa-os-lideres-religiosos-nao-podem-deixar-de-se-comprometer-e-dar-bom-exemplo.html#breadcrumb","itemListElement":[{"@type":"ListItem","position":1,"name":"Home","item":"https:\/\/franciscanos.org.br\/noticias"},{"@type":"ListItem","position":2,"name":"Papa: os l\u00edderes religiosos n\u00e3o podem deixar de se comprometer e dar bom exemplo"}]},{"@type":"Person","@id":"https:\/\/franciscanos.org.br\/noticias\/#\/schema\/person\/b5c8cba458c330ccff548b056e95a5d4","name":"moacir","image":{"@type":"ImageObject","inLanguage":"pt-BR","@id":"https:\/\/franciscanos.org.br\/noticias\/#\/schema\/person\/image\/","url":"https:\/\/secure.gravatar.com\/avatar\/d08aa2ce4c8dd416d4479aa8536fcf64?s=96&d=mm&r=g","contentUrl":"https:\/\/secure.gravatar.com\/avatar\/d08aa2ce4c8dd416d4479aa8536fcf64?s=96&d=mm&r=g","caption":"moacir"},"url":"https:\/\/franciscanos.org.br\/noticias\/author\/moacir"}]}},"_links":{"self":[{"href":"https:\/\/franciscanos.org.br\/noticias\/wp-json\/wp\/v2\/posts\/240731"}],"collection":[{"href":"https:\/\/franciscanos.org.br\/noticias\/wp-json\/wp\/v2\/posts"}],"about":[{"href":"https:\/\/franciscanos.org.br\/noticias\/wp-json\/wp\/v2\/types\/post"}],"author":[{"embeddable":true,"href":"https:\/\/franciscanos.org.br\/noticias\/wp-json\/wp\/v2\/users\/3"}],"replies":[{"embeddable":true,"href":"https:\/\/franciscanos.org.br\/noticias\/wp-json\/wp\/v2\/comments?post=240731"}],"version-history":[{"count":4,"href":"https:\/\/franciscanos.org.br\/noticias\/wp-json\/wp\/v2\/posts\/240731\/revisions"}],"predecessor-version":[{"id":240737,"href":"https:\/\/franciscanos.org.br\/noticias\/wp-json\/wp\/v2\/posts\/240731\/revisions\/240737"}],"wp:featuredmedia":[{"embeddable":true,"href":"https:\/\/franciscanos.org.br\/noticias\/wp-json\/wp\/v2\/media\/240733"}],"wp:attachment":[{"href":"https:\/\/franciscanos.org.br\/noticias\/wp-json\/wp\/v2\/media?parent=240731"}],"wp:term":[{"taxonomy":"category","embeddable":true,"href":"https:\/\/franciscanos.org.br\/noticias\/wp-json\/wp\/v2\/categories?post=240731"},{"taxonomy":"post_tag","embeddable":true,"href":"https:\/\/franciscanos.org.br\/noticias\/wp-json\/wp\/v2\/tags?post=240731"}],"curies":[{"name":"wp","href":"https:\/\/api.w.org\/{rel}","templated":true}]}}