{"id":240719,"date":"2022-11-03T10:53:46","date_gmt":"2022-11-03T13:53:46","guid":{"rendered":"https:\/\/franciscanos.org.br\/noticias\/?p=240719"},"modified":"2022-11-03T11:07:25","modified_gmt":"2022-11-03T14:07:25","slug":"franciscanos-apresentam-ao-papa-o-programa-do-8o-centenario-franciscano","status":"publish","type":"post","link":"https:\/\/franciscanos.org.br\/noticias\/franciscanos-apresentam-ao-papa-o-programa-do-8o-centenario-franciscano.html","title":{"rendered":"Franciscanos apresentam ao Papa o programa do 8\u00ba Centen\u00e1rio Franciscano"},"content":{"rendered":"<p>&nbsp;<\/p>\n<p><img loading=\"lazy\" class=\"alignnone size-full wp-image-240721\" src=\"https:\/\/franciscanos.org.br\/noticias\/wp-content\/uploads\/2022\/11\/centenario03.jpg\" alt=\"\" width=\"1200\" height=\"579\" srcset=\"https:\/\/franciscanos.org.br\/noticias\/wp-content\/uploads\/2022\/11\/centenario03.jpg 1200w, https:\/\/franciscanos.org.br\/noticias\/wp-content\/uploads\/2022\/11\/centenario03-450x217.jpg 450w, https:\/\/franciscanos.org.br\/noticias\/wp-content\/uploads\/2022\/11\/centenario03-1024x494.jpg 1024w, https:\/\/franciscanos.org.br\/noticias\/wp-content\/uploads\/2022\/11\/centenario03-768x371.jpg 768w, https:\/\/franciscanos.org.br\/noticias\/wp-content\/uploads\/2022\/11\/centenario03-150x72.jpg 150w\" sizes=\"(max-width: 1200px) 100vw, 1200px\" \/><\/p>\n<p>O Papa Francisco recebeu em audi\u00eancia, no dia 31 de outubro, na Sala Clementina do Pal\u00e1cio Apost\u00f3lico do Vaticano, os membros da Coordena\u00e7\u00e3o Eclesial do VIII Centen\u00e1rio Franciscano, a Comiss\u00e3o do Centen\u00e1rio da Fam\u00edlia Franciscana e outros membros da pr\u00f3pria Fam\u00edlia Franciscana. O encontro teve cerca de 300 participantes, incluindo, al\u00e9m dos franciscanos os bispos de Assis, Rieti, Arezzo e as autoridades civis dos lugares franciscanos na It\u00e1lia.<\/p>\n<p>Frei Massimo Fusarelli, Ministro geral, saudou o Papa em nome de todos os presentes: \u201cDirijo-me a v\u00f3s juntamente com o Ministro geral dos Frades Menores Conventuais e o Ministro geral da Ordem Franciscana Secular. Agradecemos por nos receber em sua casa como Fam\u00edlia Franciscana. Estamos preparando a abertura do Centen\u00e1rio Franciscano, que nos permitir\u00e1 reconstituir os \u00faltimos anos da vida do <em>Poverello<\/em>, marcados por momentos importantes de seu itiner\u00e1rio humano e crist\u00e3o\u201d.<\/p>\n<p>O Papa agradeceu a Frei Massimo suas palavras e expressou sua alegria por encontrar a Fam\u00edlia Franciscana \u201cperto do oitavo centen\u00e1rio franciscano (2023-2026), que se anuncia como uma peregrina\u00e7\u00e3o que, desde o Vale Sagrado de Riete, passando pelo Monte Alverne, chegar\u00e1 a Assis, onde tudo come\u00e7ou&#8221;.<\/p>\n<p>O Papa acrescentou: \u201cDepois de oito s\u00e9culos, S\u00e3o Francisco permanece um mist\u00e9rio\u201d; para encontrar a resposta, \u201c\u00e9 preciso fazer parte da escola do <em>Poverell<\/em>o\u201d que encontra seu sentido no amor ardente por Cristo e na escuta, no caminhar e no an\u00fancio \u00e0s periferias.<\/p>\n<p>O Santo Padre lembrou a necessidade de &#8220;saber interpretar juntos a imita\u00e7\u00e3o de Cristo e o amor aos pobres&#8221; para n\u00e3o deixar o centen\u00e1rio franciscano ser uma mera ocasi\u00e3o ritual.<\/p>\n<p>O Papa concluiu seu discurso encorajando a Fam\u00edlia Franciscana a &#8220;viver plenamente o t\u00e3o esperado Centen\u00e1rio Franciscano&#8221; e seu desejo \u00e9 que &#8220;este caminho espiritual e cultural possa conjugar-se com o Jubileu de 2025, na convic\u00e7\u00e3o de que S\u00e3o Francisco de Assis segue impulsionando a Igreja a viver a sua fidelidade a Cristo e a sua miss\u00e3o no nosso tempo\u201d.<\/p>\n<hr \/>\n<h3><strong>Texto completo de Frei Massimo Fusarelli:<\/strong><\/h3>\n<p>Santo Padre, o Senhor vos d\u00ea a Paz!<\/p>\n<p>Saudamos-vos com as palavras sempre vivas de S\u00e3o Francisco e t\u00e3o significativas neste tempo marcado por conflitos e tens\u00f5es de v\u00e1rios tipos.<\/p>\n<p>Dirijo-me a v\u00f3s juntamente com o Ministro geral dos Frades Menores Conventuais e o da Ordem Franciscana Secular. Agradecemos por nos receber em sua casa como uma Fam\u00edlia Franciscana. Estamos nos preparando para inaugurar o Centen\u00e1rio Franciscano que nos permitir\u00e1 percorrer os \u00faltimos anos da vida do Pobrezinho, marcados por momentos importantes de seu caminho humano e crist\u00e3o.<\/p>\n<p>Em 1223, S\u00e3o Francisco p\u00f4de dar a seus irm\u00e3os o texto definitivo da Regra, como sinal daquela alian\u00e7a que Deus fez com aquele povo dos pobres. Imediatamente depois, em Greccio, o Natal vivido por S\u00e3o Francisco com os camponeses pobres daquela regi\u00e3o lhe permitiu \u201cver com seus pr\u00f3prios olhos a pobreza na qual quis nascer o Filho de Deus\u201d (Tom\u00e1s de Celano).<\/p>\n<p>No Monte Alverne, em 1224, esperou o <em>Poverello<\/em> pelo encontro que o tornava semelhante ao Amado, o selo de seu caminho de f\u00e9 e seguimento de Cristo pobre e crucificado.<\/p>\n<p>Em 1225, S\u00e3o Francisco, agora cego, cantou a beleza da cria\u00e7\u00e3o, nossa casa comum, com o C\u00e2ntico das Criaturas, um hino cristol\u00f3gico \u00e0 obra do amor do Pai no mundo.<\/p>\n<p>No ano de 1226 se deu a P\u00e1scoa de S\u00e3o Francisco, que vai ao encontro da morte &#8220;a todos terr\u00edvel e odiosa&#8221;, chamando-a de &#8220;irm\u00e3&#8221;, porque conduz ao encontro definitivo com o Senhor.<\/p>\n<p>Est\u00e3o presentes aqui hoje os frades dos respectivos Definit\u00f3rios Gerais, os Ministros Provinciais e os respectivos Conselhos das Prov\u00edncias da It\u00e1lia Central, onde est\u00e3o os santu\u00e1rios que fazem parte do Centen\u00e1rio, os Bispos das respectivas Dioceses, v\u00e1rios Frades Franciscanos, freiras e consagradas, irm\u00e3os e irm\u00e3s da Ordem Franciscana Secular, os prefeitos e administradores dos munic\u00edpios de Greccio, Rieti, Convento Monte Alverne e Assis e outros amigos e colaboradores. H\u00e1 mais de dois anos come\u00e7amos a prepara\u00e7\u00e3o para o Centen\u00e1rio em diferentes n\u00edveis e, em esp\u00edrito de cordial unidade e colabora\u00e7\u00e3o, e para selar isso e iniciar bem o Centen\u00e1rio Franciscano nos fizemos peregrinos na Casa de Pedro para expressar o sentido da comunh\u00e3o eclesial com quem queremos viver juntos os pr\u00f3ximos encontros.<\/p>\n<p>O momento que o mundo est\u00e1 vivendo neste tempo, o caminho sinodal que est\u00e1 tomando a Igreja inteira, o Ano Santo quase chegando, \u00e9 o ambiente no qual nos preparamos para viver as etapas mencionadas. Na verdade, n\u00e3o queremos celebrar o Centen\u00e1rio fechados na nossa fam\u00edlia conventual, mas com mulheres e homens de boa vontade, com todos os crist\u00e3os para o bem do mundo que Deus ama.<\/p>\n<p>Nesta disponibilidade, esperamos a tua palavra, Santo Padre, para receber a confirma\u00e7\u00e3o e o impulso de nos tornarmos sempre mais disc\u00edpulos mission\u00e1rios, anunciadores mansos e fortes da beleza do Evangelho, que marcou a nossa vida e quer transform\u00e1-la. Obrigado, Santo Padre!<\/p>\n<p><em>Frei Massimo Fusarelli, OFM<\/em><\/p>\n<p><em>Ministro Geral<\/em><\/p>\n<hr \/>\n<h3><strong>DISCURSO DO SANTO PADRE NO ENCONTRO COM OS FRANCISCANOS<\/strong><\/h3>\n<p>Queridos irm\u00e3os e irm\u00e3s, bom dia e bem-vindos!<\/p>\n<p>Estou feliz por conhec\u00ea-los, agora pr\u00f3ximo do oitavo Centen\u00e1rio Franciscano (2023-2026), que se prenuncia como uma peregrina\u00e7\u00e3o que do Vale Sagrado de Rieti, passando pelo Monte Alverne, chegar\u00e1 a Assis, onde tudo come\u00e7ou. Estou grato pelas palavras dirigidas pelo Ministro Geral dos Frades Menores.<\/p>\n<p>Quando escolhi me chamar de Francisco, sabia que estava me referindo a um santo t\u00e3o popular, mas tamb\u00e9m t\u00e3o incompreendido. De fato, Francisco \u00e9 o homem da paz, o homem da pobreza, o homem que ama e celebra a cria\u00e7\u00e3o; mas qual \u00e9 a raiz de tudo isso, qual \u00e9 a fonte? Jesus Cristo. Ele est\u00e1 enamorado por Jesus Cristo, que para segui-Lo n\u00e3o tem medo de se fazer de rid\u00edculo, mas segue em frente. A fonte de toda a sua experi\u00eancia \u00e9 a f\u00e9. Francisco a recebe como dom diante do Crucifixo, e o Senhor Crucificado e Ressuscitado lhe revela o sentido da vida e do sofrimento humano. E quando Jesus lhe fala na pessoa do leproso, ele experimenta a grandeza da miseric\u00f3rdia de Deus e sua pr\u00f3pria condi\u00e7\u00e3o de humildade. Por isso, cheio de gratid\u00e3o e espanto, o Poverello passou horas com seu Senhor e disse: \u201cQuem \u00e9 voc\u00ea? Quem sou eu?&#8221;. Desta fonte recebe em abund\u00e2ncia o Esp\u00edrito Santo, que o impele a imitar Jesus e seguir o Evangelho ao p\u00e9 da letra. Francisco viveu a imita\u00e7\u00e3o de Cristo pobre e o amor pelos pobres de forma insepar\u00e1vel, como as duas faces da mesma moeda. [1]<\/p>\n<p>O pr\u00f3ximo Centen\u00e1rio Franciscano ser\u00e1 uma celebra\u00e7\u00e3o n\u00e3o ritual, se for capaz de interpretar tanto a imita\u00e7\u00e3o de Cristo como o amor aos pobres. E isso tamb\u00e9m ser\u00e1 poss\u00edvel gra\u00e7as \u00e0 atmosfera que emana dos v\u00e1rios &#8220;lugares&#8221; franciscanos, cada um com um car\u00e1ter particular, um dom fecundo que contribui para renovar o rosto da Igreja.<\/p>\n<p>A primeira etapa deste itiner\u00e1rio franciscano, por ordem cronol\u00f3gica (1223), \u00e9 Fonte Colombo, perto de Rieti. Primeira parada por causa da Regra e, junto com Greccio, lugar do Pres\u00e9pio. Trata-se\u00a0 de um convite poderoso a redescobrir o &#8220;caminho&#8221; de Deus na encarna\u00e7\u00e3o de Jesus Cristo. Esta escolha fundamental diz que o homem \u00e9 o &#8220;caminho&#8221; de Deus e, consequentemente, o \u00fanico &#8220;caminho&#8221; da Igreja. <em>A Gaudium et spes<\/em> expressa-o com palavras memor\u00e1veis, onde lemos: &#8220;Na realidade, s\u00f3 no mist\u00e9rio do Verbo encarnado o mist\u00e9rio do homem encontra a verdadeira luz. [&#8230;] \u00c9 precisamente revelando o mist\u00e9rio do Pai e do seu amor que Ele tamb\u00e9m revela plenamente o homem ao homem e d\u00e1 a conhecer a sua alt\u00edssima voca\u00e7\u00e3o\u00bb (n. 22).<\/p>\n<p>O Monte Alverne com os estigmas (1224) representa &#8220;o \u00faltimo selo&#8221; &#8211; como diz Dante (Paradiso, XI, 107) &#8211; que torna o Santo parecido a Cristo crucificado e capaz de penetrar na vida humana, marcada radicalmente pela dor e pelo sofrimento. S\u00e3o Boaventura escreveu que &#8220;a sant\u00edssima carne&#8221; de Francisco, &#8220;crucificada junto com seus v\u00edcios&#8221;, se transformou &#8220;em uma nova criatura, mostrada aos olhos de todos, por um privil\u00e9gio singular, a imagem da Paix\u00e3o de Cristo e, por um milagre nunca visto, antecipou a imagem da ressurrei\u00e7\u00e3o\u201d (LegM XV, 1: FF 1246).<\/p>\n<p>Finalmente, Assis (1226), com o Tr\u00e2nsito de Francisco na Porci\u00fancula, revela o essencial do cristianismo: a esperan\u00e7a da vida eterna. N\u00e3o \u00e9 por acaso que o t\u00famulo do Santo, localizado na Bas\u00edlica Inferior, tornou-se ao longo do tempo o \u00edm\u00e3, o cora\u00e7\u00e3o pulsante de Assis: um sinal inequ\u00edvoco da presen\u00e7a daquele cuja &#8220;vida maravilhosa \/ melhor na gl\u00f3ria do c\u00e9u se cantaria&#8221; (Paradiso, XI, 95-96).<\/p>\n<p>Depois de oito s\u00e9culos, S\u00e3o Francisco ainda permanece um mist\u00e9rio. Assim como a pergunta de Frei Masseo permanece intacta: &#8220;Por que o mundo inteiro segue voc\u00ea, e todas as pessoas parecem querer v\u00ea-lo, ouvi-lo e obedec\u00ea-lo?&#8221; (<em>Fioretti<\/em>, X: FF 1838). Para encontrar uma resposta \u00e9 preciso ir \u00e0 escola do <em>Poverello<\/em>, encontrando em sua vida evang\u00e9lica o caminho para seguir as pegadas de Jesus: em termos concretos, isso significa escutar, caminhar e anunciar \u00e0s periferias.<\/p>\n<p>Ou\u00e7a, em primeiro lugar. Francisco, diante do Crucifixo, ouve a voz de Jesus que lhe diz: &#8220;Francisco, vai e restaura a minha casa&#8221;. E o jovem Francisco responde com presteza e generosidade a este chamado do Senhor: reparar sua casa. Mas qual casa? Lentamente, ele percebe que n\u00e3o se tratava de ser pedreiro e consertar um edif\u00edcio feito de pedras, mas de dar sua contribui\u00e7\u00e3o \u00e0 vida da Igreja; tratava-se de colocar-se a servi\u00e7o da Igreja, am\u00e1-la e trabalhar para que nela se refletisse cada vez mais o Rosto de Cristo.<\/p>\n<p>Em segundo lugar, caminhar. Francisco foi um viajante incans\u00e1vel, que atravessou a p\u00e9 in\u00fameras aldeias e vilas da It\u00e1lia, certificando-se de estar perto das pessoas e eliminando a dist\u00e2ncia entre a Igreja e as pessoas. Esta mesma capacidade de &#8220;sair ao encontro&#8221;, em vez de &#8220;esperar a porta&#8221;, \u00e9 o estilo de uma comunidade crist\u00e3 que sente o impulso de se aproximar em vez de se fechar em si mesma. Isso nos ensina que quem segue S\u00e3o Francisco deve aprender a ser firme e caminhar: firme na contempla\u00e7\u00e3o, na ora\u00e7\u00e3o, e depois seguir em frente, caminhando no testemunho, no testemunho de Cristo.<\/p>\n<p>Finalmente, anunciar para as periferias. O que todos precisam \u00e9 de justi\u00e7a, mas tamb\u00e9m de confian\u00e7a. Somente a f\u00e9 restitui o sopro do Esp\u00edrito a um mundo fechado e individualista. Com este suplemento de alento, os grandes desafios presentes, como a paz, o cuidado com a casa comum e um novo modelo de desenvolvimento podem ser enfrentados, sem se render aos fatos que parecem intranspon\u00edveis.<\/p>\n<p>Queridos irm\u00e3os e irm\u00e3s, encorajo-vos a viver em plenitude o t\u00e3o esperado Centen\u00e1rio Franciscano. Espero sinceramente que este caminho espiritual e cultural possa ser conjugado com o Jubileu de 2025, na convic\u00e7\u00e3o de que S\u00e3o Francisco de Assis impulsiona ainda hoje a Igreja a viver a sua fidelidade a Cristo e a sua miss\u00e3o no nosso tempo. Aben\u00e7oo a todos de cora\u00e7\u00e3o e pe\u00e7o que rezem por mim. Obrigado!<\/p>\n<p><em>[1] Cf. Mensagem para a XXIX\u00a0<\/em><em>Jornada Mundial da Juventude (21 de janeiro de 2014).<\/em><\/p>\n<hr \/>\n<p><em>Fonte: www.ofm.org<\/em><\/p>\n","protected":false},"excerpt":{"rendered":"<p>Centen\u00e1rio Franciscano<\/p>\n","protected":false},"author":3,"featured_media":240721,"comment_status":"open","ping_status":"open","sticky":false,"template":"","format":"standard","meta":[],"categories":[1],"tags":[2070],"acf":[],"yoast_head":"<!-- This site is optimized with the Yoast SEO plugin v19.2 - https:\/\/yoast.com\/wordpress\/plugins\/seo\/ -->\n<title>Franciscanos apresentam ao Papa o programa do 8\u00ba Centen\u00e1rio Franciscano - Not\u00edcias - Franciscanos<\/title>\n<meta name=\"robots\" content=\"index, follow, max-snippet:-1, max-image-preview:large, max-video-preview:-1\" \/>\n<link rel=\"canonical\" href=\"https:\/\/franciscanos.org.br\/noticias\/franciscanos-apresentam-ao-papa-o-programa-do-8o-centenario-franciscano.html\" \/>\n<meta property=\"og:locale\" content=\"pt_BR\" \/>\n<meta property=\"og:type\" content=\"article\" \/>\n<meta property=\"og:title\" content=\"Franciscanos apresentam ao Papa o programa do 8\u00ba Centen\u00e1rio Franciscano - Not\u00edcias - Franciscanos\" \/>\n<meta property=\"og:description\" content=\"Centen\u00e1rio Franciscano\" \/>\n<meta property=\"og:url\" content=\"https:\/\/franciscanos.org.br\/noticias\/franciscanos-apresentam-ao-papa-o-programa-do-8o-centenario-franciscano.html\" \/>\n<meta property=\"og:site_name\" content=\"Not\u00edcias - Franciscanos\" \/>\n<meta property=\"article:published_time\" content=\"2022-11-03T13:53:46+00:00\" \/>\n<meta property=\"article:modified_time\" content=\"2022-11-03T14:07:25+00:00\" \/>\n<meta property=\"og:image\" content=\"https:\/\/franciscanos.org.br\/noticias\/wp-content\/uploads\/2022\/11\/centenario03.jpg\" \/>\n\t<meta property=\"og:image:width\" content=\"1200\" \/>\n\t<meta property=\"og:image:height\" content=\"579\" \/>\n\t<meta property=\"og:image:type\" content=\"image\/jpeg\" \/>\n<meta name=\"author\" content=\"moacir\" \/>\n<meta name=\"twitter:card\" content=\"summary_large_image\" \/>\n<meta name=\"twitter:label1\" content=\"Escrito por\" \/>\n\t<meta name=\"twitter:data1\" content=\"moacir\" \/>\n\t<meta name=\"twitter:label2\" content=\"Est. tempo de leitura\" \/>\n\t<meta name=\"twitter:data2\" content=\"11 minutos\" \/>\n<script type=\"application\/ld+json\" class=\"yoast-schema-graph\">{\"@context\":\"https:\/\/schema.org\",\"@graph\":[{\"@type\":\"WebSite\",\"@id\":\"https:\/\/franciscanos.org.br\/noticias\/#website\",\"url\":\"https:\/\/franciscanos.org.br\/noticias\/\",\"name\":\"Not\u00edcias - Franciscanos\",\"description\":\"Prov\u00edncia Franciscana da Imaculada Concei\u00e7\u00e3o do Brasil - Ordem dos Frades Menores - OFM\",\"potentialAction\":[{\"@type\":\"SearchAction\",\"target\":{\"@type\":\"EntryPoint\",\"urlTemplate\":\"https:\/\/franciscanos.org.br\/noticias\/?s={search_term_string}\"},\"query-input\":\"required name=search_term_string\"}],\"inLanguage\":\"pt-BR\"},{\"@type\":\"ImageObject\",\"inLanguage\":\"pt-BR\",\"@id\":\"https:\/\/franciscanos.org.br\/noticias\/franciscanos-apresentam-ao-papa-o-programa-do-8o-centenario-franciscano.html#primaryimage\",\"url\":\"https:\/\/franciscanos.org.br\/noticias\/wp-content\/uploads\/2022\/11\/centenario03.jpg\",\"contentUrl\":\"https:\/\/franciscanos.org.br\/noticias\/wp-content\/uploads\/2022\/11\/centenario03.jpg\",\"width\":1200,\"height\":579},{\"@type\":\"WebPage\",\"@id\":\"https:\/\/franciscanos.org.br\/noticias\/franciscanos-apresentam-ao-papa-o-programa-do-8o-centenario-franciscano.html#webpage\",\"url\":\"https:\/\/franciscanos.org.br\/noticias\/franciscanos-apresentam-ao-papa-o-programa-do-8o-centenario-franciscano.html\",\"name\":\"Franciscanos apresentam ao Papa o programa do 8\u00ba Centen\u00e1rio Franciscano - Not\u00edcias - Franciscanos\",\"isPartOf\":{\"@id\":\"https:\/\/franciscanos.org.br\/noticias\/#website\"},\"primaryImageOfPage\":{\"@id\":\"https:\/\/franciscanos.org.br\/noticias\/franciscanos-apresentam-ao-papa-o-programa-do-8o-centenario-franciscano.html#primaryimage\"},\"datePublished\":\"2022-11-03T13:53:46+00:00\",\"dateModified\":\"2022-11-03T14:07:25+00:00\",\"author\":{\"@id\":\"https:\/\/franciscanos.org.br\/noticias\/#\/schema\/person\/b5c8cba458c330ccff548b056e95a5d4\"},\"breadcrumb\":{\"@id\":\"https:\/\/franciscanos.org.br\/noticias\/franciscanos-apresentam-ao-papa-o-programa-do-8o-centenario-franciscano.html#breadcrumb\"},\"inLanguage\":\"pt-BR\",\"potentialAction\":[{\"@type\":\"ReadAction\",\"target\":[\"https:\/\/franciscanos.org.br\/noticias\/franciscanos-apresentam-ao-papa-o-programa-do-8o-centenario-franciscano.html\"]}]},{\"@type\":\"BreadcrumbList\",\"@id\":\"https:\/\/franciscanos.org.br\/noticias\/franciscanos-apresentam-ao-papa-o-programa-do-8o-centenario-franciscano.html#breadcrumb\",\"itemListElement\":[{\"@type\":\"ListItem\",\"position\":1,\"name\":\"Home\",\"item\":\"https:\/\/franciscanos.org.br\/noticias\"},{\"@type\":\"ListItem\",\"position\":2,\"name\":\"Franciscanos apresentam ao Papa o programa do 8\u00ba Centen\u00e1rio Franciscano\"}]},{\"@type\":\"Person\",\"@id\":\"https:\/\/franciscanos.org.br\/noticias\/#\/schema\/person\/b5c8cba458c330ccff548b056e95a5d4\",\"name\":\"moacir\",\"image\":{\"@type\":\"ImageObject\",\"inLanguage\":\"pt-BR\",\"@id\":\"https:\/\/franciscanos.org.br\/noticias\/#\/schema\/person\/image\/\",\"url\":\"https:\/\/secure.gravatar.com\/avatar\/d08aa2ce4c8dd416d4479aa8536fcf64?s=96&d=mm&r=g\",\"contentUrl\":\"https:\/\/secure.gravatar.com\/avatar\/d08aa2ce4c8dd416d4479aa8536fcf64?s=96&d=mm&r=g\",\"caption\":\"moacir\"},\"url\":\"https:\/\/franciscanos.org.br\/noticias\/author\/moacir\"}]}<\/script>\n<!-- \/ Yoast SEO plugin. -->","yoast_head_json":{"title":"Franciscanos apresentam ao Papa o programa do 8\u00ba Centen\u00e1rio Franciscano - Not\u00edcias - Franciscanos","robots":{"index":"index","follow":"follow","max-snippet":"max-snippet:-1","max-image-preview":"max-image-preview:large","max-video-preview":"max-video-preview:-1"},"canonical":"https:\/\/franciscanos.org.br\/noticias\/franciscanos-apresentam-ao-papa-o-programa-do-8o-centenario-franciscano.html","og_locale":"pt_BR","og_type":"article","og_title":"Franciscanos apresentam ao Papa o programa do 8\u00ba Centen\u00e1rio Franciscano - Not\u00edcias - Franciscanos","og_description":"Centen\u00e1rio Franciscano","og_url":"https:\/\/franciscanos.org.br\/noticias\/franciscanos-apresentam-ao-papa-o-programa-do-8o-centenario-franciscano.html","og_site_name":"Not\u00edcias - Franciscanos","article_published_time":"2022-11-03T13:53:46+00:00","article_modified_time":"2022-11-03T14:07:25+00:00","og_image":[{"width":1200,"height":579,"url":"https:\/\/franciscanos.org.br\/noticias\/wp-content\/uploads\/2022\/11\/centenario03.jpg","type":"image\/jpeg"}],"author":"moacir","twitter_card":"summary_large_image","twitter_misc":{"Escrito por":"moacir","Est. tempo de leitura":"11 minutos"},"schema":{"@context":"https:\/\/schema.org","@graph":[{"@type":"WebSite","@id":"https:\/\/franciscanos.org.br\/noticias\/#website","url":"https:\/\/franciscanos.org.br\/noticias\/","name":"Not\u00edcias - Franciscanos","description":"Prov\u00edncia Franciscana da Imaculada Concei\u00e7\u00e3o do Brasil - Ordem dos Frades Menores - OFM","potentialAction":[{"@type":"SearchAction","target":{"@type":"EntryPoint","urlTemplate":"https:\/\/franciscanos.org.br\/noticias\/?s={search_term_string}"},"query-input":"required name=search_term_string"}],"inLanguage":"pt-BR"},{"@type":"ImageObject","inLanguage":"pt-BR","@id":"https:\/\/franciscanos.org.br\/noticias\/franciscanos-apresentam-ao-papa-o-programa-do-8o-centenario-franciscano.html#primaryimage","url":"https:\/\/franciscanos.org.br\/noticias\/wp-content\/uploads\/2022\/11\/centenario03.jpg","contentUrl":"https:\/\/franciscanos.org.br\/noticias\/wp-content\/uploads\/2022\/11\/centenario03.jpg","width":1200,"height":579},{"@type":"WebPage","@id":"https:\/\/franciscanos.org.br\/noticias\/franciscanos-apresentam-ao-papa-o-programa-do-8o-centenario-franciscano.html#webpage","url":"https:\/\/franciscanos.org.br\/noticias\/franciscanos-apresentam-ao-papa-o-programa-do-8o-centenario-franciscano.html","name":"Franciscanos apresentam ao Papa o programa do 8\u00ba Centen\u00e1rio Franciscano - Not\u00edcias - Franciscanos","isPartOf":{"@id":"https:\/\/franciscanos.org.br\/noticias\/#website"},"primaryImageOfPage":{"@id":"https:\/\/franciscanos.org.br\/noticias\/franciscanos-apresentam-ao-papa-o-programa-do-8o-centenario-franciscano.html#primaryimage"},"datePublished":"2022-11-03T13:53:46+00:00","dateModified":"2022-11-03T14:07:25+00:00","author":{"@id":"https:\/\/franciscanos.org.br\/noticias\/#\/schema\/person\/b5c8cba458c330ccff548b056e95a5d4"},"breadcrumb":{"@id":"https:\/\/franciscanos.org.br\/noticias\/franciscanos-apresentam-ao-papa-o-programa-do-8o-centenario-franciscano.html#breadcrumb"},"inLanguage":"pt-BR","potentialAction":[{"@type":"ReadAction","target":["https:\/\/franciscanos.org.br\/noticias\/franciscanos-apresentam-ao-papa-o-programa-do-8o-centenario-franciscano.html"]}]},{"@type":"BreadcrumbList","@id":"https:\/\/franciscanos.org.br\/noticias\/franciscanos-apresentam-ao-papa-o-programa-do-8o-centenario-franciscano.html#breadcrumb","itemListElement":[{"@type":"ListItem","position":1,"name":"Home","item":"https:\/\/franciscanos.org.br\/noticias"},{"@type":"ListItem","position":2,"name":"Franciscanos apresentam ao Papa o programa do 8\u00ba Centen\u00e1rio Franciscano"}]},{"@type":"Person","@id":"https:\/\/franciscanos.org.br\/noticias\/#\/schema\/person\/b5c8cba458c330ccff548b056e95a5d4","name":"moacir","image":{"@type":"ImageObject","inLanguage":"pt-BR","@id":"https:\/\/franciscanos.org.br\/noticias\/#\/schema\/person\/image\/","url":"https:\/\/secure.gravatar.com\/avatar\/d08aa2ce4c8dd416d4479aa8536fcf64?s=96&d=mm&r=g","contentUrl":"https:\/\/secure.gravatar.com\/avatar\/d08aa2ce4c8dd416d4479aa8536fcf64?s=96&d=mm&r=g","caption":"moacir"},"url":"https:\/\/franciscanos.org.br\/noticias\/author\/moacir"}]}},"_links":{"self":[{"href":"https:\/\/franciscanos.org.br\/noticias\/wp-json\/wp\/v2\/posts\/240719"}],"collection":[{"href":"https:\/\/franciscanos.org.br\/noticias\/wp-json\/wp\/v2\/posts"}],"about":[{"href":"https:\/\/franciscanos.org.br\/noticias\/wp-json\/wp\/v2\/types\/post"}],"author":[{"embeddable":true,"href":"https:\/\/franciscanos.org.br\/noticias\/wp-json\/wp\/v2\/users\/3"}],"replies":[{"embeddable":true,"href":"https:\/\/franciscanos.org.br\/noticias\/wp-json\/wp\/v2\/comments?post=240719"}],"version-history":[{"count":4,"href":"https:\/\/franciscanos.org.br\/noticias\/wp-json\/wp\/v2\/posts\/240719\/revisions"}],"predecessor-version":[{"id":240725,"href":"https:\/\/franciscanos.org.br\/noticias\/wp-json\/wp\/v2\/posts\/240719\/revisions\/240725"}],"wp:featuredmedia":[{"embeddable":true,"href":"https:\/\/franciscanos.org.br\/noticias\/wp-json\/wp\/v2\/media\/240721"}],"wp:attachment":[{"href":"https:\/\/franciscanos.org.br\/noticias\/wp-json\/wp\/v2\/media?parent=240719"}],"wp:term":[{"taxonomy":"category","embeddable":true,"href":"https:\/\/franciscanos.org.br\/noticias\/wp-json\/wp\/v2\/categories?post=240719"},{"taxonomy":"post_tag","embeddable":true,"href":"https:\/\/franciscanos.org.br\/noticias\/wp-json\/wp\/v2\/tags?post=240719"}],"curies":[{"name":"wp","href":"https:\/\/api.w.org\/{rel}","templated":true}]}}