{"id":240715,"date":"2022-11-03T06:47:21","date_gmt":"2022-11-03T09:47:21","guid":{"rendered":"https:\/\/franciscanos.org.br\/noticias\/?p=240715"},"modified":"2022-11-03T13:25:15","modified_gmt":"2022-11-03T16:25:15","slug":"coral-das-meninas-dos-canarinhos-celebra-34-anos-com-concerto-especial-nesta-sexta","status":"publish","type":"post","link":"https:\/\/franciscanos.org.br\/noticias\/coral-das-meninas-dos-canarinhos-celebra-34-anos-com-concerto-especial-nesta-sexta.html","title":{"rendered":"Coral das Meninas dos Canarinhos celebra 34 anos com concerto especial nesta sexta"},"content":{"rendered":"<p><img loading=\"lazy\" class=\"alignnone size-full wp-image-240716\" src=\"https:\/\/franciscanos.org.br\/noticias\/wp-content\/uploads\/2022\/11\/coral_meninas_03.jpg\" alt=\"\" width=\"1280\" height=\"720\" srcset=\"https:\/\/franciscanos.org.br\/noticias\/wp-content\/uploads\/2022\/11\/coral_meninas_03.jpg 1280w, https:\/\/franciscanos.org.br\/noticias\/wp-content\/uploads\/2022\/11\/coral_meninas_03-450x253.jpg 450w, https:\/\/franciscanos.org.br\/noticias\/wp-content\/uploads\/2022\/11\/coral_meninas_03-1024x576.jpg 1024w, https:\/\/franciscanos.org.br\/noticias\/wp-content\/uploads\/2022\/11\/coral_meninas_03-768x432.jpg 768w, https:\/\/franciscanos.org.br\/noticias\/wp-content\/uploads\/2022\/11\/coral_meninas_03-150x84.jpg 150w\" sizes=\"(max-width: 1280px) 100vw, 1280px\" \/><\/p>\n<p>Fundado em 1988 pelo Frei Jos\u00e9 Luiz Prim, o Coral das Meninas dos Canarinhos de Petr\u00f3polis celebra nesta sexta (4\/11) seus 34 anos de funda\u00e7\u00e3o com um concerto no Instituto Teol\u00f3gico Franciscano, localizado na Rua Coronel Veiga, n\u00famero 550. A apresenta\u00e7\u00e3o est\u00e1 prevista para come\u00e7ar \u00e0s 20 horas, com ingressos j\u00e1 \u00e0 venda na secretaria do Instituto dos Meninos Cantores de Petr\u00f3polis e pelo WhatsApp (24) 99296-1806. A entrada, que tamb\u00e9m poder\u00e1 ser adquirida no dia, custa R$ 20,00.<\/p>\n<p>Comemorado, oficialmente, no Dia de Nossa Senhora Aparecida (12\/10), o anivers\u00e1rio do Coral das Meninas dos Canarinhos de Petr\u00f3polis ser\u00e1 marcado por um concerto especial. Com um repert\u00f3rio que promete surpreender e cuja escolha de m\u00fasicas foi mantida em segredo pelo Maestro Vizani e as coralistas, o p\u00fablico pode esperar por uma apresenta\u00e7\u00e3o diferente das mais tradicionais.<\/p>\n<p><img loading=\"lazy\" class=\" wp-image-240717 alignright\" src=\"https:\/\/franciscanos.org.br\/noticias\/wp-content\/uploads\/2022\/11\/logo_coral.png\" alt=\"\" width=\"382\" height=\"278\" srcset=\"https:\/\/franciscanos.org.br\/noticias\/wp-content\/uploads\/2022\/11\/logo_coral.png 400w, https:\/\/franciscanos.org.br\/noticias\/wp-content\/uploads\/2022\/11\/logo_coral-150x109.png 150w\" sizes=\"(max-width: 382px) 100vw, 382px\" \/>Com um repert\u00f3rio de m\u00fasica sacra, folcl\u00f3rica e popular, o Coral das Meninas dos Canarinhos de Petr\u00f3polis \u00e9 hoje constitu\u00eddo por 47 coralistas sob reg\u00eancia do maestro Marcelo Vizani, que est\u00e1 \u00e0 frente do grupo desde 1998. Entre os destaques da trajet\u00f3ria de mais de tr\u00eas d\u00e9cadas do coral, destacam-se as participa\u00e7\u00f5es no Projeto Aquarius, cantando a Sinfonia n\u00ba 8 \u201cdos mil\u201d de Mahler; no Tour da Experi\u00eancia em que a hist\u00f3ria de Petr\u00f3polis \u00e9 contada e cantada; e no projeto MPB em Conversa.<\/p>\n<p>Vencedor do pr\u00eamio Maestro Guerra-Peixe de Cultura de 2016 na categoria M\u00fasica Erudita, pela apresenta\u00e7\u00e3o do orat\u00f3rio \u201cA Paix\u00e3o segundo S\u00e3o Jo\u00e3o\u201d, o Coral das Meninas dos Canarinhos de Petr\u00f3polis j\u00e1 realizou turn\u00eas em diversas regi\u00f5es do pa\u00eds e de Portugal durante as comemora\u00e7\u00f5es dos 500 anos do Descobrimento do Brasil, sendo a mais recente delas em 2018, quando as meninas fizeram uma turn\u00ea de 30 anos do coral por cidades de S\u00e3o Paulo, Campinas e Curitiba.<\/p>\n<p>O trabalho do Coral das Meninas, cujos concertos roteirizados promovidos na pandemia somam mais de 150 mil visualiza\u00e7\u00f5es, podem ser acompanhados pelas p\u00e1ginas do Coral dos Canarinhos de Petr\u00f3polis na internet. S\u00e3o elas: <a href=\"https:\/\/www.instagram.com\/canarinhosdepetropolis\/\">@canarinhosdepetropolis &#8211; Instagram<\/a> e TikTok, <a href=\"https:\/\/www.youtube.com\/c\/CanarinhosdePetr%C3%B3polis\/featured\">Canarinhos de Petr\u00f3polis &#8211; YouTube<\/a> e <a href=\"https:\/\/www.facebook.com\/canarinhosdepetropolis\">Canarinhos de Petr\u00f3polis &#8211; <\/a>Facebook.<\/p>\n","protected":false},"excerpt":{"rendered":"<p>Coral das Meninas dos Canarinhos de Petr\u00f3polis<\/p>\n","protected":false},"author":3,"featured_media":240716,"comment_status":"open","ping_status":"open","sticky":false,"template":"","format":"standard","meta":[],"categories":[1],"tags":[1378,1531,1788],"acf":[],"yoast_head":"<!-- This site is optimized with the Yoast SEO plugin v19.2 - https:\/\/yoast.com\/wordpress\/plugins\/seo\/ -->\n<title>Coral das Meninas dos Canarinhos celebra 34 anos com concerto especial nesta sexta - Not\u00edcias - Franciscanos<\/title>\n<meta name=\"robots\" content=\"index, follow, max-snippet:-1, max-image-preview:large, max-video-preview:-1\" \/>\n<link rel=\"canonical\" href=\"https:\/\/franciscanos.org.br\/noticias\/coral-das-meninas-dos-canarinhos-celebra-34-anos-com-concerto-especial-nesta-sexta.html\" \/>\n<meta property=\"og:locale\" content=\"pt_BR\" \/>\n<meta property=\"og:type\" content=\"article\" \/>\n<meta property=\"og:title\" content=\"Coral das Meninas dos Canarinhos celebra 34 anos com concerto especial nesta sexta - Not\u00edcias - Franciscanos\" \/>\n<meta property=\"og:description\" content=\"Coral das Meninas dos Canarinhos de Petr\u00f3polis\" \/>\n<meta property=\"og:url\" content=\"https:\/\/franciscanos.org.br\/noticias\/coral-das-meninas-dos-canarinhos-celebra-34-anos-com-concerto-especial-nesta-sexta.html\" \/>\n<meta property=\"og:site_name\" content=\"Not\u00edcias - Franciscanos\" \/>\n<meta property=\"article:published_time\" content=\"2022-11-03T09:47:21+00:00\" \/>\n<meta property=\"article:modified_time\" content=\"2022-11-03T16:25:15+00:00\" \/>\n<meta property=\"og:image\" content=\"https:\/\/franciscanos.org.br\/noticias\/wp-content\/uploads\/2022\/11\/coral_meninas_03.jpg\" \/>\n\t<meta property=\"og:image:width\" content=\"1280\" \/>\n\t<meta property=\"og:image:height\" content=\"720\" \/>\n\t<meta property=\"og:image:type\" content=\"image\/jpeg\" \/>\n<meta name=\"author\" content=\"moacir\" \/>\n<meta name=\"twitter:card\" content=\"summary_large_image\" \/>\n<meta name=\"twitter:label1\" content=\"Escrito por\" \/>\n\t<meta name=\"twitter:data1\" content=\"moacir\" \/>\n\t<meta name=\"twitter:label2\" content=\"Est. tempo de leitura\" \/>\n\t<meta name=\"twitter:data2\" content=\"2 minutos\" \/>\n<script type=\"application\/ld+json\" class=\"yoast-schema-graph\">{\"@context\":\"https:\/\/schema.org\",\"@graph\":[{\"@type\":\"WebSite\",\"@id\":\"https:\/\/franciscanos.org.br\/noticias\/#website\",\"url\":\"https:\/\/franciscanos.org.br\/noticias\/\",\"name\":\"Not\u00edcias - Franciscanos\",\"description\":\"Prov\u00edncia Franciscana da Imaculada Concei\u00e7\u00e3o do Brasil - Ordem dos Frades Menores - OFM\",\"potentialAction\":[{\"@type\":\"SearchAction\",\"target\":{\"@type\":\"EntryPoint\",\"urlTemplate\":\"https:\/\/franciscanos.org.br\/noticias\/?s={search_term_string}\"},\"query-input\":\"required name=search_term_string\"}],\"inLanguage\":\"pt-BR\"},{\"@type\":\"ImageObject\",\"inLanguage\":\"pt-BR\",\"@id\":\"https:\/\/franciscanos.org.br\/noticias\/coral-das-meninas-dos-canarinhos-celebra-34-anos-com-concerto-especial-nesta-sexta.html#primaryimage\",\"url\":\"https:\/\/franciscanos.org.br\/noticias\/wp-content\/uploads\/2022\/11\/coral_meninas_03.jpg\",\"contentUrl\":\"https:\/\/franciscanos.org.br\/noticias\/wp-content\/uploads\/2022\/11\/coral_meninas_03.jpg\",\"width\":1280,\"height\":720},{\"@type\":\"WebPage\",\"@id\":\"https:\/\/franciscanos.org.br\/noticias\/coral-das-meninas-dos-canarinhos-celebra-34-anos-com-concerto-especial-nesta-sexta.html#webpage\",\"url\":\"https:\/\/franciscanos.org.br\/noticias\/coral-das-meninas-dos-canarinhos-celebra-34-anos-com-concerto-especial-nesta-sexta.html\",\"name\":\"Coral das Meninas dos Canarinhos celebra 34 anos com concerto especial nesta sexta - Not\u00edcias - Franciscanos\",\"isPartOf\":{\"@id\":\"https:\/\/franciscanos.org.br\/noticias\/#website\"},\"primaryImageOfPage\":{\"@id\":\"https:\/\/franciscanos.org.br\/noticias\/coral-das-meninas-dos-canarinhos-celebra-34-anos-com-concerto-especial-nesta-sexta.html#primaryimage\"},\"datePublished\":\"2022-11-03T09:47:21+00:00\",\"dateModified\":\"2022-11-03T16:25:15+00:00\",\"author\":{\"@id\":\"https:\/\/franciscanos.org.br\/noticias\/#\/schema\/person\/b5c8cba458c330ccff548b056e95a5d4\"},\"breadcrumb\":{\"@id\":\"https:\/\/franciscanos.org.br\/noticias\/coral-das-meninas-dos-canarinhos-celebra-34-anos-com-concerto-especial-nesta-sexta.html#breadcrumb\"},\"inLanguage\":\"pt-BR\",\"potentialAction\":[{\"@type\":\"ReadAction\",\"target\":[\"https:\/\/franciscanos.org.br\/noticias\/coral-das-meninas-dos-canarinhos-celebra-34-anos-com-concerto-especial-nesta-sexta.html\"]}]},{\"@type\":\"BreadcrumbList\",\"@id\":\"https:\/\/franciscanos.org.br\/noticias\/coral-das-meninas-dos-canarinhos-celebra-34-anos-com-concerto-especial-nesta-sexta.html#breadcrumb\",\"itemListElement\":[{\"@type\":\"ListItem\",\"position\":1,\"name\":\"Home\",\"item\":\"https:\/\/franciscanos.org.br\/noticias\"},{\"@type\":\"ListItem\",\"position\":2,\"name\":\"Coral das Meninas dos Canarinhos celebra 34 anos com concerto especial nesta sexta\"}]},{\"@type\":\"Person\",\"@id\":\"https:\/\/franciscanos.org.br\/noticias\/#\/schema\/person\/b5c8cba458c330ccff548b056e95a5d4\",\"name\":\"moacir\",\"image\":{\"@type\":\"ImageObject\",\"inLanguage\":\"pt-BR\",\"@id\":\"https:\/\/franciscanos.org.br\/noticias\/#\/schema\/person\/image\/\",\"url\":\"https:\/\/secure.gravatar.com\/avatar\/d08aa2ce4c8dd416d4479aa8536fcf64?s=96&d=mm&r=g\",\"contentUrl\":\"https:\/\/secure.gravatar.com\/avatar\/d08aa2ce4c8dd416d4479aa8536fcf64?s=96&d=mm&r=g\",\"caption\":\"moacir\"},\"url\":\"https:\/\/franciscanos.org.br\/noticias\/author\/moacir\"}]}<\/script>\n<!-- \/ Yoast SEO plugin. -->","yoast_head_json":{"title":"Coral das Meninas dos Canarinhos celebra 34 anos com concerto especial nesta sexta - Not\u00edcias - Franciscanos","robots":{"index":"index","follow":"follow","max-snippet":"max-snippet:-1","max-image-preview":"max-image-preview:large","max-video-preview":"max-video-preview:-1"},"canonical":"https:\/\/franciscanos.org.br\/noticias\/coral-das-meninas-dos-canarinhos-celebra-34-anos-com-concerto-especial-nesta-sexta.html","og_locale":"pt_BR","og_type":"article","og_title":"Coral das Meninas dos Canarinhos celebra 34 anos com concerto especial nesta sexta - Not\u00edcias - Franciscanos","og_description":"Coral das Meninas dos Canarinhos de Petr\u00f3polis","og_url":"https:\/\/franciscanos.org.br\/noticias\/coral-das-meninas-dos-canarinhos-celebra-34-anos-com-concerto-especial-nesta-sexta.html","og_site_name":"Not\u00edcias - Franciscanos","article_published_time":"2022-11-03T09:47:21+00:00","article_modified_time":"2022-11-03T16:25:15+00:00","og_image":[{"width":1280,"height":720,"url":"https:\/\/franciscanos.org.br\/noticias\/wp-content\/uploads\/2022\/11\/coral_meninas_03.jpg","type":"image\/jpeg"}],"author":"moacir","twitter_card":"summary_large_image","twitter_misc":{"Escrito por":"moacir","Est. tempo de leitura":"2 minutos"},"schema":{"@context":"https:\/\/schema.org","@graph":[{"@type":"WebSite","@id":"https:\/\/franciscanos.org.br\/noticias\/#website","url":"https:\/\/franciscanos.org.br\/noticias\/","name":"Not\u00edcias - Franciscanos","description":"Prov\u00edncia Franciscana da Imaculada Concei\u00e7\u00e3o do Brasil - Ordem dos Frades Menores - OFM","potentialAction":[{"@type":"SearchAction","target":{"@type":"EntryPoint","urlTemplate":"https:\/\/franciscanos.org.br\/noticias\/?s={search_term_string}"},"query-input":"required name=search_term_string"}],"inLanguage":"pt-BR"},{"@type":"ImageObject","inLanguage":"pt-BR","@id":"https:\/\/franciscanos.org.br\/noticias\/coral-das-meninas-dos-canarinhos-celebra-34-anos-com-concerto-especial-nesta-sexta.html#primaryimage","url":"https:\/\/franciscanos.org.br\/noticias\/wp-content\/uploads\/2022\/11\/coral_meninas_03.jpg","contentUrl":"https:\/\/franciscanos.org.br\/noticias\/wp-content\/uploads\/2022\/11\/coral_meninas_03.jpg","width":1280,"height":720},{"@type":"WebPage","@id":"https:\/\/franciscanos.org.br\/noticias\/coral-das-meninas-dos-canarinhos-celebra-34-anos-com-concerto-especial-nesta-sexta.html#webpage","url":"https:\/\/franciscanos.org.br\/noticias\/coral-das-meninas-dos-canarinhos-celebra-34-anos-com-concerto-especial-nesta-sexta.html","name":"Coral das Meninas dos Canarinhos celebra 34 anos com concerto especial nesta sexta - Not\u00edcias - Franciscanos","isPartOf":{"@id":"https:\/\/franciscanos.org.br\/noticias\/#website"},"primaryImageOfPage":{"@id":"https:\/\/franciscanos.org.br\/noticias\/coral-das-meninas-dos-canarinhos-celebra-34-anos-com-concerto-especial-nesta-sexta.html#primaryimage"},"datePublished":"2022-11-03T09:47:21+00:00","dateModified":"2022-11-03T16:25:15+00:00","author":{"@id":"https:\/\/franciscanos.org.br\/noticias\/#\/schema\/person\/b5c8cba458c330ccff548b056e95a5d4"},"breadcrumb":{"@id":"https:\/\/franciscanos.org.br\/noticias\/coral-das-meninas-dos-canarinhos-celebra-34-anos-com-concerto-especial-nesta-sexta.html#breadcrumb"},"inLanguage":"pt-BR","potentialAction":[{"@type":"ReadAction","target":["https:\/\/franciscanos.org.br\/noticias\/coral-das-meninas-dos-canarinhos-celebra-34-anos-com-concerto-especial-nesta-sexta.html"]}]},{"@type":"BreadcrumbList","@id":"https:\/\/franciscanos.org.br\/noticias\/coral-das-meninas-dos-canarinhos-celebra-34-anos-com-concerto-especial-nesta-sexta.html#breadcrumb","itemListElement":[{"@type":"ListItem","position":1,"name":"Home","item":"https:\/\/franciscanos.org.br\/noticias"},{"@type":"ListItem","position":2,"name":"Coral das Meninas dos Canarinhos celebra 34 anos com concerto especial nesta sexta"}]},{"@type":"Person","@id":"https:\/\/franciscanos.org.br\/noticias\/#\/schema\/person\/b5c8cba458c330ccff548b056e95a5d4","name":"moacir","image":{"@type":"ImageObject","inLanguage":"pt-BR","@id":"https:\/\/franciscanos.org.br\/noticias\/#\/schema\/person\/image\/","url":"https:\/\/secure.gravatar.com\/avatar\/d08aa2ce4c8dd416d4479aa8536fcf64?s=96&d=mm&r=g","contentUrl":"https:\/\/secure.gravatar.com\/avatar\/d08aa2ce4c8dd416d4479aa8536fcf64?s=96&d=mm&r=g","caption":"moacir"},"url":"https:\/\/franciscanos.org.br\/noticias\/author\/moacir"}]}},"_links":{"self":[{"href":"https:\/\/franciscanos.org.br\/noticias\/wp-json\/wp\/v2\/posts\/240715"}],"collection":[{"href":"https:\/\/franciscanos.org.br\/noticias\/wp-json\/wp\/v2\/posts"}],"about":[{"href":"https:\/\/franciscanos.org.br\/noticias\/wp-json\/wp\/v2\/types\/post"}],"author":[{"embeddable":true,"href":"https:\/\/franciscanos.org.br\/noticias\/wp-json\/wp\/v2\/users\/3"}],"replies":[{"embeddable":true,"href":"https:\/\/franciscanos.org.br\/noticias\/wp-json\/wp\/v2\/comments?post=240715"}],"version-history":[{"count":2,"href":"https:\/\/franciscanos.org.br\/noticias\/wp-json\/wp\/v2\/posts\/240715\/revisions"}],"predecessor-version":[{"id":240729,"href":"https:\/\/franciscanos.org.br\/noticias\/wp-json\/wp\/v2\/posts\/240715\/revisions\/240729"}],"wp:featuredmedia":[{"embeddable":true,"href":"https:\/\/franciscanos.org.br\/noticias\/wp-json\/wp\/v2\/media\/240716"}],"wp:attachment":[{"href":"https:\/\/franciscanos.org.br\/noticias\/wp-json\/wp\/v2\/media?parent=240715"}],"wp:term":[{"taxonomy":"category","embeddable":true,"href":"https:\/\/franciscanos.org.br\/noticias\/wp-json\/wp\/v2\/categories?post=240715"},{"taxonomy":"post_tag","embeddable":true,"href":"https:\/\/franciscanos.org.br\/noticias\/wp-json\/wp\/v2\/tags?post=240715"}],"curies":[{"name":"wp","href":"https:\/\/api.w.org\/{rel}","templated":true}]}}