{"id":240712,"date":"2022-11-02T10:54:17","date_gmt":"2022-11-02T13:54:17","guid":{"rendered":"https:\/\/franciscanos.org.br\/noticias\/?p=240712"},"modified":"2022-11-02T10:54:17","modified_gmt":"2022-11-02T13:54:17","slug":"papa-deixemo-nos-surpreender-pela-presenca-de-deus","status":"publish","type":"post","link":"https:\/\/franciscanos.org.br\/noticias\/papa-deixemo-nos-surpreender-pela-presenca-de-deus.html","title":{"rendered":"Papa: deixemo-nos surpreender pela presen\u00e7a de Deus"},"content":{"rendered":"<div id=\"attachment_240713\" style=\"width: 1010px\" class=\"wp-caption alignnone\"><img aria-describedby=\"caption-attachment-240713\" loading=\"lazy\" class=\"wp-image-240713 size-full\" src=\"https:\/\/franciscanos.org.br\/noticias\/wp-content\/uploads\/2022\/11\/missa.jpeg\" alt=\"\" width=\"1000\" height=\"563\" srcset=\"https:\/\/franciscanos.org.br\/noticias\/wp-content\/uploads\/2022\/11\/missa.jpeg 1000w, https:\/\/franciscanos.org.br\/noticias\/wp-content\/uploads\/2022\/11\/missa-450x253.jpeg 450w, https:\/\/franciscanos.org.br\/noticias\/wp-content\/uploads\/2022\/11\/missa-768x432.jpeg 768w, https:\/\/franciscanos.org.br\/noticias\/wp-content\/uploads\/2022\/11\/missa-150x84.jpeg 150w\" sizes=\"(max-width: 1000px) 100vw, 1000px\" \/><p id=\"caption-attachment-240713\" class=\"wp-caption-text\">\u00a0 \u00a0 \u00a0 \u00a0 \u00a0 \u00a0 \u00a0 \u00a0 \u00a0 \u00a0 \u00a0 \u00a0 \u00a0 \u00a0 \u00a0 \u00a0 \u00a0 \u00a0 \u00a0 \u00a0 \u00a0 \u00a0 \u00a0 \u00a0 \u00a0 \u00a0 \u00a0 \u00a0 \u00a0 \u00a0 \u00a0 \u00a0 \u00a0 \u00a0 \u00a0 \u00a0 \u00a0 \u00a0 \u00a0 \u00a0 \u00a0 \u00a0 \u00a0 \u00a0 <em>\u00a0 \u00a0 Imagem: Vatican Media<\/em><\/p><\/div>\n<p>Na manh\u00e3 desta quarta-feira (02\/11), dia comemora\u00e7\u00e3o dos fi\u00e9is defuntos o Papa Francisco celebrou uma Santa Missa em sufr\u00e1gio dos Cardeais e Bispos que faleceram durante o ano. O Papa iniciou sua homilia recordando as leituras que foram lidas, das quais duas palavras chamaram sua aten\u00e7\u00e3o: espera e surpresa.<\/p>\n<p><strong>Espera<\/strong><br \/>\nA espera, disse Francisco, \u201cexpressa o sentido da vida, porque vivemos na espera do encontro: o encontro com Deus, que \u00e9 a raz\u00e3o da nossa ora\u00e7\u00e3o de intercess\u00e3o de hoje, especialmente pelos Cardeais e Bispos que faleceram durante o \u00faltimo ano, pelos quais oferecemos em sufr\u00e1gio este Sacrif\u00edcio Eucar\u00edstico\u201d. E o Papa disse: &#8220;\u00c9 belo quando o Senhor vem para secar nossas l\u00e1grimas! Mas n\u00e3o \u00e9 nada bom quando esperamos que seja outra pessoa e n\u00e3o o Senhor a sec\u00e1-las. E pior ainda, n\u00e3o ter l\u00e1grimas&#8221;. Continuando a falar sobre o tema recordou \u201calimentemos nossa espera do C\u00e9u, exercitemos nosso desejo do para\u00edso. Faz-nos bem hoje nos perguntarmos se nossos desejos t\u00eam algo a ver com o C\u00e9u. Pois corremos o risco de aspirar constantemente \u00e0 coisas que passam, de confundir desejos com necessidades, de antepor as expectativas do mundo \u00e0 espera de Deus\u201d. Advertindo em seguida: \u201cOlhemos para cima, pois estamos caminhando para o Alto, enquanto as coisas daqui n\u00e3o ir\u00e3o para cima: as melhores carreiras, as maiores conquistas, os t\u00edtulos e distin\u00e7\u00f5es mais prestigiosas, a riqueza acumulada e os ganhos terrenos, tudo isso desaparecer\u00e1 em um instante. E todas as expectativas neles depositadas ser\u00e3o desapontadas para sempre\u201d<\/p>\n<p>Concluindo este ponto disse: \u201cPerguntemo-nos: eu vivo o que digo no Credo, &#8220;espero a Ressurrei\u00e7\u00e3o dos mortos e a vida do mundo que vir\u00e1&#8221;? E como \u00e9 a minha espera? Vou ao essencial ou me distraio com coisas sup\u00e9rfluas? Cultivo a esperan\u00e7a ou vou adiante reclamando porque dou muito valor a coisas que n\u00e3o contam?\u201d.<\/p>\n<p><strong>Quando foi<\/strong><br \/>\nReferindo-se \u00e0 segunda palavra das Leituras, \u201csurpresa\u201d Francisco disse: \u201cenquanto esperamos pelo amanh\u00e3, somos ajudados pelo Evangelho de hoje. Porque a surpresa \u00e9 grande toda vez que ouvimos Mateus cap\u00edtulo 25. \u00c9 semelhante \u00e0 dos protagonistas que dizem: &#8220;Senhor, quando foi que te vimos com fome e te alimentamos, com sede e te demos de beber? Quando foi que te vimos forasteiro e te recolhemos ou nu e te vestimos? Quando foi que te vimos doente ou preso e fomos te ver? (vv. 37-39). Quando foi? Assim se exprime a surpresa de todos, o espanto dos justos e a consterna\u00e7\u00e3o dos injustos\u201d.<\/p>\n<p><strong>Que surpresa!<\/strong><br \/>\n\u201cQuando foi?\u201d N\u00f3s tamb\u00e9m podemos dizer, continuou o Papa: &#8220;esperamos que o julgamento sobre a vida e sobre o mundo ocorra sob a bandeira da justi\u00e7a, diante de um tribunal decisivo que, avaliando todos os elementos, esclare\u00e7a para sempre as situa\u00e7\u00f5es e inten\u00e7\u00f5es\u201d. E o Papa adverte mais uma vez: \u201cNo tribunal divino, a \u00fanica avalia\u00e7\u00e3o de m\u00e9rito e de acusa\u00e7\u00e3o \u00e9 a miseric\u00f3rdia para com os pobres e os descartados\u201d. \u201cO Alt\u00edssimo est\u00e1 nos pequenos, Aquele mora nos c\u00e9us entre os mais insignificantes para o mundo. Que surpresa!!\u201d<\/p>\n<p>\u201cA sua medida \u00e9 um amor que vai al\u00e9m das nossas medidas e seu m\u00e9todo de avalia\u00e7\u00e3o \u00e9 a gratuidade. Assim, para nos prepararmos, sabemos o que fazer: amar gratuitamente e infinitamente, sem esperar reciprocidade, os que est\u00e3o na sua lista de prefer\u00eancias, os que n\u00e3o podem nos dar nada em troca, os que n\u00e3o nos atraem\u201d.<\/p>\n<p><strong>Comprometimento com o Evangelho<\/strong><br \/>\nContinuando sua homilia Francisco pondera: \u201cSejamos realistas, nos tornamos muito bons em fazer compromissos com o Evangelho: alimentar os famintos sim, mas a quest\u00e3o da fome \u00e9 complexa e eu certamente n\u00e3o posso resolv\u00ea-la! Ajudar os pobres sim, mas depois as injusti\u00e7as t\u00eam que ser tratadas de uma certa maneira e ent\u00e3o \u00e9 melhor esperar, tamb\u00e9m porque se voc\u00ea se comprometer, corre o risco de ser perturbado o tempo todo e talvez voc\u00ea perceba que poderia ter feito melhor!\u201d. E recorda a todos que assim n\u00e3o funciona, \u201ccom os &#8220;mas&#8221; e &#8220;por\u00e9m&#8221;, fazemos da vida um compromisso com o Evangelho. De simples disc\u00edpulos do Mestre nos tornamos mestres da complexidade, que discutem muito e fazem pouco, que buscam respostas mais na frente do computador do que na frente do Crucifixo\u201d, disse o Papa.<\/p>\n<p><strong>O quando \u00e9 agora<\/strong><br \/>\n\u201cQuando foi? Perguntam-se surpresos tanto os justos quanto os injustos\u201d, continua o Papa. Dando uma resposta clara: \u201co quando \u00e9 agora. Est\u00e1 nas nossas m\u00e3os, nas nossas obras de miseric\u00f3rdia: n\u00e3o em an\u00e1lises detalhadas, n\u00e3o em justificativas individuais ou sociais\u201d. Dizendo em seguida: \u201cHoje o Senhor nos recorda que a morte vem para mostrar a verdade da vida e remover qualquer atenuante \u00e0 miseric\u00f3rdia\u201d<\/p>\n<p>Concluindo disse: \u201cn\u00e3o podemos dizer que n\u00e3o sabemos. O Evangelho explica como viver a espera: vai-se ao encontro de Deus amando, porque Ele \u00e9 amor. E no dia da nossa despedida, a surpresa ser\u00e1 feliz se agora nos deixarmos surpreender pela presen\u00e7a de Deus, que nos espera entre os pobres e feridos do mundo. E espera ser acariciado n\u00e3o com palavras, mas com a\u00e7\u00f5es.<\/p>\n<hr \/>\n<p><em>Fonte: Vatican News (texto de Jane Nogara)<\/em><\/p>\n","protected":false},"excerpt":{"rendered":"<p>Santa Missa de Finados<\/p>\n","protected":false},"author":3,"featured_media":240713,"comment_status":"open","ping_status":"open","sticky":false,"template":"","format":"standard","meta":[],"categories":[1428],"tags":[489],"acf":[],"yoast_head":"<!-- This site is optimized with the Yoast SEO plugin v19.2 - https:\/\/yoast.com\/wordpress\/plugins\/seo\/ -->\n<title>Papa: deixemo-nos surpreender pela presen\u00e7a de Deus - Not\u00edcias - Franciscanos<\/title>\n<meta name=\"robots\" content=\"index, follow, max-snippet:-1, max-image-preview:large, max-video-preview:-1\" \/>\n<link rel=\"canonical\" href=\"https:\/\/franciscanos.org.br\/noticias\/papa-deixemo-nos-surpreender-pela-presenca-de-deus.html\" \/>\n<meta property=\"og:locale\" content=\"pt_BR\" \/>\n<meta property=\"og:type\" content=\"article\" \/>\n<meta property=\"og:title\" content=\"Papa: deixemo-nos surpreender pela presen\u00e7a de Deus - Not\u00edcias - Franciscanos\" \/>\n<meta property=\"og:description\" content=\"Santa Missa de Finados\" \/>\n<meta property=\"og:url\" content=\"https:\/\/franciscanos.org.br\/noticias\/papa-deixemo-nos-surpreender-pela-presenca-de-deus.html\" \/>\n<meta property=\"og:site_name\" content=\"Not\u00edcias - Franciscanos\" \/>\n<meta property=\"article:published_time\" content=\"2022-11-02T13:54:17+00:00\" \/>\n<meta property=\"og:image\" content=\"https:\/\/franciscanos.org.br\/noticias\/wp-content\/uploads\/2022\/11\/missa.jpeg\" \/>\n\t<meta property=\"og:image:width\" content=\"1000\" \/>\n\t<meta property=\"og:image:height\" content=\"563\" \/>\n\t<meta property=\"og:image:type\" content=\"image\/jpeg\" \/>\n<meta name=\"author\" content=\"moacir\" \/>\n<meta name=\"twitter:card\" content=\"summary_large_image\" \/>\n<meta name=\"twitter:label1\" content=\"Escrito por\" \/>\n\t<meta name=\"twitter:data1\" content=\"moacir\" \/>\n\t<meta name=\"twitter:label2\" content=\"Est. tempo de leitura\" \/>\n\t<meta name=\"twitter:data2\" content=\"4 minutos\" \/>\n<script type=\"application\/ld+json\" class=\"yoast-schema-graph\">{\"@context\":\"https:\/\/schema.org\",\"@graph\":[{\"@type\":\"WebSite\",\"@id\":\"https:\/\/franciscanos.org.br\/noticias\/#website\",\"url\":\"https:\/\/franciscanos.org.br\/noticias\/\",\"name\":\"Not\u00edcias - Franciscanos\",\"description\":\"Prov\u00edncia Franciscana da Imaculada Concei\u00e7\u00e3o do Brasil - Ordem dos Frades Menores - OFM\",\"potentialAction\":[{\"@type\":\"SearchAction\",\"target\":{\"@type\":\"EntryPoint\",\"urlTemplate\":\"https:\/\/franciscanos.org.br\/noticias\/?s={search_term_string}\"},\"query-input\":\"required name=search_term_string\"}],\"inLanguage\":\"pt-BR\"},{\"@type\":\"ImageObject\",\"inLanguage\":\"pt-BR\",\"@id\":\"https:\/\/franciscanos.org.br\/noticias\/papa-deixemo-nos-surpreender-pela-presenca-de-deus.html#primaryimage\",\"url\":\"https:\/\/franciscanos.org.br\/noticias\/wp-content\/uploads\/2022\/11\/missa.jpeg\",\"contentUrl\":\"https:\/\/franciscanos.org.br\/noticias\/wp-content\/uploads\/2022\/11\/missa.jpeg\",\"width\":1000,\"height\":563},{\"@type\":\"WebPage\",\"@id\":\"https:\/\/franciscanos.org.br\/noticias\/papa-deixemo-nos-surpreender-pela-presenca-de-deus.html#webpage\",\"url\":\"https:\/\/franciscanos.org.br\/noticias\/papa-deixemo-nos-surpreender-pela-presenca-de-deus.html\",\"name\":\"Papa: deixemo-nos surpreender pela presen\u00e7a de Deus - Not\u00edcias - Franciscanos\",\"isPartOf\":{\"@id\":\"https:\/\/franciscanos.org.br\/noticias\/#website\"},\"primaryImageOfPage\":{\"@id\":\"https:\/\/franciscanos.org.br\/noticias\/papa-deixemo-nos-surpreender-pela-presenca-de-deus.html#primaryimage\"},\"datePublished\":\"2022-11-02T13:54:17+00:00\",\"dateModified\":\"2022-11-02T13:54:17+00:00\",\"author\":{\"@id\":\"https:\/\/franciscanos.org.br\/noticias\/#\/schema\/person\/b5c8cba458c330ccff548b056e95a5d4\"},\"breadcrumb\":{\"@id\":\"https:\/\/franciscanos.org.br\/noticias\/papa-deixemo-nos-surpreender-pela-presenca-de-deus.html#breadcrumb\"},\"inLanguage\":\"pt-BR\",\"potentialAction\":[{\"@type\":\"ReadAction\",\"target\":[\"https:\/\/franciscanos.org.br\/noticias\/papa-deixemo-nos-surpreender-pela-presenca-de-deus.html\"]}]},{\"@type\":\"BreadcrumbList\",\"@id\":\"https:\/\/franciscanos.org.br\/noticias\/papa-deixemo-nos-surpreender-pela-presenca-de-deus.html#breadcrumb\",\"itemListElement\":[{\"@type\":\"ListItem\",\"position\":1,\"name\":\"Home\",\"item\":\"https:\/\/franciscanos.org.br\/noticias\"},{\"@type\":\"ListItem\",\"position\":2,\"name\":\"Papa: deixemo-nos surpreender pela presen\u00e7a de Deus\"}]},{\"@type\":\"Person\",\"@id\":\"https:\/\/franciscanos.org.br\/noticias\/#\/schema\/person\/b5c8cba458c330ccff548b056e95a5d4\",\"name\":\"moacir\",\"image\":{\"@type\":\"ImageObject\",\"inLanguage\":\"pt-BR\",\"@id\":\"https:\/\/franciscanos.org.br\/noticias\/#\/schema\/person\/image\/\",\"url\":\"https:\/\/secure.gravatar.com\/avatar\/d08aa2ce4c8dd416d4479aa8536fcf64?s=96&d=mm&r=g\",\"contentUrl\":\"https:\/\/secure.gravatar.com\/avatar\/d08aa2ce4c8dd416d4479aa8536fcf64?s=96&d=mm&r=g\",\"caption\":\"moacir\"},\"url\":\"https:\/\/franciscanos.org.br\/noticias\/author\/moacir\"}]}<\/script>\n<!-- \/ Yoast SEO plugin. -->","yoast_head_json":{"title":"Papa: deixemo-nos surpreender pela presen\u00e7a de Deus - Not\u00edcias - Franciscanos","robots":{"index":"index","follow":"follow","max-snippet":"max-snippet:-1","max-image-preview":"max-image-preview:large","max-video-preview":"max-video-preview:-1"},"canonical":"https:\/\/franciscanos.org.br\/noticias\/papa-deixemo-nos-surpreender-pela-presenca-de-deus.html","og_locale":"pt_BR","og_type":"article","og_title":"Papa: deixemo-nos surpreender pela presen\u00e7a de Deus - Not\u00edcias - Franciscanos","og_description":"Santa Missa de Finados","og_url":"https:\/\/franciscanos.org.br\/noticias\/papa-deixemo-nos-surpreender-pela-presenca-de-deus.html","og_site_name":"Not\u00edcias - Franciscanos","article_published_time":"2022-11-02T13:54:17+00:00","og_image":[{"width":1000,"height":563,"url":"https:\/\/franciscanos.org.br\/noticias\/wp-content\/uploads\/2022\/11\/missa.jpeg","type":"image\/jpeg"}],"author":"moacir","twitter_card":"summary_large_image","twitter_misc":{"Escrito por":"moacir","Est. tempo de leitura":"4 minutos"},"schema":{"@context":"https:\/\/schema.org","@graph":[{"@type":"WebSite","@id":"https:\/\/franciscanos.org.br\/noticias\/#website","url":"https:\/\/franciscanos.org.br\/noticias\/","name":"Not\u00edcias - Franciscanos","description":"Prov\u00edncia Franciscana da Imaculada Concei\u00e7\u00e3o do Brasil - Ordem dos Frades Menores - OFM","potentialAction":[{"@type":"SearchAction","target":{"@type":"EntryPoint","urlTemplate":"https:\/\/franciscanos.org.br\/noticias\/?s={search_term_string}"},"query-input":"required name=search_term_string"}],"inLanguage":"pt-BR"},{"@type":"ImageObject","inLanguage":"pt-BR","@id":"https:\/\/franciscanos.org.br\/noticias\/papa-deixemo-nos-surpreender-pela-presenca-de-deus.html#primaryimage","url":"https:\/\/franciscanos.org.br\/noticias\/wp-content\/uploads\/2022\/11\/missa.jpeg","contentUrl":"https:\/\/franciscanos.org.br\/noticias\/wp-content\/uploads\/2022\/11\/missa.jpeg","width":1000,"height":563},{"@type":"WebPage","@id":"https:\/\/franciscanos.org.br\/noticias\/papa-deixemo-nos-surpreender-pela-presenca-de-deus.html#webpage","url":"https:\/\/franciscanos.org.br\/noticias\/papa-deixemo-nos-surpreender-pela-presenca-de-deus.html","name":"Papa: deixemo-nos surpreender pela presen\u00e7a de Deus - Not\u00edcias - Franciscanos","isPartOf":{"@id":"https:\/\/franciscanos.org.br\/noticias\/#website"},"primaryImageOfPage":{"@id":"https:\/\/franciscanos.org.br\/noticias\/papa-deixemo-nos-surpreender-pela-presenca-de-deus.html#primaryimage"},"datePublished":"2022-11-02T13:54:17+00:00","dateModified":"2022-11-02T13:54:17+00:00","author":{"@id":"https:\/\/franciscanos.org.br\/noticias\/#\/schema\/person\/b5c8cba458c330ccff548b056e95a5d4"},"breadcrumb":{"@id":"https:\/\/franciscanos.org.br\/noticias\/papa-deixemo-nos-surpreender-pela-presenca-de-deus.html#breadcrumb"},"inLanguage":"pt-BR","potentialAction":[{"@type":"ReadAction","target":["https:\/\/franciscanos.org.br\/noticias\/papa-deixemo-nos-surpreender-pela-presenca-de-deus.html"]}]},{"@type":"BreadcrumbList","@id":"https:\/\/franciscanos.org.br\/noticias\/papa-deixemo-nos-surpreender-pela-presenca-de-deus.html#breadcrumb","itemListElement":[{"@type":"ListItem","position":1,"name":"Home","item":"https:\/\/franciscanos.org.br\/noticias"},{"@type":"ListItem","position":2,"name":"Papa: deixemo-nos surpreender pela presen\u00e7a de Deus"}]},{"@type":"Person","@id":"https:\/\/franciscanos.org.br\/noticias\/#\/schema\/person\/b5c8cba458c330ccff548b056e95a5d4","name":"moacir","image":{"@type":"ImageObject","inLanguage":"pt-BR","@id":"https:\/\/franciscanos.org.br\/noticias\/#\/schema\/person\/image\/","url":"https:\/\/secure.gravatar.com\/avatar\/d08aa2ce4c8dd416d4479aa8536fcf64?s=96&d=mm&r=g","contentUrl":"https:\/\/secure.gravatar.com\/avatar\/d08aa2ce4c8dd416d4479aa8536fcf64?s=96&d=mm&r=g","caption":"moacir"},"url":"https:\/\/franciscanos.org.br\/noticias\/author\/moacir"}]}},"_links":{"self":[{"href":"https:\/\/franciscanos.org.br\/noticias\/wp-json\/wp\/v2\/posts\/240712"}],"collection":[{"href":"https:\/\/franciscanos.org.br\/noticias\/wp-json\/wp\/v2\/posts"}],"about":[{"href":"https:\/\/franciscanos.org.br\/noticias\/wp-json\/wp\/v2\/types\/post"}],"author":[{"embeddable":true,"href":"https:\/\/franciscanos.org.br\/noticias\/wp-json\/wp\/v2\/users\/3"}],"replies":[{"embeddable":true,"href":"https:\/\/franciscanos.org.br\/noticias\/wp-json\/wp\/v2\/comments?post=240712"}],"version-history":[{"count":1,"href":"https:\/\/franciscanos.org.br\/noticias\/wp-json\/wp\/v2\/posts\/240712\/revisions"}],"predecessor-version":[{"id":240714,"href":"https:\/\/franciscanos.org.br\/noticias\/wp-json\/wp\/v2\/posts\/240712\/revisions\/240714"}],"wp:featuredmedia":[{"embeddable":true,"href":"https:\/\/franciscanos.org.br\/noticias\/wp-json\/wp\/v2\/media\/240713"}],"wp:attachment":[{"href":"https:\/\/franciscanos.org.br\/noticias\/wp-json\/wp\/v2\/media?parent=240712"}],"wp:term":[{"taxonomy":"category","embeddable":true,"href":"https:\/\/franciscanos.org.br\/noticias\/wp-json\/wp\/v2\/categories?post=240712"},{"taxonomy":"post_tag","embeddable":true,"href":"https:\/\/franciscanos.org.br\/noticias\/wp-json\/wp\/v2\/tags?post=240712"}],"curies":[{"name":"wp","href":"https:\/\/api.w.org\/{rel}","templated":true}]}}