{"id":240686,"date":"2022-10-31T07:59:06","date_gmt":"2022-10-31T10:59:06","guid":{"rendered":"https:\/\/franciscanos.org.br\/noticias\/?p=240686"},"modified":"2022-10-31T07:59:06","modified_gmt":"2022-10-31T10:59:06","slug":"usf-promove-noites-de-oracao-inter-religiosa-pela-paz-no-mundo","status":"publish","type":"post","link":"https:\/\/franciscanos.org.br\/noticias\/usf-promove-noites-de-oracao-inter-religiosa-pela-paz-no-mundo.html","title":{"rendered":"USF promove Noites de Ora\u00e7\u00e3o Inter-religiosa pela paz no mundo"},"content":{"rendered":"<p><img loading=\"lazy\" class=\"alignnone size-full wp-image-240687\" src=\"https:\/\/franciscanos.org.br\/noticias\/wp-content\/uploads\/2022\/10\/usf_31_02.jpg\" alt=\"\" width=\"1280\" height=\"720\" srcset=\"https:\/\/franciscanos.org.br\/noticias\/wp-content\/uploads\/2022\/10\/usf_31_02.jpg 1280w, https:\/\/franciscanos.org.br\/noticias\/wp-content\/uploads\/2022\/10\/usf_31_02-450x253.jpg 450w, https:\/\/franciscanos.org.br\/noticias\/wp-content\/uploads\/2022\/10\/usf_31_02-1024x576.jpg 1024w, https:\/\/franciscanos.org.br\/noticias\/wp-content\/uploads\/2022\/10\/usf_31_02-768x432.jpg 768w, https:\/\/franciscanos.org.br\/noticias\/wp-content\/uploads\/2022\/10\/usf_31_02-150x84.jpg 150w\" sizes=\"(max-width: 1280px) 100vw, 1280px\" \/><\/p>\n<p>\u201cH\u00e1 36 anos, no dia 27 de outubro de 1986, o Papa Jo\u00e3o Paulo II, reunia em Assis, a Cidade da Paz, dezenas de l\u00edderes religiosos para orar pela Paz no Mundo. O evento ficou amplamente conhecido e divulgado nas m\u00eddias crist\u00e3s e n\u00e3o crist\u00e3s. Ali que se criou o termo Esp\u00edrito de Assis para lembrar a constante necessidade de buscar a Paz, a fraternidade universal, t\u00e3o queridas pelo jovem: Francisco de Assis. Depois deste dia, proliferaram a\u00e7\u00f5es em diferentes partes do mundo baseadas neste encontro. A iniciativa da Universidade S\u00e3o Francisco tem como inspira\u00e7\u00e3o este acontecimento.<\/p>\n<p>O movimento franciscano desde as suas origens foi capaz de dialogar com o diferente; os frades seguidores de Francisco de Assis, na originalidade de sua ess\u00eancia, ao dizer que os freis est\u00e3o sempre \u201cin via\u201d, ou seja, a caminho, deviam adaptar-se ao mundo e \u00e0s pessoas que encontrassem diante de si. A proposta de Francisco j\u00e1 era toda uma quebra de paradigmas ao sugerir que convivessem debaixo do mesmo teto: o campon\u00eas, o nobre e o clero. Isso em plena Idade M\u00e9dia, em uma sociedade que delimitava muito bem o lugar social de cada um.<\/p>\n<p><img loading=\"lazy\" class=\"alignnone size-full wp-image-240691\" src=\"https:\/\/franciscanos.org.br\/noticias\/wp-content\/uploads\/2022\/10\/usf_3110.jpg\" alt=\"\" width=\"1024\" height=\"542\" srcset=\"https:\/\/franciscanos.org.br\/noticias\/wp-content\/uploads\/2022\/10\/usf_3110.jpg 1024w, https:\/\/franciscanos.org.br\/noticias\/wp-content\/uploads\/2022\/10\/usf_3110-450x238.jpg 450w, https:\/\/franciscanos.org.br\/noticias\/wp-content\/uploads\/2022\/10\/usf_3110-768x407.jpg 768w, https:\/\/franciscanos.org.br\/noticias\/wp-content\/uploads\/2022\/10\/usf_3110-150x79.jpg 150w\" sizes=\"(max-width: 1024px) 100vw, 1024px\" \/><\/p>\n<p>Hoje, mais do que nunca, mergulhados em um mundo de \u00f3dio, de intoler\u00e2ncia, de extremismos, de ressurgimento de grupos radicais, de prolifera\u00e7\u00e3o do discurso de \u00f3dio, de persegui\u00e7\u00e3o ao diferente, de guerras apoiadas por l\u00edderes religiosos, em contexto nacional de brigas, fake news, de polariza\u00e7\u00e3o pol\u00edtica, de discurso religioso intolerante; em uma semana decisiva para a hist\u00f3ria do pa\u00eds, somos mais uma vez convocados a rezar, a pedir, a implorar pela Paz.<\/p>\n<p>Ao preparar estas poucas linhas, ao digitar no site de busca a frase: \u201cEncontro inter-religioso do Papa em Assis\u201d a primeira p\u00e1gina que me apareceu tinha como t\u00edtulo:\u201d o her\u00e9tico e escandaloso encontro ecum\u00eanico em Assis de Jo\u00e3o Paulo II\u201d; em uma p\u00e1gina que se dizia criada para dar forma\u00e7\u00e3o cat\u00f3lica, mas que em suas diversas linhas atacava o Papa, o Conc\u00edlio Vaticano II, o di\u00e1logo inter-religioso, tentando criar e gerar entre os pr\u00f3prios cat\u00f3licos o contr\u00e1rio da proposta que temos aqui nesta noite e que teve S\u00e3o\u00a0 Jo\u00e3o Paulo II em Assis. Por isso, meus caros, mais do que nunca, este momento que compartilhamos aqui na Universidade S\u00e3o Francisco, \u00e9 necess\u00e1rio, atual e indispens\u00e1vel. E por isso, mais uma vez o fazemos e faremos cada ano. Desejo que aproveitemos cada minuto e cada partilha trazida pelos nossos irm\u00e3os e irm\u00e3s das diferentes religi\u00f5es aqui presentes\u201d (Frei Alvaci Mendes da Luz \u2013 pela Pastoral Universit\u00e1ria).<\/p>\n<p><img loading=\"lazy\" class=\"alignnone size-full wp-image-240688\" src=\"https:\/\/franciscanos.org.br\/noticias\/wp-content\/uploads\/2022\/10\/usf_31_01.jpg\" alt=\"\" width=\"1280\" height=\"575\" srcset=\"https:\/\/franciscanos.org.br\/noticias\/wp-content\/uploads\/2022\/10\/usf_31_01.jpg 1280w, https:\/\/franciscanos.org.br\/noticias\/wp-content\/uploads\/2022\/10\/usf_31_01-450x202.jpg 450w, https:\/\/franciscanos.org.br\/noticias\/wp-content\/uploads\/2022\/10\/usf_31_01-1024x460.jpg 1024w, https:\/\/franciscanos.org.br\/noticias\/wp-content\/uploads\/2022\/10\/usf_31_01-768x345.jpg 768w, https:\/\/franciscanos.org.br\/noticias\/wp-content\/uploads\/2022\/10\/usf_31_01-150x67.jpg 150w\" sizes=\"(max-width: 1280px) 100vw, 1280px\" \/><\/p>\n<p>Realizamos tr\u00eas noites de ora\u00e7\u00e3o, com dura\u00e7\u00e3o de 01 hora e meia, sempre \u00e0s 19h30, nos dias 25, 26 e 27 deste m\u00eas de outubro; e contamos com a participa\u00e7\u00e3o \u00a0valiosa e eficiente do N\u00facleo de Extens\u00e3o (Next), dos Freis que trabalham na USF: Frei Vit\u00f3rio conduziu a primeira noite, Frei Valdir Nunes a segunda, e Frei Alvaci a terceira noite. Contamos com a presen\u00e7a dos Diretores de campus, Pr\u00f3-Reitor, professores e alunos e demais convidados. Os l\u00edderes religiosos que participaram em todas as noites e trouxeram grandes ensinamentos foram estes: Jana\u00edna Assis (Kardecista), Sheikh Rodrigo Jalloul (Islamismo), Pastor Luiz Carlos Ramos (Metodista), Babalorix\u00e1 Ademilson \u00a0Oliveira(Candombl\u00e9), M\u00e3e Cl\u00e1udia Fernandes (Umbanda), Elaine C\u00e1ssia (Seicho-no-ie),Pastor Leandro Rodrigues (Igreja Evang\u00e9lica Habitar),\u00a0 Sheila Rizzo (Espiritismo- Casa do Caminho), Monge Gen Geden ( Budismo), Maria L\u00facia Zenobi (Seicho No I\u00ea) e tamb\u00e9m os m\u00fasicos Geraldo Coelho da Silva (Trompetista),\u00a0 Grupo Z\u00e9 da Gente ( O Amor Camar\u00e1), Elizabeth Poquiviqui (Igreja Fam\u00edlia Debaixo da Gra\u00e7a).<\/p>\n<p>Por este grande momento nossa gratid\u00e3o a todos e todas, Deus seja louvado! Paz e Bem!<\/p>\n<hr \/>\n<p><em>Pastoral Universit\u00e1ria da USF<\/em><\/p>\n","protected":false},"excerpt":{"rendered":"<p>Universidade S\u00e3o Francisco<\/p>\n","protected":false},"author":3,"featured_media":240687,"comment_status":"open","ping_status":"open","sticky":false,"template":"","format":"standard","meta":[],"categories":[1],"tags":[354],"acf":[],"yoast_head":"<!-- This site is optimized with the Yoast SEO plugin v19.2 - https:\/\/yoast.com\/wordpress\/plugins\/seo\/ -->\n<title>USF promove Noites de Ora\u00e7\u00e3o Inter-religiosa pela paz no mundo - Not\u00edcias - Franciscanos<\/title>\n<meta name=\"robots\" content=\"index, follow, max-snippet:-1, max-image-preview:large, max-video-preview:-1\" \/>\n<link rel=\"canonical\" href=\"https:\/\/franciscanos.org.br\/noticias\/usf-promove-noites-de-oracao-inter-religiosa-pela-paz-no-mundo.html\" \/>\n<meta property=\"og:locale\" content=\"pt_BR\" \/>\n<meta property=\"og:type\" content=\"article\" \/>\n<meta property=\"og:title\" content=\"USF promove Noites de Ora\u00e7\u00e3o Inter-religiosa pela paz no mundo - Not\u00edcias - Franciscanos\" \/>\n<meta property=\"og:description\" content=\"Universidade S\u00e3o Francisco\" \/>\n<meta property=\"og:url\" content=\"https:\/\/franciscanos.org.br\/noticias\/usf-promove-noites-de-oracao-inter-religiosa-pela-paz-no-mundo.html\" \/>\n<meta property=\"og:site_name\" content=\"Not\u00edcias - Franciscanos\" \/>\n<meta property=\"article:published_time\" content=\"2022-10-31T10:59:06+00:00\" \/>\n<meta property=\"og:image\" content=\"https:\/\/franciscanos.org.br\/noticias\/wp-content\/uploads\/2022\/10\/usf_31_02.jpg\" \/>\n\t<meta property=\"og:image:width\" content=\"1280\" \/>\n\t<meta property=\"og:image:height\" content=\"720\" \/>\n\t<meta property=\"og:image:type\" content=\"image\/jpeg\" \/>\n<meta name=\"author\" content=\"moacir\" \/>\n<meta name=\"twitter:card\" content=\"summary_large_image\" \/>\n<meta name=\"twitter:label1\" content=\"Escrito por\" \/>\n\t<meta name=\"twitter:data1\" content=\"moacir\" \/>\n\t<meta name=\"twitter:label2\" content=\"Est. tempo de leitura\" \/>\n\t<meta name=\"twitter:data2\" content=\"3 minutos\" \/>\n<script type=\"application\/ld+json\" class=\"yoast-schema-graph\">{\"@context\":\"https:\/\/schema.org\",\"@graph\":[{\"@type\":\"WebSite\",\"@id\":\"https:\/\/franciscanos.org.br\/noticias\/#website\",\"url\":\"https:\/\/franciscanos.org.br\/noticias\/\",\"name\":\"Not\u00edcias - Franciscanos\",\"description\":\"Prov\u00edncia Franciscana da Imaculada Concei\u00e7\u00e3o do Brasil - Ordem dos Frades Menores - OFM\",\"potentialAction\":[{\"@type\":\"SearchAction\",\"target\":{\"@type\":\"EntryPoint\",\"urlTemplate\":\"https:\/\/franciscanos.org.br\/noticias\/?s={search_term_string}\"},\"query-input\":\"required name=search_term_string\"}],\"inLanguage\":\"pt-BR\"},{\"@type\":\"ImageObject\",\"inLanguage\":\"pt-BR\",\"@id\":\"https:\/\/franciscanos.org.br\/noticias\/usf-promove-noites-de-oracao-inter-religiosa-pela-paz-no-mundo.html#primaryimage\",\"url\":\"https:\/\/franciscanos.org.br\/noticias\/wp-content\/uploads\/2022\/10\/usf_31_02.jpg\",\"contentUrl\":\"https:\/\/franciscanos.org.br\/noticias\/wp-content\/uploads\/2022\/10\/usf_31_02.jpg\",\"width\":1280,\"height\":720},{\"@type\":\"WebPage\",\"@id\":\"https:\/\/franciscanos.org.br\/noticias\/usf-promove-noites-de-oracao-inter-religiosa-pela-paz-no-mundo.html#webpage\",\"url\":\"https:\/\/franciscanos.org.br\/noticias\/usf-promove-noites-de-oracao-inter-religiosa-pela-paz-no-mundo.html\",\"name\":\"USF promove Noites de Ora\u00e7\u00e3o Inter-religiosa pela paz no mundo - Not\u00edcias - Franciscanos\",\"isPartOf\":{\"@id\":\"https:\/\/franciscanos.org.br\/noticias\/#website\"},\"primaryImageOfPage\":{\"@id\":\"https:\/\/franciscanos.org.br\/noticias\/usf-promove-noites-de-oracao-inter-religiosa-pela-paz-no-mundo.html#primaryimage\"},\"datePublished\":\"2022-10-31T10:59:06+00:00\",\"dateModified\":\"2022-10-31T10:59:06+00:00\",\"author\":{\"@id\":\"https:\/\/franciscanos.org.br\/noticias\/#\/schema\/person\/b5c8cba458c330ccff548b056e95a5d4\"},\"breadcrumb\":{\"@id\":\"https:\/\/franciscanos.org.br\/noticias\/usf-promove-noites-de-oracao-inter-religiosa-pela-paz-no-mundo.html#breadcrumb\"},\"inLanguage\":\"pt-BR\",\"potentialAction\":[{\"@type\":\"ReadAction\",\"target\":[\"https:\/\/franciscanos.org.br\/noticias\/usf-promove-noites-de-oracao-inter-religiosa-pela-paz-no-mundo.html\"]}]},{\"@type\":\"BreadcrumbList\",\"@id\":\"https:\/\/franciscanos.org.br\/noticias\/usf-promove-noites-de-oracao-inter-religiosa-pela-paz-no-mundo.html#breadcrumb\",\"itemListElement\":[{\"@type\":\"ListItem\",\"position\":1,\"name\":\"Home\",\"item\":\"https:\/\/franciscanos.org.br\/noticias\"},{\"@type\":\"ListItem\",\"position\":2,\"name\":\"USF promove Noites de Ora\u00e7\u00e3o Inter-religiosa pela paz no mundo\"}]},{\"@type\":\"Person\",\"@id\":\"https:\/\/franciscanos.org.br\/noticias\/#\/schema\/person\/b5c8cba458c330ccff548b056e95a5d4\",\"name\":\"moacir\",\"image\":{\"@type\":\"ImageObject\",\"inLanguage\":\"pt-BR\",\"@id\":\"https:\/\/franciscanos.org.br\/noticias\/#\/schema\/person\/image\/\",\"url\":\"https:\/\/secure.gravatar.com\/avatar\/d08aa2ce4c8dd416d4479aa8536fcf64?s=96&d=mm&r=g\",\"contentUrl\":\"https:\/\/secure.gravatar.com\/avatar\/d08aa2ce4c8dd416d4479aa8536fcf64?s=96&d=mm&r=g\",\"caption\":\"moacir\"},\"url\":\"https:\/\/franciscanos.org.br\/noticias\/author\/moacir\"}]}<\/script>\n<!-- \/ Yoast SEO plugin. -->","yoast_head_json":{"title":"USF promove Noites de Ora\u00e7\u00e3o Inter-religiosa pela paz no mundo - Not\u00edcias - Franciscanos","robots":{"index":"index","follow":"follow","max-snippet":"max-snippet:-1","max-image-preview":"max-image-preview:large","max-video-preview":"max-video-preview:-1"},"canonical":"https:\/\/franciscanos.org.br\/noticias\/usf-promove-noites-de-oracao-inter-religiosa-pela-paz-no-mundo.html","og_locale":"pt_BR","og_type":"article","og_title":"USF promove Noites de Ora\u00e7\u00e3o Inter-religiosa pela paz no mundo - Not\u00edcias - Franciscanos","og_description":"Universidade S\u00e3o Francisco","og_url":"https:\/\/franciscanos.org.br\/noticias\/usf-promove-noites-de-oracao-inter-religiosa-pela-paz-no-mundo.html","og_site_name":"Not\u00edcias - Franciscanos","article_published_time":"2022-10-31T10:59:06+00:00","og_image":[{"width":1280,"height":720,"url":"https:\/\/franciscanos.org.br\/noticias\/wp-content\/uploads\/2022\/10\/usf_31_02.jpg","type":"image\/jpeg"}],"author":"moacir","twitter_card":"summary_large_image","twitter_misc":{"Escrito por":"moacir","Est. tempo de leitura":"3 minutos"},"schema":{"@context":"https:\/\/schema.org","@graph":[{"@type":"WebSite","@id":"https:\/\/franciscanos.org.br\/noticias\/#website","url":"https:\/\/franciscanos.org.br\/noticias\/","name":"Not\u00edcias - Franciscanos","description":"Prov\u00edncia Franciscana da Imaculada Concei\u00e7\u00e3o do Brasil - Ordem dos Frades Menores - OFM","potentialAction":[{"@type":"SearchAction","target":{"@type":"EntryPoint","urlTemplate":"https:\/\/franciscanos.org.br\/noticias\/?s={search_term_string}"},"query-input":"required name=search_term_string"}],"inLanguage":"pt-BR"},{"@type":"ImageObject","inLanguage":"pt-BR","@id":"https:\/\/franciscanos.org.br\/noticias\/usf-promove-noites-de-oracao-inter-religiosa-pela-paz-no-mundo.html#primaryimage","url":"https:\/\/franciscanos.org.br\/noticias\/wp-content\/uploads\/2022\/10\/usf_31_02.jpg","contentUrl":"https:\/\/franciscanos.org.br\/noticias\/wp-content\/uploads\/2022\/10\/usf_31_02.jpg","width":1280,"height":720},{"@type":"WebPage","@id":"https:\/\/franciscanos.org.br\/noticias\/usf-promove-noites-de-oracao-inter-religiosa-pela-paz-no-mundo.html#webpage","url":"https:\/\/franciscanos.org.br\/noticias\/usf-promove-noites-de-oracao-inter-religiosa-pela-paz-no-mundo.html","name":"USF promove Noites de Ora\u00e7\u00e3o Inter-religiosa pela paz no mundo - Not\u00edcias - Franciscanos","isPartOf":{"@id":"https:\/\/franciscanos.org.br\/noticias\/#website"},"primaryImageOfPage":{"@id":"https:\/\/franciscanos.org.br\/noticias\/usf-promove-noites-de-oracao-inter-religiosa-pela-paz-no-mundo.html#primaryimage"},"datePublished":"2022-10-31T10:59:06+00:00","dateModified":"2022-10-31T10:59:06+00:00","author":{"@id":"https:\/\/franciscanos.org.br\/noticias\/#\/schema\/person\/b5c8cba458c330ccff548b056e95a5d4"},"breadcrumb":{"@id":"https:\/\/franciscanos.org.br\/noticias\/usf-promove-noites-de-oracao-inter-religiosa-pela-paz-no-mundo.html#breadcrumb"},"inLanguage":"pt-BR","potentialAction":[{"@type":"ReadAction","target":["https:\/\/franciscanos.org.br\/noticias\/usf-promove-noites-de-oracao-inter-religiosa-pela-paz-no-mundo.html"]}]},{"@type":"BreadcrumbList","@id":"https:\/\/franciscanos.org.br\/noticias\/usf-promove-noites-de-oracao-inter-religiosa-pela-paz-no-mundo.html#breadcrumb","itemListElement":[{"@type":"ListItem","position":1,"name":"Home","item":"https:\/\/franciscanos.org.br\/noticias"},{"@type":"ListItem","position":2,"name":"USF promove Noites de Ora\u00e7\u00e3o Inter-religiosa pela paz no mundo"}]},{"@type":"Person","@id":"https:\/\/franciscanos.org.br\/noticias\/#\/schema\/person\/b5c8cba458c330ccff548b056e95a5d4","name":"moacir","image":{"@type":"ImageObject","inLanguage":"pt-BR","@id":"https:\/\/franciscanos.org.br\/noticias\/#\/schema\/person\/image\/","url":"https:\/\/secure.gravatar.com\/avatar\/d08aa2ce4c8dd416d4479aa8536fcf64?s=96&d=mm&r=g","contentUrl":"https:\/\/secure.gravatar.com\/avatar\/d08aa2ce4c8dd416d4479aa8536fcf64?s=96&d=mm&r=g","caption":"moacir"},"url":"https:\/\/franciscanos.org.br\/noticias\/author\/moacir"}]}},"_links":{"self":[{"href":"https:\/\/franciscanos.org.br\/noticias\/wp-json\/wp\/v2\/posts\/240686"}],"collection":[{"href":"https:\/\/franciscanos.org.br\/noticias\/wp-json\/wp\/v2\/posts"}],"about":[{"href":"https:\/\/franciscanos.org.br\/noticias\/wp-json\/wp\/v2\/types\/post"}],"author":[{"embeddable":true,"href":"https:\/\/franciscanos.org.br\/noticias\/wp-json\/wp\/v2\/users\/3"}],"replies":[{"embeddable":true,"href":"https:\/\/franciscanos.org.br\/noticias\/wp-json\/wp\/v2\/comments?post=240686"}],"version-history":[{"count":1,"href":"https:\/\/franciscanos.org.br\/noticias\/wp-json\/wp\/v2\/posts\/240686\/revisions"}],"predecessor-version":[{"id":240692,"href":"https:\/\/franciscanos.org.br\/noticias\/wp-json\/wp\/v2\/posts\/240686\/revisions\/240692"}],"wp:featuredmedia":[{"embeddable":true,"href":"https:\/\/franciscanos.org.br\/noticias\/wp-json\/wp\/v2\/media\/240687"}],"wp:attachment":[{"href":"https:\/\/franciscanos.org.br\/noticias\/wp-json\/wp\/v2\/media?parent=240686"}],"wp:term":[{"taxonomy":"category","embeddable":true,"href":"https:\/\/franciscanos.org.br\/noticias\/wp-json\/wp\/v2\/categories?post=240686"},{"taxonomy":"post_tag","embeddable":true,"href":"https:\/\/franciscanos.org.br\/noticias\/wp-json\/wp\/v2\/tags?post=240686"}],"curies":[{"name":"wp","href":"https:\/\/api.w.org\/{rel}","templated":true}]}}