{"id":240668,"date":"2022-10-28T07:53:38","date_gmt":"2022-10-28T10:53:38","guid":{"rendered":"https:\/\/franciscanos.org.br\/noticias\/?p=240668"},"modified":"2022-10-28T07:53:38","modified_gmt":"2022-10-28T10:53:38","slug":"provincia-da-assuncao-elege-novos-definidores-provinciais","status":"publish","type":"post","link":"https:\/\/franciscanos.org.br\/noticias\/provincia-da-assuncao-elege-novos-definidores-provinciais.html","title":{"rendered":"Prov\u00edncia da Assun\u00e7\u00e3o elege novos Definidores Provinciais"},"content":{"rendered":"<p><img loading=\"lazy\" class=\"alignnone size-full wp-image-240669\" src=\"https:\/\/franciscanos.org.br\/noticias\/wp-content\/uploads\/2022\/10\/assuncao_28.jpg\" alt=\"\" width=\"1280\" height=\"720\" srcset=\"https:\/\/franciscanos.org.br\/noticias\/wp-content\/uploads\/2022\/10\/assuncao_28.jpg 1280w, https:\/\/franciscanos.org.br\/noticias\/wp-content\/uploads\/2022\/10\/assuncao_28-450x253.jpg 450w, https:\/\/franciscanos.org.br\/noticias\/wp-content\/uploads\/2022\/10\/assuncao_28-1024x576.jpg 1024w, https:\/\/franciscanos.org.br\/noticias\/wp-content\/uploads\/2022\/10\/assuncao_28-768x432.jpg 768w, https:\/\/franciscanos.org.br\/noticias\/wp-content\/uploads\/2022\/10\/assuncao_28-150x84.jpg 150w\" sizes=\"(max-width: 1280px) 100vw, 1280px\" \/><\/p>\n<p>A Prov\u00edncia Franciscana da Assun\u00e7\u00e3o, no dia 27 de outubro de 2022, elegeu seus novos Difinidores Provinciais: Frei Gerardo Vogel, Frei Roberto Villarreal, Frei Julio Bunader e Frei Diego Figueroa. Estes frades acompanhar\u00e3o no pr\u00f3ximo tri\u00eanio a Frei Emilio Andrada, o Ministro Provincial, e Frei Macerlo Benitez, o Vig\u00e1rio Provincial.<\/p>\n<p>A elei\u00e7\u00e3o dos quatro Definidores do Governo Provincial da Prov\u00edncia Franciscana da Assun\u00e7\u00e3o, presente na Argentina e no Paraguai, foi realizada no pen\u00faltimo dia do Cap\u00edtulo Provincial Intermedi\u00e1rio de 2022. Esta importante celebra\u00e7\u00e3o para a Ordem dos Frades Menores e a Fam\u00edlia franciscana, que re\u00fane todos os frades da Fraternidade Provincial, acontece desde 17 de outubro e termina hoje, 28 de outubro, na cidade de San Antonio de Arredondo, prov\u00edncia de C\u00f3rdoba.<\/p>\n<p>A elei\u00e7\u00e3o foi inspirada no lema do Cap\u00edtulo &#8220;Buscai primeiro o Reino de Deus e a sua justi\u00e7a e o resto vos ser\u00e1 dado em acr\u00e9scimo&#8221; (Mt 6,33). Os novos Definidores desde j\u00e1 t\u00eam o compromisso de acompanhar de perto Frei Em\u00edlio Andrada na miss\u00e3o sinodal da Prov\u00edncia franciscana.<\/p>\n<p><strong>O DEFINIT\u00d3RIO<\/strong><\/p>\n<p>Conforme expresso nas Constitui\u00e7\u00f5es Gerais da Ordem dos Frades Menores: \u00abO Definit\u00f3rio Provincial, como colegiado, deve proceder segundo norma do direito; mas como Conselho do Ministro Provincial, tem por miss\u00e3o prestar assist\u00eancia e, segundo a lei comum e a sua, aconselhar ou consentir (Art. 223).<\/p>\n<p>O Definit\u00f3rio Provincial \u00e9 o Tribunal Colegiado de Primeira Inst\u00e2ncia em casos contenciosos e criminais da Prov\u00edncia (Art. 224). Por outro lado, \u201cas decis\u00f5es e decretos do Definit\u00f3rio n\u00e3o podem ser modificados pelo Ministro Provincial ou pelo Visitador Geral sem o consentimento do pr\u00f3prio Definit\u00f3rio\u201d (Art. 224).<br \/>\n<img loading=\"lazy\" class=\"alignnone size-full wp-image-240670\" src=\"https:\/\/franciscanos.org.br\/noticias\/wp-content\/uploads\/2022\/10\/assuncao_28_2.jpg\" alt=\"\" width=\"1280\" height=\"720\" srcset=\"https:\/\/franciscanos.org.br\/noticias\/wp-content\/uploads\/2022\/10\/assuncao_28_2.jpg 1280w, https:\/\/franciscanos.org.br\/noticias\/wp-content\/uploads\/2022\/10\/assuncao_28_2-450x253.jpg 450w, https:\/\/franciscanos.org.br\/noticias\/wp-content\/uploads\/2022\/10\/assuncao_28_2-1024x576.jpg 1024w, https:\/\/franciscanos.org.br\/noticias\/wp-content\/uploads\/2022\/10\/assuncao_28_2-768x432.jpg 768w, https:\/\/franciscanos.org.br\/noticias\/wp-content\/uploads\/2022\/10\/assuncao_28_2-150x84.jpg 150w\" sizes=\"(max-width: 1280px) 100vw, 1280px\" \/><\/p>\n<p><strong>Prov\u00edncia Franciscana da Assun\u00e7\u00e3o da Bem-Aventurada Virgem do R\u00edo da Prata<\/strong><\/p>\n<p>Mais de 400 anos de experi\u00eancia dos frades franciscanos no atual territ\u00f3rio da Rep\u00fablica Argentina, constituem o antecedente vital, a experi\u00eancia insubstitu\u00edvel e o suporte necess\u00e1rio para a funda\u00e7\u00e3o da Prov\u00edncia Franciscana da Assun\u00e7\u00e3o que, em 1612, come\u00e7ou a escrever o hist\u00f3ria e mem\u00f3ria dos seus frades, mais uma ilumina\u00e7\u00e3o do sonho de Francisco.<\/p>\n<p>No ano de 1538, atrav\u00e9s de uma expedi\u00e7\u00e3o do feitor do rei da Espanha, Alonso de Cabrera, os primeiros franciscanos partiram para terras americanas. Diante da impossibilidade de chegar \u00e0 cidade de Mendoza, Frei Bernardo de Armenta e Frei Alonso de Lebr\u00f3n iniciaram uma miss\u00e3o evangelizadora na Ilha de Santa Catarina, na costa do Brasil.<\/p>\n<p>Posteriormente, os frades continuam em dire\u00e7\u00e3o a Assun\u00e7\u00e3o, regi\u00e3o que reafirma sua import\u00e2ncia ao ser designada em 1547 como sede da Diocese de R\u00edo da Prata, por Bula de Paulo III.<\/p>\n<p>Assun\u00e7\u00e3o, conhecida na \u00e9poca por sua import\u00e2ncia pol\u00edtica e territorial como a &#8220;M\u00e3e das Cidades&#8221;, \u00e9 o lugar de onde come\u00e7a a a\u00e7\u00e3o dos franciscanos no territ\u00f3rio argentino.<\/p>\n<p>Desde 1566, com a chegada de Frei Juan Pascual de Rivadeneira do Peru, a atividade mission\u00e1ria aumentou em toda Tucum\u00e1n. Assim, junto com outros frades, fundaram conventos, igrejas e escolas prim\u00e1rias nas regi\u00f5es de Assun\u00e7\u00e3o, Santa F\u00e9 e Buenos Aires.<\/p>\n<p>Quase cinquenta anos depois, em 9 de julho de 1612, no Convento de S\u00e3o Francisco, em Buenos Aires, foi estabelecida canonicamente a Prov\u00edncia Franciscana da Assun\u00e7\u00e3o da Sant\u00edssima Virgem do Rio da Prata.<\/p>\n<p>Desde sua funda\u00e7\u00e3o, estendeu-se a diferentes prov\u00edncias argentinas, mantendo a C\u00faria Provincial na Bas\u00edlica de S\u00e3o Francisco, na cidade de Buenos Aires.<\/p>\n<p>Dentro dos eventos mais recentes, depois que a Prov\u00edncia celebrou seus 400 anos de funda\u00e7\u00e3o -no dia 9 de julho de 2012-, ocorreu a integra\u00e7\u00e3o de outras Entidades Franciscanas. Em 7 de outubro de 2013, a Cust\u00f3dia Frei Luis Bola\u00f1os del Paraguai \u2013 dependente da Prov\u00edncia de Ar\u00e1ntzazu na Espanha \u2013 \u00e9 integrada \u00e0 Prov\u00edncia Franciscana da Assun\u00e7\u00e3o. Posteriormente, em 25 de mar\u00e7o de 2014, ocorreu a integra\u00e7\u00e3o dos irm\u00e3os da Prov\u00edncia Franciscana de S\u00e3o Miguel. Desta forma, a Prov\u00edncia da Assun\u00e7\u00e3o abrange atualmente as na\u00e7\u00f5es do Paraguai e da Argentina.<\/p>\n<hr \/>\n<p><em>Fonte: https:\/\/ofm.org.a<\/em><\/p>\n","protected":false},"excerpt":{"rendered":"<p>Confer\u00eancia Franciscana do Brasil e Cone Sul<\/p>\n","protected":false},"author":3,"featured_media":240669,"comment_status":"open","ping_status":"open","sticky":false,"template":"","format":"standard","meta":[],"categories":[1],"tags":[397],"acf":[],"yoast_head":"<!-- This site is optimized with the Yoast SEO plugin v19.2 - https:\/\/yoast.com\/wordpress\/plugins\/seo\/ -->\n<title>Prov\u00edncia da Assun\u00e7\u00e3o elege novos Definidores Provinciais - Not\u00edcias - Franciscanos<\/title>\n<meta name=\"robots\" content=\"index, follow, max-snippet:-1, max-image-preview:large, max-video-preview:-1\" \/>\n<link rel=\"canonical\" href=\"https:\/\/franciscanos.org.br\/noticias\/provincia-da-assuncao-elege-novos-definidores-provinciais.html\" \/>\n<meta property=\"og:locale\" content=\"pt_BR\" \/>\n<meta property=\"og:type\" content=\"article\" \/>\n<meta property=\"og:title\" content=\"Prov\u00edncia da Assun\u00e7\u00e3o elege novos Definidores Provinciais - Not\u00edcias - Franciscanos\" \/>\n<meta property=\"og:description\" content=\"Confer\u00eancia Franciscana do Brasil e Cone Sul\" \/>\n<meta property=\"og:url\" content=\"https:\/\/franciscanos.org.br\/noticias\/provincia-da-assuncao-elege-novos-definidores-provinciais.html\" \/>\n<meta property=\"og:site_name\" content=\"Not\u00edcias - Franciscanos\" \/>\n<meta property=\"article:published_time\" content=\"2022-10-28T10:53:38+00:00\" \/>\n<meta property=\"og:image\" content=\"https:\/\/franciscanos.org.br\/noticias\/wp-content\/uploads\/2022\/10\/assuncao_28.jpg\" \/>\n\t<meta property=\"og:image:width\" content=\"1280\" \/>\n\t<meta property=\"og:image:height\" content=\"720\" \/>\n\t<meta property=\"og:image:type\" content=\"image\/jpeg\" \/>\n<meta name=\"author\" content=\"moacir\" \/>\n<meta name=\"twitter:card\" content=\"summary_large_image\" \/>\n<meta name=\"twitter:label1\" content=\"Escrito por\" \/>\n\t<meta name=\"twitter:data1\" content=\"moacir\" \/>\n\t<meta name=\"twitter:label2\" content=\"Est. tempo de leitura\" \/>\n\t<meta name=\"twitter:data2\" content=\"4 minutos\" \/>\n<script type=\"application\/ld+json\" class=\"yoast-schema-graph\">{\"@context\":\"https:\/\/schema.org\",\"@graph\":[{\"@type\":\"WebSite\",\"@id\":\"https:\/\/franciscanos.org.br\/noticias\/#website\",\"url\":\"https:\/\/franciscanos.org.br\/noticias\/\",\"name\":\"Not\u00edcias - Franciscanos\",\"description\":\"Prov\u00edncia Franciscana da Imaculada Concei\u00e7\u00e3o do Brasil - Ordem dos Frades Menores - OFM\",\"potentialAction\":[{\"@type\":\"SearchAction\",\"target\":{\"@type\":\"EntryPoint\",\"urlTemplate\":\"https:\/\/franciscanos.org.br\/noticias\/?s={search_term_string}\"},\"query-input\":\"required name=search_term_string\"}],\"inLanguage\":\"pt-BR\"},{\"@type\":\"ImageObject\",\"inLanguage\":\"pt-BR\",\"@id\":\"https:\/\/franciscanos.org.br\/noticias\/provincia-da-assuncao-elege-novos-definidores-provinciais.html#primaryimage\",\"url\":\"https:\/\/franciscanos.org.br\/noticias\/wp-content\/uploads\/2022\/10\/assuncao_28.jpg\",\"contentUrl\":\"https:\/\/franciscanos.org.br\/noticias\/wp-content\/uploads\/2022\/10\/assuncao_28.jpg\",\"width\":1280,\"height\":720},{\"@type\":\"WebPage\",\"@id\":\"https:\/\/franciscanos.org.br\/noticias\/provincia-da-assuncao-elege-novos-definidores-provinciais.html#webpage\",\"url\":\"https:\/\/franciscanos.org.br\/noticias\/provincia-da-assuncao-elege-novos-definidores-provinciais.html\",\"name\":\"Prov\u00edncia da Assun\u00e7\u00e3o elege novos Definidores Provinciais - Not\u00edcias - Franciscanos\",\"isPartOf\":{\"@id\":\"https:\/\/franciscanos.org.br\/noticias\/#website\"},\"primaryImageOfPage\":{\"@id\":\"https:\/\/franciscanos.org.br\/noticias\/provincia-da-assuncao-elege-novos-definidores-provinciais.html#primaryimage\"},\"datePublished\":\"2022-10-28T10:53:38+00:00\",\"dateModified\":\"2022-10-28T10:53:38+00:00\",\"author\":{\"@id\":\"https:\/\/franciscanos.org.br\/noticias\/#\/schema\/person\/b5c8cba458c330ccff548b056e95a5d4\"},\"breadcrumb\":{\"@id\":\"https:\/\/franciscanos.org.br\/noticias\/provincia-da-assuncao-elege-novos-definidores-provinciais.html#breadcrumb\"},\"inLanguage\":\"pt-BR\",\"potentialAction\":[{\"@type\":\"ReadAction\",\"target\":[\"https:\/\/franciscanos.org.br\/noticias\/provincia-da-assuncao-elege-novos-definidores-provinciais.html\"]}]},{\"@type\":\"BreadcrumbList\",\"@id\":\"https:\/\/franciscanos.org.br\/noticias\/provincia-da-assuncao-elege-novos-definidores-provinciais.html#breadcrumb\",\"itemListElement\":[{\"@type\":\"ListItem\",\"position\":1,\"name\":\"Home\",\"item\":\"https:\/\/franciscanos.org.br\/noticias\"},{\"@type\":\"ListItem\",\"position\":2,\"name\":\"Prov\u00edncia da Assun\u00e7\u00e3o elege novos Definidores Provinciais\"}]},{\"@type\":\"Person\",\"@id\":\"https:\/\/franciscanos.org.br\/noticias\/#\/schema\/person\/b5c8cba458c330ccff548b056e95a5d4\",\"name\":\"moacir\",\"image\":{\"@type\":\"ImageObject\",\"inLanguage\":\"pt-BR\",\"@id\":\"https:\/\/franciscanos.org.br\/noticias\/#\/schema\/person\/image\/\",\"url\":\"https:\/\/secure.gravatar.com\/avatar\/d08aa2ce4c8dd416d4479aa8536fcf64?s=96&d=mm&r=g\",\"contentUrl\":\"https:\/\/secure.gravatar.com\/avatar\/d08aa2ce4c8dd416d4479aa8536fcf64?s=96&d=mm&r=g\",\"caption\":\"moacir\"},\"url\":\"https:\/\/franciscanos.org.br\/noticias\/author\/moacir\"}]}<\/script>\n<!-- \/ Yoast SEO plugin. -->","yoast_head_json":{"title":"Prov\u00edncia da Assun\u00e7\u00e3o elege novos Definidores Provinciais - Not\u00edcias - Franciscanos","robots":{"index":"index","follow":"follow","max-snippet":"max-snippet:-1","max-image-preview":"max-image-preview:large","max-video-preview":"max-video-preview:-1"},"canonical":"https:\/\/franciscanos.org.br\/noticias\/provincia-da-assuncao-elege-novos-definidores-provinciais.html","og_locale":"pt_BR","og_type":"article","og_title":"Prov\u00edncia da Assun\u00e7\u00e3o elege novos Definidores Provinciais - Not\u00edcias - Franciscanos","og_description":"Confer\u00eancia Franciscana do Brasil e Cone Sul","og_url":"https:\/\/franciscanos.org.br\/noticias\/provincia-da-assuncao-elege-novos-definidores-provinciais.html","og_site_name":"Not\u00edcias - Franciscanos","article_published_time":"2022-10-28T10:53:38+00:00","og_image":[{"width":1280,"height":720,"url":"https:\/\/franciscanos.org.br\/noticias\/wp-content\/uploads\/2022\/10\/assuncao_28.jpg","type":"image\/jpeg"}],"author":"moacir","twitter_card":"summary_large_image","twitter_misc":{"Escrito por":"moacir","Est. tempo de leitura":"4 minutos"},"schema":{"@context":"https:\/\/schema.org","@graph":[{"@type":"WebSite","@id":"https:\/\/franciscanos.org.br\/noticias\/#website","url":"https:\/\/franciscanos.org.br\/noticias\/","name":"Not\u00edcias - Franciscanos","description":"Prov\u00edncia Franciscana da Imaculada Concei\u00e7\u00e3o do Brasil - Ordem dos Frades Menores - OFM","potentialAction":[{"@type":"SearchAction","target":{"@type":"EntryPoint","urlTemplate":"https:\/\/franciscanos.org.br\/noticias\/?s={search_term_string}"},"query-input":"required name=search_term_string"}],"inLanguage":"pt-BR"},{"@type":"ImageObject","inLanguage":"pt-BR","@id":"https:\/\/franciscanos.org.br\/noticias\/provincia-da-assuncao-elege-novos-definidores-provinciais.html#primaryimage","url":"https:\/\/franciscanos.org.br\/noticias\/wp-content\/uploads\/2022\/10\/assuncao_28.jpg","contentUrl":"https:\/\/franciscanos.org.br\/noticias\/wp-content\/uploads\/2022\/10\/assuncao_28.jpg","width":1280,"height":720},{"@type":"WebPage","@id":"https:\/\/franciscanos.org.br\/noticias\/provincia-da-assuncao-elege-novos-definidores-provinciais.html#webpage","url":"https:\/\/franciscanos.org.br\/noticias\/provincia-da-assuncao-elege-novos-definidores-provinciais.html","name":"Prov\u00edncia da Assun\u00e7\u00e3o elege novos Definidores Provinciais - Not\u00edcias - Franciscanos","isPartOf":{"@id":"https:\/\/franciscanos.org.br\/noticias\/#website"},"primaryImageOfPage":{"@id":"https:\/\/franciscanos.org.br\/noticias\/provincia-da-assuncao-elege-novos-definidores-provinciais.html#primaryimage"},"datePublished":"2022-10-28T10:53:38+00:00","dateModified":"2022-10-28T10:53:38+00:00","author":{"@id":"https:\/\/franciscanos.org.br\/noticias\/#\/schema\/person\/b5c8cba458c330ccff548b056e95a5d4"},"breadcrumb":{"@id":"https:\/\/franciscanos.org.br\/noticias\/provincia-da-assuncao-elege-novos-definidores-provinciais.html#breadcrumb"},"inLanguage":"pt-BR","potentialAction":[{"@type":"ReadAction","target":["https:\/\/franciscanos.org.br\/noticias\/provincia-da-assuncao-elege-novos-definidores-provinciais.html"]}]},{"@type":"BreadcrumbList","@id":"https:\/\/franciscanos.org.br\/noticias\/provincia-da-assuncao-elege-novos-definidores-provinciais.html#breadcrumb","itemListElement":[{"@type":"ListItem","position":1,"name":"Home","item":"https:\/\/franciscanos.org.br\/noticias"},{"@type":"ListItem","position":2,"name":"Prov\u00edncia da Assun\u00e7\u00e3o elege novos Definidores Provinciais"}]},{"@type":"Person","@id":"https:\/\/franciscanos.org.br\/noticias\/#\/schema\/person\/b5c8cba458c330ccff548b056e95a5d4","name":"moacir","image":{"@type":"ImageObject","inLanguage":"pt-BR","@id":"https:\/\/franciscanos.org.br\/noticias\/#\/schema\/person\/image\/","url":"https:\/\/secure.gravatar.com\/avatar\/d08aa2ce4c8dd416d4479aa8536fcf64?s=96&d=mm&r=g","contentUrl":"https:\/\/secure.gravatar.com\/avatar\/d08aa2ce4c8dd416d4479aa8536fcf64?s=96&d=mm&r=g","caption":"moacir"},"url":"https:\/\/franciscanos.org.br\/noticias\/author\/moacir"}]}},"_links":{"self":[{"href":"https:\/\/franciscanos.org.br\/noticias\/wp-json\/wp\/v2\/posts\/240668"}],"collection":[{"href":"https:\/\/franciscanos.org.br\/noticias\/wp-json\/wp\/v2\/posts"}],"about":[{"href":"https:\/\/franciscanos.org.br\/noticias\/wp-json\/wp\/v2\/types\/post"}],"author":[{"embeddable":true,"href":"https:\/\/franciscanos.org.br\/noticias\/wp-json\/wp\/v2\/users\/3"}],"replies":[{"embeddable":true,"href":"https:\/\/franciscanos.org.br\/noticias\/wp-json\/wp\/v2\/comments?post=240668"}],"version-history":[{"count":1,"href":"https:\/\/franciscanos.org.br\/noticias\/wp-json\/wp\/v2\/posts\/240668\/revisions"}],"predecessor-version":[{"id":240671,"href":"https:\/\/franciscanos.org.br\/noticias\/wp-json\/wp\/v2\/posts\/240668\/revisions\/240671"}],"wp:featuredmedia":[{"embeddable":true,"href":"https:\/\/franciscanos.org.br\/noticias\/wp-json\/wp\/v2\/media\/240669"}],"wp:attachment":[{"href":"https:\/\/franciscanos.org.br\/noticias\/wp-json\/wp\/v2\/media?parent=240668"}],"wp:term":[{"taxonomy":"category","embeddable":true,"href":"https:\/\/franciscanos.org.br\/noticias\/wp-json\/wp\/v2\/categories?post=240668"},{"taxonomy":"post_tag","embeddable":true,"href":"https:\/\/franciscanos.org.br\/noticias\/wp-json\/wp\/v2\/tags?post=240668"}],"curies":[{"name":"wp","href":"https:\/\/api.w.org\/{rel}","templated":true}]}}