{"id":240665,"date":"2022-11-01T06:07:40","date_gmt":"2022-11-01T09:07:40","guid":{"rendered":"https:\/\/franciscanos.org.br\/noticias\/?p=240665"},"modified":"2022-11-01T06:08:14","modified_gmt":"2022-11-01T09:08:14","slug":"frades-da-provincia-da-imaculada-celebram-finados-no-cemiterio-do-santissimo-sacramento","status":"publish","type":"post","link":"https:\/\/franciscanos.org.br\/noticias\/frades-da-provincia-da-imaculada-celebram-finados-no-cemiterio-do-santissimo-sacramento.html","title":{"rendered":"Frades da Prov\u00edncia da Imaculada celebram Finados no Cemit\u00e9rio do Sant\u00edssimo Sacramento"},"content":{"rendered":"<p><img loading=\"lazy\" class=\"alignnone size-full wp-image-240666\" src=\"https:\/\/franciscanos.org.br\/noticias\/wp-content\/uploads\/2022\/10\/cemiterio_santissimo.png\" alt=\"\" width=\"1280\" height=\"720\" srcset=\"https:\/\/franciscanos.org.br\/noticias\/wp-content\/uploads\/2022\/10\/cemiterio_santissimo.png 1280w, https:\/\/franciscanos.org.br\/noticias\/wp-content\/uploads\/2022\/10\/cemiterio_santissimo-450x253.png 450w, https:\/\/franciscanos.org.br\/noticias\/wp-content\/uploads\/2022\/10\/cemiterio_santissimo-1024x576.png 1024w, https:\/\/franciscanos.org.br\/noticias\/wp-content\/uploads\/2022\/10\/cemiterio_santissimo-768x432.png 768w, https:\/\/franciscanos.org.br\/noticias\/wp-content\/uploads\/2022\/10\/cemiterio_santissimo-150x84.png 150w\" sizes=\"(max-width: 1280px) 100vw, 1280px\" \/><\/p>\n<p>Todos os anos, os frades da Prov\u00edncia Franciscana da Imaculada Concei\u00e7\u00e3o celebram o Dia dos Fi\u00e9is Falecidos no Cemit\u00e9rio da Irmandade do Sant\u00edssimo Sacramento, onde se encontra o Jazigo na cidade de S\u00e3o Paulo.<\/p>\n<p>Neste ano, a Santa Missa ser\u00e1 celebrada \u00e0s <strong>12 hora<\/strong>s na Capela principal. Este cemit\u00e9rio fica na rua Dr. Arnaldo, 1200, no Sumar\u00e9, S\u00e3o Paulo. Al\u00e9m da Missa, presidida pelos franciscanos, ser\u00e3o celebradas Missas nos seguintes hor\u00e1rios: 9h \u2013 10h \u2013 11h \u2013 13h \u2013 14h \u2013 15h \u2013 16h<\/p>\n<p>Nos ritos f\u00fanebres pelos Finados, a Igreja celebra com f\u00e9 o mist\u00e9rio eucar\u00edstico, na esperan\u00e7a de que todos quantos pelo batismo se tornaram membros de Cristo morto e ressuscitado, com o mesmo Cristo passem da morte para a verdadeira vida. Mas precisam de ser purificados antes de serem acolhidos entre os eleitos e para sempre unidos a Deus.<\/p>\n<p>S\u00e3o Francisco de Assis considerou a morte como irm\u00e3 carinhosa que nos liberta dos sofrimentos, das lutas e das preocupa\u00e7\u00f5es deste mundo e nos introduz na vida bem-aventurada. No dia 3 de outubro de 1226, em Santa Maria dos Anjos, estendido nu sobre a terra nua, o Santo poeta, \u00e0 espera do encontro definitivo com Cristo, entoou com os irm\u00e3os presentes a estrofe que pouco antes acrescentara ao seu C\u00e2ntico das Criaturas: \u201cLouvado seja, meu Senhor, pela nossa irm\u00e3, a morte corporal!\u201d.<\/p>\n","protected":false},"excerpt":{"rendered":"<p>Comemora\u00e7\u00e3o dos Fi\u00e9is Falecidos<\/p>\n","protected":false},"author":3,"featured_media":240666,"comment_status":"open","ping_status":"open","sticky":false,"template":"","format":"standard","meta":[],"categories":[1],"tags":[489],"acf":[],"yoast_head":"<!-- This site is optimized with the Yoast SEO plugin v19.2 - https:\/\/yoast.com\/wordpress\/plugins\/seo\/ -->\n<title>Frades da Prov\u00edncia da Imaculada celebram Finados no Cemit\u00e9rio do Sant\u00edssimo Sacramento - Not\u00edcias - Franciscanos<\/title>\n<meta name=\"robots\" content=\"index, follow, max-snippet:-1, max-image-preview:large, max-video-preview:-1\" \/>\n<link rel=\"canonical\" href=\"https:\/\/franciscanos.org.br\/noticias\/frades-da-provincia-da-imaculada-celebram-finados-no-cemiterio-do-santissimo-sacramento.html\" \/>\n<meta property=\"og:locale\" content=\"pt_BR\" \/>\n<meta property=\"og:type\" content=\"article\" \/>\n<meta property=\"og:title\" content=\"Frades da Prov\u00edncia da Imaculada celebram Finados no Cemit\u00e9rio do Sant\u00edssimo Sacramento - Not\u00edcias - Franciscanos\" \/>\n<meta property=\"og:description\" content=\"Comemora\u00e7\u00e3o dos Fi\u00e9is Falecidos\" \/>\n<meta property=\"og:url\" content=\"https:\/\/franciscanos.org.br\/noticias\/frades-da-provincia-da-imaculada-celebram-finados-no-cemiterio-do-santissimo-sacramento.html\" \/>\n<meta property=\"og:site_name\" content=\"Not\u00edcias - Franciscanos\" \/>\n<meta property=\"article:published_time\" content=\"2022-11-01T09:07:40+00:00\" \/>\n<meta property=\"article:modified_time\" content=\"2022-11-01T09:08:14+00:00\" \/>\n<meta property=\"og:image\" content=\"https:\/\/franciscanos.org.br\/noticias\/wp-content\/uploads\/2022\/10\/cemiterio_santissimo.png\" \/>\n\t<meta property=\"og:image:width\" content=\"1280\" \/>\n\t<meta property=\"og:image:height\" content=\"720\" \/>\n\t<meta property=\"og:image:type\" content=\"image\/png\" \/>\n<meta name=\"author\" content=\"moacir\" \/>\n<meta name=\"twitter:card\" content=\"summary_large_image\" \/>\n<meta name=\"twitter:label1\" content=\"Escrito por\" \/>\n\t<meta name=\"twitter:data1\" content=\"moacir\" \/>\n\t<meta name=\"twitter:label2\" content=\"Est. tempo de leitura\" \/>\n\t<meta name=\"twitter:data2\" content=\"1 minuto\" \/>\n<script type=\"application\/ld+json\" class=\"yoast-schema-graph\">{\"@context\":\"https:\/\/schema.org\",\"@graph\":[{\"@type\":\"WebSite\",\"@id\":\"https:\/\/franciscanos.org.br\/noticias\/#website\",\"url\":\"https:\/\/franciscanos.org.br\/noticias\/\",\"name\":\"Not\u00edcias - Franciscanos\",\"description\":\"Prov\u00edncia Franciscana da Imaculada Concei\u00e7\u00e3o do Brasil - Ordem dos Frades Menores - OFM\",\"potentialAction\":[{\"@type\":\"SearchAction\",\"target\":{\"@type\":\"EntryPoint\",\"urlTemplate\":\"https:\/\/franciscanos.org.br\/noticias\/?s={search_term_string}\"},\"query-input\":\"required name=search_term_string\"}],\"inLanguage\":\"pt-BR\"},{\"@type\":\"ImageObject\",\"inLanguage\":\"pt-BR\",\"@id\":\"https:\/\/franciscanos.org.br\/noticias\/frades-da-provincia-da-imaculada-celebram-finados-no-cemiterio-do-santissimo-sacramento.html#primaryimage\",\"url\":\"https:\/\/franciscanos.org.br\/noticias\/wp-content\/uploads\/2022\/10\/cemiterio_santissimo.png\",\"contentUrl\":\"https:\/\/franciscanos.org.br\/noticias\/wp-content\/uploads\/2022\/10\/cemiterio_santissimo.png\",\"width\":1280,\"height\":720},{\"@type\":\"WebPage\",\"@id\":\"https:\/\/franciscanos.org.br\/noticias\/frades-da-provincia-da-imaculada-celebram-finados-no-cemiterio-do-santissimo-sacramento.html#webpage\",\"url\":\"https:\/\/franciscanos.org.br\/noticias\/frades-da-provincia-da-imaculada-celebram-finados-no-cemiterio-do-santissimo-sacramento.html\",\"name\":\"Frades da Prov\u00edncia da Imaculada celebram Finados no Cemit\u00e9rio do Sant\u00edssimo Sacramento - Not\u00edcias - Franciscanos\",\"isPartOf\":{\"@id\":\"https:\/\/franciscanos.org.br\/noticias\/#website\"},\"primaryImageOfPage\":{\"@id\":\"https:\/\/franciscanos.org.br\/noticias\/frades-da-provincia-da-imaculada-celebram-finados-no-cemiterio-do-santissimo-sacramento.html#primaryimage\"},\"datePublished\":\"2022-11-01T09:07:40+00:00\",\"dateModified\":\"2022-11-01T09:08:14+00:00\",\"author\":{\"@id\":\"https:\/\/franciscanos.org.br\/noticias\/#\/schema\/person\/b5c8cba458c330ccff548b056e95a5d4\"},\"breadcrumb\":{\"@id\":\"https:\/\/franciscanos.org.br\/noticias\/frades-da-provincia-da-imaculada-celebram-finados-no-cemiterio-do-santissimo-sacramento.html#breadcrumb\"},\"inLanguage\":\"pt-BR\",\"potentialAction\":[{\"@type\":\"ReadAction\",\"target\":[\"https:\/\/franciscanos.org.br\/noticias\/frades-da-provincia-da-imaculada-celebram-finados-no-cemiterio-do-santissimo-sacramento.html\"]}]},{\"@type\":\"BreadcrumbList\",\"@id\":\"https:\/\/franciscanos.org.br\/noticias\/frades-da-provincia-da-imaculada-celebram-finados-no-cemiterio-do-santissimo-sacramento.html#breadcrumb\",\"itemListElement\":[{\"@type\":\"ListItem\",\"position\":1,\"name\":\"Home\",\"item\":\"https:\/\/franciscanos.org.br\/noticias\"},{\"@type\":\"ListItem\",\"position\":2,\"name\":\"Frades da Prov\u00edncia da Imaculada celebram Finados no Cemit\u00e9rio do Sant\u00edssimo Sacramento\"}]},{\"@type\":\"Person\",\"@id\":\"https:\/\/franciscanos.org.br\/noticias\/#\/schema\/person\/b5c8cba458c330ccff548b056e95a5d4\",\"name\":\"moacir\",\"image\":{\"@type\":\"ImageObject\",\"inLanguage\":\"pt-BR\",\"@id\":\"https:\/\/franciscanos.org.br\/noticias\/#\/schema\/person\/image\/\",\"url\":\"https:\/\/secure.gravatar.com\/avatar\/d08aa2ce4c8dd416d4479aa8536fcf64?s=96&d=mm&r=g\",\"contentUrl\":\"https:\/\/secure.gravatar.com\/avatar\/d08aa2ce4c8dd416d4479aa8536fcf64?s=96&d=mm&r=g\",\"caption\":\"moacir\"},\"url\":\"https:\/\/franciscanos.org.br\/noticias\/author\/moacir\"}]}<\/script>\n<!-- \/ Yoast SEO plugin. -->","yoast_head_json":{"title":"Frades da Prov\u00edncia da Imaculada celebram Finados no Cemit\u00e9rio do Sant\u00edssimo Sacramento - Not\u00edcias - Franciscanos","robots":{"index":"index","follow":"follow","max-snippet":"max-snippet:-1","max-image-preview":"max-image-preview:large","max-video-preview":"max-video-preview:-1"},"canonical":"https:\/\/franciscanos.org.br\/noticias\/frades-da-provincia-da-imaculada-celebram-finados-no-cemiterio-do-santissimo-sacramento.html","og_locale":"pt_BR","og_type":"article","og_title":"Frades da Prov\u00edncia da Imaculada celebram Finados no Cemit\u00e9rio do Sant\u00edssimo Sacramento - Not\u00edcias - Franciscanos","og_description":"Comemora\u00e7\u00e3o dos Fi\u00e9is Falecidos","og_url":"https:\/\/franciscanos.org.br\/noticias\/frades-da-provincia-da-imaculada-celebram-finados-no-cemiterio-do-santissimo-sacramento.html","og_site_name":"Not\u00edcias - Franciscanos","article_published_time":"2022-11-01T09:07:40+00:00","article_modified_time":"2022-11-01T09:08:14+00:00","og_image":[{"width":1280,"height":720,"url":"https:\/\/franciscanos.org.br\/noticias\/wp-content\/uploads\/2022\/10\/cemiterio_santissimo.png","type":"image\/png"}],"author":"moacir","twitter_card":"summary_large_image","twitter_misc":{"Escrito por":"moacir","Est. tempo de leitura":"1 minuto"},"schema":{"@context":"https:\/\/schema.org","@graph":[{"@type":"WebSite","@id":"https:\/\/franciscanos.org.br\/noticias\/#website","url":"https:\/\/franciscanos.org.br\/noticias\/","name":"Not\u00edcias - Franciscanos","description":"Prov\u00edncia Franciscana da Imaculada Concei\u00e7\u00e3o do Brasil - Ordem dos Frades Menores - OFM","potentialAction":[{"@type":"SearchAction","target":{"@type":"EntryPoint","urlTemplate":"https:\/\/franciscanos.org.br\/noticias\/?s={search_term_string}"},"query-input":"required name=search_term_string"}],"inLanguage":"pt-BR"},{"@type":"ImageObject","inLanguage":"pt-BR","@id":"https:\/\/franciscanos.org.br\/noticias\/frades-da-provincia-da-imaculada-celebram-finados-no-cemiterio-do-santissimo-sacramento.html#primaryimage","url":"https:\/\/franciscanos.org.br\/noticias\/wp-content\/uploads\/2022\/10\/cemiterio_santissimo.png","contentUrl":"https:\/\/franciscanos.org.br\/noticias\/wp-content\/uploads\/2022\/10\/cemiterio_santissimo.png","width":1280,"height":720},{"@type":"WebPage","@id":"https:\/\/franciscanos.org.br\/noticias\/frades-da-provincia-da-imaculada-celebram-finados-no-cemiterio-do-santissimo-sacramento.html#webpage","url":"https:\/\/franciscanos.org.br\/noticias\/frades-da-provincia-da-imaculada-celebram-finados-no-cemiterio-do-santissimo-sacramento.html","name":"Frades da Prov\u00edncia da Imaculada celebram Finados no Cemit\u00e9rio do Sant\u00edssimo Sacramento - Not\u00edcias - Franciscanos","isPartOf":{"@id":"https:\/\/franciscanos.org.br\/noticias\/#website"},"primaryImageOfPage":{"@id":"https:\/\/franciscanos.org.br\/noticias\/frades-da-provincia-da-imaculada-celebram-finados-no-cemiterio-do-santissimo-sacramento.html#primaryimage"},"datePublished":"2022-11-01T09:07:40+00:00","dateModified":"2022-11-01T09:08:14+00:00","author":{"@id":"https:\/\/franciscanos.org.br\/noticias\/#\/schema\/person\/b5c8cba458c330ccff548b056e95a5d4"},"breadcrumb":{"@id":"https:\/\/franciscanos.org.br\/noticias\/frades-da-provincia-da-imaculada-celebram-finados-no-cemiterio-do-santissimo-sacramento.html#breadcrumb"},"inLanguage":"pt-BR","potentialAction":[{"@type":"ReadAction","target":["https:\/\/franciscanos.org.br\/noticias\/frades-da-provincia-da-imaculada-celebram-finados-no-cemiterio-do-santissimo-sacramento.html"]}]},{"@type":"BreadcrumbList","@id":"https:\/\/franciscanos.org.br\/noticias\/frades-da-provincia-da-imaculada-celebram-finados-no-cemiterio-do-santissimo-sacramento.html#breadcrumb","itemListElement":[{"@type":"ListItem","position":1,"name":"Home","item":"https:\/\/franciscanos.org.br\/noticias"},{"@type":"ListItem","position":2,"name":"Frades da Prov\u00edncia da Imaculada celebram Finados no Cemit\u00e9rio do Sant\u00edssimo Sacramento"}]},{"@type":"Person","@id":"https:\/\/franciscanos.org.br\/noticias\/#\/schema\/person\/b5c8cba458c330ccff548b056e95a5d4","name":"moacir","image":{"@type":"ImageObject","inLanguage":"pt-BR","@id":"https:\/\/franciscanos.org.br\/noticias\/#\/schema\/person\/image\/","url":"https:\/\/secure.gravatar.com\/avatar\/d08aa2ce4c8dd416d4479aa8536fcf64?s=96&d=mm&r=g","contentUrl":"https:\/\/secure.gravatar.com\/avatar\/d08aa2ce4c8dd416d4479aa8536fcf64?s=96&d=mm&r=g","caption":"moacir"},"url":"https:\/\/franciscanos.org.br\/noticias\/author\/moacir"}]}},"_links":{"self":[{"href":"https:\/\/franciscanos.org.br\/noticias\/wp-json\/wp\/v2\/posts\/240665"}],"collection":[{"href":"https:\/\/franciscanos.org.br\/noticias\/wp-json\/wp\/v2\/posts"}],"about":[{"href":"https:\/\/franciscanos.org.br\/noticias\/wp-json\/wp\/v2\/types\/post"}],"author":[{"embeddable":true,"href":"https:\/\/franciscanos.org.br\/noticias\/wp-json\/wp\/v2\/users\/3"}],"replies":[{"embeddable":true,"href":"https:\/\/franciscanos.org.br\/noticias\/wp-json\/wp\/v2\/comments?post=240665"}],"version-history":[{"count":1,"href":"https:\/\/franciscanos.org.br\/noticias\/wp-json\/wp\/v2\/posts\/240665\/revisions"}],"predecessor-version":[{"id":240667,"href":"https:\/\/franciscanos.org.br\/noticias\/wp-json\/wp\/v2\/posts\/240665\/revisions\/240667"}],"wp:featuredmedia":[{"embeddable":true,"href":"https:\/\/franciscanos.org.br\/noticias\/wp-json\/wp\/v2\/media\/240666"}],"wp:attachment":[{"href":"https:\/\/franciscanos.org.br\/noticias\/wp-json\/wp\/v2\/media?parent=240665"}],"wp:term":[{"taxonomy":"category","embeddable":true,"href":"https:\/\/franciscanos.org.br\/noticias\/wp-json\/wp\/v2\/categories?post=240665"},{"taxonomy":"post_tag","embeddable":true,"href":"https:\/\/franciscanos.org.br\/noticias\/wp-json\/wp\/v2\/tags?post=240665"}],"curies":[{"name":"wp","href":"https:\/\/api.w.org\/{rel}","templated":true}]}}