{"id":240660,"date":"2022-10-27T10:39:09","date_gmt":"2022-10-27T13:39:09","guid":{"rendered":"https:\/\/franciscanos.org.br\/noticias\/?p=240660"},"modified":"2022-10-27T10:42:14","modified_gmt":"2022-10-27T13:42:14","slug":"curso-de-medicina-da-usf-celebra-50-anos","status":"publish","type":"post","link":"https:\/\/franciscanos.org.br\/noticias\/curso-de-medicina-da-usf-celebra-50-anos.html","title":{"rendered":"Curso de Medicina da USF celebra 50 anos"},"content":{"rendered":"<div>\n<div id=\"attachment_240661\" style=\"width: 1290px\" class=\"wp-caption alignnone\"><img aria-describedby=\"caption-attachment-240661\" loading=\"lazy\" class=\"wp-image-240661 size-full\" src=\"https:\/\/franciscanos.org.br\/noticias\/wp-content\/uploads\/2022\/10\/usf_27.jpg\" alt=\"\" width=\"1280\" height=\"720\" srcset=\"https:\/\/franciscanos.org.br\/noticias\/wp-content\/uploads\/2022\/10\/usf_27.jpg 1280w, https:\/\/franciscanos.org.br\/noticias\/wp-content\/uploads\/2022\/10\/usf_27-450x253.jpg 450w, https:\/\/franciscanos.org.br\/noticias\/wp-content\/uploads\/2022\/10\/usf_27-1024x576.jpg 1024w, https:\/\/franciscanos.org.br\/noticias\/wp-content\/uploads\/2022\/10\/usf_27-768x432.jpg 768w, https:\/\/franciscanos.org.br\/noticias\/wp-content\/uploads\/2022\/10\/usf_27-150x84.jpg 150w\" sizes=\"(max-width: 1280px) 100vw, 1280px\" \/><p id=\"caption-attachment-240661\" class=\"wp-caption-text\">\u00a0 \u00a0 \u00a0 \u00a0 \u00a0 \u00a0 \u00a0 \u00a0 \u00a0 \u00a0 \u00a0 \u00a0 \u00a0 \u00a0 \u00a0 \u00a0 \u00a0 \u00a0 \u00a0 \u00a0 \u00a0 \u00a0 \u00a0 \u00a0 \u00a0 \u00a0 \u00a0 \u00a0 \u00a0 \u00a0 \u00a0 \u00a0 \u00a0 \u00a0 \u00a0 \u00a0 \u00a0 \u00a0 \u00a0 \u00a0 \u00a0 \u00a0 \u00a0 \u00a0 \u00a0 \u00a0 \u00a0 \u00a0 \u00a0 \u00a0 \u00a0 \u00a0 \u00a0 \u00a0 \u00a0 \u00a0 \u00a0 \u00a0 \u00a0 \u00a0 \u00a0 \u00a0 \u00a0 \u00a0 \u00a0 \u00a0 \u00a0 \u00a0 \u00a0 \u00a0 \u00a0 \u00a0<em> \u00a0 \u00a0 \u00a0 Imagem: Divulga\u00e7\u00e3o USF<\/em><\/p><\/div>\n<\/div>\n<div>\n<p>A Universidade S\u00e3o Francisco (USF) promoveu nos dias 19, 20 e 21 de outubro as comemora\u00e7\u00f5es oficiais do Jubileu de ouro do Curso de Medicina. As atividades tiveram in\u00edcio com a XXXIX Semana M\u00e9dica e na sexta-feira, com a Noite de Gala que reuniu mais de mil convidados, entre estudantes, docentes e ex-alunos.<\/p>\n<p>A abertura oficial dos 50 anos ocorreu na manh\u00e3 do dia 19 de outubro, no Sal\u00e3o Nobre do C\u00e2mpus Bragan\u00e7a Paulista. O evento teve como tem\u00e1tica \u201cO estigma associado \u00e0s doen\u00e7as mentais\u201d. Al\u00e9m dos estudantes e docentes, participaram do evento o Reitor da USF, Frei Gilberto Garcia, o vice-reitor da USF, Thiago Alexandre Hayakawa, o Pr\u00f3-Reitor de Ensino, Pesquisa e Extens\u00e3o, professor Dilnei Lorenzi, o Pr\u00f3-Reitor de Administra\u00e7\u00e3o e Planejamento, professor Adriel de Moura Cabral, a Diretora do C\u00e2mpus Bragan\u00e7a Paulista, professora Patr\u00edcia Teixeira Costa, a coordenadora do Curso de Medicina, professora Giovana Colozza, a presidente docente da XXXIX Semana M\u00e9dica, professora Juliana Marin, a presidente discente da Semana M\u00e9dica, J\u00falia Maria Mesquita Vilela, al\u00e9m do prefeito de Bragan\u00e7a Paulista, Amauri Sodr\u00e9 e o Diretor Administrativo do Hospital Universit\u00e1rio S\u00e3o Francisco, Leandro Uliam. \u201cHoje como prefeito de Bragan\u00e7a Paulista n\u00e3o poderia deixar de estar aqui, como ex-aluno da USF. H\u00e1 50 anos fiz parte desse educand\u00e1rio. Quero parabenizar pela data t\u00e3o significativa, desses 50 anos\u201d, disse o Prefeito na abertura.<\/p>\n<p>A trajet\u00f3ria do curso de Medicina se entrela\u00e7a com a hist\u00f3ria da Universidade S\u00e3o Francisco, anteriormente Faculdades Franciscanas (1976). A origem do curso de Medicina, em 1972, est\u00e1 ligada ao Instituto Superior da Regi\u00e3o Bragantina (ISRB), que mantinha as Faculdades de Bragan\u00e7a. Durante sua fala de abertura no evento, o reitor da USF\u00a0 contextualizou o cen\u00e1rio de cria\u00e7\u00e3o do Curso de Medicina da USF, sendo a 61\u00ba escola \u00a0m\u00e9dica aberta no pa\u00eds. \u201cQuero agradecer a todos que nos antecederam nessa trajet\u00f3ria a USF. Muito bonito olhar essa plateia jovem e promissora. Aos alunos, docentes e funcion\u00e1rios que permitiram todo esse processo. Que Deus nos aben\u00e7oe sempre e nos conduza na forma\u00e7\u00e3o m\u00e9dica da USF para um futuro respons\u00e1vel, comprometido, principalmente, com a sa\u00fade do nosso povo local, regional e nacional\u201d, ressaltou o reitor.<\/p>\n<p>O Curso de Medicina da USF celebra o seu Jubileu como um dos melhores cursos do Brasil, avaliado com nota m\u00e1xima no Minist\u00e9rio da Educa\u00e7\u00e3o (MEC). \u201cQuero parabenizar todos aqueles e aquelas que atuaram e atuam no curso de Medicina, nossos ex e atuais estudantes, docentes e profissionais t\u00e9cnicos-administrativos. Nessa atua\u00e7\u00e3o destaco a relev\u00e2ncia do Curso para Bragan\u00e7a Paulista e regi\u00e3o. Nosso Curso de Medicina \u00e9 avaliado com nota m\u00e1xima no MEC. Se Deus quiser, assim continuar\u00e1, gra\u00e7as a tantas hist\u00f3rias, diferentes sujeitos que entrecruzaram suas vidas, com o Curso de Medicina da USF\u201d, comentou Frei Thiago.<\/p>\n<p>Na sexta-feira, dia 21, foi realizado no Centro Comunit\u00e1rio a noite de gala em comemora\u00e7\u00e3o dos 50 anos. Mais de mil convidados estiveram presentes, entre alunos, ex-alunos e docentes. Confira todas as fotos do site oficial do Jubileu de Ouro.\u00a0<a href=\"https:\/\/sites.google.com\/usf.edu.br\/50anosmedicina\/noite-de-gala?authuser=0\" target=\"_blank\" rel=\"noopener\" data-saferedirecturl=\"https:\/\/www.google.com\/url?q=https:\/\/sites.google.com\/usf.edu.br\/50anosmedicina\/noite-de-gala?authuser%3D0&amp;source=gmail&amp;ust=1666952912043000&amp;usg=AOvVaw1oGlxCMYad4CRzVGMP0eo1\">Clique aqui.<\/a><\/p>\n<hr \/>\n<h3 class=\"iw\"><em><span class=\"qu\" tabindex=\"-1\" role=\"gridcell\" translate=\"no\"><span class=\"gD\" data-hovercard-id=\"ana.moreira@usf.edu.br\" data-hovercard-owner-id=\"146\">Ana Paula Moreira de Souza<\/span><\/span><\/em><\/h3>\n<\/div>\n","protected":false},"excerpt":{"rendered":"<p>Universidade S\u00e3o Francisco<\/p>\n","protected":false},"author":3,"featured_media":240661,"comment_status":"open","ping_status":"open","sticky":false,"template":"","format":"standard","meta":[],"categories":[1],"tags":[354],"acf":[],"yoast_head":"<!-- This site is optimized with the Yoast SEO plugin v19.2 - https:\/\/yoast.com\/wordpress\/plugins\/seo\/ -->\n<title>Curso de Medicina da USF celebra 50 anos - Not\u00edcias - Franciscanos<\/title>\n<meta name=\"robots\" content=\"index, follow, max-snippet:-1, max-image-preview:large, max-video-preview:-1\" \/>\n<link rel=\"canonical\" href=\"https:\/\/franciscanos.org.br\/noticias\/curso-de-medicina-da-usf-celebra-50-anos.html\" \/>\n<meta property=\"og:locale\" content=\"pt_BR\" \/>\n<meta property=\"og:type\" content=\"article\" \/>\n<meta property=\"og:title\" content=\"Curso de Medicina da USF celebra 50 anos - Not\u00edcias - Franciscanos\" \/>\n<meta property=\"og:description\" content=\"Universidade S\u00e3o Francisco\" \/>\n<meta property=\"og:url\" content=\"https:\/\/franciscanos.org.br\/noticias\/curso-de-medicina-da-usf-celebra-50-anos.html\" \/>\n<meta property=\"og:site_name\" content=\"Not\u00edcias - Franciscanos\" \/>\n<meta property=\"article:published_time\" content=\"2022-10-27T13:39:09+00:00\" \/>\n<meta property=\"article:modified_time\" content=\"2022-10-27T13:42:14+00:00\" \/>\n<meta property=\"og:image\" content=\"https:\/\/franciscanos.org.br\/noticias\/wp-content\/uploads\/2022\/10\/usf_27.jpg\" \/>\n\t<meta property=\"og:image:width\" content=\"1280\" \/>\n\t<meta property=\"og:image:height\" content=\"720\" \/>\n\t<meta property=\"og:image:type\" content=\"image\/jpeg\" \/>\n<meta name=\"author\" content=\"moacir\" \/>\n<meta name=\"twitter:card\" content=\"summary_large_image\" \/>\n<meta name=\"twitter:label1\" content=\"Escrito por\" \/>\n\t<meta name=\"twitter:data1\" content=\"moacir\" \/>\n\t<meta name=\"twitter:label2\" content=\"Est. tempo de leitura\" \/>\n\t<meta name=\"twitter:data2\" content=\"3 minutos\" \/>\n<script type=\"application\/ld+json\" class=\"yoast-schema-graph\">{\"@context\":\"https:\/\/schema.org\",\"@graph\":[{\"@type\":\"WebSite\",\"@id\":\"https:\/\/franciscanos.org.br\/noticias\/#website\",\"url\":\"https:\/\/franciscanos.org.br\/noticias\/\",\"name\":\"Not\u00edcias - Franciscanos\",\"description\":\"Prov\u00edncia Franciscana da Imaculada Concei\u00e7\u00e3o do Brasil - Ordem dos Frades Menores - OFM\",\"potentialAction\":[{\"@type\":\"SearchAction\",\"target\":{\"@type\":\"EntryPoint\",\"urlTemplate\":\"https:\/\/franciscanos.org.br\/noticias\/?s={search_term_string}\"},\"query-input\":\"required name=search_term_string\"}],\"inLanguage\":\"pt-BR\"},{\"@type\":\"ImageObject\",\"inLanguage\":\"pt-BR\",\"@id\":\"https:\/\/franciscanos.org.br\/noticias\/curso-de-medicina-da-usf-celebra-50-anos.html#primaryimage\",\"url\":\"https:\/\/franciscanos.org.br\/noticias\/wp-content\/uploads\/2022\/10\/usf_27.jpg\",\"contentUrl\":\"https:\/\/franciscanos.org.br\/noticias\/wp-content\/uploads\/2022\/10\/usf_27.jpg\",\"width\":1280,\"height\":720},{\"@type\":\"WebPage\",\"@id\":\"https:\/\/franciscanos.org.br\/noticias\/curso-de-medicina-da-usf-celebra-50-anos.html#webpage\",\"url\":\"https:\/\/franciscanos.org.br\/noticias\/curso-de-medicina-da-usf-celebra-50-anos.html\",\"name\":\"Curso de Medicina da USF celebra 50 anos - Not\u00edcias - Franciscanos\",\"isPartOf\":{\"@id\":\"https:\/\/franciscanos.org.br\/noticias\/#website\"},\"primaryImageOfPage\":{\"@id\":\"https:\/\/franciscanos.org.br\/noticias\/curso-de-medicina-da-usf-celebra-50-anos.html#primaryimage\"},\"datePublished\":\"2022-10-27T13:39:09+00:00\",\"dateModified\":\"2022-10-27T13:42:14+00:00\",\"author\":{\"@id\":\"https:\/\/franciscanos.org.br\/noticias\/#\/schema\/person\/b5c8cba458c330ccff548b056e95a5d4\"},\"breadcrumb\":{\"@id\":\"https:\/\/franciscanos.org.br\/noticias\/curso-de-medicina-da-usf-celebra-50-anos.html#breadcrumb\"},\"inLanguage\":\"pt-BR\",\"potentialAction\":[{\"@type\":\"ReadAction\",\"target\":[\"https:\/\/franciscanos.org.br\/noticias\/curso-de-medicina-da-usf-celebra-50-anos.html\"]}]},{\"@type\":\"BreadcrumbList\",\"@id\":\"https:\/\/franciscanos.org.br\/noticias\/curso-de-medicina-da-usf-celebra-50-anos.html#breadcrumb\",\"itemListElement\":[{\"@type\":\"ListItem\",\"position\":1,\"name\":\"Home\",\"item\":\"https:\/\/franciscanos.org.br\/noticias\"},{\"@type\":\"ListItem\",\"position\":2,\"name\":\"Curso de Medicina da USF celebra 50 anos\"}]},{\"@type\":\"Person\",\"@id\":\"https:\/\/franciscanos.org.br\/noticias\/#\/schema\/person\/b5c8cba458c330ccff548b056e95a5d4\",\"name\":\"moacir\",\"image\":{\"@type\":\"ImageObject\",\"inLanguage\":\"pt-BR\",\"@id\":\"https:\/\/franciscanos.org.br\/noticias\/#\/schema\/person\/image\/\",\"url\":\"https:\/\/secure.gravatar.com\/avatar\/d08aa2ce4c8dd416d4479aa8536fcf64?s=96&d=mm&r=g\",\"contentUrl\":\"https:\/\/secure.gravatar.com\/avatar\/d08aa2ce4c8dd416d4479aa8536fcf64?s=96&d=mm&r=g\",\"caption\":\"moacir\"},\"url\":\"https:\/\/franciscanos.org.br\/noticias\/author\/moacir\"}]}<\/script>\n<!-- \/ Yoast SEO plugin. -->","yoast_head_json":{"title":"Curso de Medicina da USF celebra 50 anos - Not\u00edcias - Franciscanos","robots":{"index":"index","follow":"follow","max-snippet":"max-snippet:-1","max-image-preview":"max-image-preview:large","max-video-preview":"max-video-preview:-1"},"canonical":"https:\/\/franciscanos.org.br\/noticias\/curso-de-medicina-da-usf-celebra-50-anos.html","og_locale":"pt_BR","og_type":"article","og_title":"Curso de Medicina da USF celebra 50 anos - Not\u00edcias - Franciscanos","og_description":"Universidade S\u00e3o Francisco","og_url":"https:\/\/franciscanos.org.br\/noticias\/curso-de-medicina-da-usf-celebra-50-anos.html","og_site_name":"Not\u00edcias - Franciscanos","article_published_time":"2022-10-27T13:39:09+00:00","article_modified_time":"2022-10-27T13:42:14+00:00","og_image":[{"width":1280,"height":720,"url":"https:\/\/franciscanos.org.br\/noticias\/wp-content\/uploads\/2022\/10\/usf_27.jpg","type":"image\/jpeg"}],"author":"moacir","twitter_card":"summary_large_image","twitter_misc":{"Escrito por":"moacir","Est. tempo de leitura":"3 minutos"},"schema":{"@context":"https:\/\/schema.org","@graph":[{"@type":"WebSite","@id":"https:\/\/franciscanos.org.br\/noticias\/#website","url":"https:\/\/franciscanos.org.br\/noticias\/","name":"Not\u00edcias - Franciscanos","description":"Prov\u00edncia Franciscana da Imaculada Concei\u00e7\u00e3o do Brasil - Ordem dos Frades Menores - OFM","potentialAction":[{"@type":"SearchAction","target":{"@type":"EntryPoint","urlTemplate":"https:\/\/franciscanos.org.br\/noticias\/?s={search_term_string}"},"query-input":"required name=search_term_string"}],"inLanguage":"pt-BR"},{"@type":"ImageObject","inLanguage":"pt-BR","@id":"https:\/\/franciscanos.org.br\/noticias\/curso-de-medicina-da-usf-celebra-50-anos.html#primaryimage","url":"https:\/\/franciscanos.org.br\/noticias\/wp-content\/uploads\/2022\/10\/usf_27.jpg","contentUrl":"https:\/\/franciscanos.org.br\/noticias\/wp-content\/uploads\/2022\/10\/usf_27.jpg","width":1280,"height":720},{"@type":"WebPage","@id":"https:\/\/franciscanos.org.br\/noticias\/curso-de-medicina-da-usf-celebra-50-anos.html#webpage","url":"https:\/\/franciscanos.org.br\/noticias\/curso-de-medicina-da-usf-celebra-50-anos.html","name":"Curso de Medicina da USF celebra 50 anos - Not\u00edcias - Franciscanos","isPartOf":{"@id":"https:\/\/franciscanos.org.br\/noticias\/#website"},"primaryImageOfPage":{"@id":"https:\/\/franciscanos.org.br\/noticias\/curso-de-medicina-da-usf-celebra-50-anos.html#primaryimage"},"datePublished":"2022-10-27T13:39:09+00:00","dateModified":"2022-10-27T13:42:14+00:00","author":{"@id":"https:\/\/franciscanos.org.br\/noticias\/#\/schema\/person\/b5c8cba458c330ccff548b056e95a5d4"},"breadcrumb":{"@id":"https:\/\/franciscanos.org.br\/noticias\/curso-de-medicina-da-usf-celebra-50-anos.html#breadcrumb"},"inLanguage":"pt-BR","potentialAction":[{"@type":"ReadAction","target":["https:\/\/franciscanos.org.br\/noticias\/curso-de-medicina-da-usf-celebra-50-anos.html"]}]},{"@type":"BreadcrumbList","@id":"https:\/\/franciscanos.org.br\/noticias\/curso-de-medicina-da-usf-celebra-50-anos.html#breadcrumb","itemListElement":[{"@type":"ListItem","position":1,"name":"Home","item":"https:\/\/franciscanos.org.br\/noticias"},{"@type":"ListItem","position":2,"name":"Curso de Medicina da USF celebra 50 anos"}]},{"@type":"Person","@id":"https:\/\/franciscanos.org.br\/noticias\/#\/schema\/person\/b5c8cba458c330ccff548b056e95a5d4","name":"moacir","image":{"@type":"ImageObject","inLanguage":"pt-BR","@id":"https:\/\/franciscanos.org.br\/noticias\/#\/schema\/person\/image\/","url":"https:\/\/secure.gravatar.com\/avatar\/d08aa2ce4c8dd416d4479aa8536fcf64?s=96&d=mm&r=g","contentUrl":"https:\/\/secure.gravatar.com\/avatar\/d08aa2ce4c8dd416d4479aa8536fcf64?s=96&d=mm&r=g","caption":"moacir"},"url":"https:\/\/franciscanos.org.br\/noticias\/author\/moacir"}]}},"_links":{"self":[{"href":"https:\/\/franciscanos.org.br\/noticias\/wp-json\/wp\/v2\/posts\/240660"}],"collection":[{"href":"https:\/\/franciscanos.org.br\/noticias\/wp-json\/wp\/v2\/posts"}],"about":[{"href":"https:\/\/franciscanos.org.br\/noticias\/wp-json\/wp\/v2\/types\/post"}],"author":[{"embeddable":true,"href":"https:\/\/franciscanos.org.br\/noticias\/wp-json\/wp\/v2\/users\/3"}],"replies":[{"embeddable":true,"href":"https:\/\/franciscanos.org.br\/noticias\/wp-json\/wp\/v2\/comments?post=240660"}],"version-history":[{"count":3,"href":"https:\/\/franciscanos.org.br\/noticias\/wp-json\/wp\/v2\/posts\/240660\/revisions"}],"predecessor-version":[{"id":240664,"href":"https:\/\/franciscanos.org.br\/noticias\/wp-json\/wp\/v2\/posts\/240660\/revisions\/240664"}],"wp:featuredmedia":[{"embeddable":true,"href":"https:\/\/franciscanos.org.br\/noticias\/wp-json\/wp\/v2\/media\/240661"}],"wp:attachment":[{"href":"https:\/\/franciscanos.org.br\/noticias\/wp-json\/wp\/v2\/media?parent=240660"}],"wp:term":[{"taxonomy":"category","embeddable":true,"href":"https:\/\/franciscanos.org.br\/noticias\/wp-json\/wp\/v2\/categories?post=240660"},{"taxonomy":"post_tag","embeddable":true,"href":"https:\/\/franciscanos.org.br\/noticias\/wp-json\/wp\/v2\/tags?post=240660"}],"curies":[{"name":"wp","href":"https:\/\/api.w.org\/{rel}","templated":true}]}}