{"id":240638,"date":"2022-10-25T20:03:41","date_gmt":"2022-10-25T23:03:41","guid":{"rendered":"https:\/\/franciscanos.org.br\/noticias\/?p=240638"},"modified":"2022-10-26T07:35:18","modified_gmt":"2022-10-26T10:35:18","slug":"frei-diego-a-vida-de-frei-galvao-ja-foi-uma-construcao-da-eternidade-aqui-na-terra","status":"publish","type":"post","link":"https:\/\/franciscanos.org.br\/noticias\/frei-diego-a-vida-de-frei-galvao-ja-foi-uma-construcao-da-eternidade-aqui-na-terra.html","title":{"rendered":"Frei Diego: \u201cA vida de Frei Galv\u00e3o j\u00e1 foi uma constru\u00e7\u00e3o da eternidade aqui na terra\u201d"},"content":{"rendered":"<p><img loading=\"lazy\" class=\"alignnone size-full wp-image-240639\" src=\"https:\/\/franciscanos.org.br\/noticias\/wp-content\/uploads\/2022\/10\/diego_03.jpg\" alt=\"\" width=\"1280\" height=\"853\" srcset=\"https:\/\/franciscanos.org.br\/noticias\/wp-content\/uploads\/2022\/10\/diego_03.jpg 1280w, https:\/\/franciscanos.org.br\/noticias\/wp-content\/uploads\/2022\/10\/diego_03-450x300.jpg 450w, https:\/\/franciscanos.org.br\/noticias\/wp-content\/uploads\/2022\/10\/diego_03-1024x682.jpg 1024w, https:\/\/franciscanos.org.br\/noticias\/wp-content\/uploads\/2022\/10\/diego_03-768x512.jpg 768w, https:\/\/franciscanos.org.br\/noticias\/wp-content\/uploads\/2022\/10\/diego_03-150x100.jpg 150w\" sizes=\"(max-width: 1280px) 100vw, 1280px\" \/><\/p>\n<p><strong>\u00a0<\/strong><strong>Guaratinguet\u00e1 (SP) \u2013 <\/strong>A Santa Missa das 15h foi presidida por Frei Diego Atalino de Melo, reitor do Santu\u00e1rio Frei Galv\u00e3o e concelebrada por Frei Leandro Costa Santos e Frei Roberto Ishara. Os frades do Semin\u00e1rio tamb\u00e9m marcaram presen\u00e7a na celebra\u00e7\u00e3o e mais uma vez a Igreja esteve lotada para render gra\u00e7as a Deus em honra ao primeiro santo brasileiro: Santo Ant\u00f4nio de Sant\u2019Anna Galv\u00e3o.<\/p>\n<p>O Hino do Bicenten\u00e1rio \u201cP\u00e1scoa de Frei Galv\u00e3o\u201d acolheu a prociss\u00e3o de entrada e o povo de Guaratinguet\u00e1 (SP) que, neste ano, celebra os 200 anos do \u201cSanto do Povo e da Paz e do Bem\u201d, como reza a letra da m\u00fasica. \u201cJuntamente com a Rel\u00edquia de 1\u00ba grau, acolhemos tamb\u00e9m as bandeiras do Vaticano, do Brasil, do Estado de S\u00e3o Paulo e da cidade de Guaratinguet\u00e1. Tamb\u00e9m recebemos as Capelinhas com as imagens de Frei Galv\u00e3o que, no decorrer de dois meses que antecederam essa festa, estiveram presentes nas Par\u00f3quias da Arquidiocese de Aparecida. E durante a Novena de Frei Galv\u00e3o visitaram os asilos, pres\u00eddios e hospitais. Com esse gesto nos renovamos o compromisso com uma Igreja comprometida com a miss\u00e3o de evangelizar, sempre cuidando de todas as pessoas, especialmente dos mais necessitados, assim como fez Frei Galv\u00e3o. Acolhendo a rel\u00edquia de Frei Galv\u00e3o, cantemos\u201d, animou Frei Gabriel Dellandrea, que fez o coment\u00e1rio da missa.<\/p>\n<p><img loading=\"lazy\" class=\"alignnone size-full wp-image-240640\" src=\"https:\/\/franciscanos.org.br\/noticias\/wp-content\/uploads\/2022\/10\/diego_02.jpg\" alt=\"\" width=\"1280\" height=\"720\" srcset=\"https:\/\/franciscanos.org.br\/noticias\/wp-content\/uploads\/2022\/10\/diego_02.jpg 1280w, https:\/\/franciscanos.org.br\/noticias\/wp-content\/uploads\/2022\/10\/diego_02-450x253.jpg 450w, https:\/\/franciscanos.org.br\/noticias\/wp-content\/uploads\/2022\/10\/diego_02-1024x576.jpg 1024w, https:\/\/franciscanos.org.br\/noticias\/wp-content\/uploads\/2022\/10\/diego_02-768x432.jpg 768w, https:\/\/franciscanos.org.br\/noticias\/wp-content\/uploads\/2022\/10\/diego_02-150x84.jpg 150w\" sizes=\"(max-width: 1280px) 100vw, 1280px\" \/><\/p>\n<p>\u201cIrm\u00e3os e irm\u00e3s, boa tarde. Paz e Bem! Sejam todos muito bem-vindos e bem-vindas a esta celebra\u00e7\u00e3o. Queremos acolher os confrades, nosso di\u00e1cono, religiosos, religiosas, todos os romeiros e devotos de Frei Galv\u00e3o e acolhemos voc\u00ea que reza conosco pela Tv Can\u00e7\u00e3o Nova e pela Tv Frei Galv\u00e3o. Todos formamos uma \u00fanica fam\u00edlia em torno da f\u00e9 e da devo\u00e7\u00e3o do primeiro santo brasileiro\u201d, introduziu Frei Diegom saudando tamb\u00e9m\u00a0as autoridades civis, o prefeito e vice-prefeito. \u201cA todo povo de Deus aqui presente a nossa sauda\u00e7\u00e3o franciscana de Paz e Bem\u201d.<\/p>\n<p>\u201cHoje n\u00f3s nos reunimos para celebrar o grandioso Santo Ant\u00f4nio de Sant\u2019Anna Galv\u00e3o, nascido na cidade de Guaratinguet\u00e1 no ano de 1739, Frei Galv\u00e3o, filho desta terra, santo deste ch\u00e3o\u201d, disse o Reitor. \u201cEsta cidade aqui de Guaratinguet\u00e1, ao lado de Cachoeira Paulista, ao lado de Aparecida, aqui neste Vale da F\u00e9, \u00e9 de certa forma respons\u00e1vel pela f\u00e9 e devo\u00e7\u00e3o de todo o nosso pa\u00eds. Foi aqui que, no ano de 1717, o Brasil viu surgir nas \u00e1guas do Rio Para\u00edba a imagem da Imaculada Concei\u00e7\u00e3o, nossa Senhora Aparecida. Foi essa terra aqui de Guaratinguet\u00e1 que nos deu o seu filho mais ilustre, que honra nossa cidade e a torna conhecida em todo o mundo como a terra natal do primeiro santo brasileiro. Essa terra de Guaratinguet\u00e1, irm\u00e3os e irm\u00e3s, \u00e9 especial, pois o primeiro santo do maior pa\u00eds cat\u00f3lico do mundo, nasceu aqui, nasceu nesse vale aben\u00e7oado, esse Vale da F\u00e9\u201d, exaltou Frei Diego.<\/p>\n<p><img loading=\"lazy\" class=\"alignnone size-full wp-image-240641\" src=\"https:\/\/franciscanos.org.br\/noticias\/wp-content\/uploads\/2022\/10\/diego_06.jpg\" alt=\"\" width=\"1280\" height=\"853\" srcset=\"https:\/\/franciscanos.org.br\/noticias\/wp-content\/uploads\/2022\/10\/diego_06.jpg 1280w, https:\/\/franciscanos.org.br\/noticias\/wp-content\/uploads\/2022\/10\/diego_06-450x300.jpg 450w, https:\/\/franciscanos.org.br\/noticias\/wp-content\/uploads\/2022\/10\/diego_06-1024x682.jpg 1024w, https:\/\/franciscanos.org.br\/noticias\/wp-content\/uploads\/2022\/10\/diego_06-768x512.jpg 768w, https:\/\/franciscanos.org.br\/noticias\/wp-content\/uploads\/2022\/10\/diego_06-150x100.jpg 150w\" sizes=\"(max-width: 1280px) 100vw, 1280px\" \/><\/p>\n<p>Para o frade, os exemplos e virtudes de S\u00e3o Frei Galv\u00e3o nos garantem que o caminho da santidade n\u00e3o \u00e9 um privil\u00e9gio para poucos, mas \u00e9 um chamado para todos n\u00f3s. \u201cNo entanto, como nos lembra S\u00e3o Francisco de Assis, nosso pai espiritual, modelo de vida de Frei Galv\u00e3o, na sua VI Admoesta\u00e7\u00e3o: \u2018Seria para n\u00f3s o motivo de grande vergonha terem os santos praticados as boas obras e n\u00f3s queremos receber honra e gl\u00f3ria somente por contar e pregar o que eles fizeram\u2019. Para n\u00f3s, filhos desta terra, para n\u00f3s devotos de Frei Galv\u00e3o, n\u00e3o basta simplesmente exaltarmos as virtudes do primeiro santo brasileiro, para n\u00f3s celebrarmos com mais profundidade a mem\u00f3ria dessa maravilha de Deus que foi Frei Galv\u00e3o, n\u00f3s precisamos imit\u00e1-lo, precisamos colocar em pr\u00e1tica o que Frei Galv\u00e3o viveu e ensinou\u201d, recomendou.<\/p>\n<p>\u201cConforme nos lembra a 1\u00aa leitura de hoje, nos podemos ter o conhecimento, podemos saber, podemos conhecer, mas muito mais do que isso \u00e9 preciso ter a sabedoria e essa sabedoria nos leva a aplicarmos em nossas vidas aquilo que nos conhecemos acerca de Frei Galv\u00e3o. Este nosso santo foi viver junto de Deus h\u00e1 exatamente 200 anos. Sim, neste ano nos estamos celebrando o bicenten\u00e1rio de morte, porque foi no dia 23 de dezembro de 1822 que l\u00e1 no Mosteiro a Luz em S\u00e3o Paulo, Frei Galv\u00e3o deu o seu \u00faltimo suspiro e passou a viver plenamente em Deus. F\u00e9 na eternidade e na ressurei\u00e7\u00e3o n\u00e3o nos deixa desesperar diante da morte, do luto e da separa\u00e7\u00e3o f\u00edsica, a nossa f\u00e9 nos faz acreditar que \u2018morrendo \u00e9 que se vive para a vida eterna\u2019. Esse \u00e9 o lema com o qual estamos refletindo ao longo desse ano do bicenten\u00e1rio de morte de Frei Galv\u00e3o. Nossa f\u00e9 professada e vivida nos garante que se morrermos com Cristo, um dia nos tamb\u00e9m viveremos com Ele\u201d, explicou o frade.<\/p>\n<p><img loading=\"lazy\" class=\"alignnone size-full wp-image-240642\" src=\"https:\/\/franciscanos.org.br\/noticias\/wp-content\/uploads\/2022\/10\/diego_10.jpg\" alt=\"\" width=\"1280\" height=\"444\" srcset=\"https:\/\/franciscanos.org.br\/noticias\/wp-content\/uploads\/2022\/10\/diego_10.jpg 1280w, https:\/\/franciscanos.org.br\/noticias\/wp-content\/uploads\/2022\/10\/diego_10-450x156.jpg 450w, https:\/\/franciscanos.org.br\/noticias\/wp-content\/uploads\/2022\/10\/diego_10-1024x355.jpg 1024w, https:\/\/franciscanos.org.br\/noticias\/wp-content\/uploads\/2022\/10\/diego_10-768x266.jpg 768w, https:\/\/franciscanos.org.br\/noticias\/wp-content\/uploads\/2022\/10\/diego_10-150x52.jpg 150w\" sizes=\"(max-width: 1280px) 100vw, 1280px\" \/><\/p>\n<p>\u201cIrm\u00e3os e irm\u00e3s, nesse momento em que n\u00f3s estamos, gra\u00e7as a Deus, com a vacina, vencendo, superando uma pandemia que tirou a vida de tantas pessoas. O lema da festa desse ano \u2018\u00e9 morrendo que se vive para a vida eterna\u2019, nos faz ter a certeza de que a nossa morada definitiva \u00e9 o c\u00e9u, nos traz a certeza de que um dia todos n\u00f3s nos reencontremos com aqueles e aquelas que amamos e que nos precederam nesta morada celeste\u201d, consolou.<\/p>\n<p>Segundo o frade, celebrar a morte de Frei Galv\u00e3o s\u00f3 \u00e9 poss\u00edvel porque a sua vida j\u00e1 foi uma constru\u00e7\u00e3o do para\u00edso. \u201cA sua vida j\u00e1 foi uma constru\u00e7\u00e3o da eternidade aqui na terra. Ao olharmos para a vida de Frei Galv\u00e3o, vamos perceber que a sua vida foi totalmente dedicada ao pr\u00f3ximo, a sua vida foi um consumir-se inteiramente pelos mais necessitados. Frei Galv\u00e3o soube viver uma vida completamente doada pelas pessoas. Ele fez do seu amor a Deus e a Imaculada Virgem Maria uma fonte de inspira\u00e7\u00e3o para estar sempre a servi\u00e7o\u201d, disse.<\/p>\n<p>&nbsp;<\/p>\n<p><img loading=\"lazy\" class=\"alignnone size-full wp-image-240644\" src=\"https:\/\/franciscanos.org.br\/noticias\/wp-content\/uploads\/2022\/10\/diego_09.jpg\" alt=\"\" width=\"1280\" height=\"960\" srcset=\"https:\/\/franciscanos.org.br\/noticias\/wp-content\/uploads\/2022\/10\/diego_09.jpg 1280w, https:\/\/franciscanos.org.br\/noticias\/wp-content\/uploads\/2022\/10\/diego_09-450x338.jpg 450w, https:\/\/franciscanos.org.br\/noticias\/wp-content\/uploads\/2022\/10\/diego_09-1024x768.jpg 1024w, https:\/\/franciscanos.org.br\/noticias\/wp-content\/uploads\/2022\/10\/diego_09-768x576.jpg 768w, https:\/\/franciscanos.org.br\/noticias\/wp-content\/uploads\/2022\/10\/diego_09-150x113.jpg 150w, https:\/\/franciscanos.org.br\/noticias\/wp-content\/uploads\/2022\/10\/diego_09-600x450.jpg 600w\" sizes=\"(max-width: 1280px) 100vw, 1280px\" \/><\/p>\n<p>Para os mais necessitados, lembrou o frade, Frei Galv\u00e3o era o Ap\u00f3stolo da Caridade sem limites, como nos disse o Papa Bento XVI. \u201cPara as fam\u00edlias desunidas, que passam por crise, Frei Galv\u00e3o era e \u00e9 aquela visita que leva \u00e0 reconcilia\u00e7\u00e3o e \u00e0 unidade. Para as mulheres desejosas de terem os seus filhos com sa\u00fade, para as mulheres desejosas de conceberem, Frei Galv\u00e3o \u00e9 a certeza de vida nova, Frei Galv\u00e3o \u00e9 a certeza do cuidado., Frei Galv\u00e3o \u00e9 a certeza da fecundidade. Para os cora\u00e7\u00f5es endurecidos pelo \u00f3dio, pela viol\u00eancia, pelo desejo de eliminar o outro que pensa diferente, Frei Galv\u00e3o era e \u00e9 nos dias de hoje, mais do que nunca, o b\u00e1lsamo do perd\u00e3o, da paz, e da conc\u00f3rdia. Para as almas abatidas pelo pecado, Frei Galv\u00e3o era e \u00e9 o al\u00edvio da reconcilia\u00e7\u00e3o e da confian\u00e7a na miseric\u00f3rdia divina que, como nos lembra o Evangelho de hoje, tem um fardo leve e um jugo suave. Para os enfermos da alma e do corpo, Frei Galv\u00e3o \u00e9 a p\u00edlula da f\u00e9, incompreens\u00edvel para os s\u00e1bios e entendidos, mas ao alcance do simples, dos pequeninos, daqueles que t\u00eam uma f\u00e9 pura\u201d, indicou Frei Diego.<\/p>\n<p>\u201cIrm\u00e3os e irm\u00e3s, para aqueles que colocam a esperan\u00e7a somente naquilo que podem ver e tocar no aqui e agora da exist\u00eancia, Frei Galv\u00e3o \u00e9 a certeza da vida eterna. Sua vida e sua morte nos lembra que n\u00e3o somos seres humanos vivendo uma simples experi\u00eancia espiritual. N\u00e3o! Todos n\u00f3s, assim como Frei Galv\u00e3o, somos seres espirituais vivendo uma experi\u00eancia humana. Frei Galv\u00e3o, patrono da constru\u00e7\u00e3o civil, viveu a concretude do amor em sua vida e, por isso hoje ele pode ser apresentado pra todos nos como modelo de santidade e como homem da caridade e da paz. Os mesmos l\u00e1bios que proclamavam o Evangelho em palavras de b\u00ean\u00e7\u00e3o, tamb\u00e9m foram utilizados para denunciar profeticamente quando aquele coronel l\u00e1 em S\u00e3o Paulo decretou uma senten\u00e7a de morte para aquele soldado. As mesmas m\u00e3os que se estendiam para consagrar o p\u00e3o e o vinho no altar, foram tamb\u00e9m m\u00e3os calejadas pelo servi\u00e7o de pedreiro e construtor do Mosteiro da Luz. O mesmo carinho, amor e devo\u00e7\u00e3o, que Frei Galv\u00e3o tinha para com a Imaculada Concei\u00e7\u00e3o, o seu mesmo amor para com a Virgem Maria, tamb\u00e9m foi traduzido no cuidado com os enfermos, no cuidado especial para com as mulheres que tinham dificuldade de conceber, como nos lembra esta pintura, com as mulheres que tinham dificuldade na hora do parto. A mesma intelig\u00eancia, conhecimento, erudi\u00e7\u00e3o, sabedoria de Frei Galv\u00e3o que era utilizada para preparar os grandes serm\u00f5es, os seus poemas, prega\u00e7\u00f5es, essa mesma intelig\u00eancia ele a utilizou para criativamente se fazer presente no atendimento aos doentes, atrav\u00e9s das p\u00edlulas, as p\u00edlulas de Frei Galv\u00e3o s\u00e3o a grande express\u00e3o da criatividade pastoral, de uma coragem desejosa de atender a todos\u201d, disse.<\/p>\n\n\t\t<style type=\"text\/css\">\n\t\t\t#gallery-1 {\n\t\t\t\tmargin: auto;\n\t\t\t}\n\t\t\t#gallery-1 .gallery-item {\n\t\t\t\tfloat: left;\n\t\t\t\tmargin-top: 10px;\n\t\t\t\ttext-align: center;\n\t\t\t\twidth: 11%;\n\t\t\t}\n\t\t\t#gallery-1 img {\n\t\t\t\tborder: 2px solid #cfcfcf;\n\t\t\t}\n\t\t\t#gallery-1 .gallery-caption {\n\t\t\t\tmargin-left: 0;\n\t\t\t}\n\t\t\t\/* see gallery_shortcode() in wp-includes\/media.php *\/\n\t\t<\/style>\n\t\t<div id='gallery-1' class='gallery galleryid-240638 gallery-columns-9 gallery-size-thumbnail'><dl class='gallery-item'>\n\t\t\t<dt class='gallery-icon landscape'>\n\t\t\t\t<a href='https:\/\/franciscanos.org.br\/noticias\/wp-content\/uploads\/2022\/10\/diego_04.jpg'><img width=\"300\" height=\"300\" src=\"https:\/\/franciscanos.org.br\/noticias\/wp-content\/uploads\/2022\/10\/diego_04-300x300.jpg\" class=\"attachment-thumbnail size-thumbnail\" alt=\"\" loading=\"lazy\" srcset=\"https:\/\/franciscanos.org.br\/noticias\/wp-content\/uploads\/2022\/10\/diego_04-300x300.jpg 300w, https:\/\/franciscanos.org.br\/noticias\/wp-content\/uploads\/2022\/10\/diego_04-100x100.jpg 100w\" sizes=\"(max-width: 300px) 100vw, 300px\" \/><\/a>\n\t\t\t<\/dt><\/dl><dl class='gallery-item'>\n\t\t\t<dt class='gallery-icon landscape'>\n\t\t\t\t<a href='https:\/\/franciscanos.org.br\/noticias\/wp-content\/uploads\/2022\/10\/diego_05.jpg'><img width=\"300\" height=\"300\" src=\"https:\/\/franciscanos.org.br\/noticias\/wp-content\/uploads\/2022\/10\/diego_05-300x300.jpg\" class=\"attachment-thumbnail size-thumbnail\" alt=\"\" loading=\"lazy\" srcset=\"https:\/\/franciscanos.org.br\/noticias\/wp-content\/uploads\/2022\/10\/diego_05-300x300.jpg 300w, https:\/\/franciscanos.org.br\/noticias\/wp-content\/uploads\/2022\/10\/diego_05-100x100.jpg 100w\" sizes=\"(max-width: 300px) 100vw, 300px\" \/><\/a>\n\t\t\t<\/dt><\/dl><dl class='gallery-item'>\n\t\t\t<dt class='gallery-icon landscape'>\n\t\t\t\t<a href='https:\/\/franciscanos.org.br\/noticias\/wp-content\/uploads\/2022\/10\/diego_07.jpg'><img width=\"300\" height=\"300\" src=\"https:\/\/franciscanos.org.br\/noticias\/wp-content\/uploads\/2022\/10\/diego_07-300x300.jpg\" class=\"attachment-thumbnail size-thumbnail\" alt=\"\" loading=\"lazy\" srcset=\"https:\/\/franciscanos.org.br\/noticias\/wp-content\/uploads\/2022\/10\/diego_07-300x300.jpg 300w, https:\/\/franciscanos.org.br\/noticias\/wp-content\/uploads\/2022\/10\/diego_07-100x100.jpg 100w\" sizes=\"(max-width: 300px) 100vw, 300px\" \/><\/a>\n\t\t\t<\/dt><\/dl><dl class='gallery-item'>\n\t\t\t<dt class='gallery-icon landscape'>\n\t\t\t\t<a href='https:\/\/franciscanos.org.br\/noticias\/wp-content\/uploads\/2022\/10\/diego_08.jpg'><img width=\"300\" height=\"300\" src=\"https:\/\/franciscanos.org.br\/noticias\/wp-content\/uploads\/2022\/10\/diego_08-300x300.jpg\" class=\"attachment-thumbnail size-thumbnail\" alt=\"\" loading=\"lazy\" srcset=\"https:\/\/franciscanos.org.br\/noticias\/wp-content\/uploads\/2022\/10\/diego_08-300x300.jpg 300w, https:\/\/franciscanos.org.br\/noticias\/wp-content\/uploads\/2022\/10\/diego_08-100x100.jpg 100w\" sizes=\"(max-width: 300px) 100vw, 300px\" \/><\/a>\n\t\t\t<\/dt><\/dl><dl class='gallery-item'>\n\t\t\t<dt class='gallery-icon landscape'>\n\t\t\t\t<a href='https:\/\/franciscanos.org.br\/noticias\/wp-content\/uploads\/2022\/10\/diego_11.jpg'><img width=\"300\" height=\"300\" src=\"https:\/\/franciscanos.org.br\/noticias\/wp-content\/uploads\/2022\/10\/diego_11-300x300.jpg\" class=\"attachment-thumbnail size-thumbnail\" alt=\"\" loading=\"lazy\" srcset=\"https:\/\/franciscanos.org.br\/noticias\/wp-content\/uploads\/2022\/10\/diego_11-300x300.jpg 300w, https:\/\/franciscanos.org.br\/noticias\/wp-content\/uploads\/2022\/10\/diego_11-100x100.jpg 100w\" sizes=\"(max-width: 300px) 100vw, 300px\" \/><\/a>\n\t\t\t<\/dt><\/dl><dl class='gallery-item'>\n\t\t\t<dt class='gallery-icon landscape'>\n\t\t\t\t<a href='https:\/\/franciscanos.org.br\/noticias\/wp-content\/uploads\/2022\/10\/diego_12-1.jpg'><img width=\"300\" height=\"300\" src=\"https:\/\/franciscanos.org.br\/noticias\/wp-content\/uploads\/2022\/10\/diego_12-1-300x300.jpg\" class=\"attachment-thumbnail size-thumbnail\" alt=\"\" loading=\"lazy\" srcset=\"https:\/\/franciscanos.org.br\/noticias\/wp-content\/uploads\/2022\/10\/diego_12-1-300x300.jpg 300w, https:\/\/franciscanos.org.br\/noticias\/wp-content\/uploads\/2022\/10\/diego_12-1-100x100.jpg 100w\" sizes=\"(max-width: 300px) 100vw, 300px\" \/><\/a>\n\t\t\t<\/dt><\/dl><dl class='gallery-item'>\n\t\t\t<dt class='gallery-icon landscape'>\n\t\t\t\t<a href='https:\/\/franciscanos.org.br\/noticias\/wp-content\/uploads\/2022\/10\/diego_13.jpg'><img width=\"300\" height=\"300\" src=\"https:\/\/franciscanos.org.br\/noticias\/wp-content\/uploads\/2022\/10\/diego_13-300x300.jpg\" class=\"attachment-thumbnail size-thumbnail\" alt=\"\" loading=\"lazy\" srcset=\"https:\/\/franciscanos.org.br\/noticias\/wp-content\/uploads\/2022\/10\/diego_13-300x300.jpg 300w, https:\/\/franciscanos.org.br\/noticias\/wp-content\/uploads\/2022\/10\/diego_13-100x100.jpg 100w\" sizes=\"(max-width: 300px) 100vw, 300px\" \/><\/a>\n\t\t\t<\/dt><\/dl><dl class='gallery-item'>\n\t\t\t<dt class='gallery-icon landscape'>\n\t\t\t\t<a href='https:\/\/franciscanos.org.br\/noticias\/wp-content\/uploads\/2022\/10\/diego_14.jpg'><img width=\"300\" height=\"300\" src=\"https:\/\/franciscanos.org.br\/noticias\/wp-content\/uploads\/2022\/10\/diego_14-300x300.jpg\" class=\"attachment-thumbnail size-thumbnail\" alt=\"\" loading=\"lazy\" srcset=\"https:\/\/franciscanos.org.br\/noticias\/wp-content\/uploads\/2022\/10\/diego_14-300x300.jpg 300w, https:\/\/franciscanos.org.br\/noticias\/wp-content\/uploads\/2022\/10\/diego_14-100x100.jpg 100w\" sizes=\"(max-width: 300px) 100vw, 300px\" \/><\/a>\n\t\t\t<\/dt><\/dl><dl class='gallery-item'>\n\t\t\t<dt class='gallery-icon landscape'>\n\t\t\t\t<a href='https:\/\/franciscanos.org.br\/noticias\/wp-content\/uploads\/2022\/10\/diego_15.jpg'><img width=\"300\" height=\"300\" src=\"https:\/\/franciscanos.org.br\/noticias\/wp-content\/uploads\/2022\/10\/diego_15-300x300.jpg\" class=\"attachment-thumbnail size-thumbnail\" alt=\"\" loading=\"lazy\" srcset=\"https:\/\/franciscanos.org.br\/noticias\/wp-content\/uploads\/2022\/10\/diego_15-300x300.jpg 300w, https:\/\/franciscanos.org.br\/noticias\/wp-content\/uploads\/2022\/10\/diego_15-100x100.jpg 100w\" sizes=\"(max-width: 300px) 100vw, 300px\" \/><\/a>\n\t\t\t<\/dt><\/dl><br style=\"clear: both\" \/>\n\t\t<\/div>\n\n<p><em> \u00a0 \u00a0(toque nas imagens para ampli\u00e1-las)<\/em><\/p>\n<p>E concluiu: Irm\u00e3os e irm\u00e3s, ao celebrarmos o primeiro santo brasileiro, Santo Ant\u00f4nio de Sant\u2019Anna Galv\u00e3o, nesta terra aben\u00e7oada de Guaratinguet\u00e1, neste Vale da F\u00e9, que hoje recebeu o seu primeiro voo, que hoje expandiu a acolhida aos devotos, aos peregrinos, que todos n\u00f3s possamos crescer no desejo de construirmos uma sociedade mais justa e fraterna. Uma sociedade onde n\u00e3o haja mais divis\u00e3o, disc\u00f3rdia, polariza\u00e7\u00e3o e discrimina\u00e7\u00e3o. Que a nossa f\u00e9, irm\u00e3os e irm\u00e3s, nos ajude a fundamentarmos a nossa vida, nos verdadeiros valores do Evangelho. E que a nossa devo\u00e7\u00e3o a S\u00e3o Frei Galv\u00e3o nos fa\u00e7a cada mais desejosos de tamb\u00e9m alcan\u00e7armos a santidade. Que o nosso amor a Frei Galv\u00e3o, nos fa\u00e7a cada mais desejosos de estarmos cada vez mais pr\u00f3ximos de Deus\u201d.<\/p>\n<p><img loading=\"lazy\" class=\"alignnone size-full wp-image-240645\" src=\"https:\/\/franciscanos.org.br\/noticias\/wp-content\/uploads\/2022\/10\/diego_01.jpg\" alt=\"\" width=\"1280\" height=\"865\" srcset=\"https:\/\/franciscanos.org.br\/noticias\/wp-content\/uploads\/2022\/10\/diego_01.jpg 1280w, https:\/\/franciscanos.org.br\/noticias\/wp-content\/uploads\/2022\/10\/diego_01-450x304.jpg 450w, https:\/\/franciscanos.org.br\/noticias\/wp-content\/uploads\/2022\/10\/diego_01-1024x692.jpg 1024w, https:\/\/franciscanos.org.br\/noticias\/wp-content\/uploads\/2022\/10\/diego_01-768x519.jpg 768w, https:\/\/franciscanos.org.br\/noticias\/wp-content\/uploads\/2022\/10\/diego_01-150x101.jpg 150w\" sizes=\"(max-width: 1280px) 100vw, 1280px\" \/><\/p>\n<p><strong>MISSA DA FAM\u00cdLIA MISSION\u00c1RIA<\/strong><\/p>\n<p>Frei Leandro Costa presidiu a Santa Missa das 12 horas, com as Inten\u00e7\u00f5es no altar por todos irm\u00e3os e irm\u00e3s da Fam\u00edlia Mission\u00e1ria do Santu\u00e1rio de Frei Galv\u00e3o.<\/p>\n<p>\u201cA nossa resposta mais concreta para quem \u00e9 da Fam\u00edlia Mission\u00e1ria \u00e9 rezar. O objetivo de participar da Fam\u00edlia Mission\u00e1ria \u00e9 fazer com que Frei Galv\u00e3o seja muito mais conhecido. E a medida que ele se torna mais conhecido, as pessoas v\u00e3o conhecer as pegadas que ele deixou e v\u00e3o querer imit\u00e1-lo tamb\u00e9m\u201d, disse Frei Leandro.<\/p>\n<p>Segundo o frade, esta Missa \u00e9 uma grande A\u00e7\u00e3o de Gra\u00e7as a voc\u00ea, querido devoto, que faz parte da Fam\u00edlia Mission\u00e1ria. \u201cA voc\u00ea que \u00e9 devoto e mora aqui em Guaratinguet\u00e1, \u00e9 um apelo para ser da fam\u00edlia. Deus aben\u00e7oe cada um de voc\u00eas que contribuem direta ou indiretamente nesta grande obra de evangeliza\u00e7\u00e3o.<\/p>\n<hr \/>\n<p><em>Equipe de Comunica\u00e7\u00e3o do Santu\u00e1rio Frei Galv\u00e3o\u00a0<\/em><\/p>\n","protected":false},"excerpt":{"rendered":"<p>Festa de Frei Galv\u00e3o 2022<\/p>\n","protected":false},"author":3,"featured_media":240639,"comment_status":"open","ping_status":"open","sticky":false,"template":"","format":"standard","meta":[],"categories":[1],"tags":[2067],"acf":[],"yoast_head":"<!-- This site is optimized with the Yoast SEO plugin v19.2 - https:\/\/yoast.com\/wordpress\/plugins\/seo\/ -->\n<title>Frei Diego: \u201cA vida de Frei Galv\u00e3o j\u00e1 foi uma constru\u00e7\u00e3o da eternidade aqui na terra\u201d - Not\u00edcias - Franciscanos<\/title>\n<meta name=\"robots\" content=\"index, follow, max-snippet:-1, max-image-preview:large, max-video-preview:-1\" \/>\n<link rel=\"canonical\" href=\"https:\/\/franciscanos.org.br\/noticias\/frei-diego-a-vida-de-frei-galvao-ja-foi-uma-construcao-da-eternidade-aqui-na-terra.html\" \/>\n<meta property=\"og:locale\" content=\"pt_BR\" \/>\n<meta property=\"og:type\" content=\"article\" \/>\n<meta property=\"og:title\" content=\"Frei Diego: \u201cA vida de Frei Galv\u00e3o j\u00e1 foi uma constru\u00e7\u00e3o da eternidade aqui na terra\u201d - Not\u00edcias - Franciscanos\" \/>\n<meta property=\"og:description\" content=\"Festa de Frei Galv\u00e3o 2022\" \/>\n<meta property=\"og:url\" content=\"https:\/\/franciscanos.org.br\/noticias\/frei-diego-a-vida-de-frei-galvao-ja-foi-uma-construcao-da-eternidade-aqui-na-terra.html\" \/>\n<meta property=\"og:site_name\" content=\"Not\u00edcias - Franciscanos\" \/>\n<meta property=\"article:published_time\" content=\"2022-10-25T23:03:41+00:00\" \/>\n<meta property=\"article:modified_time\" content=\"2022-10-26T10:35:18+00:00\" \/>\n<meta property=\"og:image\" content=\"https:\/\/franciscanos.org.br\/noticias\/wp-content\/uploads\/2022\/10\/diego_03.jpg\" \/>\n\t<meta property=\"og:image:width\" content=\"1280\" \/>\n\t<meta property=\"og:image:height\" content=\"853\" \/>\n\t<meta property=\"og:image:type\" content=\"image\/jpeg\" \/>\n<meta name=\"author\" content=\"moacir\" \/>\n<meta name=\"twitter:card\" content=\"summary_large_image\" \/>\n<meta name=\"twitter:label1\" content=\"Escrito por\" \/>\n\t<meta name=\"twitter:data1\" content=\"moacir\" \/>\n\t<meta name=\"twitter:label2\" content=\"Est. tempo de leitura\" \/>\n\t<meta name=\"twitter:data2\" content=\"10 minutos\" \/>\n<script type=\"application\/ld+json\" class=\"yoast-schema-graph\">{\"@context\":\"https:\/\/schema.org\",\"@graph\":[{\"@type\":\"WebSite\",\"@id\":\"https:\/\/franciscanos.org.br\/noticias\/#website\",\"url\":\"https:\/\/franciscanos.org.br\/noticias\/\",\"name\":\"Not\u00edcias - Franciscanos\",\"description\":\"Prov\u00edncia Franciscana da Imaculada Concei\u00e7\u00e3o do Brasil - Ordem dos Frades Menores - OFM\",\"potentialAction\":[{\"@type\":\"SearchAction\",\"target\":{\"@type\":\"EntryPoint\",\"urlTemplate\":\"https:\/\/franciscanos.org.br\/noticias\/?s={search_term_string}\"},\"query-input\":\"required name=search_term_string\"}],\"inLanguage\":\"pt-BR\"},{\"@type\":\"ImageObject\",\"inLanguage\":\"pt-BR\",\"@id\":\"https:\/\/franciscanos.org.br\/noticias\/frei-diego-a-vida-de-frei-galvao-ja-foi-uma-construcao-da-eternidade-aqui-na-terra.html#primaryimage\",\"url\":\"https:\/\/franciscanos.org.br\/noticias\/wp-content\/uploads\/2022\/10\/diego_03.jpg\",\"contentUrl\":\"https:\/\/franciscanos.org.br\/noticias\/wp-content\/uploads\/2022\/10\/diego_03.jpg\",\"width\":1280,\"height\":853},{\"@type\":\"WebPage\",\"@id\":\"https:\/\/franciscanos.org.br\/noticias\/frei-diego-a-vida-de-frei-galvao-ja-foi-uma-construcao-da-eternidade-aqui-na-terra.html#webpage\",\"url\":\"https:\/\/franciscanos.org.br\/noticias\/frei-diego-a-vida-de-frei-galvao-ja-foi-uma-construcao-da-eternidade-aqui-na-terra.html\",\"name\":\"Frei Diego: \u201cA vida de Frei Galv\u00e3o j\u00e1 foi uma constru\u00e7\u00e3o da eternidade aqui na terra\u201d - Not\u00edcias - Franciscanos\",\"isPartOf\":{\"@id\":\"https:\/\/franciscanos.org.br\/noticias\/#website\"},\"primaryImageOfPage\":{\"@id\":\"https:\/\/franciscanos.org.br\/noticias\/frei-diego-a-vida-de-frei-galvao-ja-foi-uma-construcao-da-eternidade-aqui-na-terra.html#primaryimage\"},\"datePublished\":\"2022-10-25T23:03:41+00:00\",\"dateModified\":\"2022-10-26T10:35:18+00:00\",\"author\":{\"@id\":\"https:\/\/franciscanos.org.br\/noticias\/#\/schema\/person\/b5c8cba458c330ccff548b056e95a5d4\"},\"breadcrumb\":{\"@id\":\"https:\/\/franciscanos.org.br\/noticias\/frei-diego-a-vida-de-frei-galvao-ja-foi-uma-construcao-da-eternidade-aqui-na-terra.html#breadcrumb\"},\"inLanguage\":\"pt-BR\",\"potentialAction\":[{\"@type\":\"ReadAction\",\"target\":[\"https:\/\/franciscanos.org.br\/noticias\/frei-diego-a-vida-de-frei-galvao-ja-foi-uma-construcao-da-eternidade-aqui-na-terra.html\"]}]},{\"@type\":\"BreadcrumbList\",\"@id\":\"https:\/\/franciscanos.org.br\/noticias\/frei-diego-a-vida-de-frei-galvao-ja-foi-uma-construcao-da-eternidade-aqui-na-terra.html#breadcrumb\",\"itemListElement\":[{\"@type\":\"ListItem\",\"position\":1,\"name\":\"Home\",\"item\":\"https:\/\/franciscanos.org.br\/noticias\"},{\"@type\":\"ListItem\",\"position\":2,\"name\":\"Frei Diego: \u201cA vida de Frei Galv\u00e3o j\u00e1 foi uma constru\u00e7\u00e3o da eternidade aqui na terra\u201d\"}]},{\"@type\":\"Person\",\"@id\":\"https:\/\/franciscanos.org.br\/noticias\/#\/schema\/person\/b5c8cba458c330ccff548b056e95a5d4\",\"name\":\"moacir\",\"image\":{\"@type\":\"ImageObject\",\"inLanguage\":\"pt-BR\",\"@id\":\"https:\/\/franciscanos.org.br\/noticias\/#\/schema\/person\/image\/\",\"url\":\"https:\/\/secure.gravatar.com\/avatar\/d08aa2ce4c8dd416d4479aa8536fcf64?s=96&d=mm&r=g\",\"contentUrl\":\"https:\/\/secure.gravatar.com\/avatar\/d08aa2ce4c8dd416d4479aa8536fcf64?s=96&d=mm&r=g\",\"caption\":\"moacir\"},\"url\":\"https:\/\/franciscanos.org.br\/noticias\/author\/moacir\"}]}<\/script>\n<!-- \/ Yoast SEO plugin. -->","yoast_head_json":{"title":"Frei Diego: \u201cA vida de Frei Galv\u00e3o j\u00e1 foi uma constru\u00e7\u00e3o da eternidade aqui na terra\u201d - Not\u00edcias - Franciscanos","robots":{"index":"index","follow":"follow","max-snippet":"max-snippet:-1","max-image-preview":"max-image-preview:large","max-video-preview":"max-video-preview:-1"},"canonical":"https:\/\/franciscanos.org.br\/noticias\/frei-diego-a-vida-de-frei-galvao-ja-foi-uma-construcao-da-eternidade-aqui-na-terra.html","og_locale":"pt_BR","og_type":"article","og_title":"Frei Diego: \u201cA vida de Frei Galv\u00e3o j\u00e1 foi uma constru\u00e7\u00e3o da eternidade aqui na terra\u201d - Not\u00edcias - Franciscanos","og_description":"Festa de Frei Galv\u00e3o 2022","og_url":"https:\/\/franciscanos.org.br\/noticias\/frei-diego-a-vida-de-frei-galvao-ja-foi-uma-construcao-da-eternidade-aqui-na-terra.html","og_site_name":"Not\u00edcias - Franciscanos","article_published_time":"2022-10-25T23:03:41+00:00","article_modified_time":"2022-10-26T10:35:18+00:00","og_image":[{"width":1280,"height":853,"url":"https:\/\/franciscanos.org.br\/noticias\/wp-content\/uploads\/2022\/10\/diego_03.jpg","type":"image\/jpeg"}],"author":"moacir","twitter_card":"summary_large_image","twitter_misc":{"Escrito por":"moacir","Est. tempo de leitura":"10 minutos"},"schema":{"@context":"https:\/\/schema.org","@graph":[{"@type":"WebSite","@id":"https:\/\/franciscanos.org.br\/noticias\/#website","url":"https:\/\/franciscanos.org.br\/noticias\/","name":"Not\u00edcias - Franciscanos","description":"Prov\u00edncia Franciscana da Imaculada Concei\u00e7\u00e3o do Brasil - Ordem dos Frades Menores - OFM","potentialAction":[{"@type":"SearchAction","target":{"@type":"EntryPoint","urlTemplate":"https:\/\/franciscanos.org.br\/noticias\/?s={search_term_string}"},"query-input":"required name=search_term_string"}],"inLanguage":"pt-BR"},{"@type":"ImageObject","inLanguage":"pt-BR","@id":"https:\/\/franciscanos.org.br\/noticias\/frei-diego-a-vida-de-frei-galvao-ja-foi-uma-construcao-da-eternidade-aqui-na-terra.html#primaryimage","url":"https:\/\/franciscanos.org.br\/noticias\/wp-content\/uploads\/2022\/10\/diego_03.jpg","contentUrl":"https:\/\/franciscanos.org.br\/noticias\/wp-content\/uploads\/2022\/10\/diego_03.jpg","width":1280,"height":853},{"@type":"WebPage","@id":"https:\/\/franciscanos.org.br\/noticias\/frei-diego-a-vida-de-frei-galvao-ja-foi-uma-construcao-da-eternidade-aqui-na-terra.html#webpage","url":"https:\/\/franciscanos.org.br\/noticias\/frei-diego-a-vida-de-frei-galvao-ja-foi-uma-construcao-da-eternidade-aqui-na-terra.html","name":"Frei Diego: \u201cA vida de Frei Galv\u00e3o j\u00e1 foi uma constru\u00e7\u00e3o da eternidade aqui na terra\u201d - Not\u00edcias - Franciscanos","isPartOf":{"@id":"https:\/\/franciscanos.org.br\/noticias\/#website"},"primaryImageOfPage":{"@id":"https:\/\/franciscanos.org.br\/noticias\/frei-diego-a-vida-de-frei-galvao-ja-foi-uma-construcao-da-eternidade-aqui-na-terra.html#primaryimage"},"datePublished":"2022-10-25T23:03:41+00:00","dateModified":"2022-10-26T10:35:18+00:00","author":{"@id":"https:\/\/franciscanos.org.br\/noticias\/#\/schema\/person\/b5c8cba458c330ccff548b056e95a5d4"},"breadcrumb":{"@id":"https:\/\/franciscanos.org.br\/noticias\/frei-diego-a-vida-de-frei-galvao-ja-foi-uma-construcao-da-eternidade-aqui-na-terra.html#breadcrumb"},"inLanguage":"pt-BR","potentialAction":[{"@type":"ReadAction","target":["https:\/\/franciscanos.org.br\/noticias\/frei-diego-a-vida-de-frei-galvao-ja-foi-uma-construcao-da-eternidade-aqui-na-terra.html"]}]},{"@type":"BreadcrumbList","@id":"https:\/\/franciscanos.org.br\/noticias\/frei-diego-a-vida-de-frei-galvao-ja-foi-uma-construcao-da-eternidade-aqui-na-terra.html#breadcrumb","itemListElement":[{"@type":"ListItem","position":1,"name":"Home","item":"https:\/\/franciscanos.org.br\/noticias"},{"@type":"ListItem","position":2,"name":"Frei Diego: \u201cA vida de Frei Galv\u00e3o j\u00e1 foi uma constru\u00e7\u00e3o da eternidade aqui na terra\u201d"}]},{"@type":"Person","@id":"https:\/\/franciscanos.org.br\/noticias\/#\/schema\/person\/b5c8cba458c330ccff548b056e95a5d4","name":"moacir","image":{"@type":"ImageObject","inLanguage":"pt-BR","@id":"https:\/\/franciscanos.org.br\/noticias\/#\/schema\/person\/image\/","url":"https:\/\/secure.gravatar.com\/avatar\/d08aa2ce4c8dd416d4479aa8536fcf64?s=96&d=mm&r=g","contentUrl":"https:\/\/secure.gravatar.com\/avatar\/d08aa2ce4c8dd416d4479aa8536fcf64?s=96&d=mm&r=g","caption":"moacir"},"url":"https:\/\/franciscanos.org.br\/noticias\/author\/moacir"}]}},"_links":{"self":[{"href":"https:\/\/franciscanos.org.br\/noticias\/wp-json\/wp\/v2\/posts\/240638"}],"collection":[{"href":"https:\/\/franciscanos.org.br\/noticias\/wp-json\/wp\/v2\/posts"}],"about":[{"href":"https:\/\/franciscanos.org.br\/noticias\/wp-json\/wp\/v2\/types\/post"}],"author":[{"embeddable":true,"href":"https:\/\/franciscanos.org.br\/noticias\/wp-json\/wp\/v2\/users\/3"}],"replies":[{"embeddable":true,"href":"https:\/\/franciscanos.org.br\/noticias\/wp-json\/wp\/v2\/comments?post=240638"}],"version-history":[{"count":1,"href":"https:\/\/franciscanos.org.br\/noticias\/wp-json\/wp\/v2\/posts\/240638\/revisions"}],"predecessor-version":[{"id":240655,"href":"https:\/\/franciscanos.org.br\/noticias\/wp-json\/wp\/v2\/posts\/240638\/revisions\/240655"}],"wp:featuredmedia":[{"embeddable":true,"href":"https:\/\/franciscanos.org.br\/noticias\/wp-json\/wp\/v2\/media\/240639"}],"wp:attachment":[{"href":"https:\/\/franciscanos.org.br\/noticias\/wp-json\/wp\/v2\/media?parent=240638"}],"wp:term":[{"taxonomy":"category","embeddable":true,"href":"https:\/\/franciscanos.org.br\/noticias\/wp-json\/wp\/v2\/categories?post=240638"},{"taxonomy":"post_tag","embeddable":true,"href":"https:\/\/franciscanos.org.br\/noticias\/wp-json\/wp\/v2\/tags?post=240638"}],"curies":[{"name":"wp","href":"https:\/\/api.w.org\/{rel}","templated":true}]}}