{"id":240614,"date":"2022-10-25T21:39:02","date_gmt":"2022-10-26T00:39:02","guid":{"rendered":"https:\/\/franciscanos.org.br\/noticias\/?p=240614"},"modified":"2022-10-25T22:00:01","modified_gmt":"2022-10-26T01:00:01","slug":"dom-orlando-encerra-a-festa-de-frei-galvao-pedindo-o-dom-da-humildade","status":"publish","type":"post","link":"https:\/\/franciscanos.org.br\/noticias\/dom-orlando-encerra-a-festa-de-frei-galvao-pedindo-o-dom-da-humildade.html","title":{"rendered":"Dom Orlando encerra a Festa de Frei Galv\u00e3o pedindo o dom da humildade"},"content":{"rendered":"<p><img loading=\"lazy\" class=\"alignnone size-full wp-image-240615\" src=\"https:\/\/franciscanos.org.br\/noticias\/wp-content\/uploads\/2022\/10\/encerramento_01.jpg\" alt=\"\" width=\"1280\" height=\"720\" srcset=\"https:\/\/franciscanos.org.br\/noticias\/wp-content\/uploads\/2022\/10\/encerramento_01.jpg 1280w, https:\/\/franciscanos.org.br\/noticias\/wp-content\/uploads\/2022\/10\/encerramento_01-450x253.jpg 450w, https:\/\/franciscanos.org.br\/noticias\/wp-content\/uploads\/2022\/10\/encerramento_01-1024x576.jpg 1024w, https:\/\/franciscanos.org.br\/noticias\/wp-content\/uploads\/2022\/10\/encerramento_01-768x432.jpg 768w, https:\/\/franciscanos.org.br\/noticias\/wp-content\/uploads\/2022\/10\/encerramento_01-150x84.jpg 150w\" sizes=\"(max-width: 1280px) 100vw, 1280px\" \/><\/p>\n<p><strong>\u00a0<\/strong><strong>Guaratinguet\u00e1 (SP)<\/strong> &#8211; O arcebispo de Aparecida (SP), Dom Orlando Brandes, encerrou neste dia 25 de outubro, a Festa do Padroeiro do Santu\u00e1rio Frei Galv\u00e3o, em Guaratinguet\u00e1 (SP). Dom Orlando presidiu a Santa Missa \u00e0s 19 horas, tendo como concelebrantes a Fraternidade Franciscana do Santu\u00e1rio &#8211; Frei Diego Atalino de Melo, Frei Roberto Ishara e Frei Leandro Costa -, o fundador da Fazenda da Esperan\u00e7a, Frei Hans Stapel, padres da Diocese, visitantes, religiosas, seminaristas e o povo de Deus, que lotou o Santu\u00e1rio, e o fiel devoto que acompanhou pela Rede Vida e TV Frei Galv\u00e3o.<\/p>\n<p>A \u00faltima Celebra\u00e7\u00e3o Eucar\u00edstica aconteceu depois da prociss\u00e3o que percorreu as ruas do bairro Jardim do Vale. Os coroinhas e as crian\u00e7as vestidas como o h\u00e1bito marrom de S\u00e3o Francisco e Santa Clara puxaram o cortejo. No meio da prociss\u00e3o, um andor retratou a fachada do Mosteiro da Luz, tendo no centro a imagem de Frei Galv\u00e3o. As pessoas acompanharam nas ruas e muitos moradores fizeram altares em frente suas casas, nas sacadas ou janelas. Com cantos e ora\u00e7\u00f5es, a prociss\u00e3o saiu do Santu\u00e1rio \u00e0s 17 horas e retornou \u00e0s 18h30. A banda do Ex\u00e9rcito de Lorena ajudou na anima\u00e7\u00e3o musical.<\/p>\n<p><img loading=\"lazy\" class=\"alignnone size-full wp-image-240616\" src=\"https:\/\/franciscanos.org.br\/noticias\/wp-content\/uploads\/2022\/10\/encerramento_06a.jpg\" alt=\"\" width=\"1280\" height=\"960\" srcset=\"https:\/\/franciscanos.org.br\/noticias\/wp-content\/uploads\/2022\/10\/encerramento_06a.jpg 1280w, https:\/\/franciscanos.org.br\/noticias\/wp-content\/uploads\/2022\/10\/encerramento_06a-450x338.jpg 450w, https:\/\/franciscanos.org.br\/noticias\/wp-content\/uploads\/2022\/10\/encerramento_06a-1024x768.jpg 1024w, https:\/\/franciscanos.org.br\/noticias\/wp-content\/uploads\/2022\/10\/encerramento_06a-768x576.jpg 768w, https:\/\/franciscanos.org.br\/noticias\/wp-content\/uploads\/2022\/10\/encerramento_06a-150x113.jpg 150w, https:\/\/franciscanos.org.br\/noticias\/wp-content\/uploads\/2022\/10\/encerramento_06a-600x450.jpg 600w\" sizes=\"(max-width: 1280px) 100vw, 1280px\" \/><\/p>\n\n\t\t<style type=\"text\/css\">\n\t\t\t#gallery-1 {\n\t\t\t\tmargin: auto;\n\t\t\t}\n\t\t\t#gallery-1 .gallery-item {\n\t\t\t\tfloat: left;\n\t\t\t\tmargin-top: 10px;\n\t\t\t\ttext-align: center;\n\t\t\t\twidth: 11%;\n\t\t\t}\n\t\t\t#gallery-1 img {\n\t\t\t\tborder: 2px solid #cfcfcf;\n\t\t\t}\n\t\t\t#gallery-1 .gallery-caption {\n\t\t\t\tmargin-left: 0;\n\t\t\t}\n\t\t\t\/* see gallery_shortcode() in wp-includes\/media.php *\/\n\t\t<\/style>\n\t\t<div id='gallery-1' class='gallery galleryid-240614 gallery-columns-9 gallery-size-thumbnail'><dl class='gallery-item'>\n\t\t\t<dt class='gallery-icon landscape'>\n\t\t\t\t<a href='https:\/\/franciscanos.org.br\/noticias\/wp-content\/uploads\/2022\/10\/encerramento_01a.jpg'><img width=\"300\" height=\"300\" src=\"https:\/\/franciscanos.org.br\/noticias\/wp-content\/uploads\/2022\/10\/encerramento_01a-300x300.jpg\" class=\"attachment-thumbnail size-thumbnail\" alt=\"\" loading=\"lazy\" srcset=\"https:\/\/franciscanos.org.br\/noticias\/wp-content\/uploads\/2022\/10\/encerramento_01a-300x300.jpg 300w, https:\/\/franciscanos.org.br\/noticias\/wp-content\/uploads\/2022\/10\/encerramento_01a-100x100.jpg 100w\" sizes=\"(max-width: 300px) 100vw, 300px\" \/><\/a>\n\t\t\t<\/dt><\/dl><dl class='gallery-item'>\n\t\t\t<dt class='gallery-icon landscape'>\n\t\t\t\t<a href='https:\/\/franciscanos.org.br\/noticias\/wp-content\/uploads\/2022\/10\/encerramento_02.jpg'><img width=\"300\" height=\"300\" src=\"https:\/\/franciscanos.org.br\/noticias\/wp-content\/uploads\/2022\/10\/encerramento_02-300x300.jpg\" class=\"attachment-thumbnail size-thumbnail\" alt=\"\" loading=\"lazy\" srcset=\"https:\/\/franciscanos.org.br\/noticias\/wp-content\/uploads\/2022\/10\/encerramento_02-300x300.jpg 300w, https:\/\/franciscanos.org.br\/noticias\/wp-content\/uploads\/2022\/10\/encerramento_02-100x100.jpg 100w\" sizes=\"(max-width: 300px) 100vw, 300px\" \/><\/a>\n\t\t\t<\/dt><\/dl><dl class='gallery-item'>\n\t\t\t<dt class='gallery-icon landscape'>\n\t\t\t\t<a href='https:\/\/franciscanos.org.br\/noticias\/wp-content\/uploads\/2022\/10\/encerramento_03.jpg'><img width=\"300\" height=\"300\" src=\"https:\/\/franciscanos.org.br\/noticias\/wp-content\/uploads\/2022\/10\/encerramento_03-300x300.jpg\" class=\"attachment-thumbnail size-thumbnail\" alt=\"\" loading=\"lazy\" srcset=\"https:\/\/franciscanos.org.br\/noticias\/wp-content\/uploads\/2022\/10\/encerramento_03-300x300.jpg 300w, https:\/\/franciscanos.org.br\/noticias\/wp-content\/uploads\/2022\/10\/encerramento_03-100x100.jpg 100w\" sizes=\"(max-width: 300px) 100vw, 300px\" \/><\/a>\n\t\t\t<\/dt><\/dl><dl class='gallery-item'>\n\t\t\t<dt class='gallery-icon landscape'>\n\t\t\t\t<a href='https:\/\/franciscanos.org.br\/noticias\/wp-content\/uploads\/2022\/10\/encerramento_04.jpg'><img width=\"300\" height=\"300\" src=\"https:\/\/franciscanos.org.br\/noticias\/wp-content\/uploads\/2022\/10\/encerramento_04-300x300.jpg\" class=\"attachment-thumbnail size-thumbnail\" alt=\"\" loading=\"lazy\" srcset=\"https:\/\/franciscanos.org.br\/noticias\/wp-content\/uploads\/2022\/10\/encerramento_04-300x300.jpg 300w, https:\/\/franciscanos.org.br\/noticias\/wp-content\/uploads\/2022\/10\/encerramento_04-100x100.jpg 100w\" sizes=\"(max-width: 300px) 100vw, 300px\" \/><\/a>\n\t\t\t<\/dt><\/dl><dl class='gallery-item'>\n\t\t\t<dt class='gallery-icon landscape'>\n\t\t\t\t<a href='https:\/\/franciscanos.org.br\/noticias\/wp-content\/uploads\/2022\/10\/encerramento_05.jpg'><img width=\"300\" height=\"300\" src=\"https:\/\/franciscanos.org.br\/noticias\/wp-content\/uploads\/2022\/10\/encerramento_05-300x300.jpg\" class=\"attachment-thumbnail size-thumbnail\" alt=\"\" loading=\"lazy\" srcset=\"https:\/\/franciscanos.org.br\/noticias\/wp-content\/uploads\/2022\/10\/encerramento_05-300x300.jpg 300w, https:\/\/franciscanos.org.br\/noticias\/wp-content\/uploads\/2022\/10\/encerramento_05-100x100.jpg 100w\" sizes=\"(max-width: 300px) 100vw, 300px\" \/><\/a>\n\t\t\t<\/dt><\/dl><dl class='gallery-item'>\n\t\t\t<dt class='gallery-icon landscape'>\n\t\t\t\t<a href='https:\/\/franciscanos.org.br\/noticias\/wp-content\/uploads\/2022\/10\/encerramento_05a.jpg'><img width=\"300\" height=\"300\" src=\"https:\/\/franciscanos.org.br\/noticias\/wp-content\/uploads\/2022\/10\/encerramento_05a-300x300.jpg\" class=\"attachment-thumbnail size-thumbnail\" alt=\"\" loading=\"lazy\" srcset=\"https:\/\/franciscanos.org.br\/noticias\/wp-content\/uploads\/2022\/10\/encerramento_05a-300x300.jpg 300w, https:\/\/franciscanos.org.br\/noticias\/wp-content\/uploads\/2022\/10\/encerramento_05a-100x100.jpg 100w\" sizes=\"(max-width: 300px) 100vw, 300px\" \/><\/a>\n\t\t\t<\/dt><\/dl><dl class='gallery-item'>\n\t\t\t<dt class='gallery-icon landscape'>\n\t\t\t\t<a href='https:\/\/franciscanos.org.br\/noticias\/wp-content\/uploads\/2022\/10\/encerramento_06.jpg'><img width=\"300\" height=\"300\" src=\"https:\/\/franciscanos.org.br\/noticias\/wp-content\/uploads\/2022\/10\/encerramento_06-300x300.jpg\" class=\"attachment-thumbnail size-thumbnail\" alt=\"\" loading=\"lazy\" srcset=\"https:\/\/franciscanos.org.br\/noticias\/wp-content\/uploads\/2022\/10\/encerramento_06-300x300.jpg 300w, https:\/\/franciscanos.org.br\/noticias\/wp-content\/uploads\/2022\/10\/encerramento_06-100x100.jpg 100w\" sizes=\"(max-width: 300px) 100vw, 300px\" \/><\/a>\n\t\t\t<\/dt><\/dl><dl class='gallery-item'>\n\t\t\t<dt class='gallery-icon landscape'>\n\t\t\t\t<a href='https:\/\/franciscanos.org.br\/noticias\/wp-content\/uploads\/2022\/10\/encerramento_06c.jpg'><img width=\"300\" height=\"300\" src=\"https:\/\/franciscanos.org.br\/noticias\/wp-content\/uploads\/2022\/10\/encerramento_06c-300x300.jpg\" class=\"attachment-thumbnail size-thumbnail\" alt=\"\" loading=\"lazy\" srcset=\"https:\/\/franciscanos.org.br\/noticias\/wp-content\/uploads\/2022\/10\/encerramento_06c-300x300.jpg 300w, https:\/\/franciscanos.org.br\/noticias\/wp-content\/uploads\/2022\/10\/encerramento_06c-100x100.jpg 100w\" sizes=\"(max-width: 300px) 100vw, 300px\" \/><\/a>\n\t\t\t<\/dt><\/dl><dl class='gallery-item'>\n\t\t\t<dt class='gallery-icon landscape'>\n\t\t\t\t<a href='https:\/\/franciscanos.org.br\/noticias\/wp-content\/uploads\/2022\/10\/encerramento_07.jpg'><img width=\"300\" height=\"300\" src=\"https:\/\/franciscanos.org.br\/noticias\/wp-content\/uploads\/2022\/10\/encerramento_07-300x300.jpg\" class=\"attachment-thumbnail size-thumbnail\" alt=\"\" loading=\"lazy\" srcset=\"https:\/\/franciscanos.org.br\/noticias\/wp-content\/uploads\/2022\/10\/encerramento_07-300x300.jpg 300w, https:\/\/franciscanos.org.br\/noticias\/wp-content\/uploads\/2022\/10\/encerramento_07-100x100.jpg 100w\" sizes=\"(max-width: 300px) 100vw, 300px\" \/><\/a>\n\t\t\t<\/dt><\/dl><br style=\"clear: both\" \/>\n\t\t<\/div>\n\n<p><em>(toque nas imagens menores para ampli\u00e1-las)<\/em><\/p>\n<p>A festa deste ano fez mem\u00f3ria do bicenten\u00e1rio de morte de Frei Galv\u00e3o (1822\u20132022), com 10 dias de intensa programa\u00e7\u00e3o lit\u00fargica e celebra\u00e7\u00f5es, acompanhadas de festa externa com shows e comidas t\u00edpicas. Desde que os frades franciscanos da Prov\u00edncia da Imaculada Concei\u00e7\u00e3o assumiram o Santu\u00e1rio, em 11 de abril de 2021, esta \u00e9 a primeira festa totalmente presencial.<\/p>\n<p>Segundo Dom Orlando, as tr\u00eas leituras e o salmo, todas elas tinham a palavra humildade. &#8220;Leiam em casa e voc\u00eas v\u00e3o perceber isso. Ent\u00e3o, a grande mensagem das leituras e do salmo \u00e9 exatamente a humildade. E ningu\u00e9m de n\u00f3s duvide da grand\u00edssima humildade de Frei Galv\u00e3o. O que mais atrai neste santo \u00e9 exatamente a sua humildade que se desdobrou em caridade e em paz&#8221;, destacou o Arcebispo.<\/p>\n<p><img loading=\"lazy\" class=\"alignnone size-full wp-image-240626\" src=\"https:\/\/franciscanos.org.br\/noticias\/wp-content\/uploads\/2022\/10\/encerramento_08.jpg\" alt=\"\" width=\"1280\" height=\"680\" srcset=\"https:\/\/franciscanos.org.br\/noticias\/wp-content\/uploads\/2022\/10\/encerramento_08.jpg 1280w, https:\/\/franciscanos.org.br\/noticias\/wp-content\/uploads\/2022\/10\/encerramento_08-450x239.jpg 450w, https:\/\/franciscanos.org.br\/noticias\/wp-content\/uploads\/2022\/10\/encerramento_08-1024x544.jpg 1024w, https:\/\/franciscanos.org.br\/noticias\/wp-content\/uploads\/2022\/10\/encerramento_08-768x408.jpg 768w, https:\/\/franciscanos.org.br\/noticias\/wp-content\/uploads\/2022\/10\/encerramento_08-150x80.jpg 150w\" sizes=\"(max-width: 1280px) 100vw, 1280px\" \/><\/p>\n<p>&#8220;Irm\u00e3os e irm\u00e3s, vamos pedir esse dom da humildade e n\u00f3s tamb\u00e9m seremos pessoas agrad\u00e1veis a Deus e, pela humildade, vamos ser aceitos pelas pessoas, sabe por qu\u00ea? A primeira leitura dizia que a humidade torna o humilde grande. N\u00e3o foi assim com Jesus? Assim com Frei Galv\u00e3o? N\u00e3o foi assim com S\u00e3o Francisco? Ao humilde, \u00e0 humilde, Deus revela seus mist\u00e9rios. A gente e todos n\u00f3s, padres, sabemos que entre voc\u00eas h\u00e1 profundeza de m\u00edstica, de f\u00e9, de ora\u00e7\u00e3o, porque s\u00e3o humildes e Deus revela aos humildes seus mist\u00e9rios e tamb\u00e9m Deus d\u00e1 a sua gra\u00e7a aos humildes&#8221;, acrescentou Dom Orlando. E pediu para repetir: &#8220;Deus d\u00e1 a sua gra\u00e7a aos humildes&#8221;.<\/p>\n<p><img loading=\"lazy\" class=\"alignnone size-full wp-image-240627\" src=\"https:\/\/franciscanos.org.br\/noticias\/wp-content\/uploads\/2022\/10\/encerramento_13.jpg\" alt=\"\" width=\"1280\" height=\"960\" srcset=\"https:\/\/franciscanos.org.br\/noticias\/wp-content\/uploads\/2022\/10\/encerramento_13.jpg 1280w, https:\/\/franciscanos.org.br\/noticias\/wp-content\/uploads\/2022\/10\/encerramento_13-450x338.jpg 450w, https:\/\/franciscanos.org.br\/noticias\/wp-content\/uploads\/2022\/10\/encerramento_13-1024x768.jpg 1024w, https:\/\/franciscanos.org.br\/noticias\/wp-content\/uploads\/2022\/10\/encerramento_13-768x576.jpg 768w, https:\/\/franciscanos.org.br\/noticias\/wp-content\/uploads\/2022\/10\/encerramento_13-150x113.jpg 150w, https:\/\/franciscanos.org.br\/noticias\/wp-content\/uploads\/2022\/10\/encerramento_13-600x450.jpg 600w\" sizes=\"(max-width: 1280px) 100vw, 1280px\" \/><\/p>\n<p>Humildade tamb\u00e9m \u00e9 palavra central do Evangelho. &#8220;Eu te louvo Pai. E s\u00e3o Francisco gostava muito desse Evangelho porque ele rezava sempre: &#8216;Louvado sejas, meu Senhor&#8217;. E louvava o Senhor porque ele se dizia na humildade: eu sou o \u00faltimo, eu sou o m\u00ednimo, eu sou indigno, eu sou pequeno. E exatamente inspirado neste Evangelho que ele viveu de modo especial, concreto, exatamente, a humildade. E quem s\u00e3o esses pequeninos que Jesus se alegra hoje dizendo: \u2018Eu te bendigo Pai, pelos pequeninos\u2019. S\u00e3o todos n\u00f3s. Podemos ser ricos em dinheiro, mas pequeninos quando temos f\u00e9, quando acreditamos em Deus. E, para isso, precisamos ser humildes. Uma pessoa que n\u00e3o \u00e9 humilde, ter\u00e1 muita dificuldade na f\u00e9. Por isso, ent\u00e3o, vamos pedir essa gra\u00e7a e assim vamos dar alegria a Jesus. Ele vai dizer para o Pai: \u2018Eu te bendigo Pai, pelos fi\u00e9is de Frei Galv\u00e3o, l\u00e1 em Guaratinguet\u00e1, porque s\u00e3o pequeninos, isto \u00e9, homens e mulheres de f\u00e9\u2019&#8221;, ressaltou o Arcebispo.<\/p>\n<p>Segundo Dom Orlando, Frei Galv\u00e3o aprendeu a humildade com S\u00e3o Francisco, com o carisma franciscano. &#8220;Mas, de modo especial, ele aprendeu a humildade com Jesus na Eucaristia&#8221;, disse, lembrando que o Congresso Eucar\u00edstico Nacional ser\u00e1 em Recife, no dia 11 de novembro. &#8220;Vamos pedir essa gra\u00e7a a Frei Galv\u00e3o, que a Eucaristia nos torne humildes&#8221;, pediu.<\/p>\n<p><img loading=\"lazy\" class=\"alignnone size-full wp-image-240628\" src=\"https:\/\/franciscanos.org.br\/noticias\/wp-content\/uploads\/2022\/10\/encerramento_17.jpg\" alt=\"\" width=\"1280\" height=\"960\" srcset=\"https:\/\/franciscanos.org.br\/noticias\/wp-content\/uploads\/2022\/10\/encerramento_17.jpg 1280w, https:\/\/franciscanos.org.br\/noticias\/wp-content\/uploads\/2022\/10\/encerramento_17-450x338.jpg 450w, https:\/\/franciscanos.org.br\/noticias\/wp-content\/uploads\/2022\/10\/encerramento_17-1024x768.jpg 1024w, https:\/\/franciscanos.org.br\/noticias\/wp-content\/uploads\/2022\/10\/encerramento_17-768x576.jpg 768w, https:\/\/franciscanos.org.br\/noticias\/wp-content\/uploads\/2022\/10\/encerramento_17-150x113.jpg 150w, https:\/\/franciscanos.org.br\/noticias\/wp-content\/uploads\/2022\/10\/encerramento_17-600x450.jpg 600w\" sizes=\"(max-width: 1280px) 100vw, 1280px\" \/><\/p>\n<p>&#8220;Mas S\u00e3o Francisco dizia: &#8216;Como Jesus \u00e9 pobre e humilde na Eucaristia&#8217;. Frei Galv\u00e3o aprendeu isso de seu pai e sua m\u00e3e, que frequentavam diariamente a Eucaristia e, saindo da Eucaristia, davam testemunho eucar\u00edstico, oferecendo comida aos pobres. O pai dele, principalmente, mas a m\u00e3e tamb\u00e9m. Exatamente pela Eucaristia percebeu Jesus no pobre. E quando a gente se alimenta de Jesus na Eucaristia, n\u00f3s lembramos de quem passa fome, de quem t\u00e1 desempregado. Ent\u00e3o n\u00f3s somos eucar\u00edsticos quando temos nossas sextas b\u00e1sicas, nossas partilhas, o d\u00edzimo, tantas oportunidades para sermos eucar\u00edsticos, exatamente fazendo o bem aos nossos irm\u00e3os, aqui no caso, aos mais pobres, e como Frei Galv\u00e3o, \u00e9 claro, aos doentes&#8221;, ensinou.<\/p>\n<p>Dom Orlando lembrou que Frei Galv\u00e3o levava a p\u00e9 Jesus Eucar\u00edstico \u00e0s fam\u00edlias, e quando sabia que tinha algu\u00e9m morrendo, l\u00e1 ia ele correndo para levar Jesus eucar\u00edstico aos moribundos. E ele, diante do sacr\u00e1rio, dizia assim para o povo: \u2018O amado n\u00e3o seja ofendido\u2019. Que beleza, como a Eucaristia nos leva a este respeito, para n\u00e3o ofender os nossos irm\u00e3os, a partir de Jesus amado na Eucaristia&#8221;, continuou.<\/p>\n\n\t\t<style type=\"text\/css\">\n\t\t\t#gallery-2 {\n\t\t\t\tmargin: auto;\n\t\t\t}\n\t\t\t#gallery-2 .gallery-item {\n\t\t\t\tfloat: left;\n\t\t\t\tmargin-top: 10px;\n\t\t\t\ttext-align: center;\n\t\t\t\twidth: 20%;\n\t\t\t}\n\t\t\t#gallery-2 img {\n\t\t\t\tborder: 2px solid #cfcfcf;\n\t\t\t}\n\t\t\t#gallery-2 .gallery-caption {\n\t\t\t\tmargin-left: 0;\n\t\t\t}\n\t\t\t\/* see gallery_shortcode() in wp-includes\/media.php *\/\n\t\t<\/style>\n\t\t<div id='gallery-2' class='gallery galleryid-240614 gallery-columns-5 gallery-size-thumbnail'><dl class='gallery-item'>\n\t\t\t<dt class='gallery-icon landscape'>\n\t\t\t\t<a href='https:\/\/franciscanos.org.br\/noticias\/wp-content\/uploads\/2022\/10\/encerramento_10.jpg'><img width=\"300\" height=\"300\" src=\"https:\/\/franciscanos.org.br\/noticias\/wp-content\/uploads\/2022\/10\/encerramento_10-300x300.jpg\" class=\"attachment-thumbnail size-thumbnail\" alt=\"\" loading=\"lazy\" srcset=\"https:\/\/franciscanos.org.br\/noticias\/wp-content\/uploads\/2022\/10\/encerramento_10-300x300.jpg 300w, https:\/\/franciscanos.org.br\/noticias\/wp-content\/uploads\/2022\/10\/encerramento_10-100x100.jpg 100w\" sizes=\"(max-width: 300px) 100vw, 300px\" \/><\/a>\n\t\t\t<\/dt><\/dl><dl class='gallery-item'>\n\t\t\t<dt class='gallery-icon landscape'>\n\t\t\t\t<a href='https:\/\/franciscanos.org.br\/noticias\/wp-content\/uploads\/2022\/10\/encerramento_11.jpg'><img width=\"300\" height=\"300\" src=\"https:\/\/franciscanos.org.br\/noticias\/wp-content\/uploads\/2022\/10\/encerramento_11-300x300.jpg\" class=\"attachment-thumbnail size-thumbnail\" alt=\"\" loading=\"lazy\" srcset=\"https:\/\/franciscanos.org.br\/noticias\/wp-content\/uploads\/2022\/10\/encerramento_11-300x300.jpg 300w, https:\/\/franciscanos.org.br\/noticias\/wp-content\/uploads\/2022\/10\/encerramento_11-100x100.jpg 100w\" sizes=\"(max-width: 300px) 100vw, 300px\" \/><\/a>\n\t\t\t<\/dt><\/dl><dl class='gallery-item'>\n\t\t\t<dt class='gallery-icon landscape'>\n\t\t\t\t<a href='https:\/\/franciscanos.org.br\/noticias\/wp-content\/uploads\/2022\/10\/encerramento_12.jpg'><img width=\"300\" height=\"300\" src=\"https:\/\/franciscanos.org.br\/noticias\/wp-content\/uploads\/2022\/10\/encerramento_12-300x300.jpg\" class=\"attachment-thumbnail size-thumbnail\" alt=\"\" loading=\"lazy\" srcset=\"https:\/\/franciscanos.org.br\/noticias\/wp-content\/uploads\/2022\/10\/encerramento_12-300x300.jpg 300w, https:\/\/franciscanos.org.br\/noticias\/wp-content\/uploads\/2022\/10\/encerramento_12-100x100.jpg 100w\" sizes=\"(max-width: 300px) 100vw, 300px\" \/><\/a>\n\t\t\t<\/dt><\/dl><dl class='gallery-item'>\n\t\t\t<dt class='gallery-icon landscape'>\n\t\t\t\t<a href='https:\/\/franciscanos.org.br\/noticias\/wp-content\/uploads\/2022\/10\/encerramento_15.jpg'><img width=\"300\" height=\"300\" src=\"https:\/\/franciscanos.org.br\/noticias\/wp-content\/uploads\/2022\/10\/encerramento_15-300x300.jpg\" class=\"attachment-thumbnail size-thumbnail\" alt=\"\" loading=\"lazy\" srcset=\"https:\/\/franciscanos.org.br\/noticias\/wp-content\/uploads\/2022\/10\/encerramento_15-300x300.jpg 300w, https:\/\/franciscanos.org.br\/noticias\/wp-content\/uploads\/2022\/10\/encerramento_15-100x100.jpg 100w\" sizes=\"(max-width: 300px) 100vw, 300px\" \/><\/a>\n\t\t\t<\/dt><\/dl><dl class='gallery-item'>\n\t\t\t<dt class='gallery-icon landscape'>\n\t\t\t\t<a href='https:\/\/franciscanos.org.br\/noticias\/wp-content\/uploads\/2022\/10\/encerramento_16.jpg'><img width=\"300\" height=\"300\" src=\"https:\/\/franciscanos.org.br\/noticias\/wp-content\/uploads\/2022\/10\/encerramento_16-300x300.jpg\" class=\"attachment-thumbnail size-thumbnail\" alt=\"\" loading=\"lazy\" srcset=\"https:\/\/franciscanos.org.br\/noticias\/wp-content\/uploads\/2022\/10\/encerramento_16-300x300.jpg 300w, https:\/\/franciscanos.org.br\/noticias\/wp-content\/uploads\/2022\/10\/encerramento_16-100x100.jpg 100w\" sizes=\"(max-width: 300px) 100vw, 300px\" \/><\/a>\n\t\t\t<\/dt><\/dl><br style=\"clear: both\" \/>\n\t\t<\/div>\n\n<p><em>(toque nas imagens menores para ampli\u00e1-las)<\/em><\/p>\n<p>Dom Orlando lembrou que, como um cordeiro, Frei Galv\u00e3o furou o seu pr\u00f3prio peito e se consagrou a Nossa Senhora. &#8220;Tudo isso vindo de sua f\u00e9 eucar\u00edstica&#8221;, disse o Arcebispo, que tamb\u00e9m falava para aquelas mo\u00e7as que estavam no recolhimento em S\u00e3o Paulo, que depois se tornou o mosteiro, ele dizia assim: \u2018Eu vou me lembrar de voc\u00eas na Eucaristia at\u00e9 a minha morte. Veja que caridade com essas pessoas, e na Eucaristia at\u00e9 a morte creio que ele cumpriu esta miss\u00e3o&#8221;, emendou.<\/p>\n<p>&#8220;Para as suas irm\u00e3s religiosas, a partir da Eucaristia, quando ele foi expulso de S\u00e3o Paulo, porque eucaristicamente ele defendeu aquele soldado, que depois morreu enforcado, e ele ent\u00e3o foi expulso de S\u00e3o Paulo, no caminho ele recomendou \u00e0s irm\u00e3s aquilo que a Eucaristia pede, por cinco vezes: \u2018Irm\u00e3s, permanecei unidas\u2019. Eu quero usar as palavras de Frei Galv\u00e3o para que nossas fam\u00edlias permane\u00e7am unidas, pai e m\u00e3es unidos, pais e filhos unidos e n\u00f3s vamos ver a h\u00f3stia viva, a Igreja viva na nossa pr\u00f3pria casa, seguindo ent\u00e3o o exemplo de Frei Galv\u00e3o&#8221;, pediu.<\/p>\n<p><img loading=\"lazy\" class=\"alignnone size-full wp-image-240632\" src=\"https:\/\/franciscanos.org.br\/noticias\/wp-content\/uploads\/2022\/10\/encerramento_14.jpg\" alt=\"\" width=\"1280\" height=\"960\" srcset=\"https:\/\/franciscanos.org.br\/noticias\/wp-content\/uploads\/2022\/10\/encerramento_14.jpg 1280w, https:\/\/franciscanos.org.br\/noticias\/wp-content\/uploads\/2022\/10\/encerramento_14-450x338.jpg 450w, https:\/\/franciscanos.org.br\/noticias\/wp-content\/uploads\/2022\/10\/encerramento_14-1024x768.jpg 1024w, https:\/\/franciscanos.org.br\/noticias\/wp-content\/uploads\/2022\/10\/encerramento_14-768x576.jpg 768w, https:\/\/franciscanos.org.br\/noticias\/wp-content\/uploads\/2022\/10\/encerramento_14-150x113.jpg 150w, https:\/\/franciscanos.org.br\/noticias\/wp-content\/uploads\/2022\/10\/encerramento_14-600x450.jpg 600w\" sizes=\"(max-width: 1280px) 100vw, 1280px\" \/><\/p>\n<p>Dom Orlando concluiu sua homilia revelando que descobriu quais eram as inten\u00e7\u00f5es da Missa nos escritos de Frei Galv\u00e3o. &#8220;Quando ele ia rezar a Missa, ele rezava para quem? Primeiro pela paz, claro, Paz e Bem! E ele sendo ap\u00f3stolo da paz, ent\u00e3o veja, como na Eucaristia ele pensava na paz do mundo inteiro e da humanidade. Depois, outra inten\u00e7\u00e3o dele? a nossa convers\u00e3o. Que bonito isso n\u00e9? A minha Missa \u00e9 para a convers\u00e3o do povo de Deus. E para que Deus levante os ca\u00eddos, que caridade! Olha a\u00ed a humildade. Em cada missa pensando em quem est\u00e1 ca\u00eddo e que Deus possa levant\u00e1-lo. Que Deus ilumine os confessores porque pela confiss\u00e3o \u00e9 que a gente se prepara bem para a comunh\u00e3o. E por fim, ele dizia: na Missa, eu rezo pela sabedoria dos pregadores, porque ele foi um grande pregador, mas a for\u00e7a era a Eucaristia. E ele s\u00f3 poderia morrer como morreu, num quartinho, deitado em cima de uma cama que era de terra e atr\u00e1s do sacr\u00e1rio&#8221;, completou.<\/p>\n<hr \/>\n<p><strong>Equipe de Comunica\u00e7\u00e3o do Santu\u00e1rio Frei Galv\u00e3o:<\/strong> <em>Moacir Beggo (SP), \u00c9rika Augusto, Patrick Henrique Correa, Felipe Nogueira da Silva, Jo\u00e3o Paulo da Silva Ferreira, Ruan Marcos Barroso da Silva e Nathan Massahiro de Oliveira Iamanaka<\/em><\/p>\n","protected":false},"excerpt":{"rendered":"<p>Festa de Frei Galv\u00e3o 2022<\/p>\n","protected":false},"author":3,"featured_media":240615,"comment_status":"open","ping_status":"open","sticky":false,"template":"","format":"standard","meta":[],"categories":[1],"tags":[2067],"acf":[],"yoast_head":"<!-- This site is optimized with the Yoast SEO plugin v19.2 - https:\/\/yoast.com\/wordpress\/plugins\/seo\/ -->\n<title>Dom Orlando encerra a Festa de Frei Galv\u00e3o pedindo o dom da humildade - Not\u00edcias - Franciscanos<\/title>\n<meta name=\"robots\" content=\"index, follow, max-snippet:-1, max-image-preview:large, max-video-preview:-1\" \/>\n<link rel=\"canonical\" href=\"https:\/\/franciscanos.org.br\/noticias\/dom-orlando-encerra-a-festa-de-frei-galvao-pedindo-o-dom-da-humildade.html\" \/>\n<meta property=\"og:locale\" content=\"pt_BR\" \/>\n<meta property=\"og:type\" content=\"article\" \/>\n<meta property=\"og:title\" content=\"Dom Orlando encerra a Festa de Frei Galv\u00e3o pedindo o dom da humildade - Not\u00edcias - Franciscanos\" \/>\n<meta property=\"og:description\" content=\"Festa de Frei Galv\u00e3o 2022\" \/>\n<meta property=\"og:url\" content=\"https:\/\/franciscanos.org.br\/noticias\/dom-orlando-encerra-a-festa-de-frei-galvao-pedindo-o-dom-da-humildade.html\" \/>\n<meta property=\"og:site_name\" content=\"Not\u00edcias - Franciscanos\" \/>\n<meta property=\"article:published_time\" content=\"2022-10-26T00:39:02+00:00\" \/>\n<meta property=\"article:modified_time\" content=\"2022-10-26T01:00:01+00:00\" \/>\n<meta property=\"og:image\" content=\"https:\/\/franciscanos.org.br\/noticias\/wp-content\/uploads\/2022\/10\/encerramento_01.jpg\" \/>\n\t<meta property=\"og:image:width\" content=\"1280\" \/>\n\t<meta property=\"og:image:height\" content=\"720\" \/>\n\t<meta property=\"og:image:type\" content=\"image\/jpeg\" \/>\n<meta name=\"author\" content=\"moacir\" \/>\n<meta name=\"twitter:card\" content=\"summary_large_image\" \/>\n<meta name=\"twitter:label1\" content=\"Escrito por\" \/>\n\t<meta name=\"twitter:data1\" content=\"moacir\" \/>\n\t<meta name=\"twitter:label2\" content=\"Est. tempo de leitura\" \/>\n\t<meta name=\"twitter:data2\" content=\"7 minutos\" \/>\n<script type=\"application\/ld+json\" class=\"yoast-schema-graph\">{\"@context\":\"https:\/\/schema.org\",\"@graph\":[{\"@type\":\"WebSite\",\"@id\":\"https:\/\/franciscanos.org.br\/noticias\/#website\",\"url\":\"https:\/\/franciscanos.org.br\/noticias\/\",\"name\":\"Not\u00edcias - Franciscanos\",\"description\":\"Prov\u00edncia Franciscana da Imaculada Concei\u00e7\u00e3o do Brasil - Ordem dos Frades Menores - OFM\",\"potentialAction\":[{\"@type\":\"SearchAction\",\"target\":{\"@type\":\"EntryPoint\",\"urlTemplate\":\"https:\/\/franciscanos.org.br\/noticias\/?s={search_term_string}\"},\"query-input\":\"required name=search_term_string\"}],\"inLanguage\":\"pt-BR\"},{\"@type\":\"ImageObject\",\"inLanguage\":\"pt-BR\",\"@id\":\"https:\/\/franciscanos.org.br\/noticias\/dom-orlando-encerra-a-festa-de-frei-galvao-pedindo-o-dom-da-humildade.html#primaryimage\",\"url\":\"https:\/\/franciscanos.org.br\/noticias\/wp-content\/uploads\/2022\/10\/encerramento_01.jpg\",\"contentUrl\":\"https:\/\/franciscanos.org.br\/noticias\/wp-content\/uploads\/2022\/10\/encerramento_01.jpg\",\"width\":1280,\"height\":720},{\"@type\":\"WebPage\",\"@id\":\"https:\/\/franciscanos.org.br\/noticias\/dom-orlando-encerra-a-festa-de-frei-galvao-pedindo-o-dom-da-humildade.html#webpage\",\"url\":\"https:\/\/franciscanos.org.br\/noticias\/dom-orlando-encerra-a-festa-de-frei-galvao-pedindo-o-dom-da-humildade.html\",\"name\":\"Dom Orlando encerra a Festa de Frei Galv\u00e3o pedindo o dom da humildade - Not\u00edcias - Franciscanos\",\"isPartOf\":{\"@id\":\"https:\/\/franciscanos.org.br\/noticias\/#website\"},\"primaryImageOfPage\":{\"@id\":\"https:\/\/franciscanos.org.br\/noticias\/dom-orlando-encerra-a-festa-de-frei-galvao-pedindo-o-dom-da-humildade.html#primaryimage\"},\"datePublished\":\"2022-10-26T00:39:02+00:00\",\"dateModified\":\"2022-10-26T01:00:01+00:00\",\"author\":{\"@id\":\"https:\/\/franciscanos.org.br\/noticias\/#\/schema\/person\/b5c8cba458c330ccff548b056e95a5d4\"},\"breadcrumb\":{\"@id\":\"https:\/\/franciscanos.org.br\/noticias\/dom-orlando-encerra-a-festa-de-frei-galvao-pedindo-o-dom-da-humildade.html#breadcrumb\"},\"inLanguage\":\"pt-BR\",\"potentialAction\":[{\"@type\":\"ReadAction\",\"target\":[\"https:\/\/franciscanos.org.br\/noticias\/dom-orlando-encerra-a-festa-de-frei-galvao-pedindo-o-dom-da-humildade.html\"]}]},{\"@type\":\"BreadcrumbList\",\"@id\":\"https:\/\/franciscanos.org.br\/noticias\/dom-orlando-encerra-a-festa-de-frei-galvao-pedindo-o-dom-da-humildade.html#breadcrumb\",\"itemListElement\":[{\"@type\":\"ListItem\",\"position\":1,\"name\":\"Home\",\"item\":\"https:\/\/franciscanos.org.br\/noticias\"},{\"@type\":\"ListItem\",\"position\":2,\"name\":\"Dom Orlando encerra a Festa de Frei Galv\u00e3o pedindo o dom da humildade\"}]},{\"@type\":\"Person\",\"@id\":\"https:\/\/franciscanos.org.br\/noticias\/#\/schema\/person\/b5c8cba458c330ccff548b056e95a5d4\",\"name\":\"moacir\",\"image\":{\"@type\":\"ImageObject\",\"inLanguage\":\"pt-BR\",\"@id\":\"https:\/\/franciscanos.org.br\/noticias\/#\/schema\/person\/image\/\",\"url\":\"https:\/\/secure.gravatar.com\/avatar\/d08aa2ce4c8dd416d4479aa8536fcf64?s=96&d=mm&r=g\",\"contentUrl\":\"https:\/\/secure.gravatar.com\/avatar\/d08aa2ce4c8dd416d4479aa8536fcf64?s=96&d=mm&r=g\",\"caption\":\"moacir\"},\"url\":\"https:\/\/franciscanos.org.br\/noticias\/author\/moacir\"}]}<\/script>\n<!-- \/ Yoast SEO plugin. -->","yoast_head_json":{"title":"Dom Orlando encerra a Festa de Frei Galv\u00e3o pedindo o dom da humildade - Not\u00edcias - Franciscanos","robots":{"index":"index","follow":"follow","max-snippet":"max-snippet:-1","max-image-preview":"max-image-preview:large","max-video-preview":"max-video-preview:-1"},"canonical":"https:\/\/franciscanos.org.br\/noticias\/dom-orlando-encerra-a-festa-de-frei-galvao-pedindo-o-dom-da-humildade.html","og_locale":"pt_BR","og_type":"article","og_title":"Dom Orlando encerra a Festa de Frei Galv\u00e3o pedindo o dom da humildade - Not\u00edcias - Franciscanos","og_description":"Festa de Frei Galv\u00e3o 2022","og_url":"https:\/\/franciscanos.org.br\/noticias\/dom-orlando-encerra-a-festa-de-frei-galvao-pedindo-o-dom-da-humildade.html","og_site_name":"Not\u00edcias - Franciscanos","article_published_time":"2022-10-26T00:39:02+00:00","article_modified_time":"2022-10-26T01:00:01+00:00","og_image":[{"width":1280,"height":720,"url":"https:\/\/franciscanos.org.br\/noticias\/wp-content\/uploads\/2022\/10\/encerramento_01.jpg","type":"image\/jpeg"}],"author":"moacir","twitter_card":"summary_large_image","twitter_misc":{"Escrito por":"moacir","Est. tempo de leitura":"7 minutos"},"schema":{"@context":"https:\/\/schema.org","@graph":[{"@type":"WebSite","@id":"https:\/\/franciscanos.org.br\/noticias\/#website","url":"https:\/\/franciscanos.org.br\/noticias\/","name":"Not\u00edcias - Franciscanos","description":"Prov\u00edncia Franciscana da Imaculada Concei\u00e7\u00e3o do Brasil - Ordem dos Frades Menores - OFM","potentialAction":[{"@type":"SearchAction","target":{"@type":"EntryPoint","urlTemplate":"https:\/\/franciscanos.org.br\/noticias\/?s={search_term_string}"},"query-input":"required name=search_term_string"}],"inLanguage":"pt-BR"},{"@type":"ImageObject","inLanguage":"pt-BR","@id":"https:\/\/franciscanos.org.br\/noticias\/dom-orlando-encerra-a-festa-de-frei-galvao-pedindo-o-dom-da-humildade.html#primaryimage","url":"https:\/\/franciscanos.org.br\/noticias\/wp-content\/uploads\/2022\/10\/encerramento_01.jpg","contentUrl":"https:\/\/franciscanos.org.br\/noticias\/wp-content\/uploads\/2022\/10\/encerramento_01.jpg","width":1280,"height":720},{"@type":"WebPage","@id":"https:\/\/franciscanos.org.br\/noticias\/dom-orlando-encerra-a-festa-de-frei-galvao-pedindo-o-dom-da-humildade.html#webpage","url":"https:\/\/franciscanos.org.br\/noticias\/dom-orlando-encerra-a-festa-de-frei-galvao-pedindo-o-dom-da-humildade.html","name":"Dom Orlando encerra a Festa de Frei Galv\u00e3o pedindo o dom da humildade - Not\u00edcias - Franciscanos","isPartOf":{"@id":"https:\/\/franciscanos.org.br\/noticias\/#website"},"primaryImageOfPage":{"@id":"https:\/\/franciscanos.org.br\/noticias\/dom-orlando-encerra-a-festa-de-frei-galvao-pedindo-o-dom-da-humildade.html#primaryimage"},"datePublished":"2022-10-26T00:39:02+00:00","dateModified":"2022-10-26T01:00:01+00:00","author":{"@id":"https:\/\/franciscanos.org.br\/noticias\/#\/schema\/person\/b5c8cba458c330ccff548b056e95a5d4"},"breadcrumb":{"@id":"https:\/\/franciscanos.org.br\/noticias\/dom-orlando-encerra-a-festa-de-frei-galvao-pedindo-o-dom-da-humildade.html#breadcrumb"},"inLanguage":"pt-BR","potentialAction":[{"@type":"ReadAction","target":["https:\/\/franciscanos.org.br\/noticias\/dom-orlando-encerra-a-festa-de-frei-galvao-pedindo-o-dom-da-humildade.html"]}]},{"@type":"BreadcrumbList","@id":"https:\/\/franciscanos.org.br\/noticias\/dom-orlando-encerra-a-festa-de-frei-galvao-pedindo-o-dom-da-humildade.html#breadcrumb","itemListElement":[{"@type":"ListItem","position":1,"name":"Home","item":"https:\/\/franciscanos.org.br\/noticias"},{"@type":"ListItem","position":2,"name":"Dom Orlando encerra a Festa de Frei Galv\u00e3o pedindo o dom da humildade"}]},{"@type":"Person","@id":"https:\/\/franciscanos.org.br\/noticias\/#\/schema\/person\/b5c8cba458c330ccff548b056e95a5d4","name":"moacir","image":{"@type":"ImageObject","inLanguage":"pt-BR","@id":"https:\/\/franciscanos.org.br\/noticias\/#\/schema\/person\/image\/","url":"https:\/\/secure.gravatar.com\/avatar\/d08aa2ce4c8dd416d4479aa8536fcf64?s=96&d=mm&r=g","contentUrl":"https:\/\/secure.gravatar.com\/avatar\/d08aa2ce4c8dd416d4479aa8536fcf64?s=96&d=mm&r=g","caption":"moacir"},"url":"https:\/\/franciscanos.org.br\/noticias\/author\/moacir"}]}},"_links":{"self":[{"href":"https:\/\/franciscanos.org.br\/noticias\/wp-json\/wp\/v2\/posts\/240614"}],"collection":[{"href":"https:\/\/franciscanos.org.br\/noticias\/wp-json\/wp\/v2\/posts"}],"about":[{"href":"https:\/\/franciscanos.org.br\/noticias\/wp-json\/wp\/v2\/types\/post"}],"author":[{"embeddable":true,"href":"https:\/\/franciscanos.org.br\/noticias\/wp-json\/wp\/v2\/users\/3"}],"replies":[{"embeddable":true,"href":"https:\/\/franciscanos.org.br\/noticias\/wp-json\/wp\/v2\/comments?post=240614"}],"version-history":[{"count":3,"href":"https:\/\/franciscanos.org.br\/noticias\/wp-json\/wp\/v2\/posts\/240614\/revisions"}],"predecessor-version":[{"id":240637,"href":"https:\/\/franciscanos.org.br\/noticias\/wp-json\/wp\/v2\/posts\/240614\/revisions\/240637"}],"wp:featuredmedia":[{"embeddable":true,"href":"https:\/\/franciscanos.org.br\/noticias\/wp-json\/wp\/v2\/media\/240615"}],"wp:attachment":[{"href":"https:\/\/franciscanos.org.br\/noticias\/wp-json\/wp\/v2\/media?parent=240614"}],"wp:term":[{"taxonomy":"category","embeddable":true,"href":"https:\/\/franciscanos.org.br\/noticias\/wp-json\/wp\/v2\/categories?post=240614"},{"taxonomy":"post_tag","embeddable":true,"href":"https:\/\/franciscanos.org.br\/noticias\/wp-json\/wp\/v2\/tags?post=240614"}],"curies":[{"name":"wp","href":"https:\/\/api.w.org\/{rel}","templated":true}]}}