{"id":240590,"date":"2022-10-25T14:19:54","date_gmt":"2022-10-25T17:19:54","guid":{"rendered":"https:\/\/franciscanos.org.br\/noticias\/?p=240590"},"modified":"2022-11-04T11:08:47","modified_gmt":"2022-11-04T14:08:47","slug":"frei-paulo-os-santos-sao-colocados-diante-de-nos-para-serem-nossos-exemplos","status":"publish","type":"post","link":"https:\/\/franciscanos.org.br\/noticias\/frei-paulo-os-santos-sao-colocados-diante-de-nos-para-serem-nossos-exemplos.html","title":{"rendered":"Frei Paulo: &#8220;Os santos s\u00e3o colocados diante de n\u00f3s para serem nossos exemplos&#8221;"},"content":{"rendered":"<p><img loading=\"lazy\" class=\"alignnone size-full wp-image-240591\" src=\"https:\/\/franciscanos.org.br\/noticias\/wp-content\/uploads\/2022\/10\/paulo_21.jpg\" alt=\"\" width=\"1280\" height=\"720\" srcset=\"https:\/\/franciscanos.org.br\/noticias\/wp-content\/uploads\/2022\/10\/paulo_21.jpg 1280w, https:\/\/franciscanos.org.br\/noticias\/wp-content\/uploads\/2022\/10\/paulo_21-450x253.jpg 450w, https:\/\/franciscanos.org.br\/noticias\/wp-content\/uploads\/2022\/10\/paulo_21-1024x576.jpg 1024w, https:\/\/franciscanos.org.br\/noticias\/wp-content\/uploads\/2022\/10\/paulo_21-768x432.jpg 768w, https:\/\/franciscanos.org.br\/noticias\/wp-content\/uploads\/2022\/10\/paulo_21-150x84.jpg 150w\" sizes=\"(max-width: 1280px) 100vw, 1280px\" \/><\/p>\n<p><strong>Guaratinguet\u00e1 (SP) &#8211;<\/strong> &#8220;Se viemos aqui hoje exaltar as virtudes de Frei Galv\u00e3o, se viemos aqui tecer elogios aos seus milagres, aos seus portentos, se for s\u00f3 isso, a nossa vinda aqui n\u00e3o ser\u00e1 frutuosa. Os santos s\u00e3o nossos intercessores. N\u00f3s podemos louv\u00e1-los, bendiz\u00ea-los, e \u00e9 bom que fa\u00e7amos isso, mas eles s\u00e3o colocados diante de n\u00f3s, sobretudo, para serem nossos exemplos&#8221;. Foi assim que o Ministro Provincial da Prov\u00edncia da Imaculada Concei\u00e7\u00e3o do Brasil, Frei Paulo Roberto Pereira, focou a sua mensagem durante a Celebra\u00e7\u00e3o Eucar\u00edstica, \u00e0s 9 horas, neste dia solene do primeiro santo brasileiro no Santu\u00e1rio Frei Galv\u00e3o, em Guaratinguet\u00e1 (SP).<\/p>\n<p>O reitor do Santu\u00e1rio, Frei Diego Atalino de Melo, acolheu com carinho os concelebrantes Pe. Eduardo Catalfo, reitor do Santu\u00e1rio Nacional de Aparecida, os mission\u00e1rios redentoristas Alan e Yan, o di\u00e1cono Frei Gabriel Dellandrea, e o presidente da celebra\u00e7\u00e3o, Frei Paulo. Acolheu os devotos de Frei Galv\u00e3o presentes no Santu\u00e1rio e os que acompanharam pela Rede Aparecida de Comunica\u00e7\u00e3o, que transmitiu esta Santa Missa. Frei Leandro Costa foi o comentarista.<\/p>\n<p><img loading=\"lazy\" class=\"alignnone size-full wp-image-240592\" src=\"https:\/\/franciscanos.org.br\/noticias\/wp-content\/uploads\/2022\/10\/paulo_01-1.jpg\" alt=\"\" width=\"1280\" height=\"720\" srcset=\"https:\/\/franciscanos.org.br\/noticias\/wp-content\/uploads\/2022\/10\/paulo_01-1.jpg 1280w, https:\/\/franciscanos.org.br\/noticias\/wp-content\/uploads\/2022\/10\/paulo_01-1-450x253.jpg 450w, https:\/\/franciscanos.org.br\/noticias\/wp-content\/uploads\/2022\/10\/paulo_01-1-1024x576.jpg 1024w, https:\/\/franciscanos.org.br\/noticias\/wp-content\/uploads\/2022\/10\/paulo_01-1-768x432.jpg 768w, https:\/\/franciscanos.org.br\/noticias\/wp-content\/uploads\/2022\/10\/paulo_01-1-150x84.jpg 150w\" sizes=\"(max-width: 1280px) 100vw, 1280px\" \/><\/p>\n<p>Frei Paulo contou que assim que foi convidado para celebrar hoje, tomou conhecendo do cartaz e do tema principal da Festa deste ano: &#8220;\u00c9 morrendo que se vive para a vida eterna&#8221;. &#8220;Celebramos, neste ano, os 200 anos da morte de S\u00e3o Frei Galv\u00e3o. Para n\u00f3s que cremos, a morte \u00e9 o complemento da exist\u00eancia. N\u00f3s, criaturas, temos desde o nosso nascimento a marca da finitude, da fragilidade. O criador, infinito; a criatura, finita. Mas em n\u00f3s habita o esp\u00edrito do Senhor que nos move, e nossa fragilidade \u00e9 suplantada pela fortaleza de Deus, pelo vigor de Deus&#8221;, situou.<\/p>\n<p><img loading=\"lazy\" class=\"alignnone size-full wp-image-240593\" src=\"https:\/\/franciscanos.org.br\/noticias\/wp-content\/uploads\/2022\/10\/paulo_05-1.jpg\" alt=\"\" width=\"1280\" height=\"823\" srcset=\"https:\/\/franciscanos.org.br\/noticias\/wp-content\/uploads\/2022\/10\/paulo_05-1.jpg 1280w, https:\/\/franciscanos.org.br\/noticias\/wp-content\/uploads\/2022\/10\/paulo_05-1-450x289.jpg 450w, https:\/\/franciscanos.org.br\/noticias\/wp-content\/uploads\/2022\/10\/paulo_05-1-1024x658.jpg 1024w, https:\/\/franciscanos.org.br\/noticias\/wp-content\/uploads\/2022\/10\/paulo_05-1-768x494.jpg 768w, https:\/\/franciscanos.org.br\/noticias\/wp-content\/uploads\/2022\/10\/paulo_05-1-150x96.jpg 150w\" sizes=\"(max-width: 1280px) 100vw, 1280px\" \/><\/p>\n<p>Para o Ministro Provincial, cada vez que, com maior intensidade, busca-se o vigor do Senhor, busca-se estar na presen\u00e7a do Senhor, ouvir a sua Palavra, servir ao Senhor, ent\u00e3o nos revestimos de infinito. &#8220;Nossa alma tem gosto de c\u00e9u, por isso morremos, \u00e9 verdade, passamos por este mundo, mas constru\u00edmos aqui na terra um caminho vigoroso para estar no c\u00e9u. Deus plantou no nosso cora\u00e7\u00e3o, muito antes de n\u00f3s nascermos, o desejo de ser c\u00e9u. N\u00f3s queremos ser c\u00e9u. N\u00f3s queremos ser de Deus, viver em Deus, morrendo vivemos para a vida eterna&#8221;, acrescentou, dizendo que queremos encher nossos olhos de eternidade para n\u00e3o desanimarmos.<\/p>\n<p>&#8220;Vemos tanta finitude, tanto limite e tanta desventura, tanta desgra\u00e7a e se n\u00f3s n\u00e3o tivermos nossos olhos fixos no Senhor, ent\u00e3o nossa caminhada ser\u00e1 marcada pelo des\u00e2nimo, pela desesperan\u00e7a. Mas n\u00f3s sabemos: Deus nos sustenta, Deus nos revigora, Deus nos santifica, por isso rezamos: \u00c9 morrendo que se vive para a vida eterna&#8221;, complementou.<\/p>\n\n\t\t<style type=\"text\/css\">\n\t\t\t#gallery-1 {\n\t\t\t\tmargin: auto;\n\t\t\t}\n\t\t\t#gallery-1 .gallery-item {\n\t\t\t\tfloat: left;\n\t\t\t\tmargin-top: 10px;\n\t\t\t\ttext-align: center;\n\t\t\t\twidth: 33%;\n\t\t\t}\n\t\t\t#gallery-1 img {\n\t\t\t\tborder: 2px solid #cfcfcf;\n\t\t\t}\n\t\t\t#gallery-1 .gallery-caption {\n\t\t\t\tmargin-left: 0;\n\t\t\t}\n\t\t\t\/* see gallery_shortcode() in wp-includes\/media.php *\/\n\t\t<\/style>\n\t\t<div id='gallery-1' class='gallery galleryid-240590 gallery-columns-3 gallery-size-thumbnail'><dl class='gallery-item'>\n\t\t\t<dt class='gallery-icon landscape'>\n\t\t\t\t<a href='https:\/\/franciscanos.org.br\/noticias\/wp-content\/uploads\/2022\/10\/paulo_16.jpg'><img width=\"300\" height=\"300\" src=\"https:\/\/franciscanos.org.br\/noticias\/wp-content\/uploads\/2022\/10\/paulo_16-300x300.jpg\" class=\"attachment-thumbnail size-thumbnail\" alt=\"\" loading=\"lazy\" srcset=\"https:\/\/franciscanos.org.br\/noticias\/wp-content\/uploads\/2022\/10\/paulo_16-300x300.jpg 300w, https:\/\/franciscanos.org.br\/noticias\/wp-content\/uploads\/2022\/10\/paulo_16-100x100.jpg 100w\" sizes=\"(max-width: 300px) 100vw, 300px\" \/><\/a>\n\t\t\t<\/dt><\/dl><dl class='gallery-item'>\n\t\t\t<dt class='gallery-icon landscape'>\n\t\t\t\t<a href='https:\/\/franciscanos.org.br\/noticias\/wp-content\/uploads\/2022\/10\/paulo_17.jpg'><img width=\"300\" height=\"300\" src=\"https:\/\/franciscanos.org.br\/noticias\/wp-content\/uploads\/2022\/10\/paulo_17-300x300.jpg\" class=\"attachment-thumbnail size-thumbnail\" alt=\"\" loading=\"lazy\" srcset=\"https:\/\/franciscanos.org.br\/noticias\/wp-content\/uploads\/2022\/10\/paulo_17-300x300.jpg 300w, https:\/\/franciscanos.org.br\/noticias\/wp-content\/uploads\/2022\/10\/paulo_17-100x100.jpg 100w\" sizes=\"(max-width: 300px) 100vw, 300px\" \/><\/a>\n\t\t\t<\/dt><\/dl><dl class='gallery-item'>\n\t\t\t<dt class='gallery-icon landscape'>\n\t\t\t\t<a href='https:\/\/franciscanos.org.br\/noticias\/wp-content\/uploads\/2022\/10\/paulo_18.jpg'><img width=\"300\" height=\"300\" src=\"https:\/\/franciscanos.org.br\/noticias\/wp-content\/uploads\/2022\/10\/paulo_18-300x300.jpg\" class=\"attachment-thumbnail size-thumbnail\" alt=\"\" loading=\"lazy\" srcset=\"https:\/\/franciscanos.org.br\/noticias\/wp-content\/uploads\/2022\/10\/paulo_18-300x300.jpg 300w, https:\/\/franciscanos.org.br\/noticias\/wp-content\/uploads\/2022\/10\/paulo_18-100x100.jpg 100w\" sizes=\"(max-width: 300px) 100vw, 300px\" \/><\/a>\n\t\t\t<\/dt><\/dl><br style=\"clear: both\" \/>\n\t\t<\/div>\n\n<p><em>\u00a0 \u00a0 \u00a0 \u00a0 \u00a0 \u00a0 \u00a0 \u00a0 \u00a0 \u00a0 \u00a0 \u00a0 \u00a0 \u00a0 \u00a0 \u00a0 \u00a0 \u00a0 \u00a0 \u00a0 \u00a0 \u00a0 \u00a0 \u00a0 \u00a0 \u00a0 \u00a0 \u00a0 \u00a0 \u00a0 \u00a0 \u00a0 \u00a0 \u00a0 \u00a0 \u00a0 \u00a0 \u00a0 \u00a0 \u00a0 \u00a0 \u00a0 \u00a0 \u00a0 (toque nas imagens para ampli\u00e1-las)<\/em><\/p>\n<p>Frei Paulo, ent\u00e3o, fez alguns questionamentos: Viemos celebrar Frei Galv\u00e3o, mas o que viemos de fato fazer aqui? Exaltar as virtudes de um homem que passou por essas terras, nascido aqui no Vale da F\u00e9, nascido aqui entre n\u00f3s, nosso parente, bem pr\u00f3ximo de n\u00f3s, viemos exaltar as suas virtudes, viemos aqui tecer elogios aos seus milagres, aos seus portentos? Se for s\u00f3 isso, a nossa vinda aqui n\u00e3o ser\u00e1 frutuosa. N\u00f3s podemos, sim, exaltar as virtudes de S\u00e3o Frei Galv\u00e3o, mas sobretudo ouvindo os apelos que a Igreja faz quando nos apresenta os santos. Eles s\u00e3o nossos intercessores. N\u00f3s podemos louv\u00e1-los, bendiz\u00ea-los, podemos, e \u00e9 bom que fa\u00e7amos isso. Mas eles s\u00e3o colocados diante de n\u00f3s, sobretudo, para serem nossos exemplos&#8221;, ensinou.<\/p>\n<p>Segundo Frei Paulo, \u00e9 bom que se tenha um santo bem &#8220;pertinho de n\u00f3s!&#8221;, assim como suas virtudes para cultiv\u00e1-las no dia a dia. Para ele, na tradi\u00e7\u00e3o franciscana essa proximidade pode ser vista em S\u00e3o Benedito e Santo Ant\u00f4nio. Qual cozinha aqui n\u00e3o tem um S\u00e3o Benedito? \u00c9 o santo das nossas cozinhas, tamanha intimidade. E com Santo Ant\u00f4nio, ent\u00e3o? Com Santo Ant\u00f4nio a gente fala coisas que nem falamos para os parentes&#8221;, exemplificou.<\/p>\n<p><img loading=\"lazy\" class=\"alignnone size-full wp-image-240597\" src=\"https:\/\/franciscanos.org.br\/noticias\/wp-content\/uploads\/2022\/10\/paulo_11.jpg\" alt=\"\" width=\"1280\" height=\"960\" srcset=\"https:\/\/franciscanos.org.br\/noticias\/wp-content\/uploads\/2022\/10\/paulo_11.jpg 1280w, https:\/\/franciscanos.org.br\/noticias\/wp-content\/uploads\/2022\/10\/paulo_11-450x338.jpg 450w, https:\/\/franciscanos.org.br\/noticias\/wp-content\/uploads\/2022\/10\/paulo_11-1024x768.jpg 1024w, https:\/\/franciscanos.org.br\/noticias\/wp-content\/uploads\/2022\/10\/paulo_11-768x576.jpg 768w, https:\/\/franciscanos.org.br\/noticias\/wp-content\/uploads\/2022\/10\/paulo_11-150x113.jpg 150w, https:\/\/franciscanos.org.br\/noticias\/wp-content\/uploads\/2022\/10\/paulo_11-600x450.jpg 600w\" sizes=\"(max-width: 1280px) 100vw, 1280px\" \/><\/p>\n<p>Para Frei Paulo, essa intimidade muito grande enche de orgulho o povo do Vale do Para\u00edba. &#8220;\u00c9 festa da santidade da fam\u00edlia do Vale do Para\u00edba. Olha que presente bonito o c\u00e9u nos deu! Um santo que andou por aqui, mostrando que \u00e9 poss\u00edvel, e mais do que poss\u00edvel \u00e9 necess\u00e1rio cultivar a santidade. \u00c9 infeliz aquele que olha para o santo como se j\u00e1 tivesse nascido pronto. N\u00e3o, o santo n\u00e3o nasce pronto. \u00c9 no dia a dia, na nossa caminhada di\u00e1ria, nas nossas lutas di\u00e1rias, nas nossas escolhas, do jeito que a gente escolhe viver, do jeito que a gente escolhe ser presen\u00e7a de Deus. \u00c9 ali que a santidade vai se construindo, uma santidade poss\u00edvel e, mais do que isso, uma santidade necess\u00e1ria&#8221;, explicou o frade.<\/p>\n<p>Segundo o celebrante, o mundo carece de gente santa, mas n\u00e3o com coisas estupendas, maravilhosas, extraordin\u00e1rias. &#8220;Santo do dia a dia. Santo no jeito de olhar, de acolher, de dividir, no jeito de partilhar, no jeito de perdoar, no jeito de amar. Voc\u00ea j\u00e1 est\u00e1 pensando: como posso ser santo l\u00e1 na minha casa? Como \u00e9 que eu posso ser santo l\u00e1 entre os meus vizinhos, l\u00e1 no meu grupo de W<em>hatsapp<\/em>?\u00a0 Mas tamb\u00e9m evidentemente se n\u00f3s esperarmos ser santos s\u00f3 nas coisas muito extraordin\u00e1rias, ent\u00e3o n\u00f3s vamos jogar fora mais da metade do nosso tempo. N\u00e3o podemos perder a oportunidade de santidade nas pequenas coisas&#8221;, frisou.<\/p>\n<p><img loading=\"lazy\" class=\"alignnone size-full wp-image-240599\" src=\"https:\/\/franciscanos.org.br\/noticias\/wp-content\/uploads\/2022\/10\/paulo_20.jpg\" alt=\"\" width=\"1280\" height=\"960\" srcset=\"https:\/\/franciscanos.org.br\/noticias\/wp-content\/uploads\/2022\/10\/paulo_20.jpg 1280w, https:\/\/franciscanos.org.br\/noticias\/wp-content\/uploads\/2022\/10\/paulo_20-450x338.jpg 450w, https:\/\/franciscanos.org.br\/noticias\/wp-content\/uploads\/2022\/10\/paulo_20-1024x768.jpg 1024w, https:\/\/franciscanos.org.br\/noticias\/wp-content\/uploads\/2022\/10\/paulo_20-768x576.jpg 768w, https:\/\/franciscanos.org.br\/noticias\/wp-content\/uploads\/2022\/10\/paulo_20-150x113.jpg 150w, https:\/\/franciscanos.org.br\/noticias\/wp-content\/uploads\/2022\/10\/paulo_20-600x450.jpg 600w\" sizes=\"(max-width: 1280px) 100vw, 1280px\" \/><\/p>\n<p>Frei Paulo falou de alguns sinais que chamam a aten\u00e7\u00e3o no cartaz da Festa de Frei Galv\u00e3o, como a Eucaristia, que sustenta homens e mulheres que desejam ser santos. &#8220;A Eucaristia \u00e9 sacramento da vida. Aquela Eucaristia que celebramos uma vez por semana e aquela Eucaristia do p\u00e3o partilhado no dia a dia. A Missa termina, come\u00e7a a miss\u00e3o. Isso santifica a gente&#8221;, disse.<\/p>\n<p>Outros sinais s\u00e3o a vela; o s\u00edmbolo dos eleitos, o Tau franciscano; e o sol. &#8220;O sol tem li\u00e7\u00f5es bel\u00edssimas. Quando tudo parece escuro, quando tudo parece dif\u00edcil e a noite densa nos abate, n\u00f3s sabemos que o sol foi se embora, que se deitou atr\u00e1s da Mantiqueira, l\u00e1 em Minas Gerais, mas amanh\u00e3 ele voltar\u00e1. O sol \u00e9 sinal da nossa esperan\u00e7a, porque ele voltar\u00e1. Portanto, meu irm\u00e3o e minha irm\u00e3, se a vida, \u00e0s vezes, apresentar sofrimento e tudo parecer escurid\u00e3o, lembre-se: o sol foi dormir em Minas, atr\u00e1s da Mantiqueira, mas amanh\u00e3 ele voltar\u00e1. Nos encher\u00e1 de novo vigor, vai clarificar, vai dar luz nova, novo vigor aos nossos passos&#8221;, esperan\u00e7ou Frei Paulo.<\/p>\n<p><img loading=\"lazy\" class=\"alignnone size-full wp-image-240608\" src=\"https:\/\/franciscanos.org.br\/noticias\/wp-content\/uploads\/2022\/10\/paulo_22.jpg\" alt=\"\" width=\"1280\" height=\"1707\" srcset=\"https:\/\/franciscanos.org.br\/noticias\/wp-content\/uploads\/2022\/10\/paulo_22.jpg 810w, https:\/\/franciscanos.org.br\/noticias\/wp-content\/uploads\/2022\/10\/paulo_22-337x450.jpg 337w, https:\/\/franciscanos.org.br\/noticias\/wp-content\/uploads\/2022\/10\/paulo_22-768x1024.jpg 768w, https:\/\/franciscanos.org.br\/noticias\/wp-content\/uploads\/2022\/10\/paulo_22-1152x1536.jpg 1152w, https:\/\/franciscanos.org.br\/noticias\/wp-content\/uploads\/2022\/10\/paulo_22-150x200.jpg 150w\" sizes=\"(max-width: 1280px) 100vw, 1280px\" \/><\/p>\n\n\t\t<style type=\"text\/css\">\n\t\t\t#gallery-2 {\n\t\t\t\tmargin: auto;\n\t\t\t}\n\t\t\t#gallery-2 .gallery-item {\n\t\t\t\tfloat: left;\n\t\t\t\tmargin-top: 10px;\n\t\t\t\ttext-align: center;\n\t\t\t\twidth: 12%;\n\t\t\t}\n\t\t\t#gallery-2 img {\n\t\t\t\tborder: 2px solid #cfcfcf;\n\t\t\t}\n\t\t\t#gallery-2 .gallery-caption {\n\t\t\t\tmargin-left: 0;\n\t\t\t}\n\t\t\t\/* see gallery_shortcode() in wp-includes\/media.php *\/\n\t\t<\/style>\n\t\t<div id='gallery-2' class='gallery galleryid-240590 gallery-columns-8 gallery-size-thumbnail'><dl class='gallery-item'>\n\t\t\t<dt class='gallery-icon landscape'>\n\t\t\t\t<a href='https:\/\/franciscanos.org.br\/noticias\/wp-content\/uploads\/2022\/10\/paulo_19.jpg'><img width=\"300\" height=\"300\" src=\"https:\/\/franciscanos.org.br\/noticias\/wp-content\/uploads\/2022\/10\/paulo_19-300x300.jpg\" class=\"attachment-thumbnail size-thumbnail\" alt=\"\" loading=\"lazy\" srcset=\"https:\/\/franciscanos.org.br\/noticias\/wp-content\/uploads\/2022\/10\/paulo_19-300x300.jpg 300w, https:\/\/franciscanos.org.br\/noticias\/wp-content\/uploads\/2022\/10\/paulo_19-100x100.jpg 100w\" sizes=\"(max-width: 300px) 100vw, 300px\" \/><\/a>\n\t\t\t<\/dt><\/dl><dl class='gallery-item'>\n\t\t\t<dt class='gallery-icon landscape'>\n\t\t\t\t<a href='https:\/\/franciscanos.org.br\/noticias\/wp-content\/uploads\/2022\/10\/paulo_18-1.jpg'><img width=\"300\" height=\"300\" src=\"https:\/\/franciscanos.org.br\/noticias\/wp-content\/uploads\/2022\/10\/paulo_18-1-300x300.jpg\" class=\"attachment-thumbnail size-thumbnail\" alt=\"\" loading=\"lazy\" srcset=\"https:\/\/franciscanos.org.br\/noticias\/wp-content\/uploads\/2022\/10\/paulo_18-1-300x300.jpg 300w, https:\/\/franciscanos.org.br\/noticias\/wp-content\/uploads\/2022\/10\/paulo_18-1-100x100.jpg 100w\" sizes=\"(max-width: 300px) 100vw, 300px\" \/><\/a>\n\t\t\t<\/dt><\/dl><dl class='gallery-item'>\n\t\t\t<dt class='gallery-icon landscape'>\n\t\t\t\t<a href='https:\/\/franciscanos.org.br\/noticias\/wp-content\/uploads\/2022\/10\/paulo_13.jpg'><img width=\"300\" height=\"300\" src=\"https:\/\/franciscanos.org.br\/noticias\/wp-content\/uploads\/2022\/10\/paulo_13-300x300.jpg\" class=\"attachment-thumbnail size-thumbnail\" alt=\"\" loading=\"lazy\" srcset=\"https:\/\/franciscanos.org.br\/noticias\/wp-content\/uploads\/2022\/10\/paulo_13-300x300.jpg 300w, https:\/\/franciscanos.org.br\/noticias\/wp-content\/uploads\/2022\/10\/paulo_13-100x100.jpg 100w\" sizes=\"(max-width: 300px) 100vw, 300px\" \/><\/a>\n\t\t\t<\/dt><\/dl><dl class='gallery-item'>\n\t\t\t<dt class='gallery-icon landscape'>\n\t\t\t\t<a href='https:\/\/franciscanos.org.br\/noticias\/wp-content\/uploads\/2022\/10\/paulo_09.jpg'><img width=\"300\" height=\"300\" src=\"https:\/\/franciscanos.org.br\/noticias\/wp-content\/uploads\/2022\/10\/paulo_09-300x300.jpg\" class=\"attachment-thumbnail size-thumbnail\" alt=\"\" loading=\"lazy\" srcset=\"https:\/\/franciscanos.org.br\/noticias\/wp-content\/uploads\/2022\/10\/paulo_09-300x300.jpg 300w, https:\/\/franciscanos.org.br\/noticias\/wp-content\/uploads\/2022\/10\/paulo_09-100x100.jpg 100w\" sizes=\"(max-width: 300px) 100vw, 300px\" \/><\/a>\n\t\t\t<\/dt><\/dl><dl class='gallery-item'>\n\t\t\t<dt class='gallery-icon landscape'>\n\t\t\t\t<a href='https:\/\/franciscanos.org.br\/noticias\/wp-content\/uploads\/2022\/10\/paulo_07.jpg'><img width=\"300\" height=\"300\" src=\"https:\/\/franciscanos.org.br\/noticias\/wp-content\/uploads\/2022\/10\/paulo_07-300x300.jpg\" class=\"attachment-thumbnail size-thumbnail\" alt=\"\" loading=\"lazy\" srcset=\"https:\/\/franciscanos.org.br\/noticias\/wp-content\/uploads\/2022\/10\/paulo_07-300x300.jpg 300w, https:\/\/franciscanos.org.br\/noticias\/wp-content\/uploads\/2022\/10\/paulo_07-100x100.jpg 100w\" sizes=\"(max-width: 300px) 100vw, 300px\" \/><\/a>\n\t\t\t<\/dt><\/dl><dl class='gallery-item'>\n\t\t\t<dt class='gallery-icon landscape'>\n\t\t\t\t<a href='https:\/\/franciscanos.org.br\/noticias\/wp-content\/uploads\/2022\/10\/paulo_06.jpg'><img width=\"300\" height=\"300\" src=\"https:\/\/franciscanos.org.br\/noticias\/wp-content\/uploads\/2022\/10\/paulo_06-300x300.jpg\" class=\"attachment-thumbnail size-thumbnail\" alt=\"\" loading=\"lazy\" srcset=\"https:\/\/franciscanos.org.br\/noticias\/wp-content\/uploads\/2022\/10\/paulo_06-300x300.jpg 300w, https:\/\/franciscanos.org.br\/noticias\/wp-content\/uploads\/2022\/10\/paulo_06-100x100.jpg 100w\" sizes=\"(max-width: 300px) 100vw, 300px\" \/><\/a>\n\t\t\t<\/dt><\/dl><dl class='gallery-item'>\n\t\t\t<dt class='gallery-icon landscape'>\n\t\t\t\t<a href='https:\/\/franciscanos.org.br\/noticias\/wp-content\/uploads\/2022\/10\/paulo_03-1.jpg'><img width=\"300\" height=\"300\" src=\"https:\/\/franciscanos.org.br\/noticias\/wp-content\/uploads\/2022\/10\/paulo_03-1-300x300.jpg\" class=\"attachment-thumbnail size-thumbnail\" alt=\"\" loading=\"lazy\" srcset=\"https:\/\/franciscanos.org.br\/noticias\/wp-content\/uploads\/2022\/10\/paulo_03-1-300x300.jpg 300w, https:\/\/franciscanos.org.br\/noticias\/wp-content\/uploads\/2022\/10\/paulo_03-1-100x100.jpg 100w\" sizes=\"(max-width: 300px) 100vw, 300px\" \/><\/a>\n\t\t\t<\/dt><\/dl><dl class='gallery-item'>\n\t\t\t<dt class='gallery-icon landscape'>\n\t\t\t\t<a href='https:\/\/franciscanos.org.br\/noticias\/wp-content\/uploads\/2022\/10\/paulo_02.jpg'><img width=\"300\" height=\"300\" src=\"https:\/\/franciscanos.org.br\/noticias\/wp-content\/uploads\/2022\/10\/paulo_02-300x300.jpg\" class=\"attachment-thumbnail size-thumbnail\" alt=\"\" loading=\"lazy\" srcset=\"https:\/\/franciscanos.org.br\/noticias\/wp-content\/uploads\/2022\/10\/paulo_02-300x300.jpg 300w, https:\/\/franciscanos.org.br\/noticias\/wp-content\/uploads\/2022\/10\/paulo_02-100x100.jpg 100w\" sizes=\"(max-width: 300px) 100vw, 300px\" \/><\/a>\n\t\t\t<\/dt><\/dl><br style=\"clear: both\" \/>\n\t\t<\/div>\n\n<p><em>\u00a0 \u00a0 \u00a0 \u00a0 \u00a0 \u00a0 \u00a0 \u00a0 \u00a0 \u00a0 \u00a0 \u00a0 \u00a0 \u00a0 \u00a0 \u00a0 \u00a0 \u00a0 \u00a0 \u00a0 \u00a0 \u00a0 \u00a0 \u00a0 \u00a0 \u00a0 \u00a0 \u00a0 \u00a0 \u00a0 \u00a0 \u00a0 \u00a0 \u00a0 \u00a0 \u00a0 \u00a0 \u00a0 \u00a0 (toque nas imagens para ampli\u00e1-las)<\/em><\/p>\n<p>&#8220;Vivemos tempos tenebrosos, vivemos tempos sombrios, tempos cinzentos, irreconhec\u00edveis, vivemos tempos muito dif\u00edceis. As pessoas v\u00e3o se revelando de uma forma que n\u00f3s nunca imagin\u00e1vamos! Quem veria tanta agressividade, tanta viol\u00eancia, tanto desd\u00e9m, tanto desrespeito! Mas eu julgava aquela pessoa t\u00e3o boa, rezava comigo o ter\u00e7o na semana. E agora s\u00f3 destila \u00f3dio, desprezo. O que ser\u00e1 que est\u00e1 acontecendo? O sol brilhar\u00e1. \u00c9 um tempo de trevas, mas temos certeza que o sol brilhar\u00e1. Morrendo ele vive e nos revive, nos revigora, nos reanima. Vai passar, a escurid\u00e3o vai passar&#8221;, animou o frade.<\/p>\n<p>Ao celebrar em Frei Galv\u00e3o a santidade do primeiro santo nascido no Brasil, Frei Paulo pediu a ele &#8220;que encha nosso cora\u00e7\u00e3o de fogo, de brasa, que ardamos em amor um para outro, que ardamos em caridade, em cuidado, em aten\u00e7\u00e3o, em rever\u00eancia, em respeito. Brasileiros, brasis, brasa, vigor. \u00c9 isso que viemos celebrar. \u00c9 isso que nos trouxe at\u00e9 aqui. \u00c9 isso que daqui queremos levar por intercess\u00e3o de nosso parente, t\u00e3o pr\u00f3ximo de n\u00f3s, Frei Galv\u00e3o&#8221;.<br \/>\n<img loading=\"lazy\" class=\"alignnone size-full wp-image-240598\" src=\"https:\/\/franciscanos.org.br\/noticias\/wp-content\/uploads\/2022\/10\/paulo_23.jpg\" alt=\"\" width=\"1280\" height=\"853\" srcset=\"https:\/\/franciscanos.org.br\/noticias\/wp-content\/uploads\/2022\/10\/paulo_23.jpg 1280w, https:\/\/franciscanos.org.br\/noticias\/wp-content\/uploads\/2022\/10\/paulo_23-450x300.jpg 450w, https:\/\/franciscanos.org.br\/noticias\/wp-content\/uploads\/2022\/10\/paulo_23-1024x682.jpg 1024w, https:\/\/franciscanos.org.br\/noticias\/wp-content\/uploads\/2022\/10\/paulo_23-768x512.jpg 768w, https:\/\/franciscanos.org.br\/noticias\/wp-content\/uploads\/2022\/10\/paulo_23-150x100.jpg 150w\" sizes=\"(max-width: 1280px) 100vw, 1280px\" \/><\/p>\n<p><strong>\u00a0<\/strong><strong>MISSA DA ALVORADA<\/strong><\/p>\n<p>Na primeira Missa celebrada nesta ter\u00e7a-feira (25), \u00e0s 6h, Frei Roberto Ishara destacou que o desejo de Frei Galv\u00e3o era que as pessoas praticassem obras de amor. &#8220;Sejamos pedreiros do amor, assim como Frei Galv\u00e3o. O Reino de Deus \u00e9 edificado atrav\u00e9s dos pequenos gestos. Por isso, valorizemos as pequenas atitudes, a fim de construirmos um mundo melhor&#8221;, afirmou. Segundo ele, ao distribuir as p\u00edlulas de Frei Galv\u00e3o, o santo n\u00e3o desejava que elas fossem um rem\u00e9dio, mas sim uma forma de Eucaristia, atrav\u00e9s da qual os devotos pudessem estar unidos a Nossa Senhora, para &#8220;comungar da pessoa do amor, das virtudes de Maria Sant\u00edssima&#8221;, afirmou o frade.<\/p>\n<hr \/>\n<p><em>Equipe de Comunica\u00e7\u00e3o do Santu\u00e1rio Frei Galv\u00e3o<\/em><\/p>\n","protected":false},"excerpt":{"rendered":"<p>Festa de Frei Galv\u00e3o 2022<\/p>\n","protected":false},"author":3,"featured_media":240591,"comment_status":"open","ping_status":"open","sticky":false,"template":"","format":"standard","meta":[],"categories":[1],"tags":[2067],"acf":[],"yoast_head":"<!-- This site is optimized with the Yoast SEO plugin v19.2 - https:\/\/yoast.com\/wordpress\/plugins\/seo\/ -->\n<title>Frei Paulo: &quot;Os santos s\u00e3o colocados diante de n\u00f3s para serem nossos exemplos&quot; - Not\u00edcias - Franciscanos<\/title>\n<meta name=\"robots\" content=\"index, follow, max-snippet:-1, max-image-preview:large, max-video-preview:-1\" \/>\n<link rel=\"canonical\" href=\"https:\/\/franciscanos.org.br\/noticias\/frei-paulo-os-santos-sao-colocados-diante-de-nos-para-serem-nossos-exemplos.html\" \/>\n<meta property=\"og:locale\" content=\"pt_BR\" \/>\n<meta property=\"og:type\" content=\"article\" \/>\n<meta property=\"og:title\" content=\"Frei Paulo: &quot;Os santos s\u00e3o colocados diante de n\u00f3s para serem nossos exemplos&quot; - Not\u00edcias - Franciscanos\" \/>\n<meta property=\"og:description\" content=\"Festa de Frei Galv\u00e3o 2022\" \/>\n<meta property=\"og:url\" content=\"https:\/\/franciscanos.org.br\/noticias\/frei-paulo-os-santos-sao-colocados-diante-de-nos-para-serem-nossos-exemplos.html\" \/>\n<meta property=\"og:site_name\" content=\"Not\u00edcias - Franciscanos\" \/>\n<meta property=\"article:published_time\" content=\"2022-10-25T17:19:54+00:00\" \/>\n<meta property=\"article:modified_time\" content=\"2022-11-04T14:08:47+00:00\" \/>\n<meta property=\"og:image\" content=\"https:\/\/franciscanos.org.br\/noticias\/wp-content\/uploads\/2022\/10\/paulo_21.jpg\" \/>\n\t<meta property=\"og:image:width\" content=\"1280\" \/>\n\t<meta property=\"og:image:height\" content=\"720\" \/>\n\t<meta property=\"og:image:type\" content=\"image\/jpeg\" \/>\n<meta name=\"author\" content=\"moacir\" \/>\n<meta name=\"twitter:card\" content=\"summary_large_image\" \/>\n<meta name=\"twitter:label1\" content=\"Escrito por\" \/>\n\t<meta name=\"twitter:data1\" content=\"moacir\" \/>\n\t<meta name=\"twitter:label2\" content=\"Est. tempo de leitura\" \/>\n\t<meta name=\"twitter:data2\" content=\"7 minutos\" \/>\n<script type=\"application\/ld+json\" class=\"yoast-schema-graph\">{\"@context\":\"https:\/\/schema.org\",\"@graph\":[{\"@type\":\"WebSite\",\"@id\":\"https:\/\/franciscanos.org.br\/noticias\/#website\",\"url\":\"https:\/\/franciscanos.org.br\/noticias\/\",\"name\":\"Not\u00edcias - Franciscanos\",\"description\":\"Prov\u00edncia Franciscana da Imaculada Concei\u00e7\u00e3o do Brasil - Ordem dos Frades Menores - OFM\",\"potentialAction\":[{\"@type\":\"SearchAction\",\"target\":{\"@type\":\"EntryPoint\",\"urlTemplate\":\"https:\/\/franciscanos.org.br\/noticias\/?s={search_term_string}\"},\"query-input\":\"required name=search_term_string\"}],\"inLanguage\":\"pt-BR\"},{\"@type\":\"ImageObject\",\"inLanguage\":\"pt-BR\",\"@id\":\"https:\/\/franciscanos.org.br\/noticias\/frei-paulo-os-santos-sao-colocados-diante-de-nos-para-serem-nossos-exemplos.html#primaryimage\",\"url\":\"https:\/\/franciscanos.org.br\/noticias\/wp-content\/uploads\/2022\/10\/paulo_21.jpg\",\"contentUrl\":\"https:\/\/franciscanos.org.br\/noticias\/wp-content\/uploads\/2022\/10\/paulo_21.jpg\",\"width\":1280,\"height\":720},{\"@type\":\"WebPage\",\"@id\":\"https:\/\/franciscanos.org.br\/noticias\/frei-paulo-os-santos-sao-colocados-diante-de-nos-para-serem-nossos-exemplos.html#webpage\",\"url\":\"https:\/\/franciscanos.org.br\/noticias\/frei-paulo-os-santos-sao-colocados-diante-de-nos-para-serem-nossos-exemplos.html\",\"name\":\"Frei Paulo: \\\"Os santos s\u00e3o colocados diante de n\u00f3s para serem nossos exemplos\\\" - Not\u00edcias - Franciscanos\",\"isPartOf\":{\"@id\":\"https:\/\/franciscanos.org.br\/noticias\/#website\"},\"primaryImageOfPage\":{\"@id\":\"https:\/\/franciscanos.org.br\/noticias\/frei-paulo-os-santos-sao-colocados-diante-de-nos-para-serem-nossos-exemplos.html#primaryimage\"},\"datePublished\":\"2022-10-25T17:19:54+00:00\",\"dateModified\":\"2022-11-04T14:08:47+00:00\",\"author\":{\"@id\":\"https:\/\/franciscanos.org.br\/noticias\/#\/schema\/person\/b5c8cba458c330ccff548b056e95a5d4\"},\"breadcrumb\":{\"@id\":\"https:\/\/franciscanos.org.br\/noticias\/frei-paulo-os-santos-sao-colocados-diante-de-nos-para-serem-nossos-exemplos.html#breadcrumb\"},\"inLanguage\":\"pt-BR\",\"potentialAction\":[{\"@type\":\"ReadAction\",\"target\":[\"https:\/\/franciscanos.org.br\/noticias\/frei-paulo-os-santos-sao-colocados-diante-de-nos-para-serem-nossos-exemplos.html\"]}]},{\"@type\":\"BreadcrumbList\",\"@id\":\"https:\/\/franciscanos.org.br\/noticias\/frei-paulo-os-santos-sao-colocados-diante-de-nos-para-serem-nossos-exemplos.html#breadcrumb\",\"itemListElement\":[{\"@type\":\"ListItem\",\"position\":1,\"name\":\"Home\",\"item\":\"https:\/\/franciscanos.org.br\/noticias\"},{\"@type\":\"ListItem\",\"position\":2,\"name\":\"Frei Paulo: &#8220;Os santos s\u00e3o colocados diante de n\u00f3s para serem nossos exemplos&#8221;\"}]},{\"@type\":\"Person\",\"@id\":\"https:\/\/franciscanos.org.br\/noticias\/#\/schema\/person\/b5c8cba458c330ccff548b056e95a5d4\",\"name\":\"moacir\",\"image\":{\"@type\":\"ImageObject\",\"inLanguage\":\"pt-BR\",\"@id\":\"https:\/\/franciscanos.org.br\/noticias\/#\/schema\/person\/image\/\",\"url\":\"https:\/\/secure.gravatar.com\/avatar\/d08aa2ce4c8dd416d4479aa8536fcf64?s=96&d=mm&r=g\",\"contentUrl\":\"https:\/\/secure.gravatar.com\/avatar\/d08aa2ce4c8dd416d4479aa8536fcf64?s=96&d=mm&r=g\",\"caption\":\"moacir\"},\"url\":\"https:\/\/franciscanos.org.br\/noticias\/author\/moacir\"}]}<\/script>\n<!-- \/ Yoast SEO plugin. -->","yoast_head_json":{"title":"Frei Paulo: \"Os santos s\u00e3o colocados diante de n\u00f3s para serem nossos exemplos\" - Not\u00edcias - Franciscanos","robots":{"index":"index","follow":"follow","max-snippet":"max-snippet:-1","max-image-preview":"max-image-preview:large","max-video-preview":"max-video-preview:-1"},"canonical":"https:\/\/franciscanos.org.br\/noticias\/frei-paulo-os-santos-sao-colocados-diante-de-nos-para-serem-nossos-exemplos.html","og_locale":"pt_BR","og_type":"article","og_title":"Frei Paulo: \"Os santos s\u00e3o colocados diante de n\u00f3s para serem nossos exemplos\" - Not\u00edcias - Franciscanos","og_description":"Festa de Frei Galv\u00e3o 2022","og_url":"https:\/\/franciscanos.org.br\/noticias\/frei-paulo-os-santos-sao-colocados-diante-de-nos-para-serem-nossos-exemplos.html","og_site_name":"Not\u00edcias - Franciscanos","article_published_time":"2022-10-25T17:19:54+00:00","article_modified_time":"2022-11-04T14:08:47+00:00","og_image":[{"width":1280,"height":720,"url":"https:\/\/franciscanos.org.br\/noticias\/wp-content\/uploads\/2022\/10\/paulo_21.jpg","type":"image\/jpeg"}],"author":"moacir","twitter_card":"summary_large_image","twitter_misc":{"Escrito por":"moacir","Est. tempo de leitura":"7 minutos"},"schema":{"@context":"https:\/\/schema.org","@graph":[{"@type":"WebSite","@id":"https:\/\/franciscanos.org.br\/noticias\/#website","url":"https:\/\/franciscanos.org.br\/noticias\/","name":"Not\u00edcias - Franciscanos","description":"Prov\u00edncia Franciscana da Imaculada Concei\u00e7\u00e3o do Brasil - Ordem dos Frades Menores - OFM","potentialAction":[{"@type":"SearchAction","target":{"@type":"EntryPoint","urlTemplate":"https:\/\/franciscanos.org.br\/noticias\/?s={search_term_string}"},"query-input":"required name=search_term_string"}],"inLanguage":"pt-BR"},{"@type":"ImageObject","inLanguage":"pt-BR","@id":"https:\/\/franciscanos.org.br\/noticias\/frei-paulo-os-santos-sao-colocados-diante-de-nos-para-serem-nossos-exemplos.html#primaryimage","url":"https:\/\/franciscanos.org.br\/noticias\/wp-content\/uploads\/2022\/10\/paulo_21.jpg","contentUrl":"https:\/\/franciscanos.org.br\/noticias\/wp-content\/uploads\/2022\/10\/paulo_21.jpg","width":1280,"height":720},{"@type":"WebPage","@id":"https:\/\/franciscanos.org.br\/noticias\/frei-paulo-os-santos-sao-colocados-diante-de-nos-para-serem-nossos-exemplos.html#webpage","url":"https:\/\/franciscanos.org.br\/noticias\/frei-paulo-os-santos-sao-colocados-diante-de-nos-para-serem-nossos-exemplos.html","name":"Frei Paulo: \"Os santos s\u00e3o colocados diante de n\u00f3s para serem nossos exemplos\" - Not\u00edcias - Franciscanos","isPartOf":{"@id":"https:\/\/franciscanos.org.br\/noticias\/#website"},"primaryImageOfPage":{"@id":"https:\/\/franciscanos.org.br\/noticias\/frei-paulo-os-santos-sao-colocados-diante-de-nos-para-serem-nossos-exemplos.html#primaryimage"},"datePublished":"2022-10-25T17:19:54+00:00","dateModified":"2022-11-04T14:08:47+00:00","author":{"@id":"https:\/\/franciscanos.org.br\/noticias\/#\/schema\/person\/b5c8cba458c330ccff548b056e95a5d4"},"breadcrumb":{"@id":"https:\/\/franciscanos.org.br\/noticias\/frei-paulo-os-santos-sao-colocados-diante-de-nos-para-serem-nossos-exemplos.html#breadcrumb"},"inLanguage":"pt-BR","potentialAction":[{"@type":"ReadAction","target":["https:\/\/franciscanos.org.br\/noticias\/frei-paulo-os-santos-sao-colocados-diante-de-nos-para-serem-nossos-exemplos.html"]}]},{"@type":"BreadcrumbList","@id":"https:\/\/franciscanos.org.br\/noticias\/frei-paulo-os-santos-sao-colocados-diante-de-nos-para-serem-nossos-exemplos.html#breadcrumb","itemListElement":[{"@type":"ListItem","position":1,"name":"Home","item":"https:\/\/franciscanos.org.br\/noticias"},{"@type":"ListItem","position":2,"name":"Frei Paulo: &#8220;Os santos s\u00e3o colocados diante de n\u00f3s para serem nossos exemplos&#8221;"}]},{"@type":"Person","@id":"https:\/\/franciscanos.org.br\/noticias\/#\/schema\/person\/b5c8cba458c330ccff548b056e95a5d4","name":"moacir","image":{"@type":"ImageObject","inLanguage":"pt-BR","@id":"https:\/\/franciscanos.org.br\/noticias\/#\/schema\/person\/image\/","url":"https:\/\/secure.gravatar.com\/avatar\/d08aa2ce4c8dd416d4479aa8536fcf64?s=96&d=mm&r=g","contentUrl":"https:\/\/secure.gravatar.com\/avatar\/d08aa2ce4c8dd416d4479aa8536fcf64?s=96&d=mm&r=g","caption":"moacir"},"url":"https:\/\/franciscanos.org.br\/noticias\/author\/moacir"}]}},"_links":{"self":[{"href":"https:\/\/franciscanos.org.br\/noticias\/wp-json\/wp\/v2\/posts\/240590"}],"collection":[{"href":"https:\/\/franciscanos.org.br\/noticias\/wp-json\/wp\/v2\/posts"}],"about":[{"href":"https:\/\/franciscanos.org.br\/noticias\/wp-json\/wp\/v2\/types\/post"}],"author":[{"embeddable":true,"href":"https:\/\/franciscanos.org.br\/noticias\/wp-json\/wp\/v2\/users\/3"}],"replies":[{"embeddable":true,"href":"https:\/\/franciscanos.org.br\/noticias\/wp-json\/wp\/v2\/comments?post=240590"}],"version-history":[{"count":6,"href":"https:\/\/franciscanos.org.br\/noticias\/wp-json\/wp\/v2\/posts\/240590\/revisions"}],"predecessor-version":[{"id":240730,"href":"https:\/\/franciscanos.org.br\/noticias\/wp-json\/wp\/v2\/posts\/240590\/revisions\/240730"}],"wp:featuredmedia":[{"embeddable":true,"href":"https:\/\/franciscanos.org.br\/noticias\/wp-json\/wp\/v2\/media\/240591"}],"wp:attachment":[{"href":"https:\/\/franciscanos.org.br\/noticias\/wp-json\/wp\/v2\/media?parent=240590"}],"wp:term":[{"taxonomy":"category","embeddable":true,"href":"https:\/\/franciscanos.org.br\/noticias\/wp-json\/wp\/v2\/categories?post=240590"},{"taxonomy":"post_tag","embeddable":true,"href":"https:\/\/franciscanos.org.br\/noticias\/wp-json\/wp\/v2\/tags?post=240590"}],"curies":[{"name":"wp","href":"https:\/\/api.w.org\/{rel}","templated":true}]}}