{"id":240584,"date":"2022-10-25T06:51:06","date_gmt":"2022-10-25T09:51:06","guid":{"rendered":"https:\/\/franciscanos.org.br\/noticias\/?p=240584"},"modified":"2022-10-25T06:55:25","modified_gmt":"2022-10-25T09:55:25","slug":"fraternidade-da-ofs-de-nilopolis-ganha-professa-novos-irmaos","status":"publish","type":"post","link":"https:\/\/franciscanos.org.br\/noticias\/fraternidade-da-ofs-de-nilopolis-ganha-professa-novos-irmaos.html","title":{"rendered":"Fraternidade da OFS de Nil\u00f3polis ganha novos irm\u00e3os"},"content":{"rendered":"<p><img loading=\"lazy\" class=\"alignnone size-full wp-image-240585\" src=\"https:\/\/franciscanos.org.br\/noticias\/wp-content\/uploads\/2022\/10\/ofs_01.jpg\" alt=\"\" width=\"1200\" height=\"900\" srcset=\"https:\/\/franciscanos.org.br\/noticias\/wp-content\/uploads\/2022\/10\/ofs_01.jpg 1200w, https:\/\/franciscanos.org.br\/noticias\/wp-content\/uploads\/2022\/10\/ofs_01-450x338.jpg 450w, https:\/\/franciscanos.org.br\/noticias\/wp-content\/uploads\/2022\/10\/ofs_01-1024x768.jpg 1024w, https:\/\/franciscanos.org.br\/noticias\/wp-content\/uploads\/2022\/10\/ofs_01-768x576.jpg 768w, https:\/\/franciscanos.org.br\/noticias\/wp-content\/uploads\/2022\/10\/ofs_01-150x113.jpg 150w, https:\/\/franciscanos.org.br\/noticias\/wp-content\/uploads\/2022\/10\/ofs_01-600x450.jpg 600w\" sizes=\"(max-width: 1200px) 100vw, 1200px\" \/><\/p>\n<p>&nbsp;<\/p>\n<p>A manh\u00e3 do \u00faltimo domingo foi de grande alegria e emo\u00e7\u00e3o para os franciscanos seculares da Fraternidade Nossa Senhora Aparecida de Nil\u00f3polis, Baixada Fluminense (RJ). A Fraternidade local celebrou com entusiasmo a profiss\u00e3o solene, na Ordem Franciscana Secular (OFS), dos irm\u00e3os Ant\u00f4nio Carlos Am\u00e2ncio da Concei\u00e7\u00e3o, Georgia Carla da Concei\u00e7\u00e3o de Assis, Maria Aparecida da Silva Oliveira, Maria de F\u00e1tima Alves de Melo e Victor Hugo Barbosa Lins, ocorrida durante a Santa Missa presidida pelo frei Carlos Alberto Guimar\u00e3es, OFM.<\/p>\n<p>A profiss\u00e3o contou ainda com a presen\u00e7a dos irm\u00e3os da Fraternidade Santo Ant\u00f4nio, de Duque de Caxias. No in\u00edcio da celebra\u00e7\u00e3o, Frei Guimar\u00e3es saudou a todos os franciscanos seculares presentes e, na sua homilia, explicou o sentido e a import\u00e2ncia da profiss\u00e3o definitiva dos irm\u00e3os da Ordem Franciscana Secular e o compromisso que assumem diante de Deus e da Igreja para o seguimento do carisma franciscano na OFS.<\/p>\n<p>Frei Guimar\u00e3es ressaltou que, desde \u00e0 \u00e9poca de S\u00e3o Francisco, o exemplo dos frades menores e das irm\u00e3s clarissas fizeram despertar em muitos leigos o desejo de viver o esp\u00edrito de pobreza, obedi\u00eancia e castidade, sobretudo, no trato com os irm\u00e3os, na vida em fraternidade e no servi\u00e7o a Igreja, levando com entusiasmo a Paz e o Bem ao mundo. Frei Guimar\u00e3es destacou que todos os leigos que desejarem seguir com perfei\u00e7\u00e3o o Evangelho encontram na OFS um lugar para seguir o exemplo e o carisma deixados pelo Ser\u00e1fico Pai S\u00e3o Francisco e por Santa Clara.<\/p>\n<p>O rito da profiss\u00e3o foi conduzido pelo ministro da Fraternidade, Jefferson Eduardo Machado, e teve como testemunha a irm\u00e3 Aline Milani, formadora da Fraternidade Santo Ant\u00f4nio de Duque de Caxias. A singeleza do rito de profiss\u00e3o e os s\u00edmbolos da voca\u00e7\u00e3o franciscana ofertados aos irm\u00e3os emocionaram toda os fi\u00e9is presentes que, no final, aplaudiram calorosamente os rec\u00e9m professos.<\/p>\n<p>Ap\u00f3s a celebra\u00e7\u00e3o da profiss\u00e3o solene, os irm\u00e3os se reuniram para festejar esse importante momento da vida em fraternidade, fortalecendo ainda mais os la\u00e7os fraternos entre os irm\u00e3os e visitantes.<strong>\u00a0<\/strong><\/p>\n<p><strong> <img loading=\"lazy\" class=\"alignnone wp-image-240586 size-full\" src=\"https:\/\/franciscanos.org.br\/noticias\/wp-content\/uploads\/2022\/10\/ofs_02.jpg\" alt=\"\" width=\"1200\" height=\"693\" srcset=\"https:\/\/franciscanos.org.br\/noticias\/wp-content\/uploads\/2022\/10\/ofs_02.jpg 1200w, https:\/\/franciscanos.org.br\/noticias\/wp-content\/uploads\/2022\/10\/ofs_02-450x260.jpg 450w, https:\/\/franciscanos.org.br\/noticias\/wp-content\/uploads\/2022\/10\/ofs_02-1024x591.jpg 1024w, https:\/\/franciscanos.org.br\/noticias\/wp-content\/uploads\/2022\/10\/ofs_02-768x444.jpg 768w, https:\/\/franciscanos.org.br\/noticias\/wp-content\/uploads\/2022\/10\/ofs_02-150x87.jpg 150w\" sizes=\"(max-width: 1200px) 100vw, 1200px\" \/><\/strong><\/p>\n<p><strong>Breve hist\u00f3ria da Ordem Franciscana Secular<\/strong><\/p>\n<p>A Ordem dos Frades Menores (OFM) nasceu em 1210, e a Ordem de Santa Clara (as Clarissas), em 1212. Foi tamb\u00e9m nessa \u00e9poca que nasceu a Ordem Franciscana Secular (OFS), tendo como ideal viver o Evangelho em todos os lugares onde se encontravam. Homens e mulheres, casados e solteiros, em meio \u00e0s fam\u00edlias, buscando viver o mesmo ideal que tanto atraiu Francisco de Assis. A Ordem foi aprovada pelo Papa Hon\u00f3rio III em 1221. Luqu\u00e9sio e Buonadona s\u00e3o considerados os primeiros franciscanos seculares que, segundo a tradi\u00e7\u00e3o, foi o primeiro casal que S\u00e3o Francisco aceitou na Ordem Secular daquele tempo.<\/p>\n<p>Hoje, mais do que nunca, os Franciscanos Seculares sentem-se comprometidos a viver o Evangelho cada dia e em toda circunst\u00e2ncia, segundo a pr\u00f3pria voca\u00e7\u00e3o e os dons recebidos. A OFS apresenta-se como uma experi\u00eancia de vida crist\u00e3, partilhada por mulheres e homens sem discrimina\u00e7\u00e3o, sendo hoje um verdadeiro ex\u00e9rcito franciscano de Deus espalhado por todo o mundo.<\/p>\n<p>\u201cA Ordem Franciscana Secular \u00e9 a mais antiga forma de organiza\u00e7\u00e3o de Leigos que, guiados pela Igreja, unidos em fraternidade e inspirando-se no ideal de S\u00e3o Francisco de Assis, se empenham em testemunhar com a vida o Evangelho de Jesus Cristo e se dedicam ao apostolado no estado laical\u201d. (S\u00e3o Jo\u00e3o Paulo II).<\/p>\n<hr \/>\n<p><em>Pela Fraternidade, Cl\u00e1udio Santos, OFS<\/em><\/p>\n","protected":false},"excerpt":{"rendered":"<p>OFS<\/p>\n","protected":false},"author":3,"featured_media":240585,"comment_status":"open","ping_status":"open","sticky":false,"template":"","format":"standard","meta":[],"categories":[1],"tags":[60],"acf":[],"yoast_head":"<!-- This site is optimized with the Yoast SEO plugin v19.2 - https:\/\/yoast.com\/wordpress\/plugins\/seo\/ -->\n<title>Fraternidade da OFS de Nil\u00f3polis ganha novos irm\u00e3os - Not\u00edcias - Franciscanos<\/title>\n<meta name=\"robots\" content=\"index, follow, max-snippet:-1, max-image-preview:large, max-video-preview:-1\" \/>\n<link rel=\"canonical\" href=\"https:\/\/franciscanos.org.br\/noticias\/fraternidade-da-ofs-de-nilopolis-ganha-professa-novos-irmaos.html\" \/>\n<meta property=\"og:locale\" content=\"pt_BR\" \/>\n<meta property=\"og:type\" content=\"article\" \/>\n<meta property=\"og:title\" content=\"Fraternidade da OFS de Nil\u00f3polis ganha novos irm\u00e3os - Not\u00edcias - Franciscanos\" \/>\n<meta property=\"og:description\" content=\"OFS\" \/>\n<meta property=\"og:url\" content=\"https:\/\/franciscanos.org.br\/noticias\/fraternidade-da-ofs-de-nilopolis-ganha-professa-novos-irmaos.html\" \/>\n<meta property=\"og:site_name\" content=\"Not\u00edcias - Franciscanos\" \/>\n<meta property=\"article:published_time\" content=\"2022-10-25T09:51:06+00:00\" \/>\n<meta property=\"article:modified_time\" content=\"2022-10-25T09:55:25+00:00\" \/>\n<meta property=\"og:image\" content=\"https:\/\/franciscanos.org.br\/noticias\/wp-content\/uploads\/2022\/10\/ofs_01.jpg\" \/>\n\t<meta property=\"og:image:width\" content=\"1200\" \/>\n\t<meta property=\"og:image:height\" content=\"900\" \/>\n\t<meta property=\"og:image:type\" content=\"image\/jpeg\" \/>\n<meta name=\"author\" content=\"moacir\" \/>\n<meta name=\"twitter:card\" content=\"summary_large_image\" \/>\n<meta name=\"twitter:label1\" content=\"Escrito por\" \/>\n\t<meta name=\"twitter:data1\" content=\"moacir\" \/>\n\t<meta name=\"twitter:label2\" content=\"Est. tempo de leitura\" \/>\n\t<meta name=\"twitter:data2\" content=\"3 minutos\" \/>\n<script type=\"application\/ld+json\" class=\"yoast-schema-graph\">{\"@context\":\"https:\/\/schema.org\",\"@graph\":[{\"@type\":\"WebSite\",\"@id\":\"https:\/\/franciscanos.org.br\/noticias\/#website\",\"url\":\"https:\/\/franciscanos.org.br\/noticias\/\",\"name\":\"Not\u00edcias - Franciscanos\",\"description\":\"Prov\u00edncia Franciscana da Imaculada Concei\u00e7\u00e3o do Brasil - Ordem dos Frades Menores - OFM\",\"potentialAction\":[{\"@type\":\"SearchAction\",\"target\":{\"@type\":\"EntryPoint\",\"urlTemplate\":\"https:\/\/franciscanos.org.br\/noticias\/?s={search_term_string}\"},\"query-input\":\"required name=search_term_string\"}],\"inLanguage\":\"pt-BR\"},{\"@type\":\"ImageObject\",\"inLanguage\":\"pt-BR\",\"@id\":\"https:\/\/franciscanos.org.br\/noticias\/fraternidade-da-ofs-de-nilopolis-ganha-professa-novos-irmaos.html#primaryimage\",\"url\":\"https:\/\/franciscanos.org.br\/noticias\/wp-content\/uploads\/2022\/10\/ofs_01.jpg\",\"contentUrl\":\"https:\/\/franciscanos.org.br\/noticias\/wp-content\/uploads\/2022\/10\/ofs_01.jpg\",\"width\":1200,\"height\":900},{\"@type\":\"WebPage\",\"@id\":\"https:\/\/franciscanos.org.br\/noticias\/fraternidade-da-ofs-de-nilopolis-ganha-professa-novos-irmaos.html#webpage\",\"url\":\"https:\/\/franciscanos.org.br\/noticias\/fraternidade-da-ofs-de-nilopolis-ganha-professa-novos-irmaos.html\",\"name\":\"Fraternidade da OFS de Nil\u00f3polis ganha novos irm\u00e3os - Not\u00edcias - Franciscanos\",\"isPartOf\":{\"@id\":\"https:\/\/franciscanos.org.br\/noticias\/#website\"},\"primaryImageOfPage\":{\"@id\":\"https:\/\/franciscanos.org.br\/noticias\/fraternidade-da-ofs-de-nilopolis-ganha-professa-novos-irmaos.html#primaryimage\"},\"datePublished\":\"2022-10-25T09:51:06+00:00\",\"dateModified\":\"2022-10-25T09:55:25+00:00\",\"author\":{\"@id\":\"https:\/\/franciscanos.org.br\/noticias\/#\/schema\/person\/b5c8cba458c330ccff548b056e95a5d4\"},\"breadcrumb\":{\"@id\":\"https:\/\/franciscanos.org.br\/noticias\/fraternidade-da-ofs-de-nilopolis-ganha-professa-novos-irmaos.html#breadcrumb\"},\"inLanguage\":\"pt-BR\",\"potentialAction\":[{\"@type\":\"ReadAction\",\"target\":[\"https:\/\/franciscanos.org.br\/noticias\/fraternidade-da-ofs-de-nilopolis-ganha-professa-novos-irmaos.html\"]}]},{\"@type\":\"BreadcrumbList\",\"@id\":\"https:\/\/franciscanos.org.br\/noticias\/fraternidade-da-ofs-de-nilopolis-ganha-professa-novos-irmaos.html#breadcrumb\",\"itemListElement\":[{\"@type\":\"ListItem\",\"position\":1,\"name\":\"Home\",\"item\":\"https:\/\/franciscanos.org.br\/noticias\"},{\"@type\":\"ListItem\",\"position\":2,\"name\":\"Fraternidade da OFS de Nil\u00f3polis ganha novos irm\u00e3os\"}]},{\"@type\":\"Person\",\"@id\":\"https:\/\/franciscanos.org.br\/noticias\/#\/schema\/person\/b5c8cba458c330ccff548b056e95a5d4\",\"name\":\"moacir\",\"image\":{\"@type\":\"ImageObject\",\"inLanguage\":\"pt-BR\",\"@id\":\"https:\/\/franciscanos.org.br\/noticias\/#\/schema\/person\/image\/\",\"url\":\"https:\/\/secure.gravatar.com\/avatar\/d08aa2ce4c8dd416d4479aa8536fcf64?s=96&d=mm&r=g\",\"contentUrl\":\"https:\/\/secure.gravatar.com\/avatar\/d08aa2ce4c8dd416d4479aa8536fcf64?s=96&d=mm&r=g\",\"caption\":\"moacir\"},\"url\":\"https:\/\/franciscanos.org.br\/noticias\/author\/moacir\"}]}<\/script>\n<!-- \/ Yoast SEO plugin. -->","yoast_head_json":{"title":"Fraternidade da OFS de Nil\u00f3polis ganha novos irm\u00e3os - Not\u00edcias - Franciscanos","robots":{"index":"index","follow":"follow","max-snippet":"max-snippet:-1","max-image-preview":"max-image-preview:large","max-video-preview":"max-video-preview:-1"},"canonical":"https:\/\/franciscanos.org.br\/noticias\/fraternidade-da-ofs-de-nilopolis-ganha-professa-novos-irmaos.html","og_locale":"pt_BR","og_type":"article","og_title":"Fraternidade da OFS de Nil\u00f3polis ganha novos irm\u00e3os - Not\u00edcias - Franciscanos","og_description":"OFS","og_url":"https:\/\/franciscanos.org.br\/noticias\/fraternidade-da-ofs-de-nilopolis-ganha-professa-novos-irmaos.html","og_site_name":"Not\u00edcias - Franciscanos","article_published_time":"2022-10-25T09:51:06+00:00","article_modified_time":"2022-10-25T09:55:25+00:00","og_image":[{"width":1200,"height":900,"url":"https:\/\/franciscanos.org.br\/noticias\/wp-content\/uploads\/2022\/10\/ofs_01.jpg","type":"image\/jpeg"}],"author":"moacir","twitter_card":"summary_large_image","twitter_misc":{"Escrito por":"moacir","Est. tempo de leitura":"3 minutos"},"schema":{"@context":"https:\/\/schema.org","@graph":[{"@type":"WebSite","@id":"https:\/\/franciscanos.org.br\/noticias\/#website","url":"https:\/\/franciscanos.org.br\/noticias\/","name":"Not\u00edcias - Franciscanos","description":"Prov\u00edncia Franciscana da Imaculada Concei\u00e7\u00e3o do Brasil - Ordem dos Frades Menores - OFM","potentialAction":[{"@type":"SearchAction","target":{"@type":"EntryPoint","urlTemplate":"https:\/\/franciscanos.org.br\/noticias\/?s={search_term_string}"},"query-input":"required name=search_term_string"}],"inLanguage":"pt-BR"},{"@type":"ImageObject","inLanguage":"pt-BR","@id":"https:\/\/franciscanos.org.br\/noticias\/fraternidade-da-ofs-de-nilopolis-ganha-professa-novos-irmaos.html#primaryimage","url":"https:\/\/franciscanos.org.br\/noticias\/wp-content\/uploads\/2022\/10\/ofs_01.jpg","contentUrl":"https:\/\/franciscanos.org.br\/noticias\/wp-content\/uploads\/2022\/10\/ofs_01.jpg","width":1200,"height":900},{"@type":"WebPage","@id":"https:\/\/franciscanos.org.br\/noticias\/fraternidade-da-ofs-de-nilopolis-ganha-professa-novos-irmaos.html#webpage","url":"https:\/\/franciscanos.org.br\/noticias\/fraternidade-da-ofs-de-nilopolis-ganha-professa-novos-irmaos.html","name":"Fraternidade da OFS de Nil\u00f3polis ganha novos irm\u00e3os - Not\u00edcias - Franciscanos","isPartOf":{"@id":"https:\/\/franciscanos.org.br\/noticias\/#website"},"primaryImageOfPage":{"@id":"https:\/\/franciscanos.org.br\/noticias\/fraternidade-da-ofs-de-nilopolis-ganha-professa-novos-irmaos.html#primaryimage"},"datePublished":"2022-10-25T09:51:06+00:00","dateModified":"2022-10-25T09:55:25+00:00","author":{"@id":"https:\/\/franciscanos.org.br\/noticias\/#\/schema\/person\/b5c8cba458c330ccff548b056e95a5d4"},"breadcrumb":{"@id":"https:\/\/franciscanos.org.br\/noticias\/fraternidade-da-ofs-de-nilopolis-ganha-professa-novos-irmaos.html#breadcrumb"},"inLanguage":"pt-BR","potentialAction":[{"@type":"ReadAction","target":["https:\/\/franciscanos.org.br\/noticias\/fraternidade-da-ofs-de-nilopolis-ganha-professa-novos-irmaos.html"]}]},{"@type":"BreadcrumbList","@id":"https:\/\/franciscanos.org.br\/noticias\/fraternidade-da-ofs-de-nilopolis-ganha-professa-novos-irmaos.html#breadcrumb","itemListElement":[{"@type":"ListItem","position":1,"name":"Home","item":"https:\/\/franciscanos.org.br\/noticias"},{"@type":"ListItem","position":2,"name":"Fraternidade da OFS de Nil\u00f3polis ganha novos irm\u00e3os"}]},{"@type":"Person","@id":"https:\/\/franciscanos.org.br\/noticias\/#\/schema\/person\/b5c8cba458c330ccff548b056e95a5d4","name":"moacir","image":{"@type":"ImageObject","inLanguage":"pt-BR","@id":"https:\/\/franciscanos.org.br\/noticias\/#\/schema\/person\/image\/","url":"https:\/\/secure.gravatar.com\/avatar\/d08aa2ce4c8dd416d4479aa8536fcf64?s=96&d=mm&r=g","contentUrl":"https:\/\/secure.gravatar.com\/avatar\/d08aa2ce4c8dd416d4479aa8536fcf64?s=96&d=mm&r=g","caption":"moacir"},"url":"https:\/\/franciscanos.org.br\/noticias\/author\/moacir"}]}},"_links":{"self":[{"href":"https:\/\/franciscanos.org.br\/noticias\/wp-json\/wp\/v2\/posts\/240584"}],"collection":[{"href":"https:\/\/franciscanos.org.br\/noticias\/wp-json\/wp\/v2\/posts"}],"about":[{"href":"https:\/\/franciscanos.org.br\/noticias\/wp-json\/wp\/v2\/types\/post"}],"author":[{"embeddable":true,"href":"https:\/\/franciscanos.org.br\/noticias\/wp-json\/wp\/v2\/users\/3"}],"replies":[{"embeddable":true,"href":"https:\/\/franciscanos.org.br\/noticias\/wp-json\/wp\/v2\/comments?post=240584"}],"version-history":[{"count":3,"href":"https:\/\/franciscanos.org.br\/noticias\/wp-json\/wp\/v2\/posts\/240584\/revisions"}],"predecessor-version":[{"id":240589,"href":"https:\/\/franciscanos.org.br\/noticias\/wp-json\/wp\/v2\/posts\/240584\/revisions\/240589"}],"wp:featuredmedia":[{"embeddable":true,"href":"https:\/\/franciscanos.org.br\/noticias\/wp-json\/wp\/v2\/media\/240585"}],"wp:attachment":[{"href":"https:\/\/franciscanos.org.br\/noticias\/wp-json\/wp\/v2\/media?parent=240584"}],"wp:term":[{"taxonomy":"category","embeddable":true,"href":"https:\/\/franciscanos.org.br\/noticias\/wp-json\/wp\/v2\/categories?post=240584"},{"taxonomy":"post_tag","embeddable":true,"href":"https:\/\/franciscanos.org.br\/noticias\/wp-json\/wp\/v2\/tags?post=240584"}],"curies":[{"name":"wp","href":"https:\/\/api.w.org\/{rel}","templated":true}]}}