{"id":240549,"date":"2022-10-24T08:55:02","date_gmt":"2022-10-24T11:55:02","guid":{"rendered":"https:\/\/franciscanos.org.br\/noticias\/?p=240549"},"modified":"2022-10-24T08:56:43","modified_gmt":"2022-10-24T11:56:43","slug":"as-estatisticas-da-igreja-catolica-2022","status":"publish","type":"post","link":"https:\/\/franciscanos.org.br\/noticias\/as-estatisticas-da-igreja-catolica-2022.html","title":{"rendered":"As estat\u00edsticas da Igreja Cat\u00f3lica 2022"},"content":{"rendered":"<div class=\"article__text \">\n<div id=\"attachment_240550\" style=\"width: 1290px\" class=\"wp-caption alignnone\"><img aria-describedby=\"caption-attachment-240550\" loading=\"lazy\" class=\"wp-image-240550 size-full\" src=\"https:\/\/franciscanos.org.br\/noticias\/wp-content\/uploads\/2022\/10\/festa_24.jpg\" alt=\"\" width=\"1280\" height=\"720\" srcset=\"https:\/\/franciscanos.org.br\/noticias\/wp-content\/uploads\/2022\/10\/festa_24.jpg 1280w, https:\/\/franciscanos.org.br\/noticias\/wp-content\/uploads\/2022\/10\/festa_24-450x253.jpg 450w, https:\/\/franciscanos.org.br\/noticias\/wp-content\/uploads\/2022\/10\/festa_24-1024x576.jpg 1024w, https:\/\/franciscanos.org.br\/noticias\/wp-content\/uploads\/2022\/10\/festa_24-768x432.jpg 768w, https:\/\/franciscanos.org.br\/noticias\/wp-content\/uploads\/2022\/10\/festa_24-150x84.jpg 150w\" sizes=\"(max-width: 1280px) 100vw, 1280px\" \/><p id=\"caption-attachment-240550\" class=\"wp-caption-text\">\u00a0 \u00a0 \u00a0 \u00a0 \u00a0 \u00a0 \u00a0 \u00a0 \u00a0 \u00a0 \u00a0 \u00a0 \u00a0 \u00a0 \u00a0 \u00a0 \u00a0 \u00a0 \u00a0 \u00a0 \u00a0 \u00a0 \u00a0 \u00a0 \u00a0 \u00a0 \u00a0 \u00a0 \u00a0 \u00a0 \u00a0 \u00a0 \u00a0 \u00a0 \u00a0 \u00a0<em> \u00a0 \u00a0 \u00a0 Imagem ilustrativa: Festa de Frei Galv\u00e3o 2022<\/em><\/p><\/div>\n<p>Os dados s\u00e3o do \u00faltimo &#8220;Anu\u00e1rio Estat\u00edstico da Igreja&#8221; publicado, e atualizado em 31 de dezembro de 2020, e referem-se aos membros da Igreja, estruturas pastorais, atividades nos campos da sa\u00fade, assistencial e da educa\u00e7\u00e3o.<\/p>\n<p>A popula\u00e7\u00e3o mundial, em 31 de dezembro de 2020, era de 7.667.136.000 pessoas, devido ao incremento de quase 90 milh\u00f5es de pessoas em rela\u00e7\u00e3o ao ano anterior. O aumento global refere-se a todos os continentes: o aumento maior deu-se na \u00c1sia (quase 40 milh\u00f5es) e \u00c1frica (quase 38 milh\u00f5es), seguidos pela Am\u00e9rica (8.560.000), Europa (2.657.000) e Oceania (628.000).<\/p>\n<p>Em 31 de dezembro de 2020, a popula\u00e7\u00e3o mundial era de 7.667.136.000 pessoas, com um aumento de 89.359.000 unidades em rela\u00e7\u00e3o ao ano anterior. O aumento global diz respeito, tamb\u00e9m neste ano, a todos os continentes. Na mesma data, o n\u00famero de cat\u00f3licos ascendeu a 1.359.612.000 pessoas com um aumento global de 15.209.000 unidades em rela\u00e7\u00e3o ao ano anterior. O aumento ocorreu em quatro continentes, exceto na Oceania.<\/p>\n<p>O n\u00famero total de bispos no mundo diminuiu apenas 1 unidade e \u00e9 igual a 5.363. Aumenta o n\u00famero de bispos diocesanos enquanto diminui o n\u00famero de bispos religiosos. No total, os bispos diocesanos s\u00e3o 4.156, enquanto s\u00e3o 1.207 os bispos religiosos.<\/p>\n<p>O n\u00famero de sacerdotes no mundo diminuiu, chegando a 410.219 (-4.117). A marcar uma diminui\u00e7\u00e3o substancial, mais uma vez, est\u00e1 a Europa, \u00e0 qual se somam a Am\u00e9rica e a Oceania. Aumentos de sacerdotes s\u00e3o registrados na \u00c1frica e na \u00c1sia.<\/p>\n<p>Os di\u00e1conos permanentes continuam a aumentar globalmente, este ano em 397 unidades, atingindo o n\u00famero de 48.635. Os aumentos ocorreram na Am\u00e9rica e Oceania, h\u00e1 diminui\u00e7\u00f5es na Europa, \u00c1sia e \u00c1frica.<\/p>\n<p>Os religiosos n\u00e3o sacerdotes aumentaram 274 unidades, atingindo o n\u00famero de 50.569. As diminui\u00e7\u00f5es foram registradas na Am\u00e9rica e Oceania. Eles est\u00e3o em aumento na Europa, \u00c1sia e \u00c1frica. Confirma-se a tend\u00eancia dos \u00faltimos anos para a diminui\u00e7\u00e3o global de religiosas, este ano em 10.553 unidades. H\u00e1 um total de 619.546. Os aumentos s\u00e3o, mais uma vez, na \u00c1frica e na \u00c1sia, os decr\u00e9scimos na Europa, Am\u00e9rica e Oceania.<\/p>\n<p>Os seminaristas maiores, diocesanos e religiosos, este ano diminu\u00edram, no total, 2.203 unidades, chegando assim a 111.855. Os aumentos s\u00e3o registrados apenas na \u00c1frica, enquanto diminuem nos outros continentes. O n\u00famero total de seminaristas menores, diocesanos e religiosos, tamb\u00e9m diminuiu em 1.592, chegando a 95.398. Eles diminu\u00edram na Am\u00e9rica, \u00c1sia e Europa, enquanto h\u00e1 aumentos na \u00c1frica e Oceania.<\/p>\n<p>No campo da educa\u00e7\u00e3o e forma\u00e7\u00e3o, a Igreja administra 72.785 creches em todo o mundo com 7.510.632 alunos; 99.668 escolas prim\u00e1rias para 34.614.488 alunos; 49.437 escolas secund\u00e1rias para 19.252.704 alunos. Tamb\u00e9m acompanha 2.403.787 alunos do ensino m\u00e9dio e 3.771.946 universit\u00e1rios.<\/p>\n<p>As institui\u00e7\u00f5es de sa\u00fade, caridade e assist\u00eancia administradas pela Igreja em todo o mundo incluem: 5.322 hospitais, 14.415 dispens\u00e1rios, 534 hospitais para leprosos, 15.204 lares para idosos, doentes cr\u00f4nicos e deficientes, 9.230 orfanatos, 10.441 jardins de inf\u00e2ncia, 10.362 centros de aconselhamento matrimonial, 3.137 centros de educa\u00e7\u00e3o ou re-educa\u00e7\u00e3osocial e 34.291 outras institui\u00e7\u00f5es.<\/p>\n<p>As Circunscri\u00e7\u00f5es eclesi\u00e1sticas dependentes do Dicast\u00e9rio para a Evangeliza\u00e7\u00e3o totalizam 1.118, segundo a \u00faltima varia\u00e7\u00e3o registrada. A maioria das circunscri\u00e7\u00f5es eclesi\u00e1sticas confiadas ao Dicast\u00e9rio encontra-se na \u00c1frica (518) e na \u00c1sia (483). Am\u00e9rica (71) e Oceania (46) seguem.<\/p>\n<hr \/>\n<p><i>*Ag\u00eancia Fides<\/i><\/p>\n<\/div>\n<div id=\"banner-donazioni\" class=\"article_banner\"><\/div>\n","protected":false},"excerpt":{"rendered":"<p>Estat\u00edsticas<\/p>\n","protected":false},"author":3,"featured_media":240550,"comment_status":"open","ping_status":"open","sticky":false,"template":"","format":"standard","meta":[],"categories":[1],"tags":[31],"acf":[],"yoast_head":"<!-- This site is optimized with the Yoast SEO plugin v19.2 - https:\/\/yoast.com\/wordpress\/plugins\/seo\/ -->\n<title>As estat\u00edsticas da Igreja Cat\u00f3lica 2022 - Not\u00edcias - Franciscanos<\/title>\n<meta name=\"robots\" content=\"index, follow, max-snippet:-1, max-image-preview:large, max-video-preview:-1\" \/>\n<link rel=\"canonical\" href=\"https:\/\/franciscanos.org.br\/noticias\/as-estatisticas-da-igreja-catolica-2022.html\" \/>\n<meta property=\"og:locale\" content=\"pt_BR\" \/>\n<meta property=\"og:type\" content=\"article\" \/>\n<meta property=\"og:title\" content=\"As estat\u00edsticas da Igreja Cat\u00f3lica 2022 - Not\u00edcias - Franciscanos\" \/>\n<meta property=\"og:description\" content=\"Estat\u00edsticas\" \/>\n<meta property=\"og:url\" content=\"https:\/\/franciscanos.org.br\/noticias\/as-estatisticas-da-igreja-catolica-2022.html\" \/>\n<meta property=\"og:site_name\" content=\"Not\u00edcias - Franciscanos\" \/>\n<meta property=\"article:published_time\" content=\"2022-10-24T11:55:02+00:00\" \/>\n<meta property=\"article:modified_time\" content=\"2022-10-24T11:56:43+00:00\" \/>\n<meta property=\"og:image\" content=\"https:\/\/franciscanos.org.br\/noticias\/wp-content\/uploads\/2022\/10\/festa_24.jpg\" \/>\n\t<meta property=\"og:image:width\" content=\"1280\" \/>\n\t<meta property=\"og:image:height\" content=\"720\" \/>\n\t<meta property=\"og:image:type\" content=\"image\/jpeg\" \/>\n<meta name=\"author\" content=\"moacir\" \/>\n<meta name=\"twitter:card\" content=\"summary_large_image\" \/>\n<meta name=\"twitter:label1\" content=\"Escrito por\" \/>\n\t<meta name=\"twitter:data1\" content=\"moacir\" \/>\n\t<meta name=\"twitter:label2\" content=\"Est. tempo de leitura\" \/>\n\t<meta name=\"twitter:data2\" content=\"3 minutos\" \/>\n<script type=\"application\/ld+json\" class=\"yoast-schema-graph\">{\"@context\":\"https:\/\/schema.org\",\"@graph\":[{\"@type\":\"WebSite\",\"@id\":\"https:\/\/franciscanos.org.br\/noticias\/#website\",\"url\":\"https:\/\/franciscanos.org.br\/noticias\/\",\"name\":\"Not\u00edcias - Franciscanos\",\"description\":\"Prov\u00edncia Franciscana da Imaculada Concei\u00e7\u00e3o do Brasil - Ordem dos Frades Menores - OFM\",\"potentialAction\":[{\"@type\":\"SearchAction\",\"target\":{\"@type\":\"EntryPoint\",\"urlTemplate\":\"https:\/\/franciscanos.org.br\/noticias\/?s={search_term_string}\"},\"query-input\":\"required name=search_term_string\"}],\"inLanguage\":\"pt-BR\"},{\"@type\":\"ImageObject\",\"inLanguage\":\"pt-BR\",\"@id\":\"https:\/\/franciscanos.org.br\/noticias\/as-estatisticas-da-igreja-catolica-2022.html#primaryimage\",\"url\":\"https:\/\/franciscanos.org.br\/noticias\/wp-content\/uploads\/2022\/10\/festa_24.jpg\",\"contentUrl\":\"https:\/\/franciscanos.org.br\/noticias\/wp-content\/uploads\/2022\/10\/festa_24.jpg\",\"width\":1280,\"height\":720},{\"@type\":\"WebPage\",\"@id\":\"https:\/\/franciscanos.org.br\/noticias\/as-estatisticas-da-igreja-catolica-2022.html#webpage\",\"url\":\"https:\/\/franciscanos.org.br\/noticias\/as-estatisticas-da-igreja-catolica-2022.html\",\"name\":\"As estat\u00edsticas da Igreja Cat\u00f3lica 2022 - Not\u00edcias - Franciscanos\",\"isPartOf\":{\"@id\":\"https:\/\/franciscanos.org.br\/noticias\/#website\"},\"primaryImageOfPage\":{\"@id\":\"https:\/\/franciscanos.org.br\/noticias\/as-estatisticas-da-igreja-catolica-2022.html#primaryimage\"},\"datePublished\":\"2022-10-24T11:55:02+00:00\",\"dateModified\":\"2022-10-24T11:56:43+00:00\",\"author\":{\"@id\":\"https:\/\/franciscanos.org.br\/noticias\/#\/schema\/person\/b5c8cba458c330ccff548b056e95a5d4\"},\"breadcrumb\":{\"@id\":\"https:\/\/franciscanos.org.br\/noticias\/as-estatisticas-da-igreja-catolica-2022.html#breadcrumb\"},\"inLanguage\":\"pt-BR\",\"potentialAction\":[{\"@type\":\"ReadAction\",\"target\":[\"https:\/\/franciscanos.org.br\/noticias\/as-estatisticas-da-igreja-catolica-2022.html\"]}]},{\"@type\":\"BreadcrumbList\",\"@id\":\"https:\/\/franciscanos.org.br\/noticias\/as-estatisticas-da-igreja-catolica-2022.html#breadcrumb\",\"itemListElement\":[{\"@type\":\"ListItem\",\"position\":1,\"name\":\"Home\",\"item\":\"https:\/\/franciscanos.org.br\/noticias\"},{\"@type\":\"ListItem\",\"position\":2,\"name\":\"As estat\u00edsticas da Igreja Cat\u00f3lica 2022\"}]},{\"@type\":\"Person\",\"@id\":\"https:\/\/franciscanos.org.br\/noticias\/#\/schema\/person\/b5c8cba458c330ccff548b056e95a5d4\",\"name\":\"moacir\",\"image\":{\"@type\":\"ImageObject\",\"inLanguage\":\"pt-BR\",\"@id\":\"https:\/\/franciscanos.org.br\/noticias\/#\/schema\/person\/image\/\",\"url\":\"https:\/\/secure.gravatar.com\/avatar\/d08aa2ce4c8dd416d4479aa8536fcf64?s=96&d=mm&r=g\",\"contentUrl\":\"https:\/\/secure.gravatar.com\/avatar\/d08aa2ce4c8dd416d4479aa8536fcf64?s=96&d=mm&r=g\",\"caption\":\"moacir\"},\"url\":\"https:\/\/franciscanos.org.br\/noticias\/author\/moacir\"}]}<\/script>\n<!-- \/ Yoast SEO plugin. -->","yoast_head_json":{"title":"As estat\u00edsticas da Igreja Cat\u00f3lica 2022 - Not\u00edcias - Franciscanos","robots":{"index":"index","follow":"follow","max-snippet":"max-snippet:-1","max-image-preview":"max-image-preview:large","max-video-preview":"max-video-preview:-1"},"canonical":"https:\/\/franciscanos.org.br\/noticias\/as-estatisticas-da-igreja-catolica-2022.html","og_locale":"pt_BR","og_type":"article","og_title":"As estat\u00edsticas da Igreja Cat\u00f3lica 2022 - Not\u00edcias - Franciscanos","og_description":"Estat\u00edsticas","og_url":"https:\/\/franciscanos.org.br\/noticias\/as-estatisticas-da-igreja-catolica-2022.html","og_site_name":"Not\u00edcias - Franciscanos","article_published_time":"2022-10-24T11:55:02+00:00","article_modified_time":"2022-10-24T11:56:43+00:00","og_image":[{"width":1280,"height":720,"url":"https:\/\/franciscanos.org.br\/noticias\/wp-content\/uploads\/2022\/10\/festa_24.jpg","type":"image\/jpeg"}],"author":"moacir","twitter_card":"summary_large_image","twitter_misc":{"Escrito por":"moacir","Est. tempo de leitura":"3 minutos"},"schema":{"@context":"https:\/\/schema.org","@graph":[{"@type":"WebSite","@id":"https:\/\/franciscanos.org.br\/noticias\/#website","url":"https:\/\/franciscanos.org.br\/noticias\/","name":"Not\u00edcias - Franciscanos","description":"Prov\u00edncia Franciscana da Imaculada Concei\u00e7\u00e3o do Brasil - Ordem dos Frades Menores - OFM","potentialAction":[{"@type":"SearchAction","target":{"@type":"EntryPoint","urlTemplate":"https:\/\/franciscanos.org.br\/noticias\/?s={search_term_string}"},"query-input":"required name=search_term_string"}],"inLanguage":"pt-BR"},{"@type":"ImageObject","inLanguage":"pt-BR","@id":"https:\/\/franciscanos.org.br\/noticias\/as-estatisticas-da-igreja-catolica-2022.html#primaryimage","url":"https:\/\/franciscanos.org.br\/noticias\/wp-content\/uploads\/2022\/10\/festa_24.jpg","contentUrl":"https:\/\/franciscanos.org.br\/noticias\/wp-content\/uploads\/2022\/10\/festa_24.jpg","width":1280,"height":720},{"@type":"WebPage","@id":"https:\/\/franciscanos.org.br\/noticias\/as-estatisticas-da-igreja-catolica-2022.html#webpage","url":"https:\/\/franciscanos.org.br\/noticias\/as-estatisticas-da-igreja-catolica-2022.html","name":"As estat\u00edsticas da Igreja Cat\u00f3lica 2022 - Not\u00edcias - Franciscanos","isPartOf":{"@id":"https:\/\/franciscanos.org.br\/noticias\/#website"},"primaryImageOfPage":{"@id":"https:\/\/franciscanos.org.br\/noticias\/as-estatisticas-da-igreja-catolica-2022.html#primaryimage"},"datePublished":"2022-10-24T11:55:02+00:00","dateModified":"2022-10-24T11:56:43+00:00","author":{"@id":"https:\/\/franciscanos.org.br\/noticias\/#\/schema\/person\/b5c8cba458c330ccff548b056e95a5d4"},"breadcrumb":{"@id":"https:\/\/franciscanos.org.br\/noticias\/as-estatisticas-da-igreja-catolica-2022.html#breadcrumb"},"inLanguage":"pt-BR","potentialAction":[{"@type":"ReadAction","target":["https:\/\/franciscanos.org.br\/noticias\/as-estatisticas-da-igreja-catolica-2022.html"]}]},{"@type":"BreadcrumbList","@id":"https:\/\/franciscanos.org.br\/noticias\/as-estatisticas-da-igreja-catolica-2022.html#breadcrumb","itemListElement":[{"@type":"ListItem","position":1,"name":"Home","item":"https:\/\/franciscanos.org.br\/noticias"},{"@type":"ListItem","position":2,"name":"As estat\u00edsticas da Igreja Cat\u00f3lica 2022"}]},{"@type":"Person","@id":"https:\/\/franciscanos.org.br\/noticias\/#\/schema\/person\/b5c8cba458c330ccff548b056e95a5d4","name":"moacir","image":{"@type":"ImageObject","inLanguage":"pt-BR","@id":"https:\/\/franciscanos.org.br\/noticias\/#\/schema\/person\/image\/","url":"https:\/\/secure.gravatar.com\/avatar\/d08aa2ce4c8dd416d4479aa8536fcf64?s=96&d=mm&r=g","contentUrl":"https:\/\/secure.gravatar.com\/avatar\/d08aa2ce4c8dd416d4479aa8536fcf64?s=96&d=mm&r=g","caption":"moacir"},"url":"https:\/\/franciscanos.org.br\/noticias\/author\/moacir"}]}},"_links":{"self":[{"href":"https:\/\/franciscanos.org.br\/noticias\/wp-json\/wp\/v2\/posts\/240549"}],"collection":[{"href":"https:\/\/franciscanos.org.br\/noticias\/wp-json\/wp\/v2\/posts"}],"about":[{"href":"https:\/\/franciscanos.org.br\/noticias\/wp-json\/wp\/v2\/types\/post"}],"author":[{"embeddable":true,"href":"https:\/\/franciscanos.org.br\/noticias\/wp-json\/wp\/v2\/users\/3"}],"replies":[{"embeddable":true,"href":"https:\/\/franciscanos.org.br\/noticias\/wp-json\/wp\/v2\/comments?post=240549"}],"version-history":[{"count":2,"href":"https:\/\/franciscanos.org.br\/noticias\/wp-json\/wp\/v2\/posts\/240549\/revisions"}],"predecessor-version":[{"id":240552,"href":"https:\/\/franciscanos.org.br\/noticias\/wp-json\/wp\/v2\/posts\/240549\/revisions\/240552"}],"wp:featuredmedia":[{"embeddable":true,"href":"https:\/\/franciscanos.org.br\/noticias\/wp-json\/wp\/v2\/media\/240550"}],"wp:attachment":[{"href":"https:\/\/franciscanos.org.br\/noticias\/wp-json\/wp\/v2\/media?parent=240549"}],"wp:term":[{"taxonomy":"category","embeddable":true,"href":"https:\/\/franciscanos.org.br\/noticias\/wp-json\/wp\/v2\/categories?post=240549"},{"taxonomy":"post_tag","embeddable":true,"href":"https:\/\/franciscanos.org.br\/noticias\/wp-json\/wp\/v2\/tags?post=240549"}],"curies":[{"name":"wp","href":"https:\/\/api.w.org\/{rel}","templated":true}]}}