{"id":240513,"date":"2022-10-23T14:08:49","date_gmt":"2022-10-23T17:08:49","guid":{"rendered":"https:\/\/franciscanos.org.br\/noticias\/?p=240513"},"modified":"2022-10-23T14:17:20","modified_gmt":"2022-10-23T17:17:20","slug":"canarinhos-marcam-presenca-no-seminario-frei-galvao-de-guaratingueta-e-encantam-publico","status":"publish","type":"post","link":"https:\/\/franciscanos.org.br\/noticias\/canarinhos-marcam-presenca-no-seminario-frei-galvao-de-guaratingueta-e-encantam-publico.html","title":{"rendered":"Canarinhos marcam presen\u00e7a no Semin\u00e1rio Frei Galv\u00e3o de Guaratinguet\u00e1 e encantam p\u00fablico"},"content":{"rendered":"<p><img loading=\"lazy\" class=\"alignnone size-full wp-image-240514\" src=\"https:\/\/franciscanos.org.br\/noticias\/wp-content\/uploads\/2022\/10\/canarinhos_2301.jpg\" alt=\"\" width=\"1280\" height=\"715\" srcset=\"https:\/\/franciscanos.org.br\/noticias\/wp-content\/uploads\/2022\/10\/canarinhos_2301.jpg 1280w, https:\/\/franciscanos.org.br\/noticias\/wp-content\/uploads\/2022\/10\/canarinhos_2301-450x251.jpg 450w, https:\/\/franciscanos.org.br\/noticias\/wp-content\/uploads\/2022\/10\/canarinhos_2301-1024x572.jpg 1024w, https:\/\/franciscanos.org.br\/noticias\/wp-content\/uploads\/2022\/10\/canarinhos_2301-768x429.jpg 768w, https:\/\/franciscanos.org.br\/noticias\/wp-content\/uploads\/2022\/10\/canarinhos_2301-150x84.jpg 150w\" sizes=\"(max-width: 1280px) 100vw, 1280px\" \/><\/p>\n<p><b>Guaratinguet\u00e1 (SP) \u2013<\/b><span style=\"font-weight: 400;\"> O Coral dos Canarinhos de Petr\u00f3polis, que neste ano completou 80 anos de hist\u00f3ria, esteve presente no Semin\u00e1rio Frei Galv\u00e3o para cantar a liturgia da Santa Missa das 9h30, neste domingo (23\/10). Dedicado ao primeiro santo brasileiro, o semin\u00e1rio franciscano, que acolhe jovens que desejam se tornar frades, tamb\u00e9m est\u00e1 em festa pelos 80 anos de sua funda\u00e7\u00e3o. \u00c9 um jubileu em dose dupla e, por isso, n\u00e3o faltaram motivos para celebrar a Eucaristia neste dia do Senhor.\u00a0<\/span><\/p>\n<p><span style=\"font-weight: 400;\">Presidida pelo Definidor Provincial, Frei Jo\u00e3o Francisco da Silva, a Celebra\u00e7\u00e3o Eucar\u00edstica teve como concelebrante Frei Marcos Antonio de Andrade, presidente do Instituto dos Meninos Cantores de Petr\u00f3polis (IMCP) e Definidor Provincial. Os fi\u00e9is lotaram a celebra\u00e7\u00e3o do 30\u00b0 Domingo do Tempo Comum.\u00a0<\/span><\/p>\n<p><img loading=\"lazy\" class=\"alignnone size-full wp-image-240515\" src=\"https:\/\/franciscanos.org.br\/noticias\/wp-content\/uploads\/2022\/10\/cnarinhos_02.jpg\" alt=\"\" width=\"1280\" height=\"853\" srcset=\"https:\/\/franciscanos.org.br\/noticias\/wp-content\/uploads\/2022\/10\/cnarinhos_02.jpg 1280w, https:\/\/franciscanos.org.br\/noticias\/wp-content\/uploads\/2022\/10\/cnarinhos_02-450x300.jpg 450w, https:\/\/franciscanos.org.br\/noticias\/wp-content\/uploads\/2022\/10\/cnarinhos_02-1024x682.jpg 1024w, https:\/\/franciscanos.org.br\/noticias\/wp-content\/uploads\/2022\/10\/cnarinhos_02-768x512.jpg 768w, https:\/\/franciscanos.org.br\/noticias\/wp-content\/uploads\/2022\/10\/cnarinhos_02-150x100.jpg 150w\" sizes=\"(max-width: 1280px) 100vw, 1280px\" \/><\/p>\n<p><span style=\"font-weight: 400;\">Frei Jo\u00e3o Francisco tamb\u00e9m acumula o servi\u00e7o de guardi\u00e3o do Semin\u00e1rio. Logo no in\u00edcio da missa manifestou a alegria de receber a todos, em especial os jovens cantores do coro de meninos mais antigo do pa\u00eds. Segundo o maestro Marco Aur\u00e9lio Lischt, a \u00faltima vez que os Canarinhos cantaram no semin\u00e1rio foi na d\u00e9cada de oitenta. \u201cQuero acolher o Coral dos Canarinhos de Petr\u00f3polis que, certamente, encantam a todos neste dia com a sua presen\u00e7a em nosso meio\u201d, disse o presidente da celebra\u00e7\u00e3o.<\/span><\/p>\n<p><span style=\"font-weight: 400;\">Ap\u00f3s a comunh\u00e3o, Frei Marcos Andrade explicou rapidamente o motivo dos Canarinhos estarem em Guaratinguet\u00e1, por conta das festividades de Frei Galv\u00e3o e deu mais detalhes sobre a trajet\u00f3ria deste coro que, segundo ele, j\u00e1 passou por quase todos os estados do Brasil e por alguns pa\u00edses. \u201cNeste ano completamos 80 anos com a miss\u00e3o de cantar a liturgia da missa. \u00c9 um trabalho muito grande, exaustivo, pois eles t\u00eam forma\u00e7\u00f5es, aulas, ensaios, ent\u00e3o sabemos que \u00e9 bastante exigente para crian\u00e7as dessa idade passar o dia estudando e cantando. \u00c9 um exemplo e por isso o nosso IMCP tem a tradi\u00e7\u00e3o de formar integralmente jovens para a viv\u00eancia comunit\u00e1ria e franciscana\u201d, disse. \u201cTamb\u00e9m \u00e9 um trabalho social\u201d, frisou.<\/span><\/p>\n<p><img loading=\"lazy\" class=\"alignnone size-full wp-image-240516\" src=\"https:\/\/franciscanos.org.br\/noticias\/wp-content\/uploads\/2022\/10\/canarinhos_09.jpg\" alt=\"\" width=\"1280\" height=\"853\" srcset=\"https:\/\/franciscanos.org.br\/noticias\/wp-content\/uploads\/2022\/10\/canarinhos_09.jpg 1280w, https:\/\/franciscanos.org.br\/noticias\/wp-content\/uploads\/2022\/10\/canarinhos_09-450x300.jpg 450w, https:\/\/franciscanos.org.br\/noticias\/wp-content\/uploads\/2022\/10\/canarinhos_09-1024x682.jpg 1024w, https:\/\/franciscanos.org.br\/noticias\/wp-content\/uploads\/2022\/10\/canarinhos_09-768x512.jpg 768w, https:\/\/franciscanos.org.br\/noticias\/wp-content\/uploads\/2022\/10\/canarinhos_09-150x100.jpg 150w\" sizes=\"(max-width: 1280px) 100vw, 1280px\" \/><\/p>\n\n\t\t<style type=\"text\/css\">\n\t\t\t#gallery-1 {\n\t\t\t\tmargin: auto;\n\t\t\t}\n\t\t\t#gallery-1 .gallery-item {\n\t\t\t\tfloat: left;\n\t\t\t\tmargin-top: 10px;\n\t\t\t\ttext-align: center;\n\t\t\t\twidth: 25%;\n\t\t\t}\n\t\t\t#gallery-1 img {\n\t\t\t\tborder: 2px solid #cfcfcf;\n\t\t\t}\n\t\t\t#gallery-1 .gallery-caption {\n\t\t\t\tmargin-left: 0;\n\t\t\t}\n\t\t\t\/* see gallery_shortcode() in wp-includes\/media.php *\/\n\t\t<\/style>\n\t\t<div id='gallery-1' class='gallery galleryid-240513 gallery-columns-4 gallery-size-thumbnail'><dl class='gallery-item'>\n\t\t\t<dt class='gallery-icon landscape'>\n\t\t\t\t<a href='https:\/\/franciscanos.org.br\/noticias\/wp-content\/uploads\/2022\/10\/canarinhos_03.jpg'><img width=\"300\" height=\"300\" src=\"https:\/\/franciscanos.org.br\/noticias\/wp-content\/uploads\/2022\/10\/canarinhos_03-300x300.jpg\" class=\"attachment-thumbnail size-thumbnail\" alt=\"\" loading=\"lazy\" srcset=\"https:\/\/franciscanos.org.br\/noticias\/wp-content\/uploads\/2022\/10\/canarinhos_03-300x300.jpg 300w, https:\/\/franciscanos.org.br\/noticias\/wp-content\/uploads\/2022\/10\/canarinhos_03-100x100.jpg 100w\" sizes=\"(max-width: 300px) 100vw, 300px\" \/><\/a>\n\t\t\t<\/dt><\/dl><dl class='gallery-item'>\n\t\t\t<dt class='gallery-icon landscape'>\n\t\t\t\t<a href='https:\/\/franciscanos.org.br\/noticias\/wp-content\/uploads\/2022\/10\/canarinhos_04.jpg'><img width=\"300\" height=\"300\" src=\"https:\/\/franciscanos.org.br\/noticias\/wp-content\/uploads\/2022\/10\/canarinhos_04-300x300.jpg\" class=\"attachment-thumbnail size-thumbnail\" alt=\"\" loading=\"lazy\" srcset=\"https:\/\/franciscanos.org.br\/noticias\/wp-content\/uploads\/2022\/10\/canarinhos_04-300x300.jpg 300w, https:\/\/franciscanos.org.br\/noticias\/wp-content\/uploads\/2022\/10\/canarinhos_04-100x100.jpg 100w\" sizes=\"(max-width: 300px) 100vw, 300px\" \/><\/a>\n\t\t\t<\/dt><\/dl><dl class='gallery-item'>\n\t\t\t<dt class='gallery-icon landscape'>\n\t\t\t\t<a href='https:\/\/franciscanos.org.br\/noticias\/wp-content\/uploads\/2022\/10\/canarinhos_06.jpg'><img width=\"300\" height=\"300\" src=\"https:\/\/franciscanos.org.br\/noticias\/wp-content\/uploads\/2022\/10\/canarinhos_06-300x300.jpg\" class=\"attachment-thumbnail size-thumbnail\" alt=\"\" loading=\"lazy\" srcset=\"https:\/\/franciscanos.org.br\/noticias\/wp-content\/uploads\/2022\/10\/canarinhos_06-300x300.jpg 300w, https:\/\/franciscanos.org.br\/noticias\/wp-content\/uploads\/2022\/10\/canarinhos_06-100x100.jpg 100w\" sizes=\"(max-width: 300px) 100vw, 300px\" \/><\/a>\n\t\t\t<\/dt><\/dl><dl class='gallery-item'>\n\t\t\t<dt class='gallery-icon landscape'>\n\t\t\t\t<a href='https:\/\/franciscanos.org.br\/noticias\/wp-content\/uploads\/2022\/10\/canarinhos_07.jpg'><img width=\"300\" height=\"300\" src=\"https:\/\/franciscanos.org.br\/noticias\/wp-content\/uploads\/2022\/10\/canarinhos_07-300x300.jpg\" class=\"attachment-thumbnail size-thumbnail\" alt=\"\" loading=\"lazy\" srcset=\"https:\/\/franciscanos.org.br\/noticias\/wp-content\/uploads\/2022\/10\/canarinhos_07-300x300.jpg 300w, https:\/\/franciscanos.org.br\/noticias\/wp-content\/uploads\/2022\/10\/canarinhos_07-100x100.jpg 100w\" sizes=\"(max-width: 300px) 100vw, 300px\" \/><\/a>\n\t\t\t<\/dt><\/dl><br style=\"clear: both\" \/>\n\t\t<\/div>\n\n<p><span style=\"font-weight: 400;\">Para o maestro que tamb\u00e9m foi Canarinho \u00e9 um prazer muito grande estar em Guaratinguet\u00e1, no Semin\u00e1rio Frei Galv\u00e3o. \u201cJ\u00e1 s\u00e3o 24 anos junto da Fam\u00edlia Canarinhos e por isso, queremos brindar a todos com um breve programa de m\u00fasicas populares\u201d. Assim, o Coral dos Canarinhos entoou as m\u00fasicas \u201cPsalmus Brevis\u201d, de Jo\u00e3o Guilherme Ripper; \u201cThe Lord Bless you and keep you\u201d, de John Rutter; \u201cHallelujah\u201d, de G. F. Haendel; \u201cA Paz\u201d, de Roupa Nova; \u201cConversa de Botequim\u201d, de Noel Rosa; \u201cAquarela do Brasil\u201d, de Ary Ara\u00fajo e como bis, \u201cAndan\u00e7as\u201d, de Paulinho Tapaj\u00f3s.<\/span><\/p>\n<p><span style=\"font-weight: 400;\">E assim, os fi\u00e9is que vieram para a Santa Missa foram agraciados com um breve concerto e, como forma de gratid\u00e3o, ovacionaram os coralistas! O Coral dos Canarinhos retornou para Petr\u00f3polis na tarde deste domingo. O pr\u00f3ximo grande desafio dos coralistas, maestro e equipe do IMCP \u00e9 a prepara\u00e7\u00e3o para o Orat\u00f3rio de Natal, concerto que acontecer\u00e1 na importante Sala Cec\u00edlia Meireles no Rio de Janeiro (RJ), em dezembro.<\/span><\/p>\n<hr \/>\n<p><i><span style=\"font-weight: 400;\">Frei Augusto Luiz Gabriel<\/span><\/i><\/p>\n","protected":false},"excerpt":{"rendered":"<p>Semin\u00e1rio Frei Galv\u00e3o<\/p>\n","protected":false},"author":3,"featured_media":240514,"comment_status":"open","ping_status":"open","sticky":false,"template":"","format":"standard","meta":[],"categories":[1],"tags":[421],"acf":[],"yoast_head":"<!-- This site is optimized with the Yoast SEO plugin v19.2 - https:\/\/yoast.com\/wordpress\/plugins\/seo\/ -->\n<title>Canarinhos marcam presen\u00e7a no Semin\u00e1rio Frei Galv\u00e3o de Guaratinguet\u00e1 e encantam p\u00fablico - Not\u00edcias - Franciscanos<\/title>\n<meta name=\"robots\" content=\"index, follow, max-snippet:-1, max-image-preview:large, max-video-preview:-1\" \/>\n<link rel=\"canonical\" href=\"https:\/\/franciscanos.org.br\/noticias\/canarinhos-marcam-presenca-no-seminario-frei-galvao-de-guaratingueta-e-encantam-publico.html\" \/>\n<meta property=\"og:locale\" content=\"pt_BR\" \/>\n<meta property=\"og:type\" content=\"article\" \/>\n<meta property=\"og:title\" content=\"Canarinhos marcam presen\u00e7a no Semin\u00e1rio Frei Galv\u00e3o de Guaratinguet\u00e1 e encantam p\u00fablico - Not\u00edcias - Franciscanos\" \/>\n<meta property=\"og:description\" content=\"Semin\u00e1rio Frei Galv\u00e3o\" \/>\n<meta property=\"og:url\" content=\"https:\/\/franciscanos.org.br\/noticias\/canarinhos-marcam-presenca-no-seminario-frei-galvao-de-guaratingueta-e-encantam-publico.html\" \/>\n<meta property=\"og:site_name\" content=\"Not\u00edcias - Franciscanos\" \/>\n<meta property=\"article:published_time\" content=\"2022-10-23T17:08:49+00:00\" \/>\n<meta property=\"article:modified_time\" content=\"2022-10-23T17:17:20+00:00\" \/>\n<meta property=\"og:image\" content=\"https:\/\/franciscanos.org.br\/noticias\/wp-content\/uploads\/2022\/10\/canarinhos_2301.jpg\" \/>\n\t<meta property=\"og:image:width\" content=\"1280\" \/>\n\t<meta property=\"og:image:height\" content=\"715\" \/>\n\t<meta property=\"og:image:type\" content=\"image\/jpeg\" \/>\n<meta name=\"author\" content=\"moacir\" \/>\n<meta name=\"twitter:card\" content=\"summary_large_image\" \/>\n<meta name=\"twitter:label1\" content=\"Escrito por\" \/>\n\t<meta name=\"twitter:data1\" content=\"moacir\" \/>\n\t<meta name=\"twitter:label2\" content=\"Est. tempo de leitura\" \/>\n\t<meta name=\"twitter:data2\" content=\"3 minutos\" \/>\n<script type=\"application\/ld+json\" class=\"yoast-schema-graph\">{\"@context\":\"https:\/\/schema.org\",\"@graph\":[{\"@type\":\"WebSite\",\"@id\":\"https:\/\/franciscanos.org.br\/noticias\/#website\",\"url\":\"https:\/\/franciscanos.org.br\/noticias\/\",\"name\":\"Not\u00edcias - Franciscanos\",\"description\":\"Prov\u00edncia Franciscana da Imaculada Concei\u00e7\u00e3o do Brasil - Ordem dos Frades Menores - OFM\",\"potentialAction\":[{\"@type\":\"SearchAction\",\"target\":{\"@type\":\"EntryPoint\",\"urlTemplate\":\"https:\/\/franciscanos.org.br\/noticias\/?s={search_term_string}\"},\"query-input\":\"required name=search_term_string\"}],\"inLanguage\":\"pt-BR\"},{\"@type\":\"ImageObject\",\"inLanguage\":\"pt-BR\",\"@id\":\"https:\/\/franciscanos.org.br\/noticias\/canarinhos-marcam-presenca-no-seminario-frei-galvao-de-guaratingueta-e-encantam-publico.html#primaryimage\",\"url\":\"https:\/\/franciscanos.org.br\/noticias\/wp-content\/uploads\/2022\/10\/canarinhos_2301.jpg\",\"contentUrl\":\"https:\/\/franciscanos.org.br\/noticias\/wp-content\/uploads\/2022\/10\/canarinhos_2301.jpg\",\"width\":1280,\"height\":715},{\"@type\":\"WebPage\",\"@id\":\"https:\/\/franciscanos.org.br\/noticias\/canarinhos-marcam-presenca-no-seminario-frei-galvao-de-guaratingueta-e-encantam-publico.html#webpage\",\"url\":\"https:\/\/franciscanos.org.br\/noticias\/canarinhos-marcam-presenca-no-seminario-frei-galvao-de-guaratingueta-e-encantam-publico.html\",\"name\":\"Canarinhos marcam presen\u00e7a no Semin\u00e1rio Frei Galv\u00e3o de Guaratinguet\u00e1 e encantam p\u00fablico - Not\u00edcias - Franciscanos\",\"isPartOf\":{\"@id\":\"https:\/\/franciscanos.org.br\/noticias\/#website\"},\"primaryImageOfPage\":{\"@id\":\"https:\/\/franciscanos.org.br\/noticias\/canarinhos-marcam-presenca-no-seminario-frei-galvao-de-guaratingueta-e-encantam-publico.html#primaryimage\"},\"datePublished\":\"2022-10-23T17:08:49+00:00\",\"dateModified\":\"2022-10-23T17:17:20+00:00\",\"author\":{\"@id\":\"https:\/\/franciscanos.org.br\/noticias\/#\/schema\/person\/b5c8cba458c330ccff548b056e95a5d4\"},\"breadcrumb\":{\"@id\":\"https:\/\/franciscanos.org.br\/noticias\/canarinhos-marcam-presenca-no-seminario-frei-galvao-de-guaratingueta-e-encantam-publico.html#breadcrumb\"},\"inLanguage\":\"pt-BR\",\"potentialAction\":[{\"@type\":\"ReadAction\",\"target\":[\"https:\/\/franciscanos.org.br\/noticias\/canarinhos-marcam-presenca-no-seminario-frei-galvao-de-guaratingueta-e-encantam-publico.html\"]}]},{\"@type\":\"BreadcrumbList\",\"@id\":\"https:\/\/franciscanos.org.br\/noticias\/canarinhos-marcam-presenca-no-seminario-frei-galvao-de-guaratingueta-e-encantam-publico.html#breadcrumb\",\"itemListElement\":[{\"@type\":\"ListItem\",\"position\":1,\"name\":\"Home\",\"item\":\"https:\/\/franciscanos.org.br\/noticias\"},{\"@type\":\"ListItem\",\"position\":2,\"name\":\"Canarinhos marcam presen\u00e7a no Semin\u00e1rio Frei Galv\u00e3o de Guaratinguet\u00e1 e encantam p\u00fablico\"}]},{\"@type\":\"Person\",\"@id\":\"https:\/\/franciscanos.org.br\/noticias\/#\/schema\/person\/b5c8cba458c330ccff548b056e95a5d4\",\"name\":\"moacir\",\"image\":{\"@type\":\"ImageObject\",\"inLanguage\":\"pt-BR\",\"@id\":\"https:\/\/franciscanos.org.br\/noticias\/#\/schema\/person\/image\/\",\"url\":\"https:\/\/secure.gravatar.com\/avatar\/d08aa2ce4c8dd416d4479aa8536fcf64?s=96&d=mm&r=g\",\"contentUrl\":\"https:\/\/secure.gravatar.com\/avatar\/d08aa2ce4c8dd416d4479aa8536fcf64?s=96&d=mm&r=g\",\"caption\":\"moacir\"},\"url\":\"https:\/\/franciscanos.org.br\/noticias\/author\/moacir\"}]}<\/script>\n<!-- \/ Yoast SEO plugin. -->","yoast_head_json":{"title":"Canarinhos marcam presen\u00e7a no Semin\u00e1rio Frei Galv\u00e3o de Guaratinguet\u00e1 e encantam p\u00fablico - Not\u00edcias - Franciscanos","robots":{"index":"index","follow":"follow","max-snippet":"max-snippet:-1","max-image-preview":"max-image-preview:large","max-video-preview":"max-video-preview:-1"},"canonical":"https:\/\/franciscanos.org.br\/noticias\/canarinhos-marcam-presenca-no-seminario-frei-galvao-de-guaratingueta-e-encantam-publico.html","og_locale":"pt_BR","og_type":"article","og_title":"Canarinhos marcam presen\u00e7a no Semin\u00e1rio Frei Galv\u00e3o de Guaratinguet\u00e1 e encantam p\u00fablico - Not\u00edcias - Franciscanos","og_description":"Semin\u00e1rio Frei Galv\u00e3o","og_url":"https:\/\/franciscanos.org.br\/noticias\/canarinhos-marcam-presenca-no-seminario-frei-galvao-de-guaratingueta-e-encantam-publico.html","og_site_name":"Not\u00edcias - Franciscanos","article_published_time":"2022-10-23T17:08:49+00:00","article_modified_time":"2022-10-23T17:17:20+00:00","og_image":[{"width":1280,"height":715,"url":"https:\/\/franciscanos.org.br\/noticias\/wp-content\/uploads\/2022\/10\/canarinhos_2301.jpg","type":"image\/jpeg"}],"author":"moacir","twitter_card":"summary_large_image","twitter_misc":{"Escrito por":"moacir","Est. tempo de leitura":"3 minutos"},"schema":{"@context":"https:\/\/schema.org","@graph":[{"@type":"WebSite","@id":"https:\/\/franciscanos.org.br\/noticias\/#website","url":"https:\/\/franciscanos.org.br\/noticias\/","name":"Not\u00edcias - Franciscanos","description":"Prov\u00edncia Franciscana da Imaculada Concei\u00e7\u00e3o do Brasil - Ordem dos Frades Menores - OFM","potentialAction":[{"@type":"SearchAction","target":{"@type":"EntryPoint","urlTemplate":"https:\/\/franciscanos.org.br\/noticias\/?s={search_term_string}"},"query-input":"required name=search_term_string"}],"inLanguage":"pt-BR"},{"@type":"ImageObject","inLanguage":"pt-BR","@id":"https:\/\/franciscanos.org.br\/noticias\/canarinhos-marcam-presenca-no-seminario-frei-galvao-de-guaratingueta-e-encantam-publico.html#primaryimage","url":"https:\/\/franciscanos.org.br\/noticias\/wp-content\/uploads\/2022\/10\/canarinhos_2301.jpg","contentUrl":"https:\/\/franciscanos.org.br\/noticias\/wp-content\/uploads\/2022\/10\/canarinhos_2301.jpg","width":1280,"height":715},{"@type":"WebPage","@id":"https:\/\/franciscanos.org.br\/noticias\/canarinhos-marcam-presenca-no-seminario-frei-galvao-de-guaratingueta-e-encantam-publico.html#webpage","url":"https:\/\/franciscanos.org.br\/noticias\/canarinhos-marcam-presenca-no-seminario-frei-galvao-de-guaratingueta-e-encantam-publico.html","name":"Canarinhos marcam presen\u00e7a no Semin\u00e1rio Frei Galv\u00e3o de Guaratinguet\u00e1 e encantam p\u00fablico - Not\u00edcias - Franciscanos","isPartOf":{"@id":"https:\/\/franciscanos.org.br\/noticias\/#website"},"primaryImageOfPage":{"@id":"https:\/\/franciscanos.org.br\/noticias\/canarinhos-marcam-presenca-no-seminario-frei-galvao-de-guaratingueta-e-encantam-publico.html#primaryimage"},"datePublished":"2022-10-23T17:08:49+00:00","dateModified":"2022-10-23T17:17:20+00:00","author":{"@id":"https:\/\/franciscanos.org.br\/noticias\/#\/schema\/person\/b5c8cba458c330ccff548b056e95a5d4"},"breadcrumb":{"@id":"https:\/\/franciscanos.org.br\/noticias\/canarinhos-marcam-presenca-no-seminario-frei-galvao-de-guaratingueta-e-encantam-publico.html#breadcrumb"},"inLanguage":"pt-BR","potentialAction":[{"@type":"ReadAction","target":["https:\/\/franciscanos.org.br\/noticias\/canarinhos-marcam-presenca-no-seminario-frei-galvao-de-guaratingueta-e-encantam-publico.html"]}]},{"@type":"BreadcrumbList","@id":"https:\/\/franciscanos.org.br\/noticias\/canarinhos-marcam-presenca-no-seminario-frei-galvao-de-guaratingueta-e-encantam-publico.html#breadcrumb","itemListElement":[{"@type":"ListItem","position":1,"name":"Home","item":"https:\/\/franciscanos.org.br\/noticias"},{"@type":"ListItem","position":2,"name":"Canarinhos marcam presen\u00e7a no Semin\u00e1rio Frei Galv\u00e3o de Guaratinguet\u00e1 e encantam p\u00fablico"}]},{"@type":"Person","@id":"https:\/\/franciscanos.org.br\/noticias\/#\/schema\/person\/b5c8cba458c330ccff548b056e95a5d4","name":"moacir","image":{"@type":"ImageObject","inLanguage":"pt-BR","@id":"https:\/\/franciscanos.org.br\/noticias\/#\/schema\/person\/image\/","url":"https:\/\/secure.gravatar.com\/avatar\/d08aa2ce4c8dd416d4479aa8536fcf64?s=96&d=mm&r=g","contentUrl":"https:\/\/secure.gravatar.com\/avatar\/d08aa2ce4c8dd416d4479aa8536fcf64?s=96&d=mm&r=g","caption":"moacir"},"url":"https:\/\/franciscanos.org.br\/noticias\/author\/moacir"}]}},"_links":{"self":[{"href":"https:\/\/franciscanos.org.br\/noticias\/wp-json\/wp\/v2\/posts\/240513"}],"collection":[{"href":"https:\/\/franciscanos.org.br\/noticias\/wp-json\/wp\/v2\/posts"}],"about":[{"href":"https:\/\/franciscanos.org.br\/noticias\/wp-json\/wp\/v2\/types\/post"}],"author":[{"embeddable":true,"href":"https:\/\/franciscanos.org.br\/noticias\/wp-json\/wp\/v2\/users\/3"}],"replies":[{"embeddable":true,"href":"https:\/\/franciscanos.org.br\/noticias\/wp-json\/wp\/v2\/comments?post=240513"}],"version-history":[{"count":2,"href":"https:\/\/franciscanos.org.br\/noticias\/wp-json\/wp\/v2\/posts\/240513\/revisions"}],"predecessor-version":[{"id":240523,"href":"https:\/\/franciscanos.org.br\/noticias\/wp-json\/wp\/v2\/posts\/240513\/revisions\/240523"}],"wp:featuredmedia":[{"embeddable":true,"href":"https:\/\/franciscanos.org.br\/noticias\/wp-json\/wp\/v2\/media\/240514"}],"wp:attachment":[{"href":"https:\/\/franciscanos.org.br\/noticias\/wp-json\/wp\/v2\/media?parent=240513"}],"wp:term":[{"taxonomy":"category","embeddable":true,"href":"https:\/\/franciscanos.org.br\/noticias\/wp-json\/wp\/v2\/categories?post=240513"},{"taxonomy":"post_tag","embeddable":true,"href":"https:\/\/franciscanos.org.br\/noticias\/wp-json\/wp\/v2\/tags?post=240513"}],"curies":[{"name":"wp","href":"https:\/\/api.w.org\/{rel}","templated":true}]}}