{"id":240466,"date":"2022-10-22T23:46:07","date_gmt":"2022-10-23T02:46:07","guid":{"rendered":"https:\/\/franciscanos.org.br\/noticias\/?p=240466"},"modified":"2022-10-23T09:28:41","modified_gmt":"2022-10-23T12:28:41","slug":"frei-medella-mostra-as-licoes-do-fariseu-e-do-publicano","status":"publish","type":"post","link":"https:\/\/franciscanos.org.br\/noticias\/frei-medella-mostra-as-licoes-do-fariseu-e-do-publicano.html","title":{"rendered":"Frei Medella mostra as li\u00e7\u00f5es do fariseu e do publicano"},"content":{"rendered":"<p><img loading=\"lazy\" class=\"alignnone size-full wp-image-240467\" src=\"https:\/\/franciscanos.org.br\/noticias\/wp-content\/uploads\/2022\/10\/medella_20.jpg\" alt=\"\" width=\"1280\" height=\"720\" srcset=\"https:\/\/franciscanos.org.br\/noticias\/wp-content\/uploads\/2022\/10\/medella_20.jpg 1280w, https:\/\/franciscanos.org.br\/noticias\/wp-content\/uploads\/2022\/10\/medella_20-450x253.jpg 450w, https:\/\/franciscanos.org.br\/noticias\/wp-content\/uploads\/2022\/10\/medella_20-1024x576.jpg 1024w, https:\/\/franciscanos.org.br\/noticias\/wp-content\/uploads\/2022\/10\/medella_20-768x432.jpg 768w, https:\/\/franciscanos.org.br\/noticias\/wp-content\/uploads\/2022\/10\/medella_20-150x84.jpg 150w\" sizes=\"(max-width: 1280px) 100vw, 1280px\" \/><\/p>\n<p><strong>Guaratinguet\u00e1 (SP)<\/strong> &#8211; O Vig\u00e1rio Provincial, Frei Gustavo Medella, presidiu a Celebra\u00e7\u00e3o Eucar\u00edstica, \u00e0s 19 horas, encerrando o s\u00e9timo dia da Novena em prepara\u00e7\u00e3o para a Festa de Frei Galv\u00e3o, no Santu\u00e1rio Frei Galv\u00e3o, em Guaratinguet\u00e1 (SP). A presen\u00e7a do Coral dos Canarinhos deixou a Missa mais solene e bela. Neste s\u00e1bado (22\/10), o tema do dia da Novena foi \u201cFrei Galv\u00e3o, terra f\u00e9rtil de frutos bons\u201d.<\/p>\n<p>Frei Medella foi acolhido pelo reitor do Santu\u00e1rio, Frei Diego de Atalino Melo, que agradeceu a presen\u00e7a de Frei Medella, dos Canarinhos, do Definidor Provincial Frei Marcos Antonio de Andrade e dos frades que vieram participar da Festa. O povo lotou a igreja e respondeu prontamente ao convite para o gesto concreto do dia, que foi a doa\u00e7\u00e3o de produtos de higiene pessoal.<\/p>\n<p><img loading=\"lazy\" class=\"alignnone wp-image-240468 size-full\" src=\"https:\/\/franciscanos.org.br\/noticias\/wp-content\/uploads\/2022\/10\/medella_01.jpg\" alt=\"\" width=\"1280\" height=\"720\" srcset=\"https:\/\/franciscanos.org.br\/noticias\/wp-content\/uploads\/2022\/10\/medella_01.jpg 1280w, https:\/\/franciscanos.org.br\/noticias\/wp-content\/uploads\/2022\/10\/medella_01-450x253.jpg 450w, https:\/\/franciscanos.org.br\/noticias\/wp-content\/uploads\/2022\/10\/medella_01-1024x576.jpg 1024w, https:\/\/franciscanos.org.br\/noticias\/wp-content\/uploads\/2022\/10\/medella_01-768x432.jpg 768w, https:\/\/franciscanos.org.br\/noticias\/wp-content\/uploads\/2022\/10\/medella_01-150x84.jpg 150w\" sizes=\"(max-width: 1280px) 100vw, 1280px\" \/><\/p>\n\n\t\t<style type=\"text\/css\">\n\t\t\t#gallery-1 {\n\t\t\t\tmargin: auto;\n\t\t\t}\n\t\t\t#gallery-1 .gallery-item {\n\t\t\t\tfloat: left;\n\t\t\t\tmargin-top: 10px;\n\t\t\t\ttext-align: center;\n\t\t\t\twidth: 11%;\n\t\t\t}\n\t\t\t#gallery-1 img {\n\t\t\t\tborder: 2px solid #cfcfcf;\n\t\t\t}\n\t\t\t#gallery-1 .gallery-caption {\n\t\t\t\tmargin-left: 0;\n\t\t\t}\n\t\t\t\/* see gallery_shortcode() in wp-includes\/media.php *\/\n\t\t<\/style>\n\t\t<div id='gallery-1' class='gallery galleryid-240466 gallery-columns-9 gallery-size-thumbnail'><dl class='gallery-item'>\n\t\t\t<dt class='gallery-icon landscape'>\n\t\t\t\t<a href='https:\/\/franciscanos.org.br\/noticias\/wp-content\/uploads\/2022\/10\/medella_03.jpg'><img width=\"300\" height=\"300\" src=\"https:\/\/franciscanos.org.br\/noticias\/wp-content\/uploads\/2022\/10\/medella_03-300x300.jpg\" class=\"attachment-thumbnail size-thumbnail\" alt=\"\" loading=\"lazy\" srcset=\"https:\/\/franciscanos.org.br\/noticias\/wp-content\/uploads\/2022\/10\/medella_03-300x300.jpg 300w, https:\/\/franciscanos.org.br\/noticias\/wp-content\/uploads\/2022\/10\/medella_03-100x100.jpg 100w\" sizes=\"(max-width: 300px) 100vw, 300px\" \/><\/a>\n\t\t\t<\/dt><\/dl><dl class='gallery-item'>\n\t\t\t<dt class='gallery-icon landscape'>\n\t\t\t\t<a href='https:\/\/franciscanos.org.br\/noticias\/wp-content\/uploads\/2022\/10\/medella_04.jpg'><img width=\"300\" height=\"300\" src=\"https:\/\/franciscanos.org.br\/noticias\/wp-content\/uploads\/2022\/10\/medella_04-300x300.jpg\" class=\"attachment-thumbnail size-thumbnail\" alt=\"\" loading=\"lazy\" srcset=\"https:\/\/franciscanos.org.br\/noticias\/wp-content\/uploads\/2022\/10\/medella_04-300x300.jpg 300w, https:\/\/franciscanos.org.br\/noticias\/wp-content\/uploads\/2022\/10\/medella_04-100x100.jpg 100w\" sizes=\"(max-width: 300px) 100vw, 300px\" \/><\/a>\n\t\t\t<\/dt><\/dl><dl class='gallery-item'>\n\t\t\t<dt class='gallery-icon landscape'>\n\t\t\t\t<a href='https:\/\/franciscanos.org.br\/noticias\/wp-content\/uploads\/2022\/10\/medella_06.jpg'><img width=\"300\" height=\"300\" src=\"https:\/\/franciscanos.org.br\/noticias\/wp-content\/uploads\/2022\/10\/medella_06-300x300.jpg\" class=\"attachment-thumbnail size-thumbnail\" alt=\"\" loading=\"lazy\" srcset=\"https:\/\/franciscanos.org.br\/noticias\/wp-content\/uploads\/2022\/10\/medella_06-300x300.jpg 300w, https:\/\/franciscanos.org.br\/noticias\/wp-content\/uploads\/2022\/10\/medella_06-100x100.jpg 100w\" sizes=\"(max-width: 300px) 100vw, 300px\" \/><\/a>\n\t\t\t<\/dt><\/dl><dl class='gallery-item'>\n\t\t\t<dt class='gallery-icon landscape'>\n\t\t\t\t<a href='https:\/\/franciscanos.org.br\/noticias\/wp-content\/uploads\/2022\/10\/medella_07.jpg'><img width=\"300\" height=\"300\" src=\"https:\/\/franciscanos.org.br\/noticias\/wp-content\/uploads\/2022\/10\/medella_07-300x300.jpg\" class=\"attachment-thumbnail size-thumbnail\" alt=\"\" loading=\"lazy\" srcset=\"https:\/\/franciscanos.org.br\/noticias\/wp-content\/uploads\/2022\/10\/medella_07-300x300.jpg 300w, https:\/\/franciscanos.org.br\/noticias\/wp-content\/uploads\/2022\/10\/medella_07-100x100.jpg 100w\" sizes=\"(max-width: 300px) 100vw, 300px\" \/><\/a>\n\t\t\t<\/dt><\/dl><dl class='gallery-item'>\n\t\t\t<dt class='gallery-icon landscape'>\n\t\t\t\t<a href='https:\/\/franciscanos.org.br\/noticias\/wp-content\/uploads\/2022\/10\/medella_09.jpg'><img width=\"300\" height=\"300\" src=\"https:\/\/franciscanos.org.br\/noticias\/wp-content\/uploads\/2022\/10\/medella_09-300x300.jpg\" class=\"attachment-thumbnail size-thumbnail\" alt=\"\" loading=\"lazy\" srcset=\"https:\/\/franciscanos.org.br\/noticias\/wp-content\/uploads\/2022\/10\/medella_09-300x300.jpg 300w, https:\/\/franciscanos.org.br\/noticias\/wp-content\/uploads\/2022\/10\/medella_09-100x100.jpg 100w\" sizes=\"(max-width: 300px) 100vw, 300px\" \/><\/a>\n\t\t\t<\/dt><\/dl><dl class='gallery-item'>\n\t\t\t<dt class='gallery-icon landscape'>\n\t\t\t\t<a href='https:\/\/franciscanos.org.br\/noticias\/wp-content\/uploads\/2022\/10\/medella_10.jpg'><img width=\"300\" height=\"300\" src=\"https:\/\/franciscanos.org.br\/noticias\/wp-content\/uploads\/2022\/10\/medella_10-300x300.jpg\" class=\"attachment-thumbnail size-thumbnail\" alt=\"\" loading=\"lazy\" srcset=\"https:\/\/franciscanos.org.br\/noticias\/wp-content\/uploads\/2022\/10\/medella_10-300x300.jpg 300w, https:\/\/franciscanos.org.br\/noticias\/wp-content\/uploads\/2022\/10\/medella_10-100x100.jpg 100w\" sizes=\"(max-width: 300px) 100vw, 300px\" \/><\/a>\n\t\t\t<\/dt><\/dl><dl class='gallery-item'>\n\t\t\t<dt class='gallery-icon landscape'>\n\t\t\t\t<a href='https:\/\/franciscanos.org.br\/noticias\/wp-content\/uploads\/2022\/10\/medella_12.jpg'><img width=\"300\" height=\"300\" src=\"https:\/\/franciscanos.org.br\/noticias\/wp-content\/uploads\/2022\/10\/medella_12-300x300.jpg\" class=\"attachment-thumbnail size-thumbnail\" alt=\"\" loading=\"lazy\" srcset=\"https:\/\/franciscanos.org.br\/noticias\/wp-content\/uploads\/2022\/10\/medella_12-300x300.jpg 300w, https:\/\/franciscanos.org.br\/noticias\/wp-content\/uploads\/2022\/10\/medella_12-100x100.jpg 100w\" sizes=\"(max-width: 300px) 100vw, 300px\" \/><\/a>\n\t\t\t<\/dt><\/dl><dl class='gallery-item'>\n\t\t\t<dt class='gallery-icon landscape'>\n\t\t\t\t<a href='https:\/\/franciscanos.org.br\/noticias\/wp-content\/uploads\/2022\/10\/medella_13.jpg'><img width=\"300\" height=\"300\" src=\"https:\/\/franciscanos.org.br\/noticias\/wp-content\/uploads\/2022\/10\/medella_13-300x300.jpg\" class=\"attachment-thumbnail size-thumbnail\" alt=\"\" loading=\"lazy\" srcset=\"https:\/\/franciscanos.org.br\/noticias\/wp-content\/uploads\/2022\/10\/medella_13-300x300.jpg 300w, https:\/\/franciscanos.org.br\/noticias\/wp-content\/uploads\/2022\/10\/medella_13-100x100.jpg 100w\" sizes=\"(max-width: 300px) 100vw, 300px\" \/><\/a>\n\t\t\t<\/dt><\/dl><dl class='gallery-item'>\n\t\t\t<dt class='gallery-icon landscape'>\n\t\t\t\t<a href='https:\/\/franciscanos.org.br\/noticias\/wp-content\/uploads\/2022\/10\/medella_18.jpg'><img width=\"300\" height=\"300\" src=\"https:\/\/franciscanos.org.br\/noticias\/wp-content\/uploads\/2022\/10\/medella_18-300x300.jpg\" class=\"attachment-thumbnail size-thumbnail\" alt=\"\" loading=\"lazy\" srcset=\"https:\/\/franciscanos.org.br\/noticias\/wp-content\/uploads\/2022\/10\/medella_18-300x300.jpg 300w, https:\/\/franciscanos.org.br\/noticias\/wp-content\/uploads\/2022\/10\/medella_18-100x100.jpg 100w\" sizes=\"(max-width: 300px) 100vw, 300px\" \/><\/a>\n\t\t\t<\/dt><\/dl><br style=\"clear: both\" \/>\n\t\t<\/div>\n\n<p><em>\u00a0 \u00a0(toque nas imagens menores para ampli\u00e1-las)<\/em><\/p>\n<p>Na sua reflex\u00e3o, Frei Medella disse que a Palavra de Deus do 30\u00ba domingo do Tempo Comum d\u00e1 esse presente, ou entrega de bandeja o tema da humildade para &#8220;que n\u00f3s possamos sobre ele refletir&#8221;.<\/p>\n<p>&#8220;Terra boa, de frutos bons. A terra boa \u00e9 onde a semente encontra espa\u00e7o para germinar, por isso ela n\u00e3o pode ser uma terra seca, n\u00e3o pode ser uma terra malcuidada, mas tem que ser uma terra fofa, preparada, a fim de que a semente cres\u00e7a, cheia de vida e produza os frutos t\u00e3o esperados&#8221;, explicou o frade.<\/p>\n<p>Segundo Frei Medella, n\u00e3o \u00e9 \u00e0 toa que a palavra humildade tem na sua raiz &#8216;<em>humus&#8217;<\/em>, que significa solo e solo f\u00e9rtil. &#8220;Solo adubado para produzir bons frutos. Por isso, o cora\u00e7\u00e3o humilde \u00e9 o que se deixa fecundar. \u00c9 o cora\u00e7\u00e3o que tem a mente no c\u00e9u mas os p\u00e9s plantados no ch\u00e3o e cria ra\u00edzes profundas, a fim de que o vento, a tempestade nada possa prejudicar o crescimento da semente&#8221;, acrescentou.<\/p>\n<p>O Vig\u00e1rio Provincial comentou a par\u00e1bola que Jesus apresenta no Evangelho de S\u00e3o Lucas, com a figura do fariseu, muito religioso, seguidor de seus preceitos, cidad\u00e3o de bem no seu tempo. &#8220;At\u00e9 a\u00ed nada est\u00e1 errado. Faz tudo certo. De tanto olhar para si mesmo, ele foi perdendo o v\u00ednculo com a realidade \u00e0 sua volta e a\u00ed ele come\u00e7ou a entrar numa grande ilus\u00e3o, porque quando ele pensava que estava fazendo tudo certo diante de Deus, sem perceber, deste Deus a quem ele pensava adorar, ele foi eliminando duas letras: a primeira e a \u00faltima. Se tirar o &#8220;d\u00ea e o esse&#8221;, o que fica? &#8216;Eu&#8217;. Ele parou de perceber que era parte de um todo maior e come\u00e7ou a se bastar a si mesmo e a\u00ed, explicando esse Evangelho, o Papa Francisco disse que quando ele rezava n\u00e3o tinha mais Deus diante de si, mas um espelho no qual ficava admirando a pr\u00f3pria beleza, as pr\u00f3prias virtudes&#8221;, definiu o frade.<\/p>\n<p><img loading=\"lazy\" class=\"alignnone size-full wp-image-240470\" src=\"https:\/\/franciscanos.org.br\/noticias\/wp-content\/uploads\/2022\/10\/medella_15.jpg\" alt=\"\" width=\"1280\" height=\"823\" srcset=\"https:\/\/franciscanos.org.br\/noticias\/wp-content\/uploads\/2022\/10\/medella_15.jpg 1280w, https:\/\/franciscanos.org.br\/noticias\/wp-content\/uploads\/2022\/10\/medella_15-450x289.jpg 450w, https:\/\/franciscanos.org.br\/noticias\/wp-content\/uploads\/2022\/10\/medella_15-1024x658.jpg 1024w, https:\/\/franciscanos.org.br\/noticias\/wp-content\/uploads\/2022\/10\/medella_15-768x494.jpg 768w, https:\/\/franciscanos.org.br\/noticias\/wp-content\/uploads\/2022\/10\/medella_15-150x96.jpg 150w\" sizes=\"(max-width: 1280px) 100vw, 1280px\" \/><\/p>\n<p>&#8220;E o pior: se achava melhor do que todos e no direito de apontar o dedo e desprezar cada pessoa&#8221;, emendou. &#8220;E, por isso, n\u00e3o satisfeito, ele olha para o publicano j\u00e1 encabulado e chama de ladr\u00e3o, desfaz-se dele, se acha pronto e acabado. O cora\u00e7\u00e3o dele se corrompeu. Esse fariseu, n\u00f3s podemos dizer, \u00e9 um corrupto. Por qu\u00ea? Porque o seu cora\u00e7\u00e3o duro &#8211; corrupto \u00e9 aquele que endurece tanto e acaba se desmanchando &#8211; tornou-se incapaz de amar, de perdoar, de acolher, de servir. Tinha olhos s\u00f3 para si&#8221;, continuou Frei Medella.<\/p>\n<p>Ele ilustrou com um ditado que ouviu de um senhor da ro\u00e7a que dizia o seguinte: &#8220;Frei, bambu que n\u00e3o morga, quebra&#8221;. Ou seja, quando fica muito endurecido, bate um vento e ele se desfaz. &#8220;E assim \u00e9 o cora\u00e7\u00e3o de quem se torna prepotente, de quem tira Deus da jogada, acha que se basta e se julga melhor do que os outros&#8221;, emendou.<\/p>\n<p><img loading=\"lazy\" class=\"alignnone size-full wp-image-240471\" src=\"https:\/\/franciscanos.org.br\/noticias\/wp-content\/uploads\/2022\/10\/medella_08.jpg\" alt=\"\" width=\"1280\" height=\"853\" srcset=\"https:\/\/franciscanos.org.br\/noticias\/wp-content\/uploads\/2022\/10\/medella_08.jpg 1280w, https:\/\/franciscanos.org.br\/noticias\/wp-content\/uploads\/2022\/10\/medella_08-450x300.jpg 450w, https:\/\/franciscanos.org.br\/noticias\/wp-content\/uploads\/2022\/10\/medella_08-1024x682.jpg 1024w, https:\/\/franciscanos.org.br\/noticias\/wp-content\/uploads\/2022\/10\/medella_08-768x512.jpg 768w, https:\/\/franciscanos.org.br\/noticias\/wp-content\/uploads\/2022\/10\/medella_08-150x100.jpg 150w\" sizes=\"(max-width: 1280px) 100vw, 1280px\" \/><\/p>\n<p>Mas Frei Medella ponderou que podemos aprender com o fariseu. &#8220;\u00c9 reconhecer que um pouquinho de farisa\u00edsmo mora dentro de cada um de n\u00f3s. E rezar todo dia: &#8216;Do farisa\u00edsmo de hoje, livrai-me Senhor&#8217;. Qual \u00e9 o perigo do farisa\u00edsmo? Mora um pouquinho dentro de mim, um pouquinho dentro dela, um pouquinho dentro dele e a\u00ed come\u00e7am a se encontrar. Um fariseu com o outro, o farisa\u00edsmo crescendo e, juntos, acham-se os bons, os perfeitos, os j\u00e1 acabados e quem \u00e9 diferente tem que ser desprezado, deixado de lado. E se come\u00e7a a criar um gueto, onde se aprende a julgar as pessoas e a olhar para elas de cima para baixo. E isso n\u00e3o tem nada a ver com o modo de Deus ser&#8221;, descreveu Frei Medella.<\/p>\n<p>Para ele, por mais que se ache que, cultivando esse tipo de postura, estar\u00e1 se purificando e se aproximando de Deus e do c\u00e9u, esse Deus \u00e9 um Deus ilus\u00f3rio. \u00c9 um deus sem &#8220;d\u00ea e esse&#8221;, \u00e9 um &#8216;Deus eu&#8217;, que vai levar ao vazio e \u00e0 perdi\u00e7\u00e3o. &#8220;Por isso, meus irm\u00e3os e minhas irm\u00e3s, vamos aprender com esse publicano, cobrador de impostos, homem simples. A ora\u00e7\u00e3o dele era duas ou tr\u00eas palavras, enquanto a do fariseu se multiplicava em frases de efeito. Ele s\u00f3 dizia assim? &#8216;Senhor, tem piedade de mim, que sou pecador&#8217;. O que ele fez? Ele preparou a terra do cora\u00e7\u00e3o para que a a\u00e7\u00e3o de Deus pudesse convert\u00ea-lo, para que ele pudesse se tornar uma pessoa melhor. E por isso, Jesus disse: ele saiu justificado, ou seja, esse homem simples e humilde est\u00e1 no caminho da salva\u00e7\u00e3o. Agora, aquele outro, at\u00e9 religioso, mas prepotente, arrogante, tem o cora\u00e7\u00e3o duro que vai quebrar mais dia menos dia, a menos que mude de atitude&#8221;, exortou.<\/p>\n<p><img loading=\"lazy\" class=\"alignnone size-full wp-image-240472\" src=\"https:\/\/franciscanos.org.br\/noticias\/wp-content\/uploads\/2022\/10\/medella_02.jpg\" alt=\"\" width=\"1280\" height=\"853\" srcset=\"https:\/\/franciscanos.org.br\/noticias\/wp-content\/uploads\/2022\/10\/medella_02.jpg 1280w, https:\/\/franciscanos.org.br\/noticias\/wp-content\/uploads\/2022\/10\/medella_02-450x300.jpg 450w, https:\/\/franciscanos.org.br\/noticias\/wp-content\/uploads\/2022\/10\/medella_02-1024x682.jpg 1024w, https:\/\/franciscanos.org.br\/noticias\/wp-content\/uploads\/2022\/10\/medella_02-768x512.jpg 768w, https:\/\/franciscanos.org.br\/noticias\/wp-content\/uploads\/2022\/10\/medella_02-150x100.jpg 150w\" sizes=\"(max-width: 1280px) 100vw, 1280px\" \/><\/p>\n<p>&#8220;Vamos deixar que Jesus nos ensine e Frei Galv\u00e3o nos mostre o caminho. A humildade e a bondade, tenho certeza que ele herdou da fam\u00edlia, porque eu li que a sua m\u00e3e Isabel morreu jovem, aos 38 anos. Embora, tanto ela quanto o esposo tivessem uma situa\u00e7\u00e3o financeira favor\u00e1vel, quando foram vesti-la para fazer o sepultamento, tiveram dificuldade porque ela tinha dado quase tudo para as pessoas pobres. Era um cora\u00e7\u00e3o humilde, desapeado, capaz de cultivar empatia, capaz de sentir a dor do outro. Isso Frei Galv\u00e3o levou com ele, em cada gesto, em cada palavra, em cada atitude criativa que ele inventava para estar mais pr\u00f3ximo das pessoas. Se n\u00e3o pudesse pessoalmente, mandava a p\u00edlula de Frei Galv\u00e3o, fazendo uma b\u00ean\u00e7\u00e3o a dist\u00e2ncia, at\u00e9 se tornando dois, capaz de estar em dois lugares misteriosamente. \u00c9 fruto do amor e da humildade que criativamente se multiplica e se espalha e chega l\u00e1 onde algu\u00e9m precisa ser amado e chega ali onde uma pessoa precisa ser levantada. Essa \u00e9 a din\u00e2mica do amor, que cresce e floresce no cora\u00e7\u00e3o amolecido, preparado pela humildade&#8221;, recordou.<\/p>\n<p><img loading=\"lazy\" class=\"alignnone size-full wp-image-240511\" src=\"https:\/\/franciscanos.org.br\/noticias\/wp-content\/uploads\/2022\/10\/canarinhos_22.jpg\" alt=\"\" width=\"1280\" height=\"725\" srcset=\"https:\/\/franciscanos.org.br\/noticias\/wp-content\/uploads\/2022\/10\/canarinhos_22.jpg 1280w, https:\/\/franciscanos.org.br\/noticias\/wp-content\/uploads\/2022\/10\/canarinhos_22-450x255.jpg 450w, https:\/\/franciscanos.org.br\/noticias\/wp-content\/uploads\/2022\/10\/canarinhos_22-1024x580.jpg 1024w, https:\/\/franciscanos.org.br\/noticias\/wp-content\/uploads\/2022\/10\/canarinhos_22-768x435.jpg 768w, https:\/\/franciscanos.org.br\/noticias\/wp-content\/uploads\/2022\/10\/canarinhos_22-150x85.jpg 150w\" sizes=\"(max-width: 1280px) 100vw, 1280px\" \/><\/p>\n<p>E Frei Medella pediu: &#8220;Vamos deixar pra l\u00e1 esse neg\u00f3cio de prepot\u00eancia, vamos abandonar essa mania de acharmos prontos e acabados, vamos largar esse v\u00edcio de apontar a m\u00e3o para outros lembrando que eu aponto um para frente, tem tr\u00eas apontados para mim. De cada defeito que n\u00f3s percebemos no outro, vamos perceber uns dois ou tr\u00eas que n\u00f3s podemos ter. E de cada qualidade que n\u00f3s admiramos no outro, vamos cultivar umas duas ou tr\u00eas que n\u00f3s tamb\u00e9m somos chamados a ter. S\u00e3o Francisco, no seu modo de viver e ensinar, nos apresenta uma verdade de vida muito bonita: &#8216;Ningu\u00e9m \u00e9 t\u00e3o ruim que n\u00e3o tenha nada de bom para oferecer, assim como ningu\u00e9m \u00e9 t\u00e3o bom que n\u00e3o tenha nada de menos bom para melhorar&#8217;. Vamos seguir juntos nesse caminho. Frei Galv\u00e3o nos guiando por esse caminho de santidade e assim vamos ser uma comunidade fecunda e produzir bons frutos de paz, de justi\u00e7a e de todo bem&#8221;, completou.<\/p>\n\n\t\t<style type=\"text\/css\">\n\t\t\t#gallery-2 {\n\t\t\t\tmargin: auto;\n\t\t\t}\n\t\t\t#gallery-2 .gallery-item {\n\t\t\t\tfloat: left;\n\t\t\t\tmargin-top: 10px;\n\t\t\t\ttext-align: center;\n\t\t\t\twidth: 33%;\n\t\t\t}\n\t\t\t#gallery-2 img {\n\t\t\t\tborder: 2px solid #cfcfcf;\n\t\t\t}\n\t\t\t#gallery-2 .gallery-caption {\n\t\t\t\tmargin-left: 0;\n\t\t\t}\n\t\t\t\/* see gallery_shortcode() in wp-includes\/media.php *\/\n\t\t<\/style>\n\t\t<div id='gallery-2' class='gallery galleryid-240466 gallery-columns-3 gallery-size-thumbnail'><dl class='gallery-item'>\n\t\t\t<dt class='gallery-icon portrait'>\n\t\t\t\t<a href='https:\/\/franciscanos.org.br\/noticias\/wp-content\/uploads\/2022\/10\/medella_14.jpg'><img width=\"300\" height=\"300\" src=\"https:\/\/franciscanos.org.br\/noticias\/wp-content\/uploads\/2022\/10\/medella_14-300x300.jpg\" class=\"attachment-thumbnail size-thumbnail\" alt=\"\" loading=\"lazy\" srcset=\"https:\/\/franciscanos.org.br\/noticias\/wp-content\/uploads\/2022\/10\/medella_14-300x300.jpg 300w, https:\/\/franciscanos.org.br\/noticias\/wp-content\/uploads\/2022\/10\/medella_14-100x100.jpg 100w\" sizes=\"(max-width: 300px) 100vw, 300px\" \/><\/a>\n\t\t\t<\/dt><\/dl><dl class='gallery-item'>\n\t\t\t<dt class='gallery-icon landscape'>\n\t\t\t\t<a href='https:\/\/franciscanos.org.br\/noticias\/wp-content\/uploads\/2022\/10\/medella_16a.jpg'><img width=\"300\" height=\"300\" src=\"https:\/\/franciscanos.org.br\/noticias\/wp-content\/uploads\/2022\/10\/medella_16a-300x300.jpg\" class=\"attachment-thumbnail size-thumbnail\" alt=\"\" loading=\"lazy\" srcset=\"https:\/\/franciscanos.org.br\/noticias\/wp-content\/uploads\/2022\/10\/medella_16a-300x300.jpg 300w, https:\/\/franciscanos.org.br\/noticias\/wp-content\/uploads\/2022\/10\/medella_16a-100x100.jpg 100w\" sizes=\"(max-width: 300px) 100vw, 300px\" \/><\/a>\n\t\t\t<\/dt><\/dl><dl class='gallery-item'>\n\t\t\t<dt class='gallery-icon landscape'>\n\t\t\t\t<a href='https:\/\/franciscanos.org.br\/noticias\/wp-content\/uploads\/2022\/10\/medella_17.jpg'><img width=\"300\" height=\"300\" src=\"https:\/\/franciscanos.org.br\/noticias\/wp-content\/uploads\/2022\/10\/medella_17-300x300.jpg\" class=\"attachment-thumbnail size-thumbnail\" alt=\"\" loading=\"lazy\" srcset=\"https:\/\/franciscanos.org.br\/noticias\/wp-content\/uploads\/2022\/10\/medella_17-300x300.jpg 300w, https:\/\/franciscanos.org.br\/noticias\/wp-content\/uploads\/2022\/10\/medella_17-100x100.jpg 100w\" sizes=\"(max-width: 300px) 100vw, 300px\" \/><\/a>\n\t\t\t<\/dt><\/dl><br style=\"clear: both\" \/>\n\t\t<\/div>\n\n<p><strong>SHOW <\/strong><\/p>\n<p>Ariane Zaine cantou neste s\u00e1bado \u00e0s 21 horas. Aos 26 anos, ela participou do The Voice Brasil e \u00e9 de Guaratinguet\u00e1.<\/p>\n<p><strong>PROGRAMA\u00c7\u00c3O<\/strong><\/p>\n<p><strong>23 de outubro \u2013 Domingo (Gesto concreto: \u00d3leo)<\/strong><\/p>\n<p>06h00 \u2013 Missa<br \/>\n08h00 \u2013 Missa<br \/>\n09h00 \u2013 8\u00b0 Encontro de Fuscas e Carros Antigos \u2013 Na Alameda Frei Galv\u00e3o<br \/>\n9h00 \u2013 Abertura das Barraquinhas de Doces e Salgados<br \/>\n10h00 \u2013 Missa<br \/>\n11h30 \u2013 Sorteio do fusca de Frei Galv\u00e3o \u2013 Transmiss\u00e3o pela TV Frei Galv\u00e3o (You Tube)r<br \/>\n13h00 \u2013 Show com J\u00fanior P\u00e9rola<br \/>\n15h00 \u2013 Missa do 8\u00b0 dia da Novena \u2013 Tema: \u201cFrei Galv\u00e3o, Exemplo de Ora\u00e7\u00e3o e Humildade\u201d.<br \/>\n7h30 \u2013 Missa<br \/>\n19h30 \u2013 Missa do 8\u00b0 dia da Novena \u2013 Tema: \u201cFrei Galv\u00e3o, Exemplo de Ora\u00e7\u00e3o e Humildade\u201d<br \/>\n21h00 \u2013 Show com Adriana Gil<br \/>\n21h00 \u2013 A\u00e7\u00e3o entre amigos<\/p>\n<hr \/>\n<p><em>Equipe de Comunica\u00e7\u00e3o do Santu\u00e1rio Frei Galv\u00e3o<\/em><\/p>\n","protected":false},"excerpt":{"rendered":"<p>Festa de Frei Galv\u00e3o 2022<\/p>\n","protected":false},"author":3,"featured_media":240467,"comment_status":"open","ping_status":"open","sticky":false,"template":"","format":"standard","meta":[],"categories":[1],"tags":[2067],"acf":[],"yoast_head":"<!-- This site is optimized with the Yoast SEO plugin v19.2 - https:\/\/yoast.com\/wordpress\/plugins\/seo\/ -->\n<title>Frei Medella mostra as li\u00e7\u00f5es do fariseu e do publicano - Not\u00edcias - Franciscanos<\/title>\n<meta name=\"robots\" content=\"index, follow, max-snippet:-1, max-image-preview:large, max-video-preview:-1\" \/>\n<link rel=\"canonical\" href=\"https:\/\/franciscanos.org.br\/noticias\/frei-medella-mostra-as-licoes-do-fariseu-e-do-publicano.html\" \/>\n<meta property=\"og:locale\" content=\"pt_BR\" \/>\n<meta property=\"og:type\" content=\"article\" \/>\n<meta property=\"og:title\" content=\"Frei Medella mostra as li\u00e7\u00f5es do fariseu e do publicano - Not\u00edcias - Franciscanos\" \/>\n<meta property=\"og:description\" content=\"Festa de Frei Galv\u00e3o 2022\" \/>\n<meta property=\"og:url\" content=\"https:\/\/franciscanos.org.br\/noticias\/frei-medella-mostra-as-licoes-do-fariseu-e-do-publicano.html\" \/>\n<meta property=\"og:site_name\" content=\"Not\u00edcias - Franciscanos\" \/>\n<meta property=\"article:published_time\" content=\"2022-10-23T02:46:07+00:00\" \/>\n<meta property=\"article:modified_time\" content=\"2022-10-23T12:28:41+00:00\" \/>\n<meta property=\"og:image\" content=\"https:\/\/franciscanos.org.br\/noticias\/wp-content\/uploads\/2022\/10\/medella_20.jpg\" \/>\n\t<meta property=\"og:image:width\" content=\"1280\" \/>\n\t<meta property=\"og:image:height\" content=\"720\" \/>\n\t<meta property=\"og:image:type\" content=\"image\/jpeg\" \/>\n<meta name=\"author\" content=\"moacir\" \/>\n<meta name=\"twitter:card\" content=\"summary_large_image\" \/>\n<meta name=\"twitter:label1\" content=\"Escrito por\" \/>\n\t<meta name=\"twitter:data1\" content=\"moacir\" \/>\n\t<meta name=\"twitter:label2\" content=\"Est. tempo de leitura\" \/>\n\t<meta name=\"twitter:data2\" content=\"9 minutos\" \/>\n<script type=\"application\/ld+json\" class=\"yoast-schema-graph\">{\"@context\":\"https:\/\/schema.org\",\"@graph\":[{\"@type\":\"WebSite\",\"@id\":\"https:\/\/franciscanos.org.br\/noticias\/#website\",\"url\":\"https:\/\/franciscanos.org.br\/noticias\/\",\"name\":\"Not\u00edcias - Franciscanos\",\"description\":\"Prov\u00edncia Franciscana da Imaculada Concei\u00e7\u00e3o do Brasil - Ordem dos Frades Menores - OFM\",\"potentialAction\":[{\"@type\":\"SearchAction\",\"target\":{\"@type\":\"EntryPoint\",\"urlTemplate\":\"https:\/\/franciscanos.org.br\/noticias\/?s={search_term_string}\"},\"query-input\":\"required name=search_term_string\"}],\"inLanguage\":\"pt-BR\"},{\"@type\":\"ImageObject\",\"inLanguage\":\"pt-BR\",\"@id\":\"https:\/\/franciscanos.org.br\/noticias\/frei-medella-mostra-as-licoes-do-fariseu-e-do-publicano.html#primaryimage\",\"url\":\"https:\/\/franciscanos.org.br\/noticias\/wp-content\/uploads\/2022\/10\/medella_20.jpg\",\"contentUrl\":\"https:\/\/franciscanos.org.br\/noticias\/wp-content\/uploads\/2022\/10\/medella_20.jpg\",\"width\":1280,\"height\":720},{\"@type\":\"WebPage\",\"@id\":\"https:\/\/franciscanos.org.br\/noticias\/frei-medella-mostra-as-licoes-do-fariseu-e-do-publicano.html#webpage\",\"url\":\"https:\/\/franciscanos.org.br\/noticias\/frei-medella-mostra-as-licoes-do-fariseu-e-do-publicano.html\",\"name\":\"Frei Medella mostra as li\u00e7\u00f5es do fariseu e do publicano - Not\u00edcias - Franciscanos\",\"isPartOf\":{\"@id\":\"https:\/\/franciscanos.org.br\/noticias\/#website\"},\"primaryImageOfPage\":{\"@id\":\"https:\/\/franciscanos.org.br\/noticias\/frei-medella-mostra-as-licoes-do-fariseu-e-do-publicano.html#primaryimage\"},\"datePublished\":\"2022-10-23T02:46:07+00:00\",\"dateModified\":\"2022-10-23T12:28:41+00:00\",\"author\":{\"@id\":\"https:\/\/franciscanos.org.br\/noticias\/#\/schema\/person\/b5c8cba458c330ccff548b056e95a5d4\"},\"breadcrumb\":{\"@id\":\"https:\/\/franciscanos.org.br\/noticias\/frei-medella-mostra-as-licoes-do-fariseu-e-do-publicano.html#breadcrumb\"},\"inLanguage\":\"pt-BR\",\"potentialAction\":[{\"@type\":\"ReadAction\",\"target\":[\"https:\/\/franciscanos.org.br\/noticias\/frei-medella-mostra-as-licoes-do-fariseu-e-do-publicano.html\"]}]},{\"@type\":\"BreadcrumbList\",\"@id\":\"https:\/\/franciscanos.org.br\/noticias\/frei-medella-mostra-as-licoes-do-fariseu-e-do-publicano.html#breadcrumb\",\"itemListElement\":[{\"@type\":\"ListItem\",\"position\":1,\"name\":\"Home\",\"item\":\"https:\/\/franciscanos.org.br\/noticias\"},{\"@type\":\"ListItem\",\"position\":2,\"name\":\"Frei Medella mostra as li\u00e7\u00f5es do fariseu e do publicano\"}]},{\"@type\":\"Person\",\"@id\":\"https:\/\/franciscanos.org.br\/noticias\/#\/schema\/person\/b5c8cba458c330ccff548b056e95a5d4\",\"name\":\"moacir\",\"image\":{\"@type\":\"ImageObject\",\"inLanguage\":\"pt-BR\",\"@id\":\"https:\/\/franciscanos.org.br\/noticias\/#\/schema\/person\/image\/\",\"url\":\"https:\/\/secure.gravatar.com\/avatar\/d08aa2ce4c8dd416d4479aa8536fcf64?s=96&d=mm&r=g\",\"contentUrl\":\"https:\/\/secure.gravatar.com\/avatar\/d08aa2ce4c8dd416d4479aa8536fcf64?s=96&d=mm&r=g\",\"caption\":\"moacir\"},\"url\":\"https:\/\/franciscanos.org.br\/noticias\/author\/moacir\"}]}<\/script>\n<!-- \/ Yoast SEO plugin. -->","yoast_head_json":{"title":"Frei Medella mostra as li\u00e7\u00f5es do fariseu e do publicano - Not\u00edcias - Franciscanos","robots":{"index":"index","follow":"follow","max-snippet":"max-snippet:-1","max-image-preview":"max-image-preview:large","max-video-preview":"max-video-preview:-1"},"canonical":"https:\/\/franciscanos.org.br\/noticias\/frei-medella-mostra-as-licoes-do-fariseu-e-do-publicano.html","og_locale":"pt_BR","og_type":"article","og_title":"Frei Medella mostra as li\u00e7\u00f5es do fariseu e do publicano - Not\u00edcias - Franciscanos","og_description":"Festa de Frei Galv\u00e3o 2022","og_url":"https:\/\/franciscanos.org.br\/noticias\/frei-medella-mostra-as-licoes-do-fariseu-e-do-publicano.html","og_site_name":"Not\u00edcias - Franciscanos","article_published_time":"2022-10-23T02:46:07+00:00","article_modified_time":"2022-10-23T12:28:41+00:00","og_image":[{"width":1280,"height":720,"url":"https:\/\/franciscanos.org.br\/noticias\/wp-content\/uploads\/2022\/10\/medella_20.jpg","type":"image\/jpeg"}],"author":"moacir","twitter_card":"summary_large_image","twitter_misc":{"Escrito por":"moacir","Est. tempo de leitura":"9 minutos"},"schema":{"@context":"https:\/\/schema.org","@graph":[{"@type":"WebSite","@id":"https:\/\/franciscanos.org.br\/noticias\/#website","url":"https:\/\/franciscanos.org.br\/noticias\/","name":"Not\u00edcias - Franciscanos","description":"Prov\u00edncia Franciscana da Imaculada Concei\u00e7\u00e3o do Brasil - Ordem dos Frades Menores - OFM","potentialAction":[{"@type":"SearchAction","target":{"@type":"EntryPoint","urlTemplate":"https:\/\/franciscanos.org.br\/noticias\/?s={search_term_string}"},"query-input":"required name=search_term_string"}],"inLanguage":"pt-BR"},{"@type":"ImageObject","inLanguage":"pt-BR","@id":"https:\/\/franciscanos.org.br\/noticias\/frei-medella-mostra-as-licoes-do-fariseu-e-do-publicano.html#primaryimage","url":"https:\/\/franciscanos.org.br\/noticias\/wp-content\/uploads\/2022\/10\/medella_20.jpg","contentUrl":"https:\/\/franciscanos.org.br\/noticias\/wp-content\/uploads\/2022\/10\/medella_20.jpg","width":1280,"height":720},{"@type":"WebPage","@id":"https:\/\/franciscanos.org.br\/noticias\/frei-medella-mostra-as-licoes-do-fariseu-e-do-publicano.html#webpage","url":"https:\/\/franciscanos.org.br\/noticias\/frei-medella-mostra-as-licoes-do-fariseu-e-do-publicano.html","name":"Frei Medella mostra as li\u00e7\u00f5es do fariseu e do publicano - Not\u00edcias - Franciscanos","isPartOf":{"@id":"https:\/\/franciscanos.org.br\/noticias\/#website"},"primaryImageOfPage":{"@id":"https:\/\/franciscanos.org.br\/noticias\/frei-medella-mostra-as-licoes-do-fariseu-e-do-publicano.html#primaryimage"},"datePublished":"2022-10-23T02:46:07+00:00","dateModified":"2022-10-23T12:28:41+00:00","author":{"@id":"https:\/\/franciscanos.org.br\/noticias\/#\/schema\/person\/b5c8cba458c330ccff548b056e95a5d4"},"breadcrumb":{"@id":"https:\/\/franciscanos.org.br\/noticias\/frei-medella-mostra-as-licoes-do-fariseu-e-do-publicano.html#breadcrumb"},"inLanguage":"pt-BR","potentialAction":[{"@type":"ReadAction","target":["https:\/\/franciscanos.org.br\/noticias\/frei-medella-mostra-as-licoes-do-fariseu-e-do-publicano.html"]}]},{"@type":"BreadcrumbList","@id":"https:\/\/franciscanos.org.br\/noticias\/frei-medella-mostra-as-licoes-do-fariseu-e-do-publicano.html#breadcrumb","itemListElement":[{"@type":"ListItem","position":1,"name":"Home","item":"https:\/\/franciscanos.org.br\/noticias"},{"@type":"ListItem","position":2,"name":"Frei Medella mostra as li\u00e7\u00f5es do fariseu e do publicano"}]},{"@type":"Person","@id":"https:\/\/franciscanos.org.br\/noticias\/#\/schema\/person\/b5c8cba458c330ccff548b056e95a5d4","name":"moacir","image":{"@type":"ImageObject","inLanguage":"pt-BR","@id":"https:\/\/franciscanos.org.br\/noticias\/#\/schema\/person\/image\/","url":"https:\/\/secure.gravatar.com\/avatar\/d08aa2ce4c8dd416d4479aa8536fcf64?s=96&d=mm&r=g","contentUrl":"https:\/\/secure.gravatar.com\/avatar\/d08aa2ce4c8dd416d4479aa8536fcf64?s=96&d=mm&r=g","caption":"moacir"},"url":"https:\/\/franciscanos.org.br\/noticias\/author\/moacir"}]}},"_links":{"self":[{"href":"https:\/\/franciscanos.org.br\/noticias\/wp-json\/wp\/v2\/posts\/240466"}],"collection":[{"href":"https:\/\/franciscanos.org.br\/noticias\/wp-json\/wp\/v2\/posts"}],"about":[{"href":"https:\/\/franciscanos.org.br\/noticias\/wp-json\/wp\/v2\/types\/post"}],"author":[{"embeddable":true,"href":"https:\/\/franciscanos.org.br\/noticias\/wp-json\/wp\/v2\/users\/3"}],"replies":[{"embeddable":true,"href":"https:\/\/franciscanos.org.br\/noticias\/wp-json\/wp\/v2\/comments?post=240466"}],"version-history":[{"count":3,"href":"https:\/\/franciscanos.org.br\/noticias\/wp-json\/wp\/v2\/posts\/240466\/revisions"}],"predecessor-version":[{"id":240512,"href":"https:\/\/franciscanos.org.br\/noticias\/wp-json\/wp\/v2\/posts\/240466\/revisions\/240512"}],"wp:featuredmedia":[{"embeddable":true,"href":"https:\/\/franciscanos.org.br\/noticias\/wp-json\/wp\/v2\/media\/240467"}],"wp:attachment":[{"href":"https:\/\/franciscanos.org.br\/noticias\/wp-json\/wp\/v2\/media?parent=240466"}],"wp:term":[{"taxonomy":"category","embeddable":true,"href":"https:\/\/franciscanos.org.br\/noticias\/wp-json\/wp\/v2\/categories?post=240466"},{"taxonomy":"post_tag","embeddable":true,"href":"https:\/\/franciscanos.org.br\/noticias\/wp-json\/wp\/v2\/tags?post=240466"}],"curies":[{"name":"wp","href":"https:\/\/api.w.org\/{rel}","templated":true}]}}