{"id":240465,"date":"2022-10-22T23:56:42","date_gmt":"2022-10-23T02:56:42","guid":{"rendered":"https:\/\/franciscanos.org.br\/noticias\/?p=240465"},"modified":"2022-10-23T08:41:24","modified_gmt":"2022-10-23T11:41:24","slug":"canarinhos-de-petropolis-levam-solenidade-ao-bicentenario-de-frei-galvao-em-guaratingueta-sp","status":"publish","type":"post","link":"https:\/\/franciscanos.org.br\/noticias\/canarinhos-de-petropolis-levam-solenidade-ao-bicentenario-de-frei-galvao-em-guaratingueta-sp.html","title":{"rendered":"Canarinhos de Petr\u00f3polis levam solenidade ao bicenten\u00e1rio de Frei Galv\u00e3o em Guaratinguet\u00e1 (SP)"},"content":{"rendered":"<p><img loading=\"lazy\" class=\"alignnone wp-image-240489 size-full\" src=\"https:\/\/franciscanos.org.br\/noticias\/wp-content\/uploads\/2022\/10\/canarinhos_221022_3.jpg\" alt=\"\" width=\"1280\" height=\"800\" srcset=\"https:\/\/franciscanos.org.br\/noticias\/wp-content\/uploads\/2022\/10\/canarinhos_221022_3.jpg 1280w, https:\/\/franciscanos.org.br\/noticias\/wp-content\/uploads\/2022\/10\/canarinhos_221022_3-450x281.jpg 450w, https:\/\/franciscanos.org.br\/noticias\/wp-content\/uploads\/2022\/10\/canarinhos_221022_3-1024x640.jpg 1024w, https:\/\/franciscanos.org.br\/noticias\/wp-content\/uploads\/2022\/10\/canarinhos_221022_3-768x480.jpg 768w, https:\/\/franciscanos.org.br\/noticias\/wp-content\/uploads\/2022\/10\/canarinhos_221022_3-150x94.jpg 150w\" sizes=\"(max-width: 1280px) 100vw, 1280px\" \/><\/p>\n<p style=\"font-weight: 400;\"><strong>Guaratinguet\u00e1 (SP) &#8211;<\/strong> Pela primeira vez no Santu\u00e1rio Frei Galv\u00e3o em Guaratinguet\u00e1 (SP), o Coral dos Canarinhos de Petr\u00f3polis (RJ) encantou o p\u00fablico neste s\u00e1bado (22\/10), \u00e0s 17h, durante Concerto que fez parte das festividades da Festa de Frei Galv\u00e3o, primeiro santo brasileiro. Logo em seguida, \u00e0s 19h30, o Coral marcou presen\u00e7a na missa de 7\u00b0 dia da Novena e animou a celebra\u00e7\u00e3o com os c\u00e2nticos lit\u00fargicos.<\/p>\n<p style=\"font-weight: 400;\">Realizado no palco na \u00e1rea externa do Santu\u00e1rio, o concerto de m\u00fasicas populares levou aos presentes um show de cl\u00e1ssicos que tocou o cora\u00e7\u00e3o dos participantes que lotaram a tenda montada em frente ao palco. Pelos bastidores, os telespectadores comentavam sobre a alegria de ter na terra de Frei Galv\u00e3o os Canarinhos de Petr\u00f3polis. Mas tamb\u00e9m, mostraram-se conhecedores da m\u00fasica popular, muitas vezes entoando juntamente com os Canarinhos as conhecidas m\u00fasicas como \u201cCio da Terra\u201d, de Milton Nascimento; \u201cAquarela do Brasil\u201d, de Ary Barrosso; \u201cA Paz\u201d, de Roupa Nova, entre outras.<\/p>\n<p style=\"font-weight: 400;\"><img loading=\"lazy\" class=\"alignnone wp-image-240488 size-full\" src=\"https:\/\/franciscanos.org.br\/noticias\/wp-content\/uploads\/2022\/10\/canarinhos_221022_2.jpg\" alt=\"\" width=\"1280\" height=\"800\" srcset=\"https:\/\/franciscanos.org.br\/noticias\/wp-content\/uploads\/2022\/10\/canarinhos_221022_2.jpg 1280w, https:\/\/franciscanos.org.br\/noticias\/wp-content\/uploads\/2022\/10\/canarinhos_221022_2-450x281.jpg 450w, https:\/\/franciscanos.org.br\/noticias\/wp-content\/uploads\/2022\/10\/canarinhos_221022_2-1024x640.jpg 1024w, https:\/\/franciscanos.org.br\/noticias\/wp-content\/uploads\/2022\/10\/canarinhos_221022_2-768x480.jpg 768w, https:\/\/franciscanos.org.br\/noticias\/wp-content\/uploads\/2022\/10\/canarinhos_221022_2-150x94.jpg 150w\" sizes=\"(max-width: 1280px) 100vw, 1280px\" \/><\/p>\n<p style=\"font-weight: 400;\">\u201cDepois de dois anos de pandemia \u00e9 uma alegria retornar aos palcos e estar aqui em Guaratinguet\u00e1. Preparamos um repert\u00f3rio bem ecl\u00e9tico\u201d, disse o maestro Marco Aur\u00e9lio Lischt, no in\u00edcio da apresenta\u00e7\u00e3o.<\/p>\n<p style=\"font-weight: 400;\">No repert\u00f3rio do Coral dos Canarinhos que durou aproximadamente uma hora, os coralistas tamb\u00e9m entoaram as m\u00fasicas \u201cAve Maria\u201d, de Bach e Gounoud; \u201cThe Lord Bless you and keep you\u201d, de John Rutter; \u201cHallelujah\u201d, de G. F. Haendel; \u201cSu\u00edte Nordestina\u201d, de Ronaldo Miranda; \u201cAzul\u00e3o\u201d, de Jayme Ovalle; \u201cVira Virou\u201d, de Kleiton &amp; Kledir; \u201cSapato Velho\u201d, de Paulinho Tapaj\u00f3s; \u201cCorrenteza\u201d, de Tom Jobim; \u201cConversa de Botequim\u201d, de Noel Rosa e como bis, \u201cAndan\u00e7as\u201d, de Paulinho Tapaj\u00f3s.<\/p>\n<p style=\"font-weight: 400;\"><img loading=\"lazy\" class=\"alignnone wp-image-240493 size-full\" src=\"https:\/\/franciscanos.org.br\/noticias\/wp-content\/uploads\/2022\/10\/canarinhos_221022_8.jpg\" alt=\"\" width=\"1280\" height=\"800\" srcset=\"https:\/\/franciscanos.org.br\/noticias\/wp-content\/uploads\/2022\/10\/canarinhos_221022_8.jpg 1280w, https:\/\/franciscanos.org.br\/noticias\/wp-content\/uploads\/2022\/10\/canarinhos_221022_8-450x281.jpg 450w, https:\/\/franciscanos.org.br\/noticias\/wp-content\/uploads\/2022\/10\/canarinhos_221022_8-1024x640.jpg 1024w, https:\/\/franciscanos.org.br\/noticias\/wp-content\/uploads\/2022\/10\/canarinhos_221022_8-768x480.jpg 768w, https:\/\/franciscanos.org.br\/noticias\/wp-content\/uploads\/2022\/10\/canarinhos_221022_8-150x94.jpg 150w\" sizes=\"(max-width: 1280px) 100vw, 1280px\" \/><\/p>\n<p style=\"font-weight: 400;\">Segundo o reitor do Santu\u00e1rio Frei Galv\u00e3o, Frei Diego Atalino de Melo, a presen\u00e7a do Coral dos Canarinhos de Petr\u00f3polis encantou o p\u00fablico. \u201c\u00c9, sem d\u00favida, um momento hist\u00f3rico. Os Canarinhos deram o tom de solenidade que um bicenten\u00e1rio merece. Ent\u00e3o, nos 200 anos de morte de Frei Galv\u00e3o, precis\u00e1vamos de um grande momento como este e a apresenta\u00e7\u00e3o dos Canarinhos aqui \u00e9 a coroa\u00e7\u00e3o na grandiosidade deste momento do jubileu de nosso querido Frei Galv\u00e3o\u201d, disse.<\/p>\n<p style=\"font-weight: 400;\">Frei Leandro Costa Santos fez a apresenta\u00e7\u00e3o do Coral e explicou que o Santu\u00e1rio Frei Galv\u00e3o estava recebendo um coro que foi fundado em 1942 pelo franciscano Frei Leto Bienias e que, neste ano, completou 80 anos de trajet\u00f3ria.<\/p>\n<p style=\"font-weight: 400;\"><img loading=\"lazy\" class=\"alignnone wp-image-240490 size-full\" src=\"https:\/\/franciscanos.org.br\/noticias\/wp-content\/uploads\/2022\/10\/canarinhos_221022_4.jpg\" alt=\"\" width=\"1280\" height=\"800\" srcset=\"https:\/\/franciscanos.org.br\/noticias\/wp-content\/uploads\/2022\/10\/canarinhos_221022_4.jpg 1280w, https:\/\/franciscanos.org.br\/noticias\/wp-content\/uploads\/2022\/10\/canarinhos_221022_4-450x281.jpg 450w, https:\/\/franciscanos.org.br\/noticias\/wp-content\/uploads\/2022\/10\/canarinhos_221022_4-1024x640.jpg 1024w, https:\/\/franciscanos.org.br\/noticias\/wp-content\/uploads\/2022\/10\/canarinhos_221022_4-768x480.jpg 768w, https:\/\/franciscanos.org.br\/noticias\/wp-content\/uploads\/2022\/10\/canarinhos_221022_4-150x94.jpg 150w\" sizes=\"(max-width: 1280px) 100vw, 1280px\" \/><\/p>\n\n\t\t<style type=\"text\/css\">\n\t\t\t#gallery-1 {\n\t\t\t\tmargin: auto;\n\t\t\t}\n\t\t\t#gallery-1 .gallery-item {\n\t\t\t\tfloat: left;\n\t\t\t\tmargin-top: 10px;\n\t\t\t\ttext-align: center;\n\t\t\t\twidth: 16%;\n\t\t\t}\n\t\t\t#gallery-1 img {\n\t\t\t\tborder: 2px solid #cfcfcf;\n\t\t\t}\n\t\t\t#gallery-1 .gallery-caption {\n\t\t\t\tmargin-left: 0;\n\t\t\t}\n\t\t\t\/* see gallery_shortcode() in wp-includes\/media.php *\/\n\t\t<\/style>\n\t\t<div id='gallery-1' class='gallery galleryid-240465 gallery-columns-6 gallery-size-thumbnail'><dl class='gallery-item'>\n\t\t\t<dt class='gallery-icon landscape'>\n\t\t\t\t<a href='https:\/\/franciscanos.org.br\/noticias\/wp-content\/uploads\/2022\/10\/canarinhos_221022_12.jpeg'><img width=\"300\" height=\"300\" src=\"https:\/\/franciscanos.org.br\/noticias\/wp-content\/uploads\/2022\/10\/canarinhos_221022_12-300x300.jpeg\" class=\"attachment-thumbnail size-thumbnail\" alt=\"\" loading=\"lazy\" srcset=\"https:\/\/franciscanos.org.br\/noticias\/wp-content\/uploads\/2022\/10\/canarinhos_221022_12-300x300.jpeg 300w, https:\/\/franciscanos.org.br\/noticias\/wp-content\/uploads\/2022\/10\/canarinhos_221022_12-100x100.jpeg 100w\" sizes=\"(max-width: 300px) 100vw, 300px\" \/><\/a>\n\t\t\t<\/dt><\/dl><dl class='gallery-item'>\n\t\t\t<dt class='gallery-icon landscape'>\n\t\t\t\t<a href='https:\/\/franciscanos.org.br\/noticias\/wp-content\/uploads\/2022\/10\/canarinhos_221022_13.jpeg'><img width=\"300\" height=\"300\" src=\"https:\/\/franciscanos.org.br\/noticias\/wp-content\/uploads\/2022\/10\/canarinhos_221022_13-300x300.jpeg\" class=\"attachment-thumbnail size-thumbnail\" alt=\"\" loading=\"lazy\" srcset=\"https:\/\/franciscanos.org.br\/noticias\/wp-content\/uploads\/2022\/10\/canarinhos_221022_13-300x300.jpeg 300w, https:\/\/franciscanos.org.br\/noticias\/wp-content\/uploads\/2022\/10\/canarinhos_221022_13-100x100.jpeg 100w\" sizes=\"(max-width: 300px) 100vw, 300px\" \/><\/a>\n\t\t\t<\/dt><\/dl><dl class='gallery-item'>\n\t\t\t<dt class='gallery-icon landscape'>\n\t\t\t\t<a href='https:\/\/franciscanos.org.br\/noticias\/wp-content\/uploads\/2022\/10\/canarinhos_221022_14.jpeg'><img width=\"300\" height=\"300\" src=\"https:\/\/franciscanos.org.br\/noticias\/wp-content\/uploads\/2022\/10\/canarinhos_221022_14-300x300.jpeg\" class=\"attachment-thumbnail size-thumbnail\" alt=\"\" loading=\"lazy\" srcset=\"https:\/\/franciscanos.org.br\/noticias\/wp-content\/uploads\/2022\/10\/canarinhos_221022_14-300x300.jpeg 300w, https:\/\/franciscanos.org.br\/noticias\/wp-content\/uploads\/2022\/10\/canarinhos_221022_14-100x100.jpeg 100w\" sizes=\"(max-width: 300px) 100vw, 300px\" \/><\/a>\n\t\t\t<\/dt><\/dl><dl class='gallery-item'>\n\t\t\t<dt class='gallery-icon landscape'>\n\t\t\t\t<a href='https:\/\/franciscanos.org.br\/noticias\/wp-content\/uploads\/2022\/10\/canarinhos_221022_15.jpeg'><img width=\"300\" height=\"300\" src=\"https:\/\/franciscanos.org.br\/noticias\/wp-content\/uploads\/2022\/10\/canarinhos_221022_15-300x300.jpeg\" class=\"attachment-thumbnail size-thumbnail\" alt=\"\" loading=\"lazy\" srcset=\"https:\/\/franciscanos.org.br\/noticias\/wp-content\/uploads\/2022\/10\/canarinhos_221022_15-300x300.jpeg 300w, https:\/\/franciscanos.org.br\/noticias\/wp-content\/uploads\/2022\/10\/canarinhos_221022_15-100x100.jpeg 100w\" sizes=\"(max-width: 300px) 100vw, 300px\" \/><\/a>\n\t\t\t<\/dt><\/dl><dl class='gallery-item'>\n\t\t\t<dt class='gallery-icon landscape'>\n\t\t\t\t<a href='https:\/\/franciscanos.org.br\/noticias\/wp-content\/uploads\/2022\/10\/canarinhos_221022_16.jpeg'><img width=\"300\" height=\"300\" src=\"https:\/\/franciscanos.org.br\/noticias\/wp-content\/uploads\/2022\/10\/canarinhos_221022_16-300x300.jpeg\" class=\"attachment-thumbnail size-thumbnail\" alt=\"\" loading=\"lazy\" srcset=\"https:\/\/franciscanos.org.br\/noticias\/wp-content\/uploads\/2022\/10\/canarinhos_221022_16-300x300.jpeg 300w, https:\/\/franciscanos.org.br\/noticias\/wp-content\/uploads\/2022\/10\/canarinhos_221022_16-100x100.jpeg 100w\" sizes=\"(max-width: 300px) 100vw, 300px\" \/><\/a>\n\t\t\t<\/dt><\/dl><dl class='gallery-item'>\n\t\t\t<dt class='gallery-icon landscape'>\n\t\t\t\t<a href='https:\/\/franciscanos.org.br\/noticias\/wp-content\/uploads\/2022\/10\/canarinhos_221022_17.jpeg'><img width=\"300\" height=\"300\" src=\"https:\/\/franciscanos.org.br\/noticias\/wp-content\/uploads\/2022\/10\/canarinhos_221022_17-300x300.jpeg\" class=\"attachment-thumbnail size-thumbnail\" alt=\"\" loading=\"lazy\" srcset=\"https:\/\/franciscanos.org.br\/noticias\/wp-content\/uploads\/2022\/10\/canarinhos_221022_17-300x300.jpeg 300w, https:\/\/franciscanos.org.br\/noticias\/wp-content\/uploads\/2022\/10\/canarinhos_221022_17-100x100.jpeg 100w\" sizes=\"(max-width: 300px) 100vw, 300px\" \/><\/a>\n\t\t\t<\/dt><\/dl><br style=\"clear: both\" \/>\n\t\t<\/div>\n\n<p style=\"font-weight: 400;\">\u201cNeste per\u00edodo j\u00e1 realizou viagens internacionais para a Europa, Argentina, Venezuela e Estados Unidos; cantou com o Papa Paulo VI; se apresentou na final do jogo do Brasil na Copa do Mundo; gravou 18 CD\u2019s \u2013 um deles com tiragem de 300 mil c\u00f3pias; se apresentou com renomados artistas brasileiros a exemplo de Milton Nascimento, Roberto Carlos, \u00c2ngela Maria, Luiz Ayr\u00e3o e o grupo Roupa Nova; e conta com 40 ex-Canarinhos que, atualmente, vivem da m\u00fasica\u201d, disse o frade.<\/p>\n<p style=\"font-weight: 400;\"><strong>VISITA \u00c0S CLARISSAS E \u00c0 FAZENDA DA ESPERAN\u00c7A DE GUARATINGUET\u00c1<\/strong><\/p>\n<p style=\"font-weight: 400;\">O Coral dos Canarinhos chegou em Petr\u00f3polis ainda na sexta-feira a noite (21\/10), onde foram recepcionados pelas fam\u00edlias acolhedoras, que gentilmente cederam espa\u00e7os em suas casas. Como \u00e9 o caso da Dona Eni, que acolheu seis jovens cantores e n\u00e3o escondeu a alegria e satisfa\u00e7\u00e3o pela oportunidade, mostrando que a cada viagem a Fam\u00edlia Canarinhos n\u00e3o s\u00f3 aumenta em tamanho, mas tamb\u00e9m em significado.<\/p>\n<p style=\"font-weight: 400;\"><img loading=\"lazy\" class=\"alignnone wp-image-240491 size-full\" src=\"https:\/\/franciscanos.org.br\/noticias\/wp-content\/uploads\/2022\/10\/canarinhos_221022_5.jpg\" alt=\"\" width=\"1280\" height=\"800\" srcset=\"https:\/\/franciscanos.org.br\/noticias\/wp-content\/uploads\/2022\/10\/canarinhos_221022_5.jpg 1280w, https:\/\/franciscanos.org.br\/noticias\/wp-content\/uploads\/2022\/10\/canarinhos_221022_5-450x281.jpg 450w, https:\/\/franciscanos.org.br\/noticias\/wp-content\/uploads\/2022\/10\/canarinhos_221022_5-1024x640.jpg 1024w, https:\/\/franciscanos.org.br\/noticias\/wp-content\/uploads\/2022\/10\/canarinhos_221022_5-768x480.jpg 768w, https:\/\/franciscanos.org.br\/noticias\/wp-content\/uploads\/2022\/10\/canarinhos_221022_5-150x94.jpg 150w\" sizes=\"(max-width: 1280px) 100vw, 1280px\" \/><\/p>\n<p style=\"font-weight: 400;\">Durante a manh\u00e3 deste s\u00e1bado, os Canarinhos tiveram a oportunidade de conhecer a Fazenda da Esperan\u00e7a Santa Edwirges, de Guaratinguet\u00e1. E se o Coral dos Canarinhos veio a Guaratinguet\u00e1 para cantar na Festa de Frei Galv\u00e3o, confrade de Frei Leto Bienias, tamb\u00e9m tiveram a oportunidade de conhecer outra obra franciscana de outro confrade de Frei Leto, dessa vez do religioso Frei Hans Stapel, fundador da Fazenda da Esperan\u00e7a, comunidade terap\u00eautica que atua desde 1983 no processo de recupera\u00e7\u00e3o de pessoas que buscam a liberta\u00e7\u00e3o de seus v\u00edcios, principalmente do \u00e1lcool e da droga.<\/p>\n<p style=\"font-weight: 400;\">Ao chegarem ao local, os coralistas foram recepcionados pelos acolhidos e dirigiram-se a capela das Irm\u00e3s Clarissas, no belo mosteiro Mater Christi, situado no interior da Fazenda da Esperan\u00e7a. Ali, ouviram testemunhos de alguns jovens que est\u00e3o no processo de recupera\u00e7\u00e3o. Foi um momento de partilha e troca de experi\u00eancias, bem como de perguntas e questionamentos.<\/p>\n<p style=\"font-weight: 400;\"><img loading=\"lazy\" class=\"alignnone wp-image-240492 size-full\" src=\"https:\/\/franciscanos.org.br\/noticias\/wp-content\/uploads\/2022\/10\/canarinhos_221022_6.jpg\" alt=\"\" width=\"1280\" height=\"800\" srcset=\"https:\/\/franciscanos.org.br\/noticias\/wp-content\/uploads\/2022\/10\/canarinhos_221022_6.jpg 1280w, https:\/\/franciscanos.org.br\/noticias\/wp-content\/uploads\/2022\/10\/canarinhos_221022_6-450x281.jpg 450w, https:\/\/franciscanos.org.br\/noticias\/wp-content\/uploads\/2022\/10\/canarinhos_221022_6-1024x640.jpg 1024w, https:\/\/franciscanos.org.br\/noticias\/wp-content\/uploads\/2022\/10\/canarinhos_221022_6-768x480.jpg 768w, https:\/\/franciscanos.org.br\/noticias\/wp-content\/uploads\/2022\/10\/canarinhos_221022_6-150x94.jpg 150w\" sizes=\"(max-width: 1280px) 100vw, 1280px\" \/><\/p>\n<p style=\"font-weight: 400;\">No entanto, um momento especial chamou a aten\u00e7\u00e3o de todos os Canarinhos: o encontro com as irm\u00e3s Clarissas. Segundo Frei Marcos Antonio de Andrade, presidente do Instituto dos Meninos Cantores de Petr\u00f3polis, as Irm\u00e3s Clarissas acompanham a vida e a rotina dos coralistas, atrav\u00e9s dos meios de comunica\u00e7\u00e3o da institui\u00e7\u00e3o. Para os coralistas, foi uma grata surpresa saber que as religiosas, mesmo enclausuradas, rezam e est\u00e3o na intercess\u00e3o deste projeto que j\u00e1 completa 80 anos.<\/p>\n<p style=\"font-weight: 400;\">Como retribui\u00e7\u00e3o pela acolhida, os coralistas entoaram tr\u00eas m\u00fasicas. \u201cAve Maria\u201d de Tomas Luiz da Vittoria, \u201cPsalmus Brevis\u201d de Jo\u00e3o Guilherme Ripper e \u201cAzul\u00e3o\u201d de Jayme Ovalle. No final, as Irm\u00e3s Clarissas logo pediram bis. O Coral cantou ent\u00e3o \u201cConversa de Botequim\u201d de Noel Rosa.<\/p>\n<p style=\"font-weight: 400;\"><img loading=\"lazy\" class=\"alignnone wp-image-240487 size-full\" src=\"https:\/\/franciscanos.org.br\/noticias\/wp-content\/uploads\/2022\/10\/canarinhos_221022_1.jpg\" alt=\"\" width=\"1280\" height=\"800\" srcset=\"https:\/\/franciscanos.org.br\/noticias\/wp-content\/uploads\/2022\/10\/canarinhos_221022_1.jpg 1280w, https:\/\/franciscanos.org.br\/noticias\/wp-content\/uploads\/2022\/10\/canarinhos_221022_1-450x281.jpg 450w, https:\/\/franciscanos.org.br\/noticias\/wp-content\/uploads\/2022\/10\/canarinhos_221022_1-1024x640.jpg 1024w, https:\/\/franciscanos.org.br\/noticias\/wp-content\/uploads\/2022\/10\/canarinhos_221022_1-768x480.jpg 768w, https:\/\/franciscanos.org.br\/noticias\/wp-content\/uploads\/2022\/10\/canarinhos_221022_1-150x94.jpg 150w\" sizes=\"(max-width: 1280px) 100vw, 1280px\" \/><\/p>\n\n\t\t<style type=\"text\/css\">\n\t\t\t#gallery-2 {\n\t\t\t\tmargin: auto;\n\t\t\t}\n\t\t\t#gallery-2 .gallery-item {\n\t\t\t\tfloat: left;\n\t\t\t\tmargin-top: 10px;\n\t\t\t\ttext-align: center;\n\t\t\t\twidth: 33%;\n\t\t\t}\n\t\t\t#gallery-2 img {\n\t\t\t\tborder: 2px solid #cfcfcf;\n\t\t\t}\n\t\t\t#gallery-2 .gallery-caption {\n\t\t\t\tmargin-left: 0;\n\t\t\t}\n\t\t\t\/* see gallery_shortcode() in wp-includes\/media.php *\/\n\t\t<\/style>\n\t\t<div id='gallery-2' class='gallery galleryid-240465 gallery-columns-3 gallery-size-thumbnail'><dl class='gallery-item'>\n\t\t\t<dt class='gallery-icon landscape'>\n\t\t\t\t<a href='https:\/\/franciscanos.org.br\/noticias\/wp-content\/uploads\/2022\/10\/canarinhos_221022_10.jpeg'><img width=\"300\" height=\"300\" src=\"https:\/\/franciscanos.org.br\/noticias\/wp-content\/uploads\/2022\/10\/canarinhos_221022_10-300x300.jpeg\" class=\"attachment-thumbnail size-thumbnail\" alt=\"\" loading=\"lazy\" srcset=\"https:\/\/franciscanos.org.br\/noticias\/wp-content\/uploads\/2022\/10\/canarinhos_221022_10-300x300.jpeg 300w, https:\/\/franciscanos.org.br\/noticias\/wp-content\/uploads\/2022\/10\/canarinhos_221022_10-100x100.jpeg 100w\" sizes=\"(max-width: 300px) 100vw, 300px\" \/><\/a>\n\t\t\t<\/dt><\/dl><dl class='gallery-item'>\n\t\t\t<dt class='gallery-icon landscape'>\n\t\t\t\t<a href='https:\/\/franciscanos.org.br\/noticias\/wp-content\/uploads\/2022\/10\/canarinhos_221022_9.jpeg'><img width=\"300\" height=\"300\" src=\"https:\/\/franciscanos.org.br\/noticias\/wp-content\/uploads\/2022\/10\/canarinhos_221022_9-300x300.jpeg\" class=\"attachment-thumbnail size-thumbnail\" alt=\"\" loading=\"lazy\" srcset=\"https:\/\/franciscanos.org.br\/noticias\/wp-content\/uploads\/2022\/10\/canarinhos_221022_9-300x300.jpeg 300w, https:\/\/franciscanos.org.br\/noticias\/wp-content\/uploads\/2022\/10\/canarinhos_221022_9-100x100.jpeg 100w\" sizes=\"(max-width: 300px) 100vw, 300px\" \/><\/a>\n\t\t\t<\/dt><\/dl><dl class='gallery-item'>\n\t\t\t<dt class='gallery-icon landscape'>\n\t\t\t\t<a href='https:\/\/franciscanos.org.br\/noticias\/wp-content\/uploads\/2022\/10\/canarinhos_221022_11.jpeg'><img width=\"300\" height=\"300\" src=\"https:\/\/franciscanos.org.br\/noticias\/wp-content\/uploads\/2022\/10\/canarinhos_221022_11-300x300.jpeg\" class=\"attachment-thumbnail size-thumbnail\" alt=\"\" loading=\"lazy\" srcset=\"https:\/\/franciscanos.org.br\/noticias\/wp-content\/uploads\/2022\/10\/canarinhos_221022_11-300x300.jpeg 300w, https:\/\/franciscanos.org.br\/noticias\/wp-content\/uploads\/2022\/10\/canarinhos_221022_11-100x100.jpeg 100w\" sizes=\"(max-width: 300px) 100vw, 300px\" \/><\/a>\n\t\t\t<\/dt><\/dl><br style=\"clear: both\" \/>\n\t\t<\/div>\n\n<p style=\"font-weight: 400;\">As irm\u00e3s ent\u00e3o cantaram a b\u00ean\u00e7\u00e3o de Santa Clara e aben\u00e7oaram os Canarinhos, que ficaram emocionados com tamanha simplicidade, proximidade e simpatia.<\/p>\n<hr \/>\n<p style=\"font-weight: 400;\"><em>Frei Augusto Luiz Gabriel<\/em><\/p>\n","protected":false},"excerpt":{"rendered":"<p> Festa de Frei Galv\u00e3o 2022<\/p>\n","protected":false},"author":5,"featured_media":240489,"comment_status":"open","ping_status":"open","sticky":false,"template":"","format":"standard","meta":[],"categories":[1],"tags":[1378,171,720,2067,1788],"acf":[],"yoast_head":"<!-- This site is optimized with the Yoast SEO plugin v19.2 - https:\/\/yoast.com\/wordpress\/plugins\/seo\/ -->\n<title>Canarinhos de Petr\u00f3polis levam solenidade ao bicenten\u00e1rio de Frei Galv\u00e3o em Guaratinguet\u00e1 (SP) - Not\u00edcias - Franciscanos<\/title>\n<meta name=\"robots\" content=\"index, follow, max-snippet:-1, max-image-preview:large, max-video-preview:-1\" \/>\n<link rel=\"canonical\" href=\"https:\/\/franciscanos.org.br\/noticias\/canarinhos-de-petropolis-levam-solenidade-ao-bicentenario-de-frei-galvao-em-guaratingueta-sp.html\" \/>\n<meta property=\"og:locale\" content=\"pt_BR\" \/>\n<meta property=\"og:type\" content=\"article\" \/>\n<meta property=\"og:title\" content=\"Canarinhos de Petr\u00f3polis levam solenidade ao bicenten\u00e1rio de Frei Galv\u00e3o em Guaratinguet\u00e1 (SP) - Not\u00edcias - Franciscanos\" \/>\n<meta property=\"og:description\" content=\"Festa de Frei Galv\u00e3o 2022\" \/>\n<meta property=\"og:url\" content=\"https:\/\/franciscanos.org.br\/noticias\/canarinhos-de-petropolis-levam-solenidade-ao-bicentenario-de-frei-galvao-em-guaratingueta-sp.html\" \/>\n<meta property=\"og:site_name\" content=\"Not\u00edcias - Franciscanos\" \/>\n<meta property=\"article:published_time\" content=\"2022-10-23T02:56:42+00:00\" \/>\n<meta property=\"article:modified_time\" content=\"2022-10-23T11:41:24+00:00\" \/>\n<meta property=\"og:image\" content=\"https:\/\/franciscanos.org.br\/noticias\/wp-content\/uploads\/2022\/10\/canarinhos_221022_3.jpg\" \/>\n\t<meta property=\"og:image:width\" content=\"1280\" \/>\n\t<meta property=\"og:image:height\" content=\"800\" \/>\n\t<meta property=\"og:image:type\" content=\"image\/jpeg\" \/>\n<meta name=\"author\" content=\"freiaugusto\" \/>\n<meta name=\"twitter:card\" content=\"summary_large_image\" \/>\n<meta name=\"twitter:label1\" content=\"Escrito por\" \/>\n\t<meta name=\"twitter:data1\" content=\"freiaugusto\" \/>\n\t<meta name=\"twitter:label2\" content=\"Est. tempo de leitura\" \/>\n\t<meta name=\"twitter:data2\" content=\"5 minutos\" \/>\n<script type=\"application\/ld+json\" class=\"yoast-schema-graph\">{\"@context\":\"https:\/\/schema.org\",\"@graph\":[{\"@type\":\"WebSite\",\"@id\":\"https:\/\/franciscanos.org.br\/noticias\/#website\",\"url\":\"https:\/\/franciscanos.org.br\/noticias\/\",\"name\":\"Not\u00edcias - Franciscanos\",\"description\":\"Prov\u00edncia Franciscana da Imaculada Concei\u00e7\u00e3o do Brasil - Ordem dos Frades Menores - OFM\",\"potentialAction\":[{\"@type\":\"SearchAction\",\"target\":{\"@type\":\"EntryPoint\",\"urlTemplate\":\"https:\/\/franciscanos.org.br\/noticias\/?s={search_term_string}\"},\"query-input\":\"required name=search_term_string\"}],\"inLanguage\":\"pt-BR\"},{\"@type\":\"ImageObject\",\"inLanguage\":\"pt-BR\",\"@id\":\"https:\/\/franciscanos.org.br\/noticias\/canarinhos-de-petropolis-levam-solenidade-ao-bicentenario-de-frei-galvao-em-guaratingueta-sp.html#primaryimage\",\"url\":\"https:\/\/franciscanos.org.br\/noticias\/wp-content\/uploads\/2022\/10\/canarinhos_221022_3.jpg\",\"contentUrl\":\"https:\/\/franciscanos.org.br\/noticias\/wp-content\/uploads\/2022\/10\/canarinhos_221022_3.jpg\",\"width\":1280,\"height\":800},{\"@type\":\"WebPage\",\"@id\":\"https:\/\/franciscanos.org.br\/noticias\/canarinhos-de-petropolis-levam-solenidade-ao-bicentenario-de-frei-galvao-em-guaratingueta-sp.html#webpage\",\"url\":\"https:\/\/franciscanos.org.br\/noticias\/canarinhos-de-petropolis-levam-solenidade-ao-bicentenario-de-frei-galvao-em-guaratingueta-sp.html\",\"name\":\"Canarinhos de Petr\u00f3polis levam solenidade ao bicenten\u00e1rio de Frei Galv\u00e3o em Guaratinguet\u00e1 (SP) - Not\u00edcias - Franciscanos\",\"isPartOf\":{\"@id\":\"https:\/\/franciscanos.org.br\/noticias\/#website\"},\"primaryImageOfPage\":{\"@id\":\"https:\/\/franciscanos.org.br\/noticias\/canarinhos-de-petropolis-levam-solenidade-ao-bicentenario-de-frei-galvao-em-guaratingueta-sp.html#primaryimage\"},\"datePublished\":\"2022-10-23T02:56:42+00:00\",\"dateModified\":\"2022-10-23T11:41:24+00:00\",\"author\":{\"@id\":\"https:\/\/franciscanos.org.br\/noticias\/#\/schema\/person\/37f88f0d111cd5358b12a6556a99eb91\"},\"breadcrumb\":{\"@id\":\"https:\/\/franciscanos.org.br\/noticias\/canarinhos-de-petropolis-levam-solenidade-ao-bicentenario-de-frei-galvao-em-guaratingueta-sp.html#breadcrumb\"},\"inLanguage\":\"pt-BR\",\"potentialAction\":[{\"@type\":\"ReadAction\",\"target\":[\"https:\/\/franciscanos.org.br\/noticias\/canarinhos-de-petropolis-levam-solenidade-ao-bicentenario-de-frei-galvao-em-guaratingueta-sp.html\"]}]},{\"@type\":\"BreadcrumbList\",\"@id\":\"https:\/\/franciscanos.org.br\/noticias\/canarinhos-de-petropolis-levam-solenidade-ao-bicentenario-de-frei-galvao-em-guaratingueta-sp.html#breadcrumb\",\"itemListElement\":[{\"@type\":\"ListItem\",\"position\":1,\"name\":\"Home\",\"item\":\"https:\/\/franciscanos.org.br\/noticias\"},{\"@type\":\"ListItem\",\"position\":2,\"name\":\"Canarinhos de Petr\u00f3polis levam solenidade ao bicenten\u00e1rio de Frei Galv\u00e3o em Guaratinguet\u00e1 (SP)\"}]},{\"@type\":\"Person\",\"@id\":\"https:\/\/franciscanos.org.br\/noticias\/#\/schema\/person\/37f88f0d111cd5358b12a6556a99eb91\",\"name\":\"freiaugusto\",\"image\":{\"@type\":\"ImageObject\",\"inLanguage\":\"pt-BR\",\"@id\":\"https:\/\/franciscanos.org.br\/noticias\/#\/schema\/person\/image\/\",\"url\":\"https:\/\/secure.gravatar.com\/avatar\/9840b940e621801b24f3e6b059efb4b7?s=96&d=mm&r=g\",\"contentUrl\":\"https:\/\/secure.gravatar.com\/avatar\/9840b940e621801b24f3e6b059efb4b7?s=96&d=mm&r=g\",\"caption\":\"freiaugusto\"},\"url\":\"https:\/\/franciscanos.org.br\/noticias\/author\/freiaugusto\"}]}<\/script>\n<!-- \/ Yoast SEO plugin. -->","yoast_head_json":{"title":"Canarinhos de Petr\u00f3polis levam solenidade ao bicenten\u00e1rio de Frei Galv\u00e3o em Guaratinguet\u00e1 (SP) - Not\u00edcias - Franciscanos","robots":{"index":"index","follow":"follow","max-snippet":"max-snippet:-1","max-image-preview":"max-image-preview:large","max-video-preview":"max-video-preview:-1"},"canonical":"https:\/\/franciscanos.org.br\/noticias\/canarinhos-de-petropolis-levam-solenidade-ao-bicentenario-de-frei-galvao-em-guaratingueta-sp.html","og_locale":"pt_BR","og_type":"article","og_title":"Canarinhos de Petr\u00f3polis levam solenidade ao bicenten\u00e1rio de Frei Galv\u00e3o em Guaratinguet\u00e1 (SP) - Not\u00edcias - Franciscanos","og_description":"Festa de Frei Galv\u00e3o 2022","og_url":"https:\/\/franciscanos.org.br\/noticias\/canarinhos-de-petropolis-levam-solenidade-ao-bicentenario-de-frei-galvao-em-guaratingueta-sp.html","og_site_name":"Not\u00edcias - Franciscanos","article_published_time":"2022-10-23T02:56:42+00:00","article_modified_time":"2022-10-23T11:41:24+00:00","og_image":[{"width":1280,"height":800,"url":"https:\/\/franciscanos.org.br\/noticias\/wp-content\/uploads\/2022\/10\/canarinhos_221022_3.jpg","type":"image\/jpeg"}],"author":"freiaugusto","twitter_card":"summary_large_image","twitter_misc":{"Escrito por":"freiaugusto","Est. tempo de leitura":"5 minutos"},"schema":{"@context":"https:\/\/schema.org","@graph":[{"@type":"WebSite","@id":"https:\/\/franciscanos.org.br\/noticias\/#website","url":"https:\/\/franciscanos.org.br\/noticias\/","name":"Not\u00edcias - Franciscanos","description":"Prov\u00edncia Franciscana da Imaculada Concei\u00e7\u00e3o do Brasil - Ordem dos Frades Menores - OFM","potentialAction":[{"@type":"SearchAction","target":{"@type":"EntryPoint","urlTemplate":"https:\/\/franciscanos.org.br\/noticias\/?s={search_term_string}"},"query-input":"required name=search_term_string"}],"inLanguage":"pt-BR"},{"@type":"ImageObject","inLanguage":"pt-BR","@id":"https:\/\/franciscanos.org.br\/noticias\/canarinhos-de-petropolis-levam-solenidade-ao-bicentenario-de-frei-galvao-em-guaratingueta-sp.html#primaryimage","url":"https:\/\/franciscanos.org.br\/noticias\/wp-content\/uploads\/2022\/10\/canarinhos_221022_3.jpg","contentUrl":"https:\/\/franciscanos.org.br\/noticias\/wp-content\/uploads\/2022\/10\/canarinhos_221022_3.jpg","width":1280,"height":800},{"@type":"WebPage","@id":"https:\/\/franciscanos.org.br\/noticias\/canarinhos-de-petropolis-levam-solenidade-ao-bicentenario-de-frei-galvao-em-guaratingueta-sp.html#webpage","url":"https:\/\/franciscanos.org.br\/noticias\/canarinhos-de-petropolis-levam-solenidade-ao-bicentenario-de-frei-galvao-em-guaratingueta-sp.html","name":"Canarinhos de Petr\u00f3polis levam solenidade ao bicenten\u00e1rio de Frei Galv\u00e3o em Guaratinguet\u00e1 (SP) - Not\u00edcias - Franciscanos","isPartOf":{"@id":"https:\/\/franciscanos.org.br\/noticias\/#website"},"primaryImageOfPage":{"@id":"https:\/\/franciscanos.org.br\/noticias\/canarinhos-de-petropolis-levam-solenidade-ao-bicentenario-de-frei-galvao-em-guaratingueta-sp.html#primaryimage"},"datePublished":"2022-10-23T02:56:42+00:00","dateModified":"2022-10-23T11:41:24+00:00","author":{"@id":"https:\/\/franciscanos.org.br\/noticias\/#\/schema\/person\/37f88f0d111cd5358b12a6556a99eb91"},"breadcrumb":{"@id":"https:\/\/franciscanos.org.br\/noticias\/canarinhos-de-petropolis-levam-solenidade-ao-bicentenario-de-frei-galvao-em-guaratingueta-sp.html#breadcrumb"},"inLanguage":"pt-BR","potentialAction":[{"@type":"ReadAction","target":["https:\/\/franciscanos.org.br\/noticias\/canarinhos-de-petropolis-levam-solenidade-ao-bicentenario-de-frei-galvao-em-guaratingueta-sp.html"]}]},{"@type":"BreadcrumbList","@id":"https:\/\/franciscanos.org.br\/noticias\/canarinhos-de-petropolis-levam-solenidade-ao-bicentenario-de-frei-galvao-em-guaratingueta-sp.html#breadcrumb","itemListElement":[{"@type":"ListItem","position":1,"name":"Home","item":"https:\/\/franciscanos.org.br\/noticias"},{"@type":"ListItem","position":2,"name":"Canarinhos de Petr\u00f3polis levam solenidade ao bicenten\u00e1rio de Frei Galv\u00e3o em Guaratinguet\u00e1 (SP)"}]},{"@type":"Person","@id":"https:\/\/franciscanos.org.br\/noticias\/#\/schema\/person\/37f88f0d111cd5358b12a6556a99eb91","name":"freiaugusto","image":{"@type":"ImageObject","inLanguage":"pt-BR","@id":"https:\/\/franciscanos.org.br\/noticias\/#\/schema\/person\/image\/","url":"https:\/\/secure.gravatar.com\/avatar\/9840b940e621801b24f3e6b059efb4b7?s=96&d=mm&r=g","contentUrl":"https:\/\/secure.gravatar.com\/avatar\/9840b940e621801b24f3e6b059efb4b7?s=96&d=mm&r=g","caption":"freiaugusto"},"url":"https:\/\/franciscanos.org.br\/noticias\/author\/freiaugusto"}]}},"_links":{"self":[{"href":"https:\/\/franciscanos.org.br\/noticias\/wp-json\/wp\/v2\/posts\/240465"}],"collection":[{"href":"https:\/\/franciscanos.org.br\/noticias\/wp-json\/wp\/v2\/posts"}],"about":[{"href":"https:\/\/franciscanos.org.br\/noticias\/wp-json\/wp\/v2\/types\/post"}],"author":[{"embeddable":true,"href":"https:\/\/franciscanos.org.br\/noticias\/wp-json\/wp\/v2\/users\/5"}],"replies":[{"embeddable":true,"href":"https:\/\/franciscanos.org.br\/noticias\/wp-json\/wp\/v2\/comments?post=240465"}],"version-history":[{"count":3,"href":"https:\/\/franciscanos.org.br\/noticias\/wp-json\/wp\/v2\/posts\/240465\/revisions"}],"predecessor-version":[{"id":240506,"href":"https:\/\/franciscanos.org.br\/noticias\/wp-json\/wp\/v2\/posts\/240465\/revisions\/240506"}],"wp:featuredmedia":[{"embeddable":true,"href":"https:\/\/franciscanos.org.br\/noticias\/wp-json\/wp\/v2\/media\/240489"}],"wp:attachment":[{"href":"https:\/\/franciscanos.org.br\/noticias\/wp-json\/wp\/v2\/media?parent=240465"}],"wp:term":[{"taxonomy":"category","embeddable":true,"href":"https:\/\/franciscanos.org.br\/noticias\/wp-json\/wp\/v2\/categories?post=240465"},{"taxonomy":"post_tag","embeddable":true,"href":"https:\/\/franciscanos.org.br\/noticias\/wp-json\/wp\/v2\/tags?post=240465"}],"curies":[{"name":"wp","href":"https:\/\/api.w.org\/{rel}","templated":true}]}}