{"id":240451,"date":"2022-10-22T18:20:22","date_gmt":"2022-10-22T21:20:22","guid":{"rendered":"https:\/\/franciscanos.org.br\/noticias\/?p=240451"},"modified":"2022-10-22T18:22:03","modified_gmt":"2022-10-22T21:22:03","slug":"pe-wagner-o-que-estamos-fazendo-com-os-dons-que-a-graca-de-deus-nos-concedeu","status":"publish","type":"post","link":"https:\/\/franciscanos.org.br\/noticias\/pe-wagner-o-que-estamos-fazendo-com-os-dons-que-a-graca-de-deus-nos-concedeu.html","title":{"rendered":"Pe. Wagner: &#8220;O que  estamos fazendo com os dons que a gra\u00e7a de Deus nos concedeu?&#8221;"},"content":{"rendered":"<p><img loading=\"lazy\" class=\"alignnone size-full wp-image-240452\" src=\"https:\/\/franciscanos.org.br\/noticias\/wp-content\/uploads\/2022\/10\/sabado_01.jpg\" alt=\"\" width=\"1280\" height=\"720\" srcset=\"https:\/\/franciscanos.org.br\/noticias\/wp-content\/uploads\/2022\/10\/sabado_01.jpg 1280w, https:\/\/franciscanos.org.br\/noticias\/wp-content\/uploads\/2022\/10\/sabado_01-450x253.jpg 450w, https:\/\/franciscanos.org.br\/noticias\/wp-content\/uploads\/2022\/10\/sabado_01-1024x576.jpg 1024w, https:\/\/franciscanos.org.br\/noticias\/wp-content\/uploads\/2022\/10\/sabado_01-768x432.jpg 768w, https:\/\/franciscanos.org.br\/noticias\/wp-content\/uploads\/2022\/10\/sabado_01-150x84.jpg 150w\" sizes=\"(max-width: 1280px) 100vw, 1280px\" \/><\/p>\n<p><strong>Guaratinguet\u00e1 (SP) &#8211;<\/strong> Neste s\u00e9timo dia da Novena em prepara\u00e7\u00e3o para a Festa de Frei Galv\u00e3o, Padre Wagner Ferreira, Reitor do Santu\u00e1rio Pai das Miseric\u00f3rdias, da Can\u00e7\u00e3o Nova, fez a primeira reflex\u00e3o na Missa das 15 horas no Santu\u00e1rio Frei Galv\u00e3o, em Guaratinguet\u00e1 (SP).\u00a0Neste s\u00e1bado (22\/10), o tema do dia foi \u201cFrei Galv\u00e3o, terra f\u00e9rtil de frutos bons\u201d.<\/p>\n<p>Pe. Wagner foi acolhido pelo reitor do Santu\u00e1rio, Frei Diego de Atalino Melo, que agradeceu a presen\u00e7a de muitos romeiros durante as celebra\u00e7\u00f5es. O gesto concreto deste dia foi a doa\u00e7\u00e3o de produtos de higiene pessoal.<\/p>\n<p>Para o celebrante, os santos e santas de Deus &#8220;s\u00e3o uma verdadeira lavoura de Deus&#8221;, que pela gra\u00e7a divina produzem frutos bons, frutos de virtude, frutos de santidade.<\/p>\n<p><img loading=\"lazy\" class=\"alignnone size-full wp-image-240453\" src=\"https:\/\/franciscanos.org.br\/noticias\/wp-content\/uploads\/2022\/10\/sabado_04.jpg\" alt=\"\" width=\"1280\" height=\"853\" srcset=\"https:\/\/franciscanos.org.br\/noticias\/wp-content\/uploads\/2022\/10\/sabado_04.jpg 1280w, https:\/\/franciscanos.org.br\/noticias\/wp-content\/uploads\/2022\/10\/sabado_04-450x300.jpg 450w, https:\/\/franciscanos.org.br\/noticias\/wp-content\/uploads\/2022\/10\/sabado_04-1024x682.jpg 1024w, https:\/\/franciscanos.org.br\/noticias\/wp-content\/uploads\/2022\/10\/sabado_04-768x512.jpg 768w, https:\/\/franciscanos.org.br\/noticias\/wp-content\/uploads\/2022\/10\/sabado_04-150x100.jpg 150w\" sizes=\"(max-width: 1280px) 100vw, 1280px\" \/><\/p>\n<p>&#8220;Mas eles n\u00e3o produzem os frutos para o seu pr\u00f3prio bem. Como disc\u00edpulos e disc\u00edpulas de Cristo de Jesus, os santos e santas de Deus s\u00e3o esta terra f\u00e9rtil que produzem bons frutos para o bem da humanidade, para o bem dos outros. Frutos de gra\u00e7a, frutos de santidade. Assim tamb\u00e9m \u00e9 Santo Ant\u00f4nio de Sant&#8217;Ana Galv\u00e3o. Ele soube acolher, na terra f\u00e9rtil do cora\u00e7\u00e3o, os dons da gra\u00e7a de Deus, de modo a contribuir com o bem da humanidade, de modo a contribuir com o bem da Igreja, Corpo M\u00edstico de Cristo&#8221;, disse Pe. Wagner.<\/p>\n<p><img loading=\"lazy\" class=\"alignnone size-full wp-image-240454\" src=\"https:\/\/franciscanos.org.br\/noticias\/wp-content\/uploads\/2022\/10\/sabado_03.jpg\" alt=\"\" width=\"1280\" height=\"1112\" srcset=\"https:\/\/franciscanos.org.br\/noticias\/wp-content\/uploads\/2022\/10\/sabado_03.jpg 1243w, https:\/\/franciscanos.org.br\/noticias\/wp-content\/uploads\/2022\/10\/sabado_03-450x391.jpg 450w, https:\/\/franciscanos.org.br\/noticias\/wp-content\/uploads\/2022\/10\/sabado_03-1024x890.jpg 1024w, https:\/\/franciscanos.org.br\/noticias\/wp-content\/uploads\/2022\/10\/sabado_03-768x667.jpg 768w, https:\/\/franciscanos.org.br\/noticias\/wp-content\/uploads\/2022\/10\/sabado_03-150x130.jpg 150w\" sizes=\"(max-width: 1280px) 100vw, 1280px\" \/><\/p>\n<p>Segundo o celebrante, conforme a primeira leitura desta liturgia da Palavra, no trecho da Carta de S\u00e3o Paulo aos Ef\u00e9sios, de fato, Deus capacitou os santos para o minist\u00e9rio e para edificar o Corpo de Cristo como Frei Galv\u00e3o. &#8220;Deus capacitou os santos e ele continua a capacitar todo homem, toda mulher que, com f\u00e9, abre o seu cora\u00e7\u00e3o como um terreno f\u00e9rtil para acolher as gra\u00e7as de Deus e produzir bons frutos. E isso diz respeito a todos n\u00f3s. N\u00f3s recebemos o sacramento do batismo e num determinado momento da nossa vida, da nossa hist\u00f3ria, recebemos os dons da gra\u00e7a de Deus, para contribuir com o bem da humanidade, com a edifica\u00e7\u00e3o da Igreja, o Corpo de Cristo&#8221;, acrescentou.<\/p>\n<p>Para o celebrante, todos n\u00f3s fomos capacitados por Deus, fomos enriquecidos com os dons da gra\u00e7a de Deus. &#8220;Ningu\u00e9m nesta igreja, ningu\u00e9m neste santu\u00e1rio pode dizer: &#8216;Eu n\u00e3o tenho nada para oferecer para o bem das pessoas&#8217;. Ningu\u00e9m. E uma vez que pelo batismo recebemos os dons da gra\u00e7a de Deus, tamb\u00e9m ningu\u00e9m nesta igreja, ningu\u00e9m neste santu\u00e1rio deve invejar os dons dos outros. N\u00e3o h\u00e1 necessidade de invejarmos ningu\u00e9m&#8221;, refor\u00e7ou.<\/p>\n<p><img loading=\"lazy\" class=\"alignnone size-full wp-image-240455\" src=\"https:\/\/franciscanos.org.br\/noticias\/wp-content\/uploads\/2022\/10\/sabado_10.jpg\" alt=\"\" width=\"1280\" height=\"960\" srcset=\"https:\/\/franciscanos.org.br\/noticias\/wp-content\/uploads\/2022\/10\/sabado_10.jpg 1280w, https:\/\/franciscanos.org.br\/noticias\/wp-content\/uploads\/2022\/10\/sabado_10-450x338.jpg 450w, https:\/\/franciscanos.org.br\/noticias\/wp-content\/uploads\/2022\/10\/sabado_10-1024x768.jpg 1024w, https:\/\/franciscanos.org.br\/noticias\/wp-content\/uploads\/2022\/10\/sabado_10-768x576.jpg 768w, https:\/\/franciscanos.org.br\/noticias\/wp-content\/uploads\/2022\/10\/sabado_10-150x113.jpg 150w, https:\/\/franciscanos.org.br\/noticias\/wp-content\/uploads\/2022\/10\/sabado_10-600x450.jpg 600w\" sizes=\"(max-width: 1280px) 100vw, 1280px\" \/><\/p>\n<p>&#8220;E aqui, eu gostaria de deixar a todos voc\u00eas a seguinte pergunta: &#8216;Que dons Deus concedeu a voc\u00ea? Coloque esses dons para produzir bons frutos, frutos de virtudes, frutos de santidade, para o bem das pessoas, para o bem da humanidade, para o bem da Igreja. Como Frei Galv\u00e3o, sejamos todos uma terra f\u00e9rtil, para produzir bons frutos, n\u00e3o importa o tamanho do dom que voc\u00ea recebeu de Deus&#8221;, disse.<\/p>\n<p>Diante da realidade de uma trag\u00e9dia, tendo como base o Evangelho do dia, Pe. Wagner disse para n\u00e3o perder a oportunidade de rever a nossa vida, para fazer um exame de consci\u00eancia porque nenhum de n\u00f3s est\u00e1 livre de tamb\u00e9m viver uma experi\u00eancia de trag\u00e9dia. &#8220;Nenhum de n\u00f3s. Por isso Jesus aproveita aquela oportunidade para dizer: &#8216;Olha, se v\u00f3s n\u00e3o vos converterdes, ireis morrer todos do mesmo modo&#8217;. A trag\u00e9dia \u00e9 sempre lament\u00e1vel, mas deve ser para n\u00f3s a oportunidade de rever a pr\u00f3pria vida. E hoje o nosso exame de consci\u00eancia, a nossa revis\u00e3o de vida deve ser feita tendo em vista o que n\u00f3s estamos fazendo com os dons, com os talentos que a gra\u00e7a de Deus nos concedeu. Estamos enterrando os talentos? Estamos colocando esses dons, de fato, \u00e0 disposi\u00e7\u00e3o do bem das pessoas? Do bem da humanidade para promover a edifica\u00e7\u00e3o da Igreja?&#8221;, perguntou.<\/p>\n\n\t\t<style type=\"text\/css\">\n\t\t\t#gallery-1 {\n\t\t\t\tmargin: auto;\n\t\t\t}\n\t\t\t#gallery-1 .gallery-item {\n\t\t\t\tfloat: left;\n\t\t\t\tmargin-top: 10px;\n\t\t\t\ttext-align: center;\n\t\t\t\twidth: 20%;\n\t\t\t}\n\t\t\t#gallery-1 img {\n\t\t\t\tborder: 2px solid #cfcfcf;\n\t\t\t}\n\t\t\t#gallery-1 .gallery-caption {\n\t\t\t\tmargin-left: 0;\n\t\t\t}\n\t\t\t\/* see gallery_shortcode() in wp-includes\/media.php *\/\n\t\t<\/style>\n\t\t<div id='gallery-1' class='gallery galleryid-240451 gallery-columns-5 gallery-size-thumbnail'><dl class='gallery-item'>\n\t\t\t<dt class='gallery-icon portrait'>\n\t\t\t\t<a href='https:\/\/franciscanos.org.br\/noticias\/wp-content\/uploads\/2022\/10\/sabado_02.jpg'><img width=\"300\" height=\"300\" src=\"https:\/\/franciscanos.org.br\/noticias\/wp-content\/uploads\/2022\/10\/sabado_02-300x300.jpg\" class=\"attachment-thumbnail size-thumbnail\" alt=\"\" loading=\"lazy\" srcset=\"https:\/\/franciscanos.org.br\/noticias\/wp-content\/uploads\/2022\/10\/sabado_02-300x300.jpg 300w, https:\/\/franciscanos.org.br\/noticias\/wp-content\/uploads\/2022\/10\/sabado_02-100x100.jpg 100w\" sizes=\"(max-width: 300px) 100vw, 300px\" \/><\/a>\n\t\t\t<\/dt><\/dl><dl class='gallery-item'>\n\t\t\t<dt class='gallery-icon landscape'>\n\t\t\t\t<a href='https:\/\/franciscanos.org.br\/noticias\/wp-content\/uploads\/2022\/10\/sabado_05.jpg'><img width=\"300\" height=\"300\" src=\"https:\/\/franciscanos.org.br\/noticias\/wp-content\/uploads\/2022\/10\/sabado_05-300x300.jpg\" class=\"attachment-thumbnail size-thumbnail\" alt=\"\" loading=\"lazy\" srcset=\"https:\/\/franciscanos.org.br\/noticias\/wp-content\/uploads\/2022\/10\/sabado_05-300x300.jpg 300w, https:\/\/franciscanos.org.br\/noticias\/wp-content\/uploads\/2022\/10\/sabado_05-100x100.jpg 100w\" sizes=\"(max-width: 300px) 100vw, 300px\" \/><\/a>\n\t\t\t<\/dt><\/dl><dl class='gallery-item'>\n\t\t\t<dt class='gallery-icon landscape'>\n\t\t\t\t<a href='https:\/\/franciscanos.org.br\/noticias\/wp-content\/uploads\/2022\/10\/sabado_06.jpg'><img width=\"300\" height=\"300\" src=\"https:\/\/franciscanos.org.br\/noticias\/wp-content\/uploads\/2022\/10\/sabado_06-300x300.jpg\" class=\"attachment-thumbnail size-thumbnail\" alt=\"\" loading=\"lazy\" srcset=\"https:\/\/franciscanos.org.br\/noticias\/wp-content\/uploads\/2022\/10\/sabado_06-300x300.jpg 300w, https:\/\/franciscanos.org.br\/noticias\/wp-content\/uploads\/2022\/10\/sabado_06-100x100.jpg 100w\" sizes=\"(max-width: 300px) 100vw, 300px\" \/><\/a>\n\t\t\t<\/dt><\/dl><dl class='gallery-item'>\n\t\t\t<dt class='gallery-icon landscape'>\n\t\t\t\t<a href='https:\/\/franciscanos.org.br\/noticias\/wp-content\/uploads\/2022\/10\/sabado_08.jpg'><img width=\"300\" height=\"300\" src=\"https:\/\/franciscanos.org.br\/noticias\/wp-content\/uploads\/2022\/10\/sabado_08-300x300.jpg\" class=\"attachment-thumbnail size-thumbnail\" alt=\"\" loading=\"lazy\" srcset=\"https:\/\/franciscanos.org.br\/noticias\/wp-content\/uploads\/2022\/10\/sabado_08-300x300.jpg 300w, https:\/\/franciscanos.org.br\/noticias\/wp-content\/uploads\/2022\/10\/sabado_08-100x100.jpg 100w\" sizes=\"(max-width: 300px) 100vw, 300px\" \/><\/a>\n\t\t\t<\/dt><\/dl><dl class='gallery-item'>\n\t\t\t<dt class='gallery-icon landscape'>\n\t\t\t\t<a href='https:\/\/franciscanos.org.br\/noticias\/wp-content\/uploads\/2022\/10\/sabado_09.jpg'><img width=\"300\" height=\"300\" src=\"https:\/\/franciscanos.org.br\/noticias\/wp-content\/uploads\/2022\/10\/sabado_09-300x300.jpg\" class=\"attachment-thumbnail size-thumbnail\" alt=\"\" loading=\"lazy\" srcset=\"https:\/\/franciscanos.org.br\/noticias\/wp-content\/uploads\/2022\/10\/sabado_09-300x300.jpg 300w, https:\/\/franciscanos.org.br\/noticias\/wp-content\/uploads\/2022\/10\/sabado_09-100x100.jpg 100w\" sizes=\"(max-width: 300px) 100vw, 300px\" \/><\/a>\n\t\t\t<\/dt><\/dl><br style=\"clear: both\" \/>\n\t\t<\/div>\n\n<p><em> \u00a0(toque nas imagens para ampli\u00e1-las)<\/em><\/p>\n<p>O celebrante chamou a aten\u00e7\u00e3o que muitas pessoas colocam os dons de Deus em a\u00e7\u00e3o para a pr\u00f3pria vaidade, n\u00e3o para promover a justi\u00e7a, a fraternidade, a solidariedade, o amor aos empobrecidos, o amor aos enfermos. &#8220;Olha, enquanto \u00e9 tempo, que sejamos como Frei Galv\u00e3o, terra f\u00e9rtil que produz frutos bons&#8221;, ensinou.<\/p>\n<p><strong>SHOW <\/strong><\/p>\n<p>Ariane Zaine canta neste s\u00e1bado \u00e0s 21 horas. Aos 26 anos, ela participou do The Voice Brasil e \u00e9 de Guaratinguet\u00e1.<\/p>\n<p><strong> <img loading=\"lazy\" class=\"alignnone size-full wp-image-240461\" src=\"https:\/\/franciscanos.org.br\/noticias\/wp-content\/uploads\/2022\/10\/sabado_07.jpg\" alt=\"\" width=\"1280\" height=\"673\" srcset=\"https:\/\/franciscanos.org.br\/noticias\/wp-content\/uploads\/2022\/10\/sabado_07.jpg 1280w, https:\/\/franciscanos.org.br\/noticias\/wp-content\/uploads\/2022\/10\/sabado_07-450x237.jpg 450w, https:\/\/franciscanos.org.br\/noticias\/wp-content\/uploads\/2022\/10\/sabado_07-1024x538.jpg 1024w, https:\/\/franciscanos.org.br\/noticias\/wp-content\/uploads\/2022\/10\/sabado_07-768x404.jpg 768w, https:\/\/franciscanos.org.br\/noticias\/wp-content\/uploads\/2022\/10\/sabado_07-150x79.jpg 150w\" sizes=\"(max-width: 1280px) 100vw, 1280px\" \/> <\/strong><\/p>\n<p><strong>PROGRAMA\u00c7\u00c3O<\/strong><\/p>\n<p><strong>23 de outubro \u2013 Domingo (Gesto concreto: \u00d3leo)<\/strong><\/p>\n<p>06h00 \u2013 Missa<br \/>\n08h00 \u2013 Missa<br \/>\n09h00 \u2013 8\u00b0 Encontro de Fuscas e Carros Antigos \u2013 Na Alameda Frei Galv\u00e3o<br \/>\n9h00 \u2013 Abertura das Barraquinhas de Doces e Salgados<br \/>\n10h00 \u2013 Missa<br \/>\n11h30 \u2013 Sorteio do fusca de Frei Galv\u00e3o \u2013 Transmiss\u00e3o pela TV Frei Galv\u00e3o (You Tube)<br \/>\n13h00 \u2013 Show com J\u00fanior P\u00e9rola<br \/>\n15h00 \u2013 Missa do 8\u00b0 dia da Novena \u2013 Tema: \u201cFrei Galv\u00e3o, Exemplo de Ora\u00e7\u00e3o e Humildade\u201d.<br \/>\n17h30 \u2013 Missa<br \/>\n19h30 \u2013 Missa do 8\u00b0 dia da Novena \u2013 Tema: \u201cFrei Galv\u00e3o, Exemplo de Ora\u00e7\u00e3o e Humildade\u201d<br \/>\n21h00 \u2013 Show com Adriana Gil<br \/>\n21h00 \u2013 A\u00e7\u00e3o entre amigos<\/p>\n<hr \/>\n<p><em>Equipe de Comunica\u00e7\u00e3o do Santu\u00e1rio Frei Galv\u00e3o<\/em><\/p>\n","protected":false},"excerpt":{"rendered":"<p>Festa de Frei Galv\u00e3o 2022<\/p>\n","protected":false},"author":3,"featured_media":240452,"comment_status":"open","ping_status":"open","sticky":false,"template":"","format":"standard","meta":[],"categories":[1],"tags":[2067],"acf":[],"yoast_head":"<!-- This site is optimized with the Yoast SEO plugin v19.2 - https:\/\/yoast.com\/wordpress\/plugins\/seo\/ -->\n<title>Pe. Wagner: &quot;O que estamos fazendo com os dons que a gra\u00e7a de Deus nos concedeu?&quot; - Not\u00edcias - Franciscanos<\/title>\n<meta name=\"robots\" content=\"index, follow, max-snippet:-1, max-image-preview:large, max-video-preview:-1\" \/>\n<link rel=\"canonical\" href=\"https:\/\/franciscanos.org.br\/noticias\/pe-wagner-o-que-estamos-fazendo-com-os-dons-que-a-graca-de-deus-nos-concedeu.html\" \/>\n<meta property=\"og:locale\" content=\"pt_BR\" \/>\n<meta property=\"og:type\" content=\"article\" \/>\n<meta property=\"og:title\" content=\"Pe. Wagner: &quot;O que estamos fazendo com os dons que a gra\u00e7a de Deus nos concedeu?&quot; - Not\u00edcias - Franciscanos\" \/>\n<meta property=\"og:description\" content=\"Festa de Frei Galv\u00e3o 2022\" \/>\n<meta property=\"og:url\" content=\"https:\/\/franciscanos.org.br\/noticias\/pe-wagner-o-que-estamos-fazendo-com-os-dons-que-a-graca-de-deus-nos-concedeu.html\" \/>\n<meta property=\"og:site_name\" content=\"Not\u00edcias - Franciscanos\" \/>\n<meta property=\"article:published_time\" content=\"2022-10-22T21:20:22+00:00\" \/>\n<meta property=\"article:modified_time\" content=\"2022-10-22T21:22:03+00:00\" \/>\n<meta property=\"og:image\" content=\"https:\/\/franciscanos.org.br\/noticias\/wp-content\/uploads\/2022\/10\/sabado_01.jpg\" \/>\n\t<meta property=\"og:image:width\" content=\"1280\" \/>\n\t<meta property=\"og:image:height\" content=\"720\" \/>\n\t<meta property=\"og:image:type\" content=\"image\/jpeg\" \/>\n<meta name=\"author\" content=\"moacir\" \/>\n<meta name=\"twitter:card\" content=\"summary_large_image\" \/>\n<meta name=\"twitter:label1\" content=\"Escrito por\" \/>\n\t<meta name=\"twitter:data1\" content=\"moacir\" \/>\n\t<meta name=\"twitter:label2\" content=\"Est. tempo de leitura\" \/>\n\t<meta name=\"twitter:data2\" content=\"5 minutos\" \/>\n<script type=\"application\/ld+json\" class=\"yoast-schema-graph\">{\"@context\":\"https:\/\/schema.org\",\"@graph\":[{\"@type\":\"WebSite\",\"@id\":\"https:\/\/franciscanos.org.br\/noticias\/#website\",\"url\":\"https:\/\/franciscanos.org.br\/noticias\/\",\"name\":\"Not\u00edcias - Franciscanos\",\"description\":\"Prov\u00edncia Franciscana da Imaculada Concei\u00e7\u00e3o do Brasil - Ordem dos Frades Menores - OFM\",\"potentialAction\":[{\"@type\":\"SearchAction\",\"target\":{\"@type\":\"EntryPoint\",\"urlTemplate\":\"https:\/\/franciscanos.org.br\/noticias\/?s={search_term_string}\"},\"query-input\":\"required name=search_term_string\"}],\"inLanguage\":\"pt-BR\"},{\"@type\":\"ImageObject\",\"inLanguage\":\"pt-BR\",\"@id\":\"https:\/\/franciscanos.org.br\/noticias\/pe-wagner-o-que-estamos-fazendo-com-os-dons-que-a-graca-de-deus-nos-concedeu.html#primaryimage\",\"url\":\"https:\/\/franciscanos.org.br\/noticias\/wp-content\/uploads\/2022\/10\/sabado_01.jpg\",\"contentUrl\":\"https:\/\/franciscanos.org.br\/noticias\/wp-content\/uploads\/2022\/10\/sabado_01.jpg\",\"width\":1280,\"height\":720},{\"@type\":\"WebPage\",\"@id\":\"https:\/\/franciscanos.org.br\/noticias\/pe-wagner-o-que-estamos-fazendo-com-os-dons-que-a-graca-de-deus-nos-concedeu.html#webpage\",\"url\":\"https:\/\/franciscanos.org.br\/noticias\/pe-wagner-o-que-estamos-fazendo-com-os-dons-que-a-graca-de-deus-nos-concedeu.html\",\"name\":\"Pe. Wagner: \\\"O que estamos fazendo com os dons que a gra\u00e7a de Deus nos concedeu?\\\" - Not\u00edcias - Franciscanos\",\"isPartOf\":{\"@id\":\"https:\/\/franciscanos.org.br\/noticias\/#website\"},\"primaryImageOfPage\":{\"@id\":\"https:\/\/franciscanos.org.br\/noticias\/pe-wagner-o-que-estamos-fazendo-com-os-dons-que-a-graca-de-deus-nos-concedeu.html#primaryimage\"},\"datePublished\":\"2022-10-22T21:20:22+00:00\",\"dateModified\":\"2022-10-22T21:22:03+00:00\",\"author\":{\"@id\":\"https:\/\/franciscanos.org.br\/noticias\/#\/schema\/person\/b5c8cba458c330ccff548b056e95a5d4\"},\"breadcrumb\":{\"@id\":\"https:\/\/franciscanos.org.br\/noticias\/pe-wagner-o-que-estamos-fazendo-com-os-dons-que-a-graca-de-deus-nos-concedeu.html#breadcrumb\"},\"inLanguage\":\"pt-BR\",\"potentialAction\":[{\"@type\":\"ReadAction\",\"target\":[\"https:\/\/franciscanos.org.br\/noticias\/pe-wagner-o-que-estamos-fazendo-com-os-dons-que-a-graca-de-deus-nos-concedeu.html\"]}]},{\"@type\":\"BreadcrumbList\",\"@id\":\"https:\/\/franciscanos.org.br\/noticias\/pe-wagner-o-que-estamos-fazendo-com-os-dons-que-a-graca-de-deus-nos-concedeu.html#breadcrumb\",\"itemListElement\":[{\"@type\":\"ListItem\",\"position\":1,\"name\":\"Home\",\"item\":\"https:\/\/franciscanos.org.br\/noticias\"},{\"@type\":\"ListItem\",\"position\":2,\"name\":\"Pe. Wagner: &#8220;O que estamos fazendo com os dons que a gra\u00e7a de Deus nos concedeu?&#8221;\"}]},{\"@type\":\"Person\",\"@id\":\"https:\/\/franciscanos.org.br\/noticias\/#\/schema\/person\/b5c8cba458c330ccff548b056e95a5d4\",\"name\":\"moacir\",\"image\":{\"@type\":\"ImageObject\",\"inLanguage\":\"pt-BR\",\"@id\":\"https:\/\/franciscanos.org.br\/noticias\/#\/schema\/person\/image\/\",\"url\":\"https:\/\/secure.gravatar.com\/avatar\/d08aa2ce4c8dd416d4479aa8536fcf64?s=96&d=mm&r=g\",\"contentUrl\":\"https:\/\/secure.gravatar.com\/avatar\/d08aa2ce4c8dd416d4479aa8536fcf64?s=96&d=mm&r=g\",\"caption\":\"moacir\"},\"url\":\"https:\/\/franciscanos.org.br\/noticias\/author\/moacir\"}]}<\/script>\n<!-- \/ Yoast SEO plugin. -->","yoast_head_json":{"title":"Pe. Wagner: \"O que estamos fazendo com os dons que a gra\u00e7a de Deus nos concedeu?\" - Not\u00edcias - Franciscanos","robots":{"index":"index","follow":"follow","max-snippet":"max-snippet:-1","max-image-preview":"max-image-preview:large","max-video-preview":"max-video-preview:-1"},"canonical":"https:\/\/franciscanos.org.br\/noticias\/pe-wagner-o-que-estamos-fazendo-com-os-dons-que-a-graca-de-deus-nos-concedeu.html","og_locale":"pt_BR","og_type":"article","og_title":"Pe. Wagner: \"O que estamos fazendo com os dons que a gra\u00e7a de Deus nos concedeu?\" - Not\u00edcias - Franciscanos","og_description":"Festa de Frei Galv\u00e3o 2022","og_url":"https:\/\/franciscanos.org.br\/noticias\/pe-wagner-o-que-estamos-fazendo-com-os-dons-que-a-graca-de-deus-nos-concedeu.html","og_site_name":"Not\u00edcias - Franciscanos","article_published_time":"2022-10-22T21:20:22+00:00","article_modified_time":"2022-10-22T21:22:03+00:00","og_image":[{"width":1280,"height":720,"url":"https:\/\/franciscanos.org.br\/noticias\/wp-content\/uploads\/2022\/10\/sabado_01.jpg","type":"image\/jpeg"}],"author":"moacir","twitter_card":"summary_large_image","twitter_misc":{"Escrito por":"moacir","Est. tempo de leitura":"5 minutos"},"schema":{"@context":"https:\/\/schema.org","@graph":[{"@type":"WebSite","@id":"https:\/\/franciscanos.org.br\/noticias\/#website","url":"https:\/\/franciscanos.org.br\/noticias\/","name":"Not\u00edcias - Franciscanos","description":"Prov\u00edncia Franciscana da Imaculada Concei\u00e7\u00e3o do Brasil - Ordem dos Frades Menores - OFM","potentialAction":[{"@type":"SearchAction","target":{"@type":"EntryPoint","urlTemplate":"https:\/\/franciscanos.org.br\/noticias\/?s={search_term_string}"},"query-input":"required name=search_term_string"}],"inLanguage":"pt-BR"},{"@type":"ImageObject","inLanguage":"pt-BR","@id":"https:\/\/franciscanos.org.br\/noticias\/pe-wagner-o-que-estamos-fazendo-com-os-dons-que-a-graca-de-deus-nos-concedeu.html#primaryimage","url":"https:\/\/franciscanos.org.br\/noticias\/wp-content\/uploads\/2022\/10\/sabado_01.jpg","contentUrl":"https:\/\/franciscanos.org.br\/noticias\/wp-content\/uploads\/2022\/10\/sabado_01.jpg","width":1280,"height":720},{"@type":"WebPage","@id":"https:\/\/franciscanos.org.br\/noticias\/pe-wagner-o-que-estamos-fazendo-com-os-dons-que-a-graca-de-deus-nos-concedeu.html#webpage","url":"https:\/\/franciscanos.org.br\/noticias\/pe-wagner-o-que-estamos-fazendo-com-os-dons-que-a-graca-de-deus-nos-concedeu.html","name":"Pe. Wagner: \"O que estamos fazendo com os dons que a gra\u00e7a de Deus nos concedeu?\" - Not\u00edcias - Franciscanos","isPartOf":{"@id":"https:\/\/franciscanos.org.br\/noticias\/#website"},"primaryImageOfPage":{"@id":"https:\/\/franciscanos.org.br\/noticias\/pe-wagner-o-que-estamos-fazendo-com-os-dons-que-a-graca-de-deus-nos-concedeu.html#primaryimage"},"datePublished":"2022-10-22T21:20:22+00:00","dateModified":"2022-10-22T21:22:03+00:00","author":{"@id":"https:\/\/franciscanos.org.br\/noticias\/#\/schema\/person\/b5c8cba458c330ccff548b056e95a5d4"},"breadcrumb":{"@id":"https:\/\/franciscanos.org.br\/noticias\/pe-wagner-o-que-estamos-fazendo-com-os-dons-que-a-graca-de-deus-nos-concedeu.html#breadcrumb"},"inLanguage":"pt-BR","potentialAction":[{"@type":"ReadAction","target":["https:\/\/franciscanos.org.br\/noticias\/pe-wagner-o-que-estamos-fazendo-com-os-dons-que-a-graca-de-deus-nos-concedeu.html"]}]},{"@type":"BreadcrumbList","@id":"https:\/\/franciscanos.org.br\/noticias\/pe-wagner-o-que-estamos-fazendo-com-os-dons-que-a-graca-de-deus-nos-concedeu.html#breadcrumb","itemListElement":[{"@type":"ListItem","position":1,"name":"Home","item":"https:\/\/franciscanos.org.br\/noticias"},{"@type":"ListItem","position":2,"name":"Pe. Wagner: &#8220;O que estamos fazendo com os dons que a gra\u00e7a de Deus nos concedeu?&#8221;"}]},{"@type":"Person","@id":"https:\/\/franciscanos.org.br\/noticias\/#\/schema\/person\/b5c8cba458c330ccff548b056e95a5d4","name":"moacir","image":{"@type":"ImageObject","inLanguage":"pt-BR","@id":"https:\/\/franciscanos.org.br\/noticias\/#\/schema\/person\/image\/","url":"https:\/\/secure.gravatar.com\/avatar\/d08aa2ce4c8dd416d4479aa8536fcf64?s=96&d=mm&r=g","contentUrl":"https:\/\/secure.gravatar.com\/avatar\/d08aa2ce4c8dd416d4479aa8536fcf64?s=96&d=mm&r=g","caption":"moacir"},"url":"https:\/\/franciscanos.org.br\/noticias\/author\/moacir"}]}},"_links":{"self":[{"href":"https:\/\/franciscanos.org.br\/noticias\/wp-json\/wp\/v2\/posts\/240451"}],"collection":[{"href":"https:\/\/franciscanos.org.br\/noticias\/wp-json\/wp\/v2\/posts"}],"about":[{"href":"https:\/\/franciscanos.org.br\/noticias\/wp-json\/wp\/v2\/types\/post"}],"author":[{"embeddable":true,"href":"https:\/\/franciscanos.org.br\/noticias\/wp-json\/wp\/v2\/users\/3"}],"replies":[{"embeddable":true,"href":"https:\/\/franciscanos.org.br\/noticias\/wp-json\/wp\/v2\/comments?post=240451"}],"version-history":[{"count":3,"href":"https:\/\/franciscanos.org.br\/noticias\/wp-json\/wp\/v2\/posts\/240451\/revisions"}],"predecessor-version":[{"id":240464,"href":"https:\/\/franciscanos.org.br\/noticias\/wp-json\/wp\/v2\/posts\/240451\/revisions\/240464"}],"wp:featuredmedia":[{"embeddable":true,"href":"https:\/\/franciscanos.org.br\/noticias\/wp-json\/wp\/v2\/media\/240452"}],"wp:attachment":[{"href":"https:\/\/franciscanos.org.br\/noticias\/wp-json\/wp\/v2\/media?parent=240451"}],"wp:term":[{"taxonomy":"category","embeddable":true,"href":"https:\/\/franciscanos.org.br\/noticias\/wp-json\/wp\/v2\/categories?post=240451"},{"taxonomy":"post_tag","embeddable":true,"href":"https:\/\/franciscanos.org.br\/noticias\/wp-json\/wp\/v2\/tags?post=240451"}],"curies":[{"name":"wp","href":"https:\/\/api.w.org\/{rel}","templated":true}]}}