{"id":240442,"date":"2022-10-22T12:15:16","date_gmt":"2022-10-22T15:15:16","guid":{"rendered":"https:\/\/franciscanos.org.br\/noticias\/?p=240442"},"modified":"2022-10-22T12:15:16","modified_gmt":"2022-10-22T15:15:16","slug":"festa-de-frei-galvao-romeiros-canarinhos-e-novena","status":"publish","type":"post","link":"https:\/\/franciscanos.org.br\/noticias\/festa-de-frei-galvao-romeiros-canarinhos-e-novena.html","title":{"rendered":"Festa de Frei Galv\u00e3o: romeiros, Canarinhos e Novena"},"content":{"rendered":"<p><img loading=\"lazy\" class=\"alignnone size-full wp-image-240443\" src=\"https:\/\/franciscanos.org.br\/noticias\/wp-content\/uploads\/2022\/10\/manha_22_3.jpg\" alt=\"\" width=\"1280\" height=\"864\" srcset=\"https:\/\/franciscanos.org.br\/noticias\/wp-content\/uploads\/2022\/10\/manha_22_3.jpg 1280w, https:\/\/franciscanos.org.br\/noticias\/wp-content\/uploads\/2022\/10\/manha_22_3-450x304.jpg 450w, https:\/\/franciscanos.org.br\/noticias\/wp-content\/uploads\/2022\/10\/manha_22_3-1024x691.jpg 1024w, https:\/\/franciscanos.org.br\/noticias\/wp-content\/uploads\/2022\/10\/manha_22_3-768x518.jpg 768w, https:\/\/franciscanos.org.br\/noticias\/wp-content\/uploads\/2022\/10\/manha_22_3-150x101.jpg 150w\" sizes=\"(max-width: 1280px) 100vw, 1280px\" \/><br \/>\n<strong>Guaratinguet\u00e1 (SP)<\/strong> &#8211; Este s\u00e1bado (22\/10) come\u00e7ou intenso no Santu\u00e1rio Frei Galv\u00e3o, em Guaratinguet\u00e1. Logo cedo os \u00f4nibus de romeiros de todo o Brasil, que no m\u00eas de outubro t\u00eam como destino o Santu\u00e1rio da M\u00e3e Aparecida, n\u00e3o deixam de visitar a terra e a casa do primeiro santo brasileiro.<\/p>\n<p>Depois de serem acolhidos ainda no \u00f4nibus, Frei Jo\u00e3o Manoel Zechinatto e Frei Andrei Nascimento dos Anjos, frades estudantes de Teologia em Petr\u00f3polis e que vieram ajudar na Festa, receberam os romeiros no interior do Santu\u00e1rio, diante da grande imagem de Frei Galv\u00e3o, onde falaram um pouco da vida e da hist\u00f3ria do frade franciscano que se tornou santo.<\/p>\n<p><img loading=\"lazy\" class=\"alignnone wp-image-240444 size-full\" src=\"https:\/\/franciscanos.org.br\/noticias\/wp-content\/uploads\/2022\/10\/manha_22.jpg\" alt=\"\" width=\"1280\" height=\"781\" srcset=\"https:\/\/franciscanos.org.br\/noticias\/wp-content\/uploads\/2022\/10\/manha_22.jpg 1280w, https:\/\/franciscanos.org.br\/noticias\/wp-content\/uploads\/2022\/10\/manha_22-450x275.jpg 450w, https:\/\/franciscanos.org.br\/noticias\/wp-content\/uploads\/2022\/10\/manha_22-1024x625.jpg 1024w, https:\/\/franciscanos.org.br\/noticias\/wp-content\/uploads\/2022\/10\/manha_22-768x469.jpg 768w, https:\/\/franciscanos.org.br\/noticias\/wp-content\/uploads\/2022\/10\/manha_22-150x92.jpg 150w\" sizes=\"(max-width: 1280px) 100vw, 1280px\" \/><\/p>\n<p><img loading=\"lazy\" class=\"alignnone size-full wp-image-240445\" src=\"https:\/\/franciscanos.org.br\/noticias\/wp-content\/uploads\/2022\/10\/manha_22_1.jpg\" alt=\"\" width=\"1280\" height=\"853\" srcset=\"https:\/\/franciscanos.org.br\/noticias\/wp-content\/uploads\/2022\/10\/manha_22_1.jpg 1280w, https:\/\/franciscanos.org.br\/noticias\/wp-content\/uploads\/2022\/10\/manha_22_1-450x300.jpg 450w, https:\/\/franciscanos.org.br\/noticias\/wp-content\/uploads\/2022\/10\/manha_22_1-1024x682.jpg 1024w, https:\/\/franciscanos.org.br\/noticias\/wp-content\/uploads\/2022\/10\/manha_22_1-768x512.jpg 768w, https:\/\/franciscanos.org.br\/noticias\/wp-content\/uploads\/2022\/10\/manha_22_1-150x100.jpg 150w\" sizes=\"(max-width: 1280px) 100vw, 1280px\" \/><\/p>\n<p>Os romeiros de duas excurs\u00f5es, uma da cidade de S\u00e3o Tom\u00e1s de Aquino (MG) e outra de Ponta Grossa (PR), ouviram os frades explicar que as p\u00edlulas de Frei Galv\u00e3o n\u00e3o s\u00e3o &#8220;rem\u00e9dios&#8221;, mas devocionais de f\u00e9. Para ajudar um homem que sofria com muita dor, Frei Galv\u00e3o teve a inspira\u00e7\u00e3o de escrever num pedacinho de papel uma frase do of\u00edcio de Nossa Senhora: \u201cDepois do parto, \u00f3 Virgem, permaneceste intacta: M\u00e3e de Deus, intercedei por n\u00f3s\u201d. Frei Galv\u00e3o, ent\u00e3o, embrulhou o papelzinho em forma de p\u00edlula e pediu que o doente tomasse com f\u00e9 e ora\u00e7\u00e3o. O doente ficou curado e novas gra\u00e7as foram alcan\u00e7adas com as p\u00edlulas.<\/p>\n<p>O Santu\u00e1rio Frei Galv\u00e3o foi eregido canonicamente pelo Arcebispo de Aparecida, Dom Raymundo Damasceno Assis, no dia 8 de dezembro de 2010, solenidade da Imaculada Concei\u00e7\u00e3o, de quem Frei Galv\u00e3o era devoto.<\/p>\n<p><img loading=\"lazy\" class=\"alignnone size-full wp-image-240446\" src=\"https:\/\/franciscanos.org.br\/noticias\/wp-content\/uploads\/2022\/10\/manha_22_2.jpg\" alt=\"\" width=\"1280\" height=\"883\" srcset=\"https:\/\/franciscanos.org.br\/noticias\/wp-content\/uploads\/2022\/10\/manha_22_2.jpg 1280w, https:\/\/franciscanos.org.br\/noticias\/wp-content\/uploads\/2022\/10\/manha_22_2-450x310.jpg 450w, https:\/\/franciscanos.org.br\/noticias\/wp-content\/uploads\/2022\/10\/manha_22_2-1024x706.jpg 1024w, https:\/\/franciscanos.org.br\/noticias\/wp-content\/uploads\/2022\/10\/manha_22_2-768x530.jpg 768w, https:\/\/franciscanos.org.br\/noticias\/wp-content\/uploads\/2022\/10\/manha_22_2-150x103.jpg 150w, https:\/\/franciscanos.org.br\/noticias\/wp-content\/uploads\/2022\/10\/manha_22_2-320x220.jpg 320w\" sizes=\"(max-width: 1280px) 100vw, 1280px\" \/><\/p>\n<p>Os devotos que quiserem fazer parte da Fam\u00edlia Mission\u00e1ria de Frei Galv\u00e3o devem enviar uma mensagem para o WhatApp do Santu\u00e1rio &#8211; (12) 2285-9388 &#8211; ou fazer um cadastro no site do Santu\u00e1rio (www.santuariofreigalvao.com). Os devotos que visitam o Santu\u00e1rio tamb\u00e9m podem fazer a inscri\u00e7\u00e3o na pr\u00f3pria igreja.<\/p>\n<p>Nesta manh\u00e3 tamb\u00e9m foi para o ar mais um programa \u201cS\u00e1bado no Santu\u00e1rio\u201d, pela TV Aparecida. \u00c0s 11 horas foram acolhidos, por Frei Evaristo Seque Joaquim e Frei Jefferson Danilo Santos Ferreira os ciclistas da prova &#8220;Pedal de Frei Galv\u00e3o&#8221;.<\/p>\n<p><img loading=\"lazy\" class=\"alignnone size-full wp-image-240449\" src=\"https:\/\/franciscanos.org.br\/noticias\/wp-content\/uploads\/2022\/10\/manha_22_7.jpg\" alt=\"\" width=\"1280\" height=\"900\" srcset=\"https:\/\/franciscanos.org.br\/noticias\/wp-content\/uploads\/2022\/10\/manha_22_7.jpg 1280w, https:\/\/franciscanos.org.br\/noticias\/wp-content\/uploads\/2022\/10\/manha_22_7-450x316.jpg 450w, https:\/\/franciscanos.org.br\/noticias\/wp-content\/uploads\/2022\/10\/manha_22_7-1024x720.jpg 1024w, https:\/\/franciscanos.org.br\/noticias\/wp-content\/uploads\/2022\/10\/manha_22_7-768x540.jpg 768w, https:\/\/franciscanos.org.br\/noticias\/wp-content\/uploads\/2022\/10\/manha_22_7-150x105.jpg 150w, https:\/\/franciscanos.org.br\/noticias\/wp-content\/uploads\/2022\/10\/manha_22_7-474x332.jpg 474w\" sizes=\"(max-width: 1280px) 100vw, 1280px\" \/><\/p>\n<p>&nbsp;<\/p>\n<p>Padre Wagner Ferreira, Reitor do Santu\u00e1rio Pai das Miseric\u00f3rdias, da Can\u00e7\u00e3o Nova, vai presidir a primeira Missa da Novena de Frei Galv\u00e3o, que chega ao s\u00e9timo dia. \u00c0s 17 horas, o Coral dos Meninos Cantores far\u00e1 um Concerto com m\u00fasicas populares, \u00e0s 17h30, no palco externo do Santu\u00e1rio Frei Galv\u00e3o e, em seguida, entoar\u00e1 os cantos lit\u00fargicos da Celebra\u00e7\u00e3o Eucar\u00edstica, \u00e0s 19h30, que ser\u00e1 presidida pelo Vig\u00e1rio Provincial Frei Gustavo Medella.<\/p>\n<p><img loading=\"lazy\" class=\"alignnone size-full wp-image-240448\" src=\"https:\/\/franciscanos.org.br\/noticias\/wp-content\/uploads\/2022\/10\/manha_22_5.jpg\" alt=\"\" width=\"1280\" height=\"853\" srcset=\"https:\/\/franciscanos.org.br\/noticias\/wp-content\/uploads\/2022\/10\/manha_22_5.jpg 1280w, https:\/\/franciscanos.org.br\/noticias\/wp-content\/uploads\/2022\/10\/manha_22_5-450x300.jpg 450w, https:\/\/franciscanos.org.br\/noticias\/wp-content\/uploads\/2022\/10\/manha_22_5-1024x682.jpg 1024w, https:\/\/franciscanos.org.br\/noticias\/wp-content\/uploads\/2022\/10\/manha_22_5-768x512.jpg 768w, https:\/\/franciscanos.org.br\/noticias\/wp-content\/uploads\/2022\/10\/manha_22_5-150x100.jpg 150w\" sizes=\"(max-width: 1280px) 100vw, 1280px\" \/><\/p>\n<hr \/>\n<p><em>Equipe de Comunica\u00e7\u00e3o do Santu\u00e1rio Frei Galv\u00e3o\u00a0<\/em><\/p>\n","protected":false},"excerpt":{"rendered":"<p>Festa de Frei Galv\u00e3o 2022<\/p>\n","protected":false},"author":3,"featured_media":240443,"comment_status":"open","ping_status":"open","sticky":false,"template":"","format":"standard","meta":[],"categories":[1],"tags":[2067],"acf":[],"yoast_head":"<!-- This site is optimized with the Yoast SEO plugin v19.2 - https:\/\/yoast.com\/wordpress\/plugins\/seo\/ -->\n<title>Festa de Frei Galv\u00e3o: romeiros, Canarinhos e Novena - Not\u00edcias - Franciscanos<\/title>\n<meta name=\"robots\" content=\"index, follow, max-snippet:-1, max-image-preview:large, max-video-preview:-1\" \/>\n<link rel=\"canonical\" href=\"https:\/\/franciscanos.org.br\/noticias\/festa-de-frei-galvao-romeiros-canarinhos-e-novena.html\" \/>\n<meta property=\"og:locale\" content=\"pt_BR\" \/>\n<meta property=\"og:type\" content=\"article\" \/>\n<meta property=\"og:title\" content=\"Festa de Frei Galv\u00e3o: romeiros, Canarinhos e Novena - Not\u00edcias - Franciscanos\" \/>\n<meta property=\"og:description\" content=\"Festa de Frei Galv\u00e3o 2022\" \/>\n<meta property=\"og:url\" content=\"https:\/\/franciscanos.org.br\/noticias\/festa-de-frei-galvao-romeiros-canarinhos-e-novena.html\" \/>\n<meta property=\"og:site_name\" content=\"Not\u00edcias - Franciscanos\" \/>\n<meta property=\"article:published_time\" content=\"2022-10-22T15:15:16+00:00\" \/>\n<meta property=\"og:image\" content=\"https:\/\/franciscanos.org.br\/noticias\/wp-content\/uploads\/2022\/10\/manha_22_3.jpg\" \/>\n\t<meta property=\"og:image:width\" content=\"1280\" \/>\n\t<meta property=\"og:image:height\" content=\"864\" \/>\n\t<meta property=\"og:image:type\" content=\"image\/jpeg\" \/>\n<meta name=\"author\" content=\"moacir\" \/>\n<meta name=\"twitter:card\" content=\"summary_large_image\" \/>\n<meta name=\"twitter:label1\" content=\"Escrito por\" \/>\n\t<meta name=\"twitter:data1\" content=\"moacir\" \/>\n\t<meta name=\"twitter:label2\" content=\"Est. tempo de leitura\" \/>\n\t<meta name=\"twitter:data2\" content=\"2 minutos\" \/>\n<script type=\"application\/ld+json\" class=\"yoast-schema-graph\">{\"@context\":\"https:\/\/schema.org\",\"@graph\":[{\"@type\":\"WebSite\",\"@id\":\"https:\/\/franciscanos.org.br\/noticias\/#website\",\"url\":\"https:\/\/franciscanos.org.br\/noticias\/\",\"name\":\"Not\u00edcias - Franciscanos\",\"description\":\"Prov\u00edncia Franciscana da Imaculada Concei\u00e7\u00e3o do Brasil - Ordem dos Frades Menores - OFM\",\"potentialAction\":[{\"@type\":\"SearchAction\",\"target\":{\"@type\":\"EntryPoint\",\"urlTemplate\":\"https:\/\/franciscanos.org.br\/noticias\/?s={search_term_string}\"},\"query-input\":\"required name=search_term_string\"}],\"inLanguage\":\"pt-BR\"},{\"@type\":\"ImageObject\",\"inLanguage\":\"pt-BR\",\"@id\":\"https:\/\/franciscanos.org.br\/noticias\/festa-de-frei-galvao-romeiros-canarinhos-e-novena.html#primaryimage\",\"url\":\"https:\/\/franciscanos.org.br\/noticias\/wp-content\/uploads\/2022\/10\/manha_22_3.jpg\",\"contentUrl\":\"https:\/\/franciscanos.org.br\/noticias\/wp-content\/uploads\/2022\/10\/manha_22_3.jpg\",\"width\":1280,\"height\":864},{\"@type\":\"WebPage\",\"@id\":\"https:\/\/franciscanos.org.br\/noticias\/festa-de-frei-galvao-romeiros-canarinhos-e-novena.html#webpage\",\"url\":\"https:\/\/franciscanos.org.br\/noticias\/festa-de-frei-galvao-romeiros-canarinhos-e-novena.html\",\"name\":\"Festa de Frei Galv\u00e3o: romeiros, Canarinhos e Novena - Not\u00edcias - Franciscanos\",\"isPartOf\":{\"@id\":\"https:\/\/franciscanos.org.br\/noticias\/#website\"},\"primaryImageOfPage\":{\"@id\":\"https:\/\/franciscanos.org.br\/noticias\/festa-de-frei-galvao-romeiros-canarinhos-e-novena.html#primaryimage\"},\"datePublished\":\"2022-10-22T15:15:16+00:00\",\"dateModified\":\"2022-10-22T15:15:16+00:00\",\"author\":{\"@id\":\"https:\/\/franciscanos.org.br\/noticias\/#\/schema\/person\/b5c8cba458c330ccff548b056e95a5d4\"},\"breadcrumb\":{\"@id\":\"https:\/\/franciscanos.org.br\/noticias\/festa-de-frei-galvao-romeiros-canarinhos-e-novena.html#breadcrumb\"},\"inLanguage\":\"pt-BR\",\"potentialAction\":[{\"@type\":\"ReadAction\",\"target\":[\"https:\/\/franciscanos.org.br\/noticias\/festa-de-frei-galvao-romeiros-canarinhos-e-novena.html\"]}]},{\"@type\":\"BreadcrumbList\",\"@id\":\"https:\/\/franciscanos.org.br\/noticias\/festa-de-frei-galvao-romeiros-canarinhos-e-novena.html#breadcrumb\",\"itemListElement\":[{\"@type\":\"ListItem\",\"position\":1,\"name\":\"Home\",\"item\":\"https:\/\/franciscanos.org.br\/noticias\"},{\"@type\":\"ListItem\",\"position\":2,\"name\":\"Festa de Frei Galv\u00e3o: romeiros, Canarinhos e Novena\"}]},{\"@type\":\"Person\",\"@id\":\"https:\/\/franciscanos.org.br\/noticias\/#\/schema\/person\/b5c8cba458c330ccff548b056e95a5d4\",\"name\":\"moacir\",\"image\":{\"@type\":\"ImageObject\",\"inLanguage\":\"pt-BR\",\"@id\":\"https:\/\/franciscanos.org.br\/noticias\/#\/schema\/person\/image\/\",\"url\":\"https:\/\/secure.gravatar.com\/avatar\/d08aa2ce4c8dd416d4479aa8536fcf64?s=96&d=mm&r=g\",\"contentUrl\":\"https:\/\/secure.gravatar.com\/avatar\/d08aa2ce4c8dd416d4479aa8536fcf64?s=96&d=mm&r=g\",\"caption\":\"moacir\"},\"url\":\"https:\/\/franciscanos.org.br\/noticias\/author\/moacir\"}]}<\/script>\n<!-- \/ Yoast SEO plugin. -->","yoast_head_json":{"title":"Festa de Frei Galv\u00e3o: romeiros, Canarinhos e Novena - Not\u00edcias - Franciscanos","robots":{"index":"index","follow":"follow","max-snippet":"max-snippet:-1","max-image-preview":"max-image-preview:large","max-video-preview":"max-video-preview:-1"},"canonical":"https:\/\/franciscanos.org.br\/noticias\/festa-de-frei-galvao-romeiros-canarinhos-e-novena.html","og_locale":"pt_BR","og_type":"article","og_title":"Festa de Frei Galv\u00e3o: romeiros, Canarinhos e Novena - Not\u00edcias - Franciscanos","og_description":"Festa de Frei Galv\u00e3o 2022","og_url":"https:\/\/franciscanos.org.br\/noticias\/festa-de-frei-galvao-romeiros-canarinhos-e-novena.html","og_site_name":"Not\u00edcias - Franciscanos","article_published_time":"2022-10-22T15:15:16+00:00","og_image":[{"width":1280,"height":864,"url":"https:\/\/franciscanos.org.br\/noticias\/wp-content\/uploads\/2022\/10\/manha_22_3.jpg","type":"image\/jpeg"}],"author":"moacir","twitter_card":"summary_large_image","twitter_misc":{"Escrito por":"moacir","Est. tempo de leitura":"2 minutos"},"schema":{"@context":"https:\/\/schema.org","@graph":[{"@type":"WebSite","@id":"https:\/\/franciscanos.org.br\/noticias\/#website","url":"https:\/\/franciscanos.org.br\/noticias\/","name":"Not\u00edcias - Franciscanos","description":"Prov\u00edncia Franciscana da Imaculada Concei\u00e7\u00e3o do Brasil - Ordem dos Frades Menores - OFM","potentialAction":[{"@type":"SearchAction","target":{"@type":"EntryPoint","urlTemplate":"https:\/\/franciscanos.org.br\/noticias\/?s={search_term_string}"},"query-input":"required name=search_term_string"}],"inLanguage":"pt-BR"},{"@type":"ImageObject","inLanguage":"pt-BR","@id":"https:\/\/franciscanos.org.br\/noticias\/festa-de-frei-galvao-romeiros-canarinhos-e-novena.html#primaryimage","url":"https:\/\/franciscanos.org.br\/noticias\/wp-content\/uploads\/2022\/10\/manha_22_3.jpg","contentUrl":"https:\/\/franciscanos.org.br\/noticias\/wp-content\/uploads\/2022\/10\/manha_22_3.jpg","width":1280,"height":864},{"@type":"WebPage","@id":"https:\/\/franciscanos.org.br\/noticias\/festa-de-frei-galvao-romeiros-canarinhos-e-novena.html#webpage","url":"https:\/\/franciscanos.org.br\/noticias\/festa-de-frei-galvao-romeiros-canarinhos-e-novena.html","name":"Festa de Frei Galv\u00e3o: romeiros, Canarinhos e Novena - Not\u00edcias - Franciscanos","isPartOf":{"@id":"https:\/\/franciscanos.org.br\/noticias\/#website"},"primaryImageOfPage":{"@id":"https:\/\/franciscanos.org.br\/noticias\/festa-de-frei-galvao-romeiros-canarinhos-e-novena.html#primaryimage"},"datePublished":"2022-10-22T15:15:16+00:00","dateModified":"2022-10-22T15:15:16+00:00","author":{"@id":"https:\/\/franciscanos.org.br\/noticias\/#\/schema\/person\/b5c8cba458c330ccff548b056e95a5d4"},"breadcrumb":{"@id":"https:\/\/franciscanos.org.br\/noticias\/festa-de-frei-galvao-romeiros-canarinhos-e-novena.html#breadcrumb"},"inLanguage":"pt-BR","potentialAction":[{"@type":"ReadAction","target":["https:\/\/franciscanos.org.br\/noticias\/festa-de-frei-galvao-romeiros-canarinhos-e-novena.html"]}]},{"@type":"BreadcrumbList","@id":"https:\/\/franciscanos.org.br\/noticias\/festa-de-frei-galvao-romeiros-canarinhos-e-novena.html#breadcrumb","itemListElement":[{"@type":"ListItem","position":1,"name":"Home","item":"https:\/\/franciscanos.org.br\/noticias"},{"@type":"ListItem","position":2,"name":"Festa de Frei Galv\u00e3o: romeiros, Canarinhos e Novena"}]},{"@type":"Person","@id":"https:\/\/franciscanos.org.br\/noticias\/#\/schema\/person\/b5c8cba458c330ccff548b056e95a5d4","name":"moacir","image":{"@type":"ImageObject","inLanguage":"pt-BR","@id":"https:\/\/franciscanos.org.br\/noticias\/#\/schema\/person\/image\/","url":"https:\/\/secure.gravatar.com\/avatar\/d08aa2ce4c8dd416d4479aa8536fcf64?s=96&d=mm&r=g","contentUrl":"https:\/\/secure.gravatar.com\/avatar\/d08aa2ce4c8dd416d4479aa8536fcf64?s=96&d=mm&r=g","caption":"moacir"},"url":"https:\/\/franciscanos.org.br\/noticias\/author\/moacir"}]}},"_links":{"self":[{"href":"https:\/\/franciscanos.org.br\/noticias\/wp-json\/wp\/v2\/posts\/240442"}],"collection":[{"href":"https:\/\/franciscanos.org.br\/noticias\/wp-json\/wp\/v2\/posts"}],"about":[{"href":"https:\/\/franciscanos.org.br\/noticias\/wp-json\/wp\/v2\/types\/post"}],"author":[{"embeddable":true,"href":"https:\/\/franciscanos.org.br\/noticias\/wp-json\/wp\/v2\/users\/3"}],"replies":[{"embeddable":true,"href":"https:\/\/franciscanos.org.br\/noticias\/wp-json\/wp\/v2\/comments?post=240442"}],"version-history":[{"count":1,"href":"https:\/\/franciscanos.org.br\/noticias\/wp-json\/wp\/v2\/posts\/240442\/revisions"}],"predecessor-version":[{"id":240450,"href":"https:\/\/franciscanos.org.br\/noticias\/wp-json\/wp\/v2\/posts\/240442\/revisions\/240450"}],"wp:featuredmedia":[{"embeddable":true,"href":"https:\/\/franciscanos.org.br\/noticias\/wp-json\/wp\/v2\/media\/240443"}],"wp:attachment":[{"href":"https:\/\/franciscanos.org.br\/noticias\/wp-json\/wp\/v2\/media?parent=240442"}],"wp:term":[{"taxonomy":"category","embeddable":true,"href":"https:\/\/franciscanos.org.br\/noticias\/wp-json\/wp\/v2\/categories?post=240442"},{"taxonomy":"post_tag","embeddable":true,"href":"https:\/\/franciscanos.org.br\/noticias\/wp-json\/wp\/v2\/tags?post=240442"}],"curies":[{"name":"wp","href":"https:\/\/api.w.org\/{rel}","templated":true}]}}